{"id":12329,"date":"2020-06-02T06:58:54","date_gmt":"2020-06-02T09:58:54","guid":{"rendered":"https:\/\/maiobaotv.com.br\/?p=12329"},"modified":"2020-06-02T06:58:54","modified_gmt":"2020-06-02T09:58:54","slug":"bolsonaro-entrega-banco-do-nordeste-para-valdemar-costa-neto-condenado-no-mensalao","status":"publish","type":"post","link":"https:\/\/maranhaotv.com.br\/index.php\/2020\/06\/02\/bolsonaro-entrega-banco-do-nordeste-para-valdemar-costa-neto-condenado-no-mensalao\/","title":{"rendered":"Bolsonaro entrega Banco do Nordeste para Valdemar Costa Neto, condenado no mensal\u00e3o"},"content":{"rendered":"<p>Em mais um gesto de aproxima\u00e7\u00e3o do Pal\u00e1cio do Planalto com o Centr\u00e3o, o presidente Jair Bolsonaro vai entregar o comando do Banco do Nordeste (BNB) para um nome indicado pelo Partido Liberal (PL), sigla liderada pelo ex-deputado Valdemar Costa Neto, condenado no mensal\u00e3o. No lugar do atual presidente do banco, Romildo Rolim, assumir\u00e1 Alexandre Borges Cabral, que j\u00e1 foi presidente da Casa da Moeda entre julho de 2016 e junho de 2019 por indica\u00e7\u00e3o de outra legenda do bloco, o PTB.<\/p>\n<p>A troca \u00e9 vista como uma nova sinaliza\u00e7\u00e3o da disposi\u00e7\u00e3o de Bolsonaro em sedimentar a alian\u00e7a com os partidos do Centr\u00e3o e construir uma base aliada no Congresso Nacional na tentativa de barrar um eventual processo de impeachment. Por outro lado, a decis\u00e3o contraria declara\u00e7\u00e3o do pr\u00f3prio presidente, que na quinta-feira passada, 28, admitiu a negocia\u00e7\u00e3o de cargos em segundo e terceiro escal\u00e3o para obter apoio pol\u00edtico, mas negou a exist\u00eancia de qualquer tratativa para entrega de minist\u00e9rios, bancos p\u00fablicos ou empresas estatais.<\/p>\n<p>\u201cEm nenhum momento n\u00f3s oferecemos ou eles pediram minist\u00e9rios, estatais ou bancos oficiais\u201d, disse o presidente durante transmiss\u00e3o nas redes sociais.<\/p>\n<p>A indica\u00e7\u00e3o mostra ainda que Bolsonaro levou a cabo a declara\u00e7\u00e3o dada na reuni\u00e3o ministerial de 22 de abril de que pode \u201cinterferir em todos os minist\u00e9rios\u201d e n\u00e3o poupou sequer o superministro Paulo Guedes de atender aos pedidos dos parlamentares e ceder \u00e0 \u201cvelha pol\u00edtica\u201d. No in\u00edcio do governo, Guedes chegou a defender em reuni\u00f5es privadas a fus\u00e3o do BNB com o BNDES, possibilidade que caiu mal na bancada nordestina, uma das mais expressivas no Congresso Nacional, com 151 deputados e 27 senadores. O BNB \u00e9 vinculado ao Minist\u00e9rio da Economia.<\/p>\n<p><img loading=\"lazy\" decoding=\"async\" src=\"https:\/\/maiobaotv.com.br\/wp-content\/uploads\/2020\/06\/images-596084390890532792..jpg\" class=\"wp-image-12328 alignnone size-full\" width=\"739\" height=\"415\"><\/p>\n<p>Estad\u00e3o<\/p>\n","protected":false},"excerpt":{"rendered":"<p>Em mais um gesto de aproxima\u00e7\u00e3o do Pal\u00e1cio do Planalto com o Centr\u00e3o, o presidente Jair Bolsonaro vai entregar o<\/p>\n","protected":false},"author":2,"featured_media":12330,"comment_status":"open","ping_status":"open","sticky":false,"template":"","format":"standard","meta":{"colormag_page_container_layout":"default_layout","colormag_page_sidebar_layout":"default_layout","_jetpack_memberships_contains_paid_content":false,"footnotes":""},"categories":[2,6],"tags":[],"class_list":["post-12329","post","type-post","status-publish","format-standard","has-post-thumbnail","hentry","category-noticias","category-politica"],"magazineBlocksPostFeaturedMedia":{"thumbnail":false,"medium":false,"medium_large":false,"large":false,"1536x1536":false,"2048x2048":false,"colormag-highlighted-post":false,"colormag-featured-post-medium":false,"colormag-featured-post-small":false,"colormag-featured-image":false,"colormag-default-news":false,"colormag-featured-image-large":false},"magazineBlocksPostAuthor":{"name":"maranhaotv","avatar":"https:\/\/secure.gravatar.com\/avatar\/8fadbca458d4cb68b1dd399ae9a40618d747bb1af65ac9fad21c89220a143eb4?s=96&d=mm&r=g"},"magazineBlocksPostCommentsNumber":"0","magazineBlocksPostExcerpt":"Em mais um gesto de aproxima\u00e7\u00e3o do Pal\u00e1cio do Planalto com o Centr\u00e3o, o presidente Jair Bolsonaro vai entregar o","magazineBlocksPostCategories":["not\u00edcias","pol\u00edtica"],"magazineBlocksPostViewCount":225,"magazineBlocksPostReadTime":2,"magazine_blocks_featured_image_url":{"full":false,"medium":false,"thumbnail":false},"magazine_blocks_author":{"display_name":"maranhaotv","author_link":"https:\/\/maranhaotv.com.br\/index.php\/author\/maranhaotv\/"},"magazine_blocks_comment":0,"magazine_blocks_author_image":"https:\/\/secure.gravatar.com\/avatar\/8fadbca458d4cb68b1dd399ae9a40618d747bb1af65ac9fad21c89220a143eb4?s=96&d=mm&r=g","magazine_blocks_category":"<a href=\"#\" class=\"category-link category-link-2\">not\u00edcias<\/a> <a href=\"#\" class=\"category-link category-link-6\">pol\u00edtica<\/a>","yoast_head":"<!-- This site is optimized with the Yoast SEO plugin v27.4 - https:\/\/yoast.com\/product\/yoast-seo-wordpress\/ -->\n<title>Bolsonaro entrega Banco do Nordeste para Valdemar Costa Neto, condenado no mensal\u00e3o - NOT\u00cdCIAS EM TEMPO REAL<\/title>\n<meta name=\"robots\" content=\"index, follow, max-snippet:-1, max-image-preview:large, max-video-preview:-1\" \/>\n<link rel=\"canonical\" href=\"https:\/\/maranhaotv.com.br\/index.php\/2020\/06\/02\/bolsonaro-entrega-banco-do-nordeste-para-valdemar-costa-neto-condenado-no-mensalao\/\" \/>\n<meta property=\"og:locale\" content=\"pt_BR\" \/>\n<meta property=\"og:type\" content=\"article\" \/>\n<meta property=\"og:title\" content=\"Bolsonaro entrega Banco do Nordeste para Valdemar Costa Neto, condenado no mensal\u00e3o - NOT\u00cdCIAS EM TEMPO REAL\" \/>\n<meta property=\"og:description\" content=\"Em mais um gesto de aproxima\u00e7\u00e3o do Pal\u00e1cio do Planalto com o Centr\u00e3o, o presidente Jair Bolsonaro vai entregar o\" \/>\n<meta property=\"og:url\" content=\"https:\/\/maranhaotv.com.br\/index.php\/2020\/06\/02\/bolsonaro-entrega-banco-do-nordeste-para-valdemar-costa-neto-condenado-no-mensalao\/\" \/>\n<meta property=\"og:site_name\" content=\"NOT\u00cdCIAS EM TEMPO REAL\" \/>\n<meta property=\"article:publisher\" content=\"https:\/\/www.facebook.com\/maiobaotv\" \/>\n<meta property=\"article:published_time\" content=\"2020-06-02T09:58:54+00:00\" \/>\n<meta name=\"author\" content=\"maranhaotv\" \/>\n<meta name=\"twitter:card\" content=\"summary_large_image\" \/>\n<meta name=\"twitter:creator\" content=\"@sitemaranhaotv\" \/>\n<meta name=\"twitter:site\" content=\"@sitemaranhaotv\" \/>\n<meta name=\"twitter:label1\" content=\"Escrito por\" \/>\n\t<meta name=\"twitter:data1\" content=\"maranhaotv\" \/>\n\t<meta name=\"twitter:label2\" content=\"Est. tempo de leitura\" \/>\n\t<meta name=\"twitter:data2\" content=\"2 minutos\" \/>\n<script type=\"application\/ld+json\" class=\"yoast-schema-graph\">{\"@context\":\"https:\\\/\\\/schema.org\",\"@graph\":[{\"@type\":\"Article\",\"@id\":\"https:\\\/\\\/maranhaotv.com.br\\\/index.php\\\/2020\\\/06\\\/02\\\/bolsonaro-entrega-banco-do-nordeste-para-valdemar-costa-neto-condenado-no-mensalao\\\/#article\",\"isPartOf\":{\"@id\":\"https:\\\/\\\/maranhaotv.com.br\\\/index.php\\\/2020\\\/06\\\/02\\\/bolsonaro-entrega-banco-do-nordeste-para-valdemar-costa-neto-condenado-no-mensalao\\\/\"},\"author\":{\"name\":\"maranhaotv\",\"@id\":\"https:\\\/\\\/maranhaotv.com.br\\\/#\\\/schema\\\/person\\\/3d54238e86b20bb5c89ab2fdb8f8829a\"},\"headline\":\"Bolsonaro entrega Banco do Nordeste para Valdemar Costa Neto, condenado no mensal\u00e3o\",\"datePublished\":\"2020-06-02T09:58:54+00:00\",\"mainEntityOfPage\":{\"@id\":\"https:\\\/\\\/maranhaotv.com.br\\\/index.php\\\/2020\\\/06\\\/02\\\/bolsonaro-entrega-banco-do-nordeste-para-valdemar-costa-neto-condenado-no-mensalao\\\/\"},\"wordCount\":315,\"commentCount\":0,\"publisher\":{\"@id\":\"https:\\\/\\\/maranhaotv.com.br\\\/#organization\"},\"image\":{\"@id\":\"https:\\\/\\\/maranhaotv.com.br\\\/index.php\\\/2020\\\/06\\\/02\\\/bolsonaro-entrega-banco-do-nordeste-para-valdemar-costa-neto-condenado-no-mensalao\\\/#primaryimage\"},\"thumbnailUrl\":\"\",\"articleSection\":[\"not\u00edcias\",\"pol\u00edtica\"],\"inLanguage\":\"pt-BR\",\"potentialAction\":[{\"@type\":\"CommentAction\",\"name\":\"Comment\",\"target\":[\"https:\\\/\\\/maranhaotv.com.br\\\/index.php\\\/2020\\\/06\\\/02\\\/bolsonaro-entrega-banco-do-nordeste-para-valdemar-costa-neto-condenado-no-mensalao\\\/#respond\"]}]},{\"@type\":\"WebPage\",\"@id\":\"https:\\\/\\\/maranhaotv.com.br\\\/index.php\\\/2020\\\/06\\\/02\\\/bolsonaro-entrega-banco-do-nordeste-para-valdemar-costa-neto-condenado-no-mensalao\\\/\",\"url\":\"https:\\\/\\\/maranhaotv.com.br\\\/index.php\\\/2020\\\/06\\\/02\\\/bolsonaro-entrega-banco-do-nordeste-para-valdemar-costa-neto-condenado-no-mensalao\\\/\",\"name\":\"Bolsonaro entrega Banco do Nordeste para Valdemar Costa Neto, condenado no mensal\u00e3o - NOT\u00cdCIAS EM TEMPO REAL\",\"isPartOf\":{\"@id\":\"https:\\\/\\\/maranhaotv.com.br\\\/#website\"},\"primaryImageOfPage\":{\"@id\":\"https:\\\/\\\/maranhaotv.com.br\\\/index.php\\\/2020\\\/06\\\/02\\\/bolsonaro-entrega-banco-do-nordeste-para-valdemar-costa-neto-condenado-no-mensalao\\\/#primaryimage\"},\"image\":{\"@id\":\"https:\\\/\\\/maranhaotv.com.br\\\/index.php\\\/2020\\\/06\\\/02\\\/bolsonaro-entrega-banco-do-nordeste-para-valdemar-costa-neto-condenado-no-mensalao\\\/#primaryimage\"},\"thumbnailUrl\":\"\",\"datePublished\":\"2020-06-02T09:58:54+00:00\",\"breadcrumb\":{\"@id\":\"https:\\\/\\\/maranhaotv.com.br\\\/index.php\\\/2020\\\/06\\\/02\\\/bolsonaro-entrega-banco-do-nordeste-para-valdemar-costa-neto-condenado-no-mensalao\\\/#breadcrumb\"},\"inLanguage\":\"pt-BR\",\"potentialAction\":[{\"@type\":\"ReadAction\",\"target\":[\"https:\\\/\\\/maranhaotv.com.br\\\/index.php\\\/2020\\\/06\\\/02\\\/bolsonaro-entrega-banco-do-nordeste-para-valdemar-costa-neto-condenado-no-mensalao\\\/\"]}]},{\"@type\":\"ImageObject\",\"inLanguage\":\"pt-BR\",\"@id\":\"https:\\\/\\\/maranhaotv.com.br\\\/index.php\\\/2020\\\/06\\\/02\\\/bolsonaro-entrega-banco-do-nordeste-para-valdemar-costa-neto-condenado-no-mensalao\\\/#primaryimage\",\"url\":\"\",\"contentUrl\":\"\"},{\"@type\":\"BreadcrumbList\",\"@id\":\"https:\\\/\\\/maranhaotv.com.br\\\/index.php\\\/2020\\\/06\\\/02\\\/bolsonaro-entrega-banco-do-nordeste-para-valdemar-costa-neto-condenado-no-mensalao\\\/#breadcrumb\",\"itemListElement\":[{\"@type\":\"ListItem\",\"position\":1,\"name\":\"In\u00edcio\",\"item\":\"https:\\\/\\\/maranhaotv.com.br\\\/\"},{\"@type\":\"ListItem\",\"position\":2,\"name\":\"Bolsonaro entrega Banco do Nordeste para Valdemar Costa Neto, condenado no mensal\u00e3o\"}]},{\"@type\":\"WebSite\",\"@id\":\"https:\\\/\\\/maranhaotv.com.br\\\/#website\",\"url\":\"https:\\\/\\\/maranhaotv.com.br\\\/\",\"name\":\"Maranh\u00e3oTV\",\"description\":\"\",\"publisher\":{\"@id\":\"https:\\\/\\\/maranhaotv.com.br\\\/#organization\"},\"potentialAction\":[{\"@type\":\"SearchAction\",\"target\":{\"@type\":\"EntryPoint\",\"urlTemplate\":\"https:\\\/\\\/maranhaotv.com.br\\\/?s={search_term_string}\"},\"query-input\":{\"@type\":\"PropertyValueSpecification\",\"valueRequired\":true,\"valueName\":\"search_term_string\"}}],\"inLanguage\":\"pt-BR\"},{\"@type\":\"Organization\",\"@id\":\"https:\\\/\\\/maranhaotv.com.br\\\/#organization\",\"name\":\"Portal de Not\u00edcias\",\"url\":\"https:\\\/\\\/maranhaotv.com.br\\\/\",\"logo\":{\"@type\":\"ImageObject\",\"inLanguage\":\"pt-BR\",\"@id\":\"https:\\\/\\\/maranhaotv.com.br\\\/#\\\/schema\\\/logo\\\/image\\\/\",\"url\":\"https:\\\/\\\/maranhaotv.com.br\\\/wp-content\\\/uploads\\\/2024\\\/05\\\/cropped-cropped-avatar-1.png\",\"contentUrl\":\"https:\\\/\\\/maranhaotv.com.br\\\/wp-content\\\/uploads\\\/2024\\\/05\\\/cropped-cropped-avatar-1.png\",\"width\":792,\"height\":428,\"caption\":\"Portal de Not\u00edcias\"},\"image\":{\"@id\":\"https:\\\/\\\/maranhaotv.com.br\\\/#\\\/schema\\\/logo\\\/image\\\/\"},\"sameAs\":[\"https:\\\/\\\/www.facebook.com\\\/maiobaotv\",\"https:\\\/\\\/x.com\\\/sitemaranhaotv\",\"https:\\\/\\\/www.instagram.com\\\/maranhao.tv\",\"https:\\\/\\\/www.threads.net\\\/@maranhao.tv\"]},{\"@type\":\"Person\",\"@id\":\"https:\\\/\\\/maranhaotv.com.br\\\/#\\\/schema\\\/person\\\/3d54238e86b20bb5c89ab2fdb8f8829a\",\"name\":\"maranhaotv\",\"image\":{\"@type\":\"ImageObject\",\"inLanguage\":\"pt-BR\",\"@id\":\"https:\\\/\\\/secure.gravatar.com\\\/avatar\\\/8fadbca458d4cb68b1dd399ae9a40618d747bb1af65ac9fad21c89220a143eb4?s=96&d=mm&r=g\",\"url\":\"https:\\\/\\\/secure.gravatar.com\\\/avatar\\\/8fadbca458d4cb68b1dd399ae9a40618d747bb1af65ac9fad21c89220a143eb4?s=96&d=mm&r=g\",\"contentUrl\":\"https:\\\/\\\/secure.gravatar.com\\\/avatar\\\/8fadbca458d4cb68b1dd399ae9a40618d747bb1af65ac9fad21c89220a143eb4?s=96&d=mm&r=g\",\"caption\":\"maranhaotv\"},\"sameAs\":[\"https:\\\/\\\/maranhaotv.com.br\\\/\"],\"url\":\"https:\\\/\\\/maranhaotv.com.br\\\/index.php\\\/author\\\/maranhaotv\\\/\"}]}<\/script>\n<!-- \/ Yoast SEO plugin. -->","yoast_head_json":{"title":"Bolsonaro entrega Banco do Nordeste para Valdemar Costa Neto, condenado no mensal\u00e3o - NOT\u00cdCIAS EM TEMPO REAL","robots":{"index":"index","follow":"follow","max-snippet":"max-snippet:-1","max-image-preview":"max-image-preview:large","max-video-preview":"max-video-preview:-1"},"canonical":"https:\/\/maranhaotv.com.br\/index.php\/2020\/06\/02\/bolsonaro-entrega-banco-do-nordeste-para-valdemar-costa-neto-condenado-no-mensalao\/","og_locale":"pt_BR","og_type":"article","og_title":"Bolsonaro entrega Banco do Nordeste para Valdemar Costa Neto, condenado no mensal\u00e3o - NOT\u00cdCIAS EM TEMPO REAL","og_description":"Em mais um gesto de aproxima\u00e7\u00e3o do Pal\u00e1cio do Planalto com o Centr\u00e3o, o presidente Jair Bolsonaro vai entregar o","og_url":"https:\/\/maranhaotv.com.br\/index.php\/2020\/06\/02\/bolsonaro-entrega-banco-do-nordeste-para-valdemar-costa-neto-condenado-no-mensalao\/","og_site_name":"NOT\u00cdCIAS EM TEMPO REAL","article_publisher":"https:\/\/www.facebook.com\/maiobaotv","article_published_time":"2020-06-02T09:58:54+00:00","author":"maranhaotv","twitter_card":"summary_large_image","twitter_creator":"@sitemaranhaotv","twitter_site":"@sitemaranhaotv","twitter_misc":{"Escrito por":"maranhaotv","Est. tempo de leitura":"2 minutos"},"schema":{"@context":"https:\/\/schema.org","@graph":[{"@type":"Article","@id":"https:\/\/maranhaotv.com.br\/index.php\/2020\/06\/02\/bolsonaro-entrega-banco-do-nordeste-para-valdemar-costa-neto-condenado-no-mensalao\/#article","isPartOf":{"@id":"https:\/\/maranhaotv.com.br\/index.php\/2020\/06\/02\/bolsonaro-entrega-banco-do-nordeste-para-valdemar-costa-neto-condenado-no-mensalao\/"},"author":{"name":"maranhaotv","@id":"https:\/\/maranhaotv.com.br\/#\/schema\/person\/3d54238e86b20bb5c89ab2fdb8f8829a"},"headline":"Bolsonaro entrega Banco do Nordeste para Valdemar Costa Neto, condenado no mensal\u00e3o","datePublished":"2020-06-02T09:58:54+00:00","mainEntityOfPage":{"@id":"https:\/\/maranhaotv.com.br\/index.php\/2020\/06\/02\/bolsonaro-entrega-banco-do-nordeste-para-valdemar-costa-neto-condenado-no-mensalao\/"},"wordCount":315,"commentCount":0,"publisher":{"@id":"https:\/\/maranhaotv.com.br\/#organization"},"image":{"@id":"https:\/\/maranhaotv.com.br\/index.php\/2020\/06\/02\/bolsonaro-entrega-banco-do-nordeste-para-valdemar-costa-neto-condenado-no-mensalao\/#primaryimage"},"thumbnailUrl":"","articleSection":["not\u00edcias","pol\u00edtica"],"inLanguage":"pt-BR","potentialAction":[{"@type":"CommentAction","name":"Comment","target":["https:\/\/maranhaotv.com.br\/index.php\/2020\/06\/02\/bolsonaro-entrega-banco-do-nordeste-para-valdemar-costa-neto-condenado-no-mensalao\/#respond"]}]},{"@type":"WebPage","@id":"https:\/\/maranhaotv.com.br\/index.php\/2020\/06\/02\/bolsonaro-entrega-banco-do-nordeste-para-valdemar-costa-neto-condenado-no-mensalao\/","url":"https:\/\/maranhaotv.com.br\/index.php\/2020\/06\/02\/bolsonaro-entrega-banco-do-nordeste-para-valdemar-costa-neto-condenado-no-mensalao\/","name":"Bolsonaro entrega Banco do Nordeste para Valdemar Costa Neto, condenado no mensal\u00e3o - NOT\u00cdCIAS EM TEMPO REAL","isPartOf":{"@id":"https:\/\/maranhaotv.com.br\/#website"},"primaryImageOfPage":{"@id":"https:\/\/maranhaotv.com.br\/index.php\/2020\/06\/02\/bolsonaro-entrega-banco-do-nordeste-para-valdemar-costa-neto-condenado-no-mensalao\/#primaryimage"},"image":{"@id":"https:\/\/maranhaotv.com.br\/index.php\/2020\/06\/02\/bolsonaro-entrega-banco-do-nordeste-para-valdemar-costa-neto-condenado-no-mensalao\/#primaryimage"},"thumbnailUrl":"","datePublished":"2020-06-02T09:58:54+00:00","breadcrumb":{"@id":"https:\/\/maranhaotv.com.br\/index.php\/2020\/06\/02\/bolsonaro-entrega-banco-do-nordeste-para-valdemar-costa-neto-condenado-no-mensalao\/#breadcrumb"},"inLanguage":"pt-BR","potentialAction":[{"@type":"ReadAction","target":["https:\/\/maranhaotv.com.br\/index.php\/2020\/06\/02\/bolsonaro-entrega-banco-do-nordeste-para-valdemar-costa-neto-condenado-no-mensalao\/"]}]},{"@type":"ImageObject","inLanguage":"pt-BR","@id":"https:\/\/maranhaotv.com.br\/index.php\/2020\/06\/02\/bolsonaro-entrega-banco-do-nordeste-para-valdemar-costa-neto-condenado-no-mensalao\/#primaryimage","url":"","contentUrl":""},{"@type":"BreadcrumbList","@id":"https:\/\/maranhaotv.com.br\/index.php\/2020\/06\/02\/bolsonaro-entrega-banco-do-nordeste-para-valdemar-costa-neto-condenado-no-mensalao\/#breadcrumb","itemListElement":[{"@type":"ListItem","position":1,"name":"In\u00edcio","item":"https:\/\/maranhaotv.com.br\/"},{"@type":"ListItem","position":2,"name":"Bolsonaro entrega Banco do Nordeste para Valdemar Costa Neto, condenado no mensal\u00e3o"}]},{"@type":"WebSite","@id":"https:\/\/maranhaotv.com.br\/#website","url":"https:\/\/maranhaotv.com.br\/","name":"Maranh\u00e3oTV","description":"","publisher":{"@id":"https:\/\/maranhaotv.com.br\/#organization"},"potentialAction":[{"@type":"SearchAction","target":{"@type":"EntryPoint","urlTemplate":"https:\/\/maranhaotv.com.br\/?s={search_term_string}"},"query-input":{"@type":"PropertyValueSpecification","valueRequired":true,"valueName":"search_term_string"}}],"inLanguage":"pt-BR"},{"@type":"Organization","@id":"https:\/\/maranhaotv.com.br\/#organization","name":"Portal de Not\u00edcias","url":"https:\/\/maranhaotv.com.br\/","logo":{"@type":"ImageObject","inLanguage":"pt-BR","@id":"https:\/\/maranhaotv.com.br\/#\/schema\/logo\/image\/","url":"https:\/\/maranhaotv.com.br\/wp-content\/uploads\/2024\/05\/cropped-cropped-avatar-1.png","contentUrl":"https:\/\/maranhaotv.com.br\/wp-content\/uploads\/2024\/05\/cropped-cropped-avatar-1.png","width":792,"height":428,"caption":"Portal de Not\u00edcias"},"image":{"@id":"https:\/\/maranhaotv.com.br\/#\/schema\/logo\/image\/"},"sameAs":["https:\/\/www.facebook.com\/maiobaotv","https:\/\/x.com\/sitemaranhaotv","https:\/\/www.instagram.com\/maranhao.tv","https:\/\/www.threads.net\/@maranhao.tv"]},{"@type":"Person","@id":"https:\/\/maranhaotv.com.br\/#\/schema\/person\/3d54238e86b20bb5c89ab2fdb8f8829a","name":"maranhaotv","image":{"@type":"ImageObject","inLanguage":"pt-BR","@id":"https:\/\/secure.gravatar.com\/avatar\/8fadbca458d4cb68b1dd399ae9a40618d747bb1af65ac9fad21c89220a143eb4?s=96&d=mm&r=g","url":"https:\/\/secure.gravatar.com\/avatar\/8fadbca458d4cb68b1dd399ae9a40618d747bb1af65ac9fad21c89220a143eb4?s=96&d=mm&r=g","contentUrl":"https:\/\/secure.gravatar.com\/avatar\/8fadbca458d4cb68b1dd399ae9a40618d747bb1af65ac9fad21c89220a143eb4?s=96&d=mm&r=g","caption":"maranhaotv"},"sameAs":["https:\/\/maranhaotv.com.br\/"],"url":"https:\/\/maranhaotv.com.br\/index.php\/author\/maranhaotv\/"}]}},"jetpack_featured_media_url":"","jetpack_sharing_enabled":true,"_links":{"self":[{"href":"https:\/\/maranhaotv.com.br\/index.php\/wp-json\/wp\/v2\/posts\/12329","targetHints":{"allow":["GET"]}}],"collection":[{"href":"https:\/\/maranhaotv.com.br\/index.php\/wp-json\/wp\/v2\/posts"}],"about":[{"href":"https:\/\/maranhaotv.com.br\/index.php\/wp-json\/wp\/v2\/types\/post"}],"author":[{"embeddable":true,"href":"https:\/\/maranhaotv.com.br\/index.php\/wp-json\/wp\/v2\/users\/2"}],"replies":[{"embeddable":true,"href":"https:\/\/maranhaotv.com.br\/index.php\/wp-json\/wp\/v2\/comments?post=12329"}],"version-history":[{"count":0,"href":"https:\/\/maranhaotv.com.br\/index.php\/wp-json\/wp\/v2\/posts\/12329\/revisions"}],"wp:featuredmedia":[{"embeddable":true,"href":"https:\/\/maranhaotv.com.br\/index.php\/wp-json\/"}],"wp:attachment":[{"href":"https:\/\/maranhaotv.com.br\/index.php\/wp-json\/wp\/v2\/media?parent=12329"}],"wp:term":[{"taxonomy":"category","embeddable":true,"href":"https:\/\/maranhaotv.com.br\/index.php\/wp-json\/wp\/v2\/categories?post=12329"},{"taxonomy":"post_tag","embeddable":true,"href":"https:\/\/maranhaotv.com.br\/index.php\/wp-json\/wp\/v2\/tags?post=12329"}],"curies":[{"name":"wp","href":"https:\/\/api.w.org\/{rel}","templated":true}]}}