{"id":12521,"date":"2020-06-09T10:48:56","date_gmt":"2020-06-09T13:48:56","guid":{"rendered":"https:\/\/maiobaotv.com.br\/?p=12521"},"modified":"2020-06-09T10:48:56","modified_gmt":"2020-06-09T13:48:56","slug":"matinha-timbiras-e-outras-prefeituras-estao-na-mira-da-pf-por-superfaturar-insumos-no-combate-ao-covid-19","status":"publish","type":"post","link":"https:\/\/maranhaotv.com.br\/index.php\/2020\/06\/09\/matinha-timbiras-e-outras-prefeituras-estao-na-mira-da-pf-por-superfaturar-insumos-no-combate-ao-covid-19\/","title":{"rendered":"Matinha, Timbiras e outras prefeituras est\u00e3o na mira da PF por superfaturar insumos no combate ao Covid-19"},"content":{"rendered":"<p>A opera\u00e7\u00e3o deflagrada nessa manh\u00e3 em S\u00e3o Lu\u00eds e S\u00e3o Jos\u00e9 de Ribamar, intitulada como &#8220;Cobi\u00e7a Fatal&#8221;, agora deve se voltar para outros oitos munic\u00edpios no Maranh\u00e3o. Timbiras e Matinha s\u00e3o os principais alvos, j\u00e1 que ambos j\u00e1 receberam insumos hospitalares superfaturados com empresa que indica fraude na licita\u00e7\u00e3o.<\/p>\n<p>A empresa investigada se trata da &#8220;Precision Solu\u00e7\u00f5es Diagn\u00f3sticos LTDA&#8221;, tendo j\u00e1 formalizado contrato, modalidade dispensa de licita\u00e7\u00e3o com outras Prefeituras. S\u00e3o elas: Icatu, Cajapi\u00f3, Lago do Junco e Porto Rico.<\/p>\n<p>De acordo com a Pol\u00edcia Federal, na opera\u00e7\u00e3o de hoje, foram cumpridos tr\u00eas mandados de pris\u00e3o e 14 de busca e apreens\u00e3o, al\u00e9m do sequestro de bens e bloqueio de contas dos investigados no valor de R$ 2,3 milh\u00f5es.<\/p>\n<p>Alguns produtos investigados foram superfaturados em cerca de 341%.<br \/>\nMas pr\u00f3ximas semanas Pol\u00edcia Federal deve deflagrar a opera\u00e7\u00e3o em Matinha e Timbiras, j\u00e1 que essas j\u00e1 compraram produtos da principal empresa investigada.<\/p>\n<p><img loading=\"lazy\" decoding=\"async\" class=\"wp-image-12522 alignnone size-full\" src=\"https:\/\/maiobaotv.com.br\/wp-content\/uploads\/2020\/06\/img-20200609-wa00987854958447349682184.jpg\" width=\"1280\" height=\"1280\"><\/p>\n<p>Linielda, Prefeita de Matinha e Ant\u00f4nio Borba, Prefeito de Timbiras<\/p>\n<p><img loading=\"lazy\" decoding=\"async\" class=\"wp-image-12525 alignnone size-full\" src=\"https:\/\/maiobaotv.com.br\/wp-content\/uploads\/2020\/06\/img-20200609-wa00445457120156356079462.jpg\" width=\"768\" height=\"461\"><\/p>\n<p>PF na SEMUS de S\u00e3o Lu\u00eds, em opera\u00e7\u00e3o deflagrada na manh\u00e3 de hoje, 09.<\/p>\n","protected":false},"excerpt":{"rendered":"<p>A opera\u00e7\u00e3o deflagrada nessa manh\u00e3 em S\u00e3o Lu\u00eds e S\u00e3o Jos\u00e9 de Ribamar, intitulada como &#8220;Cobi\u00e7a Fatal&#8221;, agora deve se<\/p>\n","protected":false},"author":2,"featured_media":12527,"comment_status":"open","ping_status":"open","sticky":false,"template":"","format":"standard","meta":{"colormag_page_container_layout":"default_layout","colormag_page_sidebar_layout":"default_layout","_jetpack_memberships_contains_paid_content":false,"footnotes":""},"categories":[2,3],"tags":[185,186,135,187],"class_list":["post-12521","post","type-post","status-publish","format-standard","has-post-thumbnail","hentry","category-noticias","category-policial","tag-antonio-borba","tag-linielda-de-eldo","tag-matinha","tag-timbiras"],"magazineBlocksPostFeaturedMedia":{"thumbnail":false,"medium":false,"medium_large":false,"large":false,"1536x1536":false,"2048x2048":false,"colormag-highlighted-post":false,"colormag-featured-post-medium":false,"colormag-featured-post-small":false,"colormag-featured-image":false,"colormag-default-news":false,"colormag-featured-image-large":false},"magazineBlocksPostAuthor":{"name":"maranhaotv","avatar":"https:\/\/secure.gravatar.com\/avatar\/8fadbca458d4cb68b1dd399ae9a40618d747bb1af65ac9fad21c89220a143eb4?s=96&d=mm&r=g"},"magazineBlocksPostCommentsNumber":"0","magazineBlocksPostExcerpt":"A opera\u00e7\u00e3o deflagrada nessa manh\u00e3 em S\u00e3o Lu\u00eds e S\u00e3o Jos\u00e9 de Ribamar, intitulada como &#8220;Cobi\u00e7a Fatal&#8221;, agora deve se","magazineBlocksPostCategories":["not\u00edcias","policial"],"magazineBlocksPostViewCount":203,"magazineBlocksPostReadTime":1,"magazine_blocks_featured_image_url":{"full":false,"medium":false,"thumbnail":false},"magazine_blocks_author":{"display_name":"maranhaotv","author_link":"https:\/\/maranhaotv.com.br\/index.php\/author\/maranhaotv\/"},"magazine_blocks_comment":0,"magazine_blocks_author_image":"https:\/\/secure.gravatar.com\/avatar\/8fadbca458d4cb68b1dd399ae9a40618d747bb1af65ac9fad21c89220a143eb4?s=96&d=mm&r=g","magazine_blocks_category":"<a href=\"#\" class=\"category-link category-link-2\">not\u00edcias<\/a> <a href=\"#\" class=\"category-link category-link-3\">policial<\/a>","yoast_head":"<!-- This site is optimized with the Yoast SEO plugin v27.4 - https:\/\/yoast.com\/product\/yoast-seo-wordpress\/ -->\n<title>Matinha, Timbiras e outras prefeituras est\u00e3o na mira da PF por superfaturar insumos no combate ao Covid-19 - NOT\u00cdCIAS EM TEMPO REAL<\/title>\n<meta name=\"robots\" content=\"index, follow, max-snippet:-1, max-image-preview:large, max-video-preview:-1\" \/>\n<link rel=\"canonical\" href=\"https:\/\/maranhaotv.com.br\/index.php\/2020\/06\/09\/matinha-timbiras-e-outras-prefeituras-estao-na-mira-da-pf-por-superfaturar-insumos-no-combate-ao-covid-19\/\" \/>\n<meta property=\"og:locale\" content=\"pt_BR\" \/>\n<meta property=\"og:type\" content=\"article\" \/>\n<meta property=\"og:title\" content=\"Matinha, Timbiras e outras prefeituras est\u00e3o na mira da PF por superfaturar insumos no combate ao Covid-19 - NOT\u00cdCIAS EM TEMPO REAL\" \/>\n<meta property=\"og:description\" content=\"A opera\u00e7\u00e3o deflagrada nessa manh\u00e3 em S\u00e3o Lu\u00eds e S\u00e3o Jos\u00e9 de Ribamar, intitulada como &#8220;Cobi\u00e7a Fatal&#8221;, agora deve se\" \/>\n<meta property=\"og:url\" content=\"https:\/\/maranhaotv.com.br\/index.php\/2020\/06\/09\/matinha-timbiras-e-outras-prefeituras-estao-na-mira-da-pf-por-superfaturar-insumos-no-combate-ao-covid-19\/\" \/>\n<meta property=\"og:site_name\" content=\"NOT\u00cdCIAS EM TEMPO REAL\" \/>\n<meta property=\"article:publisher\" content=\"https:\/\/www.facebook.com\/maiobaotv\" \/>\n<meta property=\"article:published_time\" content=\"2020-06-09T13:48:56+00:00\" \/>\n<meta name=\"author\" content=\"maranhaotv\" \/>\n<meta name=\"twitter:card\" content=\"summary_large_image\" \/>\n<meta name=\"twitter:creator\" content=\"@sitemaranhaotv\" \/>\n<meta name=\"twitter:site\" content=\"@sitemaranhaotv\" \/>\n<meta name=\"twitter:label1\" content=\"Escrito por\" \/>\n\t<meta name=\"twitter:data1\" content=\"maranhaotv\" \/>\n\t<meta name=\"twitter:label2\" content=\"Est. tempo de leitura\" \/>\n\t<meta name=\"twitter:data2\" content=\"1 minuto\" \/>\n<script type=\"application\/ld+json\" class=\"yoast-schema-graph\">{\"@context\":\"https:\\\/\\\/schema.org\",\"@graph\":[{\"@type\":\"Article\",\"@id\":\"https:\\\/\\\/maranhaotv.com.br\\\/index.php\\\/2020\\\/06\\\/09\\\/matinha-timbiras-e-outras-prefeituras-estao-na-mira-da-pf-por-superfaturar-insumos-no-combate-ao-covid-19\\\/#article\",\"isPartOf\":{\"@id\":\"https:\\\/\\\/maranhaotv.com.br\\\/index.php\\\/2020\\\/06\\\/09\\\/matinha-timbiras-e-outras-prefeituras-estao-na-mira-da-pf-por-superfaturar-insumos-no-combate-ao-covid-19\\\/\"},\"author\":{\"name\":\"maranhaotv\",\"@id\":\"https:\\\/\\\/maranhaotv.com.br\\\/#\\\/schema\\\/person\\\/3d54238e86b20bb5c89ab2fdb8f8829a\"},\"headline\":\"Matinha, Timbiras e outras prefeituras est\u00e3o na mira da PF por superfaturar insumos no combate ao Covid-19\",\"datePublished\":\"2020-06-09T13:48:56+00:00\",\"mainEntityOfPage\":{\"@id\":\"https:\\\/\\\/maranhaotv.com.br\\\/index.php\\\/2020\\\/06\\\/09\\\/matinha-timbiras-e-outras-prefeituras-estao-na-mira-da-pf-por-superfaturar-insumos-no-combate-ao-covid-19\\\/\"},\"wordCount\":216,\"commentCount\":0,\"publisher\":{\"@id\":\"https:\\\/\\\/maranhaotv.com.br\\\/#organization\"},\"image\":{\"@id\":\"https:\\\/\\\/maranhaotv.com.br\\\/index.php\\\/2020\\\/06\\\/09\\\/matinha-timbiras-e-outras-prefeituras-estao-na-mira-da-pf-por-superfaturar-insumos-no-combate-ao-covid-19\\\/#primaryimage\"},\"thumbnailUrl\":\"\",\"keywords\":[\"Ant\u00f4nio Borba\",\"Linielda de Eldo\",\"Matinha\",\"Timbiras\"],\"articleSection\":[\"not\u00edcias\",\"policial\"],\"inLanguage\":\"pt-BR\",\"potentialAction\":[{\"@type\":\"CommentAction\",\"name\":\"Comment\",\"target\":[\"https:\\\/\\\/maranhaotv.com.br\\\/index.php\\\/2020\\\/06\\\/09\\\/matinha-timbiras-e-outras-prefeituras-estao-na-mira-da-pf-por-superfaturar-insumos-no-combate-ao-covid-19\\\/#respond\"]}]},{\"@type\":\"WebPage\",\"@id\":\"https:\\\/\\\/maranhaotv.com.br\\\/index.php\\\/2020\\\/06\\\/09\\\/matinha-timbiras-e-outras-prefeituras-estao-na-mira-da-pf-por-superfaturar-insumos-no-combate-ao-covid-19\\\/\",\"url\":\"https:\\\/\\\/maranhaotv.com.br\\\/index.php\\\/2020\\\/06\\\/09\\\/matinha-timbiras-e-outras-prefeituras-estao-na-mira-da-pf-por-superfaturar-insumos-no-combate-ao-covid-19\\\/\",\"name\":\"Matinha, Timbiras e outras prefeituras est\u00e3o na mira da PF por superfaturar insumos no combate ao Covid-19 - NOT\u00cdCIAS EM TEMPO REAL\",\"isPartOf\":{\"@id\":\"https:\\\/\\\/maranhaotv.com.br\\\/#website\"},\"primaryImageOfPage\":{\"@id\":\"https:\\\/\\\/maranhaotv.com.br\\\/index.php\\\/2020\\\/06\\\/09\\\/matinha-timbiras-e-outras-prefeituras-estao-na-mira-da-pf-por-superfaturar-insumos-no-combate-ao-covid-19\\\/#primaryimage\"},\"image\":{\"@id\":\"https:\\\/\\\/maranhaotv.com.br\\\/index.php\\\/2020\\\/06\\\/09\\\/matinha-timbiras-e-outras-prefeituras-estao-na-mira-da-pf-por-superfaturar-insumos-no-combate-ao-covid-19\\\/#primaryimage\"},\"thumbnailUrl\":\"\",\"datePublished\":\"2020-06-09T13:48:56+00:00\",\"breadcrumb\":{\"@id\":\"https:\\\/\\\/maranhaotv.com.br\\\/index.php\\\/2020\\\/06\\\/09\\\/matinha-timbiras-e-outras-prefeituras-estao-na-mira-da-pf-por-superfaturar-insumos-no-combate-ao-covid-19\\\/#breadcrumb\"},\"inLanguage\":\"pt-BR\",\"potentialAction\":[{\"@type\":\"ReadAction\",\"target\":[\"https:\\\/\\\/maranhaotv.com.br\\\/index.php\\\/2020\\\/06\\\/09\\\/matinha-timbiras-e-outras-prefeituras-estao-na-mira-da-pf-por-superfaturar-insumos-no-combate-ao-covid-19\\\/\"]}]},{\"@type\":\"ImageObject\",\"inLanguage\":\"pt-BR\",\"@id\":\"https:\\\/\\\/maranhaotv.com.br\\\/index.php\\\/2020\\\/06\\\/09\\\/matinha-timbiras-e-outras-prefeituras-estao-na-mira-da-pf-por-superfaturar-insumos-no-combate-ao-covid-19\\\/#primaryimage\",\"url\":\"\",\"contentUrl\":\"\"},{\"@type\":\"BreadcrumbList\",\"@id\":\"https:\\\/\\\/maranhaotv.com.br\\\/index.php\\\/2020\\\/06\\\/09\\\/matinha-timbiras-e-outras-prefeituras-estao-na-mira-da-pf-por-superfaturar-insumos-no-combate-ao-covid-19\\\/#breadcrumb\",\"itemListElement\":[{\"@type\":\"ListItem\",\"position\":1,\"name\":\"In\u00edcio\",\"item\":\"https:\\\/\\\/maranhaotv.com.br\\\/\"},{\"@type\":\"ListItem\",\"position\":2,\"name\":\"Matinha, Timbiras e outras prefeituras est\u00e3o na mira da PF por superfaturar insumos no combate ao Covid-19\"}]},{\"@type\":\"WebSite\",\"@id\":\"https:\\\/\\\/maranhaotv.com.br\\\/#website\",\"url\":\"https:\\\/\\\/maranhaotv.com.br\\\/\",\"name\":\"Maranh\u00e3oTV\",\"description\":\"\",\"publisher\":{\"@id\":\"https:\\\/\\\/maranhaotv.com.br\\\/#organization\"},\"potentialAction\":[{\"@type\":\"SearchAction\",\"target\":{\"@type\":\"EntryPoint\",\"urlTemplate\":\"https:\\\/\\\/maranhaotv.com.br\\\/?s={search_term_string}\"},\"query-input\":{\"@type\":\"PropertyValueSpecification\",\"valueRequired\":true,\"valueName\":\"search_term_string\"}}],\"inLanguage\":\"pt-BR\"},{\"@type\":\"Organization\",\"@id\":\"https:\\\/\\\/maranhaotv.com.br\\\/#organization\",\"name\":\"Portal de Not\u00edcias\",\"url\":\"https:\\\/\\\/maranhaotv.com.br\\\/\",\"logo\":{\"@type\":\"ImageObject\",\"inLanguage\":\"pt-BR\",\"@id\":\"https:\\\/\\\/maranhaotv.com.br\\\/#\\\/schema\\\/logo\\\/image\\\/\",\"url\":\"https:\\\/\\\/maranhaotv.com.br\\\/wp-content\\\/uploads\\\/2024\\\/05\\\/cropped-cropped-avatar-1.png\",\"contentUrl\":\"https:\\\/\\\/maranhaotv.com.br\\\/wp-content\\\/uploads\\\/2024\\\/05\\\/cropped-cropped-avatar-1.png\",\"width\":792,\"height\":428,\"caption\":\"Portal de Not\u00edcias\"},\"image\":{\"@id\":\"https:\\\/\\\/maranhaotv.com.br\\\/#\\\/schema\\\/logo\\\/image\\\/\"},\"sameAs\":[\"https:\\\/\\\/www.facebook.com\\\/maiobaotv\",\"https:\\\/\\\/x.com\\\/sitemaranhaotv\",\"https:\\\/\\\/www.instagram.com\\\/maranhao.tv\",\"https:\\\/\\\/www.threads.net\\\/@maranhao.tv\"]},{\"@type\":\"Person\",\"@id\":\"https:\\\/\\\/maranhaotv.com.br\\\/#\\\/schema\\\/person\\\/3d54238e86b20bb5c89ab2fdb8f8829a\",\"name\":\"maranhaotv\",\"image\":{\"@type\":\"ImageObject\",\"inLanguage\":\"pt-BR\",\"@id\":\"https:\\\/\\\/secure.gravatar.com\\\/avatar\\\/8fadbca458d4cb68b1dd399ae9a40618d747bb1af65ac9fad21c89220a143eb4?s=96&d=mm&r=g\",\"url\":\"https:\\\/\\\/secure.gravatar.com\\\/avatar\\\/8fadbca458d4cb68b1dd399ae9a40618d747bb1af65ac9fad21c89220a143eb4?s=96&d=mm&r=g\",\"contentUrl\":\"https:\\\/\\\/secure.gravatar.com\\\/avatar\\\/8fadbca458d4cb68b1dd399ae9a40618d747bb1af65ac9fad21c89220a143eb4?s=96&d=mm&r=g\",\"caption\":\"maranhaotv\"},\"sameAs\":[\"https:\\\/\\\/maranhaotv.com.br\\\/\"],\"url\":\"https:\\\/\\\/maranhaotv.com.br\\\/index.php\\\/author\\\/maranhaotv\\\/\"}]}<\/script>\n<!-- \/ Yoast SEO plugin. -->","yoast_head_json":{"title":"Matinha, Timbiras e outras prefeituras est\u00e3o na mira da PF por superfaturar insumos no combate ao Covid-19 - NOT\u00cdCIAS EM TEMPO REAL","robots":{"index":"index","follow":"follow","max-snippet":"max-snippet:-1","max-image-preview":"max-image-preview:large","max-video-preview":"max-video-preview:-1"},"canonical":"https:\/\/maranhaotv.com.br\/index.php\/2020\/06\/09\/matinha-timbiras-e-outras-prefeituras-estao-na-mira-da-pf-por-superfaturar-insumos-no-combate-ao-covid-19\/","og_locale":"pt_BR","og_type":"article","og_title":"Matinha, Timbiras e outras prefeituras est\u00e3o na mira da PF por superfaturar insumos no combate ao Covid-19 - NOT\u00cdCIAS EM TEMPO REAL","og_description":"A opera\u00e7\u00e3o deflagrada nessa manh\u00e3 em S\u00e3o Lu\u00eds e S\u00e3o Jos\u00e9 de Ribamar, intitulada como &#8220;Cobi\u00e7a Fatal&#8221;, agora deve se","og_url":"https:\/\/maranhaotv.com.br\/index.php\/2020\/06\/09\/matinha-timbiras-e-outras-prefeituras-estao-na-mira-da-pf-por-superfaturar-insumos-no-combate-ao-covid-19\/","og_site_name":"NOT\u00cdCIAS EM TEMPO REAL","article_publisher":"https:\/\/www.facebook.com\/maiobaotv","article_published_time":"2020-06-09T13:48:56+00:00","author":"maranhaotv","twitter_card":"summary_large_image","twitter_creator":"@sitemaranhaotv","twitter_site":"@sitemaranhaotv","twitter_misc":{"Escrito por":"maranhaotv","Est. tempo de leitura":"1 minuto"},"schema":{"@context":"https:\/\/schema.org","@graph":[{"@type":"Article","@id":"https:\/\/maranhaotv.com.br\/index.php\/2020\/06\/09\/matinha-timbiras-e-outras-prefeituras-estao-na-mira-da-pf-por-superfaturar-insumos-no-combate-ao-covid-19\/#article","isPartOf":{"@id":"https:\/\/maranhaotv.com.br\/index.php\/2020\/06\/09\/matinha-timbiras-e-outras-prefeituras-estao-na-mira-da-pf-por-superfaturar-insumos-no-combate-ao-covid-19\/"},"author":{"name":"maranhaotv","@id":"https:\/\/maranhaotv.com.br\/#\/schema\/person\/3d54238e86b20bb5c89ab2fdb8f8829a"},"headline":"Matinha, Timbiras e outras prefeituras est\u00e3o na mira da PF por superfaturar insumos no combate ao Covid-19","datePublished":"2020-06-09T13:48:56+00:00","mainEntityOfPage":{"@id":"https:\/\/maranhaotv.com.br\/index.php\/2020\/06\/09\/matinha-timbiras-e-outras-prefeituras-estao-na-mira-da-pf-por-superfaturar-insumos-no-combate-ao-covid-19\/"},"wordCount":216,"commentCount":0,"publisher":{"@id":"https:\/\/maranhaotv.com.br\/#organization"},"image":{"@id":"https:\/\/maranhaotv.com.br\/index.php\/2020\/06\/09\/matinha-timbiras-e-outras-prefeituras-estao-na-mira-da-pf-por-superfaturar-insumos-no-combate-ao-covid-19\/#primaryimage"},"thumbnailUrl":"","keywords":["Ant\u00f4nio Borba","Linielda de Eldo","Matinha","Timbiras"],"articleSection":["not\u00edcias","policial"],"inLanguage":"pt-BR","potentialAction":[{"@type":"CommentAction","name":"Comment","target":["https:\/\/maranhaotv.com.br\/index.php\/2020\/06\/09\/matinha-timbiras-e-outras-prefeituras-estao-na-mira-da-pf-por-superfaturar-insumos-no-combate-ao-covid-19\/#respond"]}]},{"@type":"WebPage","@id":"https:\/\/maranhaotv.com.br\/index.php\/2020\/06\/09\/matinha-timbiras-e-outras-prefeituras-estao-na-mira-da-pf-por-superfaturar-insumos-no-combate-ao-covid-19\/","url":"https:\/\/maranhaotv.com.br\/index.php\/2020\/06\/09\/matinha-timbiras-e-outras-prefeituras-estao-na-mira-da-pf-por-superfaturar-insumos-no-combate-ao-covid-19\/","name":"Matinha, Timbiras e outras prefeituras est\u00e3o na mira da PF por superfaturar insumos no combate ao Covid-19 - NOT\u00cdCIAS EM TEMPO REAL","isPartOf":{"@id":"https:\/\/maranhaotv.com.br\/#website"},"primaryImageOfPage":{"@id":"https:\/\/maranhaotv.com.br\/index.php\/2020\/06\/09\/matinha-timbiras-e-outras-prefeituras-estao-na-mira-da-pf-por-superfaturar-insumos-no-combate-ao-covid-19\/#primaryimage"},"image":{"@id":"https:\/\/maranhaotv.com.br\/index.php\/2020\/06\/09\/matinha-timbiras-e-outras-prefeituras-estao-na-mira-da-pf-por-superfaturar-insumos-no-combate-ao-covid-19\/#primaryimage"},"thumbnailUrl":"","datePublished":"2020-06-09T13:48:56+00:00","breadcrumb":{"@id":"https:\/\/maranhaotv.com.br\/index.php\/2020\/06\/09\/matinha-timbiras-e-outras-prefeituras-estao-na-mira-da-pf-por-superfaturar-insumos-no-combate-ao-covid-19\/#breadcrumb"},"inLanguage":"pt-BR","potentialAction":[{"@type":"ReadAction","target":["https:\/\/maranhaotv.com.br\/index.php\/2020\/06\/09\/matinha-timbiras-e-outras-prefeituras-estao-na-mira-da-pf-por-superfaturar-insumos-no-combate-ao-covid-19\/"]}]},{"@type":"ImageObject","inLanguage":"pt-BR","@id":"https:\/\/maranhaotv.com.br\/index.php\/2020\/06\/09\/matinha-timbiras-e-outras-prefeituras-estao-na-mira-da-pf-por-superfaturar-insumos-no-combate-ao-covid-19\/#primaryimage","url":"","contentUrl":""},{"@type":"BreadcrumbList","@id":"https:\/\/maranhaotv.com.br\/index.php\/2020\/06\/09\/matinha-timbiras-e-outras-prefeituras-estao-na-mira-da-pf-por-superfaturar-insumos-no-combate-ao-covid-19\/#breadcrumb","itemListElement":[{"@type":"ListItem","position":1,"name":"In\u00edcio","item":"https:\/\/maranhaotv.com.br\/"},{"@type":"ListItem","position":2,"name":"Matinha, Timbiras e outras prefeituras est\u00e3o na mira da PF por superfaturar insumos no combate ao Covid-19"}]},{"@type":"WebSite","@id":"https:\/\/maranhaotv.com.br\/#website","url":"https:\/\/maranhaotv.com.br\/","name":"Maranh\u00e3oTV","description":"","publisher":{"@id":"https:\/\/maranhaotv.com.br\/#organization"},"potentialAction":[{"@type":"SearchAction","target":{"@type":"EntryPoint","urlTemplate":"https:\/\/maranhaotv.com.br\/?s={search_term_string}"},"query-input":{"@type":"PropertyValueSpecification","valueRequired":true,"valueName":"search_term_string"}}],"inLanguage":"pt-BR"},{"@type":"Organization","@id":"https:\/\/maranhaotv.com.br\/#organization","name":"Portal de Not\u00edcias","url":"https:\/\/maranhaotv.com.br\/","logo":{"@type":"ImageObject","inLanguage":"pt-BR","@id":"https:\/\/maranhaotv.com.br\/#\/schema\/logo\/image\/","url":"https:\/\/maranhaotv.com.br\/wp-content\/uploads\/2024\/05\/cropped-cropped-avatar-1.png","contentUrl":"https:\/\/maranhaotv.com.br\/wp-content\/uploads\/2024\/05\/cropped-cropped-avatar-1.png","width":792,"height":428,"caption":"Portal de Not\u00edcias"},"image":{"@id":"https:\/\/maranhaotv.com.br\/#\/schema\/logo\/image\/"},"sameAs":["https:\/\/www.facebook.com\/maiobaotv","https:\/\/x.com\/sitemaranhaotv","https:\/\/www.instagram.com\/maranhao.tv","https:\/\/www.threads.net\/@maranhao.tv"]},{"@type":"Person","@id":"https:\/\/maranhaotv.com.br\/#\/schema\/person\/3d54238e86b20bb5c89ab2fdb8f8829a","name":"maranhaotv","image":{"@type":"ImageObject","inLanguage":"pt-BR","@id":"https:\/\/secure.gravatar.com\/avatar\/8fadbca458d4cb68b1dd399ae9a40618d747bb1af65ac9fad21c89220a143eb4?s=96&d=mm&r=g","url":"https:\/\/secure.gravatar.com\/avatar\/8fadbca458d4cb68b1dd399ae9a40618d747bb1af65ac9fad21c89220a143eb4?s=96&d=mm&r=g","contentUrl":"https:\/\/secure.gravatar.com\/avatar\/8fadbca458d4cb68b1dd399ae9a40618d747bb1af65ac9fad21c89220a143eb4?s=96&d=mm&r=g","caption":"maranhaotv"},"sameAs":["https:\/\/maranhaotv.com.br\/"],"url":"https:\/\/maranhaotv.com.br\/index.php\/author\/maranhaotv\/"}]}},"jetpack_featured_media_url":"","jetpack_sharing_enabled":true,"_links":{"self":[{"href":"https:\/\/maranhaotv.com.br\/index.php\/wp-json\/wp\/v2\/posts\/12521","targetHints":{"allow":["GET"]}}],"collection":[{"href":"https:\/\/maranhaotv.com.br\/index.php\/wp-json\/wp\/v2\/posts"}],"about":[{"href":"https:\/\/maranhaotv.com.br\/index.php\/wp-json\/wp\/v2\/types\/post"}],"author":[{"embeddable":true,"href":"https:\/\/maranhaotv.com.br\/index.php\/wp-json\/wp\/v2\/users\/2"}],"replies":[{"embeddable":true,"href":"https:\/\/maranhaotv.com.br\/index.php\/wp-json\/wp\/v2\/comments?post=12521"}],"version-history":[{"count":0,"href":"https:\/\/maranhaotv.com.br\/index.php\/wp-json\/wp\/v2\/posts\/12521\/revisions"}],"wp:featuredmedia":[{"embeddable":true,"href":"https:\/\/maranhaotv.com.br\/index.php\/wp-json\/"}],"wp:attachment":[{"href":"https:\/\/maranhaotv.com.br\/index.php\/wp-json\/wp\/v2\/media?parent=12521"}],"wp:term":[{"taxonomy":"category","embeddable":true,"href":"https:\/\/maranhaotv.com.br\/index.php\/wp-json\/wp\/v2\/categories?post=12521"},{"taxonomy":"post_tag","embeddable":true,"href":"https:\/\/maranhaotv.com.br\/index.php\/wp-json\/wp\/v2\/tags?post=12521"}],"curies":[{"name":"wp","href":"https:\/\/api.w.org\/{rel}","templated":true}]}}