{"id":12537,"date":"2020-06-09T14:01:31","date_gmt":"2020-06-09T17:01:31","guid":{"rendered":"https:\/\/maiobaotv.com.br\/?p=12537"},"modified":"2020-06-09T14:01:31","modified_gmt":"2020-06-09T17:01:31","slug":"eleicoes-2020-duarte-jr-e-condenado-por-propaganda-antecipada","status":"publish","type":"post","link":"https:\/\/maranhaotv.com.br\/index.php\/2020\/06\/09\/eleicoes-2020-duarte-jr-e-condenado-por-propaganda-antecipada\/","title":{"rendered":"Elei\u00e7\u00f5es 2020: Duarte Jr \u00e9 condenado por propaganda antecipada"},"content":{"rendered":"<p>Atendendo a pedido formulado em representa\u00e7\u00e3o do Minist\u00e9rio P\u00fablico Eleitoral, a Justi\u00e7a condenou o deputado estadual Hildelis Duarte Junior ao pagamento de multa de R$ 10 mil por propaganda eleitoral antecipada.A representa\u00e7\u00e3o do Minist\u00e9rio P\u00fablico Eleitoral, assinada pelo promotor de justi\u00e7a Gladston Fernandes de Ara\u00fajo, \u00e0 \u00e9poca atuando junto \u00e0 76\u00aa Zona Eleitoral (atualmente, o titular \u00e9 o promotor de justi\u00e7a Lusival Santos Gaspar Dutra), tratou de um outdoor, instalado na Avenida dos Holandeses, em S\u00e3o Lu\u00eds, divulgando a imagem e nome do deputado, pr\u00e9-candidato a prefeito da capital.<\/p>\n<p>Uma liminar, deferida em 20 de maio, j\u00e1 havia determinado a retirada da divulga\u00e7\u00e3o irregular.De acordo com a legisla\u00e7\u00e3o, qualquer propaganda eleitoral que ocorra antes de 16 de agosto do ano da elei\u00e7\u00e3o \u00e9 considerada antecipada e, portanto, irregular. Al\u00e9m disso, o Tribunal Superior Eleitoral (TSE) veda o uso de outdoor para propaganda eleitoral.<\/p>\n<p>Na senten\u00e7a, a ju\u00edza Cristiana de Sousa Ferraz Leite afirma que na placa, apesar de n\u00e3o haver pedido expl\u00edcito de voto, h\u00e1 exalta\u00e7\u00e3o da imagem do deputado que vai al\u00e9m da mera divulga\u00e7\u00e3o de ato parlamentar, configurando a propaganda eleitoral antecipada.\u201cA divulga\u00e7\u00e3o de atos parlamentares n\u00e3o pode ser usada por pr\u00e9-candidato como subterf\u00fagio para sua promo\u00e7\u00e3o pessoal que incorra em propaganda antecipada \u00e0s elei\u00e7\u00f5es de 2020, pois nesse tipo de ato sinaliza \u00e0 popula\u00e7\u00e3o ser este o candidato mais apto a exercer o cargo de prefeito\u201d, cita a senten\u00e7a.<\/p>\n<p><img decoding=\"async\" class=\"size-full\" data-wpid=\"3341\" src=\"https:\/\/maiobaotv.com.br\/wp-content\/uploads\/2020\/06\/images-86976752750935438395..jpg\">Minist\u00e9rio P\u00fablico<\/p>\n","protected":false},"excerpt":{"rendered":"<p>Atendendo a pedido formulado em representa\u00e7\u00e3o do Minist\u00e9rio P\u00fablico Eleitoral, a Justi\u00e7a condenou o deputado estadual Hildelis Duarte Junior ao<\/p>\n","protected":false},"author":2,"featured_media":12538,"comment_status":"open","ping_status":"open","sticky":false,"template":"","format":"standard","meta":{"colormag_page_container_layout":"default_layout","colormag_page_sidebar_layout":"default_layout","_jetpack_memberships_contains_paid_content":false,"footnotes":""},"categories":[2],"tags":[31,16],"class_list":["post-12537","post","type-post","status-publish","format-standard","has-post-thumbnail","hentry","category-noticias","tag-duarte-jr","tag-eleicoes-2020"],"magazineBlocksPostFeaturedMedia":{"thumbnail":false,"medium":false,"medium_large":false,"large":false,"1536x1536":false,"2048x2048":false,"colormag-highlighted-post":false,"colormag-featured-post-medium":false,"colormag-featured-post-small":false,"colormag-featured-image":false,"colormag-default-news":false,"colormag-featured-image-large":false},"magazineBlocksPostAuthor":{"name":"maranhaotv","avatar":"https:\/\/secure.gravatar.com\/avatar\/8fadbca458d4cb68b1dd399ae9a40618d747bb1af65ac9fad21c89220a143eb4?s=96&d=mm&r=g"},"magazineBlocksPostCommentsNumber":"0","magazineBlocksPostExcerpt":"Atendendo a pedido formulado em representa\u00e7\u00e3o do Minist\u00e9rio P\u00fablico Eleitoral, a Justi\u00e7a condenou o deputado estadual Hildelis Duarte Junior ao","magazineBlocksPostCategories":["not\u00edcias"],"magazineBlocksPostViewCount":248,"magazineBlocksPostReadTime":2,"magazine_blocks_featured_image_url":{"full":false,"medium":false,"thumbnail":false},"magazine_blocks_author":{"display_name":"maranhaotv","author_link":"https:\/\/maranhaotv.com.br\/index.php\/author\/maranhaotv\/"},"magazine_blocks_comment":0,"magazine_blocks_author_image":"https:\/\/secure.gravatar.com\/avatar\/8fadbca458d4cb68b1dd399ae9a40618d747bb1af65ac9fad21c89220a143eb4?s=96&d=mm&r=g","magazine_blocks_category":"<a href=\"#\" class=\"category-link category-link-2\">not\u00edcias<\/a>","yoast_head":"<!-- This site is optimized with the Yoast SEO plugin v27.4 - https:\/\/yoast.com\/product\/yoast-seo-wordpress\/ -->\n<title>Elei\u00e7\u00f5es 2020: Duarte Jr \u00e9 condenado por propaganda antecipada - NOT\u00cdCIAS EM TEMPO REAL<\/title>\n<meta name=\"robots\" content=\"index, follow, max-snippet:-1, max-image-preview:large, max-video-preview:-1\" \/>\n<link rel=\"canonical\" href=\"https:\/\/maranhaotv.com.br\/index.php\/2020\/06\/09\/eleicoes-2020-duarte-jr-e-condenado-por-propaganda-antecipada\/\" \/>\n<meta property=\"og:locale\" content=\"pt_BR\" \/>\n<meta property=\"og:type\" content=\"article\" \/>\n<meta property=\"og:title\" content=\"Elei\u00e7\u00f5es 2020: Duarte Jr \u00e9 condenado por propaganda antecipada - NOT\u00cdCIAS EM TEMPO REAL\" \/>\n<meta property=\"og:description\" content=\"Atendendo a pedido formulado em representa\u00e7\u00e3o do Minist\u00e9rio P\u00fablico Eleitoral, a Justi\u00e7a condenou o deputado estadual Hildelis Duarte Junior ao\" \/>\n<meta property=\"og:url\" content=\"https:\/\/maranhaotv.com.br\/index.php\/2020\/06\/09\/eleicoes-2020-duarte-jr-e-condenado-por-propaganda-antecipada\/\" \/>\n<meta property=\"og:site_name\" content=\"NOT\u00cdCIAS EM TEMPO REAL\" \/>\n<meta property=\"article:publisher\" content=\"https:\/\/www.facebook.com\/maiobaotv\" \/>\n<meta property=\"article:published_time\" content=\"2020-06-09T17:01:31+00:00\" \/>\n<meta name=\"author\" content=\"maranhaotv\" \/>\n<meta name=\"twitter:card\" content=\"summary_large_image\" \/>\n<meta name=\"twitter:creator\" content=\"@sitemaranhaotv\" \/>\n<meta name=\"twitter:site\" content=\"@sitemaranhaotv\" \/>\n<meta name=\"twitter:label1\" content=\"Escrito por\" \/>\n\t<meta name=\"twitter:data1\" content=\"maranhaotv\" \/>\n\t<meta name=\"twitter:label2\" content=\"Est. tempo de leitura\" \/>\n\t<meta name=\"twitter:data2\" content=\"1 minuto\" \/>\n<script type=\"application\/ld+json\" class=\"yoast-schema-graph\">{\"@context\":\"https:\\\/\\\/schema.org\",\"@graph\":[{\"@type\":\"Article\",\"@id\":\"https:\\\/\\\/maranhaotv.com.br\\\/index.php\\\/2020\\\/06\\\/09\\\/eleicoes-2020-duarte-jr-e-condenado-por-propaganda-antecipada\\\/#article\",\"isPartOf\":{\"@id\":\"https:\\\/\\\/maranhaotv.com.br\\\/index.php\\\/2020\\\/06\\\/09\\\/eleicoes-2020-duarte-jr-e-condenado-por-propaganda-antecipada\\\/\"},\"author\":{\"name\":\"maranhaotv\",\"@id\":\"https:\\\/\\\/maranhaotv.com.br\\\/#\\\/schema\\\/person\\\/3d54238e86b20bb5c89ab2fdb8f8829a\"},\"headline\":\"Elei\u00e7\u00f5es 2020: Duarte Jr \u00e9 condenado por propaganda antecipada\",\"datePublished\":\"2020-06-09T17:01:31+00:00\",\"mainEntityOfPage\":{\"@id\":\"https:\\\/\\\/maranhaotv.com.br\\\/index.php\\\/2020\\\/06\\\/09\\\/eleicoes-2020-duarte-jr-e-condenado-por-propaganda-antecipada\\\/\"},\"wordCount\":269,\"commentCount\":0,\"publisher\":{\"@id\":\"https:\\\/\\\/maranhaotv.com.br\\\/#organization\"},\"image\":{\"@id\":\"https:\\\/\\\/maranhaotv.com.br\\\/index.php\\\/2020\\\/06\\\/09\\\/eleicoes-2020-duarte-jr-e-condenado-por-propaganda-antecipada\\\/#primaryimage\"},\"thumbnailUrl\":\"\",\"keywords\":[\"Duarte Jr\",\"Elei\u00e7\u00f5es 2020\"],\"articleSection\":[\"not\u00edcias\"],\"inLanguage\":\"pt-BR\",\"potentialAction\":[{\"@type\":\"CommentAction\",\"name\":\"Comment\",\"target\":[\"https:\\\/\\\/maranhaotv.com.br\\\/index.php\\\/2020\\\/06\\\/09\\\/eleicoes-2020-duarte-jr-e-condenado-por-propaganda-antecipada\\\/#respond\"]}]},{\"@type\":\"WebPage\",\"@id\":\"https:\\\/\\\/maranhaotv.com.br\\\/index.php\\\/2020\\\/06\\\/09\\\/eleicoes-2020-duarte-jr-e-condenado-por-propaganda-antecipada\\\/\",\"url\":\"https:\\\/\\\/maranhaotv.com.br\\\/index.php\\\/2020\\\/06\\\/09\\\/eleicoes-2020-duarte-jr-e-condenado-por-propaganda-antecipada\\\/\",\"name\":\"Elei\u00e7\u00f5es 2020: Duarte Jr \u00e9 condenado por propaganda antecipada - NOT\u00cdCIAS EM TEMPO REAL\",\"isPartOf\":{\"@id\":\"https:\\\/\\\/maranhaotv.com.br\\\/#website\"},\"primaryImageOfPage\":{\"@id\":\"https:\\\/\\\/maranhaotv.com.br\\\/index.php\\\/2020\\\/06\\\/09\\\/eleicoes-2020-duarte-jr-e-condenado-por-propaganda-antecipada\\\/#primaryimage\"},\"image\":{\"@id\":\"https:\\\/\\\/maranhaotv.com.br\\\/index.php\\\/2020\\\/06\\\/09\\\/eleicoes-2020-duarte-jr-e-condenado-por-propaganda-antecipada\\\/#primaryimage\"},\"thumbnailUrl\":\"\",\"datePublished\":\"2020-06-09T17:01:31+00:00\",\"breadcrumb\":{\"@id\":\"https:\\\/\\\/maranhaotv.com.br\\\/index.php\\\/2020\\\/06\\\/09\\\/eleicoes-2020-duarte-jr-e-condenado-por-propaganda-antecipada\\\/#breadcrumb\"},\"inLanguage\":\"pt-BR\",\"potentialAction\":[{\"@type\":\"ReadAction\",\"target\":[\"https:\\\/\\\/maranhaotv.com.br\\\/index.php\\\/2020\\\/06\\\/09\\\/eleicoes-2020-duarte-jr-e-condenado-por-propaganda-antecipada\\\/\"]}]},{\"@type\":\"ImageObject\",\"inLanguage\":\"pt-BR\",\"@id\":\"https:\\\/\\\/maranhaotv.com.br\\\/index.php\\\/2020\\\/06\\\/09\\\/eleicoes-2020-duarte-jr-e-condenado-por-propaganda-antecipada\\\/#primaryimage\",\"url\":\"\",\"contentUrl\":\"\"},{\"@type\":\"BreadcrumbList\",\"@id\":\"https:\\\/\\\/maranhaotv.com.br\\\/index.php\\\/2020\\\/06\\\/09\\\/eleicoes-2020-duarte-jr-e-condenado-por-propaganda-antecipada\\\/#breadcrumb\",\"itemListElement\":[{\"@type\":\"ListItem\",\"position\":1,\"name\":\"In\u00edcio\",\"item\":\"https:\\\/\\\/maranhaotv.com.br\\\/\"},{\"@type\":\"ListItem\",\"position\":2,\"name\":\"Elei\u00e7\u00f5es 2020: Duarte Jr \u00e9 condenado por propaganda antecipada\"}]},{\"@type\":\"WebSite\",\"@id\":\"https:\\\/\\\/maranhaotv.com.br\\\/#website\",\"url\":\"https:\\\/\\\/maranhaotv.com.br\\\/\",\"name\":\"Maranh\u00e3oTV\",\"description\":\"\",\"publisher\":{\"@id\":\"https:\\\/\\\/maranhaotv.com.br\\\/#organization\"},\"potentialAction\":[{\"@type\":\"SearchAction\",\"target\":{\"@type\":\"EntryPoint\",\"urlTemplate\":\"https:\\\/\\\/maranhaotv.com.br\\\/?s={search_term_string}\"},\"query-input\":{\"@type\":\"PropertyValueSpecification\",\"valueRequired\":true,\"valueName\":\"search_term_string\"}}],\"inLanguage\":\"pt-BR\"},{\"@type\":\"Organization\",\"@id\":\"https:\\\/\\\/maranhaotv.com.br\\\/#organization\",\"name\":\"Portal de Not\u00edcias\",\"url\":\"https:\\\/\\\/maranhaotv.com.br\\\/\",\"logo\":{\"@type\":\"ImageObject\",\"inLanguage\":\"pt-BR\",\"@id\":\"https:\\\/\\\/maranhaotv.com.br\\\/#\\\/schema\\\/logo\\\/image\\\/\",\"url\":\"https:\\\/\\\/maranhaotv.com.br\\\/wp-content\\\/uploads\\\/2024\\\/05\\\/cropped-cropped-avatar-1.png\",\"contentUrl\":\"https:\\\/\\\/maranhaotv.com.br\\\/wp-content\\\/uploads\\\/2024\\\/05\\\/cropped-cropped-avatar-1.png\",\"width\":792,\"height\":428,\"caption\":\"Portal de Not\u00edcias\"},\"image\":{\"@id\":\"https:\\\/\\\/maranhaotv.com.br\\\/#\\\/schema\\\/logo\\\/image\\\/\"},\"sameAs\":[\"https:\\\/\\\/www.facebook.com\\\/maiobaotv\",\"https:\\\/\\\/x.com\\\/sitemaranhaotv\",\"https:\\\/\\\/www.instagram.com\\\/maranhao.tv\",\"https:\\\/\\\/www.threads.net\\\/@maranhao.tv\"]},{\"@type\":\"Person\",\"@id\":\"https:\\\/\\\/maranhaotv.com.br\\\/#\\\/schema\\\/person\\\/3d54238e86b20bb5c89ab2fdb8f8829a\",\"name\":\"maranhaotv\",\"image\":{\"@type\":\"ImageObject\",\"inLanguage\":\"pt-BR\",\"@id\":\"https:\\\/\\\/secure.gravatar.com\\\/avatar\\\/8fadbca458d4cb68b1dd399ae9a40618d747bb1af65ac9fad21c89220a143eb4?s=96&d=mm&r=g\",\"url\":\"https:\\\/\\\/secure.gravatar.com\\\/avatar\\\/8fadbca458d4cb68b1dd399ae9a40618d747bb1af65ac9fad21c89220a143eb4?s=96&d=mm&r=g\",\"contentUrl\":\"https:\\\/\\\/secure.gravatar.com\\\/avatar\\\/8fadbca458d4cb68b1dd399ae9a40618d747bb1af65ac9fad21c89220a143eb4?s=96&d=mm&r=g\",\"caption\":\"maranhaotv\"},\"sameAs\":[\"https:\\\/\\\/maranhaotv.com.br\\\/\"],\"url\":\"https:\\\/\\\/maranhaotv.com.br\\\/index.php\\\/author\\\/maranhaotv\\\/\"}]}<\/script>\n<!-- \/ Yoast SEO plugin. -->","yoast_head_json":{"title":"Elei\u00e7\u00f5es 2020: Duarte Jr \u00e9 condenado por propaganda antecipada - NOT\u00cdCIAS EM TEMPO REAL","robots":{"index":"index","follow":"follow","max-snippet":"max-snippet:-1","max-image-preview":"max-image-preview:large","max-video-preview":"max-video-preview:-1"},"canonical":"https:\/\/maranhaotv.com.br\/index.php\/2020\/06\/09\/eleicoes-2020-duarte-jr-e-condenado-por-propaganda-antecipada\/","og_locale":"pt_BR","og_type":"article","og_title":"Elei\u00e7\u00f5es 2020: Duarte Jr \u00e9 condenado por propaganda antecipada - NOT\u00cdCIAS EM TEMPO REAL","og_description":"Atendendo a pedido formulado em representa\u00e7\u00e3o do Minist\u00e9rio P\u00fablico Eleitoral, a Justi\u00e7a condenou o deputado estadual Hildelis Duarte Junior ao","og_url":"https:\/\/maranhaotv.com.br\/index.php\/2020\/06\/09\/eleicoes-2020-duarte-jr-e-condenado-por-propaganda-antecipada\/","og_site_name":"NOT\u00cdCIAS EM TEMPO REAL","article_publisher":"https:\/\/www.facebook.com\/maiobaotv","article_published_time":"2020-06-09T17:01:31+00:00","author":"maranhaotv","twitter_card":"summary_large_image","twitter_creator":"@sitemaranhaotv","twitter_site":"@sitemaranhaotv","twitter_misc":{"Escrito por":"maranhaotv","Est. tempo de leitura":"1 minuto"},"schema":{"@context":"https:\/\/schema.org","@graph":[{"@type":"Article","@id":"https:\/\/maranhaotv.com.br\/index.php\/2020\/06\/09\/eleicoes-2020-duarte-jr-e-condenado-por-propaganda-antecipada\/#article","isPartOf":{"@id":"https:\/\/maranhaotv.com.br\/index.php\/2020\/06\/09\/eleicoes-2020-duarte-jr-e-condenado-por-propaganda-antecipada\/"},"author":{"name":"maranhaotv","@id":"https:\/\/maranhaotv.com.br\/#\/schema\/person\/3d54238e86b20bb5c89ab2fdb8f8829a"},"headline":"Elei\u00e7\u00f5es 2020: Duarte Jr \u00e9 condenado por propaganda antecipada","datePublished":"2020-06-09T17:01:31+00:00","mainEntityOfPage":{"@id":"https:\/\/maranhaotv.com.br\/index.php\/2020\/06\/09\/eleicoes-2020-duarte-jr-e-condenado-por-propaganda-antecipada\/"},"wordCount":269,"commentCount":0,"publisher":{"@id":"https:\/\/maranhaotv.com.br\/#organization"},"image":{"@id":"https:\/\/maranhaotv.com.br\/index.php\/2020\/06\/09\/eleicoes-2020-duarte-jr-e-condenado-por-propaganda-antecipada\/#primaryimage"},"thumbnailUrl":"","keywords":["Duarte Jr","Elei\u00e7\u00f5es 2020"],"articleSection":["not\u00edcias"],"inLanguage":"pt-BR","potentialAction":[{"@type":"CommentAction","name":"Comment","target":["https:\/\/maranhaotv.com.br\/index.php\/2020\/06\/09\/eleicoes-2020-duarte-jr-e-condenado-por-propaganda-antecipada\/#respond"]}]},{"@type":"WebPage","@id":"https:\/\/maranhaotv.com.br\/index.php\/2020\/06\/09\/eleicoes-2020-duarte-jr-e-condenado-por-propaganda-antecipada\/","url":"https:\/\/maranhaotv.com.br\/index.php\/2020\/06\/09\/eleicoes-2020-duarte-jr-e-condenado-por-propaganda-antecipada\/","name":"Elei\u00e7\u00f5es 2020: Duarte Jr \u00e9 condenado por propaganda antecipada - NOT\u00cdCIAS EM TEMPO REAL","isPartOf":{"@id":"https:\/\/maranhaotv.com.br\/#website"},"primaryImageOfPage":{"@id":"https:\/\/maranhaotv.com.br\/index.php\/2020\/06\/09\/eleicoes-2020-duarte-jr-e-condenado-por-propaganda-antecipada\/#primaryimage"},"image":{"@id":"https:\/\/maranhaotv.com.br\/index.php\/2020\/06\/09\/eleicoes-2020-duarte-jr-e-condenado-por-propaganda-antecipada\/#primaryimage"},"thumbnailUrl":"","datePublished":"2020-06-09T17:01:31+00:00","breadcrumb":{"@id":"https:\/\/maranhaotv.com.br\/index.php\/2020\/06\/09\/eleicoes-2020-duarte-jr-e-condenado-por-propaganda-antecipada\/#breadcrumb"},"inLanguage":"pt-BR","potentialAction":[{"@type":"ReadAction","target":["https:\/\/maranhaotv.com.br\/index.php\/2020\/06\/09\/eleicoes-2020-duarte-jr-e-condenado-por-propaganda-antecipada\/"]}]},{"@type":"ImageObject","inLanguage":"pt-BR","@id":"https:\/\/maranhaotv.com.br\/index.php\/2020\/06\/09\/eleicoes-2020-duarte-jr-e-condenado-por-propaganda-antecipada\/#primaryimage","url":"","contentUrl":""},{"@type":"BreadcrumbList","@id":"https:\/\/maranhaotv.com.br\/index.php\/2020\/06\/09\/eleicoes-2020-duarte-jr-e-condenado-por-propaganda-antecipada\/#breadcrumb","itemListElement":[{"@type":"ListItem","position":1,"name":"In\u00edcio","item":"https:\/\/maranhaotv.com.br\/"},{"@type":"ListItem","position":2,"name":"Elei\u00e7\u00f5es 2020: Duarte Jr \u00e9 condenado por propaganda antecipada"}]},{"@type":"WebSite","@id":"https:\/\/maranhaotv.com.br\/#website","url":"https:\/\/maranhaotv.com.br\/","name":"Maranh\u00e3oTV","description":"","publisher":{"@id":"https:\/\/maranhaotv.com.br\/#organization"},"potentialAction":[{"@type":"SearchAction","target":{"@type":"EntryPoint","urlTemplate":"https:\/\/maranhaotv.com.br\/?s={search_term_string}"},"query-input":{"@type":"PropertyValueSpecification","valueRequired":true,"valueName":"search_term_string"}}],"inLanguage":"pt-BR"},{"@type":"Organization","@id":"https:\/\/maranhaotv.com.br\/#organization","name":"Portal de Not\u00edcias","url":"https:\/\/maranhaotv.com.br\/","logo":{"@type":"ImageObject","inLanguage":"pt-BR","@id":"https:\/\/maranhaotv.com.br\/#\/schema\/logo\/image\/","url":"https:\/\/maranhaotv.com.br\/wp-content\/uploads\/2024\/05\/cropped-cropped-avatar-1.png","contentUrl":"https:\/\/maranhaotv.com.br\/wp-content\/uploads\/2024\/05\/cropped-cropped-avatar-1.png","width":792,"height":428,"caption":"Portal de Not\u00edcias"},"image":{"@id":"https:\/\/maranhaotv.com.br\/#\/schema\/logo\/image\/"},"sameAs":["https:\/\/www.facebook.com\/maiobaotv","https:\/\/x.com\/sitemaranhaotv","https:\/\/www.instagram.com\/maranhao.tv","https:\/\/www.threads.net\/@maranhao.tv"]},{"@type":"Person","@id":"https:\/\/maranhaotv.com.br\/#\/schema\/person\/3d54238e86b20bb5c89ab2fdb8f8829a","name":"maranhaotv","image":{"@type":"ImageObject","inLanguage":"pt-BR","@id":"https:\/\/secure.gravatar.com\/avatar\/8fadbca458d4cb68b1dd399ae9a40618d747bb1af65ac9fad21c89220a143eb4?s=96&d=mm&r=g","url":"https:\/\/secure.gravatar.com\/avatar\/8fadbca458d4cb68b1dd399ae9a40618d747bb1af65ac9fad21c89220a143eb4?s=96&d=mm&r=g","contentUrl":"https:\/\/secure.gravatar.com\/avatar\/8fadbca458d4cb68b1dd399ae9a40618d747bb1af65ac9fad21c89220a143eb4?s=96&d=mm&r=g","caption":"maranhaotv"},"sameAs":["https:\/\/maranhaotv.com.br\/"],"url":"https:\/\/maranhaotv.com.br\/index.php\/author\/maranhaotv\/"}]}},"jetpack_featured_media_url":"","jetpack_sharing_enabled":true,"_links":{"self":[{"href":"https:\/\/maranhaotv.com.br\/index.php\/wp-json\/wp\/v2\/posts\/12537","targetHints":{"allow":["GET"]}}],"collection":[{"href":"https:\/\/maranhaotv.com.br\/index.php\/wp-json\/wp\/v2\/posts"}],"about":[{"href":"https:\/\/maranhaotv.com.br\/index.php\/wp-json\/wp\/v2\/types\/post"}],"author":[{"embeddable":true,"href":"https:\/\/maranhaotv.com.br\/index.php\/wp-json\/wp\/v2\/users\/2"}],"replies":[{"embeddable":true,"href":"https:\/\/maranhaotv.com.br\/index.php\/wp-json\/wp\/v2\/comments?post=12537"}],"version-history":[{"count":0,"href":"https:\/\/maranhaotv.com.br\/index.php\/wp-json\/wp\/v2\/posts\/12537\/revisions"}],"wp:featuredmedia":[{"embeddable":true,"href":"https:\/\/maranhaotv.com.br\/index.php\/wp-json\/"}],"wp:attachment":[{"href":"https:\/\/maranhaotv.com.br\/index.php\/wp-json\/wp\/v2\/media?parent=12537"}],"wp:term":[{"taxonomy":"category","embeddable":true,"href":"https:\/\/maranhaotv.com.br\/index.php\/wp-json\/wp\/v2\/categories?post=12537"},{"taxonomy":"post_tag","embeddable":true,"href":"https:\/\/maranhaotv.com.br\/index.php\/wp-json\/wp\/v2\/tags?post=12537"}],"curies":[{"name":"wp","href":"https:\/\/api.w.org\/{rel}","templated":true}]}}