{"id":12631,"date":"2020-06-14T13:31:01","date_gmt":"2020-06-14T16:31:01","guid":{"rendered":"https:\/\/maiobaotv.com.br\/?p=12631"},"modified":"2020-06-14T13:31:01","modified_gmt":"2020-06-14T16:31:01","slug":"liderancas-manifestam-apoio-a-pre-candidatura-de-thiago-da-imperio","status":"publish","type":"post","link":"https:\/\/maranhaotv.com.br\/index.php\/2020\/06\/14\/liderancas-manifestam-apoio-a-pre-candidatura-de-thiago-da-imperio\/","title":{"rendered":"Lideran\u00e7as manifestam apoio \u00e0 pr\u00e9-candidatura de Thiago da Imp\u00e9rio"},"content":{"rendered":"<h5>Thiago da Imp\u00e9rio \u00e9 filiado ao PL e \u00e9 pr\u00e9-candidato a vereador de Pa\u00e7o do Lumiar<\/h5>\n<p>Na manh\u00e3 deste domingo (14), na faculdade IESF no Maiob\u00e3o, lideran\u00e7as pol\u00edticas, comunit\u00e1rias, religiosas e empres\u00e1rios resolveram declarar apoio \u00e0 pr\u00e9-candidatura a vereador do jovem Thiago da Imp\u00e9rio. Em uma reuni\u00e3o simb\u00f3lica, e de acordo com as medidas de distanciamento social, representantes desses setores manifestaram interesse em apostar na juventude de um dos produtores das maiores manifesta\u00e7\u00f5es culturais do Maranh\u00e3o, a dan\u00e7a portuguesa Imp\u00e9rio de Lisboa.<\/p>\n<p>&#8220;Hoje sa\u00edmos bem fortalecidos com todo apoio de carinho e lealdade de todos os amigos que fizeram parte desse encontro. Isso demonstra que temos a mesma conex\u00e3o, objetivo e pensamento para fazer a melhor gest\u00e3o junto com meu amigo Fred Campos, tenho certeza que vamos conseguir, disse Thiago.<\/p>\n<p>A reuni\u00e3o contou com a presen\u00e7a do pr\u00e9-candidato a prefeito Fred Campos (PL), Lu\u00eds Carlos Saraiva, advogado e ex-procurador geral do munic\u00edpio, Kauan Duarte, l\u00edder da Igreja Assembl\u00e9ia de Deus dos \u00daltimos Dias e representante da Mori\u00e1 Transportes, Raimundo das Chagas, l\u00edder religioso de matriz africana, Lene Rose, produtora cultural, Alcely Maina e Barbara Duarte representantes da educa\u00e7\u00e3o.<\/p>\n<p><img loading=\"lazy\" decoding=\"async\" src=\"https:\/\/maiobaotv.com.br\/wp-content\/uploads\/2020\/06\/img-20200614-wa02172523875673766056696.jpg\" class=\"wp-image-12628 alignnone size-full\" width=\"1280\" height=\"853\"><\/p>\n<p><img loading=\"lazy\" decoding=\"async\" src=\"https:\/\/maiobaotv.com.br\/wp-content\/uploads\/2020\/06\/img-20200614-wa0216604273829823246923.jpg\" class=\"alignnone size-full wp-image-12629\" width=\"1024\" height=\"683\"><\/p>\n<p><img loading=\"lazy\" decoding=\"async\" src=\"https:\/\/maiobaotv.com.br\/wp-content\/uploads\/2020\/06\/img-20200614-wa02142215809667473928866.jpg\" class=\"wp-image-12630 alignnone size-full\" width=\"1024\" height=\"683\"><\/p>\n","protected":false},"excerpt":{"rendered":"<p>Thiago da Imp\u00e9rio \u00e9 filiado ao PL e \u00e9 pr\u00e9-candidato a vereador de Pa\u00e7o do Lumiar Na manh\u00e3 deste domingo<\/p>\n","protected":false},"author":2,"featured_media":12632,"comment_status":"open","ping_status":"open","sticky":false,"template":"","format":"standard","meta":{"colormag_page_container_layout":"default_layout","colormag_page_sidebar_layout":"default_layout","_jetpack_memberships_contains_paid_content":false,"footnotes":""},"categories":[2,6],"tags":[16],"class_list":["post-12631","post","type-post","status-publish","format-standard","has-post-thumbnail","hentry","category-noticias","category-politica","tag-eleicoes-2020"],"magazineBlocksPostFeaturedMedia":{"thumbnail":false,"medium":false,"medium_large":false,"large":false,"1536x1536":false,"2048x2048":false,"colormag-highlighted-post":false,"colormag-featured-post-medium":false,"colormag-featured-post-small":false,"colormag-featured-image":false,"colormag-default-news":false,"colormag-featured-image-large":false},"magazineBlocksPostAuthor":{"name":"maranhaotv","avatar":"https:\/\/secure.gravatar.com\/avatar\/8fadbca458d4cb68b1dd399ae9a40618d747bb1af65ac9fad21c89220a143eb4?s=96&d=mm&r=g"},"magazineBlocksPostCommentsNumber":"0","magazineBlocksPostExcerpt":"Thiago da Imp\u00e9rio \u00e9 filiado ao PL e \u00e9 pr\u00e9-candidato a vereador de Pa\u00e7o do Lumiar Na manh\u00e3 deste domingo","magazineBlocksPostCategories":["not\u00edcias","pol\u00edtica"],"magazineBlocksPostViewCount":224,"magazineBlocksPostReadTime":2,"magazine_blocks_featured_image_url":{"full":false,"medium":false,"thumbnail":false},"magazine_blocks_author":{"display_name":"maranhaotv","author_link":"https:\/\/maranhaotv.com.br\/index.php\/author\/maranhaotv\/"},"magazine_blocks_comment":1,"magazine_blocks_author_image":"https:\/\/secure.gravatar.com\/avatar\/8fadbca458d4cb68b1dd399ae9a40618d747bb1af65ac9fad21c89220a143eb4?s=96&d=mm&r=g","magazine_blocks_category":"<a href=\"#\" class=\"category-link category-link-2\">not\u00edcias<\/a> <a href=\"#\" class=\"category-link category-link-6\">pol\u00edtica<\/a>","yoast_head":"<!-- This site is optimized with the Yoast SEO plugin v27.4 - https:\/\/yoast.com\/product\/yoast-seo-wordpress\/ -->\n<title>Lideran\u00e7as manifestam apoio \u00e0 pr\u00e9-candidatura de Thiago da Imp\u00e9rio - NOT\u00cdCIAS EM TEMPO REAL<\/title>\n<meta name=\"robots\" content=\"index, follow, max-snippet:-1, max-image-preview:large, max-video-preview:-1\" \/>\n<link rel=\"canonical\" href=\"https:\/\/maranhaotv.com.br\/index.php\/2020\/06\/14\/liderancas-manifestam-apoio-a-pre-candidatura-de-thiago-da-imperio\/\" \/>\n<meta property=\"og:locale\" content=\"pt_BR\" \/>\n<meta property=\"og:type\" content=\"article\" \/>\n<meta property=\"og:title\" content=\"Lideran\u00e7as manifestam apoio \u00e0 pr\u00e9-candidatura de Thiago da Imp\u00e9rio - NOT\u00cdCIAS EM TEMPO REAL\" \/>\n<meta property=\"og:description\" content=\"Thiago da Imp\u00e9rio \u00e9 filiado ao PL e \u00e9 pr\u00e9-candidato a vereador de Pa\u00e7o do Lumiar Na manh\u00e3 deste domingo\" \/>\n<meta property=\"og:url\" content=\"https:\/\/maranhaotv.com.br\/index.php\/2020\/06\/14\/liderancas-manifestam-apoio-a-pre-candidatura-de-thiago-da-imperio\/\" \/>\n<meta property=\"og:site_name\" content=\"NOT\u00cdCIAS EM TEMPO REAL\" \/>\n<meta property=\"article:publisher\" content=\"https:\/\/www.facebook.com\/maiobaotv\" \/>\n<meta property=\"article:published_time\" content=\"2020-06-14T16:31:01+00:00\" \/>\n<meta name=\"author\" content=\"maranhaotv\" \/>\n<meta name=\"twitter:card\" content=\"summary_large_image\" \/>\n<meta name=\"twitter:creator\" content=\"@sitemaranhaotv\" \/>\n<meta name=\"twitter:site\" content=\"@sitemaranhaotv\" \/>\n<meta name=\"twitter:label1\" content=\"Escrito por\" \/>\n\t<meta name=\"twitter:data1\" content=\"maranhaotv\" \/>\n\t<meta name=\"twitter:label2\" content=\"Est. tempo de leitura\" \/>\n\t<meta name=\"twitter:data2\" content=\"1 minuto\" \/>\n<script type=\"application\/ld+json\" class=\"yoast-schema-graph\">{\"@context\":\"https:\\\/\\\/schema.org\",\"@graph\":[{\"@type\":\"Article\",\"@id\":\"https:\\\/\\\/maranhaotv.com.br\\\/index.php\\\/2020\\\/06\\\/14\\\/liderancas-manifestam-apoio-a-pre-candidatura-de-thiago-da-imperio\\\/#article\",\"isPartOf\":{\"@id\":\"https:\\\/\\\/maranhaotv.com.br\\\/index.php\\\/2020\\\/06\\\/14\\\/liderancas-manifestam-apoio-a-pre-candidatura-de-thiago-da-imperio\\\/\"},\"author\":{\"name\":\"maranhaotv\",\"@id\":\"https:\\\/\\\/maranhaotv.com.br\\\/#\\\/schema\\\/person\\\/3d54238e86b20bb5c89ab2fdb8f8829a\"},\"headline\":\"Lideran\u00e7as manifestam apoio \u00e0 pr\u00e9-candidatura de Thiago da Imp\u00e9rio\",\"datePublished\":\"2020-06-14T16:31:01+00:00\",\"mainEntityOfPage\":{\"@id\":\"https:\\\/\\\/maranhaotv.com.br\\\/index.php\\\/2020\\\/06\\\/14\\\/liderancas-manifestam-apoio-a-pre-candidatura-de-thiago-da-imperio\\\/\"},\"wordCount\":223,\"commentCount\":0,\"publisher\":{\"@id\":\"https:\\\/\\\/maranhaotv.com.br\\\/#organization\"},\"image\":{\"@id\":\"https:\\\/\\\/maranhaotv.com.br\\\/index.php\\\/2020\\\/06\\\/14\\\/liderancas-manifestam-apoio-a-pre-candidatura-de-thiago-da-imperio\\\/#primaryimage\"},\"thumbnailUrl\":\"\",\"keywords\":[\"Elei\u00e7\u00f5es 2020\"],\"articleSection\":[\"not\u00edcias\",\"pol\u00edtica\"],\"inLanguage\":\"pt-BR\",\"potentialAction\":[{\"@type\":\"CommentAction\",\"name\":\"Comment\",\"target\":[\"https:\\\/\\\/maranhaotv.com.br\\\/index.php\\\/2020\\\/06\\\/14\\\/liderancas-manifestam-apoio-a-pre-candidatura-de-thiago-da-imperio\\\/#respond\"]}]},{\"@type\":\"WebPage\",\"@id\":\"https:\\\/\\\/maranhaotv.com.br\\\/index.php\\\/2020\\\/06\\\/14\\\/liderancas-manifestam-apoio-a-pre-candidatura-de-thiago-da-imperio\\\/\",\"url\":\"https:\\\/\\\/maranhaotv.com.br\\\/index.php\\\/2020\\\/06\\\/14\\\/liderancas-manifestam-apoio-a-pre-candidatura-de-thiago-da-imperio\\\/\",\"name\":\"Lideran\u00e7as manifestam apoio \u00e0 pr\u00e9-candidatura de Thiago da Imp\u00e9rio - NOT\u00cdCIAS EM TEMPO REAL\",\"isPartOf\":{\"@id\":\"https:\\\/\\\/maranhaotv.com.br\\\/#website\"},\"primaryImageOfPage\":{\"@id\":\"https:\\\/\\\/maranhaotv.com.br\\\/index.php\\\/2020\\\/06\\\/14\\\/liderancas-manifestam-apoio-a-pre-candidatura-de-thiago-da-imperio\\\/#primaryimage\"},\"image\":{\"@id\":\"https:\\\/\\\/maranhaotv.com.br\\\/index.php\\\/2020\\\/06\\\/14\\\/liderancas-manifestam-apoio-a-pre-candidatura-de-thiago-da-imperio\\\/#primaryimage\"},\"thumbnailUrl\":\"\",\"datePublished\":\"2020-06-14T16:31:01+00:00\",\"breadcrumb\":{\"@id\":\"https:\\\/\\\/maranhaotv.com.br\\\/index.php\\\/2020\\\/06\\\/14\\\/liderancas-manifestam-apoio-a-pre-candidatura-de-thiago-da-imperio\\\/#breadcrumb\"},\"inLanguage\":\"pt-BR\",\"potentialAction\":[{\"@type\":\"ReadAction\",\"target\":[\"https:\\\/\\\/maranhaotv.com.br\\\/index.php\\\/2020\\\/06\\\/14\\\/liderancas-manifestam-apoio-a-pre-candidatura-de-thiago-da-imperio\\\/\"]}]},{\"@type\":\"ImageObject\",\"inLanguage\":\"pt-BR\",\"@id\":\"https:\\\/\\\/maranhaotv.com.br\\\/index.php\\\/2020\\\/06\\\/14\\\/liderancas-manifestam-apoio-a-pre-candidatura-de-thiago-da-imperio\\\/#primaryimage\",\"url\":\"\",\"contentUrl\":\"\"},{\"@type\":\"BreadcrumbList\",\"@id\":\"https:\\\/\\\/maranhaotv.com.br\\\/index.php\\\/2020\\\/06\\\/14\\\/liderancas-manifestam-apoio-a-pre-candidatura-de-thiago-da-imperio\\\/#breadcrumb\",\"itemListElement\":[{\"@type\":\"ListItem\",\"position\":1,\"name\":\"In\u00edcio\",\"item\":\"https:\\\/\\\/maranhaotv.com.br\\\/\"},{\"@type\":\"ListItem\",\"position\":2,\"name\":\"Lideran\u00e7as manifestam apoio \u00e0 pr\u00e9-candidatura de Thiago da Imp\u00e9rio\"}]},{\"@type\":\"WebSite\",\"@id\":\"https:\\\/\\\/maranhaotv.com.br\\\/#website\",\"url\":\"https:\\\/\\\/maranhaotv.com.br\\\/\",\"name\":\"Maranh\u00e3oTV\",\"description\":\"\",\"publisher\":{\"@id\":\"https:\\\/\\\/maranhaotv.com.br\\\/#organization\"},\"potentialAction\":[{\"@type\":\"SearchAction\",\"target\":{\"@type\":\"EntryPoint\",\"urlTemplate\":\"https:\\\/\\\/maranhaotv.com.br\\\/?s={search_term_string}\"},\"query-input\":{\"@type\":\"PropertyValueSpecification\",\"valueRequired\":true,\"valueName\":\"search_term_string\"}}],\"inLanguage\":\"pt-BR\"},{\"@type\":\"Organization\",\"@id\":\"https:\\\/\\\/maranhaotv.com.br\\\/#organization\",\"name\":\"Portal de Not\u00edcias\",\"url\":\"https:\\\/\\\/maranhaotv.com.br\\\/\",\"logo\":{\"@type\":\"ImageObject\",\"inLanguage\":\"pt-BR\",\"@id\":\"https:\\\/\\\/maranhaotv.com.br\\\/#\\\/schema\\\/logo\\\/image\\\/\",\"url\":\"https:\\\/\\\/maranhaotv.com.br\\\/wp-content\\\/uploads\\\/2024\\\/05\\\/cropped-cropped-avatar-1.png\",\"contentUrl\":\"https:\\\/\\\/maranhaotv.com.br\\\/wp-content\\\/uploads\\\/2024\\\/05\\\/cropped-cropped-avatar-1.png\",\"width\":792,\"height\":428,\"caption\":\"Portal de Not\u00edcias\"},\"image\":{\"@id\":\"https:\\\/\\\/maranhaotv.com.br\\\/#\\\/schema\\\/logo\\\/image\\\/\"},\"sameAs\":[\"https:\\\/\\\/www.facebook.com\\\/maiobaotv\",\"https:\\\/\\\/x.com\\\/sitemaranhaotv\",\"https:\\\/\\\/www.instagram.com\\\/maranhao.tv\",\"https:\\\/\\\/www.threads.net\\\/@maranhao.tv\"]},{\"@type\":\"Person\",\"@id\":\"https:\\\/\\\/maranhaotv.com.br\\\/#\\\/schema\\\/person\\\/3d54238e86b20bb5c89ab2fdb8f8829a\",\"name\":\"maranhaotv\",\"image\":{\"@type\":\"ImageObject\",\"inLanguage\":\"pt-BR\",\"@id\":\"https:\\\/\\\/secure.gravatar.com\\\/avatar\\\/8fadbca458d4cb68b1dd399ae9a40618d747bb1af65ac9fad21c89220a143eb4?s=96&d=mm&r=g\",\"url\":\"https:\\\/\\\/secure.gravatar.com\\\/avatar\\\/8fadbca458d4cb68b1dd399ae9a40618d747bb1af65ac9fad21c89220a143eb4?s=96&d=mm&r=g\",\"contentUrl\":\"https:\\\/\\\/secure.gravatar.com\\\/avatar\\\/8fadbca458d4cb68b1dd399ae9a40618d747bb1af65ac9fad21c89220a143eb4?s=96&d=mm&r=g\",\"caption\":\"maranhaotv\"},\"sameAs\":[\"https:\\\/\\\/maranhaotv.com.br\\\/\"],\"url\":\"https:\\\/\\\/maranhaotv.com.br\\\/index.php\\\/author\\\/maranhaotv\\\/\"}]}<\/script>\n<!-- \/ Yoast SEO plugin. -->","yoast_head_json":{"title":"Lideran\u00e7as manifestam apoio \u00e0 pr\u00e9-candidatura de Thiago da Imp\u00e9rio - NOT\u00cdCIAS EM TEMPO REAL","robots":{"index":"index","follow":"follow","max-snippet":"max-snippet:-1","max-image-preview":"max-image-preview:large","max-video-preview":"max-video-preview:-1"},"canonical":"https:\/\/maranhaotv.com.br\/index.php\/2020\/06\/14\/liderancas-manifestam-apoio-a-pre-candidatura-de-thiago-da-imperio\/","og_locale":"pt_BR","og_type":"article","og_title":"Lideran\u00e7as manifestam apoio \u00e0 pr\u00e9-candidatura de Thiago da Imp\u00e9rio - NOT\u00cdCIAS EM TEMPO REAL","og_description":"Thiago da Imp\u00e9rio \u00e9 filiado ao PL e \u00e9 pr\u00e9-candidato a vereador de Pa\u00e7o do Lumiar Na manh\u00e3 deste domingo","og_url":"https:\/\/maranhaotv.com.br\/index.php\/2020\/06\/14\/liderancas-manifestam-apoio-a-pre-candidatura-de-thiago-da-imperio\/","og_site_name":"NOT\u00cdCIAS EM TEMPO REAL","article_publisher":"https:\/\/www.facebook.com\/maiobaotv","article_published_time":"2020-06-14T16:31:01+00:00","author":"maranhaotv","twitter_card":"summary_large_image","twitter_creator":"@sitemaranhaotv","twitter_site":"@sitemaranhaotv","twitter_misc":{"Escrito por":"maranhaotv","Est. tempo de leitura":"1 minuto"},"schema":{"@context":"https:\/\/schema.org","@graph":[{"@type":"Article","@id":"https:\/\/maranhaotv.com.br\/index.php\/2020\/06\/14\/liderancas-manifestam-apoio-a-pre-candidatura-de-thiago-da-imperio\/#article","isPartOf":{"@id":"https:\/\/maranhaotv.com.br\/index.php\/2020\/06\/14\/liderancas-manifestam-apoio-a-pre-candidatura-de-thiago-da-imperio\/"},"author":{"name":"maranhaotv","@id":"https:\/\/maranhaotv.com.br\/#\/schema\/person\/3d54238e86b20bb5c89ab2fdb8f8829a"},"headline":"Lideran\u00e7as manifestam apoio \u00e0 pr\u00e9-candidatura de Thiago da Imp\u00e9rio","datePublished":"2020-06-14T16:31:01+00:00","mainEntityOfPage":{"@id":"https:\/\/maranhaotv.com.br\/index.php\/2020\/06\/14\/liderancas-manifestam-apoio-a-pre-candidatura-de-thiago-da-imperio\/"},"wordCount":223,"commentCount":0,"publisher":{"@id":"https:\/\/maranhaotv.com.br\/#organization"},"image":{"@id":"https:\/\/maranhaotv.com.br\/index.php\/2020\/06\/14\/liderancas-manifestam-apoio-a-pre-candidatura-de-thiago-da-imperio\/#primaryimage"},"thumbnailUrl":"","keywords":["Elei\u00e7\u00f5es 2020"],"articleSection":["not\u00edcias","pol\u00edtica"],"inLanguage":"pt-BR","potentialAction":[{"@type":"CommentAction","name":"Comment","target":["https:\/\/maranhaotv.com.br\/index.php\/2020\/06\/14\/liderancas-manifestam-apoio-a-pre-candidatura-de-thiago-da-imperio\/#respond"]}]},{"@type":"WebPage","@id":"https:\/\/maranhaotv.com.br\/index.php\/2020\/06\/14\/liderancas-manifestam-apoio-a-pre-candidatura-de-thiago-da-imperio\/","url":"https:\/\/maranhaotv.com.br\/index.php\/2020\/06\/14\/liderancas-manifestam-apoio-a-pre-candidatura-de-thiago-da-imperio\/","name":"Lideran\u00e7as manifestam apoio \u00e0 pr\u00e9-candidatura de Thiago da Imp\u00e9rio - NOT\u00cdCIAS EM TEMPO REAL","isPartOf":{"@id":"https:\/\/maranhaotv.com.br\/#website"},"primaryImageOfPage":{"@id":"https:\/\/maranhaotv.com.br\/index.php\/2020\/06\/14\/liderancas-manifestam-apoio-a-pre-candidatura-de-thiago-da-imperio\/#primaryimage"},"image":{"@id":"https:\/\/maranhaotv.com.br\/index.php\/2020\/06\/14\/liderancas-manifestam-apoio-a-pre-candidatura-de-thiago-da-imperio\/#primaryimage"},"thumbnailUrl":"","datePublished":"2020-06-14T16:31:01+00:00","breadcrumb":{"@id":"https:\/\/maranhaotv.com.br\/index.php\/2020\/06\/14\/liderancas-manifestam-apoio-a-pre-candidatura-de-thiago-da-imperio\/#breadcrumb"},"inLanguage":"pt-BR","potentialAction":[{"@type":"ReadAction","target":["https:\/\/maranhaotv.com.br\/index.php\/2020\/06\/14\/liderancas-manifestam-apoio-a-pre-candidatura-de-thiago-da-imperio\/"]}]},{"@type":"ImageObject","inLanguage":"pt-BR","@id":"https:\/\/maranhaotv.com.br\/index.php\/2020\/06\/14\/liderancas-manifestam-apoio-a-pre-candidatura-de-thiago-da-imperio\/#primaryimage","url":"","contentUrl":""},{"@type":"BreadcrumbList","@id":"https:\/\/maranhaotv.com.br\/index.php\/2020\/06\/14\/liderancas-manifestam-apoio-a-pre-candidatura-de-thiago-da-imperio\/#breadcrumb","itemListElement":[{"@type":"ListItem","position":1,"name":"In\u00edcio","item":"https:\/\/maranhaotv.com.br\/"},{"@type":"ListItem","position":2,"name":"Lideran\u00e7as manifestam apoio \u00e0 pr\u00e9-candidatura de Thiago da Imp\u00e9rio"}]},{"@type":"WebSite","@id":"https:\/\/maranhaotv.com.br\/#website","url":"https:\/\/maranhaotv.com.br\/","name":"Maranh\u00e3oTV","description":"","publisher":{"@id":"https:\/\/maranhaotv.com.br\/#organization"},"potentialAction":[{"@type":"SearchAction","target":{"@type":"EntryPoint","urlTemplate":"https:\/\/maranhaotv.com.br\/?s={search_term_string}"},"query-input":{"@type":"PropertyValueSpecification","valueRequired":true,"valueName":"search_term_string"}}],"inLanguage":"pt-BR"},{"@type":"Organization","@id":"https:\/\/maranhaotv.com.br\/#organization","name":"Portal de Not\u00edcias","url":"https:\/\/maranhaotv.com.br\/","logo":{"@type":"ImageObject","inLanguage":"pt-BR","@id":"https:\/\/maranhaotv.com.br\/#\/schema\/logo\/image\/","url":"https:\/\/maranhaotv.com.br\/wp-content\/uploads\/2024\/05\/cropped-cropped-avatar-1.png","contentUrl":"https:\/\/maranhaotv.com.br\/wp-content\/uploads\/2024\/05\/cropped-cropped-avatar-1.png","width":792,"height":428,"caption":"Portal de Not\u00edcias"},"image":{"@id":"https:\/\/maranhaotv.com.br\/#\/schema\/logo\/image\/"},"sameAs":["https:\/\/www.facebook.com\/maiobaotv","https:\/\/x.com\/sitemaranhaotv","https:\/\/www.instagram.com\/maranhao.tv","https:\/\/www.threads.net\/@maranhao.tv"]},{"@type":"Person","@id":"https:\/\/maranhaotv.com.br\/#\/schema\/person\/3d54238e86b20bb5c89ab2fdb8f8829a","name":"maranhaotv","image":{"@type":"ImageObject","inLanguage":"pt-BR","@id":"https:\/\/secure.gravatar.com\/avatar\/8fadbca458d4cb68b1dd399ae9a40618d747bb1af65ac9fad21c89220a143eb4?s=96&d=mm&r=g","url":"https:\/\/secure.gravatar.com\/avatar\/8fadbca458d4cb68b1dd399ae9a40618d747bb1af65ac9fad21c89220a143eb4?s=96&d=mm&r=g","contentUrl":"https:\/\/secure.gravatar.com\/avatar\/8fadbca458d4cb68b1dd399ae9a40618d747bb1af65ac9fad21c89220a143eb4?s=96&d=mm&r=g","caption":"maranhaotv"},"sameAs":["https:\/\/maranhaotv.com.br\/"],"url":"https:\/\/maranhaotv.com.br\/index.php\/author\/maranhaotv\/"}]}},"jetpack_featured_media_url":"","jetpack_sharing_enabled":true,"_links":{"self":[{"href":"https:\/\/maranhaotv.com.br\/index.php\/wp-json\/wp\/v2\/posts\/12631","targetHints":{"allow":["GET"]}}],"collection":[{"href":"https:\/\/maranhaotv.com.br\/index.php\/wp-json\/wp\/v2\/posts"}],"about":[{"href":"https:\/\/maranhaotv.com.br\/index.php\/wp-json\/wp\/v2\/types\/post"}],"author":[{"embeddable":true,"href":"https:\/\/maranhaotv.com.br\/index.php\/wp-json\/wp\/v2\/users\/2"}],"replies":[{"embeddable":true,"href":"https:\/\/maranhaotv.com.br\/index.php\/wp-json\/wp\/v2\/comments?post=12631"}],"version-history":[{"count":0,"href":"https:\/\/maranhaotv.com.br\/index.php\/wp-json\/wp\/v2\/posts\/12631\/revisions"}],"wp:featuredmedia":[{"embeddable":true,"href":"https:\/\/maranhaotv.com.br\/index.php\/wp-json\/"}],"wp:attachment":[{"href":"https:\/\/maranhaotv.com.br\/index.php\/wp-json\/wp\/v2\/media?parent=12631"}],"wp:term":[{"taxonomy":"category","embeddable":true,"href":"https:\/\/maranhaotv.com.br\/index.php\/wp-json\/wp\/v2\/categories?post=12631"},{"taxonomy":"post_tag","embeddable":true,"href":"https:\/\/maranhaotv.com.br\/index.php\/wp-json\/wp\/v2\/tags?post=12631"}],"curies":[{"name":"wp","href":"https:\/\/api.w.org\/{rel}","templated":true}]}}