{"id":12762,"date":"2020-06-19T14:57:08","date_gmt":"2020-06-19T17:57:08","guid":{"rendered":"https:\/\/maiobaotv.com.br\/index.php\/2020\/06\/19\/brasil-atinge-marca-de-um-milhao-de-casos-de-coronavirus\/"},"modified":"2020-06-19T14:57:08","modified_gmt":"2020-06-19T17:57:08","slug":"brasil-atinge-marca-de-um-milhao-de-casos-de-coronavirus","status":"publish","type":"post","link":"https:\/\/maranhaotv.com.br\/index.php\/2020\/06\/19\/brasil-atinge-marca-de-um-milhao-de-casos-de-coronavirus\/","title":{"rendered":"Brasil atinge marca de um milh\u00e3o de casos de coronav\u00edrus"},"content":{"rendered":"\n<p>Um boletim extra do cons\u00f3rcio de ve\u00edculos de imprensa, que mostra o levantamento de n\u00famero de casos de coronav\u00edrus a partir das secretarias estaduais de Sa\u00fade do Brasil,&nbsp;mostra que o pa\u00eds ultrapassou a marca de um milh\u00e3o de infectados pela doen\u00e7a nesta sexta-feira (19).<\/p>\n\n\n\n<p>Segundo o boletim, divulgado \u00e0s 14h, o Brasil totaliza&nbsp;1.009.699 casos confirmados de coronav\u00edrus e 48.427 mortes em decorr\u00eancia da doen\u00e7a.<\/p>\n\n\n\n<p>Desde a \u00faltim aatualiza\u00e7\u00e3o do cons\u00f3rcio na quinta-feira (18), \u00e0s 20, que contabilizava 983.359 casos e 47.869 mortes, os estados de AC, CE, DF, GO, MT, MS, MG, PE, RN, RR, SP e TO divulgaram novos dados.<\/p>\n\n\n\n<p>Os dados s\u00e3o fruto de uma colabora\u00e7\u00e3o entre O Estado de S. Paulo, Extra, Folha de S.Paulo, O Globo, G1 e UOL para reunir e informar n\u00fameros sobre o novo coronav\u00edrus, que s\u00e3o coletados com as secretarias estaduais de Sa\u00fade.<\/p>\n\n\n\n<p>Embora oficialmente a marca de 1 milh\u00e3o de casos tenha sido ultrapassada nesta sexta, estudos estimam que o pa\u00eds possa ter at\u00e9 10 vezes mais infectados. Car\u00eancia de testes, um problema que o Brasil enfrenta desde o in\u00edcio da pandemia, s\u00e3o respons\u00e1veis pela subnotifica\u00e7\u00e3o.<\/p>\n\n\n\n<p>Os brasileiros ocupam o segundo lugar no ranking mundial de total de casos confirmados. Ficam atr\u00e1s apenas dos americanos, que j\u00e1 somam mais de 2 milh\u00f5es de pessoas contaminadas.<\/p>\n\n\n\n<p>O cons\u00f3rcio de ve\u00edculos de imprensa foi criado para acompanhar e divulgar os n\u00fameros da doen\u00e7a no pa\u00eds, ap\u00f3s o Minist\u00e9rio da Sa\u00fade ter tirado dados do ar e amea\u00e7ado sonegar informa\u00e7\u00f5es.<\/p>\n","protected":false},"excerpt":{"rendered":"<p>Um boletim extra do cons\u00f3rcio de ve\u00edculos de imprensa, que mostra o levantamento de n\u00famero de casos de coronav\u00edrus a<\/p>\n","protected":false},"author":2,"featured_media":12761,"comment_status":"open","ping_status":"open","sticky":false,"template":"","format":"standard","meta":{"colormag_page_container_layout":"default_layout","colormag_page_sidebar_layout":"default_layout","_jetpack_memberships_contains_paid_content":false,"footnotes":""},"categories":[2,54],"tags":[],"class_list":["post-12762","post","type-post","status-publish","format-standard","has-post-thumbnail","hentry","category-noticias","category-saude"],"magazineBlocksPostFeaturedMedia":{"thumbnail":false,"medium":false,"medium_large":false,"large":false,"1536x1536":false,"2048x2048":false,"colormag-highlighted-post":false,"colormag-featured-post-medium":false,"colormag-featured-post-small":false,"colormag-featured-image":false,"colormag-default-news":false,"colormag-featured-image-large":false},"magazineBlocksPostAuthor":{"name":"maranhaotv","avatar":"https:\/\/secure.gravatar.com\/avatar\/8fadbca458d4cb68b1dd399ae9a40618d747bb1af65ac9fad21c89220a143eb4?s=96&d=mm&r=g"},"magazineBlocksPostCommentsNumber":"0","magazineBlocksPostExcerpt":"Um boletim extra do cons\u00f3rcio de ve\u00edculos de imprensa, que mostra o levantamento de n\u00famero de casos de coronav\u00edrus a","magazineBlocksPostCategories":["not\u00edcias","sa\u00fade"],"magazineBlocksPostViewCount":284,"magazineBlocksPostReadTime":2,"magazine_blocks_featured_image_url":{"full":false,"medium":false,"thumbnail":false},"magazine_blocks_author":{"display_name":"maranhaotv","author_link":"https:\/\/maranhaotv.com.br\/index.php\/author\/maranhaotv\/"},"magazine_blocks_comment":0,"magazine_blocks_author_image":"https:\/\/secure.gravatar.com\/avatar\/8fadbca458d4cb68b1dd399ae9a40618d747bb1af65ac9fad21c89220a143eb4?s=96&d=mm&r=g","magazine_blocks_category":"<a href=\"#\" class=\"category-link category-link-2\">not\u00edcias<\/a> <a href=\"#\" class=\"category-link category-link-54\">sa\u00fade<\/a>","yoast_head":"<!-- This site is optimized with the Yoast SEO plugin v27.4 - https:\/\/yoast.com\/product\/yoast-seo-wordpress\/ -->\n<title>Brasil atinge marca de um milh\u00e3o de casos de coronav\u00edrus - NOT\u00cdCIAS EM TEMPO REAL<\/title>\n<meta name=\"robots\" content=\"index, follow, max-snippet:-1, max-image-preview:large, max-video-preview:-1\" \/>\n<link rel=\"canonical\" href=\"https:\/\/maranhaotv.com.br\/index.php\/2020\/06\/19\/brasil-atinge-marca-de-um-milhao-de-casos-de-coronavirus\/\" \/>\n<meta property=\"og:locale\" content=\"pt_BR\" \/>\n<meta property=\"og:type\" content=\"article\" \/>\n<meta property=\"og:title\" content=\"Brasil atinge marca de um milh\u00e3o de casos de coronav\u00edrus - NOT\u00cdCIAS EM TEMPO REAL\" \/>\n<meta property=\"og:description\" content=\"Um boletim extra do cons\u00f3rcio de ve\u00edculos de imprensa, que mostra o levantamento de n\u00famero de casos de coronav\u00edrus a\" \/>\n<meta property=\"og:url\" content=\"https:\/\/maranhaotv.com.br\/index.php\/2020\/06\/19\/brasil-atinge-marca-de-um-milhao-de-casos-de-coronavirus\/\" \/>\n<meta property=\"og:site_name\" content=\"NOT\u00cdCIAS EM TEMPO REAL\" \/>\n<meta property=\"article:publisher\" content=\"https:\/\/www.facebook.com\/maiobaotv\" \/>\n<meta property=\"article:published_time\" content=\"2020-06-19T17:57:08+00:00\" \/>\n<meta name=\"author\" content=\"maranhaotv\" \/>\n<meta name=\"twitter:card\" content=\"summary_large_image\" \/>\n<meta name=\"twitter:creator\" content=\"@sitemaranhaotv\" \/>\n<meta name=\"twitter:site\" content=\"@sitemaranhaotv\" \/>\n<meta name=\"twitter:label1\" content=\"Escrito por\" \/>\n\t<meta name=\"twitter:data1\" content=\"maranhaotv\" \/>\n\t<meta name=\"twitter:label2\" content=\"Est. tempo de leitura\" \/>\n\t<meta name=\"twitter:data2\" content=\"1 minuto\" \/>\n<script type=\"application\/ld+json\" class=\"yoast-schema-graph\">{\"@context\":\"https:\\\/\\\/schema.org\",\"@graph\":[{\"@type\":\"Article\",\"@id\":\"https:\\\/\\\/maranhaotv.com.br\\\/index.php\\\/2020\\\/06\\\/19\\\/brasil-atinge-marca-de-um-milhao-de-casos-de-coronavirus\\\/#article\",\"isPartOf\":{\"@id\":\"https:\\\/\\\/maranhaotv.com.br\\\/index.php\\\/2020\\\/06\\\/19\\\/brasil-atinge-marca-de-um-milhao-de-casos-de-coronavirus\\\/\"},\"author\":{\"name\":\"maranhaotv\",\"@id\":\"https:\\\/\\\/maranhaotv.com.br\\\/#\\\/schema\\\/person\\\/3d54238e86b20bb5c89ab2fdb8f8829a\"},\"headline\":\"Brasil atinge marca de um milh\u00e3o de casos de coronav\u00edrus\",\"datePublished\":\"2020-06-19T17:57:08+00:00\",\"mainEntityOfPage\":{\"@id\":\"https:\\\/\\\/maranhaotv.com.br\\\/index.php\\\/2020\\\/06\\\/19\\\/brasil-atinge-marca-de-um-milhao-de-casos-de-coronavirus\\\/\"},\"wordCount\":291,\"commentCount\":0,\"publisher\":{\"@id\":\"https:\\\/\\\/maranhaotv.com.br\\\/#organization\"},\"image\":{\"@id\":\"https:\\\/\\\/maranhaotv.com.br\\\/index.php\\\/2020\\\/06\\\/19\\\/brasil-atinge-marca-de-um-milhao-de-casos-de-coronavirus\\\/#primaryimage\"},\"thumbnailUrl\":\"\",\"articleSection\":[\"not\u00edcias\",\"sa\u00fade\"],\"inLanguage\":\"pt-BR\",\"potentialAction\":[{\"@type\":\"CommentAction\",\"name\":\"Comment\",\"target\":[\"https:\\\/\\\/maranhaotv.com.br\\\/index.php\\\/2020\\\/06\\\/19\\\/brasil-atinge-marca-de-um-milhao-de-casos-de-coronavirus\\\/#respond\"]}]},{\"@type\":\"WebPage\",\"@id\":\"https:\\\/\\\/maranhaotv.com.br\\\/index.php\\\/2020\\\/06\\\/19\\\/brasil-atinge-marca-de-um-milhao-de-casos-de-coronavirus\\\/\",\"url\":\"https:\\\/\\\/maranhaotv.com.br\\\/index.php\\\/2020\\\/06\\\/19\\\/brasil-atinge-marca-de-um-milhao-de-casos-de-coronavirus\\\/\",\"name\":\"Brasil atinge marca de um milh\u00e3o de casos de coronav\u00edrus - NOT\u00cdCIAS EM TEMPO REAL\",\"isPartOf\":{\"@id\":\"https:\\\/\\\/maranhaotv.com.br\\\/#website\"},\"primaryImageOfPage\":{\"@id\":\"https:\\\/\\\/maranhaotv.com.br\\\/index.php\\\/2020\\\/06\\\/19\\\/brasil-atinge-marca-de-um-milhao-de-casos-de-coronavirus\\\/#primaryimage\"},\"image\":{\"@id\":\"https:\\\/\\\/maranhaotv.com.br\\\/index.php\\\/2020\\\/06\\\/19\\\/brasil-atinge-marca-de-um-milhao-de-casos-de-coronavirus\\\/#primaryimage\"},\"thumbnailUrl\":\"\",\"datePublished\":\"2020-06-19T17:57:08+00:00\",\"breadcrumb\":{\"@id\":\"https:\\\/\\\/maranhaotv.com.br\\\/index.php\\\/2020\\\/06\\\/19\\\/brasil-atinge-marca-de-um-milhao-de-casos-de-coronavirus\\\/#breadcrumb\"},\"inLanguage\":\"pt-BR\",\"potentialAction\":[{\"@type\":\"ReadAction\",\"target\":[\"https:\\\/\\\/maranhaotv.com.br\\\/index.php\\\/2020\\\/06\\\/19\\\/brasil-atinge-marca-de-um-milhao-de-casos-de-coronavirus\\\/\"]}]},{\"@type\":\"ImageObject\",\"inLanguage\":\"pt-BR\",\"@id\":\"https:\\\/\\\/maranhaotv.com.br\\\/index.php\\\/2020\\\/06\\\/19\\\/brasil-atinge-marca-de-um-milhao-de-casos-de-coronavirus\\\/#primaryimage\",\"url\":\"\",\"contentUrl\":\"\"},{\"@type\":\"BreadcrumbList\",\"@id\":\"https:\\\/\\\/maranhaotv.com.br\\\/index.php\\\/2020\\\/06\\\/19\\\/brasil-atinge-marca-de-um-milhao-de-casos-de-coronavirus\\\/#breadcrumb\",\"itemListElement\":[{\"@type\":\"ListItem\",\"position\":1,\"name\":\"In\u00edcio\",\"item\":\"https:\\\/\\\/maranhaotv.com.br\\\/\"},{\"@type\":\"ListItem\",\"position\":2,\"name\":\"Brasil atinge marca de um milh\u00e3o de casos de coronav\u00edrus\"}]},{\"@type\":\"WebSite\",\"@id\":\"https:\\\/\\\/maranhaotv.com.br\\\/#website\",\"url\":\"https:\\\/\\\/maranhaotv.com.br\\\/\",\"name\":\"Maranh\u00e3oTV\",\"description\":\"\",\"publisher\":{\"@id\":\"https:\\\/\\\/maranhaotv.com.br\\\/#organization\"},\"potentialAction\":[{\"@type\":\"SearchAction\",\"target\":{\"@type\":\"EntryPoint\",\"urlTemplate\":\"https:\\\/\\\/maranhaotv.com.br\\\/?s={search_term_string}\"},\"query-input\":{\"@type\":\"PropertyValueSpecification\",\"valueRequired\":true,\"valueName\":\"search_term_string\"}}],\"inLanguage\":\"pt-BR\"},{\"@type\":\"Organization\",\"@id\":\"https:\\\/\\\/maranhaotv.com.br\\\/#organization\",\"name\":\"Portal de Not\u00edcias\",\"url\":\"https:\\\/\\\/maranhaotv.com.br\\\/\",\"logo\":{\"@type\":\"ImageObject\",\"inLanguage\":\"pt-BR\",\"@id\":\"https:\\\/\\\/maranhaotv.com.br\\\/#\\\/schema\\\/logo\\\/image\\\/\",\"url\":\"https:\\\/\\\/maranhaotv.com.br\\\/wp-content\\\/uploads\\\/2024\\\/05\\\/cropped-cropped-avatar-1.png\",\"contentUrl\":\"https:\\\/\\\/maranhaotv.com.br\\\/wp-content\\\/uploads\\\/2024\\\/05\\\/cropped-cropped-avatar-1.png\",\"width\":792,\"height\":428,\"caption\":\"Portal de Not\u00edcias\"},\"image\":{\"@id\":\"https:\\\/\\\/maranhaotv.com.br\\\/#\\\/schema\\\/logo\\\/image\\\/\"},\"sameAs\":[\"https:\\\/\\\/www.facebook.com\\\/maiobaotv\",\"https:\\\/\\\/x.com\\\/sitemaranhaotv\",\"https:\\\/\\\/www.instagram.com\\\/maranhao.tv\",\"https:\\\/\\\/www.threads.net\\\/@maranhao.tv\"]},{\"@type\":\"Person\",\"@id\":\"https:\\\/\\\/maranhaotv.com.br\\\/#\\\/schema\\\/person\\\/3d54238e86b20bb5c89ab2fdb8f8829a\",\"name\":\"maranhaotv\",\"image\":{\"@type\":\"ImageObject\",\"inLanguage\":\"pt-BR\",\"@id\":\"https:\\\/\\\/secure.gravatar.com\\\/avatar\\\/8fadbca458d4cb68b1dd399ae9a40618d747bb1af65ac9fad21c89220a143eb4?s=96&d=mm&r=g\",\"url\":\"https:\\\/\\\/secure.gravatar.com\\\/avatar\\\/8fadbca458d4cb68b1dd399ae9a40618d747bb1af65ac9fad21c89220a143eb4?s=96&d=mm&r=g\",\"contentUrl\":\"https:\\\/\\\/secure.gravatar.com\\\/avatar\\\/8fadbca458d4cb68b1dd399ae9a40618d747bb1af65ac9fad21c89220a143eb4?s=96&d=mm&r=g\",\"caption\":\"maranhaotv\"},\"sameAs\":[\"https:\\\/\\\/maranhaotv.com.br\\\/\"],\"url\":\"https:\\\/\\\/maranhaotv.com.br\\\/index.php\\\/author\\\/maranhaotv\\\/\"}]}<\/script>\n<!-- \/ Yoast SEO plugin. -->","yoast_head_json":{"title":"Brasil atinge marca de um milh\u00e3o de casos de coronav\u00edrus - NOT\u00cdCIAS EM TEMPO REAL","robots":{"index":"index","follow":"follow","max-snippet":"max-snippet:-1","max-image-preview":"max-image-preview:large","max-video-preview":"max-video-preview:-1"},"canonical":"https:\/\/maranhaotv.com.br\/index.php\/2020\/06\/19\/brasil-atinge-marca-de-um-milhao-de-casos-de-coronavirus\/","og_locale":"pt_BR","og_type":"article","og_title":"Brasil atinge marca de um milh\u00e3o de casos de coronav\u00edrus - NOT\u00cdCIAS EM TEMPO REAL","og_description":"Um boletim extra do cons\u00f3rcio de ve\u00edculos de imprensa, que mostra o levantamento de n\u00famero de casos de coronav\u00edrus a","og_url":"https:\/\/maranhaotv.com.br\/index.php\/2020\/06\/19\/brasil-atinge-marca-de-um-milhao-de-casos-de-coronavirus\/","og_site_name":"NOT\u00cdCIAS EM TEMPO REAL","article_publisher":"https:\/\/www.facebook.com\/maiobaotv","article_published_time":"2020-06-19T17:57:08+00:00","author":"maranhaotv","twitter_card":"summary_large_image","twitter_creator":"@sitemaranhaotv","twitter_site":"@sitemaranhaotv","twitter_misc":{"Escrito por":"maranhaotv","Est. tempo de leitura":"1 minuto"},"schema":{"@context":"https:\/\/schema.org","@graph":[{"@type":"Article","@id":"https:\/\/maranhaotv.com.br\/index.php\/2020\/06\/19\/brasil-atinge-marca-de-um-milhao-de-casos-de-coronavirus\/#article","isPartOf":{"@id":"https:\/\/maranhaotv.com.br\/index.php\/2020\/06\/19\/brasil-atinge-marca-de-um-milhao-de-casos-de-coronavirus\/"},"author":{"name":"maranhaotv","@id":"https:\/\/maranhaotv.com.br\/#\/schema\/person\/3d54238e86b20bb5c89ab2fdb8f8829a"},"headline":"Brasil atinge marca de um milh\u00e3o de casos de coronav\u00edrus","datePublished":"2020-06-19T17:57:08+00:00","mainEntityOfPage":{"@id":"https:\/\/maranhaotv.com.br\/index.php\/2020\/06\/19\/brasil-atinge-marca-de-um-milhao-de-casos-de-coronavirus\/"},"wordCount":291,"commentCount":0,"publisher":{"@id":"https:\/\/maranhaotv.com.br\/#organization"},"image":{"@id":"https:\/\/maranhaotv.com.br\/index.php\/2020\/06\/19\/brasil-atinge-marca-de-um-milhao-de-casos-de-coronavirus\/#primaryimage"},"thumbnailUrl":"","articleSection":["not\u00edcias","sa\u00fade"],"inLanguage":"pt-BR","potentialAction":[{"@type":"CommentAction","name":"Comment","target":["https:\/\/maranhaotv.com.br\/index.php\/2020\/06\/19\/brasil-atinge-marca-de-um-milhao-de-casos-de-coronavirus\/#respond"]}]},{"@type":"WebPage","@id":"https:\/\/maranhaotv.com.br\/index.php\/2020\/06\/19\/brasil-atinge-marca-de-um-milhao-de-casos-de-coronavirus\/","url":"https:\/\/maranhaotv.com.br\/index.php\/2020\/06\/19\/brasil-atinge-marca-de-um-milhao-de-casos-de-coronavirus\/","name":"Brasil atinge marca de um milh\u00e3o de casos de coronav\u00edrus - NOT\u00cdCIAS EM TEMPO REAL","isPartOf":{"@id":"https:\/\/maranhaotv.com.br\/#website"},"primaryImageOfPage":{"@id":"https:\/\/maranhaotv.com.br\/index.php\/2020\/06\/19\/brasil-atinge-marca-de-um-milhao-de-casos-de-coronavirus\/#primaryimage"},"image":{"@id":"https:\/\/maranhaotv.com.br\/index.php\/2020\/06\/19\/brasil-atinge-marca-de-um-milhao-de-casos-de-coronavirus\/#primaryimage"},"thumbnailUrl":"","datePublished":"2020-06-19T17:57:08+00:00","breadcrumb":{"@id":"https:\/\/maranhaotv.com.br\/index.php\/2020\/06\/19\/brasil-atinge-marca-de-um-milhao-de-casos-de-coronavirus\/#breadcrumb"},"inLanguage":"pt-BR","potentialAction":[{"@type":"ReadAction","target":["https:\/\/maranhaotv.com.br\/index.php\/2020\/06\/19\/brasil-atinge-marca-de-um-milhao-de-casos-de-coronavirus\/"]}]},{"@type":"ImageObject","inLanguage":"pt-BR","@id":"https:\/\/maranhaotv.com.br\/index.php\/2020\/06\/19\/brasil-atinge-marca-de-um-milhao-de-casos-de-coronavirus\/#primaryimage","url":"","contentUrl":""},{"@type":"BreadcrumbList","@id":"https:\/\/maranhaotv.com.br\/index.php\/2020\/06\/19\/brasil-atinge-marca-de-um-milhao-de-casos-de-coronavirus\/#breadcrumb","itemListElement":[{"@type":"ListItem","position":1,"name":"In\u00edcio","item":"https:\/\/maranhaotv.com.br\/"},{"@type":"ListItem","position":2,"name":"Brasil atinge marca de um milh\u00e3o de casos de coronav\u00edrus"}]},{"@type":"WebSite","@id":"https:\/\/maranhaotv.com.br\/#website","url":"https:\/\/maranhaotv.com.br\/","name":"Maranh\u00e3oTV","description":"","publisher":{"@id":"https:\/\/maranhaotv.com.br\/#organization"},"potentialAction":[{"@type":"SearchAction","target":{"@type":"EntryPoint","urlTemplate":"https:\/\/maranhaotv.com.br\/?s={search_term_string}"},"query-input":{"@type":"PropertyValueSpecification","valueRequired":true,"valueName":"search_term_string"}}],"inLanguage":"pt-BR"},{"@type":"Organization","@id":"https:\/\/maranhaotv.com.br\/#organization","name":"Portal de Not\u00edcias","url":"https:\/\/maranhaotv.com.br\/","logo":{"@type":"ImageObject","inLanguage":"pt-BR","@id":"https:\/\/maranhaotv.com.br\/#\/schema\/logo\/image\/","url":"https:\/\/maranhaotv.com.br\/wp-content\/uploads\/2024\/05\/cropped-cropped-avatar-1.png","contentUrl":"https:\/\/maranhaotv.com.br\/wp-content\/uploads\/2024\/05\/cropped-cropped-avatar-1.png","width":792,"height":428,"caption":"Portal de Not\u00edcias"},"image":{"@id":"https:\/\/maranhaotv.com.br\/#\/schema\/logo\/image\/"},"sameAs":["https:\/\/www.facebook.com\/maiobaotv","https:\/\/x.com\/sitemaranhaotv","https:\/\/www.instagram.com\/maranhao.tv","https:\/\/www.threads.net\/@maranhao.tv"]},{"@type":"Person","@id":"https:\/\/maranhaotv.com.br\/#\/schema\/person\/3d54238e86b20bb5c89ab2fdb8f8829a","name":"maranhaotv","image":{"@type":"ImageObject","inLanguage":"pt-BR","@id":"https:\/\/secure.gravatar.com\/avatar\/8fadbca458d4cb68b1dd399ae9a40618d747bb1af65ac9fad21c89220a143eb4?s=96&d=mm&r=g","url":"https:\/\/secure.gravatar.com\/avatar\/8fadbca458d4cb68b1dd399ae9a40618d747bb1af65ac9fad21c89220a143eb4?s=96&d=mm&r=g","contentUrl":"https:\/\/secure.gravatar.com\/avatar\/8fadbca458d4cb68b1dd399ae9a40618d747bb1af65ac9fad21c89220a143eb4?s=96&d=mm&r=g","caption":"maranhaotv"},"sameAs":["https:\/\/maranhaotv.com.br\/"],"url":"https:\/\/maranhaotv.com.br\/index.php\/author\/maranhaotv\/"}]}},"jetpack_featured_media_url":"","jetpack_sharing_enabled":true,"_links":{"self":[{"href":"https:\/\/maranhaotv.com.br\/index.php\/wp-json\/wp\/v2\/posts\/12762","targetHints":{"allow":["GET"]}}],"collection":[{"href":"https:\/\/maranhaotv.com.br\/index.php\/wp-json\/wp\/v2\/posts"}],"about":[{"href":"https:\/\/maranhaotv.com.br\/index.php\/wp-json\/wp\/v2\/types\/post"}],"author":[{"embeddable":true,"href":"https:\/\/maranhaotv.com.br\/index.php\/wp-json\/wp\/v2\/users\/2"}],"replies":[{"embeddable":true,"href":"https:\/\/maranhaotv.com.br\/index.php\/wp-json\/wp\/v2\/comments?post=12762"}],"version-history":[{"count":0,"href":"https:\/\/maranhaotv.com.br\/index.php\/wp-json\/wp\/v2\/posts\/12762\/revisions"}],"wp:featuredmedia":[{"embeddable":true,"href":"https:\/\/maranhaotv.com.br\/index.php\/wp-json\/"}],"wp:attachment":[{"href":"https:\/\/maranhaotv.com.br\/index.php\/wp-json\/wp\/v2\/media?parent=12762"}],"wp:term":[{"taxonomy":"category","embeddable":true,"href":"https:\/\/maranhaotv.com.br\/index.php\/wp-json\/wp\/v2\/categories?post=12762"},{"taxonomy":"post_tag","embeddable":true,"href":"https:\/\/maranhaotv.com.br\/index.php\/wp-json\/wp\/v2\/tags?post=12762"}],"curies":[{"name":"wp","href":"https:\/\/api.w.org\/{rel}","templated":true}]}}