{"id":12897,"date":"2020-06-25T16:20:06","date_gmt":"2020-06-25T19:20:06","guid":{"rendered":"https:\/\/maiobaotv.com.br\/?p=12897"},"modified":"2020-06-25T16:20:06","modified_gmt":"2020-06-25T19:20:06","slug":"festejo-da-paroquia-sao-paulo-apostolo-tera-programacao-especial-confira","status":"publish","type":"post","link":"https:\/\/maranhaotv.com.br\/index.php\/2020\/06\/25\/festejo-da-paroquia-sao-paulo-apostolo-tera-programacao-especial-confira\/","title":{"rendered":"Festejo da Par\u00f3quia S\u00e3o Paulo Ap\u00f3stolo ter\u00e1 programa\u00e7\u00e3o especial. Confira!"},"content":{"rendered":"<p>A partir desta sexta-feira (26) at\u00e9 domingo (28), o Festejo da Par\u00f3quia S\u00e3o Paulo Ap\u00f3stolo ter\u00e1 uma programa\u00e7\u00e3o especial em homenagem ao padroeiro. Nesse ano, todas as festividades ser\u00e3o transmitidas pelas redes sociais (YouTube e Instagram da Par\u00f3quia), respeitando todas as normas de seguran\u00e7a exigidas devido a pandemia.<\/p>\n<p>A programa\u00e7\u00e3o inclui missas, ter\u00e7o, adora\u00e7\u00e3o e tamb\u00e9m lives culturais com diversos grupos e cantores. Para quem adora comida t\u00edpica, esse ano ela ser\u00e1 vendida em sistema drive-thru, nos tr\u00eas dias do festejo do padroeiri, tudo sem sair do carro!<\/p>\n<p>Confira toda a programa\u00e7\u00e3o do Festejo da Par\u00f3quia S\u00e3o Paulo Ap\u00f3stolo:<\/p>\n<p><img loading=\"lazy\" decoding=\"async\" src=\"https:\/\/maiobaotv.com.br\/wp-content\/uploads\/2020\/06\/img-20200624-wa02627693901547776029749.jpg\" class=\"wp-image-12896 alignnone size-full\" width=\"720\" height=\"1280\"><\/p>\n<p><img loading=\"lazy\" decoding=\"async\" src=\"https:\/\/maiobaotv.com.br\/wp-content\/uploads\/2020\/06\/img-20200625-wa02041082959212122492279.jpg\" class=\"wp-image-12898 alignnone size-full\" width=\"1280\" height=\"1280\"><\/p>\n<p><img loading=\"lazy\" decoding=\"async\" src=\"https:\/\/maiobaotv.com.br\/wp-content\/uploads\/2020\/06\/img-20200625-wa02172554132784001914660.jpg\" class=\"wp-image-12899 alignnone size-full\" width=\"1280\" height=\"1280\"><\/p>\n<p><img loading=\"lazy\" decoding=\"async\" src=\"https:\/\/maiobaotv.com.br\/wp-content\/uploads\/2020\/06\/img-20200622-wa01272311810932361539719.jpg\" class=\"wp-image-12901 alignnone size-full\" width=\"720\" height=\"1280\"><\/p>\n","protected":false},"excerpt":{"rendered":"<p>A partir desta sexta-feira (26) at\u00e9 domingo (28), o Festejo da Par\u00f3quia S\u00e3o Paulo Ap\u00f3stolo ter\u00e1 uma programa\u00e7\u00e3o especial em<\/p>\n","protected":false},"author":2,"featured_media":12902,"comment_status":"open","ping_status":"open","sticky":false,"template":"","format":"standard","meta":{"colormag_page_container_layout":"default_layout","colormag_page_sidebar_layout":"default_layout","_jetpack_memberships_contains_paid_content":false,"footnotes":""},"categories":[2],"tags":[],"class_list":["post-12897","post","type-post","status-publish","format-standard","has-post-thumbnail","hentry","category-noticias"],"magazineBlocksPostFeaturedMedia":{"thumbnail":false,"medium":false,"medium_large":false,"large":false,"1536x1536":false,"2048x2048":false,"colormag-highlighted-post":false,"colormag-featured-post-medium":false,"colormag-featured-post-small":false,"colormag-featured-image":false,"colormag-default-news":false,"colormag-featured-image-large":false},"magazineBlocksPostAuthor":{"name":"maranhaotv","avatar":"https:\/\/secure.gravatar.com\/avatar\/8fadbca458d4cb68b1dd399ae9a40618d747bb1af65ac9fad21c89220a143eb4?s=96&d=mm&r=g"},"magazineBlocksPostCommentsNumber":"0","magazineBlocksPostExcerpt":"A partir desta sexta-feira (26) at\u00e9 domingo (28), o Festejo da Par\u00f3quia S\u00e3o Paulo Ap\u00f3stolo ter\u00e1 uma programa\u00e7\u00e3o especial em","magazineBlocksPostCategories":["not\u00edcias"],"magazineBlocksPostViewCount":157,"magazineBlocksPostReadTime":1,"magazine_blocks_featured_image_url":{"full":false,"medium":false,"thumbnail":false},"magazine_blocks_author":{"display_name":"maranhaotv","author_link":"https:\/\/maranhaotv.com.br\/index.php\/author\/maranhaotv\/"},"magazine_blocks_comment":0,"magazine_blocks_author_image":"https:\/\/secure.gravatar.com\/avatar\/8fadbca458d4cb68b1dd399ae9a40618d747bb1af65ac9fad21c89220a143eb4?s=96&d=mm&r=g","magazine_blocks_category":"<a href=\"#\" class=\"category-link category-link-2\">not\u00edcias<\/a>","jetpack_featured_media_url":"","jetpack_sharing_enabled":true,"_links":{"self":[{"href":"https:\/\/maranhaotv.com.br\/index.php\/wp-json\/wp\/v2\/posts\/12897","targetHints":{"allow":["GET"]}}],"collection":[{"href":"https:\/\/maranhaotv.com.br\/index.php\/wp-json\/wp\/v2\/posts"}],"about":[{"href":"https:\/\/maranhaotv.com.br\/index.php\/wp-json\/wp\/v2\/types\/post"}],"author":[{"embeddable":true,"href":"https:\/\/maranhaotv.com.br\/index.php\/wp-json\/wp\/v2\/users\/2"}],"replies":[{"embeddable":true,"href":"https:\/\/maranhaotv.com.br\/index.php\/wp-json\/wp\/v2\/comments?post=12897"}],"version-history":[{"count":0,"href":"https:\/\/maranhaotv.com.br\/index.php\/wp-json\/wp\/v2\/posts\/12897\/revisions"}],"wp:featuredmedia":[{"embeddable":true,"href":"https:\/\/maranhaotv.com.br\/index.php\/wp-json\/"}],"wp:attachment":[{"href":"https:\/\/maranhaotv.com.br\/index.php\/wp-json\/wp\/v2\/media?parent=12897"}],"wp:term":[{"taxonomy":"category","embeddable":true,"href":"https:\/\/maranhaotv.com.br\/index.php\/wp-json\/wp\/v2\/categories?post=12897"},{"taxonomy":"post_tag","embeddable":true,"href":"https:\/\/maranhaotv.com.br\/index.php\/wp-json\/wp\/v2\/tags?post=12897"}],"curies":[{"name":"wp","href":"https:\/\/api.w.org\/{rel}","templated":true}]}}