{"id":13137,"date":"2020-07-08T08:45:28","date_gmt":"2020-07-08T11:45:28","guid":{"rendered":"https:\/\/maiobaotv.com.br\/?p=13137"},"modified":"2020-07-08T08:45:28","modified_gmt":"2020-07-08T11:45:28","slug":"camara-aprova-mp-que-suspende-cumprimento-minimo-de-dias-letivos","status":"publish","type":"post","link":"https:\/\/maranhaotv.com.br\/index.php\/2020\/07\/08\/camara-aprova-mp-que-suspende-cumprimento-minimo-de-dias-letivos\/","title":{"rendered":"C\u00e2mara aprova MP que suspende cumprimento m\u00ednimo de dias letivos"},"content":{"rendered":"<h5>Texto segue para a aprecia\u00e7\u00e3o do Senado<\/h5>\n<p>A C\u00e2mara dos Deputados concluiu nesta ter\u00e7a-feira (7) a an\u00e1lise da Medida Provis\u00f3ria 934\/2020, que suspende a obrigatoriedade de escolas e institui\u00e7\u00f5es de ensino superior cumprirem uma quantidade m\u00ednima de dias letivos neste ano devido \u00e0 pandemia da covid-19. A mat\u00e9ria segue para o Senado. <\/p>\n<p>O texto prev\u00ea que escolas de educa\u00e7\u00e3o infantil ser\u00e3o dispensadas de cumprir os 200 dias do ano letivo e a carga m\u00ednima de 800 horas. J\u00e1 as escolas de ensino fundamental e m\u00e9dio dever\u00e3o cumprir a carga hor\u00e1ria m\u00ednima de 800 horas e n\u00e3o ter\u00e3o obriga\u00e7\u00e3o de cumprir os 200 dias letivos. <\/p>\n<p>Para assegurar que o conte\u00fado curricular dos estudantes seja aplicado, o Conselho Nacional de Educa\u00e7\u00e3o (CNE) editar\u00e1 diretrizes nacionais para implantar a regra, segundo a Base Nacional Comum Curricular (BNCC) e sem preju\u00edzo da qualidade do ensino e da aprendizagem.<\/p>\n<p>\u201cA Organiza\u00e7\u00e3o dos Estados Ibero-americanos para a Educa\u00e7\u00e3o, a Ci\u00eancia e a Cultura (OEI) vem analisando os efeitos no aprendizado decorrentes do fechamento prolongado de escolas. A institui\u00e7\u00e3o estima que cerca de 126 milh\u00f5es de estudantes, da educa\u00e7\u00e3o infantil \u00e0 superior, est\u00e3o sem ir \u00e0s aulas por conta da pandemia da nova covid-19 nos 24 pa\u00edses que integram a entidade\u201d, argumentou a relatora da proposta, deputada Luisa Canziani (PTB-PR).<\/p>\n<p>A deputada ressaltou ainda que dados da Organiza\u00e7\u00e3o das Na\u00e7\u00f5es Unidas para a Educa\u00e7\u00e3o, a Ci\u00eancia e a Cultura (Unesco) apontam que 192 pa\u00edses tiveram seus sistemas de ensino afetados, com mais de 1,5 bilh\u00e3o de alunos fora das escolas. No Brasil, as aulas presenciais est\u00e3o suspensas em todo o territ\u00f3rio nacional.<\/p>\n<p>A proposta de Canziani permite que o conte\u00fado acad\u00eamico deste ano seja aplicado em 2021, juntando duas s\u00e9ries ou anos escolares. Pelo texto, o uso de atividade pedag\u00f3gicas online est\u00e1 permitido, mas para contar como carga hor\u00e1ria m\u00ednima dever\u00e1 seguir crit\u00e9rios definidos pelo CNE. Cada faixa et\u00e1ria dos estudantes e de cada modalidade de ensino ter\u00e1 sua pr\u00f3pria regra.<\/p>\n<p>A medida tamb\u00e9m assegura aos estudantes das redes p\u00fablicas a continuidade de programas de alimenta\u00e7\u00e3o e de assist\u00eancia \u00e0 sa\u00fade durante o per\u00edodo que perdurar a pandemia do novo coronav\u00edrus (covid-19). Atualmente, a distribui\u00e7\u00e3o de g\u00eaneros aliment\u00edcios adquiridos pelas escolas com os recursos do Programa Nacional de Alimenta\u00e7\u00e3o Escolar (PNAE) j\u00e1 est\u00e1 prevista em lei. O texto de Canziani assegura que parte desses alimentos sejam oriundos da agricultura familiar e do empreendedor familiar rural.<\/p>\n<p>Enem<\/p>\n<p>A medida prev\u00ea que o Minist\u00e9rio da Educa\u00e7\u00e3o (MEC) dever\u00e1 ouvir as secretarias estaduais de Educa\u00e7\u00e3o para definir a nova data do Exame Nacional de Ensino M\u00e9dio (Enem). O Sistema de Sele\u00e7\u00e3o Unificada (Sisu) e do Programa Universidade para Todos (Prouni) dever\u00e3o ter seus processos seletivo compat\u00edveis com a data de divulga\u00e7\u00e3o dos resultados do Enem.<\/p>\n<p>Segundo enquete realizada pela pasta, 49,7% dos estudantes preferem que o Enem impresso seja aplicado em 2 e 9 de maio de 2021 e o Enem digital em 16 e 23 de maio. As provas, que aconteceriam em novembro deste ano, foram adiadas em fun\u00e7\u00e3o das medidas de enfrentamento \u00e0 pandemia da covid-19. <\/p>\n<p>Ensino superior<\/p>\n<p>As institui\u00e7\u00f5es de ensino superior n\u00e3o ser\u00e3o obrigadas a cumprir os 200 dias letivos. No entanto, a carga hor\u00e1ria prevista da grade curricular de cada curso deve ser cumprida. Pelo projeto, n\u00e3o dever\u00e1 haver preju\u00edzo aos conte\u00fados essenciais para o exerc\u00edcio da profiss\u00e3o e as atividades pedag\u00f3gicas n\u00e3o presenciais tamb\u00e9m ser\u00e3o admitidas para completar a carga hor\u00e1ria.<\/p>\n<p>O texto autoriza a antecipa\u00e7\u00e3o da conclus\u00e3o de cursos espec\u00edficos da \u00e1rea de sa\u00fade, desde que cumpridos alguns requisitos. No caso de medicina, o aluno precisa ter cumprido 75% da carga hor\u00e1ria do internato e nos cursos de enfermagem, farm\u00e1cia, fisioterapia e odontologia, o m\u00ednimo \u00e9 75% da carga hor\u00e1ria dos est\u00e1gios curriculares obrigat\u00f3rios.<\/p>\n<p>A mesma regra ser\u00e1 aplicada aos cursos de educa\u00e7\u00e3o profissional t\u00e9cnica de n\u00edvel m\u00e9dio caso tenham rela\u00e7\u00e3o ao combate \u00e0 pandemia. O estudante precisar\u00e1 ter cumprido, no m\u00ednimo, 75% da carga hor\u00e1ria dos est\u00e1gios curriculares obrigat\u00f3rios.<\/p>\n","protected":false},"excerpt":{"rendered":"<p>Texto segue para a aprecia\u00e7\u00e3o do Senado A C\u00e2mara dos Deputados concluiu nesta ter\u00e7a-feira (7) a an\u00e1lise da Medida Provis\u00f3ria<\/p>\n","protected":false},"author":2,"featured_media":13136,"comment_status":"open","ping_status":"open","sticky":false,"template":"","format":"standard","meta":{"colormag_page_container_layout":"default_layout","colormag_page_sidebar_layout":"default_layout","_jetpack_memberships_contains_paid_content":false,"footnotes":""},"categories":[2],"tags":[],"class_list":["post-13137","post","type-post","status-publish","format-standard","has-post-thumbnail","hentry","category-noticias"],"magazineBlocksPostFeaturedMedia":{"thumbnail":false,"medium":false,"medium_large":false,"large":false,"1536x1536":false,"2048x2048":false,"colormag-highlighted-post":false,"colormag-featured-post-medium":false,"colormag-featured-post-small":false,"colormag-featured-image":false,"colormag-default-news":false,"colormag-featured-image-large":false},"magazineBlocksPostAuthor":{"name":"maranhaotv","avatar":"https:\/\/secure.gravatar.com\/avatar\/8fadbca458d4cb68b1dd399ae9a40618d747bb1af65ac9fad21c89220a143eb4?s=96&d=mm&r=g"},"magazineBlocksPostCommentsNumber":"0","magazineBlocksPostExcerpt":"Texto segue para a aprecia\u00e7\u00e3o do Senado A C\u00e2mara dos Deputados concluiu nesta ter\u00e7a-feira (7) a an\u00e1lise da Medida Provis\u00f3ria","magazineBlocksPostCategories":["not\u00edcias"],"magazineBlocksPostViewCount":165,"magazineBlocksPostReadTime":4,"magazine_blocks_featured_image_url":{"full":false,"medium":false,"thumbnail":false},"magazine_blocks_author":{"display_name":"maranhaotv","author_link":"https:\/\/maranhaotv.com.br\/index.php\/author\/maranhaotv\/"},"magazine_blocks_comment":0,"magazine_blocks_author_image":"https:\/\/secure.gravatar.com\/avatar\/8fadbca458d4cb68b1dd399ae9a40618d747bb1af65ac9fad21c89220a143eb4?s=96&d=mm&r=g","magazine_blocks_category":"<a href=\"#\" class=\"category-link category-link-2\">not\u00edcias<\/a>","yoast_head":"<!-- This site is optimized with the Yoast SEO plugin v27.4 - https:\/\/yoast.com\/product\/yoast-seo-wordpress\/ -->\n<title>C\u00e2mara aprova MP que suspende cumprimento m\u00ednimo de dias letivos - NOT\u00cdCIAS EM TEMPO REAL<\/title>\n<meta name=\"robots\" content=\"index, follow, max-snippet:-1, max-image-preview:large, max-video-preview:-1\" \/>\n<link rel=\"canonical\" href=\"https:\/\/maranhaotv.com.br\/index.php\/2020\/07\/08\/camara-aprova-mp-que-suspende-cumprimento-minimo-de-dias-letivos\/\" \/>\n<meta property=\"og:locale\" content=\"pt_BR\" \/>\n<meta property=\"og:type\" content=\"article\" \/>\n<meta property=\"og:title\" content=\"C\u00e2mara aprova MP que suspende cumprimento m\u00ednimo de dias letivos - NOT\u00cdCIAS EM TEMPO REAL\" \/>\n<meta property=\"og:description\" content=\"Texto segue para a aprecia\u00e7\u00e3o do Senado A C\u00e2mara dos Deputados concluiu nesta ter\u00e7a-feira (7) a an\u00e1lise da Medida Provis\u00f3ria\" \/>\n<meta property=\"og:url\" content=\"https:\/\/maranhaotv.com.br\/index.php\/2020\/07\/08\/camara-aprova-mp-que-suspende-cumprimento-minimo-de-dias-letivos\/\" \/>\n<meta property=\"og:site_name\" content=\"NOT\u00cdCIAS EM TEMPO REAL\" \/>\n<meta property=\"article:publisher\" content=\"https:\/\/www.facebook.com\/maiobaotv\" \/>\n<meta property=\"article:published_time\" content=\"2020-07-08T11:45:28+00:00\" \/>\n<meta name=\"author\" content=\"maranhaotv\" \/>\n<meta name=\"twitter:card\" content=\"summary_large_image\" \/>\n<meta name=\"twitter:creator\" content=\"@sitemaranhaotv\" \/>\n<meta name=\"twitter:site\" content=\"@sitemaranhaotv\" \/>\n<meta name=\"twitter:label1\" content=\"Escrito por\" \/>\n\t<meta name=\"twitter:data1\" content=\"maranhaotv\" \/>\n\t<meta name=\"twitter:label2\" content=\"Est. tempo de leitura\" \/>\n\t<meta name=\"twitter:data2\" content=\"4 minutos\" \/>\n<script type=\"application\/ld+json\" class=\"yoast-schema-graph\">{\"@context\":\"https:\\\/\\\/schema.org\",\"@graph\":[{\"@type\":\"Article\",\"@id\":\"https:\\\/\\\/maranhaotv.com.br\\\/index.php\\\/2020\\\/07\\\/08\\\/camara-aprova-mp-que-suspende-cumprimento-minimo-de-dias-letivos\\\/#article\",\"isPartOf\":{\"@id\":\"https:\\\/\\\/maranhaotv.com.br\\\/index.php\\\/2020\\\/07\\\/08\\\/camara-aprova-mp-que-suspende-cumprimento-minimo-de-dias-letivos\\\/\"},\"author\":{\"name\":\"maranhaotv\",\"@id\":\"https:\\\/\\\/maranhaotv.com.br\\\/#\\\/schema\\\/person\\\/3d54238e86b20bb5c89ab2fdb8f8829a\"},\"headline\":\"C\u00e2mara aprova MP que suspende cumprimento m\u00ednimo de dias letivos\",\"datePublished\":\"2020-07-08T11:45:28+00:00\",\"mainEntityOfPage\":{\"@id\":\"https:\\\/\\\/maranhaotv.com.br\\\/index.php\\\/2020\\\/07\\\/08\\\/camara-aprova-mp-que-suspende-cumprimento-minimo-de-dias-letivos\\\/\"},\"wordCount\":741,\"commentCount\":0,\"publisher\":{\"@id\":\"https:\\\/\\\/maranhaotv.com.br\\\/#organization\"},\"image\":{\"@id\":\"https:\\\/\\\/maranhaotv.com.br\\\/index.php\\\/2020\\\/07\\\/08\\\/camara-aprova-mp-que-suspende-cumprimento-minimo-de-dias-letivos\\\/#primaryimage\"},\"thumbnailUrl\":\"\",\"articleSection\":[\"not\u00edcias\"],\"inLanguage\":\"pt-BR\",\"potentialAction\":[{\"@type\":\"CommentAction\",\"name\":\"Comment\",\"target\":[\"https:\\\/\\\/maranhaotv.com.br\\\/index.php\\\/2020\\\/07\\\/08\\\/camara-aprova-mp-que-suspende-cumprimento-minimo-de-dias-letivos\\\/#respond\"]}]},{\"@type\":\"WebPage\",\"@id\":\"https:\\\/\\\/maranhaotv.com.br\\\/index.php\\\/2020\\\/07\\\/08\\\/camara-aprova-mp-que-suspende-cumprimento-minimo-de-dias-letivos\\\/\",\"url\":\"https:\\\/\\\/maranhaotv.com.br\\\/index.php\\\/2020\\\/07\\\/08\\\/camara-aprova-mp-que-suspende-cumprimento-minimo-de-dias-letivos\\\/\",\"name\":\"C\u00e2mara aprova MP que suspende cumprimento m\u00ednimo de dias letivos - NOT\u00cdCIAS EM TEMPO REAL\",\"isPartOf\":{\"@id\":\"https:\\\/\\\/maranhaotv.com.br\\\/#website\"},\"primaryImageOfPage\":{\"@id\":\"https:\\\/\\\/maranhaotv.com.br\\\/index.php\\\/2020\\\/07\\\/08\\\/camara-aprova-mp-que-suspende-cumprimento-minimo-de-dias-letivos\\\/#primaryimage\"},\"image\":{\"@id\":\"https:\\\/\\\/maranhaotv.com.br\\\/index.php\\\/2020\\\/07\\\/08\\\/camara-aprova-mp-que-suspende-cumprimento-minimo-de-dias-letivos\\\/#primaryimage\"},\"thumbnailUrl\":\"\",\"datePublished\":\"2020-07-08T11:45:28+00:00\",\"breadcrumb\":{\"@id\":\"https:\\\/\\\/maranhaotv.com.br\\\/index.php\\\/2020\\\/07\\\/08\\\/camara-aprova-mp-que-suspende-cumprimento-minimo-de-dias-letivos\\\/#breadcrumb\"},\"inLanguage\":\"pt-BR\",\"potentialAction\":[{\"@type\":\"ReadAction\",\"target\":[\"https:\\\/\\\/maranhaotv.com.br\\\/index.php\\\/2020\\\/07\\\/08\\\/camara-aprova-mp-que-suspende-cumprimento-minimo-de-dias-letivos\\\/\"]}]},{\"@type\":\"ImageObject\",\"inLanguage\":\"pt-BR\",\"@id\":\"https:\\\/\\\/maranhaotv.com.br\\\/index.php\\\/2020\\\/07\\\/08\\\/camara-aprova-mp-que-suspende-cumprimento-minimo-de-dias-letivos\\\/#primaryimage\",\"url\":\"\",\"contentUrl\":\"\"},{\"@type\":\"BreadcrumbList\",\"@id\":\"https:\\\/\\\/maranhaotv.com.br\\\/index.php\\\/2020\\\/07\\\/08\\\/camara-aprova-mp-que-suspende-cumprimento-minimo-de-dias-letivos\\\/#breadcrumb\",\"itemListElement\":[{\"@type\":\"ListItem\",\"position\":1,\"name\":\"In\u00edcio\",\"item\":\"https:\\\/\\\/maranhaotv.com.br\\\/\"},{\"@type\":\"ListItem\",\"position\":2,\"name\":\"C\u00e2mara aprova MP que suspende cumprimento m\u00ednimo de dias letivos\"}]},{\"@type\":\"WebSite\",\"@id\":\"https:\\\/\\\/maranhaotv.com.br\\\/#website\",\"url\":\"https:\\\/\\\/maranhaotv.com.br\\\/\",\"name\":\"Maranh\u00e3oTV\",\"description\":\"\",\"publisher\":{\"@id\":\"https:\\\/\\\/maranhaotv.com.br\\\/#organization\"},\"potentialAction\":[{\"@type\":\"SearchAction\",\"target\":{\"@type\":\"EntryPoint\",\"urlTemplate\":\"https:\\\/\\\/maranhaotv.com.br\\\/?s={search_term_string}\"},\"query-input\":{\"@type\":\"PropertyValueSpecification\",\"valueRequired\":true,\"valueName\":\"search_term_string\"}}],\"inLanguage\":\"pt-BR\"},{\"@type\":\"Organization\",\"@id\":\"https:\\\/\\\/maranhaotv.com.br\\\/#organization\",\"name\":\"Portal de Not\u00edcias\",\"url\":\"https:\\\/\\\/maranhaotv.com.br\\\/\",\"logo\":{\"@type\":\"ImageObject\",\"inLanguage\":\"pt-BR\",\"@id\":\"https:\\\/\\\/maranhaotv.com.br\\\/#\\\/schema\\\/logo\\\/image\\\/\",\"url\":\"https:\\\/\\\/maranhaotv.com.br\\\/wp-content\\\/uploads\\\/2024\\\/05\\\/cropped-cropped-avatar-1.png\",\"contentUrl\":\"https:\\\/\\\/maranhaotv.com.br\\\/wp-content\\\/uploads\\\/2024\\\/05\\\/cropped-cropped-avatar-1.png\",\"width\":792,\"height\":428,\"caption\":\"Portal de Not\u00edcias\"},\"image\":{\"@id\":\"https:\\\/\\\/maranhaotv.com.br\\\/#\\\/schema\\\/logo\\\/image\\\/\"},\"sameAs\":[\"https:\\\/\\\/www.facebook.com\\\/maiobaotv\",\"https:\\\/\\\/x.com\\\/sitemaranhaotv\",\"https:\\\/\\\/www.instagram.com\\\/maranhao.tv\",\"https:\\\/\\\/www.threads.net\\\/@maranhao.tv\"]},{\"@type\":\"Person\",\"@id\":\"https:\\\/\\\/maranhaotv.com.br\\\/#\\\/schema\\\/person\\\/3d54238e86b20bb5c89ab2fdb8f8829a\",\"name\":\"maranhaotv\",\"image\":{\"@type\":\"ImageObject\",\"inLanguage\":\"pt-BR\",\"@id\":\"https:\\\/\\\/secure.gravatar.com\\\/avatar\\\/8fadbca458d4cb68b1dd399ae9a40618d747bb1af65ac9fad21c89220a143eb4?s=96&d=mm&r=g\",\"url\":\"https:\\\/\\\/secure.gravatar.com\\\/avatar\\\/8fadbca458d4cb68b1dd399ae9a40618d747bb1af65ac9fad21c89220a143eb4?s=96&d=mm&r=g\",\"contentUrl\":\"https:\\\/\\\/secure.gravatar.com\\\/avatar\\\/8fadbca458d4cb68b1dd399ae9a40618d747bb1af65ac9fad21c89220a143eb4?s=96&d=mm&r=g\",\"caption\":\"maranhaotv\"},\"sameAs\":[\"https:\\\/\\\/maranhaotv.com.br\\\/\"],\"url\":\"https:\\\/\\\/maranhaotv.com.br\\\/index.php\\\/author\\\/maranhaotv\\\/\"}]}<\/script>\n<!-- \/ Yoast SEO plugin. -->","yoast_head_json":{"title":"C\u00e2mara aprova MP que suspende cumprimento m\u00ednimo de dias letivos - NOT\u00cdCIAS EM TEMPO REAL","robots":{"index":"index","follow":"follow","max-snippet":"max-snippet:-1","max-image-preview":"max-image-preview:large","max-video-preview":"max-video-preview:-1"},"canonical":"https:\/\/maranhaotv.com.br\/index.php\/2020\/07\/08\/camara-aprova-mp-que-suspende-cumprimento-minimo-de-dias-letivos\/","og_locale":"pt_BR","og_type":"article","og_title":"C\u00e2mara aprova MP que suspende cumprimento m\u00ednimo de dias letivos - NOT\u00cdCIAS EM TEMPO REAL","og_description":"Texto segue para a aprecia\u00e7\u00e3o do Senado A C\u00e2mara dos Deputados concluiu nesta ter\u00e7a-feira (7) a an\u00e1lise da Medida Provis\u00f3ria","og_url":"https:\/\/maranhaotv.com.br\/index.php\/2020\/07\/08\/camara-aprova-mp-que-suspende-cumprimento-minimo-de-dias-letivos\/","og_site_name":"NOT\u00cdCIAS EM TEMPO REAL","article_publisher":"https:\/\/www.facebook.com\/maiobaotv","article_published_time":"2020-07-08T11:45:28+00:00","author":"maranhaotv","twitter_card":"summary_large_image","twitter_creator":"@sitemaranhaotv","twitter_site":"@sitemaranhaotv","twitter_misc":{"Escrito por":"maranhaotv","Est. tempo de leitura":"4 minutos"},"schema":{"@context":"https:\/\/schema.org","@graph":[{"@type":"Article","@id":"https:\/\/maranhaotv.com.br\/index.php\/2020\/07\/08\/camara-aprova-mp-que-suspende-cumprimento-minimo-de-dias-letivos\/#article","isPartOf":{"@id":"https:\/\/maranhaotv.com.br\/index.php\/2020\/07\/08\/camara-aprova-mp-que-suspende-cumprimento-minimo-de-dias-letivos\/"},"author":{"name":"maranhaotv","@id":"https:\/\/maranhaotv.com.br\/#\/schema\/person\/3d54238e86b20bb5c89ab2fdb8f8829a"},"headline":"C\u00e2mara aprova MP que suspende cumprimento m\u00ednimo de dias letivos","datePublished":"2020-07-08T11:45:28+00:00","mainEntityOfPage":{"@id":"https:\/\/maranhaotv.com.br\/index.php\/2020\/07\/08\/camara-aprova-mp-que-suspende-cumprimento-minimo-de-dias-letivos\/"},"wordCount":741,"commentCount":0,"publisher":{"@id":"https:\/\/maranhaotv.com.br\/#organization"},"image":{"@id":"https:\/\/maranhaotv.com.br\/index.php\/2020\/07\/08\/camara-aprova-mp-que-suspende-cumprimento-minimo-de-dias-letivos\/#primaryimage"},"thumbnailUrl":"","articleSection":["not\u00edcias"],"inLanguage":"pt-BR","potentialAction":[{"@type":"CommentAction","name":"Comment","target":["https:\/\/maranhaotv.com.br\/index.php\/2020\/07\/08\/camara-aprova-mp-que-suspende-cumprimento-minimo-de-dias-letivos\/#respond"]}]},{"@type":"WebPage","@id":"https:\/\/maranhaotv.com.br\/index.php\/2020\/07\/08\/camara-aprova-mp-que-suspende-cumprimento-minimo-de-dias-letivos\/","url":"https:\/\/maranhaotv.com.br\/index.php\/2020\/07\/08\/camara-aprova-mp-que-suspende-cumprimento-minimo-de-dias-letivos\/","name":"C\u00e2mara aprova MP que suspende cumprimento m\u00ednimo de dias letivos - NOT\u00cdCIAS EM TEMPO REAL","isPartOf":{"@id":"https:\/\/maranhaotv.com.br\/#website"},"primaryImageOfPage":{"@id":"https:\/\/maranhaotv.com.br\/index.php\/2020\/07\/08\/camara-aprova-mp-que-suspende-cumprimento-minimo-de-dias-letivos\/#primaryimage"},"image":{"@id":"https:\/\/maranhaotv.com.br\/index.php\/2020\/07\/08\/camara-aprova-mp-que-suspende-cumprimento-minimo-de-dias-letivos\/#primaryimage"},"thumbnailUrl":"","datePublished":"2020-07-08T11:45:28+00:00","breadcrumb":{"@id":"https:\/\/maranhaotv.com.br\/index.php\/2020\/07\/08\/camara-aprova-mp-que-suspende-cumprimento-minimo-de-dias-letivos\/#breadcrumb"},"inLanguage":"pt-BR","potentialAction":[{"@type":"ReadAction","target":["https:\/\/maranhaotv.com.br\/index.php\/2020\/07\/08\/camara-aprova-mp-que-suspende-cumprimento-minimo-de-dias-letivos\/"]}]},{"@type":"ImageObject","inLanguage":"pt-BR","@id":"https:\/\/maranhaotv.com.br\/index.php\/2020\/07\/08\/camara-aprova-mp-que-suspende-cumprimento-minimo-de-dias-letivos\/#primaryimage","url":"","contentUrl":""},{"@type":"BreadcrumbList","@id":"https:\/\/maranhaotv.com.br\/index.php\/2020\/07\/08\/camara-aprova-mp-que-suspende-cumprimento-minimo-de-dias-letivos\/#breadcrumb","itemListElement":[{"@type":"ListItem","position":1,"name":"In\u00edcio","item":"https:\/\/maranhaotv.com.br\/"},{"@type":"ListItem","position":2,"name":"C\u00e2mara aprova MP que suspende cumprimento m\u00ednimo de dias letivos"}]},{"@type":"WebSite","@id":"https:\/\/maranhaotv.com.br\/#website","url":"https:\/\/maranhaotv.com.br\/","name":"Maranh\u00e3oTV","description":"","publisher":{"@id":"https:\/\/maranhaotv.com.br\/#organization"},"potentialAction":[{"@type":"SearchAction","target":{"@type":"EntryPoint","urlTemplate":"https:\/\/maranhaotv.com.br\/?s={search_term_string}"},"query-input":{"@type":"PropertyValueSpecification","valueRequired":true,"valueName":"search_term_string"}}],"inLanguage":"pt-BR"},{"@type":"Organization","@id":"https:\/\/maranhaotv.com.br\/#organization","name":"Portal de Not\u00edcias","url":"https:\/\/maranhaotv.com.br\/","logo":{"@type":"ImageObject","inLanguage":"pt-BR","@id":"https:\/\/maranhaotv.com.br\/#\/schema\/logo\/image\/","url":"https:\/\/maranhaotv.com.br\/wp-content\/uploads\/2024\/05\/cropped-cropped-avatar-1.png","contentUrl":"https:\/\/maranhaotv.com.br\/wp-content\/uploads\/2024\/05\/cropped-cropped-avatar-1.png","width":792,"height":428,"caption":"Portal de Not\u00edcias"},"image":{"@id":"https:\/\/maranhaotv.com.br\/#\/schema\/logo\/image\/"},"sameAs":["https:\/\/www.facebook.com\/maiobaotv","https:\/\/x.com\/sitemaranhaotv","https:\/\/www.instagram.com\/maranhao.tv","https:\/\/www.threads.net\/@maranhao.tv"]},{"@type":"Person","@id":"https:\/\/maranhaotv.com.br\/#\/schema\/person\/3d54238e86b20bb5c89ab2fdb8f8829a","name":"maranhaotv","image":{"@type":"ImageObject","inLanguage":"pt-BR","@id":"https:\/\/secure.gravatar.com\/avatar\/8fadbca458d4cb68b1dd399ae9a40618d747bb1af65ac9fad21c89220a143eb4?s=96&d=mm&r=g","url":"https:\/\/secure.gravatar.com\/avatar\/8fadbca458d4cb68b1dd399ae9a40618d747bb1af65ac9fad21c89220a143eb4?s=96&d=mm&r=g","contentUrl":"https:\/\/secure.gravatar.com\/avatar\/8fadbca458d4cb68b1dd399ae9a40618d747bb1af65ac9fad21c89220a143eb4?s=96&d=mm&r=g","caption":"maranhaotv"},"sameAs":["https:\/\/maranhaotv.com.br\/"],"url":"https:\/\/maranhaotv.com.br\/index.php\/author\/maranhaotv\/"}]}},"jetpack_featured_media_url":"","jetpack_sharing_enabled":true,"_links":{"self":[{"href":"https:\/\/maranhaotv.com.br\/index.php\/wp-json\/wp\/v2\/posts\/13137","targetHints":{"allow":["GET"]}}],"collection":[{"href":"https:\/\/maranhaotv.com.br\/index.php\/wp-json\/wp\/v2\/posts"}],"about":[{"href":"https:\/\/maranhaotv.com.br\/index.php\/wp-json\/wp\/v2\/types\/post"}],"author":[{"embeddable":true,"href":"https:\/\/maranhaotv.com.br\/index.php\/wp-json\/wp\/v2\/users\/2"}],"replies":[{"embeddable":true,"href":"https:\/\/maranhaotv.com.br\/index.php\/wp-json\/wp\/v2\/comments?post=13137"}],"version-history":[{"count":0,"href":"https:\/\/maranhaotv.com.br\/index.php\/wp-json\/wp\/v2\/posts\/13137\/revisions"}],"wp:featuredmedia":[{"embeddable":true,"href":"https:\/\/maranhaotv.com.br\/index.php\/wp-json\/"}],"wp:attachment":[{"href":"https:\/\/maranhaotv.com.br\/index.php\/wp-json\/wp\/v2\/media?parent=13137"}],"wp:term":[{"taxonomy":"category","embeddable":true,"href":"https:\/\/maranhaotv.com.br\/index.php\/wp-json\/wp\/v2\/categories?post=13137"},{"taxonomy":"post_tag","embeddable":true,"href":"https:\/\/maranhaotv.com.br\/index.php\/wp-json\/wp\/v2\/tags?post=13137"}],"curies":[{"name":"wp","href":"https:\/\/api.w.org\/{rel}","templated":true}]}}