{"id":13142,"date":"2020-07-08T15:23:37","date_gmt":"2020-07-08T18:23:37","guid":{"rendered":"https:\/\/maiobaotv.com.br\/?p=13142"},"modified":"2020-07-08T15:23:37","modified_gmt":"2020-07-08T18:23:37","slug":"aniversario-de-viana-prefeitura-realiza-rgularizacao-fundiaria-nos-bairros-de-vila-zizi-e-campo-novo","status":"publish","type":"post","link":"https:\/\/maranhaotv.com.br\/index.php\/2020\/07\/08\/aniversario-de-viana-prefeitura-realiza-rgularizacao-fundiaria-nos-bairros-de-vila-zizi-e-campo-novo\/","title":{"rendered":"Anivers\u00e1rio de Viana: Prefeitura realiza Rgulariza\u00e7\u00e3o Fundi\u00e1ria nos bairros de Vila Zizi e Campo Novo"},"content":{"rendered":"<p>Viana completou hoje 263 anos, sendo uma das principais cidades da baixada maranhense. Para comemorar a data, a Prefeitura realizou uma programa\u00e7\u00e3o um pouco mais t\u00edmida e sem grandes festas, como nos anos anteriores, respeitando as normas sanit\u00e1rias vigentes em fun\u00e7\u00e3o da Pandemia do Covid-19.<\/p>\n<p>Pela manh\u00e3 foram realizadas duas grandes reuni\u00f5es para tratar da Regulariza\u00e7\u00e3o Fundi\u00e1ria dos bairros de Vila Zizi e Campo Novo.<br \/>\nA Vila Zizi hoje possui cerca de 600 fam\u00edlias que devem receber seus t\u00edtulos de terra. J\u00e1 s\u00e3o mais de 30 anos que moradores lutam pelos seus direitos.<br \/>\nTodo processo teve in\u00edcio pela prefeitura que cadastrou as fam\u00edlias, fez medi\u00e7\u00e3o com top\u00f3grafos e hoje o projeto j\u00e1 se encontra em fase de finaliza\u00e7\u00e3o.<\/p>\n<blockquote><p>&#8220;\u00c9 um sonho que vem se arrastando h\u00e1 muito tempo. Muitos gestores passaram, prometeram mas n\u00e3o resolveram. E hoje \u00e9 uma satisfa\u00e7\u00e3o receber o t\u00edtulo de nossa terra&#8221;, disse o morador Dit\u00f4nio Machado<\/p><\/blockquote>\n<p>Em seguida a comitiva seguiu para o Bairro Campo Novo, local onde cerca de 400 fam\u00edlias devem receber o benef\u00edcio de regulariza\u00e7\u00e3o fundi\u00e1ria. Os moradores escutaram todas as orienta\u00e7\u00f5es da Procuradoria do Munic\u00edpio e Assessoria Jur\u00eddica da C\u00e2mara de Vereadores, onde ficou esclarecido sobre o rito do processo, deixando claro a eles que em breve a Prefeitura Municipal de Viana entregar\u00e1 a cada um seu sonhado t\u00edtulo de terra.<\/p>\n<p>N\u00e3o h\u00e1 nenhuma irregularidade na execu\u00e7\u00e3o do projeto, o que aconteceu foi que alguns vereadores de oposi\u00e7\u00e3o n\u00e3o tiverem interesse em legitimar o projeto. Todos os projetos tanto da Vila Zizi como Campo Novo est\u00e3o em pauta nas pr\u00f3ximas sess\u00f5es e caminham seus ritos normalmente.<\/p>\n<blockquote><p>&#8220;J\u00e1 colocamos o bloquete, j\u00e1 colocamos ilumina\u00e7\u00e3o de led e agora estamos regularizando a terra de cada morador&#8221;, finalizou Magrado Barros<\/p><\/blockquote>\n<p><img loading=\"lazy\" decoding=\"async\" src=\"https:\/\/maiobaotv.com.br\/wp-content\/uploads\/2020\/07\/img_20200708_1012202186498408102904285-scaled.jpg\" class=\"alignnone size-full wp-image-13141\" width=\"2560\" height=\"1920\"><\/p>\n<p><img loading=\"lazy\" decoding=\"async\" src=\"https:\/\/maiobaotv.com.br\/wp-content\/uploads\/2020\/07\/img_20200708_1041519087181654047055290-scaled.jpg\" class=\"wp-image-13143 alignnone size-full\" width=\"2560\" height=\"1920\"><\/p>\n<p><img loading=\"lazy\" decoding=\"async\" src=\"https:\/\/maiobaotv.com.br\/wp-content\/uploads\/2020\/07\/img_20200708_1107476898279379241564994-scaled.jpg\" class=\"wp-image-13144 alignnone size-full\" width=\"2560\" height=\"1920\"><\/p>\n<p><img loading=\"lazy\" decoding=\"async\" src=\"https:\/\/maiobaotv.com.br\/wp-content\/uploads\/2020\/07\/img_20200708_1135167756270807094825591-scaled.jpg\" class=\"wp-image-13145 alignnone size-full\" width=\"2560\" height=\"1920\"><\/p>\n<p><img loading=\"lazy\" decoding=\"async\" src=\"https:\/\/maiobaotv.com.br\/wp-content\/uploads\/2020\/07\/img_20200708_1127444786618996286980428-scaled.jpg\" class=\"wp-image-13146 alignnone size-full\" width=\"2560\" height=\"1920\"><\/p>\n<p><img loading=\"lazy\" decoding=\"async\" src=\"https:\/\/maiobaotv.com.br\/wp-content\/uploads\/2020\/07\/img_20200708_1059531838502869235094061-scaled.jpg\" class=\"wp-image-13148 alignnone size-full\" width=\"2560\" height=\"1920\"><\/p>\n<p style=\"text-align:center;\">Prefeito Magrado Barros<\/p>\n","protected":false},"excerpt":{"rendered":"<p>Viana completou hoje 263 anos, sendo uma das principais cidades da baixada maranhense. Para comemorar a data, a Prefeitura realizou<\/p>\n","protected":false},"author":2,"featured_media":13162,"comment_status":"open","ping_status":"open","sticky":false,"template":"","format":"standard","meta":{"colormag_page_container_layout":"default_layout","colormag_page_sidebar_layout":"default_layout","_jetpack_memberships_contains_paid_content":false,"footnotes":""},"categories":[2],"tags":[17,5],"class_list":["post-13142","post","type-post","status-publish","format-standard","has-post-thumbnail","hentry","category-noticias","tag-magrado-barros","tag-viana"],"magazineBlocksPostFeaturedMedia":{"thumbnail":false,"medium":false,"medium_large":false,"large":false,"1536x1536":false,"2048x2048":false,"colormag-highlighted-post":false,"colormag-featured-post-medium":false,"colormag-featured-post-small":false,"colormag-featured-image":false,"colormag-default-news":false,"colormag-featured-image-large":false},"magazineBlocksPostAuthor":{"name":"maranhaotv","avatar":"https:\/\/secure.gravatar.com\/avatar\/8fadbca458d4cb68b1dd399ae9a40618d747bb1af65ac9fad21c89220a143eb4?s=96&d=mm&r=g"},"magazineBlocksPostCommentsNumber":"0","magazineBlocksPostExcerpt":"Viana completou hoje 263 anos, sendo uma das principais cidades da baixada maranhense. Para comemorar a data, a Prefeitura realizou","magazineBlocksPostCategories":["not\u00edcias"],"magazineBlocksPostViewCount":177,"magazineBlocksPostReadTime":2,"magazine_blocks_featured_image_url":{"full":false,"medium":false,"thumbnail":false},"magazine_blocks_author":{"display_name":"maranhaotv","author_link":"https:\/\/maranhaotv.com.br\/index.php\/author\/maranhaotv\/"},"magazine_blocks_comment":0,"magazine_blocks_author_image":"https:\/\/secure.gravatar.com\/avatar\/8fadbca458d4cb68b1dd399ae9a40618d747bb1af65ac9fad21c89220a143eb4?s=96&d=mm&r=g","magazine_blocks_category":"<a href=\"#\" class=\"category-link category-link-2\">not\u00edcias<\/a>","yoast_head":"<!-- This site is optimized with the Yoast SEO plugin v27.4 - https:\/\/yoast.com\/product\/yoast-seo-wordpress\/ -->\n<title>Anivers\u00e1rio de Viana: Prefeitura realiza Rgulariza\u00e7\u00e3o Fundi\u00e1ria nos bairros de Vila Zizi e Campo Novo - NOT\u00cdCIAS EM TEMPO REAL<\/title>\n<meta name=\"robots\" content=\"index, follow, max-snippet:-1, max-image-preview:large, max-video-preview:-1\" \/>\n<link rel=\"canonical\" href=\"https:\/\/maranhaotv.com.br\/index.php\/2020\/07\/08\/aniversario-de-viana-prefeitura-realiza-rgularizacao-fundiaria-nos-bairros-de-vila-zizi-e-campo-novo\/\" \/>\n<meta property=\"og:locale\" content=\"pt_BR\" \/>\n<meta property=\"og:type\" content=\"article\" \/>\n<meta property=\"og:title\" content=\"Anivers\u00e1rio de Viana: Prefeitura realiza Rgulariza\u00e7\u00e3o Fundi\u00e1ria nos bairros de Vila Zizi e Campo Novo - NOT\u00cdCIAS EM TEMPO REAL\" \/>\n<meta property=\"og:description\" content=\"Viana completou hoje 263 anos, sendo uma das principais cidades da baixada maranhense. Para comemorar a data, a Prefeitura realizou\" \/>\n<meta property=\"og:url\" content=\"https:\/\/maranhaotv.com.br\/index.php\/2020\/07\/08\/aniversario-de-viana-prefeitura-realiza-rgularizacao-fundiaria-nos-bairros-de-vila-zizi-e-campo-novo\/\" \/>\n<meta property=\"og:site_name\" content=\"NOT\u00cdCIAS EM TEMPO REAL\" \/>\n<meta property=\"article:publisher\" content=\"https:\/\/www.facebook.com\/maiobaotv\" \/>\n<meta property=\"article:published_time\" content=\"2020-07-08T18:23:37+00:00\" \/>\n<meta name=\"author\" content=\"maranhaotv\" \/>\n<meta name=\"twitter:card\" content=\"summary_large_image\" \/>\n<meta name=\"twitter:creator\" content=\"@sitemaranhaotv\" \/>\n<meta name=\"twitter:site\" content=\"@sitemaranhaotv\" \/>\n<meta name=\"twitter:label1\" content=\"Escrito por\" \/>\n\t<meta name=\"twitter:data1\" content=\"maranhaotv\" \/>\n\t<meta name=\"twitter:label2\" content=\"Est. tempo de leitura\" \/>\n\t<meta name=\"twitter:data2\" content=\"2 minutos\" \/>\n<script type=\"application\/ld+json\" class=\"yoast-schema-graph\">{\"@context\":\"https:\\\/\\\/schema.org\",\"@graph\":[{\"@type\":\"Article\",\"@id\":\"https:\\\/\\\/maranhaotv.com.br\\\/index.php\\\/2020\\\/07\\\/08\\\/aniversario-de-viana-prefeitura-realiza-rgularizacao-fundiaria-nos-bairros-de-vila-zizi-e-campo-novo\\\/#article\",\"isPartOf\":{\"@id\":\"https:\\\/\\\/maranhaotv.com.br\\\/index.php\\\/2020\\\/07\\\/08\\\/aniversario-de-viana-prefeitura-realiza-rgularizacao-fundiaria-nos-bairros-de-vila-zizi-e-campo-novo\\\/\"},\"author\":{\"name\":\"maranhaotv\",\"@id\":\"https:\\\/\\\/maranhaotv.com.br\\\/#\\\/schema\\\/person\\\/3d54238e86b20bb5c89ab2fdb8f8829a\"},\"headline\":\"Anivers\u00e1rio de Viana: Prefeitura realiza Rgulariza\u00e7\u00e3o Fundi\u00e1ria nos bairros de Vila Zizi e Campo Novo\",\"datePublished\":\"2020-07-08T18:23:37+00:00\",\"mainEntityOfPage\":{\"@id\":\"https:\\\/\\\/maranhaotv.com.br\\\/index.php\\\/2020\\\/07\\\/08\\\/aniversario-de-viana-prefeitura-realiza-rgularizacao-fundiaria-nos-bairros-de-vila-zizi-e-campo-novo\\\/\"},\"wordCount\":337,\"commentCount\":0,\"publisher\":{\"@id\":\"https:\\\/\\\/maranhaotv.com.br\\\/#organization\"},\"image\":{\"@id\":\"https:\\\/\\\/maranhaotv.com.br\\\/index.php\\\/2020\\\/07\\\/08\\\/aniversario-de-viana-prefeitura-realiza-rgularizacao-fundiaria-nos-bairros-de-vila-zizi-e-campo-novo\\\/#primaryimage\"},\"thumbnailUrl\":\"\",\"keywords\":[\"Magrado Barros\",\"Viana\"],\"articleSection\":[\"not\u00edcias\"],\"inLanguage\":\"pt-BR\",\"potentialAction\":[{\"@type\":\"CommentAction\",\"name\":\"Comment\",\"target\":[\"https:\\\/\\\/maranhaotv.com.br\\\/index.php\\\/2020\\\/07\\\/08\\\/aniversario-de-viana-prefeitura-realiza-rgularizacao-fundiaria-nos-bairros-de-vila-zizi-e-campo-novo\\\/#respond\"]}]},{\"@type\":\"WebPage\",\"@id\":\"https:\\\/\\\/maranhaotv.com.br\\\/index.php\\\/2020\\\/07\\\/08\\\/aniversario-de-viana-prefeitura-realiza-rgularizacao-fundiaria-nos-bairros-de-vila-zizi-e-campo-novo\\\/\",\"url\":\"https:\\\/\\\/maranhaotv.com.br\\\/index.php\\\/2020\\\/07\\\/08\\\/aniversario-de-viana-prefeitura-realiza-rgularizacao-fundiaria-nos-bairros-de-vila-zizi-e-campo-novo\\\/\",\"name\":\"Anivers\u00e1rio de Viana: Prefeitura realiza Rgulariza\u00e7\u00e3o Fundi\u00e1ria nos bairros de Vila Zizi e Campo Novo - NOT\u00cdCIAS EM TEMPO REAL\",\"isPartOf\":{\"@id\":\"https:\\\/\\\/maranhaotv.com.br\\\/#website\"},\"primaryImageOfPage\":{\"@id\":\"https:\\\/\\\/maranhaotv.com.br\\\/index.php\\\/2020\\\/07\\\/08\\\/aniversario-de-viana-prefeitura-realiza-rgularizacao-fundiaria-nos-bairros-de-vila-zizi-e-campo-novo\\\/#primaryimage\"},\"image\":{\"@id\":\"https:\\\/\\\/maranhaotv.com.br\\\/index.php\\\/2020\\\/07\\\/08\\\/aniversario-de-viana-prefeitura-realiza-rgularizacao-fundiaria-nos-bairros-de-vila-zizi-e-campo-novo\\\/#primaryimage\"},\"thumbnailUrl\":\"\",\"datePublished\":\"2020-07-08T18:23:37+00:00\",\"breadcrumb\":{\"@id\":\"https:\\\/\\\/maranhaotv.com.br\\\/index.php\\\/2020\\\/07\\\/08\\\/aniversario-de-viana-prefeitura-realiza-rgularizacao-fundiaria-nos-bairros-de-vila-zizi-e-campo-novo\\\/#breadcrumb\"},\"inLanguage\":\"pt-BR\",\"potentialAction\":[{\"@type\":\"ReadAction\",\"target\":[\"https:\\\/\\\/maranhaotv.com.br\\\/index.php\\\/2020\\\/07\\\/08\\\/aniversario-de-viana-prefeitura-realiza-rgularizacao-fundiaria-nos-bairros-de-vila-zizi-e-campo-novo\\\/\"]}]},{\"@type\":\"ImageObject\",\"inLanguage\":\"pt-BR\",\"@id\":\"https:\\\/\\\/maranhaotv.com.br\\\/index.php\\\/2020\\\/07\\\/08\\\/aniversario-de-viana-prefeitura-realiza-rgularizacao-fundiaria-nos-bairros-de-vila-zizi-e-campo-novo\\\/#primaryimage\",\"url\":\"\",\"contentUrl\":\"\"},{\"@type\":\"BreadcrumbList\",\"@id\":\"https:\\\/\\\/maranhaotv.com.br\\\/index.php\\\/2020\\\/07\\\/08\\\/aniversario-de-viana-prefeitura-realiza-rgularizacao-fundiaria-nos-bairros-de-vila-zizi-e-campo-novo\\\/#breadcrumb\",\"itemListElement\":[{\"@type\":\"ListItem\",\"position\":1,\"name\":\"In\u00edcio\",\"item\":\"https:\\\/\\\/maranhaotv.com.br\\\/\"},{\"@type\":\"ListItem\",\"position\":2,\"name\":\"Anivers\u00e1rio de Viana: Prefeitura realiza Rgulariza\u00e7\u00e3o Fundi\u00e1ria nos bairros de Vila Zizi e Campo Novo\"}]},{\"@type\":\"WebSite\",\"@id\":\"https:\\\/\\\/maranhaotv.com.br\\\/#website\",\"url\":\"https:\\\/\\\/maranhaotv.com.br\\\/\",\"name\":\"Maranh\u00e3oTV\",\"description\":\"\",\"publisher\":{\"@id\":\"https:\\\/\\\/maranhaotv.com.br\\\/#organization\"},\"potentialAction\":[{\"@type\":\"SearchAction\",\"target\":{\"@type\":\"EntryPoint\",\"urlTemplate\":\"https:\\\/\\\/maranhaotv.com.br\\\/?s={search_term_string}\"},\"query-input\":{\"@type\":\"PropertyValueSpecification\",\"valueRequired\":true,\"valueName\":\"search_term_string\"}}],\"inLanguage\":\"pt-BR\"},{\"@type\":\"Organization\",\"@id\":\"https:\\\/\\\/maranhaotv.com.br\\\/#organization\",\"name\":\"Portal de Not\u00edcias\",\"url\":\"https:\\\/\\\/maranhaotv.com.br\\\/\",\"logo\":{\"@type\":\"ImageObject\",\"inLanguage\":\"pt-BR\",\"@id\":\"https:\\\/\\\/maranhaotv.com.br\\\/#\\\/schema\\\/logo\\\/image\\\/\",\"url\":\"https:\\\/\\\/maranhaotv.com.br\\\/wp-content\\\/uploads\\\/2024\\\/05\\\/cropped-cropped-avatar-1.png\",\"contentUrl\":\"https:\\\/\\\/maranhaotv.com.br\\\/wp-content\\\/uploads\\\/2024\\\/05\\\/cropped-cropped-avatar-1.png\",\"width\":792,\"height\":428,\"caption\":\"Portal de Not\u00edcias\"},\"image\":{\"@id\":\"https:\\\/\\\/maranhaotv.com.br\\\/#\\\/schema\\\/logo\\\/image\\\/\"},\"sameAs\":[\"https:\\\/\\\/www.facebook.com\\\/maiobaotv\",\"https:\\\/\\\/x.com\\\/sitemaranhaotv\",\"https:\\\/\\\/www.instagram.com\\\/maranhao.tv\",\"https:\\\/\\\/www.threads.net\\\/@maranhao.tv\"]},{\"@type\":\"Person\",\"@id\":\"https:\\\/\\\/maranhaotv.com.br\\\/#\\\/schema\\\/person\\\/3d54238e86b20bb5c89ab2fdb8f8829a\",\"name\":\"maranhaotv\",\"image\":{\"@type\":\"ImageObject\",\"inLanguage\":\"pt-BR\",\"@id\":\"https:\\\/\\\/secure.gravatar.com\\\/avatar\\\/8fadbca458d4cb68b1dd399ae9a40618d747bb1af65ac9fad21c89220a143eb4?s=96&d=mm&r=g\",\"url\":\"https:\\\/\\\/secure.gravatar.com\\\/avatar\\\/8fadbca458d4cb68b1dd399ae9a40618d747bb1af65ac9fad21c89220a143eb4?s=96&d=mm&r=g\",\"contentUrl\":\"https:\\\/\\\/secure.gravatar.com\\\/avatar\\\/8fadbca458d4cb68b1dd399ae9a40618d747bb1af65ac9fad21c89220a143eb4?s=96&d=mm&r=g\",\"caption\":\"maranhaotv\"},\"sameAs\":[\"https:\\\/\\\/maranhaotv.com.br\\\/\"],\"url\":\"https:\\\/\\\/maranhaotv.com.br\\\/index.php\\\/author\\\/maranhaotv\\\/\"}]}<\/script>\n<!-- \/ Yoast SEO plugin. -->","yoast_head_json":{"title":"Anivers\u00e1rio de Viana: Prefeitura realiza Rgulariza\u00e7\u00e3o Fundi\u00e1ria nos bairros de Vila Zizi e Campo Novo - NOT\u00cdCIAS EM TEMPO REAL","robots":{"index":"index","follow":"follow","max-snippet":"max-snippet:-1","max-image-preview":"max-image-preview:large","max-video-preview":"max-video-preview:-1"},"canonical":"https:\/\/maranhaotv.com.br\/index.php\/2020\/07\/08\/aniversario-de-viana-prefeitura-realiza-rgularizacao-fundiaria-nos-bairros-de-vila-zizi-e-campo-novo\/","og_locale":"pt_BR","og_type":"article","og_title":"Anivers\u00e1rio de Viana: Prefeitura realiza Rgulariza\u00e7\u00e3o Fundi\u00e1ria nos bairros de Vila Zizi e Campo Novo - NOT\u00cdCIAS EM TEMPO REAL","og_description":"Viana completou hoje 263 anos, sendo uma das principais cidades da baixada maranhense. Para comemorar a data, a Prefeitura realizou","og_url":"https:\/\/maranhaotv.com.br\/index.php\/2020\/07\/08\/aniversario-de-viana-prefeitura-realiza-rgularizacao-fundiaria-nos-bairros-de-vila-zizi-e-campo-novo\/","og_site_name":"NOT\u00cdCIAS EM TEMPO REAL","article_publisher":"https:\/\/www.facebook.com\/maiobaotv","article_published_time":"2020-07-08T18:23:37+00:00","author":"maranhaotv","twitter_card":"summary_large_image","twitter_creator":"@sitemaranhaotv","twitter_site":"@sitemaranhaotv","twitter_misc":{"Escrito por":"maranhaotv","Est. tempo de leitura":"2 minutos"},"schema":{"@context":"https:\/\/schema.org","@graph":[{"@type":"Article","@id":"https:\/\/maranhaotv.com.br\/index.php\/2020\/07\/08\/aniversario-de-viana-prefeitura-realiza-rgularizacao-fundiaria-nos-bairros-de-vila-zizi-e-campo-novo\/#article","isPartOf":{"@id":"https:\/\/maranhaotv.com.br\/index.php\/2020\/07\/08\/aniversario-de-viana-prefeitura-realiza-rgularizacao-fundiaria-nos-bairros-de-vila-zizi-e-campo-novo\/"},"author":{"name":"maranhaotv","@id":"https:\/\/maranhaotv.com.br\/#\/schema\/person\/3d54238e86b20bb5c89ab2fdb8f8829a"},"headline":"Anivers\u00e1rio de Viana: Prefeitura realiza Rgulariza\u00e7\u00e3o Fundi\u00e1ria nos bairros de Vila Zizi e Campo Novo","datePublished":"2020-07-08T18:23:37+00:00","mainEntityOfPage":{"@id":"https:\/\/maranhaotv.com.br\/index.php\/2020\/07\/08\/aniversario-de-viana-prefeitura-realiza-rgularizacao-fundiaria-nos-bairros-de-vila-zizi-e-campo-novo\/"},"wordCount":337,"commentCount":0,"publisher":{"@id":"https:\/\/maranhaotv.com.br\/#organization"},"image":{"@id":"https:\/\/maranhaotv.com.br\/index.php\/2020\/07\/08\/aniversario-de-viana-prefeitura-realiza-rgularizacao-fundiaria-nos-bairros-de-vila-zizi-e-campo-novo\/#primaryimage"},"thumbnailUrl":"","keywords":["Magrado Barros","Viana"],"articleSection":["not\u00edcias"],"inLanguage":"pt-BR","potentialAction":[{"@type":"CommentAction","name":"Comment","target":["https:\/\/maranhaotv.com.br\/index.php\/2020\/07\/08\/aniversario-de-viana-prefeitura-realiza-rgularizacao-fundiaria-nos-bairros-de-vila-zizi-e-campo-novo\/#respond"]}]},{"@type":"WebPage","@id":"https:\/\/maranhaotv.com.br\/index.php\/2020\/07\/08\/aniversario-de-viana-prefeitura-realiza-rgularizacao-fundiaria-nos-bairros-de-vila-zizi-e-campo-novo\/","url":"https:\/\/maranhaotv.com.br\/index.php\/2020\/07\/08\/aniversario-de-viana-prefeitura-realiza-rgularizacao-fundiaria-nos-bairros-de-vila-zizi-e-campo-novo\/","name":"Anivers\u00e1rio de Viana: Prefeitura realiza Rgulariza\u00e7\u00e3o Fundi\u00e1ria nos bairros de Vila Zizi e Campo Novo - NOT\u00cdCIAS EM TEMPO REAL","isPartOf":{"@id":"https:\/\/maranhaotv.com.br\/#website"},"primaryImageOfPage":{"@id":"https:\/\/maranhaotv.com.br\/index.php\/2020\/07\/08\/aniversario-de-viana-prefeitura-realiza-rgularizacao-fundiaria-nos-bairros-de-vila-zizi-e-campo-novo\/#primaryimage"},"image":{"@id":"https:\/\/maranhaotv.com.br\/index.php\/2020\/07\/08\/aniversario-de-viana-prefeitura-realiza-rgularizacao-fundiaria-nos-bairros-de-vila-zizi-e-campo-novo\/#primaryimage"},"thumbnailUrl":"","datePublished":"2020-07-08T18:23:37+00:00","breadcrumb":{"@id":"https:\/\/maranhaotv.com.br\/index.php\/2020\/07\/08\/aniversario-de-viana-prefeitura-realiza-rgularizacao-fundiaria-nos-bairros-de-vila-zizi-e-campo-novo\/#breadcrumb"},"inLanguage":"pt-BR","potentialAction":[{"@type":"ReadAction","target":["https:\/\/maranhaotv.com.br\/index.php\/2020\/07\/08\/aniversario-de-viana-prefeitura-realiza-rgularizacao-fundiaria-nos-bairros-de-vila-zizi-e-campo-novo\/"]}]},{"@type":"ImageObject","inLanguage":"pt-BR","@id":"https:\/\/maranhaotv.com.br\/index.php\/2020\/07\/08\/aniversario-de-viana-prefeitura-realiza-rgularizacao-fundiaria-nos-bairros-de-vila-zizi-e-campo-novo\/#primaryimage","url":"","contentUrl":""},{"@type":"BreadcrumbList","@id":"https:\/\/maranhaotv.com.br\/index.php\/2020\/07\/08\/aniversario-de-viana-prefeitura-realiza-rgularizacao-fundiaria-nos-bairros-de-vila-zizi-e-campo-novo\/#breadcrumb","itemListElement":[{"@type":"ListItem","position":1,"name":"In\u00edcio","item":"https:\/\/maranhaotv.com.br\/"},{"@type":"ListItem","position":2,"name":"Anivers\u00e1rio de Viana: Prefeitura realiza Rgulariza\u00e7\u00e3o Fundi\u00e1ria nos bairros de Vila Zizi e Campo Novo"}]},{"@type":"WebSite","@id":"https:\/\/maranhaotv.com.br\/#website","url":"https:\/\/maranhaotv.com.br\/","name":"Maranh\u00e3oTV","description":"","publisher":{"@id":"https:\/\/maranhaotv.com.br\/#organization"},"potentialAction":[{"@type":"SearchAction","target":{"@type":"EntryPoint","urlTemplate":"https:\/\/maranhaotv.com.br\/?s={search_term_string}"},"query-input":{"@type":"PropertyValueSpecification","valueRequired":true,"valueName":"search_term_string"}}],"inLanguage":"pt-BR"},{"@type":"Organization","@id":"https:\/\/maranhaotv.com.br\/#organization","name":"Portal de Not\u00edcias","url":"https:\/\/maranhaotv.com.br\/","logo":{"@type":"ImageObject","inLanguage":"pt-BR","@id":"https:\/\/maranhaotv.com.br\/#\/schema\/logo\/image\/","url":"https:\/\/maranhaotv.com.br\/wp-content\/uploads\/2024\/05\/cropped-cropped-avatar-1.png","contentUrl":"https:\/\/maranhaotv.com.br\/wp-content\/uploads\/2024\/05\/cropped-cropped-avatar-1.png","width":792,"height":428,"caption":"Portal de Not\u00edcias"},"image":{"@id":"https:\/\/maranhaotv.com.br\/#\/schema\/logo\/image\/"},"sameAs":["https:\/\/www.facebook.com\/maiobaotv","https:\/\/x.com\/sitemaranhaotv","https:\/\/www.instagram.com\/maranhao.tv","https:\/\/www.threads.net\/@maranhao.tv"]},{"@type":"Person","@id":"https:\/\/maranhaotv.com.br\/#\/schema\/person\/3d54238e86b20bb5c89ab2fdb8f8829a","name":"maranhaotv","image":{"@type":"ImageObject","inLanguage":"pt-BR","@id":"https:\/\/secure.gravatar.com\/avatar\/8fadbca458d4cb68b1dd399ae9a40618d747bb1af65ac9fad21c89220a143eb4?s=96&d=mm&r=g","url":"https:\/\/secure.gravatar.com\/avatar\/8fadbca458d4cb68b1dd399ae9a40618d747bb1af65ac9fad21c89220a143eb4?s=96&d=mm&r=g","contentUrl":"https:\/\/secure.gravatar.com\/avatar\/8fadbca458d4cb68b1dd399ae9a40618d747bb1af65ac9fad21c89220a143eb4?s=96&d=mm&r=g","caption":"maranhaotv"},"sameAs":["https:\/\/maranhaotv.com.br\/"],"url":"https:\/\/maranhaotv.com.br\/index.php\/author\/maranhaotv\/"}]}},"jetpack_featured_media_url":"","jetpack_sharing_enabled":true,"_links":{"self":[{"href":"https:\/\/maranhaotv.com.br\/index.php\/wp-json\/wp\/v2\/posts\/13142","targetHints":{"allow":["GET"]}}],"collection":[{"href":"https:\/\/maranhaotv.com.br\/index.php\/wp-json\/wp\/v2\/posts"}],"about":[{"href":"https:\/\/maranhaotv.com.br\/index.php\/wp-json\/wp\/v2\/types\/post"}],"author":[{"embeddable":true,"href":"https:\/\/maranhaotv.com.br\/index.php\/wp-json\/wp\/v2\/users\/2"}],"replies":[{"embeddable":true,"href":"https:\/\/maranhaotv.com.br\/index.php\/wp-json\/wp\/v2\/comments?post=13142"}],"version-history":[{"count":0,"href":"https:\/\/maranhaotv.com.br\/index.php\/wp-json\/wp\/v2\/posts\/13142\/revisions"}],"wp:featuredmedia":[{"embeddable":true,"href":"https:\/\/maranhaotv.com.br\/index.php\/wp-json\/"}],"wp:attachment":[{"href":"https:\/\/maranhaotv.com.br\/index.php\/wp-json\/wp\/v2\/media?parent=13142"}],"wp:term":[{"taxonomy":"category","embeddable":true,"href":"https:\/\/maranhaotv.com.br\/index.php\/wp-json\/wp\/v2\/categories?post=13142"},{"taxonomy":"post_tag","embeddable":true,"href":"https:\/\/maranhaotv.com.br\/index.php\/wp-json\/wp\/v2\/tags?post=13142"}],"curies":[{"name":"wp","href":"https:\/\/api.w.org\/{rel}","templated":true}]}}