{"id":13164,"date":"2020-07-08T16:27:59","date_gmt":"2020-07-08T19:27:59","guid":{"rendered":"https:\/\/maiobaotv.com.br\/?p=13164"},"modified":"2020-07-08T16:27:59","modified_gmt":"2020-07-08T19:27:59","slug":"deputados-de-oposicao-sao-recebidos-pelo-procurador-geral-de-justica-e-pela-nova-corregedora","status":"publish","type":"post","link":"https:\/\/maranhaotv.com.br\/index.php\/2020\/07\/08\/deputados-de-oposicao-sao-recebidos-pelo-procurador-geral-de-justica-e-pela-nova-corregedora\/","title":{"rendered":"Deputados de Oposi\u00e7\u00e3o s\u00e3o recebidos pelo Procurador Geral de Justica e pela nova Corregedora"},"content":{"rendered":"<p>Os deputados estaduais Adriano Sarney, C\u00e9sar Pires e Wellington do Curso fizeram uma visita de cortesia ao procurador-geral de Justi\u00e7a, Eduardo Nicolau, na manh\u00e3 desta quarta-feira (8).No encontro, os parlamentares foram desejar \u00eaxito aos novos gestores do Minist\u00e9rio P\u00fablico Estadual e reafirmar a confian\u00e7a na atua\u00e7\u00e3o do \u00f3rg\u00e3o em defesa dos direitos da popula\u00e7\u00e3o.Do encontro tamb\u00e9m participaram a corregedora-geral do MPMA, Themis Maria Pacheco de Carvalho, e o promotor de justi\u00e7a Carlos Henrique Vieira, secret\u00e1rio de Planejamento e Gest\u00e3o do \u00f3rg\u00e3o. Ao receber os cumprimentos dos deputados por sua posse como o procurador-geral, Eduardo Nicolau destacou que pretende tornar o Minist\u00e9rio P\u00fablico do Maranh\u00e3o ainda mais acess\u00edvel para a popula\u00e7\u00e3o.<br \/>A proposta de trabalho do novo procurador-geral e sua equipe de colocar o Minist\u00e9rio P\u00fablico mais pr\u00f3ximo do povo, presente nos bairros menos favorecidos, e de dar encaminhamento \u00e0s den\u00fancias formuladas pelos deputados, independente de cor partid\u00e1ria, deixou os parlamentares muito satisfeitos.Os deputados justificaram a visita de cortesia ao procurador-geral de Justi\u00e7a destacando que t\u00eam sempre buscado o apoio do Minist\u00e9rio P\u00fablico e demais \u00f3rg\u00e3os de fiscaliza\u00e7\u00e3o para fortalecer suas a\u00e7\u00f5es em defesa dos interesses dos maranhenses.\u201cNossa atua\u00e7\u00e3o tem o mesmo objetivo do MP, que \u00e9 assegurar os direitos constitucionais dos cidad\u00e3os. Por isso, viemos fortalecer esses la\u00e7os institucionais\u201d, enfatizaram eles.<img decoding=\"async\" class=\"size-full\" data-wpid=\"2077\" src=\"https:\/\/maiobaotv.com.br\/wp-content\/uploads\/2020\/07\/img-20200708-wa02382944799849577950339.jpg\" \/><\/p>\n","protected":false},"excerpt":{"rendered":"<p>Os deputados estaduais Adriano Sarney, C\u00e9sar Pires e Wellington do Curso fizeram uma visita de cortesia ao procurador-geral de Justi\u00e7a,<\/p>\n","protected":false},"author":2,"featured_media":13165,"comment_status":"open","ping_status":"open","sticky":false,"template":"","format":"standard","meta":{"colormag_page_container_layout":"default_layout","colormag_page_sidebar_layout":"default_layout","_jetpack_memberships_contains_paid_content":false,"footnotes":""},"categories":[2],"tags":[],"class_list":["post-13164","post","type-post","status-publish","format-standard","has-post-thumbnail","hentry","category-noticias"],"magazineBlocksPostFeaturedMedia":{"thumbnail":false,"medium":false,"medium_large":false,"large":false,"1536x1536":false,"2048x2048":false,"colormag-highlighted-post":false,"colormag-featured-post-medium":false,"colormag-featured-post-small":false,"colormag-featured-image":false,"colormag-default-news":false,"colormag-featured-image-large":false},"magazineBlocksPostAuthor":{"name":"maranhaotv","avatar":"https:\/\/secure.gravatar.com\/avatar\/8fadbca458d4cb68b1dd399ae9a40618d747bb1af65ac9fad21c89220a143eb4?s=96&d=mm&r=g"},"magazineBlocksPostCommentsNumber":"0","magazineBlocksPostExcerpt":"Os deputados estaduais Adriano Sarney, C\u00e9sar Pires e Wellington do Curso fizeram uma visita de cortesia ao procurador-geral de Justi\u00e7a,","magazineBlocksPostCategories":["not\u00edcias"],"magazineBlocksPostViewCount":340,"magazineBlocksPostReadTime":2,"magazine_blocks_featured_image_url":{"full":false,"medium":false,"thumbnail":false},"magazine_blocks_author":{"display_name":"maranhaotv","author_link":"https:\/\/maranhaotv.com.br\/index.php\/author\/maranhaotv\/"},"magazine_blocks_comment":0,"magazine_blocks_author_image":"https:\/\/secure.gravatar.com\/avatar\/8fadbca458d4cb68b1dd399ae9a40618d747bb1af65ac9fad21c89220a143eb4?s=96&d=mm&r=g","magazine_blocks_category":"<a href=\"#\" class=\"category-link category-link-2\">not\u00edcias<\/a>","yoast_head":"<!-- This site is optimized with the Yoast SEO plugin v27.4 - https:\/\/yoast.com\/product\/yoast-seo-wordpress\/ -->\n<title>Deputados de Oposi\u00e7\u00e3o s\u00e3o recebidos pelo Procurador Geral de Justica e pela nova Corregedora - NOT\u00cdCIAS EM TEMPO REAL<\/title>\n<meta name=\"robots\" content=\"index, follow, max-snippet:-1, max-image-preview:large, max-video-preview:-1\" \/>\n<link rel=\"canonical\" href=\"https:\/\/maranhaotv.com.br\/index.php\/2020\/07\/08\/deputados-de-oposicao-sao-recebidos-pelo-procurador-geral-de-justica-e-pela-nova-corregedora\/\" \/>\n<meta property=\"og:locale\" content=\"pt_BR\" \/>\n<meta property=\"og:type\" content=\"article\" \/>\n<meta property=\"og:title\" content=\"Deputados de Oposi\u00e7\u00e3o s\u00e3o recebidos pelo Procurador Geral de Justica e pela nova Corregedora - NOT\u00cdCIAS EM TEMPO REAL\" \/>\n<meta property=\"og:description\" content=\"Os deputados estaduais Adriano Sarney, C\u00e9sar Pires e Wellington do Curso fizeram uma visita de cortesia ao procurador-geral de Justi\u00e7a,\" \/>\n<meta property=\"og:url\" content=\"https:\/\/maranhaotv.com.br\/index.php\/2020\/07\/08\/deputados-de-oposicao-sao-recebidos-pelo-procurador-geral-de-justica-e-pela-nova-corregedora\/\" \/>\n<meta property=\"og:site_name\" content=\"NOT\u00cdCIAS EM TEMPO REAL\" \/>\n<meta property=\"article:publisher\" content=\"https:\/\/www.facebook.com\/maiobaotv\" \/>\n<meta property=\"article:published_time\" content=\"2020-07-08T19:27:59+00:00\" \/>\n<meta name=\"author\" content=\"maranhaotv\" \/>\n<meta name=\"twitter:card\" content=\"summary_large_image\" \/>\n<meta name=\"twitter:creator\" content=\"@sitemaranhaotv\" \/>\n<meta name=\"twitter:site\" content=\"@sitemaranhaotv\" \/>\n<meta name=\"twitter:label1\" content=\"Escrito por\" \/>\n\t<meta name=\"twitter:data1\" content=\"maranhaotv\" \/>\n\t<meta name=\"twitter:label2\" content=\"Est. tempo de leitura\" \/>\n\t<meta name=\"twitter:data2\" content=\"1 minuto\" \/>\n<script type=\"application\/ld+json\" class=\"yoast-schema-graph\">{\"@context\":\"https:\\\/\\\/schema.org\",\"@graph\":[{\"@type\":\"Article\",\"@id\":\"https:\\\/\\\/maranhaotv.com.br\\\/index.php\\\/2020\\\/07\\\/08\\\/deputados-de-oposicao-sao-recebidos-pelo-procurador-geral-de-justica-e-pela-nova-corregedora\\\/#article\",\"isPartOf\":{\"@id\":\"https:\\\/\\\/maranhaotv.com.br\\\/index.php\\\/2020\\\/07\\\/08\\\/deputados-de-oposicao-sao-recebidos-pelo-procurador-geral-de-justica-e-pela-nova-corregedora\\\/\"},\"author\":{\"name\":\"maranhaotv\",\"@id\":\"https:\\\/\\\/maranhaotv.com.br\\\/#\\\/schema\\\/person\\\/3d54238e86b20bb5c89ab2fdb8f8829a\"},\"headline\":\"Deputados de Oposi\u00e7\u00e3o s\u00e3o recebidos pelo Procurador Geral de Justica e pela nova Corregedora\",\"datePublished\":\"2020-07-08T19:27:59+00:00\",\"mainEntityOfPage\":{\"@id\":\"https:\\\/\\\/maranhaotv.com.br\\\/index.php\\\/2020\\\/07\\\/08\\\/deputados-de-oposicao-sao-recebidos-pelo-procurador-geral-de-justica-e-pela-nova-corregedora\\\/\"},\"wordCount\":262,\"commentCount\":0,\"publisher\":{\"@id\":\"https:\\\/\\\/maranhaotv.com.br\\\/#organization\"},\"image\":{\"@id\":\"https:\\\/\\\/maranhaotv.com.br\\\/index.php\\\/2020\\\/07\\\/08\\\/deputados-de-oposicao-sao-recebidos-pelo-procurador-geral-de-justica-e-pela-nova-corregedora\\\/#primaryimage\"},\"thumbnailUrl\":\"\",\"articleSection\":[\"not\u00edcias\"],\"inLanguage\":\"pt-BR\",\"potentialAction\":[{\"@type\":\"CommentAction\",\"name\":\"Comment\",\"target\":[\"https:\\\/\\\/maranhaotv.com.br\\\/index.php\\\/2020\\\/07\\\/08\\\/deputados-de-oposicao-sao-recebidos-pelo-procurador-geral-de-justica-e-pela-nova-corregedora\\\/#respond\"]}]},{\"@type\":\"WebPage\",\"@id\":\"https:\\\/\\\/maranhaotv.com.br\\\/index.php\\\/2020\\\/07\\\/08\\\/deputados-de-oposicao-sao-recebidos-pelo-procurador-geral-de-justica-e-pela-nova-corregedora\\\/\",\"url\":\"https:\\\/\\\/maranhaotv.com.br\\\/index.php\\\/2020\\\/07\\\/08\\\/deputados-de-oposicao-sao-recebidos-pelo-procurador-geral-de-justica-e-pela-nova-corregedora\\\/\",\"name\":\"Deputados de Oposi\u00e7\u00e3o s\u00e3o recebidos pelo Procurador Geral de Justica e pela nova Corregedora - NOT\u00cdCIAS EM TEMPO REAL\",\"isPartOf\":{\"@id\":\"https:\\\/\\\/maranhaotv.com.br\\\/#website\"},\"primaryImageOfPage\":{\"@id\":\"https:\\\/\\\/maranhaotv.com.br\\\/index.php\\\/2020\\\/07\\\/08\\\/deputados-de-oposicao-sao-recebidos-pelo-procurador-geral-de-justica-e-pela-nova-corregedora\\\/#primaryimage\"},\"image\":{\"@id\":\"https:\\\/\\\/maranhaotv.com.br\\\/index.php\\\/2020\\\/07\\\/08\\\/deputados-de-oposicao-sao-recebidos-pelo-procurador-geral-de-justica-e-pela-nova-corregedora\\\/#primaryimage\"},\"thumbnailUrl\":\"\",\"datePublished\":\"2020-07-08T19:27:59+00:00\",\"breadcrumb\":{\"@id\":\"https:\\\/\\\/maranhaotv.com.br\\\/index.php\\\/2020\\\/07\\\/08\\\/deputados-de-oposicao-sao-recebidos-pelo-procurador-geral-de-justica-e-pela-nova-corregedora\\\/#breadcrumb\"},\"inLanguage\":\"pt-BR\",\"potentialAction\":[{\"@type\":\"ReadAction\",\"target\":[\"https:\\\/\\\/maranhaotv.com.br\\\/index.php\\\/2020\\\/07\\\/08\\\/deputados-de-oposicao-sao-recebidos-pelo-procurador-geral-de-justica-e-pela-nova-corregedora\\\/\"]}]},{\"@type\":\"ImageObject\",\"inLanguage\":\"pt-BR\",\"@id\":\"https:\\\/\\\/maranhaotv.com.br\\\/index.php\\\/2020\\\/07\\\/08\\\/deputados-de-oposicao-sao-recebidos-pelo-procurador-geral-de-justica-e-pela-nova-corregedora\\\/#primaryimage\",\"url\":\"\",\"contentUrl\":\"\"},{\"@type\":\"BreadcrumbList\",\"@id\":\"https:\\\/\\\/maranhaotv.com.br\\\/index.php\\\/2020\\\/07\\\/08\\\/deputados-de-oposicao-sao-recebidos-pelo-procurador-geral-de-justica-e-pela-nova-corregedora\\\/#breadcrumb\",\"itemListElement\":[{\"@type\":\"ListItem\",\"position\":1,\"name\":\"In\u00edcio\",\"item\":\"https:\\\/\\\/maranhaotv.com.br\\\/\"},{\"@type\":\"ListItem\",\"position\":2,\"name\":\"Deputados de Oposi\u00e7\u00e3o s\u00e3o recebidos pelo Procurador Geral de Justica e pela nova Corregedora\"}]},{\"@type\":\"WebSite\",\"@id\":\"https:\\\/\\\/maranhaotv.com.br\\\/#website\",\"url\":\"https:\\\/\\\/maranhaotv.com.br\\\/\",\"name\":\"Maranh\u00e3oTV\",\"description\":\"\",\"publisher\":{\"@id\":\"https:\\\/\\\/maranhaotv.com.br\\\/#organization\"},\"potentialAction\":[{\"@type\":\"SearchAction\",\"target\":{\"@type\":\"EntryPoint\",\"urlTemplate\":\"https:\\\/\\\/maranhaotv.com.br\\\/?s={search_term_string}\"},\"query-input\":{\"@type\":\"PropertyValueSpecification\",\"valueRequired\":true,\"valueName\":\"search_term_string\"}}],\"inLanguage\":\"pt-BR\"},{\"@type\":\"Organization\",\"@id\":\"https:\\\/\\\/maranhaotv.com.br\\\/#organization\",\"name\":\"Portal de Not\u00edcias\",\"url\":\"https:\\\/\\\/maranhaotv.com.br\\\/\",\"logo\":{\"@type\":\"ImageObject\",\"inLanguage\":\"pt-BR\",\"@id\":\"https:\\\/\\\/maranhaotv.com.br\\\/#\\\/schema\\\/logo\\\/image\\\/\",\"url\":\"https:\\\/\\\/maranhaotv.com.br\\\/wp-content\\\/uploads\\\/2024\\\/05\\\/cropped-cropped-avatar-1.png\",\"contentUrl\":\"https:\\\/\\\/maranhaotv.com.br\\\/wp-content\\\/uploads\\\/2024\\\/05\\\/cropped-cropped-avatar-1.png\",\"width\":792,\"height\":428,\"caption\":\"Portal de Not\u00edcias\"},\"image\":{\"@id\":\"https:\\\/\\\/maranhaotv.com.br\\\/#\\\/schema\\\/logo\\\/image\\\/\"},\"sameAs\":[\"https:\\\/\\\/www.facebook.com\\\/maiobaotv\",\"https:\\\/\\\/x.com\\\/sitemaranhaotv\",\"https:\\\/\\\/www.instagram.com\\\/maranhao.tv\",\"https:\\\/\\\/www.threads.net\\\/@maranhao.tv\"]},{\"@type\":\"Person\",\"@id\":\"https:\\\/\\\/maranhaotv.com.br\\\/#\\\/schema\\\/person\\\/3d54238e86b20bb5c89ab2fdb8f8829a\",\"name\":\"maranhaotv\",\"image\":{\"@type\":\"ImageObject\",\"inLanguage\":\"pt-BR\",\"@id\":\"https:\\\/\\\/secure.gravatar.com\\\/avatar\\\/8fadbca458d4cb68b1dd399ae9a40618d747bb1af65ac9fad21c89220a143eb4?s=96&d=mm&r=g\",\"url\":\"https:\\\/\\\/secure.gravatar.com\\\/avatar\\\/8fadbca458d4cb68b1dd399ae9a40618d747bb1af65ac9fad21c89220a143eb4?s=96&d=mm&r=g\",\"contentUrl\":\"https:\\\/\\\/secure.gravatar.com\\\/avatar\\\/8fadbca458d4cb68b1dd399ae9a40618d747bb1af65ac9fad21c89220a143eb4?s=96&d=mm&r=g\",\"caption\":\"maranhaotv\"},\"sameAs\":[\"https:\\\/\\\/maranhaotv.com.br\\\/\"],\"url\":\"https:\\\/\\\/maranhaotv.com.br\\\/index.php\\\/author\\\/maranhaotv\\\/\"}]}<\/script>\n<!-- \/ Yoast SEO plugin. -->","yoast_head_json":{"title":"Deputados de Oposi\u00e7\u00e3o s\u00e3o recebidos pelo Procurador Geral de Justica e pela nova Corregedora - NOT\u00cdCIAS EM TEMPO REAL","robots":{"index":"index","follow":"follow","max-snippet":"max-snippet:-1","max-image-preview":"max-image-preview:large","max-video-preview":"max-video-preview:-1"},"canonical":"https:\/\/maranhaotv.com.br\/index.php\/2020\/07\/08\/deputados-de-oposicao-sao-recebidos-pelo-procurador-geral-de-justica-e-pela-nova-corregedora\/","og_locale":"pt_BR","og_type":"article","og_title":"Deputados de Oposi\u00e7\u00e3o s\u00e3o recebidos pelo Procurador Geral de Justica e pela nova Corregedora - NOT\u00cdCIAS EM TEMPO REAL","og_description":"Os deputados estaduais Adriano Sarney, C\u00e9sar Pires e Wellington do Curso fizeram uma visita de cortesia ao procurador-geral de Justi\u00e7a,","og_url":"https:\/\/maranhaotv.com.br\/index.php\/2020\/07\/08\/deputados-de-oposicao-sao-recebidos-pelo-procurador-geral-de-justica-e-pela-nova-corregedora\/","og_site_name":"NOT\u00cdCIAS EM TEMPO REAL","article_publisher":"https:\/\/www.facebook.com\/maiobaotv","article_published_time":"2020-07-08T19:27:59+00:00","author":"maranhaotv","twitter_card":"summary_large_image","twitter_creator":"@sitemaranhaotv","twitter_site":"@sitemaranhaotv","twitter_misc":{"Escrito por":"maranhaotv","Est. tempo de leitura":"1 minuto"},"schema":{"@context":"https:\/\/schema.org","@graph":[{"@type":"Article","@id":"https:\/\/maranhaotv.com.br\/index.php\/2020\/07\/08\/deputados-de-oposicao-sao-recebidos-pelo-procurador-geral-de-justica-e-pela-nova-corregedora\/#article","isPartOf":{"@id":"https:\/\/maranhaotv.com.br\/index.php\/2020\/07\/08\/deputados-de-oposicao-sao-recebidos-pelo-procurador-geral-de-justica-e-pela-nova-corregedora\/"},"author":{"name":"maranhaotv","@id":"https:\/\/maranhaotv.com.br\/#\/schema\/person\/3d54238e86b20bb5c89ab2fdb8f8829a"},"headline":"Deputados de Oposi\u00e7\u00e3o s\u00e3o recebidos pelo Procurador Geral de Justica e pela nova Corregedora","datePublished":"2020-07-08T19:27:59+00:00","mainEntityOfPage":{"@id":"https:\/\/maranhaotv.com.br\/index.php\/2020\/07\/08\/deputados-de-oposicao-sao-recebidos-pelo-procurador-geral-de-justica-e-pela-nova-corregedora\/"},"wordCount":262,"commentCount":0,"publisher":{"@id":"https:\/\/maranhaotv.com.br\/#organization"},"image":{"@id":"https:\/\/maranhaotv.com.br\/index.php\/2020\/07\/08\/deputados-de-oposicao-sao-recebidos-pelo-procurador-geral-de-justica-e-pela-nova-corregedora\/#primaryimage"},"thumbnailUrl":"","articleSection":["not\u00edcias"],"inLanguage":"pt-BR","potentialAction":[{"@type":"CommentAction","name":"Comment","target":["https:\/\/maranhaotv.com.br\/index.php\/2020\/07\/08\/deputados-de-oposicao-sao-recebidos-pelo-procurador-geral-de-justica-e-pela-nova-corregedora\/#respond"]}]},{"@type":"WebPage","@id":"https:\/\/maranhaotv.com.br\/index.php\/2020\/07\/08\/deputados-de-oposicao-sao-recebidos-pelo-procurador-geral-de-justica-e-pela-nova-corregedora\/","url":"https:\/\/maranhaotv.com.br\/index.php\/2020\/07\/08\/deputados-de-oposicao-sao-recebidos-pelo-procurador-geral-de-justica-e-pela-nova-corregedora\/","name":"Deputados de Oposi\u00e7\u00e3o s\u00e3o recebidos pelo Procurador Geral de Justica e pela nova Corregedora - NOT\u00cdCIAS EM TEMPO REAL","isPartOf":{"@id":"https:\/\/maranhaotv.com.br\/#website"},"primaryImageOfPage":{"@id":"https:\/\/maranhaotv.com.br\/index.php\/2020\/07\/08\/deputados-de-oposicao-sao-recebidos-pelo-procurador-geral-de-justica-e-pela-nova-corregedora\/#primaryimage"},"image":{"@id":"https:\/\/maranhaotv.com.br\/index.php\/2020\/07\/08\/deputados-de-oposicao-sao-recebidos-pelo-procurador-geral-de-justica-e-pela-nova-corregedora\/#primaryimage"},"thumbnailUrl":"","datePublished":"2020-07-08T19:27:59+00:00","breadcrumb":{"@id":"https:\/\/maranhaotv.com.br\/index.php\/2020\/07\/08\/deputados-de-oposicao-sao-recebidos-pelo-procurador-geral-de-justica-e-pela-nova-corregedora\/#breadcrumb"},"inLanguage":"pt-BR","potentialAction":[{"@type":"ReadAction","target":["https:\/\/maranhaotv.com.br\/index.php\/2020\/07\/08\/deputados-de-oposicao-sao-recebidos-pelo-procurador-geral-de-justica-e-pela-nova-corregedora\/"]}]},{"@type":"ImageObject","inLanguage":"pt-BR","@id":"https:\/\/maranhaotv.com.br\/index.php\/2020\/07\/08\/deputados-de-oposicao-sao-recebidos-pelo-procurador-geral-de-justica-e-pela-nova-corregedora\/#primaryimage","url":"","contentUrl":""},{"@type":"BreadcrumbList","@id":"https:\/\/maranhaotv.com.br\/index.php\/2020\/07\/08\/deputados-de-oposicao-sao-recebidos-pelo-procurador-geral-de-justica-e-pela-nova-corregedora\/#breadcrumb","itemListElement":[{"@type":"ListItem","position":1,"name":"In\u00edcio","item":"https:\/\/maranhaotv.com.br\/"},{"@type":"ListItem","position":2,"name":"Deputados de Oposi\u00e7\u00e3o s\u00e3o recebidos pelo Procurador Geral de Justica e pela nova Corregedora"}]},{"@type":"WebSite","@id":"https:\/\/maranhaotv.com.br\/#website","url":"https:\/\/maranhaotv.com.br\/","name":"Maranh\u00e3oTV","description":"","publisher":{"@id":"https:\/\/maranhaotv.com.br\/#organization"},"potentialAction":[{"@type":"SearchAction","target":{"@type":"EntryPoint","urlTemplate":"https:\/\/maranhaotv.com.br\/?s={search_term_string}"},"query-input":{"@type":"PropertyValueSpecification","valueRequired":true,"valueName":"search_term_string"}}],"inLanguage":"pt-BR"},{"@type":"Organization","@id":"https:\/\/maranhaotv.com.br\/#organization","name":"Portal de Not\u00edcias","url":"https:\/\/maranhaotv.com.br\/","logo":{"@type":"ImageObject","inLanguage":"pt-BR","@id":"https:\/\/maranhaotv.com.br\/#\/schema\/logo\/image\/","url":"https:\/\/maranhaotv.com.br\/wp-content\/uploads\/2024\/05\/cropped-cropped-avatar-1.png","contentUrl":"https:\/\/maranhaotv.com.br\/wp-content\/uploads\/2024\/05\/cropped-cropped-avatar-1.png","width":792,"height":428,"caption":"Portal de Not\u00edcias"},"image":{"@id":"https:\/\/maranhaotv.com.br\/#\/schema\/logo\/image\/"},"sameAs":["https:\/\/www.facebook.com\/maiobaotv","https:\/\/x.com\/sitemaranhaotv","https:\/\/www.instagram.com\/maranhao.tv","https:\/\/www.threads.net\/@maranhao.tv"]},{"@type":"Person","@id":"https:\/\/maranhaotv.com.br\/#\/schema\/person\/3d54238e86b20bb5c89ab2fdb8f8829a","name":"maranhaotv","image":{"@type":"ImageObject","inLanguage":"pt-BR","@id":"https:\/\/secure.gravatar.com\/avatar\/8fadbca458d4cb68b1dd399ae9a40618d747bb1af65ac9fad21c89220a143eb4?s=96&d=mm&r=g","url":"https:\/\/secure.gravatar.com\/avatar\/8fadbca458d4cb68b1dd399ae9a40618d747bb1af65ac9fad21c89220a143eb4?s=96&d=mm&r=g","contentUrl":"https:\/\/secure.gravatar.com\/avatar\/8fadbca458d4cb68b1dd399ae9a40618d747bb1af65ac9fad21c89220a143eb4?s=96&d=mm&r=g","caption":"maranhaotv"},"sameAs":["https:\/\/maranhaotv.com.br\/"],"url":"https:\/\/maranhaotv.com.br\/index.php\/author\/maranhaotv\/"}]}},"jetpack_featured_media_url":"","jetpack_sharing_enabled":true,"_links":{"self":[{"href":"https:\/\/maranhaotv.com.br\/index.php\/wp-json\/wp\/v2\/posts\/13164","targetHints":{"allow":["GET"]}}],"collection":[{"href":"https:\/\/maranhaotv.com.br\/index.php\/wp-json\/wp\/v2\/posts"}],"about":[{"href":"https:\/\/maranhaotv.com.br\/index.php\/wp-json\/wp\/v2\/types\/post"}],"author":[{"embeddable":true,"href":"https:\/\/maranhaotv.com.br\/index.php\/wp-json\/wp\/v2\/users\/2"}],"replies":[{"embeddable":true,"href":"https:\/\/maranhaotv.com.br\/index.php\/wp-json\/wp\/v2\/comments?post=13164"}],"version-history":[{"count":0,"href":"https:\/\/maranhaotv.com.br\/index.php\/wp-json\/wp\/v2\/posts\/13164\/revisions"}],"wp:featuredmedia":[{"embeddable":true,"href":"https:\/\/maranhaotv.com.br\/index.php\/wp-json\/"}],"wp:attachment":[{"href":"https:\/\/maranhaotv.com.br\/index.php\/wp-json\/wp\/v2\/media?parent=13164"}],"wp:term":[{"taxonomy":"category","embeddable":true,"href":"https:\/\/maranhaotv.com.br\/index.php\/wp-json\/wp\/v2\/categories?post=13164"},{"taxonomy":"post_tag","embeddable":true,"href":"https:\/\/maranhaotv.com.br\/index.php\/wp-json\/wp\/v2\/tags?post=13164"}],"curies":[{"name":"wp","href":"https:\/\/api.w.org\/{rel}","templated":true}]}}