{"id":13168,"date":"2020-07-09T06:53:11","date_gmt":"2020-07-09T09:53:11","guid":{"rendered":"https:\/\/maiobaotv.com.br\/?p=13168"},"modified":"2020-07-09T06:53:11","modified_gmt":"2020-07-09T09:53:11","slug":"facebook-derruba-rede-de-perfis-falsos-ligados-ao-psl-e-a-familia-bolsonaro","status":"publish","type":"post","link":"https:\/\/maranhaotv.com.br\/index.php\/2020\/07\/09\/facebook-derruba-rede-de-perfis-falsos-ligados-ao-psl-e-a-familia-bolsonaro\/","title":{"rendered":"Facebook derruba rede de perfis falsos ligados ao PSL e \u00e0 fam\u00edlia Bolsonaro"},"content":{"rendered":"<h5>Foram identificadas 35 contas, 14 p\u00e1ginas, 1 grupo e 38 contas no Instagram<\/h5>\n<p>O Facebook anunciou, nesta \u00faltima quarta-feira (08), que derrubou uma rede de fake news e perfis falsos ligadas ao PSL e a funcion\u00e1rios dos gabinetes do presidente Jair Bolsonaro (sem partido), do senador Fl\u00e1vio Bolsonaro (Republicanos-RJ)), do deputado federal Eduardo Bolsonaro (PSL) e dos deputados estaduais pelo PSL do Rio de Janeiro Anderson Moraes e Alana Passos. O an\u00fancio foi feito numa liga\u00e7\u00e3o com jornalistas de diferentes pa\u00edses, incluindo do Brasil &#8211; o Estad\u00e3o participou do evento.<\/p>\n<p>Foram identificadas 35 contas, 14 p\u00e1ginas, 1 grupo e 38 contas no Instagram. As p\u00e1ginas no Facebook tinham 883 mil seguidores, enquanto as contas no Instagram tinham 917 mil seguidores.<\/p>\n<p>No material postado estavam conte\u00fados relacionados \u00e0s elei\u00e7\u00f5es, memes pol\u00edticos, cr\u00edticas \u00e0 oposi\u00e7\u00e3o, empresas de m\u00eddia e jornalistas, al\u00e9m de material relacionado ao coronav\u00edrus. Segundo a rede social, parte do conte\u00fado dessa rede j\u00e1 havia sido removido da plataforma por violar os padr\u00f5es de comunidade. Entre as viola\u00e7\u00f5es estavam conte\u00fado de discurso de \u00f3dio. Os detalhes de toda a opera\u00e7\u00e3o brasileira foram postados no site do Atlantic Council\u2019s Digital Forensic Research Lab, instui\u00e7\u00e3o que realize an\u00e1lise independente de remo\u00e7\u00f5es do Facebook por comportamento inaut\u00eantico coordenado.<\/p>\n<p>O an\u00fancio faz parte de uma remo\u00e7\u00e3o de redes de desinforma\u00e7\u00e3o que operavam em quatro territ\u00f3rios postando conte\u00fado relacionado a assuntos pol\u00edticos dom\u00e9sticos. Al\u00e9m do Brasil, foram derrubadas redes nos EUA, na Ucr\u00e2nia e na Am\u00e9rica Latina, incluindo pa\u00edses como El Salvador, Argentina, Uruguai, Venezuela, Equador e Chile.<\/p>\n<p>No caso brasileiro, as investiga\u00e7\u00f5es e remo\u00e7\u00f5es ocorreram a partir de not\u00edcias na imprensa brasileira e refer\u00eancias feitas ao assunto no Congresso durante a CPMI das fake news. <\/p>\n<p>Nathaniel Gleicher, diretor de Ciberseguran\u00e7a do Facebook, foi cauteloso em apontar o envolvimento direto ou o conhecimento dos pol\u00edticos na campanha, inclusive na coordena\u00e7\u00e3o das postagens. &#8220;N\u00e3o podemos afirmar a liga\u00e7\u00e3o direta das pessoas citadas, mas podemos afirmar que pessoas associadas a eles e a seus escrit\u00f3rios se envolveram em comportamento inaut\u00eantico na plataforma&#8221;. O Facebook, por\u00e9m, identificou que um membro da rede \u00e9 conectado ao vereador Carlos Bolsonaro e outro \u00e9 contratado do deputado estadual pelo PSL de S\u00e3o Paulo Coronel Nishikawa.<\/p>\n<p>Segundo o executivo, n\u00e3o h\u00e1 ind\u00edcios de que uma empresa foi contratada para realizar o trabalho, como aconteceu com a opera\u00e7\u00e3o nos outros pa\u00edses latinos. A opera\u00e7\u00e3o brasileira, por\u00e9m, gastou US$ 1,5 mil em an\u00fancios no Facebook e foram pagos em reais (cerca de R$ 8,03 mil na cota\u00e7\u00e3o desta quarta,8). <\/p>\n<p>Segundo a Atlantic Council, o envolvimento de funcion\u00e1rios de gabinetes pode indicar que a opera\u00e7\u00e3o usou recursos p\u00fablicos, pois as postagens eram feitas durante o hor\u00e1rio regular de expediente.   <\/p>\n<p>A deputada L\u00eddice da Mata (PSB-BA), relatora da CPI Mista das Fake News do Congresso, afirmou que o an\u00fancio do Facebook confirma que as investiga\u00e7\u00f5es da comiss\u00e3o de inqu\u00e9rito est\u00e3o na dire\u00e7\u00e3o certa.<\/p>\n<p>\u201cA not\u00edcia de que o Facebook teria tirado do ar perfis que disseminam not\u00edcias falsas ligados aos apoiadores do presidente Bolsonaro n\u00e3o chega a causar espanto para n\u00f3s que temos trabalhado na CPMI das Fake News desde o ano passado. Nossas investiga\u00e7\u00f5es sempre apontaram para uma rede de desinforma\u00e7\u00e3o que pode sim ter influenciado o pleito eleitoral de 2018 e que continua atuante com fortes suspeitas de amplo apoio da fam\u00edlia Bolsonaro&#8221;, afirmou a parlamentar.<\/p>\n<p>&#8220;Neste momento, entendemos que as plataformas se juntam a todos aqueles e aquelas que lutam por liberdade de express\u00e3o, mas tamb\u00e9m por responsabilidade nas redes e pelo combate \u00e0 desinforma\u00e7\u00e3o e contra qualquer pr\u00e1tica de discursos caluniosos e que espalham o \u00f3dio por todo o nosso pa\u00eds\u201d, acrescentou.<\/p>\n","protected":false},"excerpt":{"rendered":"<p>Foram identificadas 35 contas, 14 p\u00e1ginas, 1 grupo e 38 contas no Instagram O Facebook anunciou, nesta \u00faltima quarta-feira (08),<\/p>\n","protected":false},"author":2,"featured_media":13167,"comment_status":"open","ping_status":"open","sticky":false,"template":"","format":"standard","meta":{"colormag_page_container_layout":"default_layout","colormag_page_sidebar_layout":"default_layout","_jetpack_memberships_contains_paid_content":false,"footnotes":""},"categories":[2,6],"tags":[],"class_list":["post-13168","post","type-post","status-publish","format-standard","has-post-thumbnail","hentry","category-noticias","category-politica"],"magazineBlocksPostFeaturedMedia":{"thumbnail":false,"medium":false,"medium_large":false,"large":false,"1536x1536":false,"2048x2048":false,"colormag-highlighted-post":false,"colormag-featured-post-medium":false,"colormag-featured-post-small":false,"colormag-featured-image":false,"colormag-default-news":false,"colormag-featured-image-large":false},"magazineBlocksPostAuthor":{"name":"maranhaotv","avatar":"https:\/\/secure.gravatar.com\/avatar\/8fadbca458d4cb68b1dd399ae9a40618d747bb1af65ac9fad21c89220a143eb4?s=96&d=mm&r=g"},"magazineBlocksPostCommentsNumber":"0","magazineBlocksPostExcerpt":"Foram identificadas 35 contas, 14 p\u00e1ginas, 1 grupo e 38 contas no Instagram O Facebook anunciou, nesta \u00faltima quarta-feira (08),","magazineBlocksPostCategories":["not\u00edcias","pol\u00edtica"],"magazineBlocksPostViewCount":319,"magazineBlocksPostReadTime":4,"magazine_blocks_featured_image_url":{"full":false,"medium":false,"thumbnail":false},"magazine_blocks_author":{"display_name":"maranhaotv","author_link":"https:\/\/maranhaotv.com.br\/index.php\/author\/maranhaotv\/"},"magazine_blocks_comment":0,"magazine_blocks_author_image":"https:\/\/secure.gravatar.com\/avatar\/8fadbca458d4cb68b1dd399ae9a40618d747bb1af65ac9fad21c89220a143eb4?s=96&d=mm&r=g","magazine_blocks_category":"<a href=\"#\" class=\"category-link category-link-2\">not\u00edcias<\/a> <a href=\"#\" class=\"category-link category-link-6\">pol\u00edtica<\/a>","yoast_head":"<!-- This site is optimized with the Yoast SEO plugin v27.4 - https:\/\/yoast.com\/product\/yoast-seo-wordpress\/ -->\n<title>Facebook derruba rede de perfis falsos ligados ao PSL e \u00e0 fam\u00edlia Bolsonaro - NOT\u00cdCIAS EM TEMPO REAL<\/title>\n<meta name=\"robots\" content=\"index, follow, max-snippet:-1, max-image-preview:large, max-video-preview:-1\" \/>\n<link rel=\"canonical\" href=\"https:\/\/maranhaotv.com.br\/index.php\/2020\/07\/09\/facebook-derruba-rede-de-perfis-falsos-ligados-ao-psl-e-a-familia-bolsonaro\/\" \/>\n<meta property=\"og:locale\" content=\"pt_BR\" \/>\n<meta property=\"og:type\" content=\"article\" \/>\n<meta property=\"og:title\" content=\"Facebook derruba rede de perfis falsos ligados ao PSL e \u00e0 fam\u00edlia Bolsonaro - NOT\u00cdCIAS EM TEMPO REAL\" \/>\n<meta property=\"og:description\" content=\"Foram identificadas 35 contas, 14 p\u00e1ginas, 1 grupo e 38 contas no Instagram O Facebook anunciou, nesta \u00faltima quarta-feira (08),\" \/>\n<meta property=\"og:url\" content=\"https:\/\/maranhaotv.com.br\/index.php\/2020\/07\/09\/facebook-derruba-rede-de-perfis-falsos-ligados-ao-psl-e-a-familia-bolsonaro\/\" \/>\n<meta property=\"og:site_name\" content=\"NOT\u00cdCIAS EM TEMPO REAL\" \/>\n<meta property=\"article:publisher\" content=\"https:\/\/www.facebook.com\/maiobaotv\" \/>\n<meta property=\"article:published_time\" content=\"2020-07-09T09:53:11+00:00\" \/>\n<meta name=\"author\" content=\"maranhaotv\" \/>\n<meta name=\"twitter:card\" content=\"summary_large_image\" \/>\n<meta name=\"twitter:creator\" content=\"@sitemaranhaotv\" \/>\n<meta name=\"twitter:site\" content=\"@sitemaranhaotv\" \/>\n<meta name=\"twitter:label1\" content=\"Escrito por\" \/>\n\t<meta name=\"twitter:data1\" content=\"maranhaotv\" \/>\n\t<meta name=\"twitter:label2\" content=\"Est. tempo de leitura\" \/>\n\t<meta name=\"twitter:data2\" content=\"3 minutos\" \/>\n<script type=\"application\/ld+json\" class=\"yoast-schema-graph\">{\"@context\":\"https:\\\/\\\/schema.org\",\"@graph\":[{\"@type\":\"Article\",\"@id\":\"https:\\\/\\\/maranhaotv.com.br\\\/index.php\\\/2020\\\/07\\\/09\\\/facebook-derruba-rede-de-perfis-falsos-ligados-ao-psl-e-a-familia-bolsonaro\\\/#article\",\"isPartOf\":{\"@id\":\"https:\\\/\\\/maranhaotv.com.br\\\/index.php\\\/2020\\\/07\\\/09\\\/facebook-derruba-rede-de-perfis-falsos-ligados-ao-psl-e-a-familia-bolsonaro\\\/\"},\"author\":{\"name\":\"maranhaotv\",\"@id\":\"https:\\\/\\\/maranhaotv.com.br\\\/#\\\/schema\\\/person\\\/3d54238e86b20bb5c89ab2fdb8f8829a\"},\"headline\":\"Facebook derruba rede de perfis falsos ligados ao PSL e \u00e0 fam\u00edlia Bolsonaro\",\"datePublished\":\"2020-07-09T09:53:11+00:00\",\"mainEntityOfPage\":{\"@id\":\"https:\\\/\\\/maranhaotv.com.br\\\/index.php\\\/2020\\\/07\\\/09\\\/facebook-derruba-rede-de-perfis-falsos-ligados-ao-psl-e-a-familia-bolsonaro\\\/\"},\"wordCount\":677,\"commentCount\":0,\"publisher\":{\"@id\":\"https:\\\/\\\/maranhaotv.com.br\\\/#organization\"},\"image\":{\"@id\":\"https:\\\/\\\/maranhaotv.com.br\\\/index.php\\\/2020\\\/07\\\/09\\\/facebook-derruba-rede-de-perfis-falsos-ligados-ao-psl-e-a-familia-bolsonaro\\\/#primaryimage\"},\"thumbnailUrl\":\"\",\"articleSection\":[\"not\u00edcias\",\"pol\u00edtica\"],\"inLanguage\":\"pt-BR\",\"potentialAction\":[{\"@type\":\"CommentAction\",\"name\":\"Comment\",\"target\":[\"https:\\\/\\\/maranhaotv.com.br\\\/index.php\\\/2020\\\/07\\\/09\\\/facebook-derruba-rede-de-perfis-falsos-ligados-ao-psl-e-a-familia-bolsonaro\\\/#respond\"]}]},{\"@type\":\"WebPage\",\"@id\":\"https:\\\/\\\/maranhaotv.com.br\\\/index.php\\\/2020\\\/07\\\/09\\\/facebook-derruba-rede-de-perfis-falsos-ligados-ao-psl-e-a-familia-bolsonaro\\\/\",\"url\":\"https:\\\/\\\/maranhaotv.com.br\\\/index.php\\\/2020\\\/07\\\/09\\\/facebook-derruba-rede-de-perfis-falsos-ligados-ao-psl-e-a-familia-bolsonaro\\\/\",\"name\":\"Facebook derruba rede de perfis falsos ligados ao PSL e \u00e0 fam\u00edlia Bolsonaro - NOT\u00cdCIAS EM TEMPO REAL\",\"isPartOf\":{\"@id\":\"https:\\\/\\\/maranhaotv.com.br\\\/#website\"},\"primaryImageOfPage\":{\"@id\":\"https:\\\/\\\/maranhaotv.com.br\\\/index.php\\\/2020\\\/07\\\/09\\\/facebook-derruba-rede-de-perfis-falsos-ligados-ao-psl-e-a-familia-bolsonaro\\\/#primaryimage\"},\"image\":{\"@id\":\"https:\\\/\\\/maranhaotv.com.br\\\/index.php\\\/2020\\\/07\\\/09\\\/facebook-derruba-rede-de-perfis-falsos-ligados-ao-psl-e-a-familia-bolsonaro\\\/#primaryimage\"},\"thumbnailUrl\":\"\",\"datePublished\":\"2020-07-09T09:53:11+00:00\",\"breadcrumb\":{\"@id\":\"https:\\\/\\\/maranhaotv.com.br\\\/index.php\\\/2020\\\/07\\\/09\\\/facebook-derruba-rede-de-perfis-falsos-ligados-ao-psl-e-a-familia-bolsonaro\\\/#breadcrumb\"},\"inLanguage\":\"pt-BR\",\"potentialAction\":[{\"@type\":\"ReadAction\",\"target\":[\"https:\\\/\\\/maranhaotv.com.br\\\/index.php\\\/2020\\\/07\\\/09\\\/facebook-derruba-rede-de-perfis-falsos-ligados-ao-psl-e-a-familia-bolsonaro\\\/\"]}]},{\"@type\":\"ImageObject\",\"inLanguage\":\"pt-BR\",\"@id\":\"https:\\\/\\\/maranhaotv.com.br\\\/index.php\\\/2020\\\/07\\\/09\\\/facebook-derruba-rede-de-perfis-falsos-ligados-ao-psl-e-a-familia-bolsonaro\\\/#primaryimage\",\"url\":\"\",\"contentUrl\":\"\"},{\"@type\":\"BreadcrumbList\",\"@id\":\"https:\\\/\\\/maranhaotv.com.br\\\/index.php\\\/2020\\\/07\\\/09\\\/facebook-derruba-rede-de-perfis-falsos-ligados-ao-psl-e-a-familia-bolsonaro\\\/#breadcrumb\",\"itemListElement\":[{\"@type\":\"ListItem\",\"position\":1,\"name\":\"In\u00edcio\",\"item\":\"https:\\\/\\\/maranhaotv.com.br\\\/\"},{\"@type\":\"ListItem\",\"position\":2,\"name\":\"Facebook derruba rede de perfis falsos ligados ao PSL e \u00e0 fam\u00edlia Bolsonaro\"}]},{\"@type\":\"WebSite\",\"@id\":\"https:\\\/\\\/maranhaotv.com.br\\\/#website\",\"url\":\"https:\\\/\\\/maranhaotv.com.br\\\/\",\"name\":\"Maranh\u00e3oTV\",\"description\":\"\",\"publisher\":{\"@id\":\"https:\\\/\\\/maranhaotv.com.br\\\/#organization\"},\"potentialAction\":[{\"@type\":\"SearchAction\",\"target\":{\"@type\":\"EntryPoint\",\"urlTemplate\":\"https:\\\/\\\/maranhaotv.com.br\\\/?s={search_term_string}\"},\"query-input\":{\"@type\":\"PropertyValueSpecification\",\"valueRequired\":true,\"valueName\":\"search_term_string\"}}],\"inLanguage\":\"pt-BR\"},{\"@type\":\"Organization\",\"@id\":\"https:\\\/\\\/maranhaotv.com.br\\\/#organization\",\"name\":\"Portal de Not\u00edcias\",\"url\":\"https:\\\/\\\/maranhaotv.com.br\\\/\",\"logo\":{\"@type\":\"ImageObject\",\"inLanguage\":\"pt-BR\",\"@id\":\"https:\\\/\\\/maranhaotv.com.br\\\/#\\\/schema\\\/logo\\\/image\\\/\",\"url\":\"https:\\\/\\\/maranhaotv.com.br\\\/wp-content\\\/uploads\\\/2024\\\/05\\\/cropped-cropped-avatar-1.png\",\"contentUrl\":\"https:\\\/\\\/maranhaotv.com.br\\\/wp-content\\\/uploads\\\/2024\\\/05\\\/cropped-cropped-avatar-1.png\",\"width\":792,\"height\":428,\"caption\":\"Portal de Not\u00edcias\"},\"image\":{\"@id\":\"https:\\\/\\\/maranhaotv.com.br\\\/#\\\/schema\\\/logo\\\/image\\\/\"},\"sameAs\":[\"https:\\\/\\\/www.facebook.com\\\/maiobaotv\",\"https:\\\/\\\/x.com\\\/sitemaranhaotv\",\"https:\\\/\\\/www.instagram.com\\\/maranhao.tv\",\"https:\\\/\\\/www.threads.net\\\/@maranhao.tv\"]},{\"@type\":\"Person\",\"@id\":\"https:\\\/\\\/maranhaotv.com.br\\\/#\\\/schema\\\/person\\\/3d54238e86b20bb5c89ab2fdb8f8829a\",\"name\":\"maranhaotv\",\"image\":{\"@type\":\"ImageObject\",\"inLanguage\":\"pt-BR\",\"@id\":\"https:\\\/\\\/secure.gravatar.com\\\/avatar\\\/8fadbca458d4cb68b1dd399ae9a40618d747bb1af65ac9fad21c89220a143eb4?s=96&d=mm&r=g\",\"url\":\"https:\\\/\\\/secure.gravatar.com\\\/avatar\\\/8fadbca458d4cb68b1dd399ae9a40618d747bb1af65ac9fad21c89220a143eb4?s=96&d=mm&r=g\",\"contentUrl\":\"https:\\\/\\\/secure.gravatar.com\\\/avatar\\\/8fadbca458d4cb68b1dd399ae9a40618d747bb1af65ac9fad21c89220a143eb4?s=96&d=mm&r=g\",\"caption\":\"maranhaotv\"},\"sameAs\":[\"https:\\\/\\\/maranhaotv.com.br\\\/\"],\"url\":\"https:\\\/\\\/maranhaotv.com.br\\\/index.php\\\/author\\\/maranhaotv\\\/\"}]}<\/script>\n<!-- \/ Yoast SEO plugin. -->","yoast_head_json":{"title":"Facebook derruba rede de perfis falsos ligados ao PSL e \u00e0 fam\u00edlia Bolsonaro - NOT\u00cdCIAS EM TEMPO REAL","robots":{"index":"index","follow":"follow","max-snippet":"max-snippet:-1","max-image-preview":"max-image-preview:large","max-video-preview":"max-video-preview:-1"},"canonical":"https:\/\/maranhaotv.com.br\/index.php\/2020\/07\/09\/facebook-derruba-rede-de-perfis-falsos-ligados-ao-psl-e-a-familia-bolsonaro\/","og_locale":"pt_BR","og_type":"article","og_title":"Facebook derruba rede de perfis falsos ligados ao PSL e \u00e0 fam\u00edlia Bolsonaro - NOT\u00cdCIAS EM TEMPO REAL","og_description":"Foram identificadas 35 contas, 14 p\u00e1ginas, 1 grupo e 38 contas no Instagram O Facebook anunciou, nesta \u00faltima quarta-feira (08),","og_url":"https:\/\/maranhaotv.com.br\/index.php\/2020\/07\/09\/facebook-derruba-rede-de-perfis-falsos-ligados-ao-psl-e-a-familia-bolsonaro\/","og_site_name":"NOT\u00cdCIAS EM TEMPO REAL","article_publisher":"https:\/\/www.facebook.com\/maiobaotv","article_published_time":"2020-07-09T09:53:11+00:00","author":"maranhaotv","twitter_card":"summary_large_image","twitter_creator":"@sitemaranhaotv","twitter_site":"@sitemaranhaotv","twitter_misc":{"Escrito por":"maranhaotv","Est. tempo de leitura":"3 minutos"},"schema":{"@context":"https:\/\/schema.org","@graph":[{"@type":"Article","@id":"https:\/\/maranhaotv.com.br\/index.php\/2020\/07\/09\/facebook-derruba-rede-de-perfis-falsos-ligados-ao-psl-e-a-familia-bolsonaro\/#article","isPartOf":{"@id":"https:\/\/maranhaotv.com.br\/index.php\/2020\/07\/09\/facebook-derruba-rede-de-perfis-falsos-ligados-ao-psl-e-a-familia-bolsonaro\/"},"author":{"name":"maranhaotv","@id":"https:\/\/maranhaotv.com.br\/#\/schema\/person\/3d54238e86b20bb5c89ab2fdb8f8829a"},"headline":"Facebook derruba rede de perfis falsos ligados ao PSL e \u00e0 fam\u00edlia Bolsonaro","datePublished":"2020-07-09T09:53:11+00:00","mainEntityOfPage":{"@id":"https:\/\/maranhaotv.com.br\/index.php\/2020\/07\/09\/facebook-derruba-rede-de-perfis-falsos-ligados-ao-psl-e-a-familia-bolsonaro\/"},"wordCount":677,"commentCount":0,"publisher":{"@id":"https:\/\/maranhaotv.com.br\/#organization"},"image":{"@id":"https:\/\/maranhaotv.com.br\/index.php\/2020\/07\/09\/facebook-derruba-rede-de-perfis-falsos-ligados-ao-psl-e-a-familia-bolsonaro\/#primaryimage"},"thumbnailUrl":"","articleSection":["not\u00edcias","pol\u00edtica"],"inLanguage":"pt-BR","potentialAction":[{"@type":"CommentAction","name":"Comment","target":["https:\/\/maranhaotv.com.br\/index.php\/2020\/07\/09\/facebook-derruba-rede-de-perfis-falsos-ligados-ao-psl-e-a-familia-bolsonaro\/#respond"]}]},{"@type":"WebPage","@id":"https:\/\/maranhaotv.com.br\/index.php\/2020\/07\/09\/facebook-derruba-rede-de-perfis-falsos-ligados-ao-psl-e-a-familia-bolsonaro\/","url":"https:\/\/maranhaotv.com.br\/index.php\/2020\/07\/09\/facebook-derruba-rede-de-perfis-falsos-ligados-ao-psl-e-a-familia-bolsonaro\/","name":"Facebook derruba rede de perfis falsos ligados ao PSL e \u00e0 fam\u00edlia Bolsonaro - NOT\u00cdCIAS EM TEMPO REAL","isPartOf":{"@id":"https:\/\/maranhaotv.com.br\/#website"},"primaryImageOfPage":{"@id":"https:\/\/maranhaotv.com.br\/index.php\/2020\/07\/09\/facebook-derruba-rede-de-perfis-falsos-ligados-ao-psl-e-a-familia-bolsonaro\/#primaryimage"},"image":{"@id":"https:\/\/maranhaotv.com.br\/index.php\/2020\/07\/09\/facebook-derruba-rede-de-perfis-falsos-ligados-ao-psl-e-a-familia-bolsonaro\/#primaryimage"},"thumbnailUrl":"","datePublished":"2020-07-09T09:53:11+00:00","breadcrumb":{"@id":"https:\/\/maranhaotv.com.br\/index.php\/2020\/07\/09\/facebook-derruba-rede-de-perfis-falsos-ligados-ao-psl-e-a-familia-bolsonaro\/#breadcrumb"},"inLanguage":"pt-BR","potentialAction":[{"@type":"ReadAction","target":["https:\/\/maranhaotv.com.br\/index.php\/2020\/07\/09\/facebook-derruba-rede-de-perfis-falsos-ligados-ao-psl-e-a-familia-bolsonaro\/"]}]},{"@type":"ImageObject","inLanguage":"pt-BR","@id":"https:\/\/maranhaotv.com.br\/index.php\/2020\/07\/09\/facebook-derruba-rede-de-perfis-falsos-ligados-ao-psl-e-a-familia-bolsonaro\/#primaryimage","url":"","contentUrl":""},{"@type":"BreadcrumbList","@id":"https:\/\/maranhaotv.com.br\/index.php\/2020\/07\/09\/facebook-derruba-rede-de-perfis-falsos-ligados-ao-psl-e-a-familia-bolsonaro\/#breadcrumb","itemListElement":[{"@type":"ListItem","position":1,"name":"In\u00edcio","item":"https:\/\/maranhaotv.com.br\/"},{"@type":"ListItem","position":2,"name":"Facebook derruba rede de perfis falsos ligados ao PSL e \u00e0 fam\u00edlia Bolsonaro"}]},{"@type":"WebSite","@id":"https:\/\/maranhaotv.com.br\/#website","url":"https:\/\/maranhaotv.com.br\/","name":"Maranh\u00e3oTV","description":"","publisher":{"@id":"https:\/\/maranhaotv.com.br\/#organization"},"potentialAction":[{"@type":"SearchAction","target":{"@type":"EntryPoint","urlTemplate":"https:\/\/maranhaotv.com.br\/?s={search_term_string}"},"query-input":{"@type":"PropertyValueSpecification","valueRequired":true,"valueName":"search_term_string"}}],"inLanguage":"pt-BR"},{"@type":"Organization","@id":"https:\/\/maranhaotv.com.br\/#organization","name":"Portal de Not\u00edcias","url":"https:\/\/maranhaotv.com.br\/","logo":{"@type":"ImageObject","inLanguage":"pt-BR","@id":"https:\/\/maranhaotv.com.br\/#\/schema\/logo\/image\/","url":"https:\/\/maranhaotv.com.br\/wp-content\/uploads\/2024\/05\/cropped-cropped-avatar-1.png","contentUrl":"https:\/\/maranhaotv.com.br\/wp-content\/uploads\/2024\/05\/cropped-cropped-avatar-1.png","width":792,"height":428,"caption":"Portal de Not\u00edcias"},"image":{"@id":"https:\/\/maranhaotv.com.br\/#\/schema\/logo\/image\/"},"sameAs":["https:\/\/www.facebook.com\/maiobaotv","https:\/\/x.com\/sitemaranhaotv","https:\/\/www.instagram.com\/maranhao.tv","https:\/\/www.threads.net\/@maranhao.tv"]},{"@type":"Person","@id":"https:\/\/maranhaotv.com.br\/#\/schema\/person\/3d54238e86b20bb5c89ab2fdb8f8829a","name":"maranhaotv","image":{"@type":"ImageObject","inLanguage":"pt-BR","@id":"https:\/\/secure.gravatar.com\/avatar\/8fadbca458d4cb68b1dd399ae9a40618d747bb1af65ac9fad21c89220a143eb4?s=96&d=mm&r=g","url":"https:\/\/secure.gravatar.com\/avatar\/8fadbca458d4cb68b1dd399ae9a40618d747bb1af65ac9fad21c89220a143eb4?s=96&d=mm&r=g","contentUrl":"https:\/\/secure.gravatar.com\/avatar\/8fadbca458d4cb68b1dd399ae9a40618d747bb1af65ac9fad21c89220a143eb4?s=96&d=mm&r=g","caption":"maranhaotv"},"sameAs":["https:\/\/maranhaotv.com.br\/"],"url":"https:\/\/maranhaotv.com.br\/index.php\/author\/maranhaotv\/"}]}},"jetpack_featured_media_url":"","jetpack_sharing_enabled":true,"_links":{"self":[{"href":"https:\/\/maranhaotv.com.br\/index.php\/wp-json\/wp\/v2\/posts\/13168","targetHints":{"allow":["GET"]}}],"collection":[{"href":"https:\/\/maranhaotv.com.br\/index.php\/wp-json\/wp\/v2\/posts"}],"about":[{"href":"https:\/\/maranhaotv.com.br\/index.php\/wp-json\/wp\/v2\/types\/post"}],"author":[{"embeddable":true,"href":"https:\/\/maranhaotv.com.br\/index.php\/wp-json\/wp\/v2\/users\/2"}],"replies":[{"embeddable":true,"href":"https:\/\/maranhaotv.com.br\/index.php\/wp-json\/wp\/v2\/comments?post=13168"}],"version-history":[{"count":0,"href":"https:\/\/maranhaotv.com.br\/index.php\/wp-json\/wp\/v2\/posts\/13168\/revisions"}],"wp:featuredmedia":[{"embeddable":true,"href":"https:\/\/maranhaotv.com.br\/index.php\/wp-json\/"}],"wp:attachment":[{"href":"https:\/\/maranhaotv.com.br\/index.php\/wp-json\/wp\/v2\/media?parent=13168"}],"wp:term":[{"taxonomy":"category","embeddable":true,"href":"https:\/\/maranhaotv.com.br\/index.php\/wp-json\/wp\/v2\/categories?post=13168"},{"taxonomy":"post_tag","embeddable":true,"href":"https:\/\/maranhaotv.com.br\/index.php\/wp-json\/wp\/v2\/tags?post=13168"}],"curies":[{"name":"wp","href":"https:\/\/api.w.org\/{rel}","templated":true}]}}