{"id":13182,"date":"2020-07-09T07:36:57","date_gmt":"2020-07-09T10:36:57","guid":{"rendered":"https:\/\/maiobaotv.com.br\/index.php\/2020\/07\/09\/prefeitura-de-viana-realiza-mega-carreata-em-comemoracao-aos-263-anos-da-cidade\/"},"modified":"2020-07-09T07:36:57","modified_gmt":"2020-07-09T10:36:57","slug":"prefeitura-de-viana-realiza-mega-carreata-em-comemoracao-aos-263-anos-da-cidade","status":"publish","type":"post","link":"https:\/\/maranhaotv.com.br\/index.php\/2020\/07\/09\/prefeitura-de-viana-realiza-mega-carreata-em-comemoracao-aos-263-anos-da-cidade\/","title":{"rendered":"Prefeitura de Viana realiza mega carreata em comemora\u00e7\u00e3o aos 263 anos da cidade"},"content":{"rendered":"<p>Mesmo com a pandemia, a Prefeitura Municipal Municipal n\u00e3o deixou o anivers\u00e1rio de Viana passar em branco. Uma carreata, substituindo as tradicionais modelos de comemora\u00e7\u00f5es, foi realizada na tarde desta quarta-feira, 08.<\/p>\n<p>Devido a pandemia e o isolamento social, a caminhada foi trocada pelos ve\u00edculos, respeitando todas as normas do Munic\u00edpio e da OMS, relacionadas ao coronav\u00edrus.A carreata iniciou sua concentra\u00e7\u00e3o as 16h, na Avenida Jorge Abra\u00e3o Duailibe, pr\u00f3ximo ao restaurante popular.<\/p>\n<p>No percurso, a carreata passou pelas principais ruas e pontos da cidade de Viana, como Professor Eg\u00eddio Rocha, Rua Cel. Campelo, Pra\u00e7a da Matriz, Prefeitura e outros.<\/p>\n<p>Puxados pelo Prefeito Magrado Barros e sua esposa Haydna Amorim e vereadores, as ruas foram preenchidas por carros e motos com bandeiras de amor por Viana.<\/p>\n<p>A carreta foi finalizada na Avenida Lu\u00eds de Almeida Couto, em frente a C\u00e2mara Municipal do munic\u00edpio.A popula\u00e7\u00e3o aderiu a carreata que fez alus\u00e3o aos 263 anos do munic\u00edpio, mostrando que aprovou o formato de comemora\u00e7\u00e3o e, mostrando o sentimento de amor que o vianense tem por sua terra.<\/p>\n<p>&#8220;Manifesto aqui primeiramente o orgulho de ser cidad\u00e3o vianense a qual por nada trocaria, onde contribuo com o meu trabalho para fazer desta cidade um lugar ainda melhor para se viver e ser feliz. Sinto imensur\u00e1vel orgulho de nossa cidade, de suas belezas, hist\u00f3rias incompar\u00e1veis e localiza\u00e7\u00e3o geogr\u00e1fica privilegiada. Viana \u00e9, acima de tudo, um lugar de gente do bem, acolhedora, amiga.<br \/>\nNossa amada Viana est\u00e1 em um processo de desenvolvimento cont\u00ednuo. Sei que n\u00e3o sou o \u00fanico a me orgulhar de morar aqui. Por isso, divido essa alegria com todos voc\u00eas que se sentem da mesma forma. Sei que todos os Viansenses, nascidos nessa terra ou aqueles que a adotaram como sua cidade, zelam por ela e a defendem&#8221;, finalizou o Prefeito Magrado Barros.<\/p>\n<p>Veja as imagens:<\/p>\n<p><img loading=\"lazy\" decoding=\"async\" class=\"wp-image-13171 alignnone size-full\" src=\"https:\/\/maiobaotv.com.br\/wp-content\/uploads\/2020\/07\/img_20200708_1757434814915273288660602-scaled.jpg\" width=\"2560\" height=\"1920\"><img loading=\"lazy\" decoding=\"async\" class=\"alignnone size-full wp-image-13174\" src=\"https:\/\/maiobaotv.com.br\/wp-content\/uploads\/2020\/07\/img_20200708_1754356700770239561549560-2-scaled.jpg\" width=\"1920\" height=\"2560\"><img loading=\"lazy\" decoding=\"async\" class=\"alignnone size-full wp-image-13175\" src=\"https:\/\/maiobaotv.com.br\/wp-content\/uploads\/2020\/07\/img_20200708_1806234817102479701356476-scaled.jpg\" width=\"2560\" height=\"1920\"><img loading=\"lazy\" decoding=\"async\" class=\"wp-image-13176 alignnone size-full\" src=\"https:\/\/maiobaotv.com.br\/wp-content\/uploads\/2020\/07\/img-20200708-wa02981181881749435503113.jpg\" width=\"960\" height=\"1280\"><img loading=\"lazy\" decoding=\"async\" class=\"wp-image-13177 alignnone size-full\" src=\"https:\/\/maiobaotv.com.br\/wp-content\/uploads\/2020\/07\/img_20200708_1908338196932829779955650-scaled.jpg\" width=\"1920\" height=\"2560\"><img loading=\"lazy\" decoding=\"async\" class=\"wp-image-13179 alignnone size-full\" src=\"https:\/\/maiobaotv.com.br\/wp-content\/uploads\/2020\/07\/img_20200708_193034658027719114064353-scaled.jpg\" width=\"1920\" height=\"2560\"><img loading=\"lazy\" decoding=\"async\" class=\"wp-image-13180 alignnone size-full\" src=\"https:\/\/maiobaotv.com.br\/wp-content\/uploads\/2020\/07\/img_20200708_191646924410033452648951-scaled.jpg\" width=\"2560\" height=\"1920\"><img loading=\"lazy\" decoding=\"async\" class=\"wp-image-13181 alignnone size-full\" src=\"https:\/\/maiobaotv.com.br\/wp-content\/uploads\/2020\/07\/img_20200708_1832156498853061256862956-scaled.jpg\" width=\"2560\" height=\"1920\"><\/p>\n","protected":false},"excerpt":{"rendered":"<p>Mesmo com a pandemia, a Prefeitura Municipal Municipal n\u00e3o deixou o anivers\u00e1rio de Viana passar em branco. Uma carreata, substituindo<\/p>\n","protected":false},"author":2,"featured_media":13181,"comment_status":"open","ping_status":"open","sticky":false,"template":"","format":"standard","meta":{"colormag_page_container_layout":"default_layout","colormag_page_sidebar_layout":"default_layout","_jetpack_memberships_contains_paid_content":false,"footnotes":""},"categories":[2,6],"tags":[17,42,5],"class_list":["post-13182","post","type-post","status-publish","format-standard","has-post-thumbnail","hentry","category-noticias","category-politica","tag-magrado-barros","tag-prefeitura-de-viana","tag-viana"],"magazineBlocksPostFeaturedMedia":{"thumbnail":false,"medium":false,"medium_large":false,"large":false,"1536x1536":false,"2048x2048":false,"colormag-highlighted-post":false,"colormag-featured-post-medium":false,"colormag-featured-post-small":false,"colormag-featured-image":false,"colormag-default-news":false,"colormag-featured-image-large":false},"magazineBlocksPostAuthor":{"name":"maranhaotv","avatar":"https:\/\/secure.gravatar.com\/avatar\/8fadbca458d4cb68b1dd399ae9a40618d747bb1af65ac9fad21c89220a143eb4?s=96&d=mm&r=g"},"magazineBlocksPostCommentsNumber":"0","magazineBlocksPostExcerpt":"Mesmo com a pandemia, a Prefeitura Municipal Municipal n\u00e3o deixou o anivers\u00e1rio de Viana passar em branco. Uma carreata, substituindo","magazineBlocksPostCategories":["not\u00edcias","pol\u00edtica"],"magazineBlocksPostViewCount":233,"magazineBlocksPostReadTime":2,"magazine_blocks_featured_image_url":{"full":false,"medium":false,"thumbnail":false},"magazine_blocks_author":{"display_name":"maranhaotv","author_link":"https:\/\/maranhaotv.com.br\/index.php\/author\/maranhaotv\/"},"magazine_blocks_comment":0,"magazine_blocks_author_image":"https:\/\/secure.gravatar.com\/avatar\/8fadbca458d4cb68b1dd399ae9a40618d747bb1af65ac9fad21c89220a143eb4?s=96&d=mm&r=g","magazine_blocks_category":"<a href=\"#\" class=\"category-link category-link-2\">not\u00edcias<\/a> <a href=\"#\" class=\"category-link category-link-6\">pol\u00edtica<\/a>","yoast_head":"<!-- This site is optimized with the Yoast SEO plugin v27.4 - https:\/\/yoast.com\/product\/yoast-seo-wordpress\/ -->\n<title>Prefeitura de Viana realiza mega carreata em comemora\u00e7\u00e3o aos 263 anos da cidade - NOT\u00cdCIAS EM TEMPO REAL<\/title>\n<meta name=\"robots\" content=\"index, follow, max-snippet:-1, max-image-preview:large, max-video-preview:-1\" \/>\n<link rel=\"canonical\" href=\"https:\/\/maranhaotv.com.br\/index.php\/2020\/07\/09\/prefeitura-de-viana-realiza-mega-carreata-em-comemoracao-aos-263-anos-da-cidade\/\" \/>\n<meta property=\"og:locale\" content=\"pt_BR\" \/>\n<meta property=\"og:type\" content=\"article\" \/>\n<meta property=\"og:title\" content=\"Prefeitura de Viana realiza mega carreata em comemora\u00e7\u00e3o aos 263 anos da cidade - NOT\u00cdCIAS EM TEMPO REAL\" \/>\n<meta property=\"og:description\" content=\"Mesmo com a pandemia, a Prefeitura Municipal Municipal n\u00e3o deixou o anivers\u00e1rio de Viana passar em branco. Uma carreata, substituindo\" \/>\n<meta property=\"og:url\" content=\"https:\/\/maranhaotv.com.br\/index.php\/2020\/07\/09\/prefeitura-de-viana-realiza-mega-carreata-em-comemoracao-aos-263-anos-da-cidade\/\" \/>\n<meta property=\"og:site_name\" content=\"NOT\u00cdCIAS EM TEMPO REAL\" \/>\n<meta property=\"article:publisher\" content=\"https:\/\/www.facebook.com\/maiobaotv\" \/>\n<meta property=\"article:published_time\" content=\"2020-07-09T10:36:57+00:00\" \/>\n<meta name=\"author\" content=\"maranhaotv\" \/>\n<meta name=\"twitter:card\" content=\"summary_large_image\" \/>\n<meta name=\"twitter:creator\" content=\"@sitemaranhaotv\" \/>\n<meta name=\"twitter:site\" content=\"@sitemaranhaotv\" \/>\n<meta name=\"twitter:label1\" content=\"Escrito por\" \/>\n\t<meta name=\"twitter:data1\" content=\"maranhaotv\" \/>\n\t<meta name=\"twitter:label2\" content=\"Est. tempo de leitura\" \/>\n\t<meta name=\"twitter:data2\" content=\"2 minutos\" \/>\n<script type=\"application\/ld+json\" class=\"yoast-schema-graph\">{\"@context\":\"https:\\\/\\\/schema.org\",\"@graph\":[{\"@type\":\"Article\",\"@id\":\"https:\\\/\\\/maranhaotv.com.br\\\/index.php\\\/2020\\\/07\\\/09\\\/prefeitura-de-viana-realiza-mega-carreata-em-comemoracao-aos-263-anos-da-cidade\\\/#article\",\"isPartOf\":{\"@id\":\"https:\\\/\\\/maranhaotv.com.br\\\/index.php\\\/2020\\\/07\\\/09\\\/prefeitura-de-viana-realiza-mega-carreata-em-comemoracao-aos-263-anos-da-cidade\\\/\"},\"author\":{\"name\":\"maranhaotv\",\"@id\":\"https:\\\/\\\/maranhaotv.com.br\\\/#\\\/schema\\\/person\\\/3d54238e86b20bb5c89ab2fdb8f8829a\"},\"headline\":\"Prefeitura de Viana realiza mega carreata em comemora\u00e7\u00e3o aos 263 anos da cidade\",\"datePublished\":\"2020-07-09T10:36:57+00:00\",\"mainEntityOfPage\":{\"@id\":\"https:\\\/\\\/maranhaotv.com.br\\\/index.php\\\/2020\\\/07\\\/09\\\/prefeitura-de-viana-realiza-mega-carreata-em-comemoracao-aos-263-anos-da-cidade\\\/\"},\"wordCount\":341,\"commentCount\":0,\"publisher\":{\"@id\":\"https:\\\/\\\/maranhaotv.com.br\\\/#organization\"},\"image\":{\"@id\":\"https:\\\/\\\/maranhaotv.com.br\\\/index.php\\\/2020\\\/07\\\/09\\\/prefeitura-de-viana-realiza-mega-carreata-em-comemoracao-aos-263-anos-da-cidade\\\/#primaryimage\"},\"thumbnailUrl\":\"\",\"keywords\":[\"Magrado Barros\",\"Prefeitura de Viana\",\"Viana\"],\"articleSection\":[\"not\u00edcias\",\"pol\u00edtica\"],\"inLanguage\":\"pt-BR\",\"potentialAction\":[{\"@type\":\"CommentAction\",\"name\":\"Comment\",\"target\":[\"https:\\\/\\\/maranhaotv.com.br\\\/index.php\\\/2020\\\/07\\\/09\\\/prefeitura-de-viana-realiza-mega-carreata-em-comemoracao-aos-263-anos-da-cidade\\\/#respond\"]}]},{\"@type\":\"WebPage\",\"@id\":\"https:\\\/\\\/maranhaotv.com.br\\\/index.php\\\/2020\\\/07\\\/09\\\/prefeitura-de-viana-realiza-mega-carreata-em-comemoracao-aos-263-anos-da-cidade\\\/\",\"url\":\"https:\\\/\\\/maranhaotv.com.br\\\/index.php\\\/2020\\\/07\\\/09\\\/prefeitura-de-viana-realiza-mega-carreata-em-comemoracao-aos-263-anos-da-cidade\\\/\",\"name\":\"Prefeitura de Viana realiza mega carreata em comemora\u00e7\u00e3o aos 263 anos da cidade - NOT\u00cdCIAS EM TEMPO REAL\",\"isPartOf\":{\"@id\":\"https:\\\/\\\/maranhaotv.com.br\\\/#website\"},\"primaryImageOfPage\":{\"@id\":\"https:\\\/\\\/maranhaotv.com.br\\\/index.php\\\/2020\\\/07\\\/09\\\/prefeitura-de-viana-realiza-mega-carreata-em-comemoracao-aos-263-anos-da-cidade\\\/#primaryimage\"},\"image\":{\"@id\":\"https:\\\/\\\/maranhaotv.com.br\\\/index.php\\\/2020\\\/07\\\/09\\\/prefeitura-de-viana-realiza-mega-carreata-em-comemoracao-aos-263-anos-da-cidade\\\/#primaryimage\"},\"thumbnailUrl\":\"\",\"datePublished\":\"2020-07-09T10:36:57+00:00\",\"breadcrumb\":{\"@id\":\"https:\\\/\\\/maranhaotv.com.br\\\/index.php\\\/2020\\\/07\\\/09\\\/prefeitura-de-viana-realiza-mega-carreata-em-comemoracao-aos-263-anos-da-cidade\\\/#breadcrumb\"},\"inLanguage\":\"pt-BR\",\"potentialAction\":[{\"@type\":\"ReadAction\",\"target\":[\"https:\\\/\\\/maranhaotv.com.br\\\/index.php\\\/2020\\\/07\\\/09\\\/prefeitura-de-viana-realiza-mega-carreata-em-comemoracao-aos-263-anos-da-cidade\\\/\"]}]},{\"@type\":\"ImageObject\",\"inLanguage\":\"pt-BR\",\"@id\":\"https:\\\/\\\/maranhaotv.com.br\\\/index.php\\\/2020\\\/07\\\/09\\\/prefeitura-de-viana-realiza-mega-carreata-em-comemoracao-aos-263-anos-da-cidade\\\/#primaryimage\",\"url\":\"\",\"contentUrl\":\"\"},{\"@type\":\"BreadcrumbList\",\"@id\":\"https:\\\/\\\/maranhaotv.com.br\\\/index.php\\\/2020\\\/07\\\/09\\\/prefeitura-de-viana-realiza-mega-carreata-em-comemoracao-aos-263-anos-da-cidade\\\/#breadcrumb\",\"itemListElement\":[{\"@type\":\"ListItem\",\"position\":1,\"name\":\"In\u00edcio\",\"item\":\"https:\\\/\\\/maranhaotv.com.br\\\/\"},{\"@type\":\"ListItem\",\"position\":2,\"name\":\"Prefeitura de Viana realiza mega carreata em comemora\u00e7\u00e3o aos 263 anos da cidade\"}]},{\"@type\":\"WebSite\",\"@id\":\"https:\\\/\\\/maranhaotv.com.br\\\/#website\",\"url\":\"https:\\\/\\\/maranhaotv.com.br\\\/\",\"name\":\"Maranh\u00e3oTV\",\"description\":\"\",\"publisher\":{\"@id\":\"https:\\\/\\\/maranhaotv.com.br\\\/#organization\"},\"potentialAction\":[{\"@type\":\"SearchAction\",\"target\":{\"@type\":\"EntryPoint\",\"urlTemplate\":\"https:\\\/\\\/maranhaotv.com.br\\\/?s={search_term_string}\"},\"query-input\":{\"@type\":\"PropertyValueSpecification\",\"valueRequired\":true,\"valueName\":\"search_term_string\"}}],\"inLanguage\":\"pt-BR\"},{\"@type\":\"Organization\",\"@id\":\"https:\\\/\\\/maranhaotv.com.br\\\/#organization\",\"name\":\"Portal de Not\u00edcias\",\"url\":\"https:\\\/\\\/maranhaotv.com.br\\\/\",\"logo\":{\"@type\":\"ImageObject\",\"inLanguage\":\"pt-BR\",\"@id\":\"https:\\\/\\\/maranhaotv.com.br\\\/#\\\/schema\\\/logo\\\/image\\\/\",\"url\":\"https:\\\/\\\/maranhaotv.com.br\\\/wp-content\\\/uploads\\\/2024\\\/05\\\/cropped-cropped-avatar-1.png\",\"contentUrl\":\"https:\\\/\\\/maranhaotv.com.br\\\/wp-content\\\/uploads\\\/2024\\\/05\\\/cropped-cropped-avatar-1.png\",\"width\":792,\"height\":428,\"caption\":\"Portal de Not\u00edcias\"},\"image\":{\"@id\":\"https:\\\/\\\/maranhaotv.com.br\\\/#\\\/schema\\\/logo\\\/image\\\/\"},\"sameAs\":[\"https:\\\/\\\/www.facebook.com\\\/maiobaotv\",\"https:\\\/\\\/x.com\\\/sitemaranhaotv\",\"https:\\\/\\\/www.instagram.com\\\/maranhao.tv\",\"https:\\\/\\\/www.threads.net\\\/@maranhao.tv\"]},{\"@type\":\"Person\",\"@id\":\"https:\\\/\\\/maranhaotv.com.br\\\/#\\\/schema\\\/person\\\/3d54238e86b20bb5c89ab2fdb8f8829a\",\"name\":\"maranhaotv\",\"image\":{\"@type\":\"ImageObject\",\"inLanguage\":\"pt-BR\",\"@id\":\"https:\\\/\\\/secure.gravatar.com\\\/avatar\\\/8fadbca458d4cb68b1dd399ae9a40618d747bb1af65ac9fad21c89220a143eb4?s=96&d=mm&r=g\",\"url\":\"https:\\\/\\\/secure.gravatar.com\\\/avatar\\\/8fadbca458d4cb68b1dd399ae9a40618d747bb1af65ac9fad21c89220a143eb4?s=96&d=mm&r=g\",\"contentUrl\":\"https:\\\/\\\/secure.gravatar.com\\\/avatar\\\/8fadbca458d4cb68b1dd399ae9a40618d747bb1af65ac9fad21c89220a143eb4?s=96&d=mm&r=g\",\"caption\":\"maranhaotv\"},\"sameAs\":[\"https:\\\/\\\/maranhaotv.com.br\\\/\"],\"url\":\"https:\\\/\\\/maranhaotv.com.br\\\/index.php\\\/author\\\/maranhaotv\\\/\"}]}<\/script>\n<!-- \/ Yoast SEO plugin. -->","yoast_head_json":{"title":"Prefeitura de Viana realiza mega carreata em comemora\u00e7\u00e3o aos 263 anos da cidade - NOT\u00cdCIAS EM TEMPO REAL","robots":{"index":"index","follow":"follow","max-snippet":"max-snippet:-1","max-image-preview":"max-image-preview:large","max-video-preview":"max-video-preview:-1"},"canonical":"https:\/\/maranhaotv.com.br\/index.php\/2020\/07\/09\/prefeitura-de-viana-realiza-mega-carreata-em-comemoracao-aos-263-anos-da-cidade\/","og_locale":"pt_BR","og_type":"article","og_title":"Prefeitura de Viana realiza mega carreata em comemora\u00e7\u00e3o aos 263 anos da cidade - NOT\u00cdCIAS EM TEMPO REAL","og_description":"Mesmo com a pandemia, a Prefeitura Municipal Municipal n\u00e3o deixou o anivers\u00e1rio de Viana passar em branco. Uma carreata, substituindo","og_url":"https:\/\/maranhaotv.com.br\/index.php\/2020\/07\/09\/prefeitura-de-viana-realiza-mega-carreata-em-comemoracao-aos-263-anos-da-cidade\/","og_site_name":"NOT\u00cdCIAS EM TEMPO REAL","article_publisher":"https:\/\/www.facebook.com\/maiobaotv","article_published_time":"2020-07-09T10:36:57+00:00","author":"maranhaotv","twitter_card":"summary_large_image","twitter_creator":"@sitemaranhaotv","twitter_site":"@sitemaranhaotv","twitter_misc":{"Escrito por":"maranhaotv","Est. tempo de leitura":"2 minutos"},"schema":{"@context":"https:\/\/schema.org","@graph":[{"@type":"Article","@id":"https:\/\/maranhaotv.com.br\/index.php\/2020\/07\/09\/prefeitura-de-viana-realiza-mega-carreata-em-comemoracao-aos-263-anos-da-cidade\/#article","isPartOf":{"@id":"https:\/\/maranhaotv.com.br\/index.php\/2020\/07\/09\/prefeitura-de-viana-realiza-mega-carreata-em-comemoracao-aos-263-anos-da-cidade\/"},"author":{"name":"maranhaotv","@id":"https:\/\/maranhaotv.com.br\/#\/schema\/person\/3d54238e86b20bb5c89ab2fdb8f8829a"},"headline":"Prefeitura de Viana realiza mega carreata em comemora\u00e7\u00e3o aos 263 anos da cidade","datePublished":"2020-07-09T10:36:57+00:00","mainEntityOfPage":{"@id":"https:\/\/maranhaotv.com.br\/index.php\/2020\/07\/09\/prefeitura-de-viana-realiza-mega-carreata-em-comemoracao-aos-263-anos-da-cidade\/"},"wordCount":341,"commentCount":0,"publisher":{"@id":"https:\/\/maranhaotv.com.br\/#organization"},"image":{"@id":"https:\/\/maranhaotv.com.br\/index.php\/2020\/07\/09\/prefeitura-de-viana-realiza-mega-carreata-em-comemoracao-aos-263-anos-da-cidade\/#primaryimage"},"thumbnailUrl":"","keywords":["Magrado Barros","Prefeitura de Viana","Viana"],"articleSection":["not\u00edcias","pol\u00edtica"],"inLanguage":"pt-BR","potentialAction":[{"@type":"CommentAction","name":"Comment","target":["https:\/\/maranhaotv.com.br\/index.php\/2020\/07\/09\/prefeitura-de-viana-realiza-mega-carreata-em-comemoracao-aos-263-anos-da-cidade\/#respond"]}]},{"@type":"WebPage","@id":"https:\/\/maranhaotv.com.br\/index.php\/2020\/07\/09\/prefeitura-de-viana-realiza-mega-carreata-em-comemoracao-aos-263-anos-da-cidade\/","url":"https:\/\/maranhaotv.com.br\/index.php\/2020\/07\/09\/prefeitura-de-viana-realiza-mega-carreata-em-comemoracao-aos-263-anos-da-cidade\/","name":"Prefeitura de Viana realiza mega carreata em comemora\u00e7\u00e3o aos 263 anos da cidade - NOT\u00cdCIAS EM TEMPO REAL","isPartOf":{"@id":"https:\/\/maranhaotv.com.br\/#website"},"primaryImageOfPage":{"@id":"https:\/\/maranhaotv.com.br\/index.php\/2020\/07\/09\/prefeitura-de-viana-realiza-mega-carreata-em-comemoracao-aos-263-anos-da-cidade\/#primaryimage"},"image":{"@id":"https:\/\/maranhaotv.com.br\/index.php\/2020\/07\/09\/prefeitura-de-viana-realiza-mega-carreata-em-comemoracao-aos-263-anos-da-cidade\/#primaryimage"},"thumbnailUrl":"","datePublished":"2020-07-09T10:36:57+00:00","breadcrumb":{"@id":"https:\/\/maranhaotv.com.br\/index.php\/2020\/07\/09\/prefeitura-de-viana-realiza-mega-carreata-em-comemoracao-aos-263-anos-da-cidade\/#breadcrumb"},"inLanguage":"pt-BR","potentialAction":[{"@type":"ReadAction","target":["https:\/\/maranhaotv.com.br\/index.php\/2020\/07\/09\/prefeitura-de-viana-realiza-mega-carreata-em-comemoracao-aos-263-anos-da-cidade\/"]}]},{"@type":"ImageObject","inLanguage":"pt-BR","@id":"https:\/\/maranhaotv.com.br\/index.php\/2020\/07\/09\/prefeitura-de-viana-realiza-mega-carreata-em-comemoracao-aos-263-anos-da-cidade\/#primaryimage","url":"","contentUrl":""},{"@type":"BreadcrumbList","@id":"https:\/\/maranhaotv.com.br\/index.php\/2020\/07\/09\/prefeitura-de-viana-realiza-mega-carreata-em-comemoracao-aos-263-anos-da-cidade\/#breadcrumb","itemListElement":[{"@type":"ListItem","position":1,"name":"In\u00edcio","item":"https:\/\/maranhaotv.com.br\/"},{"@type":"ListItem","position":2,"name":"Prefeitura de Viana realiza mega carreata em comemora\u00e7\u00e3o aos 263 anos da cidade"}]},{"@type":"WebSite","@id":"https:\/\/maranhaotv.com.br\/#website","url":"https:\/\/maranhaotv.com.br\/","name":"Maranh\u00e3oTV","description":"","publisher":{"@id":"https:\/\/maranhaotv.com.br\/#organization"},"potentialAction":[{"@type":"SearchAction","target":{"@type":"EntryPoint","urlTemplate":"https:\/\/maranhaotv.com.br\/?s={search_term_string}"},"query-input":{"@type":"PropertyValueSpecification","valueRequired":true,"valueName":"search_term_string"}}],"inLanguage":"pt-BR"},{"@type":"Organization","@id":"https:\/\/maranhaotv.com.br\/#organization","name":"Portal de Not\u00edcias","url":"https:\/\/maranhaotv.com.br\/","logo":{"@type":"ImageObject","inLanguage":"pt-BR","@id":"https:\/\/maranhaotv.com.br\/#\/schema\/logo\/image\/","url":"https:\/\/maranhaotv.com.br\/wp-content\/uploads\/2024\/05\/cropped-cropped-avatar-1.png","contentUrl":"https:\/\/maranhaotv.com.br\/wp-content\/uploads\/2024\/05\/cropped-cropped-avatar-1.png","width":792,"height":428,"caption":"Portal de Not\u00edcias"},"image":{"@id":"https:\/\/maranhaotv.com.br\/#\/schema\/logo\/image\/"},"sameAs":["https:\/\/www.facebook.com\/maiobaotv","https:\/\/x.com\/sitemaranhaotv","https:\/\/www.instagram.com\/maranhao.tv","https:\/\/www.threads.net\/@maranhao.tv"]},{"@type":"Person","@id":"https:\/\/maranhaotv.com.br\/#\/schema\/person\/3d54238e86b20bb5c89ab2fdb8f8829a","name":"maranhaotv","image":{"@type":"ImageObject","inLanguage":"pt-BR","@id":"https:\/\/secure.gravatar.com\/avatar\/8fadbca458d4cb68b1dd399ae9a40618d747bb1af65ac9fad21c89220a143eb4?s=96&d=mm&r=g","url":"https:\/\/secure.gravatar.com\/avatar\/8fadbca458d4cb68b1dd399ae9a40618d747bb1af65ac9fad21c89220a143eb4?s=96&d=mm&r=g","contentUrl":"https:\/\/secure.gravatar.com\/avatar\/8fadbca458d4cb68b1dd399ae9a40618d747bb1af65ac9fad21c89220a143eb4?s=96&d=mm&r=g","caption":"maranhaotv"},"sameAs":["https:\/\/maranhaotv.com.br\/"],"url":"https:\/\/maranhaotv.com.br\/index.php\/author\/maranhaotv\/"}]}},"jetpack_featured_media_url":"","jetpack_sharing_enabled":true,"_links":{"self":[{"href":"https:\/\/maranhaotv.com.br\/index.php\/wp-json\/wp\/v2\/posts\/13182","targetHints":{"allow":["GET"]}}],"collection":[{"href":"https:\/\/maranhaotv.com.br\/index.php\/wp-json\/wp\/v2\/posts"}],"about":[{"href":"https:\/\/maranhaotv.com.br\/index.php\/wp-json\/wp\/v2\/types\/post"}],"author":[{"embeddable":true,"href":"https:\/\/maranhaotv.com.br\/index.php\/wp-json\/wp\/v2\/users\/2"}],"replies":[{"embeddable":true,"href":"https:\/\/maranhaotv.com.br\/index.php\/wp-json\/wp\/v2\/comments?post=13182"}],"version-history":[{"count":0,"href":"https:\/\/maranhaotv.com.br\/index.php\/wp-json\/wp\/v2\/posts\/13182\/revisions"}],"wp:featuredmedia":[{"embeddable":true,"href":"https:\/\/maranhaotv.com.br\/index.php\/wp-json\/"}],"wp:attachment":[{"href":"https:\/\/maranhaotv.com.br\/index.php\/wp-json\/wp\/v2\/media?parent=13182"}],"wp:term":[{"taxonomy":"category","embeddable":true,"href":"https:\/\/maranhaotv.com.br\/index.php\/wp-json\/wp\/v2\/categories?post=13182"},{"taxonomy":"post_tag","embeddable":true,"href":"https:\/\/maranhaotv.com.br\/index.php\/wp-json\/wp\/v2\/tags?post=13182"}],"curies":[{"name":"wp","href":"https:\/\/api.w.org\/{rel}","templated":true}]}}