{"id":13194,"date":"2020-07-10T09:07:11","date_gmt":"2020-07-10T12:07:11","guid":{"rendered":"https:\/\/maiobaotv.com.br\/?p=13194"},"modified":"2020-07-10T09:07:11","modified_gmt":"2020-07-10T12:07:11","slug":"ex-prefeito-de-arari-e-condenado-a-devolver-mais-de-r-880-mil-ao-erario","status":"publish","type":"post","link":"https:\/\/maranhaotv.com.br\/index.php\/2020\/07\/10\/ex-prefeito-de-arari-e-condenado-a-devolver-mais-de-r-880-mil-ao-erario\/","title":{"rendered":"Ex-prefeito\u00a0 de Arari \u00e9 condenado a devolver mais de R$ 880 mil ao er\u00e1rio"},"content":{"rendered":"<p>O Minist\u00e9rio P\u00fablico do Maranh\u00e3o ingressou, no \u00faltimo dia 6 de julho, com uma A\u00e7\u00e3o Civil de Ressarcimento ao Er\u00e1rio P\u00fablico contra o ex-prefeito de Arari Jos\u00e9 Antonio Nunes Aguiar, conhecido como Mindubim, para que seja devolvido aos cofres p\u00fablicos do munic\u00edpio o valor de R$ 883.944,40. O ex-gestor foi condenado pela pr\u00e1tica de improbidade administrativa referente \u00e0 n\u00e3o presta\u00e7\u00e3o de contas e \u00e0 n\u00e3o demonstra\u00e7\u00e3o de utiliza\u00e7\u00e3o dos recursos oriundos do Conv\u00eanio n\u00ba 561\/2005.<\/p>\n<p>A senten\u00e7a que o condenou transitou em julgado em 25 de setembro de 2019, portanto n\u00e3o cabe mais recurso.<\/p>\n<p>Na a\u00e7\u00e3o, a titular da Promotoria de Justi\u00e7a de Arari, Patr\u00edcia Fernandes Gomes Costa Ferreira, requer que o montante a ser devolvido seja destinado ao Fundo Municipal de Sa\u00fade e aplicado em medidas de preven\u00e7\u00e3o e combate \u00e0 pandemia de Covid-19, no munic\u00edpio.<\/p>\n<p>Os valores atualizados, segundo os par\u00e2metros estabelecidos na senten\u00e7a, referem-se ao ressarcimento integral do dano ao er\u00e1rio (R$ 294.648,12) e multa civil (R$ 589.296,28).<\/p>\n<p>Na a\u00e7\u00e3o de execu\u00e7\u00e3o da senten\u00e7a, o Minist\u00e9rio P\u00fablico requer a intima\u00e7\u00e3o do r\u00e9u para que efetue o pagamento dos valores devidos, na pessoa do seu advogado. Caso o ex-prefeito n\u00e3o cumpra a determina\u00e7\u00e3o no prazo de 15 dias, foi requerido o acr\u00e9scimo de multa de 10% ao montante da condena\u00e7\u00e3o e posterior expedi\u00e7\u00e3o de mandado de penhora e avalia\u00e7\u00e3o.<\/p>\n<p>OUTRAS PENALIDADES<\/p>\n<p>Na senten\u00e7a que condenou o ex-prefeito de Arari, existem outras penalidades, como a perda da fun\u00e7\u00e3o p\u00fablica, caso ainda a exer\u00e7a; suspens\u00e3o dos direitos pol\u00edticos pelo per\u00edodo de oito anos; proibi\u00e7\u00e3o de contratar com o Poder P\u00fablico ou receber benef\u00edcios ou incentivos fiscais ou credit\u00edcios, direta ou indiretamente, ainda que por interm\u00e9dio de pessoa jur\u00eddica da qual seja s\u00f3cio majorit\u00e1rio, pelo prazo de 05 (cinco) anos, contados do tr\u00e2nsito em julgado desta senten\u00e7a.<\/p>\n<p><img loading=\"lazy\" decoding=\"async\" src=\"https:\/\/maiobaotv.com.br\/wp-content\/uploads\/2020\/07\/images-102131589936988727326..jpg\" class=\"wp-image-13193 alignnone size-full\" width=\"239\" height=\"262\"><\/p>\n<p>MPMA<\/p>\n","protected":false},"excerpt":{"rendered":"<p>O Minist\u00e9rio P\u00fablico do Maranh\u00e3o ingressou, no \u00faltimo dia 6 de julho, com uma A\u00e7\u00e3o Civil de Ressarcimento ao Er\u00e1rio<\/p>\n","protected":false},"author":2,"featured_media":13195,"comment_status":"open","ping_status":"open","sticky":false,"template":"","format":"standard","meta":{"colormag_page_container_layout":"default_layout","colormag_page_sidebar_layout":"default_layout","_jetpack_memberships_contains_paid_content":false,"footnotes":""},"categories":[2],"tags":[193],"class_list":["post-13194","post","type-post","status-publish","format-standard","has-post-thumbnail","hentry","category-noticias","tag-arari"],"magazineBlocksPostFeaturedMedia":{"thumbnail":false,"medium":false,"medium_large":false,"large":false,"1536x1536":false,"2048x2048":false,"colormag-highlighted-post":false,"colormag-featured-post-medium":false,"colormag-featured-post-small":false,"colormag-featured-image":false,"colormag-default-news":false,"colormag-featured-image-large":false},"magazineBlocksPostAuthor":{"name":"maranhaotv","avatar":"https:\/\/secure.gravatar.com\/avatar\/8fadbca458d4cb68b1dd399ae9a40618d747bb1af65ac9fad21c89220a143eb4?s=96&d=mm&r=g"},"magazineBlocksPostCommentsNumber":"0","magazineBlocksPostExcerpt":"O Minist\u00e9rio P\u00fablico do Maranh\u00e3o ingressou, no \u00faltimo dia 6 de julho, com uma A\u00e7\u00e3o Civil de Ressarcimento ao Er\u00e1rio","magazineBlocksPostCategories":["not\u00edcias"],"magazineBlocksPostViewCount":175,"magazineBlocksPostReadTime":2,"magazine_blocks_featured_image_url":{"full":false,"medium":false,"thumbnail":false},"magazine_blocks_author":{"display_name":"maranhaotv","author_link":"https:\/\/maranhaotv.com.br\/index.php\/author\/maranhaotv\/"},"magazine_blocks_comment":0,"magazine_blocks_author_image":"https:\/\/secure.gravatar.com\/avatar\/8fadbca458d4cb68b1dd399ae9a40618d747bb1af65ac9fad21c89220a143eb4?s=96&d=mm&r=g","magazine_blocks_category":"<a href=\"#\" class=\"category-link category-link-2\">not\u00edcias<\/a>","yoast_head":"<!-- This site is optimized with the Yoast SEO plugin v27.4 - https:\/\/yoast.com\/product\/yoast-seo-wordpress\/ -->\n<title>Ex-prefeito\u00a0 de Arari \u00e9 condenado a devolver mais de R$ 880 mil ao er\u00e1rio - NOT\u00cdCIAS EM TEMPO REAL<\/title>\n<meta name=\"robots\" content=\"index, follow, max-snippet:-1, max-image-preview:large, max-video-preview:-1\" \/>\n<link rel=\"canonical\" href=\"https:\/\/maranhaotv.com.br\/index.php\/2020\/07\/10\/ex-prefeito-de-arari-e-condenado-a-devolver-mais-de-r-880-mil-ao-erario\/\" \/>\n<meta property=\"og:locale\" content=\"pt_BR\" \/>\n<meta property=\"og:type\" content=\"article\" \/>\n<meta property=\"og:title\" content=\"Ex-prefeito\u00a0 de Arari \u00e9 condenado a devolver mais de R$ 880 mil ao er\u00e1rio - NOT\u00cdCIAS EM TEMPO REAL\" \/>\n<meta property=\"og:description\" content=\"O Minist\u00e9rio P\u00fablico do Maranh\u00e3o ingressou, no \u00faltimo dia 6 de julho, com uma A\u00e7\u00e3o Civil de Ressarcimento ao Er\u00e1rio\" \/>\n<meta property=\"og:url\" content=\"https:\/\/maranhaotv.com.br\/index.php\/2020\/07\/10\/ex-prefeito-de-arari-e-condenado-a-devolver-mais-de-r-880-mil-ao-erario\/\" \/>\n<meta property=\"og:site_name\" content=\"NOT\u00cdCIAS EM TEMPO REAL\" \/>\n<meta property=\"article:publisher\" content=\"https:\/\/www.facebook.com\/maiobaotv\" \/>\n<meta property=\"article:published_time\" content=\"2020-07-10T12:07:11+00:00\" \/>\n<meta name=\"author\" content=\"maranhaotv\" \/>\n<meta name=\"twitter:card\" content=\"summary_large_image\" \/>\n<meta name=\"twitter:creator\" content=\"@sitemaranhaotv\" \/>\n<meta name=\"twitter:site\" content=\"@sitemaranhaotv\" \/>\n<meta name=\"twitter:label1\" content=\"Escrito por\" \/>\n\t<meta name=\"twitter:data1\" content=\"maranhaotv\" \/>\n\t<meta name=\"twitter:label2\" content=\"Est. tempo de leitura\" \/>\n\t<meta name=\"twitter:data2\" content=\"2 minutos\" \/>\n<script type=\"application\/ld+json\" class=\"yoast-schema-graph\">{\"@context\":\"https:\\\/\\\/schema.org\",\"@graph\":[{\"@type\":\"Article\",\"@id\":\"https:\\\/\\\/maranhaotv.com.br\\\/index.php\\\/2020\\\/07\\\/10\\\/ex-prefeito-de-arari-e-condenado-a-devolver-mais-de-r-880-mil-ao-erario\\\/#article\",\"isPartOf\":{\"@id\":\"https:\\\/\\\/maranhaotv.com.br\\\/index.php\\\/2020\\\/07\\\/10\\\/ex-prefeito-de-arari-e-condenado-a-devolver-mais-de-r-880-mil-ao-erario\\\/\"},\"author\":{\"name\":\"maranhaotv\",\"@id\":\"https:\\\/\\\/maranhaotv.com.br\\\/#\\\/schema\\\/person\\\/3d54238e86b20bb5c89ab2fdb8f8829a\"},\"headline\":\"Ex-prefeito\u00a0 de Arari \u00e9 condenado a devolver mais de R$ 880 mil ao er\u00e1rio\",\"datePublished\":\"2020-07-10T12:07:11+00:00\",\"mainEntityOfPage\":{\"@id\":\"https:\\\/\\\/maranhaotv.com.br\\\/index.php\\\/2020\\\/07\\\/10\\\/ex-prefeito-de-arari-e-condenado-a-devolver-mais-de-r-880-mil-ao-erario\\\/\"},\"wordCount\":353,\"commentCount\":0,\"publisher\":{\"@id\":\"https:\\\/\\\/maranhaotv.com.br\\\/#organization\"},\"image\":{\"@id\":\"https:\\\/\\\/maranhaotv.com.br\\\/index.php\\\/2020\\\/07\\\/10\\\/ex-prefeito-de-arari-e-condenado-a-devolver-mais-de-r-880-mil-ao-erario\\\/#primaryimage\"},\"thumbnailUrl\":\"\",\"keywords\":[\"Arari\"],\"articleSection\":[\"not\u00edcias\"],\"inLanguage\":\"pt-BR\",\"potentialAction\":[{\"@type\":\"CommentAction\",\"name\":\"Comment\",\"target\":[\"https:\\\/\\\/maranhaotv.com.br\\\/index.php\\\/2020\\\/07\\\/10\\\/ex-prefeito-de-arari-e-condenado-a-devolver-mais-de-r-880-mil-ao-erario\\\/#respond\"]}]},{\"@type\":\"WebPage\",\"@id\":\"https:\\\/\\\/maranhaotv.com.br\\\/index.php\\\/2020\\\/07\\\/10\\\/ex-prefeito-de-arari-e-condenado-a-devolver-mais-de-r-880-mil-ao-erario\\\/\",\"url\":\"https:\\\/\\\/maranhaotv.com.br\\\/index.php\\\/2020\\\/07\\\/10\\\/ex-prefeito-de-arari-e-condenado-a-devolver-mais-de-r-880-mil-ao-erario\\\/\",\"name\":\"Ex-prefeito\u00a0 de Arari \u00e9 condenado a devolver mais de R$ 880 mil ao er\u00e1rio - NOT\u00cdCIAS EM TEMPO REAL\",\"isPartOf\":{\"@id\":\"https:\\\/\\\/maranhaotv.com.br\\\/#website\"},\"primaryImageOfPage\":{\"@id\":\"https:\\\/\\\/maranhaotv.com.br\\\/index.php\\\/2020\\\/07\\\/10\\\/ex-prefeito-de-arari-e-condenado-a-devolver-mais-de-r-880-mil-ao-erario\\\/#primaryimage\"},\"image\":{\"@id\":\"https:\\\/\\\/maranhaotv.com.br\\\/index.php\\\/2020\\\/07\\\/10\\\/ex-prefeito-de-arari-e-condenado-a-devolver-mais-de-r-880-mil-ao-erario\\\/#primaryimage\"},\"thumbnailUrl\":\"\",\"datePublished\":\"2020-07-10T12:07:11+00:00\",\"breadcrumb\":{\"@id\":\"https:\\\/\\\/maranhaotv.com.br\\\/index.php\\\/2020\\\/07\\\/10\\\/ex-prefeito-de-arari-e-condenado-a-devolver-mais-de-r-880-mil-ao-erario\\\/#breadcrumb\"},\"inLanguage\":\"pt-BR\",\"potentialAction\":[{\"@type\":\"ReadAction\",\"target\":[\"https:\\\/\\\/maranhaotv.com.br\\\/index.php\\\/2020\\\/07\\\/10\\\/ex-prefeito-de-arari-e-condenado-a-devolver-mais-de-r-880-mil-ao-erario\\\/\"]}]},{\"@type\":\"ImageObject\",\"inLanguage\":\"pt-BR\",\"@id\":\"https:\\\/\\\/maranhaotv.com.br\\\/index.php\\\/2020\\\/07\\\/10\\\/ex-prefeito-de-arari-e-condenado-a-devolver-mais-de-r-880-mil-ao-erario\\\/#primaryimage\",\"url\":\"\",\"contentUrl\":\"\"},{\"@type\":\"BreadcrumbList\",\"@id\":\"https:\\\/\\\/maranhaotv.com.br\\\/index.php\\\/2020\\\/07\\\/10\\\/ex-prefeito-de-arari-e-condenado-a-devolver-mais-de-r-880-mil-ao-erario\\\/#breadcrumb\",\"itemListElement\":[{\"@type\":\"ListItem\",\"position\":1,\"name\":\"In\u00edcio\",\"item\":\"https:\\\/\\\/maranhaotv.com.br\\\/\"},{\"@type\":\"ListItem\",\"position\":2,\"name\":\"Ex-prefeito\u00a0 de Arari \u00e9 condenado a devolver mais de R$ 880 mil ao er\u00e1rio\"}]},{\"@type\":\"WebSite\",\"@id\":\"https:\\\/\\\/maranhaotv.com.br\\\/#website\",\"url\":\"https:\\\/\\\/maranhaotv.com.br\\\/\",\"name\":\"Maranh\u00e3oTV\",\"description\":\"\",\"publisher\":{\"@id\":\"https:\\\/\\\/maranhaotv.com.br\\\/#organization\"},\"potentialAction\":[{\"@type\":\"SearchAction\",\"target\":{\"@type\":\"EntryPoint\",\"urlTemplate\":\"https:\\\/\\\/maranhaotv.com.br\\\/?s={search_term_string}\"},\"query-input\":{\"@type\":\"PropertyValueSpecification\",\"valueRequired\":true,\"valueName\":\"search_term_string\"}}],\"inLanguage\":\"pt-BR\"},{\"@type\":\"Organization\",\"@id\":\"https:\\\/\\\/maranhaotv.com.br\\\/#organization\",\"name\":\"Portal de Not\u00edcias\",\"url\":\"https:\\\/\\\/maranhaotv.com.br\\\/\",\"logo\":{\"@type\":\"ImageObject\",\"inLanguage\":\"pt-BR\",\"@id\":\"https:\\\/\\\/maranhaotv.com.br\\\/#\\\/schema\\\/logo\\\/image\\\/\",\"url\":\"https:\\\/\\\/maranhaotv.com.br\\\/wp-content\\\/uploads\\\/2024\\\/05\\\/cropped-cropped-avatar-1.png\",\"contentUrl\":\"https:\\\/\\\/maranhaotv.com.br\\\/wp-content\\\/uploads\\\/2024\\\/05\\\/cropped-cropped-avatar-1.png\",\"width\":792,\"height\":428,\"caption\":\"Portal de Not\u00edcias\"},\"image\":{\"@id\":\"https:\\\/\\\/maranhaotv.com.br\\\/#\\\/schema\\\/logo\\\/image\\\/\"},\"sameAs\":[\"https:\\\/\\\/www.facebook.com\\\/maiobaotv\",\"https:\\\/\\\/x.com\\\/sitemaranhaotv\",\"https:\\\/\\\/www.instagram.com\\\/maranhao.tv\",\"https:\\\/\\\/www.threads.net\\\/@maranhao.tv\"]},{\"@type\":\"Person\",\"@id\":\"https:\\\/\\\/maranhaotv.com.br\\\/#\\\/schema\\\/person\\\/3d54238e86b20bb5c89ab2fdb8f8829a\",\"name\":\"maranhaotv\",\"image\":{\"@type\":\"ImageObject\",\"inLanguage\":\"pt-BR\",\"@id\":\"https:\\\/\\\/secure.gravatar.com\\\/avatar\\\/8fadbca458d4cb68b1dd399ae9a40618d747bb1af65ac9fad21c89220a143eb4?s=96&d=mm&r=g\",\"url\":\"https:\\\/\\\/secure.gravatar.com\\\/avatar\\\/8fadbca458d4cb68b1dd399ae9a40618d747bb1af65ac9fad21c89220a143eb4?s=96&d=mm&r=g\",\"contentUrl\":\"https:\\\/\\\/secure.gravatar.com\\\/avatar\\\/8fadbca458d4cb68b1dd399ae9a40618d747bb1af65ac9fad21c89220a143eb4?s=96&d=mm&r=g\",\"caption\":\"maranhaotv\"},\"sameAs\":[\"https:\\\/\\\/maranhaotv.com.br\\\/\"],\"url\":\"https:\\\/\\\/maranhaotv.com.br\\\/index.php\\\/author\\\/maranhaotv\\\/\"}]}<\/script>\n<!-- \/ Yoast SEO plugin. -->","yoast_head_json":{"title":"Ex-prefeito\u00a0 de Arari \u00e9 condenado a devolver mais de R$ 880 mil ao er\u00e1rio - NOT\u00cdCIAS EM TEMPO REAL","robots":{"index":"index","follow":"follow","max-snippet":"max-snippet:-1","max-image-preview":"max-image-preview:large","max-video-preview":"max-video-preview:-1"},"canonical":"https:\/\/maranhaotv.com.br\/index.php\/2020\/07\/10\/ex-prefeito-de-arari-e-condenado-a-devolver-mais-de-r-880-mil-ao-erario\/","og_locale":"pt_BR","og_type":"article","og_title":"Ex-prefeito\u00a0 de Arari \u00e9 condenado a devolver mais de R$ 880 mil ao er\u00e1rio - NOT\u00cdCIAS EM TEMPO REAL","og_description":"O Minist\u00e9rio P\u00fablico do Maranh\u00e3o ingressou, no \u00faltimo dia 6 de julho, com uma A\u00e7\u00e3o Civil de Ressarcimento ao Er\u00e1rio","og_url":"https:\/\/maranhaotv.com.br\/index.php\/2020\/07\/10\/ex-prefeito-de-arari-e-condenado-a-devolver-mais-de-r-880-mil-ao-erario\/","og_site_name":"NOT\u00cdCIAS EM TEMPO REAL","article_publisher":"https:\/\/www.facebook.com\/maiobaotv","article_published_time":"2020-07-10T12:07:11+00:00","author":"maranhaotv","twitter_card":"summary_large_image","twitter_creator":"@sitemaranhaotv","twitter_site":"@sitemaranhaotv","twitter_misc":{"Escrito por":"maranhaotv","Est. tempo de leitura":"2 minutos"},"schema":{"@context":"https:\/\/schema.org","@graph":[{"@type":"Article","@id":"https:\/\/maranhaotv.com.br\/index.php\/2020\/07\/10\/ex-prefeito-de-arari-e-condenado-a-devolver-mais-de-r-880-mil-ao-erario\/#article","isPartOf":{"@id":"https:\/\/maranhaotv.com.br\/index.php\/2020\/07\/10\/ex-prefeito-de-arari-e-condenado-a-devolver-mais-de-r-880-mil-ao-erario\/"},"author":{"name":"maranhaotv","@id":"https:\/\/maranhaotv.com.br\/#\/schema\/person\/3d54238e86b20bb5c89ab2fdb8f8829a"},"headline":"Ex-prefeito\u00a0 de Arari \u00e9 condenado a devolver mais de R$ 880 mil ao er\u00e1rio","datePublished":"2020-07-10T12:07:11+00:00","mainEntityOfPage":{"@id":"https:\/\/maranhaotv.com.br\/index.php\/2020\/07\/10\/ex-prefeito-de-arari-e-condenado-a-devolver-mais-de-r-880-mil-ao-erario\/"},"wordCount":353,"commentCount":0,"publisher":{"@id":"https:\/\/maranhaotv.com.br\/#organization"},"image":{"@id":"https:\/\/maranhaotv.com.br\/index.php\/2020\/07\/10\/ex-prefeito-de-arari-e-condenado-a-devolver-mais-de-r-880-mil-ao-erario\/#primaryimage"},"thumbnailUrl":"","keywords":["Arari"],"articleSection":["not\u00edcias"],"inLanguage":"pt-BR","potentialAction":[{"@type":"CommentAction","name":"Comment","target":["https:\/\/maranhaotv.com.br\/index.php\/2020\/07\/10\/ex-prefeito-de-arari-e-condenado-a-devolver-mais-de-r-880-mil-ao-erario\/#respond"]}]},{"@type":"WebPage","@id":"https:\/\/maranhaotv.com.br\/index.php\/2020\/07\/10\/ex-prefeito-de-arari-e-condenado-a-devolver-mais-de-r-880-mil-ao-erario\/","url":"https:\/\/maranhaotv.com.br\/index.php\/2020\/07\/10\/ex-prefeito-de-arari-e-condenado-a-devolver-mais-de-r-880-mil-ao-erario\/","name":"Ex-prefeito\u00a0 de Arari \u00e9 condenado a devolver mais de R$ 880 mil ao er\u00e1rio - NOT\u00cdCIAS EM TEMPO REAL","isPartOf":{"@id":"https:\/\/maranhaotv.com.br\/#website"},"primaryImageOfPage":{"@id":"https:\/\/maranhaotv.com.br\/index.php\/2020\/07\/10\/ex-prefeito-de-arari-e-condenado-a-devolver-mais-de-r-880-mil-ao-erario\/#primaryimage"},"image":{"@id":"https:\/\/maranhaotv.com.br\/index.php\/2020\/07\/10\/ex-prefeito-de-arari-e-condenado-a-devolver-mais-de-r-880-mil-ao-erario\/#primaryimage"},"thumbnailUrl":"","datePublished":"2020-07-10T12:07:11+00:00","breadcrumb":{"@id":"https:\/\/maranhaotv.com.br\/index.php\/2020\/07\/10\/ex-prefeito-de-arari-e-condenado-a-devolver-mais-de-r-880-mil-ao-erario\/#breadcrumb"},"inLanguage":"pt-BR","potentialAction":[{"@type":"ReadAction","target":["https:\/\/maranhaotv.com.br\/index.php\/2020\/07\/10\/ex-prefeito-de-arari-e-condenado-a-devolver-mais-de-r-880-mil-ao-erario\/"]}]},{"@type":"ImageObject","inLanguage":"pt-BR","@id":"https:\/\/maranhaotv.com.br\/index.php\/2020\/07\/10\/ex-prefeito-de-arari-e-condenado-a-devolver-mais-de-r-880-mil-ao-erario\/#primaryimage","url":"","contentUrl":""},{"@type":"BreadcrumbList","@id":"https:\/\/maranhaotv.com.br\/index.php\/2020\/07\/10\/ex-prefeito-de-arari-e-condenado-a-devolver-mais-de-r-880-mil-ao-erario\/#breadcrumb","itemListElement":[{"@type":"ListItem","position":1,"name":"In\u00edcio","item":"https:\/\/maranhaotv.com.br\/"},{"@type":"ListItem","position":2,"name":"Ex-prefeito\u00a0 de Arari \u00e9 condenado a devolver mais de R$ 880 mil ao er\u00e1rio"}]},{"@type":"WebSite","@id":"https:\/\/maranhaotv.com.br\/#website","url":"https:\/\/maranhaotv.com.br\/","name":"Maranh\u00e3oTV","description":"","publisher":{"@id":"https:\/\/maranhaotv.com.br\/#organization"},"potentialAction":[{"@type":"SearchAction","target":{"@type":"EntryPoint","urlTemplate":"https:\/\/maranhaotv.com.br\/?s={search_term_string}"},"query-input":{"@type":"PropertyValueSpecification","valueRequired":true,"valueName":"search_term_string"}}],"inLanguage":"pt-BR"},{"@type":"Organization","@id":"https:\/\/maranhaotv.com.br\/#organization","name":"Portal de Not\u00edcias","url":"https:\/\/maranhaotv.com.br\/","logo":{"@type":"ImageObject","inLanguage":"pt-BR","@id":"https:\/\/maranhaotv.com.br\/#\/schema\/logo\/image\/","url":"https:\/\/maranhaotv.com.br\/wp-content\/uploads\/2024\/05\/cropped-cropped-avatar-1.png","contentUrl":"https:\/\/maranhaotv.com.br\/wp-content\/uploads\/2024\/05\/cropped-cropped-avatar-1.png","width":792,"height":428,"caption":"Portal de Not\u00edcias"},"image":{"@id":"https:\/\/maranhaotv.com.br\/#\/schema\/logo\/image\/"},"sameAs":["https:\/\/www.facebook.com\/maiobaotv","https:\/\/x.com\/sitemaranhaotv","https:\/\/www.instagram.com\/maranhao.tv","https:\/\/www.threads.net\/@maranhao.tv"]},{"@type":"Person","@id":"https:\/\/maranhaotv.com.br\/#\/schema\/person\/3d54238e86b20bb5c89ab2fdb8f8829a","name":"maranhaotv","image":{"@type":"ImageObject","inLanguage":"pt-BR","@id":"https:\/\/secure.gravatar.com\/avatar\/8fadbca458d4cb68b1dd399ae9a40618d747bb1af65ac9fad21c89220a143eb4?s=96&d=mm&r=g","url":"https:\/\/secure.gravatar.com\/avatar\/8fadbca458d4cb68b1dd399ae9a40618d747bb1af65ac9fad21c89220a143eb4?s=96&d=mm&r=g","contentUrl":"https:\/\/secure.gravatar.com\/avatar\/8fadbca458d4cb68b1dd399ae9a40618d747bb1af65ac9fad21c89220a143eb4?s=96&d=mm&r=g","caption":"maranhaotv"},"sameAs":["https:\/\/maranhaotv.com.br\/"],"url":"https:\/\/maranhaotv.com.br\/index.php\/author\/maranhaotv\/"}]}},"jetpack_featured_media_url":"","jetpack_sharing_enabled":true,"_links":{"self":[{"href":"https:\/\/maranhaotv.com.br\/index.php\/wp-json\/wp\/v2\/posts\/13194","targetHints":{"allow":["GET"]}}],"collection":[{"href":"https:\/\/maranhaotv.com.br\/index.php\/wp-json\/wp\/v2\/posts"}],"about":[{"href":"https:\/\/maranhaotv.com.br\/index.php\/wp-json\/wp\/v2\/types\/post"}],"author":[{"embeddable":true,"href":"https:\/\/maranhaotv.com.br\/index.php\/wp-json\/wp\/v2\/users\/2"}],"replies":[{"embeddable":true,"href":"https:\/\/maranhaotv.com.br\/index.php\/wp-json\/wp\/v2\/comments?post=13194"}],"version-history":[{"count":0,"href":"https:\/\/maranhaotv.com.br\/index.php\/wp-json\/wp\/v2\/posts\/13194\/revisions"}],"wp:featuredmedia":[{"embeddable":true,"href":"https:\/\/maranhaotv.com.br\/index.php\/wp-json\/"}],"wp:attachment":[{"href":"https:\/\/maranhaotv.com.br\/index.php\/wp-json\/wp\/v2\/media?parent=13194"}],"wp:term":[{"taxonomy":"category","embeddable":true,"href":"https:\/\/maranhaotv.com.br\/index.php\/wp-json\/wp\/v2\/categories?post=13194"},{"taxonomy":"post_tag","embeddable":true,"href":"https:\/\/maranhaotv.com.br\/index.php\/wp-json\/wp\/v2\/tags?post=13194"}],"curies":[{"name":"wp","href":"https:\/\/api.w.org\/{rel}","templated":true}]}}