{"id":13207,"date":"2020-07-11T15:52:29","date_gmt":"2020-07-11T18:52:29","guid":{"rendered":"https:\/\/maiobaotv.com.br\/?p=13207"},"modified":"2020-07-11T15:52:29","modified_gmt":"2020-07-11T18:52:29","slug":"perdeu-assaltante-de-onibus-e-cercado-por-populares-e-preso-pela-prf-na-br-135-ma","status":"publish","type":"post","link":"https:\/\/maranhaotv.com.br\/index.php\/2020\/07\/11\/perdeu-assaltante-de-onibus-e-cercado-por-populares-e-preso-pela-prf-na-br-135-ma\/","title":{"rendered":"Perdeu! Assaltante de \u00f4nibus \u00e9 cercado por populares e preso pela PRF na BR-135\/MA"},"content":{"rendered":"<p><em>ele s\u00f3 n\u00e3o foi linchado por interven\u00e7\u00e3o do motorista do \u00f4nibus e pela chegada da pol\u00edcia<\/em><\/p> <p>Agentes da Pol\u00edcia Rodovi\u00e1ria Federal (PRF) prenderam no final da manh\u00e3 deste s\u00e1bado, 11 de julho do ano de 2020, no km 4 da BR-135, em S\u00e3o Lu\u00eds\/MA, um assaltante de \u00f4nibus, que acabara de subtrair a renda de um coletivo que fazia linha na BR-135.<\/p> <p>O rapaz entrou no \u00f4nibus apenas para cometer o assalto. Ele subiu no sentido decrescente do km 5, pr\u00f3ximo da antiga OLEAMA, e desceu um quil\u00f4metro depois, na Vila Esperan\u00e7a, um pouco antes do Funil. De acordo com os levantamentos policiais, o acusado \u00e9 morador da Vila Esperan\u00e7a.<\/p> <p><em>por pouco n\u00e3o foi linchado<\/em><\/p> <p>Alguns passageiros perceberam a a\u00e7\u00e3o do bandido, que mostrou discretamente para a cobradora do coletivo uma faca escondida na cintura e exigiu a renda do ve\u00edculo. Ela entregou a renda no valor de R$ 44,00 (quarenta e quatro reais). De posse do valor, o rapaz, de 26 anos, desceu do \u00f4nibus, sendo logo em seguida cercado por populares ap\u00f3s o motorista descer e avisar que o rapaz era um ladr\u00e3o. Algumas pessoas ensaiaram lincha-lo, mas foram impedidas pelo motorista do coletivo.<\/p> <p>No exato momento passava pelo local uma viatura da PRF, que verificou a movimenta\u00e7\u00e3o fora da normalidade, com v\u00e1rias pessoas aglomeradas e parou para ver do que se tratava.<\/p> <p>Os policiais algemaram o assaltante e, ap\u00f3s coloca-lo na viatura, entrevistaram a v\u00edtima, que detalhou o ocorrido, mencionando que foi abordada pelo acusado que a amea\u00e7ou com uma arma branca e que em seguida ele retirou dinheiro do caixa do \u00f4nibus na quantia de R$ 44,00 (quarenta e quatro reais).<\/p> <p>A equipe utilizou-se de algema, devido a agita\u00e7\u00e3o do indiv\u00edduo, para evitar risco de fuga e risco a integridade f\u00edsica do pr\u00f3prio acusado e de terceiros.<\/p> <p>Ele foi encaminhado para a delegacia de pol\u00edcia civil na Cidade Oper\u00e1ria para as provid\u00eancias que o caso requer.<\/p> <br><br><img loading=\"lazy\" decoding=\"async\" src=\"https:\/\/maiobaotv.com.br\/wp-content\/uploads\/2020\/07\/img-20200711-wa02329216774950491865491.jpg\" class=\"wp-image-13205 alignnone size-full\" width=\"1280\" height=\"991\" \/><p><br><img loading=\"lazy\" decoding=\"async\" src=\"https:\/\/maiobaotv.com.br\/wp-content\/uploads\/2020\/07\/img-20200711-wa02451043307436308864815.jpg\" class=\"wp-image-13206 alignnone size-full\" width=\"720\" height=\"1280\" \/>Fa\u00e7a usada pelo ladr\u00e3o<br><br><br><br><em>Emerg\u00eancia ligue 191<\/em><\/p> <p>Pol\u00edcia Rodovi\u00e1ria Federal<br>Sistema de Comunica\u00e7\u00e3o Social<\/p>","protected":false},"excerpt":{"rendered":"<p>ele s\u00f3 n\u00e3o foi linchado por interven\u00e7\u00e3o do motorista do \u00f4nibus e pela chegada da pol\u00edcia Agentes da Pol\u00edcia Rodovi\u00e1ria<\/p>\n","protected":false},"author":2,"featured_media":13208,"comment_status":"open","ping_status":"open","sticky":false,"template":"","format":"standard","meta":{"colormag_page_container_layout":"default_layout","colormag_page_sidebar_layout":"default_layout","_jetpack_memberships_contains_paid_content":false,"footnotes":""},"categories":[2],"tags":[],"class_list":["post-13207","post","type-post","status-publish","format-standard","has-post-thumbnail","hentry","category-noticias"],"magazineBlocksPostFeaturedMedia":{"thumbnail":false,"medium":false,"medium_large":false,"large":false,"1536x1536":false,"2048x2048":false,"colormag-highlighted-post":false,"colormag-featured-post-medium":false,"colormag-featured-post-small":false,"colormag-featured-image":false,"colormag-default-news":false,"colormag-featured-image-large":false},"magazineBlocksPostAuthor":{"name":"maranhaotv","avatar":"https:\/\/secure.gravatar.com\/avatar\/8fadbca458d4cb68b1dd399ae9a40618d747bb1af65ac9fad21c89220a143eb4?s=96&d=mm&r=g"},"magazineBlocksPostCommentsNumber":"0","magazineBlocksPostExcerpt":"ele s\u00f3 n\u00e3o foi linchado por interven\u00e7\u00e3o do motorista do \u00f4nibus e pela chegada da pol\u00edcia Agentes da Pol\u00edcia Rodovi\u00e1ria","magazineBlocksPostCategories":["not\u00edcias"],"magazineBlocksPostViewCount":120,"magazineBlocksPostReadTime":2,"magazine_blocks_featured_image_url":{"full":false,"medium":false,"thumbnail":false},"magazine_blocks_author":{"display_name":"maranhaotv","author_link":"https:\/\/maranhaotv.com.br\/index.php\/author\/maranhaotv\/"},"magazine_blocks_comment":0,"magazine_blocks_author_image":"https:\/\/secure.gravatar.com\/avatar\/8fadbca458d4cb68b1dd399ae9a40618d747bb1af65ac9fad21c89220a143eb4?s=96&d=mm&r=g","magazine_blocks_category":"<a href=\"#\" class=\"category-link category-link-2\">not\u00edcias<\/a>","yoast_head":"<!-- This site is optimized with the Yoast SEO plugin v27.4 - https:\/\/yoast.com\/product\/yoast-seo-wordpress\/ -->\n<title>Perdeu! Assaltante de \u00f4nibus \u00e9 cercado por populares e preso pela PRF na BR-135\/MA - NOT\u00cdCIAS EM TEMPO REAL<\/title>\n<meta name=\"robots\" content=\"index, follow, max-snippet:-1, max-image-preview:large, max-video-preview:-1\" \/>\n<link rel=\"canonical\" href=\"https:\/\/maranhaotv.com.br\/index.php\/2020\/07\/11\/perdeu-assaltante-de-onibus-e-cercado-por-populares-e-preso-pela-prf-na-br-135-ma\/\" \/>\n<meta property=\"og:locale\" content=\"pt_BR\" \/>\n<meta property=\"og:type\" content=\"article\" \/>\n<meta property=\"og:title\" content=\"Perdeu! Assaltante de \u00f4nibus \u00e9 cercado por populares e preso pela PRF na BR-135\/MA - NOT\u00cdCIAS EM TEMPO REAL\" \/>\n<meta property=\"og:description\" content=\"ele s\u00f3 n\u00e3o foi linchado por interven\u00e7\u00e3o do motorista do \u00f4nibus e pela chegada da pol\u00edcia Agentes da Pol\u00edcia Rodovi\u00e1ria\" \/>\n<meta property=\"og:url\" content=\"https:\/\/maranhaotv.com.br\/index.php\/2020\/07\/11\/perdeu-assaltante-de-onibus-e-cercado-por-populares-e-preso-pela-prf-na-br-135-ma\/\" \/>\n<meta property=\"og:site_name\" content=\"NOT\u00cdCIAS EM TEMPO REAL\" \/>\n<meta property=\"article:publisher\" content=\"https:\/\/www.facebook.com\/maiobaotv\" \/>\n<meta property=\"article:published_time\" content=\"2020-07-11T18:52:29+00:00\" \/>\n<meta name=\"author\" content=\"maranhaotv\" \/>\n<meta name=\"twitter:card\" content=\"summary_large_image\" \/>\n<meta name=\"twitter:creator\" content=\"@sitemaranhaotv\" \/>\n<meta name=\"twitter:site\" content=\"@sitemaranhaotv\" \/>\n<meta name=\"twitter:label1\" content=\"Escrito por\" \/>\n\t<meta name=\"twitter:data1\" content=\"maranhaotv\" \/>\n\t<meta name=\"twitter:label2\" content=\"Est. tempo de leitura\" \/>\n\t<meta name=\"twitter:data2\" content=\"2 minutos\" \/>\n<script type=\"application\/ld+json\" class=\"yoast-schema-graph\">{\"@context\":\"https:\\\/\\\/schema.org\",\"@graph\":[{\"@type\":\"Article\",\"@id\":\"https:\\\/\\\/maranhaotv.com.br\\\/index.php\\\/2020\\\/07\\\/11\\\/perdeu-assaltante-de-onibus-e-cercado-por-populares-e-preso-pela-prf-na-br-135-ma\\\/#article\",\"isPartOf\":{\"@id\":\"https:\\\/\\\/maranhaotv.com.br\\\/index.php\\\/2020\\\/07\\\/11\\\/perdeu-assaltante-de-onibus-e-cercado-por-populares-e-preso-pela-prf-na-br-135-ma\\\/\"},\"author\":{\"name\":\"maranhaotv\",\"@id\":\"https:\\\/\\\/maranhaotv.com.br\\\/#\\\/schema\\\/person\\\/3d54238e86b20bb5c89ab2fdb8f8829a\"},\"headline\":\"Perdeu! Assaltante de \u00f4nibus \u00e9 cercado por populares e preso pela PRF na BR-135\\\/MA\",\"datePublished\":\"2020-07-11T18:52:29+00:00\",\"mainEntityOfPage\":{\"@id\":\"https:\\\/\\\/maranhaotv.com.br\\\/index.php\\\/2020\\\/07\\\/11\\\/perdeu-assaltante-de-onibus-e-cercado-por-populares-e-preso-pela-prf-na-br-135-ma\\\/\"},\"wordCount\":374,\"commentCount\":0,\"publisher\":{\"@id\":\"https:\\\/\\\/maranhaotv.com.br\\\/#organization\"},\"image\":{\"@id\":\"https:\\\/\\\/maranhaotv.com.br\\\/index.php\\\/2020\\\/07\\\/11\\\/perdeu-assaltante-de-onibus-e-cercado-por-populares-e-preso-pela-prf-na-br-135-ma\\\/#primaryimage\"},\"thumbnailUrl\":\"\",\"articleSection\":[\"not\u00edcias\"],\"inLanguage\":\"pt-BR\",\"potentialAction\":[{\"@type\":\"CommentAction\",\"name\":\"Comment\",\"target\":[\"https:\\\/\\\/maranhaotv.com.br\\\/index.php\\\/2020\\\/07\\\/11\\\/perdeu-assaltante-de-onibus-e-cercado-por-populares-e-preso-pela-prf-na-br-135-ma\\\/#respond\"]}]},{\"@type\":\"WebPage\",\"@id\":\"https:\\\/\\\/maranhaotv.com.br\\\/index.php\\\/2020\\\/07\\\/11\\\/perdeu-assaltante-de-onibus-e-cercado-por-populares-e-preso-pela-prf-na-br-135-ma\\\/\",\"url\":\"https:\\\/\\\/maranhaotv.com.br\\\/index.php\\\/2020\\\/07\\\/11\\\/perdeu-assaltante-de-onibus-e-cercado-por-populares-e-preso-pela-prf-na-br-135-ma\\\/\",\"name\":\"Perdeu! Assaltante de \u00f4nibus \u00e9 cercado por populares e preso pela PRF na BR-135\\\/MA - NOT\u00cdCIAS EM TEMPO REAL\",\"isPartOf\":{\"@id\":\"https:\\\/\\\/maranhaotv.com.br\\\/#website\"},\"primaryImageOfPage\":{\"@id\":\"https:\\\/\\\/maranhaotv.com.br\\\/index.php\\\/2020\\\/07\\\/11\\\/perdeu-assaltante-de-onibus-e-cercado-por-populares-e-preso-pela-prf-na-br-135-ma\\\/#primaryimage\"},\"image\":{\"@id\":\"https:\\\/\\\/maranhaotv.com.br\\\/index.php\\\/2020\\\/07\\\/11\\\/perdeu-assaltante-de-onibus-e-cercado-por-populares-e-preso-pela-prf-na-br-135-ma\\\/#primaryimage\"},\"thumbnailUrl\":\"\",\"datePublished\":\"2020-07-11T18:52:29+00:00\",\"breadcrumb\":{\"@id\":\"https:\\\/\\\/maranhaotv.com.br\\\/index.php\\\/2020\\\/07\\\/11\\\/perdeu-assaltante-de-onibus-e-cercado-por-populares-e-preso-pela-prf-na-br-135-ma\\\/#breadcrumb\"},\"inLanguage\":\"pt-BR\",\"potentialAction\":[{\"@type\":\"ReadAction\",\"target\":[\"https:\\\/\\\/maranhaotv.com.br\\\/index.php\\\/2020\\\/07\\\/11\\\/perdeu-assaltante-de-onibus-e-cercado-por-populares-e-preso-pela-prf-na-br-135-ma\\\/\"]}]},{\"@type\":\"ImageObject\",\"inLanguage\":\"pt-BR\",\"@id\":\"https:\\\/\\\/maranhaotv.com.br\\\/index.php\\\/2020\\\/07\\\/11\\\/perdeu-assaltante-de-onibus-e-cercado-por-populares-e-preso-pela-prf-na-br-135-ma\\\/#primaryimage\",\"url\":\"\",\"contentUrl\":\"\"},{\"@type\":\"BreadcrumbList\",\"@id\":\"https:\\\/\\\/maranhaotv.com.br\\\/index.php\\\/2020\\\/07\\\/11\\\/perdeu-assaltante-de-onibus-e-cercado-por-populares-e-preso-pela-prf-na-br-135-ma\\\/#breadcrumb\",\"itemListElement\":[{\"@type\":\"ListItem\",\"position\":1,\"name\":\"In\u00edcio\",\"item\":\"https:\\\/\\\/maranhaotv.com.br\\\/\"},{\"@type\":\"ListItem\",\"position\":2,\"name\":\"Perdeu! Assaltante de \u00f4nibus \u00e9 cercado por populares e preso pela PRF na BR-135\\\/MA\"}]},{\"@type\":\"WebSite\",\"@id\":\"https:\\\/\\\/maranhaotv.com.br\\\/#website\",\"url\":\"https:\\\/\\\/maranhaotv.com.br\\\/\",\"name\":\"Maranh\u00e3oTV\",\"description\":\"\",\"publisher\":{\"@id\":\"https:\\\/\\\/maranhaotv.com.br\\\/#organization\"},\"potentialAction\":[{\"@type\":\"SearchAction\",\"target\":{\"@type\":\"EntryPoint\",\"urlTemplate\":\"https:\\\/\\\/maranhaotv.com.br\\\/?s={search_term_string}\"},\"query-input\":{\"@type\":\"PropertyValueSpecification\",\"valueRequired\":true,\"valueName\":\"search_term_string\"}}],\"inLanguage\":\"pt-BR\"},{\"@type\":\"Organization\",\"@id\":\"https:\\\/\\\/maranhaotv.com.br\\\/#organization\",\"name\":\"Portal de Not\u00edcias\",\"url\":\"https:\\\/\\\/maranhaotv.com.br\\\/\",\"logo\":{\"@type\":\"ImageObject\",\"inLanguage\":\"pt-BR\",\"@id\":\"https:\\\/\\\/maranhaotv.com.br\\\/#\\\/schema\\\/logo\\\/image\\\/\",\"url\":\"https:\\\/\\\/maranhaotv.com.br\\\/wp-content\\\/uploads\\\/2024\\\/05\\\/cropped-cropped-avatar-1.png\",\"contentUrl\":\"https:\\\/\\\/maranhaotv.com.br\\\/wp-content\\\/uploads\\\/2024\\\/05\\\/cropped-cropped-avatar-1.png\",\"width\":792,\"height\":428,\"caption\":\"Portal de Not\u00edcias\"},\"image\":{\"@id\":\"https:\\\/\\\/maranhaotv.com.br\\\/#\\\/schema\\\/logo\\\/image\\\/\"},\"sameAs\":[\"https:\\\/\\\/www.facebook.com\\\/maiobaotv\",\"https:\\\/\\\/x.com\\\/sitemaranhaotv\",\"https:\\\/\\\/www.instagram.com\\\/maranhao.tv\",\"https:\\\/\\\/www.threads.net\\\/@maranhao.tv\"]},{\"@type\":\"Person\",\"@id\":\"https:\\\/\\\/maranhaotv.com.br\\\/#\\\/schema\\\/person\\\/3d54238e86b20bb5c89ab2fdb8f8829a\",\"name\":\"maranhaotv\",\"image\":{\"@type\":\"ImageObject\",\"inLanguage\":\"pt-BR\",\"@id\":\"https:\\\/\\\/secure.gravatar.com\\\/avatar\\\/8fadbca458d4cb68b1dd399ae9a40618d747bb1af65ac9fad21c89220a143eb4?s=96&d=mm&r=g\",\"url\":\"https:\\\/\\\/secure.gravatar.com\\\/avatar\\\/8fadbca458d4cb68b1dd399ae9a40618d747bb1af65ac9fad21c89220a143eb4?s=96&d=mm&r=g\",\"contentUrl\":\"https:\\\/\\\/secure.gravatar.com\\\/avatar\\\/8fadbca458d4cb68b1dd399ae9a40618d747bb1af65ac9fad21c89220a143eb4?s=96&d=mm&r=g\",\"caption\":\"maranhaotv\"},\"sameAs\":[\"https:\\\/\\\/maranhaotv.com.br\\\/\"],\"url\":\"https:\\\/\\\/maranhaotv.com.br\\\/index.php\\\/author\\\/maranhaotv\\\/\"}]}<\/script>\n<!-- \/ Yoast SEO plugin. -->","yoast_head_json":{"title":"Perdeu! Assaltante de \u00f4nibus \u00e9 cercado por populares e preso pela PRF na BR-135\/MA - NOT\u00cdCIAS EM TEMPO REAL","robots":{"index":"index","follow":"follow","max-snippet":"max-snippet:-1","max-image-preview":"max-image-preview:large","max-video-preview":"max-video-preview:-1"},"canonical":"https:\/\/maranhaotv.com.br\/index.php\/2020\/07\/11\/perdeu-assaltante-de-onibus-e-cercado-por-populares-e-preso-pela-prf-na-br-135-ma\/","og_locale":"pt_BR","og_type":"article","og_title":"Perdeu! Assaltante de \u00f4nibus \u00e9 cercado por populares e preso pela PRF na BR-135\/MA - NOT\u00cdCIAS EM TEMPO REAL","og_description":"ele s\u00f3 n\u00e3o foi linchado por interven\u00e7\u00e3o do motorista do \u00f4nibus e pela chegada da pol\u00edcia Agentes da Pol\u00edcia Rodovi\u00e1ria","og_url":"https:\/\/maranhaotv.com.br\/index.php\/2020\/07\/11\/perdeu-assaltante-de-onibus-e-cercado-por-populares-e-preso-pela-prf-na-br-135-ma\/","og_site_name":"NOT\u00cdCIAS EM TEMPO REAL","article_publisher":"https:\/\/www.facebook.com\/maiobaotv","article_published_time":"2020-07-11T18:52:29+00:00","author":"maranhaotv","twitter_card":"summary_large_image","twitter_creator":"@sitemaranhaotv","twitter_site":"@sitemaranhaotv","twitter_misc":{"Escrito por":"maranhaotv","Est. tempo de leitura":"2 minutos"},"schema":{"@context":"https:\/\/schema.org","@graph":[{"@type":"Article","@id":"https:\/\/maranhaotv.com.br\/index.php\/2020\/07\/11\/perdeu-assaltante-de-onibus-e-cercado-por-populares-e-preso-pela-prf-na-br-135-ma\/#article","isPartOf":{"@id":"https:\/\/maranhaotv.com.br\/index.php\/2020\/07\/11\/perdeu-assaltante-de-onibus-e-cercado-por-populares-e-preso-pela-prf-na-br-135-ma\/"},"author":{"name":"maranhaotv","@id":"https:\/\/maranhaotv.com.br\/#\/schema\/person\/3d54238e86b20bb5c89ab2fdb8f8829a"},"headline":"Perdeu! Assaltante de \u00f4nibus \u00e9 cercado por populares e preso pela PRF na BR-135\/MA","datePublished":"2020-07-11T18:52:29+00:00","mainEntityOfPage":{"@id":"https:\/\/maranhaotv.com.br\/index.php\/2020\/07\/11\/perdeu-assaltante-de-onibus-e-cercado-por-populares-e-preso-pela-prf-na-br-135-ma\/"},"wordCount":374,"commentCount":0,"publisher":{"@id":"https:\/\/maranhaotv.com.br\/#organization"},"image":{"@id":"https:\/\/maranhaotv.com.br\/index.php\/2020\/07\/11\/perdeu-assaltante-de-onibus-e-cercado-por-populares-e-preso-pela-prf-na-br-135-ma\/#primaryimage"},"thumbnailUrl":"","articleSection":["not\u00edcias"],"inLanguage":"pt-BR","potentialAction":[{"@type":"CommentAction","name":"Comment","target":["https:\/\/maranhaotv.com.br\/index.php\/2020\/07\/11\/perdeu-assaltante-de-onibus-e-cercado-por-populares-e-preso-pela-prf-na-br-135-ma\/#respond"]}]},{"@type":"WebPage","@id":"https:\/\/maranhaotv.com.br\/index.php\/2020\/07\/11\/perdeu-assaltante-de-onibus-e-cercado-por-populares-e-preso-pela-prf-na-br-135-ma\/","url":"https:\/\/maranhaotv.com.br\/index.php\/2020\/07\/11\/perdeu-assaltante-de-onibus-e-cercado-por-populares-e-preso-pela-prf-na-br-135-ma\/","name":"Perdeu! Assaltante de \u00f4nibus \u00e9 cercado por populares e preso pela PRF na BR-135\/MA - NOT\u00cdCIAS EM TEMPO REAL","isPartOf":{"@id":"https:\/\/maranhaotv.com.br\/#website"},"primaryImageOfPage":{"@id":"https:\/\/maranhaotv.com.br\/index.php\/2020\/07\/11\/perdeu-assaltante-de-onibus-e-cercado-por-populares-e-preso-pela-prf-na-br-135-ma\/#primaryimage"},"image":{"@id":"https:\/\/maranhaotv.com.br\/index.php\/2020\/07\/11\/perdeu-assaltante-de-onibus-e-cercado-por-populares-e-preso-pela-prf-na-br-135-ma\/#primaryimage"},"thumbnailUrl":"","datePublished":"2020-07-11T18:52:29+00:00","breadcrumb":{"@id":"https:\/\/maranhaotv.com.br\/index.php\/2020\/07\/11\/perdeu-assaltante-de-onibus-e-cercado-por-populares-e-preso-pela-prf-na-br-135-ma\/#breadcrumb"},"inLanguage":"pt-BR","potentialAction":[{"@type":"ReadAction","target":["https:\/\/maranhaotv.com.br\/index.php\/2020\/07\/11\/perdeu-assaltante-de-onibus-e-cercado-por-populares-e-preso-pela-prf-na-br-135-ma\/"]}]},{"@type":"ImageObject","inLanguage":"pt-BR","@id":"https:\/\/maranhaotv.com.br\/index.php\/2020\/07\/11\/perdeu-assaltante-de-onibus-e-cercado-por-populares-e-preso-pela-prf-na-br-135-ma\/#primaryimage","url":"","contentUrl":""},{"@type":"BreadcrumbList","@id":"https:\/\/maranhaotv.com.br\/index.php\/2020\/07\/11\/perdeu-assaltante-de-onibus-e-cercado-por-populares-e-preso-pela-prf-na-br-135-ma\/#breadcrumb","itemListElement":[{"@type":"ListItem","position":1,"name":"In\u00edcio","item":"https:\/\/maranhaotv.com.br\/"},{"@type":"ListItem","position":2,"name":"Perdeu! Assaltante de \u00f4nibus \u00e9 cercado por populares e preso pela PRF na BR-135\/MA"}]},{"@type":"WebSite","@id":"https:\/\/maranhaotv.com.br\/#website","url":"https:\/\/maranhaotv.com.br\/","name":"Maranh\u00e3oTV","description":"","publisher":{"@id":"https:\/\/maranhaotv.com.br\/#organization"},"potentialAction":[{"@type":"SearchAction","target":{"@type":"EntryPoint","urlTemplate":"https:\/\/maranhaotv.com.br\/?s={search_term_string}"},"query-input":{"@type":"PropertyValueSpecification","valueRequired":true,"valueName":"search_term_string"}}],"inLanguage":"pt-BR"},{"@type":"Organization","@id":"https:\/\/maranhaotv.com.br\/#organization","name":"Portal de Not\u00edcias","url":"https:\/\/maranhaotv.com.br\/","logo":{"@type":"ImageObject","inLanguage":"pt-BR","@id":"https:\/\/maranhaotv.com.br\/#\/schema\/logo\/image\/","url":"https:\/\/maranhaotv.com.br\/wp-content\/uploads\/2024\/05\/cropped-cropped-avatar-1.png","contentUrl":"https:\/\/maranhaotv.com.br\/wp-content\/uploads\/2024\/05\/cropped-cropped-avatar-1.png","width":792,"height":428,"caption":"Portal de Not\u00edcias"},"image":{"@id":"https:\/\/maranhaotv.com.br\/#\/schema\/logo\/image\/"},"sameAs":["https:\/\/www.facebook.com\/maiobaotv","https:\/\/x.com\/sitemaranhaotv","https:\/\/www.instagram.com\/maranhao.tv","https:\/\/www.threads.net\/@maranhao.tv"]},{"@type":"Person","@id":"https:\/\/maranhaotv.com.br\/#\/schema\/person\/3d54238e86b20bb5c89ab2fdb8f8829a","name":"maranhaotv","image":{"@type":"ImageObject","inLanguage":"pt-BR","@id":"https:\/\/secure.gravatar.com\/avatar\/8fadbca458d4cb68b1dd399ae9a40618d747bb1af65ac9fad21c89220a143eb4?s=96&d=mm&r=g","url":"https:\/\/secure.gravatar.com\/avatar\/8fadbca458d4cb68b1dd399ae9a40618d747bb1af65ac9fad21c89220a143eb4?s=96&d=mm&r=g","contentUrl":"https:\/\/secure.gravatar.com\/avatar\/8fadbca458d4cb68b1dd399ae9a40618d747bb1af65ac9fad21c89220a143eb4?s=96&d=mm&r=g","caption":"maranhaotv"},"sameAs":["https:\/\/maranhaotv.com.br\/"],"url":"https:\/\/maranhaotv.com.br\/index.php\/author\/maranhaotv\/"}]}},"jetpack_featured_media_url":"","jetpack_sharing_enabled":true,"_links":{"self":[{"href":"https:\/\/maranhaotv.com.br\/index.php\/wp-json\/wp\/v2\/posts\/13207","targetHints":{"allow":["GET"]}}],"collection":[{"href":"https:\/\/maranhaotv.com.br\/index.php\/wp-json\/wp\/v2\/posts"}],"about":[{"href":"https:\/\/maranhaotv.com.br\/index.php\/wp-json\/wp\/v2\/types\/post"}],"author":[{"embeddable":true,"href":"https:\/\/maranhaotv.com.br\/index.php\/wp-json\/wp\/v2\/users\/2"}],"replies":[{"embeddable":true,"href":"https:\/\/maranhaotv.com.br\/index.php\/wp-json\/wp\/v2\/comments?post=13207"}],"version-history":[{"count":0,"href":"https:\/\/maranhaotv.com.br\/index.php\/wp-json\/wp\/v2\/posts\/13207\/revisions"}],"wp:featuredmedia":[{"embeddable":true,"href":"https:\/\/maranhaotv.com.br\/index.php\/wp-json\/"}],"wp:attachment":[{"href":"https:\/\/maranhaotv.com.br\/index.php\/wp-json\/wp\/v2\/media?parent=13207"}],"wp:term":[{"taxonomy":"category","embeddable":true,"href":"https:\/\/maranhaotv.com.br\/index.php\/wp-json\/wp\/v2\/categories?post=13207"},{"taxonomy":"post_tag","embeddable":true,"href":"https:\/\/maranhaotv.com.br\/index.php\/wp-json\/wp\/v2\/tags?post=13207"}],"curies":[{"name":"wp","href":"https:\/\/api.w.org\/{rel}","templated":true}]}}