{"id":13238,"date":"2020-07-14T09:37:57","date_gmt":"2020-07-14T12:37:57","guid":{"rendered":"https:\/\/maiobaotv.com.br\/?p=13238"},"modified":"2020-07-14T09:37:57","modified_gmt":"2020-07-14T12:37:57","slug":"lascou-veiculo-da-codevasf-e-usado-para-fazer-pre-campanha-de-vereador-em-ribamar","status":"publish","type":"post","link":"https:\/\/maranhaotv.com.br\/index.php\/2020\/07\/14\/lascou-veiculo-da-codevasf-e-usado-para-fazer-pre-campanha-de-vereador-em-ribamar\/","title":{"rendered":"Lascou! Ve\u00edculo da Codevasf \u00e9 usado para fazer pr\u00e9-campanha de vereador em Ribamar"},"content":{"rendered":"<p>O Minist\u00e9rio P\u00fablico deve investigar mais uma conduta suspeita em S\u00e3o Jos\u00e9 de Ribamar. De acordo com den\u00fancias recebidas pelo blog Maramais, um ve\u00edculo que deveria beneficiar os moradores do Povoado Guarapiranga, na zona rural de S\u00e3o Jos\u00e9 de Ribamar, est\u00e1 sendo usado de forma privada por um servidor comissionado da prefeitura.<\/p>\n<p>De acordo com o denunciante, o cidad\u00e3o conhecido como Deputado Internacional, morador da comunidade Bom Jardim, estaria usando o ve\u00edculo para realizar a pr\u00e9-campanha do l\u00edder de governo na C\u00e2mara, vereador Professor Cristiano, que tentar\u00e1 a reelei\u00e7\u00e3o.<\/p>\n<p>As imagens n\u00e3o deixam nenhuma d\u00favida. Sem nenhuma identifica\u00e7\u00e3o da Codevasf ou da Associa\u00e7\u00e3o de Moradores do Povoado de Guarapiranga, o ve\u00edculo, que custou R$ 142 mil reais aos cofres p\u00fablicos, \u00e9 identificado apenas com o adesivo de pr\u00e9-campanha do vereador, e roda diariamente, por todos os cantos de S\u00e3o Jos\u00e9 de Ribamar, fazendo a\u00e7\u00f5es que beneficie o pr\u00e9-candidato.<\/p>\n<p>\u201cAqui em Bom Jardim ele diz que ganhou essa caminhonete do pr\u00e9-candidato dele e por isso vai ajudar a reeleg\u00ea-lo. Todo mundo acha que o carro \u00e9 dele\u201d diz um denunciante.<\/p>\n<p>O ve\u00edculo, na verdade, foi adquirido com dinheiro p\u00fablico e doado pela Codevasf a Associa\u00e7\u00e3o de Moradores do Povoado de Guarapiranga e deveria ser usado para beneficiar os produtores da localidade. No termo de doa\u00e7\u00e3o, a respons\u00e1vel pelo recebimento do ve\u00edculo foi a presidente da Associa\u00e7\u00e3o dos Moradores do Povoado de Guarapiranga, Altamira de Jesus Pinho Fonseca, presidente da entidade e servidora do munic\u00edpio.<\/p>\n<p>No entanto, o que se sabe por l\u00e1, \u00e9 que o ve\u00edculo de luxo \u201cpertence\u201d ao cabo eleitoral Rubens, servidor comissionado da prefeitura de S\u00e3o Jos\u00e9 de Ribamar com sal\u00e1rio de R$ 2.612,00.<\/p>\n<p>Usado de maneira irrespons\u00e1vel, o ve\u00edculo transita de forma totalmente irregular. \u201cuma penca de multas\u201d, disse um parente do \u201cdono do ve\u00edculo\u201d.<\/p>\n<p>Entramos em contato com o presidente da Codevasf no Maranh\u00e3o, Jones Braga, que explicou que os ve\u00edculos doados pela Codevasf precisam cumprir todos os crit\u00e9rios estabelecidos no termo de doa\u00e7\u00e3o, e que sempre que a Companhia recebe den\u00fancias fundamentadas, que comprovam o desvio da fun\u00e7\u00e3o do objeto, a entidade respons\u00e1vel pelo ve\u00edculo ser\u00e1 notificado, sendo punida inclusive com a obriga\u00e7\u00e3o de devolu\u00e7\u00e3o o bem.\u201d disse Jones Braga, que garantiu que tomar\u00e1 as devidas provid\u00eancias legais.<\/p>\n<p>Agora, os moradores dos Povoados Guarapiranga e Bom Jardim devem pedir explica\u00e7\u00e3o ao \u201cdono da caminhonete\u201d.<\/p>\n<p>E assim est\u00e3o sendo tratados os moradores da zona rural de S\u00e3o Jos\u00e9 de Ribamar.<\/p>\n<p><img loading=\"lazy\" decoding=\"async\" class=\"wp-image-13236 alignnone size-full\" src=\"https:\/\/maiobaotv.com.br\/wp-content\/uploads\/2020\/07\/img-20200714-wa01658920641808375090814.jpg\" width=\"1183\" height=\"593\"><\/p>\n<p><img loading=\"lazy\" decoding=\"async\" class=\"wp-image-13235 alignnone size-full\" src=\"https:\/\/maiobaotv.com.br\/wp-content\/uploads\/2020\/07\/img-20200714-wa01647117244646464980208.jpg\" width=\"640\" height=\"560\"><\/p>\n<p><img loading=\"lazy\" decoding=\"async\" class=\"wp-image-13237 alignnone size-full\" src=\"https:\/\/maiobaotv.com.br\/wp-content\/uploads\/2020\/07\/img-20200714-wa01633138373937891571943.jpg\" width=\"743\" height=\"491\"><\/p>\n","protected":false},"excerpt":{"rendered":"<p>O Minist\u00e9rio P\u00fablico deve investigar mais uma conduta suspeita em S\u00e3o Jos\u00e9 de Ribamar. De acordo com den\u00fancias recebidas pelo<\/p>\n","protected":false},"author":2,"featured_media":13239,"comment_status":"open","ping_status":"open","sticky":false,"template":"","format":"standard","meta":{"colormag_page_container_layout":"default_layout","colormag_page_sidebar_layout":"default_layout","_jetpack_memberships_contains_paid_content":false,"footnotes":""},"categories":[2],"tags":[],"class_list":["post-13238","post","type-post","status-publish","format-standard","has-post-thumbnail","hentry","category-noticias"],"magazineBlocksPostFeaturedMedia":{"thumbnail":false,"medium":false,"medium_large":false,"large":false,"1536x1536":false,"2048x2048":false,"colormag-highlighted-post":false,"colormag-featured-post-medium":false,"colormag-featured-post-small":false,"colormag-featured-image":false,"colormag-default-news":false,"colormag-featured-image-large":false},"magazineBlocksPostAuthor":{"name":"maranhaotv","avatar":"https:\/\/secure.gravatar.com\/avatar\/8fadbca458d4cb68b1dd399ae9a40618d747bb1af65ac9fad21c89220a143eb4?s=96&d=mm&r=g"},"magazineBlocksPostCommentsNumber":"0","magazineBlocksPostExcerpt":"O Minist\u00e9rio P\u00fablico deve investigar mais uma conduta suspeita em S\u00e3o Jos\u00e9 de Ribamar. De acordo com den\u00fancias recebidas pelo","magazineBlocksPostCategories":["not\u00edcias"],"magazineBlocksPostViewCount":167,"magazineBlocksPostReadTime":3,"magazine_blocks_featured_image_url":{"full":false,"medium":false,"thumbnail":false},"magazine_blocks_author":{"display_name":"maranhaotv","author_link":"https:\/\/maranhaotv.com.br\/index.php\/author\/maranhaotv\/"},"magazine_blocks_comment":0,"magazine_blocks_author_image":"https:\/\/secure.gravatar.com\/avatar\/8fadbca458d4cb68b1dd399ae9a40618d747bb1af65ac9fad21c89220a143eb4?s=96&d=mm&r=g","magazine_blocks_category":"<a href=\"#\" class=\"category-link category-link-2\">not\u00edcias<\/a>","yoast_head":"<!-- This site is optimized with the Yoast SEO plugin v27.4 - https:\/\/yoast.com\/product\/yoast-seo-wordpress\/ -->\n<title>Lascou! Ve\u00edculo da Codevasf \u00e9 usado para fazer pr\u00e9-campanha de vereador em Ribamar - NOT\u00cdCIAS EM TEMPO REAL<\/title>\n<meta name=\"robots\" content=\"index, follow, max-snippet:-1, max-image-preview:large, max-video-preview:-1\" \/>\n<link rel=\"canonical\" href=\"https:\/\/maranhaotv.com.br\/index.php\/2020\/07\/14\/lascou-veiculo-da-codevasf-e-usado-para-fazer-pre-campanha-de-vereador-em-ribamar\/\" \/>\n<meta property=\"og:locale\" content=\"pt_BR\" \/>\n<meta property=\"og:type\" content=\"article\" \/>\n<meta property=\"og:title\" content=\"Lascou! Ve\u00edculo da Codevasf \u00e9 usado para fazer pr\u00e9-campanha de vereador em Ribamar - NOT\u00cdCIAS EM TEMPO REAL\" \/>\n<meta property=\"og:description\" content=\"O Minist\u00e9rio P\u00fablico deve investigar mais uma conduta suspeita em S\u00e3o Jos\u00e9 de Ribamar. De acordo com den\u00fancias recebidas pelo\" \/>\n<meta property=\"og:url\" content=\"https:\/\/maranhaotv.com.br\/index.php\/2020\/07\/14\/lascou-veiculo-da-codevasf-e-usado-para-fazer-pre-campanha-de-vereador-em-ribamar\/\" \/>\n<meta property=\"og:site_name\" content=\"NOT\u00cdCIAS EM TEMPO REAL\" \/>\n<meta property=\"article:publisher\" content=\"https:\/\/www.facebook.com\/maiobaotv\" \/>\n<meta property=\"article:published_time\" content=\"2020-07-14T12:37:57+00:00\" \/>\n<meta name=\"author\" content=\"maranhaotv\" \/>\n<meta name=\"twitter:card\" content=\"summary_large_image\" \/>\n<meta name=\"twitter:creator\" content=\"@sitemaranhaotv\" \/>\n<meta name=\"twitter:site\" content=\"@sitemaranhaotv\" \/>\n<meta name=\"twitter:label1\" content=\"Escrito por\" \/>\n\t<meta name=\"twitter:data1\" content=\"maranhaotv\" \/>\n\t<meta name=\"twitter:label2\" content=\"Est. tempo de leitura\" \/>\n\t<meta name=\"twitter:data2\" content=\"2 minutos\" \/>\n<script type=\"application\/ld+json\" class=\"yoast-schema-graph\">{\"@context\":\"https:\\\/\\\/schema.org\",\"@graph\":[{\"@type\":\"Article\",\"@id\":\"https:\\\/\\\/maranhaotv.com.br\\\/index.php\\\/2020\\\/07\\\/14\\\/lascou-veiculo-da-codevasf-e-usado-para-fazer-pre-campanha-de-vereador-em-ribamar\\\/#article\",\"isPartOf\":{\"@id\":\"https:\\\/\\\/maranhaotv.com.br\\\/index.php\\\/2020\\\/07\\\/14\\\/lascou-veiculo-da-codevasf-e-usado-para-fazer-pre-campanha-de-vereador-em-ribamar\\\/\"},\"author\":{\"name\":\"maranhaotv\",\"@id\":\"https:\\\/\\\/maranhaotv.com.br\\\/#\\\/schema\\\/person\\\/3d54238e86b20bb5c89ab2fdb8f8829a\"},\"headline\":\"Lascou! Ve\u00edculo da Codevasf \u00e9 usado para fazer pr\u00e9-campanha de vereador em Ribamar\",\"datePublished\":\"2020-07-14T12:37:57+00:00\",\"mainEntityOfPage\":{\"@id\":\"https:\\\/\\\/maranhaotv.com.br\\\/index.php\\\/2020\\\/07\\\/14\\\/lascou-veiculo-da-codevasf-e-usado-para-fazer-pre-campanha-de-vereador-em-ribamar\\\/\"},\"wordCount\":465,\"commentCount\":0,\"publisher\":{\"@id\":\"https:\\\/\\\/maranhaotv.com.br\\\/#organization\"},\"image\":{\"@id\":\"https:\\\/\\\/maranhaotv.com.br\\\/index.php\\\/2020\\\/07\\\/14\\\/lascou-veiculo-da-codevasf-e-usado-para-fazer-pre-campanha-de-vereador-em-ribamar\\\/#primaryimage\"},\"thumbnailUrl\":\"\",\"articleSection\":[\"not\u00edcias\"],\"inLanguage\":\"pt-BR\",\"potentialAction\":[{\"@type\":\"CommentAction\",\"name\":\"Comment\",\"target\":[\"https:\\\/\\\/maranhaotv.com.br\\\/index.php\\\/2020\\\/07\\\/14\\\/lascou-veiculo-da-codevasf-e-usado-para-fazer-pre-campanha-de-vereador-em-ribamar\\\/#respond\"]}]},{\"@type\":\"WebPage\",\"@id\":\"https:\\\/\\\/maranhaotv.com.br\\\/index.php\\\/2020\\\/07\\\/14\\\/lascou-veiculo-da-codevasf-e-usado-para-fazer-pre-campanha-de-vereador-em-ribamar\\\/\",\"url\":\"https:\\\/\\\/maranhaotv.com.br\\\/index.php\\\/2020\\\/07\\\/14\\\/lascou-veiculo-da-codevasf-e-usado-para-fazer-pre-campanha-de-vereador-em-ribamar\\\/\",\"name\":\"Lascou! Ve\u00edculo da Codevasf \u00e9 usado para fazer pr\u00e9-campanha de vereador em Ribamar - NOT\u00cdCIAS EM TEMPO REAL\",\"isPartOf\":{\"@id\":\"https:\\\/\\\/maranhaotv.com.br\\\/#website\"},\"primaryImageOfPage\":{\"@id\":\"https:\\\/\\\/maranhaotv.com.br\\\/index.php\\\/2020\\\/07\\\/14\\\/lascou-veiculo-da-codevasf-e-usado-para-fazer-pre-campanha-de-vereador-em-ribamar\\\/#primaryimage\"},\"image\":{\"@id\":\"https:\\\/\\\/maranhaotv.com.br\\\/index.php\\\/2020\\\/07\\\/14\\\/lascou-veiculo-da-codevasf-e-usado-para-fazer-pre-campanha-de-vereador-em-ribamar\\\/#primaryimage\"},\"thumbnailUrl\":\"\",\"datePublished\":\"2020-07-14T12:37:57+00:00\",\"breadcrumb\":{\"@id\":\"https:\\\/\\\/maranhaotv.com.br\\\/index.php\\\/2020\\\/07\\\/14\\\/lascou-veiculo-da-codevasf-e-usado-para-fazer-pre-campanha-de-vereador-em-ribamar\\\/#breadcrumb\"},\"inLanguage\":\"pt-BR\",\"potentialAction\":[{\"@type\":\"ReadAction\",\"target\":[\"https:\\\/\\\/maranhaotv.com.br\\\/index.php\\\/2020\\\/07\\\/14\\\/lascou-veiculo-da-codevasf-e-usado-para-fazer-pre-campanha-de-vereador-em-ribamar\\\/\"]}]},{\"@type\":\"ImageObject\",\"inLanguage\":\"pt-BR\",\"@id\":\"https:\\\/\\\/maranhaotv.com.br\\\/index.php\\\/2020\\\/07\\\/14\\\/lascou-veiculo-da-codevasf-e-usado-para-fazer-pre-campanha-de-vereador-em-ribamar\\\/#primaryimage\",\"url\":\"\",\"contentUrl\":\"\"},{\"@type\":\"BreadcrumbList\",\"@id\":\"https:\\\/\\\/maranhaotv.com.br\\\/index.php\\\/2020\\\/07\\\/14\\\/lascou-veiculo-da-codevasf-e-usado-para-fazer-pre-campanha-de-vereador-em-ribamar\\\/#breadcrumb\",\"itemListElement\":[{\"@type\":\"ListItem\",\"position\":1,\"name\":\"In\u00edcio\",\"item\":\"https:\\\/\\\/maranhaotv.com.br\\\/\"},{\"@type\":\"ListItem\",\"position\":2,\"name\":\"Lascou! Ve\u00edculo da Codevasf \u00e9 usado para fazer pr\u00e9-campanha de vereador em Ribamar\"}]},{\"@type\":\"WebSite\",\"@id\":\"https:\\\/\\\/maranhaotv.com.br\\\/#website\",\"url\":\"https:\\\/\\\/maranhaotv.com.br\\\/\",\"name\":\"Maranh\u00e3oTV\",\"description\":\"\",\"publisher\":{\"@id\":\"https:\\\/\\\/maranhaotv.com.br\\\/#organization\"},\"potentialAction\":[{\"@type\":\"SearchAction\",\"target\":{\"@type\":\"EntryPoint\",\"urlTemplate\":\"https:\\\/\\\/maranhaotv.com.br\\\/?s={search_term_string}\"},\"query-input\":{\"@type\":\"PropertyValueSpecification\",\"valueRequired\":true,\"valueName\":\"search_term_string\"}}],\"inLanguage\":\"pt-BR\"},{\"@type\":\"Organization\",\"@id\":\"https:\\\/\\\/maranhaotv.com.br\\\/#organization\",\"name\":\"Portal de Not\u00edcias\",\"url\":\"https:\\\/\\\/maranhaotv.com.br\\\/\",\"logo\":{\"@type\":\"ImageObject\",\"inLanguage\":\"pt-BR\",\"@id\":\"https:\\\/\\\/maranhaotv.com.br\\\/#\\\/schema\\\/logo\\\/image\\\/\",\"url\":\"https:\\\/\\\/maranhaotv.com.br\\\/wp-content\\\/uploads\\\/2024\\\/05\\\/cropped-cropped-avatar-1.png\",\"contentUrl\":\"https:\\\/\\\/maranhaotv.com.br\\\/wp-content\\\/uploads\\\/2024\\\/05\\\/cropped-cropped-avatar-1.png\",\"width\":792,\"height\":428,\"caption\":\"Portal de Not\u00edcias\"},\"image\":{\"@id\":\"https:\\\/\\\/maranhaotv.com.br\\\/#\\\/schema\\\/logo\\\/image\\\/\"},\"sameAs\":[\"https:\\\/\\\/www.facebook.com\\\/maiobaotv\",\"https:\\\/\\\/x.com\\\/sitemaranhaotv\",\"https:\\\/\\\/www.instagram.com\\\/maranhao.tv\",\"https:\\\/\\\/www.threads.net\\\/@maranhao.tv\"]},{\"@type\":\"Person\",\"@id\":\"https:\\\/\\\/maranhaotv.com.br\\\/#\\\/schema\\\/person\\\/3d54238e86b20bb5c89ab2fdb8f8829a\",\"name\":\"maranhaotv\",\"image\":{\"@type\":\"ImageObject\",\"inLanguage\":\"pt-BR\",\"@id\":\"https:\\\/\\\/secure.gravatar.com\\\/avatar\\\/8fadbca458d4cb68b1dd399ae9a40618d747bb1af65ac9fad21c89220a143eb4?s=96&d=mm&r=g\",\"url\":\"https:\\\/\\\/secure.gravatar.com\\\/avatar\\\/8fadbca458d4cb68b1dd399ae9a40618d747bb1af65ac9fad21c89220a143eb4?s=96&d=mm&r=g\",\"contentUrl\":\"https:\\\/\\\/secure.gravatar.com\\\/avatar\\\/8fadbca458d4cb68b1dd399ae9a40618d747bb1af65ac9fad21c89220a143eb4?s=96&d=mm&r=g\",\"caption\":\"maranhaotv\"},\"sameAs\":[\"https:\\\/\\\/maranhaotv.com.br\\\/\"],\"url\":\"https:\\\/\\\/maranhaotv.com.br\\\/index.php\\\/author\\\/maranhaotv\\\/\"}]}<\/script>\n<!-- \/ Yoast SEO plugin. -->","yoast_head_json":{"title":"Lascou! Ve\u00edculo da Codevasf \u00e9 usado para fazer pr\u00e9-campanha de vereador em Ribamar - NOT\u00cdCIAS EM TEMPO REAL","robots":{"index":"index","follow":"follow","max-snippet":"max-snippet:-1","max-image-preview":"max-image-preview:large","max-video-preview":"max-video-preview:-1"},"canonical":"https:\/\/maranhaotv.com.br\/index.php\/2020\/07\/14\/lascou-veiculo-da-codevasf-e-usado-para-fazer-pre-campanha-de-vereador-em-ribamar\/","og_locale":"pt_BR","og_type":"article","og_title":"Lascou! Ve\u00edculo da Codevasf \u00e9 usado para fazer pr\u00e9-campanha de vereador em Ribamar - NOT\u00cdCIAS EM TEMPO REAL","og_description":"O Minist\u00e9rio P\u00fablico deve investigar mais uma conduta suspeita em S\u00e3o Jos\u00e9 de Ribamar. De acordo com den\u00fancias recebidas pelo","og_url":"https:\/\/maranhaotv.com.br\/index.php\/2020\/07\/14\/lascou-veiculo-da-codevasf-e-usado-para-fazer-pre-campanha-de-vereador-em-ribamar\/","og_site_name":"NOT\u00cdCIAS EM TEMPO REAL","article_publisher":"https:\/\/www.facebook.com\/maiobaotv","article_published_time":"2020-07-14T12:37:57+00:00","author":"maranhaotv","twitter_card":"summary_large_image","twitter_creator":"@sitemaranhaotv","twitter_site":"@sitemaranhaotv","twitter_misc":{"Escrito por":"maranhaotv","Est. tempo de leitura":"2 minutos"},"schema":{"@context":"https:\/\/schema.org","@graph":[{"@type":"Article","@id":"https:\/\/maranhaotv.com.br\/index.php\/2020\/07\/14\/lascou-veiculo-da-codevasf-e-usado-para-fazer-pre-campanha-de-vereador-em-ribamar\/#article","isPartOf":{"@id":"https:\/\/maranhaotv.com.br\/index.php\/2020\/07\/14\/lascou-veiculo-da-codevasf-e-usado-para-fazer-pre-campanha-de-vereador-em-ribamar\/"},"author":{"name":"maranhaotv","@id":"https:\/\/maranhaotv.com.br\/#\/schema\/person\/3d54238e86b20bb5c89ab2fdb8f8829a"},"headline":"Lascou! Ve\u00edculo da Codevasf \u00e9 usado para fazer pr\u00e9-campanha de vereador em Ribamar","datePublished":"2020-07-14T12:37:57+00:00","mainEntityOfPage":{"@id":"https:\/\/maranhaotv.com.br\/index.php\/2020\/07\/14\/lascou-veiculo-da-codevasf-e-usado-para-fazer-pre-campanha-de-vereador-em-ribamar\/"},"wordCount":465,"commentCount":0,"publisher":{"@id":"https:\/\/maranhaotv.com.br\/#organization"},"image":{"@id":"https:\/\/maranhaotv.com.br\/index.php\/2020\/07\/14\/lascou-veiculo-da-codevasf-e-usado-para-fazer-pre-campanha-de-vereador-em-ribamar\/#primaryimage"},"thumbnailUrl":"","articleSection":["not\u00edcias"],"inLanguage":"pt-BR","potentialAction":[{"@type":"CommentAction","name":"Comment","target":["https:\/\/maranhaotv.com.br\/index.php\/2020\/07\/14\/lascou-veiculo-da-codevasf-e-usado-para-fazer-pre-campanha-de-vereador-em-ribamar\/#respond"]}]},{"@type":"WebPage","@id":"https:\/\/maranhaotv.com.br\/index.php\/2020\/07\/14\/lascou-veiculo-da-codevasf-e-usado-para-fazer-pre-campanha-de-vereador-em-ribamar\/","url":"https:\/\/maranhaotv.com.br\/index.php\/2020\/07\/14\/lascou-veiculo-da-codevasf-e-usado-para-fazer-pre-campanha-de-vereador-em-ribamar\/","name":"Lascou! Ve\u00edculo da Codevasf \u00e9 usado para fazer pr\u00e9-campanha de vereador em Ribamar - NOT\u00cdCIAS EM TEMPO REAL","isPartOf":{"@id":"https:\/\/maranhaotv.com.br\/#website"},"primaryImageOfPage":{"@id":"https:\/\/maranhaotv.com.br\/index.php\/2020\/07\/14\/lascou-veiculo-da-codevasf-e-usado-para-fazer-pre-campanha-de-vereador-em-ribamar\/#primaryimage"},"image":{"@id":"https:\/\/maranhaotv.com.br\/index.php\/2020\/07\/14\/lascou-veiculo-da-codevasf-e-usado-para-fazer-pre-campanha-de-vereador-em-ribamar\/#primaryimage"},"thumbnailUrl":"","datePublished":"2020-07-14T12:37:57+00:00","breadcrumb":{"@id":"https:\/\/maranhaotv.com.br\/index.php\/2020\/07\/14\/lascou-veiculo-da-codevasf-e-usado-para-fazer-pre-campanha-de-vereador-em-ribamar\/#breadcrumb"},"inLanguage":"pt-BR","potentialAction":[{"@type":"ReadAction","target":["https:\/\/maranhaotv.com.br\/index.php\/2020\/07\/14\/lascou-veiculo-da-codevasf-e-usado-para-fazer-pre-campanha-de-vereador-em-ribamar\/"]}]},{"@type":"ImageObject","inLanguage":"pt-BR","@id":"https:\/\/maranhaotv.com.br\/index.php\/2020\/07\/14\/lascou-veiculo-da-codevasf-e-usado-para-fazer-pre-campanha-de-vereador-em-ribamar\/#primaryimage","url":"","contentUrl":""},{"@type":"BreadcrumbList","@id":"https:\/\/maranhaotv.com.br\/index.php\/2020\/07\/14\/lascou-veiculo-da-codevasf-e-usado-para-fazer-pre-campanha-de-vereador-em-ribamar\/#breadcrumb","itemListElement":[{"@type":"ListItem","position":1,"name":"In\u00edcio","item":"https:\/\/maranhaotv.com.br\/"},{"@type":"ListItem","position":2,"name":"Lascou! Ve\u00edculo da Codevasf \u00e9 usado para fazer pr\u00e9-campanha de vereador em Ribamar"}]},{"@type":"WebSite","@id":"https:\/\/maranhaotv.com.br\/#website","url":"https:\/\/maranhaotv.com.br\/","name":"Maranh\u00e3oTV","description":"","publisher":{"@id":"https:\/\/maranhaotv.com.br\/#organization"},"potentialAction":[{"@type":"SearchAction","target":{"@type":"EntryPoint","urlTemplate":"https:\/\/maranhaotv.com.br\/?s={search_term_string}"},"query-input":{"@type":"PropertyValueSpecification","valueRequired":true,"valueName":"search_term_string"}}],"inLanguage":"pt-BR"},{"@type":"Organization","@id":"https:\/\/maranhaotv.com.br\/#organization","name":"Portal de Not\u00edcias","url":"https:\/\/maranhaotv.com.br\/","logo":{"@type":"ImageObject","inLanguage":"pt-BR","@id":"https:\/\/maranhaotv.com.br\/#\/schema\/logo\/image\/","url":"https:\/\/maranhaotv.com.br\/wp-content\/uploads\/2024\/05\/cropped-cropped-avatar-1.png","contentUrl":"https:\/\/maranhaotv.com.br\/wp-content\/uploads\/2024\/05\/cropped-cropped-avatar-1.png","width":792,"height":428,"caption":"Portal de Not\u00edcias"},"image":{"@id":"https:\/\/maranhaotv.com.br\/#\/schema\/logo\/image\/"},"sameAs":["https:\/\/www.facebook.com\/maiobaotv","https:\/\/x.com\/sitemaranhaotv","https:\/\/www.instagram.com\/maranhao.tv","https:\/\/www.threads.net\/@maranhao.tv"]},{"@type":"Person","@id":"https:\/\/maranhaotv.com.br\/#\/schema\/person\/3d54238e86b20bb5c89ab2fdb8f8829a","name":"maranhaotv","image":{"@type":"ImageObject","inLanguage":"pt-BR","@id":"https:\/\/secure.gravatar.com\/avatar\/8fadbca458d4cb68b1dd399ae9a40618d747bb1af65ac9fad21c89220a143eb4?s=96&d=mm&r=g","url":"https:\/\/secure.gravatar.com\/avatar\/8fadbca458d4cb68b1dd399ae9a40618d747bb1af65ac9fad21c89220a143eb4?s=96&d=mm&r=g","contentUrl":"https:\/\/secure.gravatar.com\/avatar\/8fadbca458d4cb68b1dd399ae9a40618d747bb1af65ac9fad21c89220a143eb4?s=96&d=mm&r=g","caption":"maranhaotv"},"sameAs":["https:\/\/maranhaotv.com.br\/"],"url":"https:\/\/maranhaotv.com.br\/index.php\/author\/maranhaotv\/"}]}},"jetpack_featured_media_url":"","jetpack_sharing_enabled":true,"_links":{"self":[{"href":"https:\/\/maranhaotv.com.br\/index.php\/wp-json\/wp\/v2\/posts\/13238","targetHints":{"allow":["GET"]}}],"collection":[{"href":"https:\/\/maranhaotv.com.br\/index.php\/wp-json\/wp\/v2\/posts"}],"about":[{"href":"https:\/\/maranhaotv.com.br\/index.php\/wp-json\/wp\/v2\/types\/post"}],"author":[{"embeddable":true,"href":"https:\/\/maranhaotv.com.br\/index.php\/wp-json\/wp\/v2\/users\/2"}],"replies":[{"embeddable":true,"href":"https:\/\/maranhaotv.com.br\/index.php\/wp-json\/wp\/v2\/comments?post=13238"}],"version-history":[{"count":0,"href":"https:\/\/maranhaotv.com.br\/index.php\/wp-json\/wp\/v2\/posts\/13238\/revisions"}],"wp:featuredmedia":[{"embeddable":true,"href":"https:\/\/maranhaotv.com.br\/index.php\/wp-json\/"}],"wp:attachment":[{"href":"https:\/\/maranhaotv.com.br\/index.php\/wp-json\/wp\/v2\/media?parent=13238"}],"wp:term":[{"taxonomy":"category","embeddable":true,"href":"https:\/\/maranhaotv.com.br\/index.php\/wp-json\/wp\/v2\/categories?post=13238"},{"taxonomy":"post_tag","embeddable":true,"href":"https:\/\/maranhaotv.com.br\/index.php\/wp-json\/wp\/v2\/tags?post=13238"}],"curies":[{"name":"wp","href":"https:\/\/api.w.org\/{rel}","templated":true}]}}