{"id":13258,"date":"2020-07-14T13:29:06","date_gmt":"2020-07-14T16:29:06","guid":{"rendered":"https:\/\/maiobaotv.com.br\/?p=13258"},"modified":"2020-07-14T13:29:06","modified_gmt":"2020-07-14T16:29:06","slug":"professor-sampaio-cotado-para-assumir-a-direcao-do-ifma-de-sao-jose-de-ribamar","status":"publish","type":"post","link":"https:\/\/maranhaotv.com.br\/index.php\/2020\/07\/14\/professor-sampaio-cotado-para-assumir-a-direcao-do-ifma-de-sao-jose-de-ribamar\/","title":{"rendered":"Professor Sampaio cotado para assumir a dire\u00e7\u00e3o do IFMA de S\u00e3o Jos\u00e9 de Ribamar"},"content":{"rendered":"<p>Os docentes, discentes e t\u00e9cnicos administrativos do campus do IFMA de S\u00e3o Jos\u00e9 de Ribamar, devem escolher at\u00e9 o pr\u00f3ximo m\u00eas, o novo Diretor da Unidade. Apesar das aulas estarem suspensas em decorr\u00eancia da pandemia causada pelo novo coronav\u00edrus, nos  bastidores acad\u00eamico, a maioria dos mais de mil alunos, enxergam no professor Sampaio o caminho para a mudan\u00e7a.<\/p>\n<p>Com muitos leitores entre os alunos da Unidade, o blog j\u00e1 recebeu diversas den\u00fancias contra a atual gest\u00e3o, comandada por Marco Ant\u00f4nio Goiabeira Torre\u00e3o, todas contrariando os interesses dos alunos dentro do Campus.<\/p>\n<p>Para se ter uma ideia, apesar de manter cursos em per\u00edodo integral, o Campus n\u00e3o conta com refeit\u00f3rio, nem tampouco mesas e cadeiras para que os alunos fa\u00e7am suas refei\u00e7\u00f5es, que s\u00f3 s\u00e3o poss\u00edveis em cantina particular, o que acaba ficando invi\u00e1vel para a maioria dos alunos, provenientes de escolas p\u00fablicas e fam\u00edlias humildes.<\/p>\n<p>Outra den\u00fancia que deve pesar, s\u00e3o duas condena\u00e7\u00f5es na Justi\u00e7a Federal contra o atual diretor, Torre\u00e3o.<\/p>\n<p>J\u00e1 \u00e0 favor do Professor Sampaio, est\u00e1 seu hist\u00f3rico de docente atencioso com seus alunos, dentre eles, alguns foram destaques estadual e nacionalmente, com projetos sob sua coordena\u00e7\u00e3o<\/p>\n<p>Dentre as ideias defendidas por Sampaio, est\u00e3o a gest\u00e3o compartilhada, onde os alunos decidir\u00e3o a aplica\u00e7\u00e3o de recursos e o futuro do Campus.<\/p>\n<p>Se isso acontecer, \u00e9 prov\u00e1vel que o aspecto de Institui\u00e7\u00e3o abandonada se transforme em unidade modelo em pouco tempo.<\/p>\n<p><img loading=\"lazy\" decoding=\"async\" src=\"https:\/\/maiobaotv.com.br\/wp-content\/uploads\/2020\/07\/img-20200714-wa03551398235866187672642.jpg\" class=\"wp-image-13256 alignnone size-full\" width=\"1083\" height=\"539\"><\/p>\n<p><img loading=\"lazy\" decoding=\"async\" src=\"https:\/\/maiobaotv.com.br\/wp-content\/uploads\/2020\/07\/img-20200714-wa03561410394312564368927.jpg\" class=\"wp-image-13257 alignnone size-full\" width=\"1200\" height=\"902\"><\/p>\n","protected":false},"excerpt":{"rendered":"<p>Os docentes, discentes e t\u00e9cnicos administrativos do campus do IFMA de S\u00e3o Jos\u00e9 de Ribamar, devem escolher at\u00e9 o pr\u00f3ximo<\/p>\n","protected":false},"author":2,"featured_media":13259,"comment_status":"open","ping_status":"open","sticky":false,"template":"","format":"standard","meta":{"colormag_page_container_layout":"default_layout","colormag_page_sidebar_layout":"default_layout","_jetpack_memberships_contains_paid_content":false,"footnotes":""},"categories":[2],"tags":[],"class_list":["post-13258","post","type-post","status-publish","format-standard","has-post-thumbnail","hentry","category-noticias"],"magazineBlocksPostFeaturedMedia":{"thumbnail":false,"medium":false,"medium_large":false,"large":false,"1536x1536":false,"2048x2048":false,"colormag-highlighted-post":false,"colormag-featured-post-medium":false,"colormag-featured-post-small":false,"colormag-featured-image":false,"colormag-default-news":false,"colormag-featured-image-large":false},"magazineBlocksPostAuthor":{"name":"maranhaotv","avatar":"https:\/\/secure.gravatar.com\/avatar\/8fadbca458d4cb68b1dd399ae9a40618d747bb1af65ac9fad21c89220a143eb4?s=96&d=mm&r=g"},"magazineBlocksPostCommentsNumber":"0","magazineBlocksPostExcerpt":"Os docentes, discentes e t\u00e9cnicos administrativos do campus do IFMA de S\u00e3o Jos\u00e9 de Ribamar, devem escolher at\u00e9 o pr\u00f3ximo","magazineBlocksPostCategories":["not\u00edcias"],"magazineBlocksPostViewCount":205,"magazineBlocksPostReadTime":2,"magazine_blocks_featured_image_url":{"full":false,"medium":false,"thumbnail":false},"magazine_blocks_author":{"display_name":"maranhaotv","author_link":"https:\/\/maranhaotv.com.br\/index.php\/author\/maranhaotv\/"},"magazine_blocks_comment":0,"magazine_blocks_author_image":"https:\/\/secure.gravatar.com\/avatar\/8fadbca458d4cb68b1dd399ae9a40618d747bb1af65ac9fad21c89220a143eb4?s=96&d=mm&r=g","magazine_blocks_category":"<a href=\"#\" class=\"category-link category-link-2\">not\u00edcias<\/a>","yoast_head":"<!-- This site is optimized with the Yoast SEO plugin v27.4 - https:\/\/yoast.com\/product\/yoast-seo-wordpress\/ -->\n<title>Professor Sampaio cotado para assumir a dire\u00e7\u00e3o do IFMA de S\u00e3o Jos\u00e9 de Ribamar - NOT\u00cdCIAS EM TEMPO REAL<\/title>\n<meta name=\"robots\" content=\"index, follow, max-snippet:-1, max-image-preview:large, max-video-preview:-1\" \/>\n<link rel=\"canonical\" href=\"https:\/\/maranhaotv.com.br\/index.php\/2020\/07\/14\/professor-sampaio-cotado-para-assumir-a-direcao-do-ifma-de-sao-jose-de-ribamar\/\" \/>\n<meta property=\"og:locale\" content=\"pt_BR\" \/>\n<meta property=\"og:type\" content=\"article\" \/>\n<meta property=\"og:title\" content=\"Professor Sampaio cotado para assumir a dire\u00e7\u00e3o do IFMA de S\u00e3o Jos\u00e9 de Ribamar - NOT\u00cdCIAS EM TEMPO REAL\" \/>\n<meta property=\"og:description\" content=\"Os docentes, discentes e t\u00e9cnicos administrativos do campus do IFMA de S\u00e3o Jos\u00e9 de Ribamar, devem escolher at\u00e9 o pr\u00f3ximo\" \/>\n<meta property=\"og:url\" content=\"https:\/\/maranhaotv.com.br\/index.php\/2020\/07\/14\/professor-sampaio-cotado-para-assumir-a-direcao-do-ifma-de-sao-jose-de-ribamar\/\" \/>\n<meta property=\"og:site_name\" content=\"NOT\u00cdCIAS EM TEMPO REAL\" \/>\n<meta property=\"article:publisher\" content=\"https:\/\/www.facebook.com\/maiobaotv\" \/>\n<meta property=\"article:published_time\" content=\"2020-07-14T16:29:06+00:00\" \/>\n<meta name=\"author\" content=\"maranhaotv\" \/>\n<meta name=\"twitter:card\" content=\"summary_large_image\" \/>\n<meta name=\"twitter:creator\" content=\"@sitemaranhaotv\" \/>\n<meta name=\"twitter:site\" content=\"@sitemaranhaotv\" \/>\n<meta name=\"twitter:label1\" content=\"Escrito por\" \/>\n\t<meta name=\"twitter:data1\" content=\"maranhaotv\" \/>\n\t<meta name=\"twitter:label2\" content=\"Est. tempo de leitura\" \/>\n\t<meta name=\"twitter:data2\" content=\"1 minuto\" \/>\n<script type=\"application\/ld+json\" class=\"yoast-schema-graph\">{\"@context\":\"https:\\\/\\\/schema.org\",\"@graph\":[{\"@type\":\"Article\",\"@id\":\"https:\\\/\\\/maranhaotv.com.br\\\/index.php\\\/2020\\\/07\\\/14\\\/professor-sampaio-cotado-para-assumir-a-direcao-do-ifma-de-sao-jose-de-ribamar\\\/#article\",\"isPartOf\":{\"@id\":\"https:\\\/\\\/maranhaotv.com.br\\\/index.php\\\/2020\\\/07\\\/14\\\/professor-sampaio-cotado-para-assumir-a-direcao-do-ifma-de-sao-jose-de-ribamar\\\/\"},\"author\":{\"name\":\"maranhaotv\",\"@id\":\"https:\\\/\\\/maranhaotv.com.br\\\/#\\\/schema\\\/person\\\/3d54238e86b20bb5c89ab2fdb8f8829a\"},\"headline\":\"Professor Sampaio cotado para assumir a dire\u00e7\u00e3o do IFMA de S\u00e3o Jos\u00e9 de Ribamar\",\"datePublished\":\"2020-07-14T16:29:06+00:00\",\"mainEntityOfPage\":{\"@id\":\"https:\\\/\\\/maranhaotv.com.br\\\/index.php\\\/2020\\\/07\\\/14\\\/professor-sampaio-cotado-para-assumir-a-direcao-do-ifma-de-sao-jose-de-ribamar\\\/\"},\"wordCount\":280,\"commentCount\":0,\"publisher\":{\"@id\":\"https:\\\/\\\/maranhaotv.com.br\\\/#organization\"},\"image\":{\"@id\":\"https:\\\/\\\/maranhaotv.com.br\\\/index.php\\\/2020\\\/07\\\/14\\\/professor-sampaio-cotado-para-assumir-a-direcao-do-ifma-de-sao-jose-de-ribamar\\\/#primaryimage\"},\"thumbnailUrl\":\"\",\"articleSection\":[\"not\u00edcias\"],\"inLanguage\":\"pt-BR\",\"potentialAction\":[{\"@type\":\"CommentAction\",\"name\":\"Comment\",\"target\":[\"https:\\\/\\\/maranhaotv.com.br\\\/index.php\\\/2020\\\/07\\\/14\\\/professor-sampaio-cotado-para-assumir-a-direcao-do-ifma-de-sao-jose-de-ribamar\\\/#respond\"]}]},{\"@type\":\"WebPage\",\"@id\":\"https:\\\/\\\/maranhaotv.com.br\\\/index.php\\\/2020\\\/07\\\/14\\\/professor-sampaio-cotado-para-assumir-a-direcao-do-ifma-de-sao-jose-de-ribamar\\\/\",\"url\":\"https:\\\/\\\/maranhaotv.com.br\\\/index.php\\\/2020\\\/07\\\/14\\\/professor-sampaio-cotado-para-assumir-a-direcao-do-ifma-de-sao-jose-de-ribamar\\\/\",\"name\":\"Professor Sampaio cotado para assumir a dire\u00e7\u00e3o do IFMA de S\u00e3o Jos\u00e9 de Ribamar - NOT\u00cdCIAS EM TEMPO REAL\",\"isPartOf\":{\"@id\":\"https:\\\/\\\/maranhaotv.com.br\\\/#website\"},\"primaryImageOfPage\":{\"@id\":\"https:\\\/\\\/maranhaotv.com.br\\\/index.php\\\/2020\\\/07\\\/14\\\/professor-sampaio-cotado-para-assumir-a-direcao-do-ifma-de-sao-jose-de-ribamar\\\/#primaryimage\"},\"image\":{\"@id\":\"https:\\\/\\\/maranhaotv.com.br\\\/index.php\\\/2020\\\/07\\\/14\\\/professor-sampaio-cotado-para-assumir-a-direcao-do-ifma-de-sao-jose-de-ribamar\\\/#primaryimage\"},\"thumbnailUrl\":\"\",\"datePublished\":\"2020-07-14T16:29:06+00:00\",\"breadcrumb\":{\"@id\":\"https:\\\/\\\/maranhaotv.com.br\\\/index.php\\\/2020\\\/07\\\/14\\\/professor-sampaio-cotado-para-assumir-a-direcao-do-ifma-de-sao-jose-de-ribamar\\\/#breadcrumb\"},\"inLanguage\":\"pt-BR\",\"potentialAction\":[{\"@type\":\"ReadAction\",\"target\":[\"https:\\\/\\\/maranhaotv.com.br\\\/index.php\\\/2020\\\/07\\\/14\\\/professor-sampaio-cotado-para-assumir-a-direcao-do-ifma-de-sao-jose-de-ribamar\\\/\"]}]},{\"@type\":\"ImageObject\",\"inLanguage\":\"pt-BR\",\"@id\":\"https:\\\/\\\/maranhaotv.com.br\\\/index.php\\\/2020\\\/07\\\/14\\\/professor-sampaio-cotado-para-assumir-a-direcao-do-ifma-de-sao-jose-de-ribamar\\\/#primaryimage\",\"url\":\"\",\"contentUrl\":\"\"},{\"@type\":\"BreadcrumbList\",\"@id\":\"https:\\\/\\\/maranhaotv.com.br\\\/index.php\\\/2020\\\/07\\\/14\\\/professor-sampaio-cotado-para-assumir-a-direcao-do-ifma-de-sao-jose-de-ribamar\\\/#breadcrumb\",\"itemListElement\":[{\"@type\":\"ListItem\",\"position\":1,\"name\":\"In\u00edcio\",\"item\":\"https:\\\/\\\/maranhaotv.com.br\\\/\"},{\"@type\":\"ListItem\",\"position\":2,\"name\":\"Professor Sampaio cotado para assumir a dire\u00e7\u00e3o do IFMA de S\u00e3o Jos\u00e9 de Ribamar\"}]},{\"@type\":\"WebSite\",\"@id\":\"https:\\\/\\\/maranhaotv.com.br\\\/#website\",\"url\":\"https:\\\/\\\/maranhaotv.com.br\\\/\",\"name\":\"Maranh\u00e3oTV\",\"description\":\"\",\"publisher\":{\"@id\":\"https:\\\/\\\/maranhaotv.com.br\\\/#organization\"},\"potentialAction\":[{\"@type\":\"SearchAction\",\"target\":{\"@type\":\"EntryPoint\",\"urlTemplate\":\"https:\\\/\\\/maranhaotv.com.br\\\/?s={search_term_string}\"},\"query-input\":{\"@type\":\"PropertyValueSpecification\",\"valueRequired\":true,\"valueName\":\"search_term_string\"}}],\"inLanguage\":\"pt-BR\"},{\"@type\":\"Organization\",\"@id\":\"https:\\\/\\\/maranhaotv.com.br\\\/#organization\",\"name\":\"Portal de Not\u00edcias\",\"url\":\"https:\\\/\\\/maranhaotv.com.br\\\/\",\"logo\":{\"@type\":\"ImageObject\",\"inLanguage\":\"pt-BR\",\"@id\":\"https:\\\/\\\/maranhaotv.com.br\\\/#\\\/schema\\\/logo\\\/image\\\/\",\"url\":\"https:\\\/\\\/maranhaotv.com.br\\\/wp-content\\\/uploads\\\/2024\\\/05\\\/cropped-cropped-avatar-1.png\",\"contentUrl\":\"https:\\\/\\\/maranhaotv.com.br\\\/wp-content\\\/uploads\\\/2024\\\/05\\\/cropped-cropped-avatar-1.png\",\"width\":792,\"height\":428,\"caption\":\"Portal de Not\u00edcias\"},\"image\":{\"@id\":\"https:\\\/\\\/maranhaotv.com.br\\\/#\\\/schema\\\/logo\\\/image\\\/\"},\"sameAs\":[\"https:\\\/\\\/www.facebook.com\\\/maiobaotv\",\"https:\\\/\\\/x.com\\\/sitemaranhaotv\",\"https:\\\/\\\/www.instagram.com\\\/maranhao.tv\",\"https:\\\/\\\/www.threads.net\\\/@maranhao.tv\"]},{\"@type\":\"Person\",\"@id\":\"https:\\\/\\\/maranhaotv.com.br\\\/#\\\/schema\\\/person\\\/3d54238e86b20bb5c89ab2fdb8f8829a\",\"name\":\"maranhaotv\",\"image\":{\"@type\":\"ImageObject\",\"inLanguage\":\"pt-BR\",\"@id\":\"https:\\\/\\\/secure.gravatar.com\\\/avatar\\\/8fadbca458d4cb68b1dd399ae9a40618d747bb1af65ac9fad21c89220a143eb4?s=96&d=mm&r=g\",\"url\":\"https:\\\/\\\/secure.gravatar.com\\\/avatar\\\/8fadbca458d4cb68b1dd399ae9a40618d747bb1af65ac9fad21c89220a143eb4?s=96&d=mm&r=g\",\"contentUrl\":\"https:\\\/\\\/secure.gravatar.com\\\/avatar\\\/8fadbca458d4cb68b1dd399ae9a40618d747bb1af65ac9fad21c89220a143eb4?s=96&d=mm&r=g\",\"caption\":\"maranhaotv\"},\"sameAs\":[\"https:\\\/\\\/maranhaotv.com.br\\\/\"],\"url\":\"https:\\\/\\\/maranhaotv.com.br\\\/index.php\\\/author\\\/maranhaotv\\\/\"}]}<\/script>\n<!-- \/ Yoast SEO plugin. -->","yoast_head_json":{"title":"Professor Sampaio cotado para assumir a dire\u00e7\u00e3o do IFMA de S\u00e3o Jos\u00e9 de Ribamar - NOT\u00cdCIAS EM TEMPO REAL","robots":{"index":"index","follow":"follow","max-snippet":"max-snippet:-1","max-image-preview":"max-image-preview:large","max-video-preview":"max-video-preview:-1"},"canonical":"https:\/\/maranhaotv.com.br\/index.php\/2020\/07\/14\/professor-sampaio-cotado-para-assumir-a-direcao-do-ifma-de-sao-jose-de-ribamar\/","og_locale":"pt_BR","og_type":"article","og_title":"Professor Sampaio cotado para assumir a dire\u00e7\u00e3o do IFMA de S\u00e3o Jos\u00e9 de Ribamar - NOT\u00cdCIAS EM TEMPO REAL","og_description":"Os docentes, discentes e t\u00e9cnicos administrativos do campus do IFMA de S\u00e3o Jos\u00e9 de Ribamar, devem escolher at\u00e9 o pr\u00f3ximo","og_url":"https:\/\/maranhaotv.com.br\/index.php\/2020\/07\/14\/professor-sampaio-cotado-para-assumir-a-direcao-do-ifma-de-sao-jose-de-ribamar\/","og_site_name":"NOT\u00cdCIAS EM TEMPO REAL","article_publisher":"https:\/\/www.facebook.com\/maiobaotv","article_published_time":"2020-07-14T16:29:06+00:00","author":"maranhaotv","twitter_card":"summary_large_image","twitter_creator":"@sitemaranhaotv","twitter_site":"@sitemaranhaotv","twitter_misc":{"Escrito por":"maranhaotv","Est. tempo de leitura":"1 minuto"},"schema":{"@context":"https:\/\/schema.org","@graph":[{"@type":"Article","@id":"https:\/\/maranhaotv.com.br\/index.php\/2020\/07\/14\/professor-sampaio-cotado-para-assumir-a-direcao-do-ifma-de-sao-jose-de-ribamar\/#article","isPartOf":{"@id":"https:\/\/maranhaotv.com.br\/index.php\/2020\/07\/14\/professor-sampaio-cotado-para-assumir-a-direcao-do-ifma-de-sao-jose-de-ribamar\/"},"author":{"name":"maranhaotv","@id":"https:\/\/maranhaotv.com.br\/#\/schema\/person\/3d54238e86b20bb5c89ab2fdb8f8829a"},"headline":"Professor Sampaio cotado para assumir a dire\u00e7\u00e3o do IFMA de S\u00e3o Jos\u00e9 de Ribamar","datePublished":"2020-07-14T16:29:06+00:00","mainEntityOfPage":{"@id":"https:\/\/maranhaotv.com.br\/index.php\/2020\/07\/14\/professor-sampaio-cotado-para-assumir-a-direcao-do-ifma-de-sao-jose-de-ribamar\/"},"wordCount":280,"commentCount":0,"publisher":{"@id":"https:\/\/maranhaotv.com.br\/#organization"},"image":{"@id":"https:\/\/maranhaotv.com.br\/index.php\/2020\/07\/14\/professor-sampaio-cotado-para-assumir-a-direcao-do-ifma-de-sao-jose-de-ribamar\/#primaryimage"},"thumbnailUrl":"","articleSection":["not\u00edcias"],"inLanguage":"pt-BR","potentialAction":[{"@type":"CommentAction","name":"Comment","target":["https:\/\/maranhaotv.com.br\/index.php\/2020\/07\/14\/professor-sampaio-cotado-para-assumir-a-direcao-do-ifma-de-sao-jose-de-ribamar\/#respond"]}]},{"@type":"WebPage","@id":"https:\/\/maranhaotv.com.br\/index.php\/2020\/07\/14\/professor-sampaio-cotado-para-assumir-a-direcao-do-ifma-de-sao-jose-de-ribamar\/","url":"https:\/\/maranhaotv.com.br\/index.php\/2020\/07\/14\/professor-sampaio-cotado-para-assumir-a-direcao-do-ifma-de-sao-jose-de-ribamar\/","name":"Professor Sampaio cotado para assumir a dire\u00e7\u00e3o do IFMA de S\u00e3o Jos\u00e9 de Ribamar - NOT\u00cdCIAS EM TEMPO REAL","isPartOf":{"@id":"https:\/\/maranhaotv.com.br\/#website"},"primaryImageOfPage":{"@id":"https:\/\/maranhaotv.com.br\/index.php\/2020\/07\/14\/professor-sampaio-cotado-para-assumir-a-direcao-do-ifma-de-sao-jose-de-ribamar\/#primaryimage"},"image":{"@id":"https:\/\/maranhaotv.com.br\/index.php\/2020\/07\/14\/professor-sampaio-cotado-para-assumir-a-direcao-do-ifma-de-sao-jose-de-ribamar\/#primaryimage"},"thumbnailUrl":"","datePublished":"2020-07-14T16:29:06+00:00","breadcrumb":{"@id":"https:\/\/maranhaotv.com.br\/index.php\/2020\/07\/14\/professor-sampaio-cotado-para-assumir-a-direcao-do-ifma-de-sao-jose-de-ribamar\/#breadcrumb"},"inLanguage":"pt-BR","potentialAction":[{"@type":"ReadAction","target":["https:\/\/maranhaotv.com.br\/index.php\/2020\/07\/14\/professor-sampaio-cotado-para-assumir-a-direcao-do-ifma-de-sao-jose-de-ribamar\/"]}]},{"@type":"ImageObject","inLanguage":"pt-BR","@id":"https:\/\/maranhaotv.com.br\/index.php\/2020\/07\/14\/professor-sampaio-cotado-para-assumir-a-direcao-do-ifma-de-sao-jose-de-ribamar\/#primaryimage","url":"","contentUrl":""},{"@type":"BreadcrumbList","@id":"https:\/\/maranhaotv.com.br\/index.php\/2020\/07\/14\/professor-sampaio-cotado-para-assumir-a-direcao-do-ifma-de-sao-jose-de-ribamar\/#breadcrumb","itemListElement":[{"@type":"ListItem","position":1,"name":"In\u00edcio","item":"https:\/\/maranhaotv.com.br\/"},{"@type":"ListItem","position":2,"name":"Professor Sampaio cotado para assumir a dire\u00e7\u00e3o do IFMA de S\u00e3o Jos\u00e9 de Ribamar"}]},{"@type":"WebSite","@id":"https:\/\/maranhaotv.com.br\/#website","url":"https:\/\/maranhaotv.com.br\/","name":"Maranh\u00e3oTV","description":"","publisher":{"@id":"https:\/\/maranhaotv.com.br\/#organization"},"potentialAction":[{"@type":"SearchAction","target":{"@type":"EntryPoint","urlTemplate":"https:\/\/maranhaotv.com.br\/?s={search_term_string}"},"query-input":{"@type":"PropertyValueSpecification","valueRequired":true,"valueName":"search_term_string"}}],"inLanguage":"pt-BR"},{"@type":"Organization","@id":"https:\/\/maranhaotv.com.br\/#organization","name":"Portal de Not\u00edcias","url":"https:\/\/maranhaotv.com.br\/","logo":{"@type":"ImageObject","inLanguage":"pt-BR","@id":"https:\/\/maranhaotv.com.br\/#\/schema\/logo\/image\/","url":"https:\/\/maranhaotv.com.br\/wp-content\/uploads\/2024\/05\/cropped-cropped-avatar-1.png","contentUrl":"https:\/\/maranhaotv.com.br\/wp-content\/uploads\/2024\/05\/cropped-cropped-avatar-1.png","width":792,"height":428,"caption":"Portal de Not\u00edcias"},"image":{"@id":"https:\/\/maranhaotv.com.br\/#\/schema\/logo\/image\/"},"sameAs":["https:\/\/www.facebook.com\/maiobaotv","https:\/\/x.com\/sitemaranhaotv","https:\/\/www.instagram.com\/maranhao.tv","https:\/\/www.threads.net\/@maranhao.tv"]},{"@type":"Person","@id":"https:\/\/maranhaotv.com.br\/#\/schema\/person\/3d54238e86b20bb5c89ab2fdb8f8829a","name":"maranhaotv","image":{"@type":"ImageObject","inLanguage":"pt-BR","@id":"https:\/\/secure.gravatar.com\/avatar\/8fadbca458d4cb68b1dd399ae9a40618d747bb1af65ac9fad21c89220a143eb4?s=96&d=mm&r=g","url":"https:\/\/secure.gravatar.com\/avatar\/8fadbca458d4cb68b1dd399ae9a40618d747bb1af65ac9fad21c89220a143eb4?s=96&d=mm&r=g","contentUrl":"https:\/\/secure.gravatar.com\/avatar\/8fadbca458d4cb68b1dd399ae9a40618d747bb1af65ac9fad21c89220a143eb4?s=96&d=mm&r=g","caption":"maranhaotv"},"sameAs":["https:\/\/maranhaotv.com.br\/"],"url":"https:\/\/maranhaotv.com.br\/index.php\/author\/maranhaotv\/"}]}},"jetpack_featured_media_url":"","jetpack_sharing_enabled":true,"_links":{"self":[{"href":"https:\/\/maranhaotv.com.br\/index.php\/wp-json\/wp\/v2\/posts\/13258","targetHints":{"allow":["GET"]}}],"collection":[{"href":"https:\/\/maranhaotv.com.br\/index.php\/wp-json\/wp\/v2\/posts"}],"about":[{"href":"https:\/\/maranhaotv.com.br\/index.php\/wp-json\/wp\/v2\/types\/post"}],"author":[{"embeddable":true,"href":"https:\/\/maranhaotv.com.br\/index.php\/wp-json\/wp\/v2\/users\/2"}],"replies":[{"embeddable":true,"href":"https:\/\/maranhaotv.com.br\/index.php\/wp-json\/wp\/v2\/comments?post=13258"}],"version-history":[{"count":0,"href":"https:\/\/maranhaotv.com.br\/index.php\/wp-json\/wp\/v2\/posts\/13258\/revisions"}],"wp:featuredmedia":[{"embeddable":true,"href":"https:\/\/maranhaotv.com.br\/index.php\/wp-json\/"}],"wp:attachment":[{"href":"https:\/\/maranhaotv.com.br\/index.php\/wp-json\/wp\/v2\/media?parent=13258"}],"wp:term":[{"taxonomy":"category","embeddable":true,"href":"https:\/\/maranhaotv.com.br\/index.php\/wp-json\/wp\/v2\/categories?post=13258"},{"taxonomy":"post_tag","embeddable":true,"href":"https:\/\/maranhaotv.com.br\/index.php\/wp-json\/wp\/v2\/tags?post=13258"}],"curies":[{"name":"wp","href":"https:\/\/api.w.org\/{rel}","templated":true}]}}