{"id":13299,"date":"2020-07-15T14:38:20","date_gmt":"2020-07-15T17:38:20","guid":{"rendered":"https:\/\/maiobaotv.com.br\/?p=13299"},"modified":"2020-07-15T14:38:20","modified_gmt":"2020-07-15T17:38:20","slug":"justica-determina-que-blog-retire-campanha-eleitoral-negativa-contra-fred-campos","status":"publish","type":"post","link":"https:\/\/maranhaotv.com.br\/index.php\/2020\/07\/15\/justica-determina-que-blog-retire-campanha-eleitoral-negativa-contra-fred-campos\/","title":{"rendered":"Justi\u00e7a determina que blog retire campanha eleitoral negativa contra Fred Campos"},"content":{"rendered":"<p>A Justi\u00e7a Eleitoral, atrav\u00e9s do Juiz Dr. Gustavo Henrique, titular da 93\u00b0 Zona Eleitoral, determinou, ontem, 14, a imediata remo\u00e7\u00e3o de mat\u00e9ria considerada pela legisla\u00e7\u00e3o eleitoral como campanha eleitoral negativa contra o candidado Fred Campos (PL).<br \/>\nNa decis\u00e3o o juiz considera a mat\u00e9ria com a finalidade de deturpar o eleitor e lev\u00e1-lo ao erro, al\u00e9m de realizar uma interpreta\u00e7\u00e3o err\u00f4nea e equivocada da pesquisa.<\/p>\n<p>A decis\u00e3o tamb\u00e9m se baseou no fato de que, a propaganda eleitoral \u00e9 regulamentada pela Lei n\u00ba 9.504\/97, conhecida como Lei das Elei\u00e7\u00f5es,<br \/>\ncujo art. 36 determina: \u201cA propaganda eleitoral somente \u00e9 permitida ap\u00f3s o dia 15 de agosto do ano da elei\u00e7\u00e3o\u201d,<br \/>\nrestando vedada, desse modo, a propaganda eleitoral antecipada, tanto a propaganda positiva, quanto a<br \/>\npropaganda negativa.<\/p>\n<p>Para o juiz Gustavo Henrrique a continuidade da conduta do autor da campanha eleitoral negativa pode macular o princ\u00edpio da igualdade de oportunidade entre os pr\u00e9-candidatos.<\/p>\n<p>Veja a decis\u00e3o do juiz eleitoral Gustavo Henrique:<\/p>\n<p><em>a) Ao representado, nos termos do art. 41, \u00a7 1o, da Lei 9.504\/97, a imediata remo\u00e7\u00e3o da mat\u00e9ria intitulada \u201cPA\u00c7O DO LUMIAR \u2013 Fred tem rejei\u00e7\u00e3o de 73% do eleitorado, aponta pesquisa divulgada por aliados\u201d, no endere\u00e7o https:\/\/netocruz.blog.br\/2020\/06\/18\/paco-do-lumiar-fred-tem-rejeicao-de-73-do eleitorado- apontapesquisa-divulgada-por-aliados, sob pena de multa di\u00e1ria de R$ 1.000,00 (hum mil reais), com fundamento no art. 36, \u00a7 3o, da Lei no 9.504\/97 c\/c arts. 10, \u00a7 2o, da Resolu\u00e7\u00e3o TSE no 23.610\/2019<\/em><br \/>\n<em>b) Intima\u00e7\u00e3o desta decis\u00e3o e a cita\u00e7\u00e3o dos representados para, querendo, apresentar defesa no prazo legal, nos termos do art. 96, \u00a7 5o da Lei no 9.504\/1997 e art. 18, \u00a7 2o e seguintes da Resolu\u00e7\u00e3o TSE no 23.608\/2019; Cumpra-se. Dou a esta decis\u00e3o for\u00e7a de mandado.<\/em><\/p>\n<p><img loading=\"lazy\" decoding=\"async\" src=\"https:\/\/maiobaotv.com.br\/wp-content\/uploads\/2020\/07\/img_20200715_1426225694579254947673810.jpg\" class=\"wp-image-13298 alignnone size-full\" width=\"931\" height=\"1268\"><\/p>\n<p><img loading=\"lazy\" decoding=\"async\" src=\"https:\/\/maiobaotv.com.br\/wp-content\/uploads\/2020\/07\/img_20200715_1426437548053394515826740.jpg\" class=\"wp-image-13297 alignnone size-full\" width=\"942\" height=\"1310\"><\/p>\n<p><img loading=\"lazy\" decoding=\"async\" src=\"https:\/\/maiobaotv.com.br\/wp-content\/uploads\/2020\/07\/img_20200715_1427094157884757053563405.jpg\" class=\"alignnone size-full wp-image-13296\" width=\"913\" height=\"1152\"><\/p>\n","protected":false},"excerpt":{"rendered":"<p>A Justi\u00e7a Eleitoral, atrav\u00e9s do Juiz Dr. Gustavo Henrique, titular da 93\u00b0 Zona Eleitoral, determinou, ontem, 14, a imediata remo\u00e7\u00e3o<\/p>\n","protected":false},"author":2,"featured_media":13300,"comment_status":"open","ping_status":"open","sticky":false,"template":"","format":"standard","meta":{"colormag_page_container_layout":"default_layout","colormag_page_sidebar_layout":"default_layout","_jetpack_memberships_contains_paid_content":false,"footnotes":""},"categories":[2],"tags":[],"class_list":["post-13299","post","type-post","status-publish","format-standard","has-post-thumbnail","hentry","category-noticias"],"magazineBlocksPostFeaturedMedia":{"thumbnail":false,"medium":false,"medium_large":false,"large":false,"1536x1536":false,"2048x2048":false,"colormag-highlighted-post":false,"colormag-featured-post-medium":false,"colormag-featured-post-small":false,"colormag-featured-image":false,"colormag-default-news":false,"colormag-featured-image-large":false},"magazineBlocksPostAuthor":{"name":"maranhaotv","avatar":"https:\/\/secure.gravatar.com\/avatar\/8fadbca458d4cb68b1dd399ae9a40618d747bb1af65ac9fad21c89220a143eb4?s=96&d=mm&r=g"},"magazineBlocksPostCommentsNumber":"0","magazineBlocksPostExcerpt":"A Justi\u00e7a Eleitoral, atrav\u00e9s do Juiz Dr. Gustavo Henrique, titular da 93\u00b0 Zona Eleitoral, determinou, ontem, 14, a imediata remo\u00e7\u00e3o","magazineBlocksPostCategories":["not\u00edcias"],"magazineBlocksPostViewCount":154,"magazineBlocksPostReadTime":2,"magazine_blocks_featured_image_url":{"full":false,"medium":false,"thumbnail":false},"magazine_blocks_author":{"display_name":"maranhaotv","author_link":"https:\/\/maranhaotv.com.br\/index.php\/author\/maranhaotv\/"},"magazine_blocks_comment":0,"magazine_blocks_author_image":"https:\/\/secure.gravatar.com\/avatar\/8fadbca458d4cb68b1dd399ae9a40618d747bb1af65ac9fad21c89220a143eb4?s=96&d=mm&r=g","magazine_blocks_category":"<a href=\"#\" class=\"category-link category-link-2\">not\u00edcias<\/a>","yoast_head":"<!-- This site is optimized with the Yoast SEO plugin v27.4 - https:\/\/yoast.com\/product\/yoast-seo-wordpress\/ -->\n<title>Justi\u00e7a determina que blog retire campanha eleitoral negativa contra Fred Campos - NOT\u00cdCIAS EM TEMPO REAL<\/title>\n<meta name=\"robots\" content=\"index, follow, max-snippet:-1, max-image-preview:large, max-video-preview:-1\" \/>\n<link rel=\"canonical\" href=\"https:\/\/maranhaotv.com.br\/index.php\/2020\/07\/15\/justica-determina-que-blog-retire-campanha-eleitoral-negativa-contra-fred-campos\/\" \/>\n<meta property=\"og:locale\" content=\"pt_BR\" \/>\n<meta property=\"og:type\" content=\"article\" \/>\n<meta property=\"og:title\" content=\"Justi\u00e7a determina que blog retire campanha eleitoral negativa contra Fred Campos - NOT\u00cdCIAS EM TEMPO REAL\" \/>\n<meta property=\"og:description\" content=\"A Justi\u00e7a Eleitoral, atrav\u00e9s do Juiz Dr. Gustavo Henrique, titular da 93\u00b0 Zona Eleitoral, determinou, ontem, 14, a imediata remo\u00e7\u00e3o\" \/>\n<meta property=\"og:url\" content=\"https:\/\/maranhaotv.com.br\/index.php\/2020\/07\/15\/justica-determina-que-blog-retire-campanha-eleitoral-negativa-contra-fred-campos\/\" \/>\n<meta property=\"og:site_name\" content=\"NOT\u00cdCIAS EM TEMPO REAL\" \/>\n<meta property=\"article:publisher\" content=\"https:\/\/www.facebook.com\/maiobaotv\" \/>\n<meta property=\"article:published_time\" content=\"2020-07-15T17:38:20+00:00\" \/>\n<meta name=\"author\" content=\"maranhaotv\" \/>\n<meta name=\"twitter:card\" content=\"summary_large_image\" \/>\n<meta name=\"twitter:creator\" content=\"@sitemaranhaotv\" \/>\n<meta name=\"twitter:site\" content=\"@sitemaranhaotv\" \/>\n<meta name=\"twitter:label1\" content=\"Escrito por\" \/>\n\t<meta name=\"twitter:data1\" content=\"maranhaotv\" \/>\n\t<meta name=\"twitter:label2\" content=\"Est. tempo de leitura\" \/>\n\t<meta name=\"twitter:data2\" content=\"1 minuto\" \/>\n<script type=\"application\/ld+json\" class=\"yoast-schema-graph\">{\"@context\":\"https:\\\/\\\/schema.org\",\"@graph\":[{\"@type\":\"Article\",\"@id\":\"https:\\\/\\\/maranhaotv.com.br\\\/index.php\\\/2020\\\/07\\\/15\\\/justica-determina-que-blog-retire-campanha-eleitoral-negativa-contra-fred-campos\\\/#article\",\"isPartOf\":{\"@id\":\"https:\\\/\\\/maranhaotv.com.br\\\/index.php\\\/2020\\\/07\\\/15\\\/justica-determina-que-blog-retire-campanha-eleitoral-negativa-contra-fred-campos\\\/\"},\"author\":{\"name\":\"maranhaotv\",\"@id\":\"https:\\\/\\\/maranhaotv.com.br\\\/#\\\/schema\\\/person\\\/3d54238e86b20bb5c89ab2fdb8f8829a\"},\"headline\":\"Justi\u00e7a determina que blog retire campanha eleitoral negativa contra Fred Campos\",\"datePublished\":\"2020-07-15T17:38:20+00:00\",\"mainEntityOfPage\":{\"@id\":\"https:\\\/\\\/maranhaotv.com.br\\\/index.php\\\/2020\\\/07\\\/15\\\/justica-determina-que-blog-retire-campanha-eleitoral-negativa-contra-fred-campos\\\/\"},\"wordCount\":301,\"commentCount\":0,\"publisher\":{\"@id\":\"https:\\\/\\\/maranhaotv.com.br\\\/#organization\"},\"image\":{\"@id\":\"https:\\\/\\\/maranhaotv.com.br\\\/index.php\\\/2020\\\/07\\\/15\\\/justica-determina-que-blog-retire-campanha-eleitoral-negativa-contra-fred-campos\\\/#primaryimage\"},\"thumbnailUrl\":\"\",\"articleSection\":[\"not\u00edcias\"],\"inLanguage\":\"pt-BR\",\"potentialAction\":[{\"@type\":\"CommentAction\",\"name\":\"Comment\",\"target\":[\"https:\\\/\\\/maranhaotv.com.br\\\/index.php\\\/2020\\\/07\\\/15\\\/justica-determina-que-blog-retire-campanha-eleitoral-negativa-contra-fred-campos\\\/#respond\"]}]},{\"@type\":\"WebPage\",\"@id\":\"https:\\\/\\\/maranhaotv.com.br\\\/index.php\\\/2020\\\/07\\\/15\\\/justica-determina-que-blog-retire-campanha-eleitoral-negativa-contra-fred-campos\\\/\",\"url\":\"https:\\\/\\\/maranhaotv.com.br\\\/index.php\\\/2020\\\/07\\\/15\\\/justica-determina-que-blog-retire-campanha-eleitoral-negativa-contra-fred-campos\\\/\",\"name\":\"Justi\u00e7a determina que blog retire campanha eleitoral negativa contra Fred Campos - NOT\u00cdCIAS EM TEMPO REAL\",\"isPartOf\":{\"@id\":\"https:\\\/\\\/maranhaotv.com.br\\\/#website\"},\"primaryImageOfPage\":{\"@id\":\"https:\\\/\\\/maranhaotv.com.br\\\/index.php\\\/2020\\\/07\\\/15\\\/justica-determina-que-blog-retire-campanha-eleitoral-negativa-contra-fred-campos\\\/#primaryimage\"},\"image\":{\"@id\":\"https:\\\/\\\/maranhaotv.com.br\\\/index.php\\\/2020\\\/07\\\/15\\\/justica-determina-que-blog-retire-campanha-eleitoral-negativa-contra-fred-campos\\\/#primaryimage\"},\"thumbnailUrl\":\"\",\"datePublished\":\"2020-07-15T17:38:20+00:00\",\"breadcrumb\":{\"@id\":\"https:\\\/\\\/maranhaotv.com.br\\\/index.php\\\/2020\\\/07\\\/15\\\/justica-determina-que-blog-retire-campanha-eleitoral-negativa-contra-fred-campos\\\/#breadcrumb\"},\"inLanguage\":\"pt-BR\",\"potentialAction\":[{\"@type\":\"ReadAction\",\"target\":[\"https:\\\/\\\/maranhaotv.com.br\\\/index.php\\\/2020\\\/07\\\/15\\\/justica-determina-que-blog-retire-campanha-eleitoral-negativa-contra-fred-campos\\\/\"]}]},{\"@type\":\"ImageObject\",\"inLanguage\":\"pt-BR\",\"@id\":\"https:\\\/\\\/maranhaotv.com.br\\\/index.php\\\/2020\\\/07\\\/15\\\/justica-determina-que-blog-retire-campanha-eleitoral-negativa-contra-fred-campos\\\/#primaryimage\",\"url\":\"\",\"contentUrl\":\"\"},{\"@type\":\"BreadcrumbList\",\"@id\":\"https:\\\/\\\/maranhaotv.com.br\\\/index.php\\\/2020\\\/07\\\/15\\\/justica-determina-que-blog-retire-campanha-eleitoral-negativa-contra-fred-campos\\\/#breadcrumb\",\"itemListElement\":[{\"@type\":\"ListItem\",\"position\":1,\"name\":\"In\u00edcio\",\"item\":\"https:\\\/\\\/maranhaotv.com.br\\\/\"},{\"@type\":\"ListItem\",\"position\":2,\"name\":\"Justi\u00e7a determina que blog retire campanha eleitoral negativa contra Fred Campos\"}]},{\"@type\":\"WebSite\",\"@id\":\"https:\\\/\\\/maranhaotv.com.br\\\/#website\",\"url\":\"https:\\\/\\\/maranhaotv.com.br\\\/\",\"name\":\"Maranh\u00e3oTV\",\"description\":\"\",\"publisher\":{\"@id\":\"https:\\\/\\\/maranhaotv.com.br\\\/#organization\"},\"potentialAction\":[{\"@type\":\"SearchAction\",\"target\":{\"@type\":\"EntryPoint\",\"urlTemplate\":\"https:\\\/\\\/maranhaotv.com.br\\\/?s={search_term_string}\"},\"query-input\":{\"@type\":\"PropertyValueSpecification\",\"valueRequired\":true,\"valueName\":\"search_term_string\"}}],\"inLanguage\":\"pt-BR\"},{\"@type\":\"Organization\",\"@id\":\"https:\\\/\\\/maranhaotv.com.br\\\/#organization\",\"name\":\"Portal de Not\u00edcias\",\"url\":\"https:\\\/\\\/maranhaotv.com.br\\\/\",\"logo\":{\"@type\":\"ImageObject\",\"inLanguage\":\"pt-BR\",\"@id\":\"https:\\\/\\\/maranhaotv.com.br\\\/#\\\/schema\\\/logo\\\/image\\\/\",\"url\":\"https:\\\/\\\/maranhaotv.com.br\\\/wp-content\\\/uploads\\\/2024\\\/05\\\/cropped-cropped-avatar-1.png\",\"contentUrl\":\"https:\\\/\\\/maranhaotv.com.br\\\/wp-content\\\/uploads\\\/2024\\\/05\\\/cropped-cropped-avatar-1.png\",\"width\":792,\"height\":428,\"caption\":\"Portal de Not\u00edcias\"},\"image\":{\"@id\":\"https:\\\/\\\/maranhaotv.com.br\\\/#\\\/schema\\\/logo\\\/image\\\/\"},\"sameAs\":[\"https:\\\/\\\/www.facebook.com\\\/maiobaotv\",\"https:\\\/\\\/x.com\\\/sitemaranhaotv\",\"https:\\\/\\\/www.instagram.com\\\/maranhao.tv\",\"https:\\\/\\\/www.threads.net\\\/@maranhao.tv\"]},{\"@type\":\"Person\",\"@id\":\"https:\\\/\\\/maranhaotv.com.br\\\/#\\\/schema\\\/person\\\/3d54238e86b20bb5c89ab2fdb8f8829a\",\"name\":\"maranhaotv\",\"image\":{\"@type\":\"ImageObject\",\"inLanguage\":\"pt-BR\",\"@id\":\"https:\\\/\\\/secure.gravatar.com\\\/avatar\\\/8fadbca458d4cb68b1dd399ae9a40618d747bb1af65ac9fad21c89220a143eb4?s=96&d=mm&r=g\",\"url\":\"https:\\\/\\\/secure.gravatar.com\\\/avatar\\\/8fadbca458d4cb68b1dd399ae9a40618d747bb1af65ac9fad21c89220a143eb4?s=96&d=mm&r=g\",\"contentUrl\":\"https:\\\/\\\/secure.gravatar.com\\\/avatar\\\/8fadbca458d4cb68b1dd399ae9a40618d747bb1af65ac9fad21c89220a143eb4?s=96&d=mm&r=g\",\"caption\":\"maranhaotv\"},\"sameAs\":[\"https:\\\/\\\/maranhaotv.com.br\\\/\"],\"url\":\"https:\\\/\\\/maranhaotv.com.br\\\/index.php\\\/author\\\/maranhaotv\\\/\"}]}<\/script>\n<!-- \/ Yoast SEO plugin. -->","yoast_head_json":{"title":"Justi\u00e7a determina que blog retire campanha eleitoral negativa contra Fred Campos - NOT\u00cdCIAS EM TEMPO REAL","robots":{"index":"index","follow":"follow","max-snippet":"max-snippet:-1","max-image-preview":"max-image-preview:large","max-video-preview":"max-video-preview:-1"},"canonical":"https:\/\/maranhaotv.com.br\/index.php\/2020\/07\/15\/justica-determina-que-blog-retire-campanha-eleitoral-negativa-contra-fred-campos\/","og_locale":"pt_BR","og_type":"article","og_title":"Justi\u00e7a determina que blog retire campanha eleitoral negativa contra Fred Campos - NOT\u00cdCIAS EM TEMPO REAL","og_description":"A Justi\u00e7a Eleitoral, atrav\u00e9s do Juiz Dr. Gustavo Henrique, titular da 93\u00b0 Zona Eleitoral, determinou, ontem, 14, a imediata remo\u00e7\u00e3o","og_url":"https:\/\/maranhaotv.com.br\/index.php\/2020\/07\/15\/justica-determina-que-blog-retire-campanha-eleitoral-negativa-contra-fred-campos\/","og_site_name":"NOT\u00cdCIAS EM TEMPO REAL","article_publisher":"https:\/\/www.facebook.com\/maiobaotv","article_published_time":"2020-07-15T17:38:20+00:00","author":"maranhaotv","twitter_card":"summary_large_image","twitter_creator":"@sitemaranhaotv","twitter_site":"@sitemaranhaotv","twitter_misc":{"Escrito por":"maranhaotv","Est. tempo de leitura":"1 minuto"},"schema":{"@context":"https:\/\/schema.org","@graph":[{"@type":"Article","@id":"https:\/\/maranhaotv.com.br\/index.php\/2020\/07\/15\/justica-determina-que-blog-retire-campanha-eleitoral-negativa-contra-fred-campos\/#article","isPartOf":{"@id":"https:\/\/maranhaotv.com.br\/index.php\/2020\/07\/15\/justica-determina-que-blog-retire-campanha-eleitoral-negativa-contra-fred-campos\/"},"author":{"name":"maranhaotv","@id":"https:\/\/maranhaotv.com.br\/#\/schema\/person\/3d54238e86b20bb5c89ab2fdb8f8829a"},"headline":"Justi\u00e7a determina que blog retire campanha eleitoral negativa contra Fred Campos","datePublished":"2020-07-15T17:38:20+00:00","mainEntityOfPage":{"@id":"https:\/\/maranhaotv.com.br\/index.php\/2020\/07\/15\/justica-determina-que-blog-retire-campanha-eleitoral-negativa-contra-fred-campos\/"},"wordCount":301,"commentCount":0,"publisher":{"@id":"https:\/\/maranhaotv.com.br\/#organization"},"image":{"@id":"https:\/\/maranhaotv.com.br\/index.php\/2020\/07\/15\/justica-determina-que-blog-retire-campanha-eleitoral-negativa-contra-fred-campos\/#primaryimage"},"thumbnailUrl":"","articleSection":["not\u00edcias"],"inLanguage":"pt-BR","potentialAction":[{"@type":"CommentAction","name":"Comment","target":["https:\/\/maranhaotv.com.br\/index.php\/2020\/07\/15\/justica-determina-que-blog-retire-campanha-eleitoral-negativa-contra-fred-campos\/#respond"]}]},{"@type":"WebPage","@id":"https:\/\/maranhaotv.com.br\/index.php\/2020\/07\/15\/justica-determina-que-blog-retire-campanha-eleitoral-negativa-contra-fred-campos\/","url":"https:\/\/maranhaotv.com.br\/index.php\/2020\/07\/15\/justica-determina-que-blog-retire-campanha-eleitoral-negativa-contra-fred-campos\/","name":"Justi\u00e7a determina que blog retire campanha eleitoral negativa contra Fred Campos - NOT\u00cdCIAS EM TEMPO REAL","isPartOf":{"@id":"https:\/\/maranhaotv.com.br\/#website"},"primaryImageOfPage":{"@id":"https:\/\/maranhaotv.com.br\/index.php\/2020\/07\/15\/justica-determina-que-blog-retire-campanha-eleitoral-negativa-contra-fred-campos\/#primaryimage"},"image":{"@id":"https:\/\/maranhaotv.com.br\/index.php\/2020\/07\/15\/justica-determina-que-blog-retire-campanha-eleitoral-negativa-contra-fred-campos\/#primaryimage"},"thumbnailUrl":"","datePublished":"2020-07-15T17:38:20+00:00","breadcrumb":{"@id":"https:\/\/maranhaotv.com.br\/index.php\/2020\/07\/15\/justica-determina-que-blog-retire-campanha-eleitoral-negativa-contra-fred-campos\/#breadcrumb"},"inLanguage":"pt-BR","potentialAction":[{"@type":"ReadAction","target":["https:\/\/maranhaotv.com.br\/index.php\/2020\/07\/15\/justica-determina-que-blog-retire-campanha-eleitoral-negativa-contra-fred-campos\/"]}]},{"@type":"ImageObject","inLanguage":"pt-BR","@id":"https:\/\/maranhaotv.com.br\/index.php\/2020\/07\/15\/justica-determina-que-blog-retire-campanha-eleitoral-negativa-contra-fred-campos\/#primaryimage","url":"","contentUrl":""},{"@type":"BreadcrumbList","@id":"https:\/\/maranhaotv.com.br\/index.php\/2020\/07\/15\/justica-determina-que-blog-retire-campanha-eleitoral-negativa-contra-fred-campos\/#breadcrumb","itemListElement":[{"@type":"ListItem","position":1,"name":"In\u00edcio","item":"https:\/\/maranhaotv.com.br\/"},{"@type":"ListItem","position":2,"name":"Justi\u00e7a determina que blog retire campanha eleitoral negativa contra Fred Campos"}]},{"@type":"WebSite","@id":"https:\/\/maranhaotv.com.br\/#website","url":"https:\/\/maranhaotv.com.br\/","name":"Maranh\u00e3oTV","description":"","publisher":{"@id":"https:\/\/maranhaotv.com.br\/#organization"},"potentialAction":[{"@type":"SearchAction","target":{"@type":"EntryPoint","urlTemplate":"https:\/\/maranhaotv.com.br\/?s={search_term_string}"},"query-input":{"@type":"PropertyValueSpecification","valueRequired":true,"valueName":"search_term_string"}}],"inLanguage":"pt-BR"},{"@type":"Organization","@id":"https:\/\/maranhaotv.com.br\/#organization","name":"Portal de Not\u00edcias","url":"https:\/\/maranhaotv.com.br\/","logo":{"@type":"ImageObject","inLanguage":"pt-BR","@id":"https:\/\/maranhaotv.com.br\/#\/schema\/logo\/image\/","url":"https:\/\/maranhaotv.com.br\/wp-content\/uploads\/2024\/05\/cropped-cropped-avatar-1.png","contentUrl":"https:\/\/maranhaotv.com.br\/wp-content\/uploads\/2024\/05\/cropped-cropped-avatar-1.png","width":792,"height":428,"caption":"Portal de Not\u00edcias"},"image":{"@id":"https:\/\/maranhaotv.com.br\/#\/schema\/logo\/image\/"},"sameAs":["https:\/\/www.facebook.com\/maiobaotv","https:\/\/x.com\/sitemaranhaotv","https:\/\/www.instagram.com\/maranhao.tv","https:\/\/www.threads.net\/@maranhao.tv"]},{"@type":"Person","@id":"https:\/\/maranhaotv.com.br\/#\/schema\/person\/3d54238e86b20bb5c89ab2fdb8f8829a","name":"maranhaotv","image":{"@type":"ImageObject","inLanguage":"pt-BR","@id":"https:\/\/secure.gravatar.com\/avatar\/8fadbca458d4cb68b1dd399ae9a40618d747bb1af65ac9fad21c89220a143eb4?s=96&d=mm&r=g","url":"https:\/\/secure.gravatar.com\/avatar\/8fadbca458d4cb68b1dd399ae9a40618d747bb1af65ac9fad21c89220a143eb4?s=96&d=mm&r=g","contentUrl":"https:\/\/secure.gravatar.com\/avatar\/8fadbca458d4cb68b1dd399ae9a40618d747bb1af65ac9fad21c89220a143eb4?s=96&d=mm&r=g","caption":"maranhaotv"},"sameAs":["https:\/\/maranhaotv.com.br\/"],"url":"https:\/\/maranhaotv.com.br\/index.php\/author\/maranhaotv\/"}]}},"jetpack_featured_media_url":"","jetpack_sharing_enabled":true,"_links":{"self":[{"href":"https:\/\/maranhaotv.com.br\/index.php\/wp-json\/wp\/v2\/posts\/13299","targetHints":{"allow":["GET"]}}],"collection":[{"href":"https:\/\/maranhaotv.com.br\/index.php\/wp-json\/wp\/v2\/posts"}],"about":[{"href":"https:\/\/maranhaotv.com.br\/index.php\/wp-json\/wp\/v2\/types\/post"}],"author":[{"embeddable":true,"href":"https:\/\/maranhaotv.com.br\/index.php\/wp-json\/wp\/v2\/users\/2"}],"replies":[{"embeddable":true,"href":"https:\/\/maranhaotv.com.br\/index.php\/wp-json\/wp\/v2\/comments?post=13299"}],"version-history":[{"count":0,"href":"https:\/\/maranhaotv.com.br\/index.php\/wp-json\/wp\/v2\/posts\/13299\/revisions"}],"wp:featuredmedia":[{"embeddable":true,"href":"https:\/\/maranhaotv.com.br\/index.php\/wp-json\/"}],"wp:attachment":[{"href":"https:\/\/maranhaotv.com.br\/index.php\/wp-json\/wp\/v2\/media?parent=13299"}],"wp:term":[{"taxonomy":"category","embeddable":true,"href":"https:\/\/maranhaotv.com.br\/index.php\/wp-json\/wp\/v2\/categories?post=13299"},{"taxonomy":"post_tag","embeddable":true,"href":"https:\/\/maranhaotv.com.br\/index.php\/wp-json\/wp\/v2\/tags?post=13299"}],"curies":[{"name":"wp","href":"https:\/\/api.w.org\/{rel}","templated":true}]}}