{"id":13313,"date":"2020-07-16T15:34:45","date_gmt":"2020-07-16T18:34:45","guid":{"rendered":"https:\/\/maiobaotv.com.br\/?p=13313"},"modified":"2020-07-16T15:34:45","modified_gmt":"2020-07-16T18:34:45","slug":"lagoa-do-mato-ainda-e-a-unica-cidade-do-maranhao-sem-casos-de-covid-19","status":"publish","type":"post","link":"https:\/\/maranhaotv.com.br\/index.php\/2020\/07\/16\/lagoa-do-mato-ainda-e-a-unica-cidade-do-maranhao-sem-casos-de-covid-19\/","title":{"rendered":"Lagoa do Mato ainda \u00e9 a \u00fanica cidade do Maranh\u00e3o sem casos de COVID-19"},"content":{"rendered":"<p>Boletim epidemiol\u00f3gico divulgado pela Secretaria de Estado da Sa\u00fade (SES) aponta que o Maranh\u00e3o tem 102.469 casos confirmados do novo coronav\u00edrus.Caiu para 15.729 a quantidade de casos ativos da doen\u00e7a, al\u00e9m disso 84.168 pessoas j\u00e1 est\u00e3o curados e outras 2.572 acabaram morrendo em decorr\u00eancias de complica\u00e7\u00f5es da COVID-19. Dos novos casos, Imperatriz registrou 6, S\u00e3o Lu\u00eds 133 e as demais regi\u00f5es 863. Mais de 218 mil testes j\u00e1 foram realizados desde o in\u00edcio da pandemia, sendo que 6.204 ainda s\u00e3o suspeitos.Novos \u00f3bitos foram registrados nas cidades de Barra do Corda (1), Bom Jardim (1), Brejo (1), Coelho Neto (1), Duque Bacelar (1), Jenipapo dos Vieiras (1), Lago dos Rodrigues (1), Pa\u00e7o do Lumiar (1), S\u00e3o Jo\u00e3o do Caru (1), Santa In\u00eas (1), Pedreiras (1), Po\u00e7\u00e3o de Pedras (1), S\u00e3o Raimundo das Mangabeiras (1), Vitorino Freire (1), Caxias (2), Colinas (6) e S\u00e3o Lu\u00eds (14).Das mortes, uma foi registrada nas \u00faltimas 24 horas. As demais aconteceram em dias e\/ou semana anteriores e aguardavam resultado do exame laboratorial para COVID-19.O boletim aponta que Lagoa do Mato, a 560 quil\u00f4metros da capital maranhense, \u00e9 o \u00fanico munic\u00edpio sem registro de casos confirmados ou mortes provocadas pelo novo coronav\u00edrus. A popula\u00e7\u00e3o tem pouco mais de 10 mil habitantes.<img decoding=\"async\" class=\"size-full\" data-wpid=\"2173\" src=\"https:\/\/maiobaotv.com.br\/wp-content\/uploads\/2020\/07\/img-20200716-wa0348268692874338030868.jpg\" \/>Portal MA10<\/p>\n","protected":false},"excerpt":{"rendered":"<p>Boletim epidemiol\u00f3gico divulgado pela Secretaria de Estado da Sa\u00fade (SES) aponta que o Maranh\u00e3o tem 102.469 casos confirmados do novo<\/p>\n","protected":false},"author":2,"featured_media":13314,"comment_status":"open","ping_status":"open","sticky":false,"template":"","format":"standard","meta":{"colormag_page_container_layout":"default_layout","colormag_page_sidebar_layout":"default_layout","_jetpack_memberships_contains_paid_content":false,"footnotes":""},"categories":[2],"tags":[],"class_list":["post-13313","post","type-post","status-publish","format-standard","has-post-thumbnail","hentry","category-noticias"],"magazineBlocksPostFeaturedMedia":{"thumbnail":false,"medium":false,"medium_large":false,"large":false,"1536x1536":false,"2048x2048":false,"colormag-highlighted-post":false,"colormag-featured-post-medium":false,"colormag-featured-post-small":false,"colormag-featured-image":false,"colormag-default-news":false,"colormag-featured-image-large":false},"magazineBlocksPostAuthor":{"name":"maranhaotv","avatar":"https:\/\/secure.gravatar.com\/avatar\/8fadbca458d4cb68b1dd399ae9a40618d747bb1af65ac9fad21c89220a143eb4?s=96&d=mm&r=g"},"magazineBlocksPostCommentsNumber":"0","magazineBlocksPostExcerpt":"Boletim epidemiol\u00f3gico divulgado pela Secretaria de Estado da Sa\u00fade (SES) aponta que o Maranh\u00e3o tem 102.469 casos confirmados do novo","magazineBlocksPostCategories":["not\u00edcias"],"magazineBlocksPostViewCount":227,"magazineBlocksPostReadTime":2,"magazine_blocks_featured_image_url":{"full":false,"medium":false,"thumbnail":false},"magazine_blocks_author":{"display_name":"maranhaotv","author_link":"https:\/\/maranhaotv.com.br\/index.php\/author\/maranhaotv\/"},"magazine_blocks_comment":0,"magazine_blocks_author_image":"https:\/\/secure.gravatar.com\/avatar\/8fadbca458d4cb68b1dd399ae9a40618d747bb1af65ac9fad21c89220a143eb4?s=96&d=mm&r=g","magazine_blocks_category":"<a href=\"#\" class=\"category-link category-link-2\">not\u00edcias<\/a>","yoast_head":"<!-- This site is optimized with the Yoast SEO plugin v27.4 - https:\/\/yoast.com\/product\/yoast-seo-wordpress\/ -->\n<title>Lagoa do Mato ainda \u00e9 a \u00fanica cidade do Maranh\u00e3o sem casos de COVID-19 - NOT\u00cdCIAS EM TEMPO REAL<\/title>\n<meta name=\"robots\" content=\"index, follow, max-snippet:-1, max-image-preview:large, max-video-preview:-1\" \/>\n<link rel=\"canonical\" href=\"https:\/\/maranhaotv.com.br\/index.php\/2020\/07\/16\/lagoa-do-mato-ainda-e-a-unica-cidade-do-maranhao-sem-casos-de-covid-19\/\" \/>\n<meta property=\"og:locale\" content=\"pt_BR\" \/>\n<meta property=\"og:type\" content=\"article\" \/>\n<meta property=\"og:title\" content=\"Lagoa do Mato ainda \u00e9 a \u00fanica cidade do Maranh\u00e3o sem casos de COVID-19 - NOT\u00cdCIAS EM TEMPO REAL\" \/>\n<meta property=\"og:description\" content=\"Boletim epidemiol\u00f3gico divulgado pela Secretaria de Estado da Sa\u00fade (SES) aponta que o Maranh\u00e3o tem 102.469 casos confirmados do novo\" \/>\n<meta property=\"og:url\" content=\"https:\/\/maranhaotv.com.br\/index.php\/2020\/07\/16\/lagoa-do-mato-ainda-e-a-unica-cidade-do-maranhao-sem-casos-de-covid-19\/\" \/>\n<meta property=\"og:site_name\" content=\"NOT\u00cdCIAS EM TEMPO REAL\" \/>\n<meta property=\"article:publisher\" content=\"https:\/\/www.facebook.com\/maiobaotv\" \/>\n<meta property=\"article:published_time\" content=\"2020-07-16T18:34:45+00:00\" \/>\n<meta name=\"author\" content=\"maranhaotv\" \/>\n<meta name=\"twitter:card\" content=\"summary_large_image\" \/>\n<meta name=\"twitter:creator\" content=\"@sitemaranhaotv\" \/>\n<meta name=\"twitter:site\" content=\"@sitemaranhaotv\" \/>\n<meta name=\"twitter:label1\" content=\"Escrito por\" \/>\n\t<meta name=\"twitter:data1\" content=\"maranhaotv\" \/>\n\t<meta name=\"twitter:label2\" content=\"Est. tempo de leitura\" \/>\n\t<meta name=\"twitter:data2\" content=\"1 minuto\" \/>\n<script type=\"application\/ld+json\" class=\"yoast-schema-graph\">{\"@context\":\"https:\\\/\\\/schema.org\",\"@graph\":[{\"@type\":\"Article\",\"@id\":\"https:\\\/\\\/maranhaotv.com.br\\\/index.php\\\/2020\\\/07\\\/16\\\/lagoa-do-mato-ainda-e-a-unica-cidade-do-maranhao-sem-casos-de-covid-19\\\/#article\",\"isPartOf\":{\"@id\":\"https:\\\/\\\/maranhaotv.com.br\\\/index.php\\\/2020\\\/07\\\/16\\\/lagoa-do-mato-ainda-e-a-unica-cidade-do-maranhao-sem-casos-de-covid-19\\\/\"},\"author\":{\"name\":\"maranhaotv\",\"@id\":\"https:\\\/\\\/maranhaotv.com.br\\\/#\\\/schema\\\/person\\\/3d54238e86b20bb5c89ab2fdb8f8829a\"},\"headline\":\"Lagoa do Mato ainda \u00e9 a \u00fanica cidade do Maranh\u00e3o sem casos de COVID-19\",\"datePublished\":\"2020-07-16T18:34:45+00:00\",\"mainEntityOfPage\":{\"@id\":\"https:\\\/\\\/maranhaotv.com.br\\\/index.php\\\/2020\\\/07\\\/16\\\/lagoa-do-mato-ainda-e-a-unica-cidade-do-maranhao-sem-casos-de-covid-19\\\/\"},\"wordCount\":221,\"commentCount\":0,\"publisher\":{\"@id\":\"https:\\\/\\\/maranhaotv.com.br\\\/#organization\"},\"image\":{\"@id\":\"https:\\\/\\\/maranhaotv.com.br\\\/index.php\\\/2020\\\/07\\\/16\\\/lagoa-do-mato-ainda-e-a-unica-cidade-do-maranhao-sem-casos-de-covid-19\\\/#primaryimage\"},\"thumbnailUrl\":\"\",\"articleSection\":[\"not\u00edcias\"],\"inLanguage\":\"pt-BR\",\"potentialAction\":[{\"@type\":\"CommentAction\",\"name\":\"Comment\",\"target\":[\"https:\\\/\\\/maranhaotv.com.br\\\/index.php\\\/2020\\\/07\\\/16\\\/lagoa-do-mato-ainda-e-a-unica-cidade-do-maranhao-sem-casos-de-covid-19\\\/#respond\"]}]},{\"@type\":\"WebPage\",\"@id\":\"https:\\\/\\\/maranhaotv.com.br\\\/index.php\\\/2020\\\/07\\\/16\\\/lagoa-do-mato-ainda-e-a-unica-cidade-do-maranhao-sem-casos-de-covid-19\\\/\",\"url\":\"https:\\\/\\\/maranhaotv.com.br\\\/index.php\\\/2020\\\/07\\\/16\\\/lagoa-do-mato-ainda-e-a-unica-cidade-do-maranhao-sem-casos-de-covid-19\\\/\",\"name\":\"Lagoa do Mato ainda \u00e9 a \u00fanica cidade do Maranh\u00e3o sem casos de COVID-19 - NOT\u00cdCIAS EM TEMPO REAL\",\"isPartOf\":{\"@id\":\"https:\\\/\\\/maranhaotv.com.br\\\/#website\"},\"primaryImageOfPage\":{\"@id\":\"https:\\\/\\\/maranhaotv.com.br\\\/index.php\\\/2020\\\/07\\\/16\\\/lagoa-do-mato-ainda-e-a-unica-cidade-do-maranhao-sem-casos-de-covid-19\\\/#primaryimage\"},\"image\":{\"@id\":\"https:\\\/\\\/maranhaotv.com.br\\\/index.php\\\/2020\\\/07\\\/16\\\/lagoa-do-mato-ainda-e-a-unica-cidade-do-maranhao-sem-casos-de-covid-19\\\/#primaryimage\"},\"thumbnailUrl\":\"\",\"datePublished\":\"2020-07-16T18:34:45+00:00\",\"breadcrumb\":{\"@id\":\"https:\\\/\\\/maranhaotv.com.br\\\/index.php\\\/2020\\\/07\\\/16\\\/lagoa-do-mato-ainda-e-a-unica-cidade-do-maranhao-sem-casos-de-covid-19\\\/#breadcrumb\"},\"inLanguage\":\"pt-BR\",\"potentialAction\":[{\"@type\":\"ReadAction\",\"target\":[\"https:\\\/\\\/maranhaotv.com.br\\\/index.php\\\/2020\\\/07\\\/16\\\/lagoa-do-mato-ainda-e-a-unica-cidade-do-maranhao-sem-casos-de-covid-19\\\/\"]}]},{\"@type\":\"ImageObject\",\"inLanguage\":\"pt-BR\",\"@id\":\"https:\\\/\\\/maranhaotv.com.br\\\/index.php\\\/2020\\\/07\\\/16\\\/lagoa-do-mato-ainda-e-a-unica-cidade-do-maranhao-sem-casos-de-covid-19\\\/#primaryimage\",\"url\":\"\",\"contentUrl\":\"\"},{\"@type\":\"BreadcrumbList\",\"@id\":\"https:\\\/\\\/maranhaotv.com.br\\\/index.php\\\/2020\\\/07\\\/16\\\/lagoa-do-mato-ainda-e-a-unica-cidade-do-maranhao-sem-casos-de-covid-19\\\/#breadcrumb\",\"itemListElement\":[{\"@type\":\"ListItem\",\"position\":1,\"name\":\"In\u00edcio\",\"item\":\"https:\\\/\\\/maranhaotv.com.br\\\/\"},{\"@type\":\"ListItem\",\"position\":2,\"name\":\"Lagoa do Mato ainda \u00e9 a \u00fanica cidade do Maranh\u00e3o sem casos de COVID-19\"}]},{\"@type\":\"WebSite\",\"@id\":\"https:\\\/\\\/maranhaotv.com.br\\\/#website\",\"url\":\"https:\\\/\\\/maranhaotv.com.br\\\/\",\"name\":\"Maranh\u00e3oTV\",\"description\":\"\",\"publisher\":{\"@id\":\"https:\\\/\\\/maranhaotv.com.br\\\/#organization\"},\"potentialAction\":[{\"@type\":\"SearchAction\",\"target\":{\"@type\":\"EntryPoint\",\"urlTemplate\":\"https:\\\/\\\/maranhaotv.com.br\\\/?s={search_term_string}\"},\"query-input\":{\"@type\":\"PropertyValueSpecification\",\"valueRequired\":true,\"valueName\":\"search_term_string\"}}],\"inLanguage\":\"pt-BR\"},{\"@type\":\"Organization\",\"@id\":\"https:\\\/\\\/maranhaotv.com.br\\\/#organization\",\"name\":\"Portal de Not\u00edcias\",\"url\":\"https:\\\/\\\/maranhaotv.com.br\\\/\",\"logo\":{\"@type\":\"ImageObject\",\"inLanguage\":\"pt-BR\",\"@id\":\"https:\\\/\\\/maranhaotv.com.br\\\/#\\\/schema\\\/logo\\\/image\\\/\",\"url\":\"https:\\\/\\\/maranhaotv.com.br\\\/wp-content\\\/uploads\\\/2024\\\/05\\\/cropped-cropped-avatar-1.png\",\"contentUrl\":\"https:\\\/\\\/maranhaotv.com.br\\\/wp-content\\\/uploads\\\/2024\\\/05\\\/cropped-cropped-avatar-1.png\",\"width\":792,\"height\":428,\"caption\":\"Portal de Not\u00edcias\"},\"image\":{\"@id\":\"https:\\\/\\\/maranhaotv.com.br\\\/#\\\/schema\\\/logo\\\/image\\\/\"},\"sameAs\":[\"https:\\\/\\\/www.facebook.com\\\/maiobaotv\",\"https:\\\/\\\/x.com\\\/sitemaranhaotv\",\"https:\\\/\\\/www.instagram.com\\\/maranhao.tv\",\"https:\\\/\\\/www.threads.net\\\/@maranhao.tv\"]},{\"@type\":\"Person\",\"@id\":\"https:\\\/\\\/maranhaotv.com.br\\\/#\\\/schema\\\/person\\\/3d54238e86b20bb5c89ab2fdb8f8829a\",\"name\":\"maranhaotv\",\"image\":{\"@type\":\"ImageObject\",\"inLanguage\":\"pt-BR\",\"@id\":\"https:\\\/\\\/secure.gravatar.com\\\/avatar\\\/8fadbca458d4cb68b1dd399ae9a40618d747bb1af65ac9fad21c89220a143eb4?s=96&d=mm&r=g\",\"url\":\"https:\\\/\\\/secure.gravatar.com\\\/avatar\\\/8fadbca458d4cb68b1dd399ae9a40618d747bb1af65ac9fad21c89220a143eb4?s=96&d=mm&r=g\",\"contentUrl\":\"https:\\\/\\\/secure.gravatar.com\\\/avatar\\\/8fadbca458d4cb68b1dd399ae9a40618d747bb1af65ac9fad21c89220a143eb4?s=96&d=mm&r=g\",\"caption\":\"maranhaotv\"},\"sameAs\":[\"https:\\\/\\\/maranhaotv.com.br\\\/\"],\"url\":\"https:\\\/\\\/maranhaotv.com.br\\\/index.php\\\/author\\\/maranhaotv\\\/\"}]}<\/script>\n<!-- \/ Yoast SEO plugin. -->","yoast_head_json":{"title":"Lagoa do Mato ainda \u00e9 a \u00fanica cidade do Maranh\u00e3o sem casos de COVID-19 - NOT\u00cdCIAS EM TEMPO REAL","robots":{"index":"index","follow":"follow","max-snippet":"max-snippet:-1","max-image-preview":"max-image-preview:large","max-video-preview":"max-video-preview:-1"},"canonical":"https:\/\/maranhaotv.com.br\/index.php\/2020\/07\/16\/lagoa-do-mato-ainda-e-a-unica-cidade-do-maranhao-sem-casos-de-covid-19\/","og_locale":"pt_BR","og_type":"article","og_title":"Lagoa do Mato ainda \u00e9 a \u00fanica cidade do Maranh\u00e3o sem casos de COVID-19 - NOT\u00cdCIAS EM TEMPO REAL","og_description":"Boletim epidemiol\u00f3gico divulgado pela Secretaria de Estado da Sa\u00fade (SES) aponta que o Maranh\u00e3o tem 102.469 casos confirmados do novo","og_url":"https:\/\/maranhaotv.com.br\/index.php\/2020\/07\/16\/lagoa-do-mato-ainda-e-a-unica-cidade-do-maranhao-sem-casos-de-covid-19\/","og_site_name":"NOT\u00cdCIAS EM TEMPO REAL","article_publisher":"https:\/\/www.facebook.com\/maiobaotv","article_published_time":"2020-07-16T18:34:45+00:00","author":"maranhaotv","twitter_card":"summary_large_image","twitter_creator":"@sitemaranhaotv","twitter_site":"@sitemaranhaotv","twitter_misc":{"Escrito por":"maranhaotv","Est. tempo de leitura":"1 minuto"},"schema":{"@context":"https:\/\/schema.org","@graph":[{"@type":"Article","@id":"https:\/\/maranhaotv.com.br\/index.php\/2020\/07\/16\/lagoa-do-mato-ainda-e-a-unica-cidade-do-maranhao-sem-casos-de-covid-19\/#article","isPartOf":{"@id":"https:\/\/maranhaotv.com.br\/index.php\/2020\/07\/16\/lagoa-do-mato-ainda-e-a-unica-cidade-do-maranhao-sem-casos-de-covid-19\/"},"author":{"name":"maranhaotv","@id":"https:\/\/maranhaotv.com.br\/#\/schema\/person\/3d54238e86b20bb5c89ab2fdb8f8829a"},"headline":"Lagoa do Mato ainda \u00e9 a \u00fanica cidade do Maranh\u00e3o sem casos de COVID-19","datePublished":"2020-07-16T18:34:45+00:00","mainEntityOfPage":{"@id":"https:\/\/maranhaotv.com.br\/index.php\/2020\/07\/16\/lagoa-do-mato-ainda-e-a-unica-cidade-do-maranhao-sem-casos-de-covid-19\/"},"wordCount":221,"commentCount":0,"publisher":{"@id":"https:\/\/maranhaotv.com.br\/#organization"},"image":{"@id":"https:\/\/maranhaotv.com.br\/index.php\/2020\/07\/16\/lagoa-do-mato-ainda-e-a-unica-cidade-do-maranhao-sem-casos-de-covid-19\/#primaryimage"},"thumbnailUrl":"","articleSection":["not\u00edcias"],"inLanguage":"pt-BR","potentialAction":[{"@type":"CommentAction","name":"Comment","target":["https:\/\/maranhaotv.com.br\/index.php\/2020\/07\/16\/lagoa-do-mato-ainda-e-a-unica-cidade-do-maranhao-sem-casos-de-covid-19\/#respond"]}]},{"@type":"WebPage","@id":"https:\/\/maranhaotv.com.br\/index.php\/2020\/07\/16\/lagoa-do-mato-ainda-e-a-unica-cidade-do-maranhao-sem-casos-de-covid-19\/","url":"https:\/\/maranhaotv.com.br\/index.php\/2020\/07\/16\/lagoa-do-mato-ainda-e-a-unica-cidade-do-maranhao-sem-casos-de-covid-19\/","name":"Lagoa do Mato ainda \u00e9 a \u00fanica cidade do Maranh\u00e3o sem casos de COVID-19 - NOT\u00cdCIAS EM TEMPO REAL","isPartOf":{"@id":"https:\/\/maranhaotv.com.br\/#website"},"primaryImageOfPage":{"@id":"https:\/\/maranhaotv.com.br\/index.php\/2020\/07\/16\/lagoa-do-mato-ainda-e-a-unica-cidade-do-maranhao-sem-casos-de-covid-19\/#primaryimage"},"image":{"@id":"https:\/\/maranhaotv.com.br\/index.php\/2020\/07\/16\/lagoa-do-mato-ainda-e-a-unica-cidade-do-maranhao-sem-casos-de-covid-19\/#primaryimage"},"thumbnailUrl":"","datePublished":"2020-07-16T18:34:45+00:00","breadcrumb":{"@id":"https:\/\/maranhaotv.com.br\/index.php\/2020\/07\/16\/lagoa-do-mato-ainda-e-a-unica-cidade-do-maranhao-sem-casos-de-covid-19\/#breadcrumb"},"inLanguage":"pt-BR","potentialAction":[{"@type":"ReadAction","target":["https:\/\/maranhaotv.com.br\/index.php\/2020\/07\/16\/lagoa-do-mato-ainda-e-a-unica-cidade-do-maranhao-sem-casos-de-covid-19\/"]}]},{"@type":"ImageObject","inLanguage":"pt-BR","@id":"https:\/\/maranhaotv.com.br\/index.php\/2020\/07\/16\/lagoa-do-mato-ainda-e-a-unica-cidade-do-maranhao-sem-casos-de-covid-19\/#primaryimage","url":"","contentUrl":""},{"@type":"BreadcrumbList","@id":"https:\/\/maranhaotv.com.br\/index.php\/2020\/07\/16\/lagoa-do-mato-ainda-e-a-unica-cidade-do-maranhao-sem-casos-de-covid-19\/#breadcrumb","itemListElement":[{"@type":"ListItem","position":1,"name":"In\u00edcio","item":"https:\/\/maranhaotv.com.br\/"},{"@type":"ListItem","position":2,"name":"Lagoa do Mato ainda \u00e9 a \u00fanica cidade do Maranh\u00e3o sem casos de COVID-19"}]},{"@type":"WebSite","@id":"https:\/\/maranhaotv.com.br\/#website","url":"https:\/\/maranhaotv.com.br\/","name":"Maranh\u00e3oTV","description":"","publisher":{"@id":"https:\/\/maranhaotv.com.br\/#organization"},"potentialAction":[{"@type":"SearchAction","target":{"@type":"EntryPoint","urlTemplate":"https:\/\/maranhaotv.com.br\/?s={search_term_string}"},"query-input":{"@type":"PropertyValueSpecification","valueRequired":true,"valueName":"search_term_string"}}],"inLanguage":"pt-BR"},{"@type":"Organization","@id":"https:\/\/maranhaotv.com.br\/#organization","name":"Portal de Not\u00edcias","url":"https:\/\/maranhaotv.com.br\/","logo":{"@type":"ImageObject","inLanguage":"pt-BR","@id":"https:\/\/maranhaotv.com.br\/#\/schema\/logo\/image\/","url":"https:\/\/maranhaotv.com.br\/wp-content\/uploads\/2024\/05\/cropped-cropped-avatar-1.png","contentUrl":"https:\/\/maranhaotv.com.br\/wp-content\/uploads\/2024\/05\/cropped-cropped-avatar-1.png","width":792,"height":428,"caption":"Portal de Not\u00edcias"},"image":{"@id":"https:\/\/maranhaotv.com.br\/#\/schema\/logo\/image\/"},"sameAs":["https:\/\/www.facebook.com\/maiobaotv","https:\/\/x.com\/sitemaranhaotv","https:\/\/www.instagram.com\/maranhao.tv","https:\/\/www.threads.net\/@maranhao.tv"]},{"@type":"Person","@id":"https:\/\/maranhaotv.com.br\/#\/schema\/person\/3d54238e86b20bb5c89ab2fdb8f8829a","name":"maranhaotv","image":{"@type":"ImageObject","inLanguage":"pt-BR","@id":"https:\/\/secure.gravatar.com\/avatar\/8fadbca458d4cb68b1dd399ae9a40618d747bb1af65ac9fad21c89220a143eb4?s=96&d=mm&r=g","url":"https:\/\/secure.gravatar.com\/avatar\/8fadbca458d4cb68b1dd399ae9a40618d747bb1af65ac9fad21c89220a143eb4?s=96&d=mm&r=g","contentUrl":"https:\/\/secure.gravatar.com\/avatar\/8fadbca458d4cb68b1dd399ae9a40618d747bb1af65ac9fad21c89220a143eb4?s=96&d=mm&r=g","caption":"maranhaotv"},"sameAs":["https:\/\/maranhaotv.com.br\/"],"url":"https:\/\/maranhaotv.com.br\/index.php\/author\/maranhaotv\/"}]}},"jetpack_featured_media_url":"","jetpack_sharing_enabled":true,"_links":{"self":[{"href":"https:\/\/maranhaotv.com.br\/index.php\/wp-json\/wp\/v2\/posts\/13313","targetHints":{"allow":["GET"]}}],"collection":[{"href":"https:\/\/maranhaotv.com.br\/index.php\/wp-json\/wp\/v2\/posts"}],"about":[{"href":"https:\/\/maranhaotv.com.br\/index.php\/wp-json\/wp\/v2\/types\/post"}],"author":[{"embeddable":true,"href":"https:\/\/maranhaotv.com.br\/index.php\/wp-json\/wp\/v2\/users\/2"}],"replies":[{"embeddable":true,"href":"https:\/\/maranhaotv.com.br\/index.php\/wp-json\/wp\/v2\/comments?post=13313"}],"version-history":[{"count":0,"href":"https:\/\/maranhaotv.com.br\/index.php\/wp-json\/wp\/v2\/posts\/13313\/revisions"}],"wp:featuredmedia":[{"embeddable":true,"href":"https:\/\/maranhaotv.com.br\/index.php\/wp-json\/"}],"wp:attachment":[{"href":"https:\/\/maranhaotv.com.br\/index.php\/wp-json\/wp\/v2\/media?parent=13313"}],"wp:term":[{"taxonomy":"category","embeddable":true,"href":"https:\/\/maranhaotv.com.br\/index.php\/wp-json\/wp\/v2\/categories?post=13313"},{"taxonomy":"post_tag","embeddable":true,"href":"https:\/\/maranhaotv.com.br\/index.php\/wp-json\/wp\/v2\/tags?post=13313"}],"curies":[{"name":"wp","href":"https:\/\/api.w.org\/{rel}","templated":true}]}}