{"id":13317,"date":"2020-07-16T19:30:33","date_gmt":"2020-07-16T22:30:33","guid":{"rendered":"https:\/\/maiobaotv.com.br\/?p=13317"},"modified":"2020-07-16T19:30:33","modified_gmt":"2020-07-16T22:30:33","slug":"sjr-beto-das-vilas-anuncia-retorno-das-sessoes-presenciais-na-camara","status":"publish","type":"post","link":"https:\/\/maranhaotv.com.br\/index.php\/2020\/07\/16\/sjr-beto-das-vilas-anuncia-retorno-das-sessoes-presenciais-na-camara\/","title":{"rendered":"SJR: Beto das Vilas anuncia retorno das sess\u00f5es presenciais na C\u00e2mara"},"content":{"rendered":"<p>O presidente da C\u00e2mara de S\u00e3o Jos\u00e9 de Ribamar, vereador Beto das Vilas (Republicanos), anunciou nesta quarta-feira (15), em suas redes sociais, o fim das sess\u00f5es remotas e a retomada das sess\u00f5es presenciais, prevista para acontecer a partir da pr\u00f3xima semana.<\/p>\n<p>Durante o per\u00edodo cr\u00edtico da pandemia, a C\u00e2mara de Ribamar foi uma das primeiras a inovar e adotar sess\u00f5es remotas, por videoconfer\u00eancia, garantindo assim, o funcionamento do Poder Legislativo para delibera\u00e7\u00e3o de mat\u00e9rias importantes para a sociedade ribamarense.<\/p>\n<p>Com as sess\u00f5es remotas, o parlamentar comandou algumas vota\u00e7\u00f5es importantes, como a suspens\u00e3o do aumento do IPTU em decorr\u00eancia da pandemia; garantiu a aprova\u00e7\u00e3o da indica\u00e7\u00e3o para cria\u00e7\u00e3o do Disk Covid-19 e atendimento virtual aos ribamarenses e prop\u00f4s a iniciativa da live de S\u00e3o Jo\u00e3o, que resultou em renda para os artistas ribamarenses.<\/p>\n<p>Beto justificou a retomada das atividades presenciais com a necessidade de se adequar a uma nova realidade. \u201cCom a flexibiliza\u00e7\u00e3o e retomadas das atividades em todo o Estado, incluindo nos setores privados e p\u00fablicos, precisamos nos adequar para retomarmos as atividades presenciais, conscientes de que daqui para frente teremos que conviver com uma nova realidade. Juntamente com o corpo t\u00e9cnico da C\u00e2mara de Vereadores, adotaremos todas as medidas necess\u00e1rias para a retomada segura das atividades presenciais e informaremos como ser\u00e1.\u201d Disse Beto das Vilas.<\/p>\n<p>O presidente antecipou que o Poder Legislativo Municipal deve seguir exemplos que est\u00e3o dando certo, como o da Assembleia Legislativa e da C\u00e2mara de S\u00e3o Lu\u00eds, com sess\u00f5es sem a presen\u00e7a do p\u00fablico, expediente com apenas 50% dos funcion\u00e1rios e todas as medidas recomendadas pela OMS.<\/p>\n<p>\u201cCumprindo nosso compromisso com o cidad\u00e3o ribamarense, estamos estudando uma forma de transmiss\u00e3o ao vivo das sess\u00f5es para que a sociedade possa acompanhar de casa, o trabalho que est\u00e1 sendo realizado pelos vereadores de S\u00e3o Jos\u00e9 de Ribamar.\u201d Concluiu Beto.<\/p>\n","protected":false},"excerpt":{"rendered":"<p>O presidente da C\u00e2mara de S\u00e3o Jos\u00e9 de Ribamar, vereador Beto das Vilas (Republicanos), anunciou nesta quarta-feira (15), em suas<\/p>\n","protected":false},"author":2,"featured_media":13316,"comment_status":"open","ping_status":"open","sticky":false,"template":"","format":"standard","meta":{"colormag_page_container_layout":"default_layout","colormag_page_sidebar_layout":"default_layout","_jetpack_memberships_contains_paid_content":false,"footnotes":""},"categories":[2],"tags":[],"class_list":["post-13317","post","type-post","status-publish","format-standard","has-post-thumbnail","hentry","category-noticias"],"magazineBlocksPostFeaturedMedia":{"thumbnail":false,"medium":false,"medium_large":false,"large":false,"1536x1536":false,"2048x2048":false,"colormag-highlighted-post":false,"colormag-featured-post-medium":false,"colormag-featured-post-small":false,"colormag-featured-image":false,"colormag-default-news":false,"colormag-featured-image-large":false},"magazineBlocksPostAuthor":{"name":"maranhaotv","avatar":"https:\/\/secure.gravatar.com\/avatar\/8fadbca458d4cb68b1dd399ae9a40618d747bb1af65ac9fad21c89220a143eb4?s=96&d=mm&r=g"},"magazineBlocksPostCommentsNumber":"0","magazineBlocksPostExcerpt":"O presidente da C\u00e2mara de S\u00e3o Jos\u00e9 de Ribamar, vereador Beto das Vilas (Republicanos), anunciou nesta quarta-feira (15), em suas","magazineBlocksPostCategories":["not\u00edcias"],"magazineBlocksPostViewCount":220,"magazineBlocksPostReadTime":2,"magazine_blocks_featured_image_url":{"full":false,"medium":false,"thumbnail":false},"magazine_blocks_author":{"display_name":"maranhaotv","author_link":"https:\/\/maranhaotv.com.br\/index.php\/author\/maranhaotv\/"},"magazine_blocks_comment":0,"magazine_blocks_author_image":"https:\/\/secure.gravatar.com\/avatar\/8fadbca458d4cb68b1dd399ae9a40618d747bb1af65ac9fad21c89220a143eb4?s=96&d=mm&r=g","magazine_blocks_category":"<a href=\"#\" class=\"category-link category-link-2\">not\u00edcias<\/a>","yoast_head":"<!-- This site is optimized with the Yoast SEO plugin v27.4 - https:\/\/yoast.com\/product\/yoast-seo-wordpress\/ -->\n<title>SJR: Beto das Vilas anuncia retorno das sess\u00f5es presenciais na C\u00e2mara - NOT\u00cdCIAS EM TEMPO REAL<\/title>\n<meta name=\"robots\" content=\"index, follow, max-snippet:-1, max-image-preview:large, max-video-preview:-1\" \/>\n<link rel=\"canonical\" href=\"https:\/\/maranhaotv.com.br\/index.php\/2020\/07\/16\/sjr-beto-das-vilas-anuncia-retorno-das-sessoes-presenciais-na-camara\/\" \/>\n<meta property=\"og:locale\" content=\"pt_BR\" \/>\n<meta property=\"og:type\" content=\"article\" \/>\n<meta property=\"og:title\" content=\"SJR: Beto das Vilas anuncia retorno das sess\u00f5es presenciais na C\u00e2mara - NOT\u00cdCIAS EM TEMPO REAL\" \/>\n<meta property=\"og:description\" content=\"O presidente da C\u00e2mara de S\u00e3o Jos\u00e9 de Ribamar, vereador Beto das Vilas (Republicanos), anunciou nesta quarta-feira (15), em suas\" \/>\n<meta property=\"og:url\" content=\"https:\/\/maranhaotv.com.br\/index.php\/2020\/07\/16\/sjr-beto-das-vilas-anuncia-retorno-das-sessoes-presenciais-na-camara\/\" \/>\n<meta property=\"og:site_name\" content=\"NOT\u00cdCIAS EM TEMPO REAL\" \/>\n<meta property=\"article:publisher\" content=\"https:\/\/www.facebook.com\/maiobaotv\" \/>\n<meta property=\"article:published_time\" content=\"2020-07-16T22:30:33+00:00\" \/>\n<meta name=\"author\" content=\"maranhaotv\" \/>\n<meta name=\"twitter:card\" content=\"summary_large_image\" \/>\n<meta name=\"twitter:creator\" content=\"@sitemaranhaotv\" \/>\n<meta name=\"twitter:site\" content=\"@sitemaranhaotv\" \/>\n<meta name=\"twitter:label1\" content=\"Escrito por\" \/>\n\t<meta name=\"twitter:data1\" content=\"maranhaotv\" \/>\n\t<meta name=\"twitter:label2\" content=\"Est. tempo de leitura\" \/>\n\t<meta name=\"twitter:data2\" content=\"2 minutos\" \/>\n<script type=\"application\/ld+json\" class=\"yoast-schema-graph\">{\"@context\":\"https:\\\/\\\/schema.org\",\"@graph\":[{\"@type\":\"Article\",\"@id\":\"https:\\\/\\\/maranhaotv.com.br\\\/index.php\\\/2020\\\/07\\\/16\\\/sjr-beto-das-vilas-anuncia-retorno-das-sessoes-presenciais-na-camara\\\/#article\",\"isPartOf\":{\"@id\":\"https:\\\/\\\/maranhaotv.com.br\\\/index.php\\\/2020\\\/07\\\/16\\\/sjr-beto-das-vilas-anuncia-retorno-das-sessoes-presenciais-na-camara\\\/\"},\"author\":{\"name\":\"maranhaotv\",\"@id\":\"https:\\\/\\\/maranhaotv.com.br\\\/#\\\/schema\\\/person\\\/3d54238e86b20bb5c89ab2fdb8f8829a\"},\"headline\":\"SJR: Beto das Vilas anuncia retorno das sess\u00f5es presenciais na C\u00e2mara\",\"datePublished\":\"2020-07-16T22:30:33+00:00\",\"mainEntityOfPage\":{\"@id\":\"https:\\\/\\\/maranhaotv.com.br\\\/index.php\\\/2020\\\/07\\\/16\\\/sjr-beto-das-vilas-anuncia-retorno-das-sessoes-presenciais-na-camara\\\/\"},\"wordCount\":352,\"commentCount\":0,\"publisher\":{\"@id\":\"https:\\\/\\\/maranhaotv.com.br\\\/#organization\"},\"image\":{\"@id\":\"https:\\\/\\\/maranhaotv.com.br\\\/index.php\\\/2020\\\/07\\\/16\\\/sjr-beto-das-vilas-anuncia-retorno-das-sessoes-presenciais-na-camara\\\/#primaryimage\"},\"thumbnailUrl\":\"\",\"articleSection\":[\"not\u00edcias\"],\"inLanguage\":\"pt-BR\",\"potentialAction\":[{\"@type\":\"CommentAction\",\"name\":\"Comment\",\"target\":[\"https:\\\/\\\/maranhaotv.com.br\\\/index.php\\\/2020\\\/07\\\/16\\\/sjr-beto-das-vilas-anuncia-retorno-das-sessoes-presenciais-na-camara\\\/#respond\"]}]},{\"@type\":\"WebPage\",\"@id\":\"https:\\\/\\\/maranhaotv.com.br\\\/index.php\\\/2020\\\/07\\\/16\\\/sjr-beto-das-vilas-anuncia-retorno-das-sessoes-presenciais-na-camara\\\/\",\"url\":\"https:\\\/\\\/maranhaotv.com.br\\\/index.php\\\/2020\\\/07\\\/16\\\/sjr-beto-das-vilas-anuncia-retorno-das-sessoes-presenciais-na-camara\\\/\",\"name\":\"SJR: Beto das Vilas anuncia retorno das sess\u00f5es presenciais na C\u00e2mara - NOT\u00cdCIAS EM TEMPO REAL\",\"isPartOf\":{\"@id\":\"https:\\\/\\\/maranhaotv.com.br\\\/#website\"},\"primaryImageOfPage\":{\"@id\":\"https:\\\/\\\/maranhaotv.com.br\\\/index.php\\\/2020\\\/07\\\/16\\\/sjr-beto-das-vilas-anuncia-retorno-das-sessoes-presenciais-na-camara\\\/#primaryimage\"},\"image\":{\"@id\":\"https:\\\/\\\/maranhaotv.com.br\\\/index.php\\\/2020\\\/07\\\/16\\\/sjr-beto-das-vilas-anuncia-retorno-das-sessoes-presenciais-na-camara\\\/#primaryimage\"},\"thumbnailUrl\":\"\",\"datePublished\":\"2020-07-16T22:30:33+00:00\",\"breadcrumb\":{\"@id\":\"https:\\\/\\\/maranhaotv.com.br\\\/index.php\\\/2020\\\/07\\\/16\\\/sjr-beto-das-vilas-anuncia-retorno-das-sessoes-presenciais-na-camara\\\/#breadcrumb\"},\"inLanguage\":\"pt-BR\",\"potentialAction\":[{\"@type\":\"ReadAction\",\"target\":[\"https:\\\/\\\/maranhaotv.com.br\\\/index.php\\\/2020\\\/07\\\/16\\\/sjr-beto-das-vilas-anuncia-retorno-das-sessoes-presenciais-na-camara\\\/\"]}]},{\"@type\":\"ImageObject\",\"inLanguage\":\"pt-BR\",\"@id\":\"https:\\\/\\\/maranhaotv.com.br\\\/index.php\\\/2020\\\/07\\\/16\\\/sjr-beto-das-vilas-anuncia-retorno-das-sessoes-presenciais-na-camara\\\/#primaryimage\",\"url\":\"\",\"contentUrl\":\"\"},{\"@type\":\"BreadcrumbList\",\"@id\":\"https:\\\/\\\/maranhaotv.com.br\\\/index.php\\\/2020\\\/07\\\/16\\\/sjr-beto-das-vilas-anuncia-retorno-das-sessoes-presenciais-na-camara\\\/#breadcrumb\",\"itemListElement\":[{\"@type\":\"ListItem\",\"position\":1,\"name\":\"In\u00edcio\",\"item\":\"https:\\\/\\\/maranhaotv.com.br\\\/\"},{\"@type\":\"ListItem\",\"position\":2,\"name\":\"SJR: Beto das Vilas anuncia retorno das sess\u00f5es presenciais na C\u00e2mara\"}]},{\"@type\":\"WebSite\",\"@id\":\"https:\\\/\\\/maranhaotv.com.br\\\/#website\",\"url\":\"https:\\\/\\\/maranhaotv.com.br\\\/\",\"name\":\"Maranh\u00e3oTV\",\"description\":\"\",\"publisher\":{\"@id\":\"https:\\\/\\\/maranhaotv.com.br\\\/#organization\"},\"potentialAction\":[{\"@type\":\"SearchAction\",\"target\":{\"@type\":\"EntryPoint\",\"urlTemplate\":\"https:\\\/\\\/maranhaotv.com.br\\\/?s={search_term_string}\"},\"query-input\":{\"@type\":\"PropertyValueSpecification\",\"valueRequired\":true,\"valueName\":\"search_term_string\"}}],\"inLanguage\":\"pt-BR\"},{\"@type\":\"Organization\",\"@id\":\"https:\\\/\\\/maranhaotv.com.br\\\/#organization\",\"name\":\"Portal de Not\u00edcias\",\"url\":\"https:\\\/\\\/maranhaotv.com.br\\\/\",\"logo\":{\"@type\":\"ImageObject\",\"inLanguage\":\"pt-BR\",\"@id\":\"https:\\\/\\\/maranhaotv.com.br\\\/#\\\/schema\\\/logo\\\/image\\\/\",\"url\":\"https:\\\/\\\/maranhaotv.com.br\\\/wp-content\\\/uploads\\\/2024\\\/05\\\/cropped-cropped-avatar-1.png\",\"contentUrl\":\"https:\\\/\\\/maranhaotv.com.br\\\/wp-content\\\/uploads\\\/2024\\\/05\\\/cropped-cropped-avatar-1.png\",\"width\":792,\"height\":428,\"caption\":\"Portal de Not\u00edcias\"},\"image\":{\"@id\":\"https:\\\/\\\/maranhaotv.com.br\\\/#\\\/schema\\\/logo\\\/image\\\/\"},\"sameAs\":[\"https:\\\/\\\/www.facebook.com\\\/maiobaotv\",\"https:\\\/\\\/x.com\\\/sitemaranhaotv\",\"https:\\\/\\\/www.instagram.com\\\/maranhao.tv\",\"https:\\\/\\\/www.threads.net\\\/@maranhao.tv\"]},{\"@type\":\"Person\",\"@id\":\"https:\\\/\\\/maranhaotv.com.br\\\/#\\\/schema\\\/person\\\/3d54238e86b20bb5c89ab2fdb8f8829a\",\"name\":\"maranhaotv\",\"image\":{\"@type\":\"ImageObject\",\"inLanguage\":\"pt-BR\",\"@id\":\"https:\\\/\\\/secure.gravatar.com\\\/avatar\\\/8fadbca458d4cb68b1dd399ae9a40618d747bb1af65ac9fad21c89220a143eb4?s=96&d=mm&r=g\",\"url\":\"https:\\\/\\\/secure.gravatar.com\\\/avatar\\\/8fadbca458d4cb68b1dd399ae9a40618d747bb1af65ac9fad21c89220a143eb4?s=96&d=mm&r=g\",\"contentUrl\":\"https:\\\/\\\/secure.gravatar.com\\\/avatar\\\/8fadbca458d4cb68b1dd399ae9a40618d747bb1af65ac9fad21c89220a143eb4?s=96&d=mm&r=g\",\"caption\":\"maranhaotv\"},\"sameAs\":[\"https:\\\/\\\/maranhaotv.com.br\\\/\"],\"url\":\"https:\\\/\\\/maranhaotv.com.br\\\/index.php\\\/author\\\/maranhaotv\\\/\"}]}<\/script>\n<!-- \/ Yoast SEO plugin. -->","yoast_head_json":{"title":"SJR: Beto das Vilas anuncia retorno das sess\u00f5es presenciais na C\u00e2mara - NOT\u00cdCIAS EM TEMPO REAL","robots":{"index":"index","follow":"follow","max-snippet":"max-snippet:-1","max-image-preview":"max-image-preview:large","max-video-preview":"max-video-preview:-1"},"canonical":"https:\/\/maranhaotv.com.br\/index.php\/2020\/07\/16\/sjr-beto-das-vilas-anuncia-retorno-das-sessoes-presenciais-na-camara\/","og_locale":"pt_BR","og_type":"article","og_title":"SJR: Beto das Vilas anuncia retorno das sess\u00f5es presenciais na C\u00e2mara - NOT\u00cdCIAS EM TEMPO REAL","og_description":"O presidente da C\u00e2mara de S\u00e3o Jos\u00e9 de Ribamar, vereador Beto das Vilas (Republicanos), anunciou nesta quarta-feira (15), em suas","og_url":"https:\/\/maranhaotv.com.br\/index.php\/2020\/07\/16\/sjr-beto-das-vilas-anuncia-retorno-das-sessoes-presenciais-na-camara\/","og_site_name":"NOT\u00cdCIAS EM TEMPO REAL","article_publisher":"https:\/\/www.facebook.com\/maiobaotv","article_published_time":"2020-07-16T22:30:33+00:00","author":"maranhaotv","twitter_card":"summary_large_image","twitter_creator":"@sitemaranhaotv","twitter_site":"@sitemaranhaotv","twitter_misc":{"Escrito por":"maranhaotv","Est. tempo de leitura":"2 minutos"},"schema":{"@context":"https:\/\/schema.org","@graph":[{"@type":"Article","@id":"https:\/\/maranhaotv.com.br\/index.php\/2020\/07\/16\/sjr-beto-das-vilas-anuncia-retorno-das-sessoes-presenciais-na-camara\/#article","isPartOf":{"@id":"https:\/\/maranhaotv.com.br\/index.php\/2020\/07\/16\/sjr-beto-das-vilas-anuncia-retorno-das-sessoes-presenciais-na-camara\/"},"author":{"name":"maranhaotv","@id":"https:\/\/maranhaotv.com.br\/#\/schema\/person\/3d54238e86b20bb5c89ab2fdb8f8829a"},"headline":"SJR: Beto das Vilas anuncia retorno das sess\u00f5es presenciais na C\u00e2mara","datePublished":"2020-07-16T22:30:33+00:00","mainEntityOfPage":{"@id":"https:\/\/maranhaotv.com.br\/index.php\/2020\/07\/16\/sjr-beto-das-vilas-anuncia-retorno-das-sessoes-presenciais-na-camara\/"},"wordCount":352,"commentCount":0,"publisher":{"@id":"https:\/\/maranhaotv.com.br\/#organization"},"image":{"@id":"https:\/\/maranhaotv.com.br\/index.php\/2020\/07\/16\/sjr-beto-das-vilas-anuncia-retorno-das-sessoes-presenciais-na-camara\/#primaryimage"},"thumbnailUrl":"","articleSection":["not\u00edcias"],"inLanguage":"pt-BR","potentialAction":[{"@type":"CommentAction","name":"Comment","target":["https:\/\/maranhaotv.com.br\/index.php\/2020\/07\/16\/sjr-beto-das-vilas-anuncia-retorno-das-sessoes-presenciais-na-camara\/#respond"]}]},{"@type":"WebPage","@id":"https:\/\/maranhaotv.com.br\/index.php\/2020\/07\/16\/sjr-beto-das-vilas-anuncia-retorno-das-sessoes-presenciais-na-camara\/","url":"https:\/\/maranhaotv.com.br\/index.php\/2020\/07\/16\/sjr-beto-das-vilas-anuncia-retorno-das-sessoes-presenciais-na-camara\/","name":"SJR: Beto das Vilas anuncia retorno das sess\u00f5es presenciais na C\u00e2mara - NOT\u00cdCIAS EM TEMPO REAL","isPartOf":{"@id":"https:\/\/maranhaotv.com.br\/#website"},"primaryImageOfPage":{"@id":"https:\/\/maranhaotv.com.br\/index.php\/2020\/07\/16\/sjr-beto-das-vilas-anuncia-retorno-das-sessoes-presenciais-na-camara\/#primaryimage"},"image":{"@id":"https:\/\/maranhaotv.com.br\/index.php\/2020\/07\/16\/sjr-beto-das-vilas-anuncia-retorno-das-sessoes-presenciais-na-camara\/#primaryimage"},"thumbnailUrl":"","datePublished":"2020-07-16T22:30:33+00:00","breadcrumb":{"@id":"https:\/\/maranhaotv.com.br\/index.php\/2020\/07\/16\/sjr-beto-das-vilas-anuncia-retorno-das-sessoes-presenciais-na-camara\/#breadcrumb"},"inLanguage":"pt-BR","potentialAction":[{"@type":"ReadAction","target":["https:\/\/maranhaotv.com.br\/index.php\/2020\/07\/16\/sjr-beto-das-vilas-anuncia-retorno-das-sessoes-presenciais-na-camara\/"]}]},{"@type":"ImageObject","inLanguage":"pt-BR","@id":"https:\/\/maranhaotv.com.br\/index.php\/2020\/07\/16\/sjr-beto-das-vilas-anuncia-retorno-das-sessoes-presenciais-na-camara\/#primaryimage","url":"","contentUrl":""},{"@type":"BreadcrumbList","@id":"https:\/\/maranhaotv.com.br\/index.php\/2020\/07\/16\/sjr-beto-das-vilas-anuncia-retorno-das-sessoes-presenciais-na-camara\/#breadcrumb","itemListElement":[{"@type":"ListItem","position":1,"name":"In\u00edcio","item":"https:\/\/maranhaotv.com.br\/"},{"@type":"ListItem","position":2,"name":"SJR: Beto das Vilas anuncia retorno das sess\u00f5es presenciais na C\u00e2mara"}]},{"@type":"WebSite","@id":"https:\/\/maranhaotv.com.br\/#website","url":"https:\/\/maranhaotv.com.br\/","name":"Maranh\u00e3oTV","description":"","publisher":{"@id":"https:\/\/maranhaotv.com.br\/#organization"},"potentialAction":[{"@type":"SearchAction","target":{"@type":"EntryPoint","urlTemplate":"https:\/\/maranhaotv.com.br\/?s={search_term_string}"},"query-input":{"@type":"PropertyValueSpecification","valueRequired":true,"valueName":"search_term_string"}}],"inLanguage":"pt-BR"},{"@type":"Organization","@id":"https:\/\/maranhaotv.com.br\/#organization","name":"Portal de Not\u00edcias","url":"https:\/\/maranhaotv.com.br\/","logo":{"@type":"ImageObject","inLanguage":"pt-BR","@id":"https:\/\/maranhaotv.com.br\/#\/schema\/logo\/image\/","url":"https:\/\/maranhaotv.com.br\/wp-content\/uploads\/2024\/05\/cropped-cropped-avatar-1.png","contentUrl":"https:\/\/maranhaotv.com.br\/wp-content\/uploads\/2024\/05\/cropped-cropped-avatar-1.png","width":792,"height":428,"caption":"Portal de Not\u00edcias"},"image":{"@id":"https:\/\/maranhaotv.com.br\/#\/schema\/logo\/image\/"},"sameAs":["https:\/\/www.facebook.com\/maiobaotv","https:\/\/x.com\/sitemaranhaotv","https:\/\/www.instagram.com\/maranhao.tv","https:\/\/www.threads.net\/@maranhao.tv"]},{"@type":"Person","@id":"https:\/\/maranhaotv.com.br\/#\/schema\/person\/3d54238e86b20bb5c89ab2fdb8f8829a","name":"maranhaotv","image":{"@type":"ImageObject","inLanguage":"pt-BR","@id":"https:\/\/secure.gravatar.com\/avatar\/8fadbca458d4cb68b1dd399ae9a40618d747bb1af65ac9fad21c89220a143eb4?s=96&d=mm&r=g","url":"https:\/\/secure.gravatar.com\/avatar\/8fadbca458d4cb68b1dd399ae9a40618d747bb1af65ac9fad21c89220a143eb4?s=96&d=mm&r=g","contentUrl":"https:\/\/secure.gravatar.com\/avatar\/8fadbca458d4cb68b1dd399ae9a40618d747bb1af65ac9fad21c89220a143eb4?s=96&d=mm&r=g","caption":"maranhaotv"},"sameAs":["https:\/\/maranhaotv.com.br\/"],"url":"https:\/\/maranhaotv.com.br\/index.php\/author\/maranhaotv\/"}]}},"jetpack_featured_media_url":"","jetpack_sharing_enabled":true,"_links":{"self":[{"href":"https:\/\/maranhaotv.com.br\/index.php\/wp-json\/wp\/v2\/posts\/13317","targetHints":{"allow":["GET"]}}],"collection":[{"href":"https:\/\/maranhaotv.com.br\/index.php\/wp-json\/wp\/v2\/posts"}],"about":[{"href":"https:\/\/maranhaotv.com.br\/index.php\/wp-json\/wp\/v2\/types\/post"}],"author":[{"embeddable":true,"href":"https:\/\/maranhaotv.com.br\/index.php\/wp-json\/wp\/v2\/users\/2"}],"replies":[{"embeddable":true,"href":"https:\/\/maranhaotv.com.br\/index.php\/wp-json\/wp\/v2\/comments?post=13317"}],"version-history":[{"count":0,"href":"https:\/\/maranhaotv.com.br\/index.php\/wp-json\/wp\/v2\/posts\/13317\/revisions"}],"wp:featuredmedia":[{"embeddable":true,"href":"https:\/\/maranhaotv.com.br\/index.php\/wp-json\/"}],"wp:attachment":[{"href":"https:\/\/maranhaotv.com.br\/index.php\/wp-json\/wp\/v2\/media?parent=13317"}],"wp:term":[{"taxonomy":"category","embeddable":true,"href":"https:\/\/maranhaotv.com.br\/index.php\/wp-json\/wp\/v2\/categories?post=13317"},{"taxonomy":"post_tag","embeddable":true,"href":"https:\/\/maranhaotv.com.br\/index.php\/wp-json\/wp\/v2\/tags?post=13317"}],"curies":[{"name":"wp","href":"https:\/\/api.w.org\/{rel}","templated":true}]}}