{"id":13353,"date":"2020-07-20T12:15:13","date_gmt":"2020-07-20T15:15:13","guid":{"rendered":"https:\/\/maiobaotv.com.br\/?p=13353"},"modified":"2020-07-20T12:15:13","modified_gmt":"2020-07-20T15:15:13","slug":"paraibano-mpma-aciona-municipio-por-irregularidades-na-saude","status":"publish","type":"post","link":"https:\/\/maranhaotv.com.br\/index.php\/2020\/07\/20\/paraibano-mpma-aciona-municipio-por-irregularidades-na-saude\/","title":{"rendered":"PARAIBANO &#8211; MPMA aciona Munic\u00edpio por irregularidades na sa\u00fade"},"content":{"rendered":"<p>O Minist\u00e9rio P\u00fablico do Maranh\u00e3o ajuizou A\u00e7\u00e3o Civil P\u00fablica contra o Munic\u00edpio de Paraibano, nesta quinta-feira, 16, devido a irregularidades cometidas na gest\u00e3o da rede municipal de sa\u00fade, sobretudo no que se refere aos servi\u00e7os, recursos e procedimentos.<\/p>\n<p>Em pedido liminar, o MPMA requer que o Mun\u00edcipio de Paraibano seja obrigado a sanar, de modo integral, no prazo de tr\u00eas meses, todas as irregularidades constantes no Relat\u00f3rio de Auditoria n\u00b0 18496, do Departamento Nacional de Auditoria do Sistema \u00danico de Sa\u00fade (Denasus).<\/p>\n<p>Em caso de descumprimento da ordem judicial de obriga\u00e7\u00e3o de fazer, foi pedido que seja determinado o imediato bloqueio e sequestro dos valores nas contas da municipalidade, no montante de R$ 100 mil. Tamb\u00e9m foi requerida a aplica\u00e7\u00e3o de multa di\u00e1ria ao gestor municipal, Jos\u00e9 H\u00e9lio Pereira de Sousa, no valor de R$ 5 mil, como medida para for\u00e7\u00e1-lo a n\u00e3o deixar de cumprir as obriga\u00e7\u00f5es impostas.<\/p>\n<p>A A\u00e7\u00e3o Civil foi ajuizada pelo titular da Promotoria de Justi\u00e7a de Paraibano, Gustavo Pereira Silva.<\/p>\n<p>AUDITORIA<\/p>\n<p>Realizada no per\u00edodo de julho de 2018 a maio de 2019, a auditoria do Denasus verificou a execu\u00e7\u00e3o das a\u00e7\u00f5es de sa\u00fade nas Unidades B\u00e1sicas de Sa\u00fade e na farm\u00e1cia onde s\u00e3o dispensados os medicamentos da Assist\u00eancia Farmac\u00eautica B\u00e1sica, assim como a aplica\u00e7\u00e3o dos recursos recebidos para o financiamento da Aten\u00e7\u00e3o B\u00e1sica e do Componente B\u00e1sico da Assist\u00eancia Farmac\u00eautica.<\/p>\n<p>Os auditores visitaram as Unidades B\u00e1sicas de Sa\u00fade Raimundo Pereira de S\u00e1, Darcy Furtado, Severino Furtado de Brito e da Vazante (que foi renomeada como UBS Francisco Dias de Carvalho).<\/p>\n<p>IRREGULARIDADES<\/p>\n<p>No que se refere aos servi\u00e7os de sa\u00fade prestados \u00e0 popula\u00e7\u00e3o de Paraibano, entre as irregularidades mais comuns est\u00e3o: o descumprimento da carga hor\u00e1ria pelos profissionais da sa\u00fade da fam\u00edlia e sa\u00fade bucal, m\u00e9dicos e cirurgi\u00f5es dentistas; inadequa\u00e7\u00f5es nas condi\u00e7\u00f5es da estrutura predial dos estabelecimentos de sa\u00fade, bem como inexist\u00eancia de equipamentos e materiais indispens\u00e1veis para o bom funcionamento das unidades b\u00e1sicas de sa\u00fade e desenvolvimento das a\u00e7\u00f5es b\u00e1sicas prestadas pelas equipes de Sa\u00fade da Fam\u00edlia\/Sa\u00fade Bucal; e a falta de comprova\u00e7\u00e3o quanto \u00e0 capacita\u00e7\u00e3o dos profissionais das Estrat\u00e9gias Sa\u00fade da Fam\u00edlia e Sa\u00fade Bucal.<\/p>\n<p>No item da assist\u00eancia farmac\u00eautica, foram verificados diversos problemas, como: a farm\u00e1cia onde s\u00e3o dispensados os medicamentos da Assist\u00eancia Farmac\u00eautica B\u00e1sica n\u00e3o possui Alvar\u00e1 Sanit\u00e1rio; o setor apresenta fragilidade no controle de estoque de medicamentos e materiais; instala\u00e7\u00e3o inadequada dos extintores de inc\u00eandio da farm\u00e1cia e almoxarifado e falta de registro de recolhimento de medicamentos deteriorados ou vencidos pela Vigil\u00e2ncia Sanit\u00e1ria Municipal; e o munic\u00edpio de Paraibano n\u00e3o comprovou o repasse de contrapartida municipal para o financiamento do Componente B\u00e1sico da Assist\u00eancia Farmac\u00eautica referente ao per\u00edodo de julho a dezembro de 2018.<\/p>\n<p>PROVID\u00caNCIAS<\/p>\n<p>De acordo com a Promotoria de Justi\u00e7a de Paraibano, ap\u00f3s o recebimento do relat\u00f3rio da auditoria, e na tentativa de resolver extrajudicialmente a demanda, requereu \u00e0 pr\u00f3pria Secret\u00e1ria de Sa\u00fade de Paraibano, no dia 8 de agosto de 2019, o prazo de 30 dias para solucionar os problemas mencionados. \u201cPassados mais de 11 meses, n\u00e3o h\u00e1 nenhuma comprova\u00e7\u00e3o nos autos da investiga\u00e7\u00e3o ministerial de que a municipalidade tenha tido interesse em resolver os problemas apontados\u201d, revelou o promotor Gustavo Pereira Silva.<\/p>\n<p>\u201cEm virtude do risco iminente \u00e0 coletividade, eis que se trata de mat\u00e9ria de sa\u00fade, e n\u00e3o havendo possibilidade da resolu\u00e7\u00e3o extrajudicial, este Minist\u00e9rio P\u00fablico recorre ao Poder Judici\u00e1rio visando resguardar os direitos fundamentais de todos os cidad\u00e3os paraibanenses em mat\u00e9ria de direito sanit\u00e1rio\u201d, justificou o membro do MPMA.<\/p>\n<p>Reda\u00e7\u00e3o: CCOM-MPMA<\/p>\n","protected":false},"excerpt":{"rendered":"<p>O Minist\u00e9rio P\u00fablico do Maranh\u00e3o ajuizou A\u00e7\u00e3o Civil P\u00fablica contra o Munic\u00edpio de Paraibano, nesta quinta-feira, 16, devido a irregularidades<\/p>\n","protected":false},"author":2,"featured_media":13352,"comment_status":"open","ping_status":"open","sticky":false,"template":"","format":"standard","meta":{"colormag_page_container_layout":"default_layout","colormag_page_sidebar_layout":"default_layout","_jetpack_memberships_contains_paid_content":false,"footnotes":""},"categories":[2,6],"tags":[198],"class_list":["post-13353","post","type-post","status-publish","format-standard","has-post-thumbnail","hentry","category-noticias","category-politica","tag-paraibano"],"magazineBlocksPostFeaturedMedia":{"thumbnail":false,"medium":false,"medium_large":false,"large":false,"1536x1536":false,"2048x2048":false,"colormag-highlighted-post":false,"colormag-featured-post-medium":false,"colormag-featured-post-small":false,"colormag-featured-image":false,"colormag-default-news":false,"colormag-featured-image-large":false},"magazineBlocksPostAuthor":{"name":"maranhaotv","avatar":"https:\/\/secure.gravatar.com\/avatar\/8fadbca458d4cb68b1dd399ae9a40618d747bb1af65ac9fad21c89220a143eb4?s=96&d=mm&r=g"},"magazineBlocksPostCommentsNumber":"0","magazineBlocksPostExcerpt":"O Minist\u00e9rio P\u00fablico do Maranh\u00e3o ajuizou A\u00e7\u00e3o Civil P\u00fablica contra o Munic\u00edpio de Paraibano, nesta quinta-feira, 16, devido a irregularidades","magazineBlocksPostCategories":["not\u00edcias","pol\u00edtica"],"magazineBlocksPostViewCount":133,"magazineBlocksPostReadTime":4,"magazine_blocks_featured_image_url":{"full":false,"medium":false,"thumbnail":false},"magazine_blocks_author":{"display_name":"maranhaotv","author_link":"https:\/\/maranhaotv.com.br\/index.php\/author\/maranhaotv\/"},"magazine_blocks_comment":0,"magazine_blocks_author_image":"https:\/\/secure.gravatar.com\/avatar\/8fadbca458d4cb68b1dd399ae9a40618d747bb1af65ac9fad21c89220a143eb4?s=96&d=mm&r=g","magazine_blocks_category":"<a href=\"#\" class=\"category-link category-link-2\">not\u00edcias<\/a> <a href=\"#\" class=\"category-link category-link-6\">pol\u00edtica<\/a>","jetpack_featured_media_url":"","jetpack_sharing_enabled":true,"_links":{"self":[{"href":"https:\/\/maranhaotv.com.br\/index.php\/wp-json\/wp\/v2\/posts\/13353","targetHints":{"allow":["GET"]}}],"collection":[{"href":"https:\/\/maranhaotv.com.br\/index.php\/wp-json\/wp\/v2\/posts"}],"about":[{"href":"https:\/\/maranhaotv.com.br\/index.php\/wp-json\/wp\/v2\/types\/post"}],"author":[{"embeddable":true,"href":"https:\/\/maranhaotv.com.br\/index.php\/wp-json\/wp\/v2\/users\/2"}],"replies":[{"embeddable":true,"href":"https:\/\/maranhaotv.com.br\/index.php\/wp-json\/wp\/v2\/comments?post=13353"}],"version-history":[{"count":0,"href":"https:\/\/maranhaotv.com.br\/index.php\/wp-json\/wp\/v2\/posts\/13353\/revisions"}],"wp:featuredmedia":[{"embeddable":true,"href":"https:\/\/maranhaotv.com.br\/index.php\/wp-json\/"}],"wp:attachment":[{"href":"https:\/\/maranhaotv.com.br\/index.php\/wp-json\/wp\/v2\/media?parent=13353"}],"wp:term":[{"taxonomy":"category","embeddable":true,"href":"https:\/\/maranhaotv.com.br\/index.php\/wp-json\/wp\/v2\/categories?post=13353"},{"taxonomy":"post_tag","embeddable":true,"href":"https:\/\/maranhaotv.com.br\/index.php\/wp-json\/wp\/v2\/tags?post=13353"}],"curies":[{"name":"wp","href":"https:\/\/api.w.org\/{rel}","templated":true}]}}