{"id":13384,"date":"2020-07-21T19:53:01","date_gmt":"2020-07-21T22:53:01","guid":{"rendered":"https:\/\/maiobaotv.com.br\/?p=13384"},"modified":"2020-07-21T19:53:01","modified_gmt":"2020-07-21T22:53:01","slug":"realizaremos-uma-administracao-com-equipe-tecnica-diz-pre-candidato-wellington-do-curso-em-entrevista","status":"publish","type":"post","link":"https:\/\/maranhaotv.com.br\/index.php\/2020\/07\/21\/realizaremos-uma-administracao-com-equipe-tecnica-diz-pre-candidato-wellington-do-curso-em-entrevista\/","title":{"rendered":"\u201cRealizaremos uma administra\u00e7\u00e3o com equipe t\u00e9cnica\u201d, diz pr\u00e9-candidato Wellington do Curso em entrevista"},"content":{"rendered":"<p>Ao conceder entrevista na \u00faltima segunda-feira (20), na R\u00e1dio Nova FM, o pr\u00e9-candidato a prefeito de S\u00e3o Lu\u00eds, Wellington do Curso, afirmou que em sua gest\u00e3o ir\u00e1 priorizar os t\u00e9cnicos e profissionais em todas as pastas, principalmente, na \u00e1rea da sa\u00fade e educa\u00e7\u00e3o. Wellington, que segue entre os tr\u00eas candidatos com maior inten\u00e7\u00e3o de votos, disse ser necess\u00e1rio ter um corpo t\u00e9cnico qualificado e n\u00e3o indica\u00e7\u00f5es pol\u00edticas.<\/p>\n<p>Em sua fala, Wellington relembrou ainda o per\u00edodo de pandemia, em que o atual prefeito desapareceu e deixou os profissionais da sa\u00fade na linha de frente sem qualquer respaldo.<\/p>\n<p>\u201cO que temos observado \u00e9 que muitos outros pr\u00e9-candidatos j\u00e1 lotearam a Prefeitura, j\u00e1 fizeram acordos. Isso significa que muitos dos cargos ser\u00e3o ocupados em virtude de indica\u00e7\u00e3o pol\u00edtica. Se eu for eleito, pretendo ter um corpo t\u00e9cnico, com profissionais da \u00e1rea, com pessoas capacitadas. Vamos priorizar a realiza\u00e7\u00e3o de concursos p\u00fablicos e a montagem de equipes t\u00e9cnicas e com profissionais referendados por conselhos de classe. Nesse per\u00edodo de pandemia, por exemplo, estivemos nas UPA\u2019s, nos hospitais, acompanhando de perto essa realidade enfrentada pelos profissionais da sa\u00fade, que vivem a instabilidade da contrata\u00e7\u00e3o tempor\u00e1ria e com sal\u00e1rios atrasados. O atual prefeito desapareceu. S\u00e3o Lu\u00eds precisa de algu\u00e9m com coragem para estar na linha de frente com os m\u00e9dicos, enfermeiros e demais profissionais,\u201d, disse Wellington.<\/p>\n<p><img loading=\"lazy\" decoding=\"async\" src=\"https:\/\/maiobaotv.com.br\/wp-content\/uploads\/2020\/07\/img-20200721-wa01809072487018356370620.jpg\" class=\"alignnone size-full wp-image-13383\" width=\"720\" height=\"783\"><\/p>\n","protected":false},"excerpt":{"rendered":"<p>Ao conceder entrevista na \u00faltima segunda-feira (20), na R\u00e1dio Nova FM, o pr\u00e9-candidato a prefeito de S\u00e3o Lu\u00eds, Wellington do<\/p>\n","protected":false},"author":2,"featured_media":13385,"comment_status":"open","ping_status":"open","sticky":false,"template":"","format":"standard","meta":{"colormag_page_container_layout":"default_layout","colormag_page_sidebar_layout":"default_layout","_jetpack_memberships_contains_paid_content":false,"footnotes":""},"categories":[2],"tags":[16,22],"class_list":["post-13384","post","type-post","status-publish","format-standard","has-post-thumbnail","hentry","category-noticias","tag-eleicoes-2020","tag-wellington-do-curso"],"magazineBlocksPostFeaturedMedia":{"thumbnail":false,"medium":false,"medium_large":false,"large":false,"1536x1536":false,"2048x2048":false,"colormag-highlighted-post":false,"colormag-featured-post-medium":false,"colormag-featured-post-small":false,"colormag-featured-image":false,"colormag-default-news":false,"colormag-featured-image-large":false},"magazineBlocksPostAuthor":{"name":"maranhaotv","avatar":"https:\/\/secure.gravatar.com\/avatar\/8fadbca458d4cb68b1dd399ae9a40618d747bb1af65ac9fad21c89220a143eb4?s=96&d=mm&r=g"},"magazineBlocksPostCommentsNumber":"0","magazineBlocksPostExcerpt":"Ao conceder entrevista na \u00faltima segunda-feira (20), na R\u00e1dio Nova FM, o pr\u00e9-candidato a prefeito de S\u00e3o Lu\u00eds, Wellington do","magazineBlocksPostCategories":["not\u00edcias"],"magazineBlocksPostViewCount":241,"magazineBlocksPostReadTime":2,"magazine_blocks_featured_image_url":{"full":false,"medium":false,"thumbnail":false},"magazine_blocks_author":{"display_name":"maranhaotv","author_link":"https:\/\/maranhaotv.com.br\/index.php\/author\/maranhaotv\/"},"magazine_blocks_comment":0,"magazine_blocks_author_image":"https:\/\/secure.gravatar.com\/avatar\/8fadbca458d4cb68b1dd399ae9a40618d747bb1af65ac9fad21c89220a143eb4?s=96&d=mm&r=g","magazine_blocks_category":"<a href=\"#\" class=\"category-link category-link-2\">not\u00edcias<\/a>","yoast_head":"<!-- This site is optimized with the Yoast SEO plugin v27.4 - https:\/\/yoast.com\/product\/yoast-seo-wordpress\/ -->\n<title>\u201cRealizaremos uma administra\u00e7\u00e3o com equipe t\u00e9cnica\u201d, diz pr\u00e9-candidato Wellington do Curso em entrevista - NOT\u00cdCIAS EM TEMPO REAL<\/title>\n<meta name=\"robots\" content=\"index, follow, max-snippet:-1, max-image-preview:large, max-video-preview:-1\" \/>\n<link rel=\"canonical\" href=\"https:\/\/maranhaotv.com.br\/index.php\/2020\/07\/21\/realizaremos-uma-administracao-com-equipe-tecnica-diz-pre-candidato-wellington-do-curso-em-entrevista\/\" \/>\n<meta property=\"og:locale\" content=\"pt_BR\" \/>\n<meta property=\"og:type\" content=\"article\" \/>\n<meta property=\"og:title\" content=\"\u201cRealizaremos uma administra\u00e7\u00e3o com equipe t\u00e9cnica\u201d, diz pr\u00e9-candidato Wellington do Curso em entrevista - NOT\u00cdCIAS EM TEMPO REAL\" \/>\n<meta property=\"og:description\" content=\"Ao conceder entrevista na \u00faltima segunda-feira (20), na R\u00e1dio Nova FM, o pr\u00e9-candidato a prefeito de S\u00e3o Lu\u00eds, Wellington do\" \/>\n<meta property=\"og:url\" content=\"https:\/\/maranhaotv.com.br\/index.php\/2020\/07\/21\/realizaremos-uma-administracao-com-equipe-tecnica-diz-pre-candidato-wellington-do-curso-em-entrevista\/\" \/>\n<meta property=\"og:site_name\" content=\"NOT\u00cdCIAS EM TEMPO REAL\" \/>\n<meta property=\"article:publisher\" content=\"https:\/\/www.facebook.com\/maiobaotv\" \/>\n<meta property=\"article:published_time\" content=\"2020-07-21T22:53:01+00:00\" \/>\n<meta name=\"author\" content=\"maranhaotv\" \/>\n<meta name=\"twitter:card\" content=\"summary_large_image\" \/>\n<meta name=\"twitter:creator\" content=\"@sitemaranhaotv\" \/>\n<meta name=\"twitter:site\" content=\"@sitemaranhaotv\" \/>\n<meta name=\"twitter:label1\" content=\"Escrito por\" \/>\n\t<meta name=\"twitter:data1\" content=\"maranhaotv\" \/>\n\t<meta name=\"twitter:label2\" content=\"Est. tempo de leitura\" \/>\n\t<meta name=\"twitter:data2\" content=\"1 minuto\" \/>\n<script type=\"application\/ld+json\" class=\"yoast-schema-graph\">{\"@context\":\"https:\\\/\\\/schema.org\",\"@graph\":[{\"@type\":\"Article\",\"@id\":\"https:\\\/\\\/maranhaotv.com.br\\\/index.php\\\/2020\\\/07\\\/21\\\/realizaremos-uma-administracao-com-equipe-tecnica-diz-pre-candidato-wellington-do-curso-em-entrevista\\\/#article\",\"isPartOf\":{\"@id\":\"https:\\\/\\\/maranhaotv.com.br\\\/index.php\\\/2020\\\/07\\\/21\\\/realizaremos-uma-administracao-com-equipe-tecnica-diz-pre-candidato-wellington-do-curso-em-entrevista\\\/\"},\"author\":{\"name\":\"maranhaotv\",\"@id\":\"https:\\\/\\\/maranhaotv.com.br\\\/#\\\/schema\\\/person\\\/3d54238e86b20bb5c89ab2fdb8f8829a\"},\"headline\":\"\u201cRealizaremos uma administra\u00e7\u00e3o com equipe t\u00e9cnica\u201d, diz pr\u00e9-candidato Wellington do Curso em entrevista\",\"datePublished\":\"2020-07-21T22:53:01+00:00\",\"mainEntityOfPage\":{\"@id\":\"https:\\\/\\\/maranhaotv.com.br\\\/index.php\\\/2020\\\/07\\\/21\\\/realizaremos-uma-administracao-com-equipe-tecnica-diz-pre-candidato-wellington-do-curso-em-entrevista\\\/\"},\"wordCount\":269,\"commentCount\":0,\"publisher\":{\"@id\":\"https:\\\/\\\/maranhaotv.com.br\\\/#organization\"},\"image\":{\"@id\":\"https:\\\/\\\/maranhaotv.com.br\\\/index.php\\\/2020\\\/07\\\/21\\\/realizaremos-uma-administracao-com-equipe-tecnica-diz-pre-candidato-wellington-do-curso-em-entrevista\\\/#primaryimage\"},\"thumbnailUrl\":\"\",\"keywords\":[\"Elei\u00e7\u00f5es 2020\",\"Wellington do Curso\"],\"articleSection\":[\"not\u00edcias\"],\"inLanguage\":\"pt-BR\",\"potentialAction\":[{\"@type\":\"CommentAction\",\"name\":\"Comment\",\"target\":[\"https:\\\/\\\/maranhaotv.com.br\\\/index.php\\\/2020\\\/07\\\/21\\\/realizaremos-uma-administracao-com-equipe-tecnica-diz-pre-candidato-wellington-do-curso-em-entrevista\\\/#respond\"]}]},{\"@type\":\"WebPage\",\"@id\":\"https:\\\/\\\/maranhaotv.com.br\\\/index.php\\\/2020\\\/07\\\/21\\\/realizaremos-uma-administracao-com-equipe-tecnica-diz-pre-candidato-wellington-do-curso-em-entrevista\\\/\",\"url\":\"https:\\\/\\\/maranhaotv.com.br\\\/index.php\\\/2020\\\/07\\\/21\\\/realizaremos-uma-administracao-com-equipe-tecnica-diz-pre-candidato-wellington-do-curso-em-entrevista\\\/\",\"name\":\"\u201cRealizaremos uma administra\u00e7\u00e3o com equipe t\u00e9cnica\u201d, diz pr\u00e9-candidato Wellington do Curso em entrevista - NOT\u00cdCIAS EM TEMPO REAL\",\"isPartOf\":{\"@id\":\"https:\\\/\\\/maranhaotv.com.br\\\/#website\"},\"primaryImageOfPage\":{\"@id\":\"https:\\\/\\\/maranhaotv.com.br\\\/index.php\\\/2020\\\/07\\\/21\\\/realizaremos-uma-administracao-com-equipe-tecnica-diz-pre-candidato-wellington-do-curso-em-entrevista\\\/#primaryimage\"},\"image\":{\"@id\":\"https:\\\/\\\/maranhaotv.com.br\\\/index.php\\\/2020\\\/07\\\/21\\\/realizaremos-uma-administracao-com-equipe-tecnica-diz-pre-candidato-wellington-do-curso-em-entrevista\\\/#primaryimage\"},\"thumbnailUrl\":\"\",\"datePublished\":\"2020-07-21T22:53:01+00:00\",\"breadcrumb\":{\"@id\":\"https:\\\/\\\/maranhaotv.com.br\\\/index.php\\\/2020\\\/07\\\/21\\\/realizaremos-uma-administracao-com-equipe-tecnica-diz-pre-candidato-wellington-do-curso-em-entrevista\\\/#breadcrumb\"},\"inLanguage\":\"pt-BR\",\"potentialAction\":[{\"@type\":\"ReadAction\",\"target\":[\"https:\\\/\\\/maranhaotv.com.br\\\/index.php\\\/2020\\\/07\\\/21\\\/realizaremos-uma-administracao-com-equipe-tecnica-diz-pre-candidato-wellington-do-curso-em-entrevista\\\/\"]}]},{\"@type\":\"ImageObject\",\"inLanguage\":\"pt-BR\",\"@id\":\"https:\\\/\\\/maranhaotv.com.br\\\/index.php\\\/2020\\\/07\\\/21\\\/realizaremos-uma-administracao-com-equipe-tecnica-diz-pre-candidato-wellington-do-curso-em-entrevista\\\/#primaryimage\",\"url\":\"\",\"contentUrl\":\"\"},{\"@type\":\"BreadcrumbList\",\"@id\":\"https:\\\/\\\/maranhaotv.com.br\\\/index.php\\\/2020\\\/07\\\/21\\\/realizaremos-uma-administracao-com-equipe-tecnica-diz-pre-candidato-wellington-do-curso-em-entrevista\\\/#breadcrumb\",\"itemListElement\":[{\"@type\":\"ListItem\",\"position\":1,\"name\":\"In\u00edcio\",\"item\":\"https:\\\/\\\/maranhaotv.com.br\\\/\"},{\"@type\":\"ListItem\",\"position\":2,\"name\":\"\u201cRealizaremos uma administra\u00e7\u00e3o com equipe t\u00e9cnica\u201d, diz pr\u00e9-candidato Wellington do Curso em entrevista\"}]},{\"@type\":\"WebSite\",\"@id\":\"https:\\\/\\\/maranhaotv.com.br\\\/#website\",\"url\":\"https:\\\/\\\/maranhaotv.com.br\\\/\",\"name\":\"Maranh\u00e3oTV\",\"description\":\"\",\"publisher\":{\"@id\":\"https:\\\/\\\/maranhaotv.com.br\\\/#organization\"},\"potentialAction\":[{\"@type\":\"SearchAction\",\"target\":{\"@type\":\"EntryPoint\",\"urlTemplate\":\"https:\\\/\\\/maranhaotv.com.br\\\/?s={search_term_string}\"},\"query-input\":{\"@type\":\"PropertyValueSpecification\",\"valueRequired\":true,\"valueName\":\"search_term_string\"}}],\"inLanguage\":\"pt-BR\"},{\"@type\":\"Organization\",\"@id\":\"https:\\\/\\\/maranhaotv.com.br\\\/#organization\",\"name\":\"Portal de Not\u00edcias\",\"url\":\"https:\\\/\\\/maranhaotv.com.br\\\/\",\"logo\":{\"@type\":\"ImageObject\",\"inLanguage\":\"pt-BR\",\"@id\":\"https:\\\/\\\/maranhaotv.com.br\\\/#\\\/schema\\\/logo\\\/image\\\/\",\"url\":\"https:\\\/\\\/maranhaotv.com.br\\\/wp-content\\\/uploads\\\/2024\\\/05\\\/cropped-cropped-avatar-1.png\",\"contentUrl\":\"https:\\\/\\\/maranhaotv.com.br\\\/wp-content\\\/uploads\\\/2024\\\/05\\\/cropped-cropped-avatar-1.png\",\"width\":792,\"height\":428,\"caption\":\"Portal de Not\u00edcias\"},\"image\":{\"@id\":\"https:\\\/\\\/maranhaotv.com.br\\\/#\\\/schema\\\/logo\\\/image\\\/\"},\"sameAs\":[\"https:\\\/\\\/www.facebook.com\\\/maiobaotv\",\"https:\\\/\\\/x.com\\\/sitemaranhaotv\",\"https:\\\/\\\/www.instagram.com\\\/maranhao.tv\",\"https:\\\/\\\/www.threads.net\\\/@maranhao.tv\"]},{\"@type\":\"Person\",\"@id\":\"https:\\\/\\\/maranhaotv.com.br\\\/#\\\/schema\\\/person\\\/3d54238e86b20bb5c89ab2fdb8f8829a\",\"name\":\"maranhaotv\",\"image\":{\"@type\":\"ImageObject\",\"inLanguage\":\"pt-BR\",\"@id\":\"https:\\\/\\\/secure.gravatar.com\\\/avatar\\\/8fadbca458d4cb68b1dd399ae9a40618d747bb1af65ac9fad21c89220a143eb4?s=96&d=mm&r=g\",\"url\":\"https:\\\/\\\/secure.gravatar.com\\\/avatar\\\/8fadbca458d4cb68b1dd399ae9a40618d747bb1af65ac9fad21c89220a143eb4?s=96&d=mm&r=g\",\"contentUrl\":\"https:\\\/\\\/secure.gravatar.com\\\/avatar\\\/8fadbca458d4cb68b1dd399ae9a40618d747bb1af65ac9fad21c89220a143eb4?s=96&d=mm&r=g\",\"caption\":\"maranhaotv\"},\"sameAs\":[\"https:\\\/\\\/maranhaotv.com.br\\\/\"],\"url\":\"https:\\\/\\\/maranhaotv.com.br\\\/index.php\\\/author\\\/maranhaotv\\\/\"}]}<\/script>\n<!-- \/ Yoast SEO plugin. -->","yoast_head_json":{"title":"\u201cRealizaremos uma administra\u00e7\u00e3o com equipe t\u00e9cnica\u201d, diz pr\u00e9-candidato Wellington do Curso em entrevista - NOT\u00cdCIAS EM TEMPO REAL","robots":{"index":"index","follow":"follow","max-snippet":"max-snippet:-1","max-image-preview":"max-image-preview:large","max-video-preview":"max-video-preview:-1"},"canonical":"https:\/\/maranhaotv.com.br\/index.php\/2020\/07\/21\/realizaremos-uma-administracao-com-equipe-tecnica-diz-pre-candidato-wellington-do-curso-em-entrevista\/","og_locale":"pt_BR","og_type":"article","og_title":"\u201cRealizaremos uma administra\u00e7\u00e3o com equipe t\u00e9cnica\u201d, diz pr\u00e9-candidato Wellington do Curso em entrevista - NOT\u00cdCIAS EM TEMPO REAL","og_description":"Ao conceder entrevista na \u00faltima segunda-feira (20), na R\u00e1dio Nova FM, o pr\u00e9-candidato a prefeito de S\u00e3o Lu\u00eds, Wellington do","og_url":"https:\/\/maranhaotv.com.br\/index.php\/2020\/07\/21\/realizaremos-uma-administracao-com-equipe-tecnica-diz-pre-candidato-wellington-do-curso-em-entrevista\/","og_site_name":"NOT\u00cdCIAS EM TEMPO REAL","article_publisher":"https:\/\/www.facebook.com\/maiobaotv","article_published_time":"2020-07-21T22:53:01+00:00","author":"maranhaotv","twitter_card":"summary_large_image","twitter_creator":"@sitemaranhaotv","twitter_site":"@sitemaranhaotv","twitter_misc":{"Escrito por":"maranhaotv","Est. tempo de leitura":"1 minuto"},"schema":{"@context":"https:\/\/schema.org","@graph":[{"@type":"Article","@id":"https:\/\/maranhaotv.com.br\/index.php\/2020\/07\/21\/realizaremos-uma-administracao-com-equipe-tecnica-diz-pre-candidato-wellington-do-curso-em-entrevista\/#article","isPartOf":{"@id":"https:\/\/maranhaotv.com.br\/index.php\/2020\/07\/21\/realizaremos-uma-administracao-com-equipe-tecnica-diz-pre-candidato-wellington-do-curso-em-entrevista\/"},"author":{"name":"maranhaotv","@id":"https:\/\/maranhaotv.com.br\/#\/schema\/person\/3d54238e86b20bb5c89ab2fdb8f8829a"},"headline":"\u201cRealizaremos uma administra\u00e7\u00e3o com equipe t\u00e9cnica\u201d, diz pr\u00e9-candidato Wellington do Curso em entrevista","datePublished":"2020-07-21T22:53:01+00:00","mainEntityOfPage":{"@id":"https:\/\/maranhaotv.com.br\/index.php\/2020\/07\/21\/realizaremos-uma-administracao-com-equipe-tecnica-diz-pre-candidato-wellington-do-curso-em-entrevista\/"},"wordCount":269,"commentCount":0,"publisher":{"@id":"https:\/\/maranhaotv.com.br\/#organization"},"image":{"@id":"https:\/\/maranhaotv.com.br\/index.php\/2020\/07\/21\/realizaremos-uma-administracao-com-equipe-tecnica-diz-pre-candidato-wellington-do-curso-em-entrevista\/#primaryimage"},"thumbnailUrl":"","keywords":["Elei\u00e7\u00f5es 2020","Wellington do Curso"],"articleSection":["not\u00edcias"],"inLanguage":"pt-BR","potentialAction":[{"@type":"CommentAction","name":"Comment","target":["https:\/\/maranhaotv.com.br\/index.php\/2020\/07\/21\/realizaremos-uma-administracao-com-equipe-tecnica-diz-pre-candidato-wellington-do-curso-em-entrevista\/#respond"]}]},{"@type":"WebPage","@id":"https:\/\/maranhaotv.com.br\/index.php\/2020\/07\/21\/realizaremos-uma-administracao-com-equipe-tecnica-diz-pre-candidato-wellington-do-curso-em-entrevista\/","url":"https:\/\/maranhaotv.com.br\/index.php\/2020\/07\/21\/realizaremos-uma-administracao-com-equipe-tecnica-diz-pre-candidato-wellington-do-curso-em-entrevista\/","name":"\u201cRealizaremos uma administra\u00e7\u00e3o com equipe t\u00e9cnica\u201d, diz pr\u00e9-candidato Wellington do Curso em entrevista - NOT\u00cdCIAS EM TEMPO REAL","isPartOf":{"@id":"https:\/\/maranhaotv.com.br\/#website"},"primaryImageOfPage":{"@id":"https:\/\/maranhaotv.com.br\/index.php\/2020\/07\/21\/realizaremos-uma-administracao-com-equipe-tecnica-diz-pre-candidato-wellington-do-curso-em-entrevista\/#primaryimage"},"image":{"@id":"https:\/\/maranhaotv.com.br\/index.php\/2020\/07\/21\/realizaremos-uma-administracao-com-equipe-tecnica-diz-pre-candidato-wellington-do-curso-em-entrevista\/#primaryimage"},"thumbnailUrl":"","datePublished":"2020-07-21T22:53:01+00:00","breadcrumb":{"@id":"https:\/\/maranhaotv.com.br\/index.php\/2020\/07\/21\/realizaremos-uma-administracao-com-equipe-tecnica-diz-pre-candidato-wellington-do-curso-em-entrevista\/#breadcrumb"},"inLanguage":"pt-BR","potentialAction":[{"@type":"ReadAction","target":["https:\/\/maranhaotv.com.br\/index.php\/2020\/07\/21\/realizaremos-uma-administracao-com-equipe-tecnica-diz-pre-candidato-wellington-do-curso-em-entrevista\/"]}]},{"@type":"ImageObject","inLanguage":"pt-BR","@id":"https:\/\/maranhaotv.com.br\/index.php\/2020\/07\/21\/realizaremos-uma-administracao-com-equipe-tecnica-diz-pre-candidato-wellington-do-curso-em-entrevista\/#primaryimage","url":"","contentUrl":""},{"@type":"BreadcrumbList","@id":"https:\/\/maranhaotv.com.br\/index.php\/2020\/07\/21\/realizaremos-uma-administracao-com-equipe-tecnica-diz-pre-candidato-wellington-do-curso-em-entrevista\/#breadcrumb","itemListElement":[{"@type":"ListItem","position":1,"name":"In\u00edcio","item":"https:\/\/maranhaotv.com.br\/"},{"@type":"ListItem","position":2,"name":"\u201cRealizaremos uma administra\u00e7\u00e3o com equipe t\u00e9cnica\u201d, diz pr\u00e9-candidato Wellington do Curso em entrevista"}]},{"@type":"WebSite","@id":"https:\/\/maranhaotv.com.br\/#website","url":"https:\/\/maranhaotv.com.br\/","name":"Maranh\u00e3oTV","description":"","publisher":{"@id":"https:\/\/maranhaotv.com.br\/#organization"},"potentialAction":[{"@type":"SearchAction","target":{"@type":"EntryPoint","urlTemplate":"https:\/\/maranhaotv.com.br\/?s={search_term_string}"},"query-input":{"@type":"PropertyValueSpecification","valueRequired":true,"valueName":"search_term_string"}}],"inLanguage":"pt-BR"},{"@type":"Organization","@id":"https:\/\/maranhaotv.com.br\/#organization","name":"Portal de Not\u00edcias","url":"https:\/\/maranhaotv.com.br\/","logo":{"@type":"ImageObject","inLanguage":"pt-BR","@id":"https:\/\/maranhaotv.com.br\/#\/schema\/logo\/image\/","url":"https:\/\/maranhaotv.com.br\/wp-content\/uploads\/2024\/05\/cropped-cropped-avatar-1.png","contentUrl":"https:\/\/maranhaotv.com.br\/wp-content\/uploads\/2024\/05\/cropped-cropped-avatar-1.png","width":792,"height":428,"caption":"Portal de Not\u00edcias"},"image":{"@id":"https:\/\/maranhaotv.com.br\/#\/schema\/logo\/image\/"},"sameAs":["https:\/\/www.facebook.com\/maiobaotv","https:\/\/x.com\/sitemaranhaotv","https:\/\/www.instagram.com\/maranhao.tv","https:\/\/www.threads.net\/@maranhao.tv"]},{"@type":"Person","@id":"https:\/\/maranhaotv.com.br\/#\/schema\/person\/3d54238e86b20bb5c89ab2fdb8f8829a","name":"maranhaotv","image":{"@type":"ImageObject","inLanguage":"pt-BR","@id":"https:\/\/secure.gravatar.com\/avatar\/8fadbca458d4cb68b1dd399ae9a40618d747bb1af65ac9fad21c89220a143eb4?s=96&d=mm&r=g","url":"https:\/\/secure.gravatar.com\/avatar\/8fadbca458d4cb68b1dd399ae9a40618d747bb1af65ac9fad21c89220a143eb4?s=96&d=mm&r=g","contentUrl":"https:\/\/secure.gravatar.com\/avatar\/8fadbca458d4cb68b1dd399ae9a40618d747bb1af65ac9fad21c89220a143eb4?s=96&d=mm&r=g","caption":"maranhaotv"},"sameAs":["https:\/\/maranhaotv.com.br\/"],"url":"https:\/\/maranhaotv.com.br\/index.php\/author\/maranhaotv\/"}]}},"jetpack_featured_media_url":"","jetpack_sharing_enabled":true,"_links":{"self":[{"href":"https:\/\/maranhaotv.com.br\/index.php\/wp-json\/wp\/v2\/posts\/13384","targetHints":{"allow":["GET"]}}],"collection":[{"href":"https:\/\/maranhaotv.com.br\/index.php\/wp-json\/wp\/v2\/posts"}],"about":[{"href":"https:\/\/maranhaotv.com.br\/index.php\/wp-json\/wp\/v2\/types\/post"}],"author":[{"embeddable":true,"href":"https:\/\/maranhaotv.com.br\/index.php\/wp-json\/wp\/v2\/users\/2"}],"replies":[{"embeddable":true,"href":"https:\/\/maranhaotv.com.br\/index.php\/wp-json\/wp\/v2\/comments?post=13384"}],"version-history":[{"count":0,"href":"https:\/\/maranhaotv.com.br\/index.php\/wp-json\/wp\/v2\/posts\/13384\/revisions"}],"wp:featuredmedia":[{"embeddable":true,"href":"https:\/\/maranhaotv.com.br\/index.php\/wp-json\/"}],"wp:attachment":[{"href":"https:\/\/maranhaotv.com.br\/index.php\/wp-json\/wp\/v2\/media?parent=13384"}],"wp:term":[{"taxonomy":"category","embeddable":true,"href":"https:\/\/maranhaotv.com.br\/index.php\/wp-json\/wp\/v2\/categories?post=13384"},{"taxonomy":"post_tag","embeddable":true,"href":"https:\/\/maranhaotv.com.br\/index.php\/wp-json\/wp\/v2\/tags?post=13384"}],"curies":[{"name":"wp","href":"https:\/\/api.w.org\/{rel}","templated":true}]}}