{"id":13473,"date":"2020-07-28T15:21:37","date_gmt":"2020-07-28T18:21:37","guid":{"rendered":"https:\/\/maiobaotv.com.br\/?p=13473"},"modified":"2020-07-28T15:21:37","modified_gmt":"2020-07-28T18:21:37","slug":"dr-julinho-e-junior-lago-lutam-por-mais-cursos-de-graduacao-para-os-ribamarenses","status":"publish","type":"post","link":"https:\/\/maranhaotv.com.br\/index.php\/2020\/07\/28\/dr-julinho-e-junior-lago-lutam-por-mais-cursos-de-graduacao-para-os-ribamarenses\/","title":{"rendered":"Dr\u00b0 Julinho e J\u00fanior Lago lutam por mais cursos de gradua\u00e7\u00e3o para os Ribamarenses"},"content":{"rendered":"<p>O m\u00e9dico e pr\u00e9-candidato a prefeito de S\u00e3o Jos\u00e9 de Ribamar, Dr. Julinho (PL), reuniu-se, na manh\u00e3 desta ter\u00e7a-feira (28), com o reitor do Instituto Federal do Maranh\u00e3o \u2013 IFMA, Roberto Brand\u00e3o. O encontro contou com a participa\u00e7\u00e3o do presidente do Avante ribamarense J\u00fanior Lago e do l\u00edder da bancada federal, deputado Marreca Filho (Patriota).<\/p>\n<p>Durante o encontro, foi discutido a situa\u00e7\u00e3o do ensino t\u00e9cnico e superior no munic\u00edpio de S\u00e3o Jos\u00e9 de Ribamar, a estrutura do campus do IFMA, localizado na estrada de Ribamar, al\u00e9m da viabiliza\u00e7\u00e3o de melhorias para a unidade.<\/p>\n<p>Dr. Julinho pediu ao reitor, para analisar a possibilidade de ampliar a oferta de cursos para os ribamarenses, tanto a n\u00edvel t\u00e9cnico, quanto a oferta de mais cursos de gradua\u00e7\u00e3o. \u201cHoje, os ribamarenses tem como op\u00e7\u00f5es para n\u00edvel t\u00e9cnico, os cursos de Administra\u00e7\u00e3o, Eletroeletr\u00f4nica, Inform\u00e1tica para internet, Programa\u00e7\u00e3o de jogos digitais e redes de computadores, e na gradua\u00e7\u00e3o, apenas uma \u00fanica op\u00e7\u00e3o que \u00e9 o curso de tecn\u00f3logo em Processos Gerenciais. Tenho certeza que com a uni\u00e3o e esfor\u00e7os de todos, inclusive do nosso amigo e deputado federal Marreca Filho, poderemos ampliar as op\u00e7\u00f5es de ofertas de cursos para os ribamarenses.\u201d Destacou Dr. Julinho.<\/p>\n<p>J\u00fanior Lago aproveitou a oportunidade para relatar as demandas que tem ouvido de pais de alunos e de alunos do IFMA, em rela\u00e7\u00e3o a estrutura do campus ribamarense. \u201cO campus \u00e9 novo e ainda falta muita coisa para ser feito. Pelo relato dos alunos, falta refeit\u00f3rio, quadra coberta, e tamb\u00e9m h\u00e1 a op\u00e7\u00e3o e espa\u00e7o para constru\u00e7\u00e3o de uma piscina ol\u00edmpica. Passei todas essas demandas para o l\u00edder da bancada maranhense na C\u00e2mara Federal, e tenho certeza que juntos, conseguiremos avan\u00e7ar para garantir mais educa\u00e7\u00e3o aos ribamarenses.\u201d Destacou J\u00fanior Lago.<\/p>\n<p>O reitor Roberto Brand\u00e3o recebeu com alegria a inten\u00e7\u00e3o de colabora\u00e7\u00e3o coletiva e garantiu que ir\u00e1 colocar em estudo a viabilidade para oferta de novos cursos.<\/p>\n","protected":false},"excerpt":{"rendered":"<p>O m\u00e9dico e pr\u00e9-candidato a prefeito de S\u00e3o Jos\u00e9 de Ribamar, Dr. Julinho (PL), reuniu-se, na manh\u00e3 desta ter\u00e7a-feira (28),<\/p>\n","protected":false},"author":2,"featured_media":13472,"comment_status":"open","ping_status":"open","sticky":false,"template":"","format":"standard","meta":{"colormag_page_container_layout":"default_layout","colormag_page_sidebar_layout":"default_layout","_jetpack_memberships_contains_paid_content":false,"footnotes":""},"categories":[2,6],"tags":[],"class_list":["post-13473","post","type-post","status-publish","format-standard","has-post-thumbnail","hentry","category-noticias","category-politica"],"magazineBlocksPostFeaturedMedia":{"thumbnail":false,"medium":false,"medium_large":false,"large":false,"1536x1536":false,"2048x2048":false,"colormag-highlighted-post":false,"colormag-featured-post-medium":false,"colormag-featured-post-small":false,"colormag-featured-image":false,"colormag-default-news":false,"colormag-featured-image-large":false},"magazineBlocksPostAuthor":{"name":"maranhaotv","avatar":"https:\/\/secure.gravatar.com\/avatar\/8fadbca458d4cb68b1dd399ae9a40618d747bb1af65ac9fad21c89220a143eb4?s=96&d=mm&r=g"},"magazineBlocksPostCommentsNumber":"0","magazineBlocksPostExcerpt":"O m\u00e9dico e pr\u00e9-candidato a prefeito de S\u00e3o Jos\u00e9 de Ribamar, Dr. Julinho (PL), reuniu-se, na manh\u00e3 desta ter\u00e7a-feira (28),","magazineBlocksPostCategories":["not\u00edcias","pol\u00edtica"],"magazineBlocksPostViewCount":208,"magazineBlocksPostReadTime":2,"magazine_blocks_featured_image_url":{"full":false,"medium":false,"thumbnail":false},"magazine_blocks_author":{"display_name":"maranhaotv","author_link":"https:\/\/maranhaotv.com.br\/index.php\/author\/maranhaotv\/"},"magazine_blocks_comment":0,"magazine_blocks_author_image":"https:\/\/secure.gravatar.com\/avatar\/8fadbca458d4cb68b1dd399ae9a40618d747bb1af65ac9fad21c89220a143eb4?s=96&d=mm&r=g","magazine_blocks_category":"<a href=\"#\" class=\"category-link category-link-2\">not\u00edcias<\/a> <a href=\"#\" class=\"category-link category-link-6\">pol\u00edtica<\/a>","yoast_head":"<!-- This site is optimized with the Yoast SEO plugin v27.4 - https:\/\/yoast.com\/product\/yoast-seo-wordpress\/ -->\n<title>Dr\u00b0 Julinho e J\u00fanior Lago lutam por mais cursos de gradua\u00e7\u00e3o para os Ribamarenses - NOT\u00cdCIAS EM TEMPO REAL<\/title>\n<meta name=\"robots\" content=\"index, follow, max-snippet:-1, max-image-preview:large, max-video-preview:-1\" \/>\n<link rel=\"canonical\" href=\"https:\/\/maranhaotv.com.br\/index.php\/2020\/07\/28\/dr-julinho-e-junior-lago-lutam-por-mais-cursos-de-graduacao-para-os-ribamarenses\/\" \/>\n<meta property=\"og:locale\" content=\"pt_BR\" \/>\n<meta property=\"og:type\" content=\"article\" \/>\n<meta property=\"og:title\" content=\"Dr\u00b0 Julinho e J\u00fanior Lago lutam por mais cursos de gradua\u00e7\u00e3o para os Ribamarenses - NOT\u00cdCIAS EM TEMPO REAL\" \/>\n<meta property=\"og:description\" content=\"O m\u00e9dico e pr\u00e9-candidato a prefeito de S\u00e3o Jos\u00e9 de Ribamar, Dr. Julinho (PL), reuniu-se, na manh\u00e3 desta ter\u00e7a-feira (28),\" \/>\n<meta property=\"og:url\" content=\"https:\/\/maranhaotv.com.br\/index.php\/2020\/07\/28\/dr-julinho-e-junior-lago-lutam-por-mais-cursos-de-graduacao-para-os-ribamarenses\/\" \/>\n<meta property=\"og:site_name\" content=\"NOT\u00cdCIAS EM TEMPO REAL\" \/>\n<meta property=\"article:publisher\" content=\"https:\/\/www.facebook.com\/maiobaotv\" \/>\n<meta property=\"article:published_time\" content=\"2020-07-28T18:21:37+00:00\" \/>\n<meta name=\"author\" content=\"maranhaotv\" \/>\n<meta name=\"twitter:card\" content=\"summary_large_image\" \/>\n<meta name=\"twitter:creator\" content=\"@sitemaranhaotv\" \/>\n<meta name=\"twitter:site\" content=\"@sitemaranhaotv\" \/>\n<meta name=\"twitter:label1\" content=\"Escrito por\" \/>\n\t<meta name=\"twitter:data1\" content=\"maranhaotv\" \/>\n\t<meta name=\"twitter:label2\" content=\"Est. tempo de leitura\" \/>\n\t<meta name=\"twitter:data2\" content=\"2 minutos\" \/>\n<script type=\"application\/ld+json\" class=\"yoast-schema-graph\">{\"@context\":\"https:\\\/\\\/schema.org\",\"@graph\":[{\"@type\":\"Article\",\"@id\":\"https:\\\/\\\/maranhaotv.com.br\\\/index.php\\\/2020\\\/07\\\/28\\\/dr-julinho-e-junior-lago-lutam-por-mais-cursos-de-graduacao-para-os-ribamarenses\\\/#article\",\"isPartOf\":{\"@id\":\"https:\\\/\\\/maranhaotv.com.br\\\/index.php\\\/2020\\\/07\\\/28\\\/dr-julinho-e-junior-lago-lutam-por-mais-cursos-de-graduacao-para-os-ribamarenses\\\/\"},\"author\":{\"name\":\"maranhaotv\",\"@id\":\"https:\\\/\\\/maranhaotv.com.br\\\/#\\\/schema\\\/person\\\/3d54238e86b20bb5c89ab2fdb8f8829a\"},\"headline\":\"Dr\u00b0 Julinho e J\u00fanior Lago lutam por mais cursos de gradua\u00e7\u00e3o para os Ribamarenses\",\"datePublished\":\"2020-07-28T18:21:37+00:00\",\"mainEntityOfPage\":{\"@id\":\"https:\\\/\\\/maranhaotv.com.br\\\/index.php\\\/2020\\\/07\\\/28\\\/dr-julinho-e-junior-lago-lutam-por-mais-cursos-de-graduacao-para-os-ribamarenses\\\/\"},\"wordCount\":372,\"commentCount\":0,\"publisher\":{\"@id\":\"https:\\\/\\\/maranhaotv.com.br\\\/#organization\"},\"image\":{\"@id\":\"https:\\\/\\\/maranhaotv.com.br\\\/index.php\\\/2020\\\/07\\\/28\\\/dr-julinho-e-junior-lago-lutam-por-mais-cursos-de-graduacao-para-os-ribamarenses\\\/#primaryimage\"},\"thumbnailUrl\":\"\",\"articleSection\":[\"not\u00edcias\",\"pol\u00edtica\"],\"inLanguage\":\"pt-BR\",\"potentialAction\":[{\"@type\":\"CommentAction\",\"name\":\"Comment\",\"target\":[\"https:\\\/\\\/maranhaotv.com.br\\\/index.php\\\/2020\\\/07\\\/28\\\/dr-julinho-e-junior-lago-lutam-por-mais-cursos-de-graduacao-para-os-ribamarenses\\\/#respond\"]}]},{\"@type\":\"WebPage\",\"@id\":\"https:\\\/\\\/maranhaotv.com.br\\\/index.php\\\/2020\\\/07\\\/28\\\/dr-julinho-e-junior-lago-lutam-por-mais-cursos-de-graduacao-para-os-ribamarenses\\\/\",\"url\":\"https:\\\/\\\/maranhaotv.com.br\\\/index.php\\\/2020\\\/07\\\/28\\\/dr-julinho-e-junior-lago-lutam-por-mais-cursos-de-graduacao-para-os-ribamarenses\\\/\",\"name\":\"Dr\u00b0 Julinho e J\u00fanior Lago lutam por mais cursos de gradua\u00e7\u00e3o para os Ribamarenses - NOT\u00cdCIAS EM TEMPO REAL\",\"isPartOf\":{\"@id\":\"https:\\\/\\\/maranhaotv.com.br\\\/#website\"},\"primaryImageOfPage\":{\"@id\":\"https:\\\/\\\/maranhaotv.com.br\\\/index.php\\\/2020\\\/07\\\/28\\\/dr-julinho-e-junior-lago-lutam-por-mais-cursos-de-graduacao-para-os-ribamarenses\\\/#primaryimage\"},\"image\":{\"@id\":\"https:\\\/\\\/maranhaotv.com.br\\\/index.php\\\/2020\\\/07\\\/28\\\/dr-julinho-e-junior-lago-lutam-por-mais-cursos-de-graduacao-para-os-ribamarenses\\\/#primaryimage\"},\"thumbnailUrl\":\"\",\"datePublished\":\"2020-07-28T18:21:37+00:00\",\"breadcrumb\":{\"@id\":\"https:\\\/\\\/maranhaotv.com.br\\\/index.php\\\/2020\\\/07\\\/28\\\/dr-julinho-e-junior-lago-lutam-por-mais-cursos-de-graduacao-para-os-ribamarenses\\\/#breadcrumb\"},\"inLanguage\":\"pt-BR\",\"potentialAction\":[{\"@type\":\"ReadAction\",\"target\":[\"https:\\\/\\\/maranhaotv.com.br\\\/index.php\\\/2020\\\/07\\\/28\\\/dr-julinho-e-junior-lago-lutam-por-mais-cursos-de-graduacao-para-os-ribamarenses\\\/\"]}]},{\"@type\":\"ImageObject\",\"inLanguage\":\"pt-BR\",\"@id\":\"https:\\\/\\\/maranhaotv.com.br\\\/index.php\\\/2020\\\/07\\\/28\\\/dr-julinho-e-junior-lago-lutam-por-mais-cursos-de-graduacao-para-os-ribamarenses\\\/#primaryimage\",\"url\":\"\",\"contentUrl\":\"\"},{\"@type\":\"BreadcrumbList\",\"@id\":\"https:\\\/\\\/maranhaotv.com.br\\\/index.php\\\/2020\\\/07\\\/28\\\/dr-julinho-e-junior-lago-lutam-por-mais-cursos-de-graduacao-para-os-ribamarenses\\\/#breadcrumb\",\"itemListElement\":[{\"@type\":\"ListItem\",\"position\":1,\"name\":\"In\u00edcio\",\"item\":\"https:\\\/\\\/maranhaotv.com.br\\\/\"},{\"@type\":\"ListItem\",\"position\":2,\"name\":\"Dr\u00b0 Julinho e J\u00fanior Lago lutam por mais cursos de gradua\u00e7\u00e3o para os Ribamarenses\"}]},{\"@type\":\"WebSite\",\"@id\":\"https:\\\/\\\/maranhaotv.com.br\\\/#website\",\"url\":\"https:\\\/\\\/maranhaotv.com.br\\\/\",\"name\":\"Maranh\u00e3oTV\",\"description\":\"\",\"publisher\":{\"@id\":\"https:\\\/\\\/maranhaotv.com.br\\\/#organization\"},\"potentialAction\":[{\"@type\":\"SearchAction\",\"target\":{\"@type\":\"EntryPoint\",\"urlTemplate\":\"https:\\\/\\\/maranhaotv.com.br\\\/?s={search_term_string}\"},\"query-input\":{\"@type\":\"PropertyValueSpecification\",\"valueRequired\":true,\"valueName\":\"search_term_string\"}}],\"inLanguage\":\"pt-BR\"},{\"@type\":\"Organization\",\"@id\":\"https:\\\/\\\/maranhaotv.com.br\\\/#organization\",\"name\":\"Portal de Not\u00edcias\",\"url\":\"https:\\\/\\\/maranhaotv.com.br\\\/\",\"logo\":{\"@type\":\"ImageObject\",\"inLanguage\":\"pt-BR\",\"@id\":\"https:\\\/\\\/maranhaotv.com.br\\\/#\\\/schema\\\/logo\\\/image\\\/\",\"url\":\"https:\\\/\\\/maranhaotv.com.br\\\/wp-content\\\/uploads\\\/2024\\\/05\\\/cropped-cropped-avatar-1.png\",\"contentUrl\":\"https:\\\/\\\/maranhaotv.com.br\\\/wp-content\\\/uploads\\\/2024\\\/05\\\/cropped-cropped-avatar-1.png\",\"width\":792,\"height\":428,\"caption\":\"Portal de Not\u00edcias\"},\"image\":{\"@id\":\"https:\\\/\\\/maranhaotv.com.br\\\/#\\\/schema\\\/logo\\\/image\\\/\"},\"sameAs\":[\"https:\\\/\\\/www.facebook.com\\\/maiobaotv\",\"https:\\\/\\\/x.com\\\/sitemaranhaotv\",\"https:\\\/\\\/www.instagram.com\\\/maranhao.tv\",\"https:\\\/\\\/www.threads.net\\\/@maranhao.tv\"]},{\"@type\":\"Person\",\"@id\":\"https:\\\/\\\/maranhaotv.com.br\\\/#\\\/schema\\\/person\\\/3d54238e86b20bb5c89ab2fdb8f8829a\",\"name\":\"maranhaotv\",\"image\":{\"@type\":\"ImageObject\",\"inLanguage\":\"pt-BR\",\"@id\":\"https:\\\/\\\/secure.gravatar.com\\\/avatar\\\/8fadbca458d4cb68b1dd399ae9a40618d747bb1af65ac9fad21c89220a143eb4?s=96&d=mm&r=g\",\"url\":\"https:\\\/\\\/secure.gravatar.com\\\/avatar\\\/8fadbca458d4cb68b1dd399ae9a40618d747bb1af65ac9fad21c89220a143eb4?s=96&d=mm&r=g\",\"contentUrl\":\"https:\\\/\\\/secure.gravatar.com\\\/avatar\\\/8fadbca458d4cb68b1dd399ae9a40618d747bb1af65ac9fad21c89220a143eb4?s=96&d=mm&r=g\",\"caption\":\"maranhaotv\"},\"sameAs\":[\"https:\\\/\\\/maranhaotv.com.br\\\/\"],\"url\":\"https:\\\/\\\/maranhaotv.com.br\\\/index.php\\\/author\\\/maranhaotv\\\/\"}]}<\/script>\n<!-- \/ Yoast SEO plugin. -->","yoast_head_json":{"title":"Dr\u00b0 Julinho e J\u00fanior Lago lutam por mais cursos de gradua\u00e7\u00e3o para os Ribamarenses - NOT\u00cdCIAS EM TEMPO REAL","robots":{"index":"index","follow":"follow","max-snippet":"max-snippet:-1","max-image-preview":"max-image-preview:large","max-video-preview":"max-video-preview:-1"},"canonical":"https:\/\/maranhaotv.com.br\/index.php\/2020\/07\/28\/dr-julinho-e-junior-lago-lutam-por-mais-cursos-de-graduacao-para-os-ribamarenses\/","og_locale":"pt_BR","og_type":"article","og_title":"Dr\u00b0 Julinho e J\u00fanior Lago lutam por mais cursos de gradua\u00e7\u00e3o para os Ribamarenses - NOT\u00cdCIAS EM TEMPO REAL","og_description":"O m\u00e9dico e pr\u00e9-candidato a prefeito de S\u00e3o Jos\u00e9 de Ribamar, Dr. Julinho (PL), reuniu-se, na manh\u00e3 desta ter\u00e7a-feira (28),","og_url":"https:\/\/maranhaotv.com.br\/index.php\/2020\/07\/28\/dr-julinho-e-junior-lago-lutam-por-mais-cursos-de-graduacao-para-os-ribamarenses\/","og_site_name":"NOT\u00cdCIAS EM TEMPO REAL","article_publisher":"https:\/\/www.facebook.com\/maiobaotv","article_published_time":"2020-07-28T18:21:37+00:00","author":"maranhaotv","twitter_card":"summary_large_image","twitter_creator":"@sitemaranhaotv","twitter_site":"@sitemaranhaotv","twitter_misc":{"Escrito por":"maranhaotv","Est. tempo de leitura":"2 minutos"},"schema":{"@context":"https:\/\/schema.org","@graph":[{"@type":"Article","@id":"https:\/\/maranhaotv.com.br\/index.php\/2020\/07\/28\/dr-julinho-e-junior-lago-lutam-por-mais-cursos-de-graduacao-para-os-ribamarenses\/#article","isPartOf":{"@id":"https:\/\/maranhaotv.com.br\/index.php\/2020\/07\/28\/dr-julinho-e-junior-lago-lutam-por-mais-cursos-de-graduacao-para-os-ribamarenses\/"},"author":{"name":"maranhaotv","@id":"https:\/\/maranhaotv.com.br\/#\/schema\/person\/3d54238e86b20bb5c89ab2fdb8f8829a"},"headline":"Dr\u00b0 Julinho e J\u00fanior Lago lutam por mais cursos de gradua\u00e7\u00e3o para os Ribamarenses","datePublished":"2020-07-28T18:21:37+00:00","mainEntityOfPage":{"@id":"https:\/\/maranhaotv.com.br\/index.php\/2020\/07\/28\/dr-julinho-e-junior-lago-lutam-por-mais-cursos-de-graduacao-para-os-ribamarenses\/"},"wordCount":372,"commentCount":0,"publisher":{"@id":"https:\/\/maranhaotv.com.br\/#organization"},"image":{"@id":"https:\/\/maranhaotv.com.br\/index.php\/2020\/07\/28\/dr-julinho-e-junior-lago-lutam-por-mais-cursos-de-graduacao-para-os-ribamarenses\/#primaryimage"},"thumbnailUrl":"","articleSection":["not\u00edcias","pol\u00edtica"],"inLanguage":"pt-BR","potentialAction":[{"@type":"CommentAction","name":"Comment","target":["https:\/\/maranhaotv.com.br\/index.php\/2020\/07\/28\/dr-julinho-e-junior-lago-lutam-por-mais-cursos-de-graduacao-para-os-ribamarenses\/#respond"]}]},{"@type":"WebPage","@id":"https:\/\/maranhaotv.com.br\/index.php\/2020\/07\/28\/dr-julinho-e-junior-lago-lutam-por-mais-cursos-de-graduacao-para-os-ribamarenses\/","url":"https:\/\/maranhaotv.com.br\/index.php\/2020\/07\/28\/dr-julinho-e-junior-lago-lutam-por-mais-cursos-de-graduacao-para-os-ribamarenses\/","name":"Dr\u00b0 Julinho e J\u00fanior Lago lutam por mais cursos de gradua\u00e7\u00e3o para os Ribamarenses - NOT\u00cdCIAS EM TEMPO REAL","isPartOf":{"@id":"https:\/\/maranhaotv.com.br\/#website"},"primaryImageOfPage":{"@id":"https:\/\/maranhaotv.com.br\/index.php\/2020\/07\/28\/dr-julinho-e-junior-lago-lutam-por-mais-cursos-de-graduacao-para-os-ribamarenses\/#primaryimage"},"image":{"@id":"https:\/\/maranhaotv.com.br\/index.php\/2020\/07\/28\/dr-julinho-e-junior-lago-lutam-por-mais-cursos-de-graduacao-para-os-ribamarenses\/#primaryimage"},"thumbnailUrl":"","datePublished":"2020-07-28T18:21:37+00:00","breadcrumb":{"@id":"https:\/\/maranhaotv.com.br\/index.php\/2020\/07\/28\/dr-julinho-e-junior-lago-lutam-por-mais-cursos-de-graduacao-para-os-ribamarenses\/#breadcrumb"},"inLanguage":"pt-BR","potentialAction":[{"@type":"ReadAction","target":["https:\/\/maranhaotv.com.br\/index.php\/2020\/07\/28\/dr-julinho-e-junior-lago-lutam-por-mais-cursos-de-graduacao-para-os-ribamarenses\/"]}]},{"@type":"ImageObject","inLanguage":"pt-BR","@id":"https:\/\/maranhaotv.com.br\/index.php\/2020\/07\/28\/dr-julinho-e-junior-lago-lutam-por-mais-cursos-de-graduacao-para-os-ribamarenses\/#primaryimage","url":"","contentUrl":""},{"@type":"BreadcrumbList","@id":"https:\/\/maranhaotv.com.br\/index.php\/2020\/07\/28\/dr-julinho-e-junior-lago-lutam-por-mais-cursos-de-graduacao-para-os-ribamarenses\/#breadcrumb","itemListElement":[{"@type":"ListItem","position":1,"name":"In\u00edcio","item":"https:\/\/maranhaotv.com.br\/"},{"@type":"ListItem","position":2,"name":"Dr\u00b0 Julinho e J\u00fanior Lago lutam por mais cursos de gradua\u00e7\u00e3o para os Ribamarenses"}]},{"@type":"WebSite","@id":"https:\/\/maranhaotv.com.br\/#website","url":"https:\/\/maranhaotv.com.br\/","name":"Maranh\u00e3oTV","description":"","publisher":{"@id":"https:\/\/maranhaotv.com.br\/#organization"},"potentialAction":[{"@type":"SearchAction","target":{"@type":"EntryPoint","urlTemplate":"https:\/\/maranhaotv.com.br\/?s={search_term_string}"},"query-input":{"@type":"PropertyValueSpecification","valueRequired":true,"valueName":"search_term_string"}}],"inLanguage":"pt-BR"},{"@type":"Organization","@id":"https:\/\/maranhaotv.com.br\/#organization","name":"Portal de Not\u00edcias","url":"https:\/\/maranhaotv.com.br\/","logo":{"@type":"ImageObject","inLanguage":"pt-BR","@id":"https:\/\/maranhaotv.com.br\/#\/schema\/logo\/image\/","url":"https:\/\/maranhaotv.com.br\/wp-content\/uploads\/2024\/05\/cropped-cropped-avatar-1.png","contentUrl":"https:\/\/maranhaotv.com.br\/wp-content\/uploads\/2024\/05\/cropped-cropped-avatar-1.png","width":792,"height":428,"caption":"Portal de Not\u00edcias"},"image":{"@id":"https:\/\/maranhaotv.com.br\/#\/schema\/logo\/image\/"},"sameAs":["https:\/\/www.facebook.com\/maiobaotv","https:\/\/x.com\/sitemaranhaotv","https:\/\/www.instagram.com\/maranhao.tv","https:\/\/www.threads.net\/@maranhao.tv"]},{"@type":"Person","@id":"https:\/\/maranhaotv.com.br\/#\/schema\/person\/3d54238e86b20bb5c89ab2fdb8f8829a","name":"maranhaotv","image":{"@type":"ImageObject","inLanguage":"pt-BR","@id":"https:\/\/secure.gravatar.com\/avatar\/8fadbca458d4cb68b1dd399ae9a40618d747bb1af65ac9fad21c89220a143eb4?s=96&d=mm&r=g","url":"https:\/\/secure.gravatar.com\/avatar\/8fadbca458d4cb68b1dd399ae9a40618d747bb1af65ac9fad21c89220a143eb4?s=96&d=mm&r=g","contentUrl":"https:\/\/secure.gravatar.com\/avatar\/8fadbca458d4cb68b1dd399ae9a40618d747bb1af65ac9fad21c89220a143eb4?s=96&d=mm&r=g","caption":"maranhaotv"},"sameAs":["https:\/\/maranhaotv.com.br\/"],"url":"https:\/\/maranhaotv.com.br\/index.php\/author\/maranhaotv\/"}]}},"jetpack_featured_media_url":"","jetpack_sharing_enabled":true,"_links":{"self":[{"href":"https:\/\/maranhaotv.com.br\/index.php\/wp-json\/wp\/v2\/posts\/13473","targetHints":{"allow":["GET"]}}],"collection":[{"href":"https:\/\/maranhaotv.com.br\/index.php\/wp-json\/wp\/v2\/posts"}],"about":[{"href":"https:\/\/maranhaotv.com.br\/index.php\/wp-json\/wp\/v2\/types\/post"}],"author":[{"embeddable":true,"href":"https:\/\/maranhaotv.com.br\/index.php\/wp-json\/wp\/v2\/users\/2"}],"replies":[{"embeddable":true,"href":"https:\/\/maranhaotv.com.br\/index.php\/wp-json\/wp\/v2\/comments?post=13473"}],"version-history":[{"count":0,"href":"https:\/\/maranhaotv.com.br\/index.php\/wp-json\/wp\/v2\/posts\/13473\/revisions"}],"wp:featuredmedia":[{"embeddable":true,"href":"https:\/\/maranhaotv.com.br\/index.php\/wp-json\/"}],"wp:attachment":[{"href":"https:\/\/maranhaotv.com.br\/index.php\/wp-json\/wp\/v2\/media?parent=13473"}],"wp:term":[{"taxonomy":"category","embeddable":true,"href":"https:\/\/maranhaotv.com.br\/index.php\/wp-json\/wp\/v2\/categories?post=13473"},{"taxonomy":"post_tag","embeddable":true,"href":"https:\/\/maranhaotv.com.br\/index.php\/wp-json\/wp\/v2\/tags?post=13473"}],"curies":[{"name":"wp","href":"https:\/\/api.w.org\/{rel}","templated":true}]}}