{"id":13483,"date":"2020-07-28T18:32:16","date_gmt":"2020-07-28T21:32:16","guid":{"rendered":"https:\/\/maiobaotv.com.br\/?p=13483"},"modified":"2020-07-28T18:32:16","modified_gmt":"2020-07-28T21:32:16","slug":"pre-candidato-wellington-do-curso-agradece-confianca-dos-feirantes-da-liberdade-e-reafirma-compromisso-com-categoria","status":"publish","type":"post","link":"https:\/\/maranhaotv.com.br\/index.php\/2020\/07\/28\/pre-candidato-wellington-do-curso-agradece-confianca-dos-feirantes-da-liberdade-e-reafirma-compromisso-com-categoria\/","title":{"rendered":"Pr\u00e9-candidato Wellington do Curso agradece confian\u00e7a dos feirantes da Liberdade e reafirma compromisso com categoria"},"content":{"rendered":"<p>O pr\u00e9-candidato a prefeito de S\u00e3o Lu\u00eds, Wellington do Curso, esteve em mais uma importante reuni\u00e3o com os feirantes da Liberdade. Com o projeto \u201cOuvindo S\u00e3o Lu\u00eds\u201d, Wellington do Curso segue em contato com a popula\u00e7\u00e3o, e tem se destacado por ouvir os feirantes da Grande Ilha.<\/p>\n<p>Na oportunidade, Wellington, que segue entre os tr\u00eas candidatos com maior inten\u00e7\u00e3o de votos, agradeceu a confian\u00e7a dos feirantes e reafirmou compromisso com a categoria.<\/p>\n<blockquote><p>\u201cVoc\u00eas me conhecem. Sabem que n\u00e3o sou o tipo de pol\u00edtico que aparece apenas durante as elei\u00e7\u00f5es. Sabem que sempre frequentei as feiras de S\u00e3o Lu\u00eds exatamente por j\u00e1 ter sido feirante. Eu me sinto em casa. Agrade\u00e7o a confian\u00e7a de voc\u00eas e tenham a certeza de que n\u00e3o irei decepcionar. Como prefeito, pretendo garantir um local digno de trabalho para voc\u00eas e dar melhores condi\u00e7\u00f5es. Contem comigo!\u201d, disse Wellington.<\/p><\/blockquote>\n<p><img loading=\"lazy\" decoding=\"async\" src=\"https:\/\/maiobaotv.com.br\/wp-content\/uploads\/2020\/07\/img-20200728-wa04666157872345438877662.jpg\" class=\"alignnone size-full wp-image-13482\" width=\"603\" height=\"450\"><\/p>\n<p><img loading=\"lazy\" decoding=\"async\" src=\"https:\/\/maiobaotv.com.br\/wp-content\/uploads\/2020\/07\/img-20200728-wa04656517770485142806069.jpg\" class=\"wp-image-13481 alignnone size-full\" width=\"603\" height=\"450\"><\/p>\n","protected":false},"excerpt":{"rendered":"<p>O pr\u00e9-candidato a prefeito de S\u00e3o Lu\u00eds, Wellington do Curso, esteve em mais uma importante reuni\u00e3o com os feirantes da<\/p>\n","protected":false},"author":2,"featured_media":13484,"comment_status":"open","ping_status":"open","sticky":false,"template":"","format":"standard","meta":{"colormag_page_container_layout":"default_layout","colormag_page_sidebar_layout":"default_layout","_jetpack_memberships_contains_paid_content":false,"footnotes":""},"categories":[2],"tags":[22],"class_list":["post-13483","post","type-post","status-publish","format-standard","has-post-thumbnail","hentry","category-noticias","tag-wellington-do-curso"],"magazineBlocksPostFeaturedMedia":{"thumbnail":false,"medium":false,"medium_large":false,"large":false,"1536x1536":false,"2048x2048":false,"colormag-highlighted-post":false,"colormag-featured-post-medium":false,"colormag-featured-post-small":false,"colormag-featured-image":false,"colormag-default-news":false,"colormag-featured-image-large":false},"magazineBlocksPostAuthor":{"name":"maranhaotv","avatar":"https:\/\/secure.gravatar.com\/avatar\/8fadbca458d4cb68b1dd399ae9a40618d747bb1af65ac9fad21c89220a143eb4?s=96&d=mm&r=g"},"magazineBlocksPostCommentsNumber":"0","magazineBlocksPostExcerpt":"O pr\u00e9-candidato a prefeito de S\u00e3o Lu\u00eds, Wellington do Curso, esteve em mais uma importante reuni\u00e3o com os feirantes da","magazineBlocksPostCategories":["not\u00edcias"],"magazineBlocksPostViewCount":147,"magazineBlocksPostReadTime":1,"magazine_blocks_featured_image_url":{"full":false,"medium":false,"thumbnail":false},"magazine_blocks_author":{"display_name":"maranhaotv","author_link":"https:\/\/maranhaotv.com.br\/index.php\/author\/maranhaotv\/"},"magazine_blocks_comment":0,"magazine_blocks_author_image":"https:\/\/secure.gravatar.com\/avatar\/8fadbca458d4cb68b1dd399ae9a40618d747bb1af65ac9fad21c89220a143eb4?s=96&d=mm&r=g","magazine_blocks_category":"<a href=\"#\" class=\"category-link category-link-2\">not\u00edcias<\/a>","yoast_head":"<!-- This site is optimized with the Yoast SEO plugin v27.4 - https:\/\/yoast.com\/product\/yoast-seo-wordpress\/ -->\n<title>Pr\u00e9-candidato Wellington do Curso agradece confian\u00e7a dos feirantes da Liberdade e reafirma compromisso com categoria - NOT\u00cdCIAS EM TEMPO REAL<\/title>\n<meta name=\"robots\" content=\"index, follow, max-snippet:-1, max-image-preview:large, max-video-preview:-1\" \/>\n<link rel=\"canonical\" href=\"https:\/\/maranhaotv.com.br\/index.php\/2020\/07\/28\/pre-candidato-wellington-do-curso-agradece-confianca-dos-feirantes-da-liberdade-e-reafirma-compromisso-com-categoria\/\" \/>\n<meta property=\"og:locale\" content=\"pt_BR\" \/>\n<meta property=\"og:type\" content=\"article\" \/>\n<meta property=\"og:title\" content=\"Pr\u00e9-candidato Wellington do Curso agradece confian\u00e7a dos feirantes da Liberdade e reafirma compromisso com categoria - NOT\u00cdCIAS EM TEMPO REAL\" \/>\n<meta property=\"og:description\" content=\"O pr\u00e9-candidato a prefeito de S\u00e3o Lu\u00eds, Wellington do Curso, esteve em mais uma importante reuni\u00e3o com os feirantes da\" \/>\n<meta property=\"og:url\" content=\"https:\/\/maranhaotv.com.br\/index.php\/2020\/07\/28\/pre-candidato-wellington-do-curso-agradece-confianca-dos-feirantes-da-liberdade-e-reafirma-compromisso-com-categoria\/\" \/>\n<meta property=\"og:site_name\" content=\"NOT\u00cdCIAS EM TEMPO REAL\" \/>\n<meta property=\"article:publisher\" content=\"https:\/\/www.facebook.com\/maiobaotv\" \/>\n<meta property=\"article:published_time\" content=\"2020-07-28T21:32:16+00:00\" \/>\n<meta name=\"author\" content=\"maranhaotv\" \/>\n<meta name=\"twitter:card\" content=\"summary_large_image\" \/>\n<meta name=\"twitter:creator\" content=\"@sitemaranhaotv\" \/>\n<meta name=\"twitter:site\" content=\"@sitemaranhaotv\" \/>\n<meta name=\"twitter:label1\" content=\"Escrito por\" \/>\n\t<meta name=\"twitter:data1\" content=\"maranhaotv\" \/>\n\t<meta name=\"twitter:label2\" content=\"Est. tempo de leitura\" \/>\n\t<meta name=\"twitter:data2\" content=\"1 minuto\" \/>\n<script type=\"application\/ld+json\" class=\"yoast-schema-graph\">{\"@context\":\"https:\\\/\\\/schema.org\",\"@graph\":[{\"@type\":\"Article\",\"@id\":\"https:\\\/\\\/maranhaotv.com.br\\\/index.php\\\/2020\\\/07\\\/28\\\/pre-candidato-wellington-do-curso-agradece-confianca-dos-feirantes-da-liberdade-e-reafirma-compromisso-com-categoria\\\/#article\",\"isPartOf\":{\"@id\":\"https:\\\/\\\/maranhaotv.com.br\\\/index.php\\\/2020\\\/07\\\/28\\\/pre-candidato-wellington-do-curso-agradece-confianca-dos-feirantes-da-liberdade-e-reafirma-compromisso-com-categoria\\\/\"},\"author\":{\"name\":\"maranhaotv\",\"@id\":\"https:\\\/\\\/maranhaotv.com.br\\\/#\\\/schema\\\/person\\\/3d54238e86b20bb5c89ab2fdb8f8829a\"},\"headline\":\"Pr\u00e9-candidato Wellington do Curso agradece confian\u00e7a dos feirantes da Liberdade e reafirma compromisso com categoria\",\"datePublished\":\"2020-07-28T21:32:16+00:00\",\"mainEntityOfPage\":{\"@id\":\"https:\\\/\\\/maranhaotv.com.br\\\/index.php\\\/2020\\\/07\\\/28\\\/pre-candidato-wellington-do-curso-agradece-confianca-dos-feirantes-da-liberdade-e-reafirma-compromisso-com-categoria\\\/\"},\"wordCount\":181,\"commentCount\":0,\"publisher\":{\"@id\":\"https:\\\/\\\/maranhaotv.com.br\\\/#organization\"},\"image\":{\"@id\":\"https:\\\/\\\/maranhaotv.com.br\\\/index.php\\\/2020\\\/07\\\/28\\\/pre-candidato-wellington-do-curso-agradece-confianca-dos-feirantes-da-liberdade-e-reafirma-compromisso-com-categoria\\\/#primaryimage\"},\"thumbnailUrl\":\"\",\"keywords\":[\"Wellington do Curso\"],\"articleSection\":[\"not\u00edcias\"],\"inLanguage\":\"pt-BR\",\"potentialAction\":[{\"@type\":\"CommentAction\",\"name\":\"Comment\",\"target\":[\"https:\\\/\\\/maranhaotv.com.br\\\/index.php\\\/2020\\\/07\\\/28\\\/pre-candidato-wellington-do-curso-agradece-confianca-dos-feirantes-da-liberdade-e-reafirma-compromisso-com-categoria\\\/#respond\"]}]},{\"@type\":\"WebPage\",\"@id\":\"https:\\\/\\\/maranhaotv.com.br\\\/index.php\\\/2020\\\/07\\\/28\\\/pre-candidato-wellington-do-curso-agradece-confianca-dos-feirantes-da-liberdade-e-reafirma-compromisso-com-categoria\\\/\",\"url\":\"https:\\\/\\\/maranhaotv.com.br\\\/index.php\\\/2020\\\/07\\\/28\\\/pre-candidato-wellington-do-curso-agradece-confianca-dos-feirantes-da-liberdade-e-reafirma-compromisso-com-categoria\\\/\",\"name\":\"Pr\u00e9-candidato Wellington do Curso agradece confian\u00e7a dos feirantes da Liberdade e reafirma compromisso com categoria - NOT\u00cdCIAS EM TEMPO REAL\",\"isPartOf\":{\"@id\":\"https:\\\/\\\/maranhaotv.com.br\\\/#website\"},\"primaryImageOfPage\":{\"@id\":\"https:\\\/\\\/maranhaotv.com.br\\\/index.php\\\/2020\\\/07\\\/28\\\/pre-candidato-wellington-do-curso-agradece-confianca-dos-feirantes-da-liberdade-e-reafirma-compromisso-com-categoria\\\/#primaryimage\"},\"image\":{\"@id\":\"https:\\\/\\\/maranhaotv.com.br\\\/index.php\\\/2020\\\/07\\\/28\\\/pre-candidato-wellington-do-curso-agradece-confianca-dos-feirantes-da-liberdade-e-reafirma-compromisso-com-categoria\\\/#primaryimage\"},\"thumbnailUrl\":\"\",\"datePublished\":\"2020-07-28T21:32:16+00:00\",\"breadcrumb\":{\"@id\":\"https:\\\/\\\/maranhaotv.com.br\\\/index.php\\\/2020\\\/07\\\/28\\\/pre-candidato-wellington-do-curso-agradece-confianca-dos-feirantes-da-liberdade-e-reafirma-compromisso-com-categoria\\\/#breadcrumb\"},\"inLanguage\":\"pt-BR\",\"potentialAction\":[{\"@type\":\"ReadAction\",\"target\":[\"https:\\\/\\\/maranhaotv.com.br\\\/index.php\\\/2020\\\/07\\\/28\\\/pre-candidato-wellington-do-curso-agradece-confianca-dos-feirantes-da-liberdade-e-reafirma-compromisso-com-categoria\\\/\"]}]},{\"@type\":\"ImageObject\",\"inLanguage\":\"pt-BR\",\"@id\":\"https:\\\/\\\/maranhaotv.com.br\\\/index.php\\\/2020\\\/07\\\/28\\\/pre-candidato-wellington-do-curso-agradece-confianca-dos-feirantes-da-liberdade-e-reafirma-compromisso-com-categoria\\\/#primaryimage\",\"url\":\"\",\"contentUrl\":\"\"},{\"@type\":\"BreadcrumbList\",\"@id\":\"https:\\\/\\\/maranhaotv.com.br\\\/index.php\\\/2020\\\/07\\\/28\\\/pre-candidato-wellington-do-curso-agradece-confianca-dos-feirantes-da-liberdade-e-reafirma-compromisso-com-categoria\\\/#breadcrumb\",\"itemListElement\":[{\"@type\":\"ListItem\",\"position\":1,\"name\":\"In\u00edcio\",\"item\":\"https:\\\/\\\/maranhaotv.com.br\\\/\"},{\"@type\":\"ListItem\",\"position\":2,\"name\":\"Pr\u00e9-candidato Wellington do Curso agradece confian\u00e7a dos feirantes da Liberdade e reafirma compromisso com categoria\"}]},{\"@type\":\"WebSite\",\"@id\":\"https:\\\/\\\/maranhaotv.com.br\\\/#website\",\"url\":\"https:\\\/\\\/maranhaotv.com.br\\\/\",\"name\":\"Maranh\u00e3oTV\",\"description\":\"\",\"publisher\":{\"@id\":\"https:\\\/\\\/maranhaotv.com.br\\\/#organization\"},\"potentialAction\":[{\"@type\":\"SearchAction\",\"target\":{\"@type\":\"EntryPoint\",\"urlTemplate\":\"https:\\\/\\\/maranhaotv.com.br\\\/?s={search_term_string}\"},\"query-input\":{\"@type\":\"PropertyValueSpecification\",\"valueRequired\":true,\"valueName\":\"search_term_string\"}}],\"inLanguage\":\"pt-BR\"},{\"@type\":\"Organization\",\"@id\":\"https:\\\/\\\/maranhaotv.com.br\\\/#organization\",\"name\":\"Portal de Not\u00edcias\",\"url\":\"https:\\\/\\\/maranhaotv.com.br\\\/\",\"logo\":{\"@type\":\"ImageObject\",\"inLanguage\":\"pt-BR\",\"@id\":\"https:\\\/\\\/maranhaotv.com.br\\\/#\\\/schema\\\/logo\\\/image\\\/\",\"url\":\"https:\\\/\\\/maranhaotv.com.br\\\/wp-content\\\/uploads\\\/2024\\\/05\\\/cropped-cropped-avatar-1.png\",\"contentUrl\":\"https:\\\/\\\/maranhaotv.com.br\\\/wp-content\\\/uploads\\\/2024\\\/05\\\/cropped-cropped-avatar-1.png\",\"width\":792,\"height\":428,\"caption\":\"Portal de Not\u00edcias\"},\"image\":{\"@id\":\"https:\\\/\\\/maranhaotv.com.br\\\/#\\\/schema\\\/logo\\\/image\\\/\"},\"sameAs\":[\"https:\\\/\\\/www.facebook.com\\\/maiobaotv\",\"https:\\\/\\\/x.com\\\/sitemaranhaotv\",\"https:\\\/\\\/www.instagram.com\\\/maranhao.tv\",\"https:\\\/\\\/www.threads.net\\\/@maranhao.tv\"]},{\"@type\":\"Person\",\"@id\":\"https:\\\/\\\/maranhaotv.com.br\\\/#\\\/schema\\\/person\\\/3d54238e86b20bb5c89ab2fdb8f8829a\",\"name\":\"maranhaotv\",\"image\":{\"@type\":\"ImageObject\",\"inLanguage\":\"pt-BR\",\"@id\":\"https:\\\/\\\/secure.gravatar.com\\\/avatar\\\/8fadbca458d4cb68b1dd399ae9a40618d747bb1af65ac9fad21c89220a143eb4?s=96&d=mm&r=g\",\"url\":\"https:\\\/\\\/secure.gravatar.com\\\/avatar\\\/8fadbca458d4cb68b1dd399ae9a40618d747bb1af65ac9fad21c89220a143eb4?s=96&d=mm&r=g\",\"contentUrl\":\"https:\\\/\\\/secure.gravatar.com\\\/avatar\\\/8fadbca458d4cb68b1dd399ae9a40618d747bb1af65ac9fad21c89220a143eb4?s=96&d=mm&r=g\",\"caption\":\"maranhaotv\"},\"sameAs\":[\"https:\\\/\\\/maranhaotv.com.br\\\/\"],\"url\":\"https:\\\/\\\/maranhaotv.com.br\\\/index.php\\\/author\\\/maranhaotv\\\/\"}]}<\/script>\n<!-- \/ Yoast SEO plugin. -->","yoast_head_json":{"title":"Pr\u00e9-candidato Wellington do Curso agradece confian\u00e7a dos feirantes da Liberdade e reafirma compromisso com categoria - NOT\u00cdCIAS EM TEMPO REAL","robots":{"index":"index","follow":"follow","max-snippet":"max-snippet:-1","max-image-preview":"max-image-preview:large","max-video-preview":"max-video-preview:-1"},"canonical":"https:\/\/maranhaotv.com.br\/index.php\/2020\/07\/28\/pre-candidato-wellington-do-curso-agradece-confianca-dos-feirantes-da-liberdade-e-reafirma-compromisso-com-categoria\/","og_locale":"pt_BR","og_type":"article","og_title":"Pr\u00e9-candidato Wellington do Curso agradece confian\u00e7a dos feirantes da Liberdade e reafirma compromisso com categoria - NOT\u00cdCIAS EM TEMPO REAL","og_description":"O pr\u00e9-candidato a prefeito de S\u00e3o Lu\u00eds, Wellington do Curso, esteve em mais uma importante reuni\u00e3o com os feirantes da","og_url":"https:\/\/maranhaotv.com.br\/index.php\/2020\/07\/28\/pre-candidato-wellington-do-curso-agradece-confianca-dos-feirantes-da-liberdade-e-reafirma-compromisso-com-categoria\/","og_site_name":"NOT\u00cdCIAS EM TEMPO REAL","article_publisher":"https:\/\/www.facebook.com\/maiobaotv","article_published_time":"2020-07-28T21:32:16+00:00","author":"maranhaotv","twitter_card":"summary_large_image","twitter_creator":"@sitemaranhaotv","twitter_site":"@sitemaranhaotv","twitter_misc":{"Escrito por":"maranhaotv","Est. tempo de leitura":"1 minuto"},"schema":{"@context":"https:\/\/schema.org","@graph":[{"@type":"Article","@id":"https:\/\/maranhaotv.com.br\/index.php\/2020\/07\/28\/pre-candidato-wellington-do-curso-agradece-confianca-dos-feirantes-da-liberdade-e-reafirma-compromisso-com-categoria\/#article","isPartOf":{"@id":"https:\/\/maranhaotv.com.br\/index.php\/2020\/07\/28\/pre-candidato-wellington-do-curso-agradece-confianca-dos-feirantes-da-liberdade-e-reafirma-compromisso-com-categoria\/"},"author":{"name":"maranhaotv","@id":"https:\/\/maranhaotv.com.br\/#\/schema\/person\/3d54238e86b20bb5c89ab2fdb8f8829a"},"headline":"Pr\u00e9-candidato Wellington do Curso agradece confian\u00e7a dos feirantes da Liberdade e reafirma compromisso com categoria","datePublished":"2020-07-28T21:32:16+00:00","mainEntityOfPage":{"@id":"https:\/\/maranhaotv.com.br\/index.php\/2020\/07\/28\/pre-candidato-wellington-do-curso-agradece-confianca-dos-feirantes-da-liberdade-e-reafirma-compromisso-com-categoria\/"},"wordCount":181,"commentCount":0,"publisher":{"@id":"https:\/\/maranhaotv.com.br\/#organization"},"image":{"@id":"https:\/\/maranhaotv.com.br\/index.php\/2020\/07\/28\/pre-candidato-wellington-do-curso-agradece-confianca-dos-feirantes-da-liberdade-e-reafirma-compromisso-com-categoria\/#primaryimage"},"thumbnailUrl":"","keywords":["Wellington do Curso"],"articleSection":["not\u00edcias"],"inLanguage":"pt-BR","potentialAction":[{"@type":"CommentAction","name":"Comment","target":["https:\/\/maranhaotv.com.br\/index.php\/2020\/07\/28\/pre-candidato-wellington-do-curso-agradece-confianca-dos-feirantes-da-liberdade-e-reafirma-compromisso-com-categoria\/#respond"]}]},{"@type":"WebPage","@id":"https:\/\/maranhaotv.com.br\/index.php\/2020\/07\/28\/pre-candidato-wellington-do-curso-agradece-confianca-dos-feirantes-da-liberdade-e-reafirma-compromisso-com-categoria\/","url":"https:\/\/maranhaotv.com.br\/index.php\/2020\/07\/28\/pre-candidato-wellington-do-curso-agradece-confianca-dos-feirantes-da-liberdade-e-reafirma-compromisso-com-categoria\/","name":"Pr\u00e9-candidato Wellington do Curso agradece confian\u00e7a dos feirantes da Liberdade e reafirma compromisso com categoria - NOT\u00cdCIAS EM TEMPO REAL","isPartOf":{"@id":"https:\/\/maranhaotv.com.br\/#website"},"primaryImageOfPage":{"@id":"https:\/\/maranhaotv.com.br\/index.php\/2020\/07\/28\/pre-candidato-wellington-do-curso-agradece-confianca-dos-feirantes-da-liberdade-e-reafirma-compromisso-com-categoria\/#primaryimage"},"image":{"@id":"https:\/\/maranhaotv.com.br\/index.php\/2020\/07\/28\/pre-candidato-wellington-do-curso-agradece-confianca-dos-feirantes-da-liberdade-e-reafirma-compromisso-com-categoria\/#primaryimage"},"thumbnailUrl":"","datePublished":"2020-07-28T21:32:16+00:00","breadcrumb":{"@id":"https:\/\/maranhaotv.com.br\/index.php\/2020\/07\/28\/pre-candidato-wellington-do-curso-agradece-confianca-dos-feirantes-da-liberdade-e-reafirma-compromisso-com-categoria\/#breadcrumb"},"inLanguage":"pt-BR","potentialAction":[{"@type":"ReadAction","target":["https:\/\/maranhaotv.com.br\/index.php\/2020\/07\/28\/pre-candidato-wellington-do-curso-agradece-confianca-dos-feirantes-da-liberdade-e-reafirma-compromisso-com-categoria\/"]}]},{"@type":"ImageObject","inLanguage":"pt-BR","@id":"https:\/\/maranhaotv.com.br\/index.php\/2020\/07\/28\/pre-candidato-wellington-do-curso-agradece-confianca-dos-feirantes-da-liberdade-e-reafirma-compromisso-com-categoria\/#primaryimage","url":"","contentUrl":""},{"@type":"BreadcrumbList","@id":"https:\/\/maranhaotv.com.br\/index.php\/2020\/07\/28\/pre-candidato-wellington-do-curso-agradece-confianca-dos-feirantes-da-liberdade-e-reafirma-compromisso-com-categoria\/#breadcrumb","itemListElement":[{"@type":"ListItem","position":1,"name":"In\u00edcio","item":"https:\/\/maranhaotv.com.br\/"},{"@type":"ListItem","position":2,"name":"Pr\u00e9-candidato Wellington do Curso agradece confian\u00e7a dos feirantes da Liberdade e reafirma compromisso com categoria"}]},{"@type":"WebSite","@id":"https:\/\/maranhaotv.com.br\/#website","url":"https:\/\/maranhaotv.com.br\/","name":"Maranh\u00e3oTV","description":"","publisher":{"@id":"https:\/\/maranhaotv.com.br\/#organization"},"potentialAction":[{"@type":"SearchAction","target":{"@type":"EntryPoint","urlTemplate":"https:\/\/maranhaotv.com.br\/?s={search_term_string}"},"query-input":{"@type":"PropertyValueSpecification","valueRequired":true,"valueName":"search_term_string"}}],"inLanguage":"pt-BR"},{"@type":"Organization","@id":"https:\/\/maranhaotv.com.br\/#organization","name":"Portal de Not\u00edcias","url":"https:\/\/maranhaotv.com.br\/","logo":{"@type":"ImageObject","inLanguage":"pt-BR","@id":"https:\/\/maranhaotv.com.br\/#\/schema\/logo\/image\/","url":"https:\/\/maranhaotv.com.br\/wp-content\/uploads\/2024\/05\/cropped-cropped-avatar-1.png","contentUrl":"https:\/\/maranhaotv.com.br\/wp-content\/uploads\/2024\/05\/cropped-cropped-avatar-1.png","width":792,"height":428,"caption":"Portal de Not\u00edcias"},"image":{"@id":"https:\/\/maranhaotv.com.br\/#\/schema\/logo\/image\/"},"sameAs":["https:\/\/www.facebook.com\/maiobaotv","https:\/\/x.com\/sitemaranhaotv","https:\/\/www.instagram.com\/maranhao.tv","https:\/\/www.threads.net\/@maranhao.tv"]},{"@type":"Person","@id":"https:\/\/maranhaotv.com.br\/#\/schema\/person\/3d54238e86b20bb5c89ab2fdb8f8829a","name":"maranhaotv","image":{"@type":"ImageObject","inLanguage":"pt-BR","@id":"https:\/\/secure.gravatar.com\/avatar\/8fadbca458d4cb68b1dd399ae9a40618d747bb1af65ac9fad21c89220a143eb4?s=96&d=mm&r=g","url":"https:\/\/secure.gravatar.com\/avatar\/8fadbca458d4cb68b1dd399ae9a40618d747bb1af65ac9fad21c89220a143eb4?s=96&d=mm&r=g","contentUrl":"https:\/\/secure.gravatar.com\/avatar\/8fadbca458d4cb68b1dd399ae9a40618d747bb1af65ac9fad21c89220a143eb4?s=96&d=mm&r=g","caption":"maranhaotv"},"sameAs":["https:\/\/maranhaotv.com.br\/"],"url":"https:\/\/maranhaotv.com.br\/index.php\/author\/maranhaotv\/"}]}},"jetpack_featured_media_url":"","jetpack_sharing_enabled":true,"_links":{"self":[{"href":"https:\/\/maranhaotv.com.br\/index.php\/wp-json\/wp\/v2\/posts\/13483","targetHints":{"allow":["GET"]}}],"collection":[{"href":"https:\/\/maranhaotv.com.br\/index.php\/wp-json\/wp\/v2\/posts"}],"about":[{"href":"https:\/\/maranhaotv.com.br\/index.php\/wp-json\/wp\/v2\/types\/post"}],"author":[{"embeddable":true,"href":"https:\/\/maranhaotv.com.br\/index.php\/wp-json\/wp\/v2\/users\/2"}],"replies":[{"embeddable":true,"href":"https:\/\/maranhaotv.com.br\/index.php\/wp-json\/wp\/v2\/comments?post=13483"}],"version-history":[{"count":0,"href":"https:\/\/maranhaotv.com.br\/index.php\/wp-json\/wp\/v2\/posts\/13483\/revisions"}],"wp:featuredmedia":[{"embeddable":true,"href":"https:\/\/maranhaotv.com.br\/index.php\/wp-json\/"}],"wp:attachment":[{"href":"https:\/\/maranhaotv.com.br\/index.php\/wp-json\/wp\/v2\/media?parent=13483"}],"wp:term":[{"taxonomy":"category","embeddable":true,"href":"https:\/\/maranhaotv.com.br\/index.php\/wp-json\/wp\/v2\/categories?post=13483"},{"taxonomy":"post_tag","embeddable":true,"href":"https:\/\/maranhaotv.com.br\/index.php\/wp-json\/wp\/v2\/tags?post=13483"}],"curies":[{"name":"wp","href":"https:\/\/api.w.org\/{rel}","templated":true}]}}