{"id":13574,"date":"2020-08-03T07:13:30","date_gmt":"2020-08-03T10:13:30","guid":{"rendered":"https:\/\/maiobaotv.com.br\/?p=13574"},"modified":"2020-08-03T07:13:30","modified_gmt":"2020-08-03T10:13:30","slug":"milagres-do-ma-professora-claudete-carvalho-anuncia-pre-candidatura-com-apoio-de-quatro-vereadores","status":"publish","type":"post","link":"https:\/\/maranhaotv.com.br\/index.php\/2020\/08\/03\/milagres-do-ma-professora-claudete-carvalho-anuncia-pre-candidatura-com-apoio-de-quatro-vereadores\/","title":{"rendered":"Milagres do MA: Professora Claudete Carvalho anuncia pr\u00e9-candidatura\u00a0 com apoio de quatro vereadores"},"content":{"rendered":"<p>A professora Claudete Carvalho (PCdoB) anunciou neste domingo (2), sua pr\u00e9-candidatura \u00e0 Prefeitura de Milagres do Maranh\u00e3o num concorrido encontro realizado no povoado Agente da Mata que oficializou, inclusive, o nome de sua companheira de chapa que ser\u00e1 Elis\u00e2ngela Peixoto, pr\u00e9-candidata \u00e0 vice.<\/p>\n<p>Determinada e dizendo estar convencida de que o desenvolvimento do munic\u00edpio estar\u00e1 comprometido se n\u00e3o houver um novo conceito de gest\u00e3o da coisa p\u00fablica, Claudete destacou que est\u00e1 disposta a sair da zona de conforto e ir mais uma vez para o enfrentamento, no campo das ideias, para construir uma candidatura majorit\u00e1ria competitiva.<\/p>\n<p>Al\u00e7ada a uma posi\u00e7\u00e3o de certo destaque na campanha de 2016, quando concorreu \u00e0 Prefeitura Municipal e obteve a segunda coloca\u00e7\u00e3o, a pr\u00e9-candidata do PCdoB que tem uma brilhante popularidade no lugar, \u00e9 vista por todos os analistas da regi\u00e3o como uma \u2018outsider\u2019, para a disputa do executivo milagrense em 2020.<\/p>\n<p>A for\u00e7a politica dela \u00e9 t\u00e3o grande que a professora deu trabalho no \u00faltimo pleito municipal e, mesmo sem nenhuma estrutura, perdeu a disputa por uma diferen\u00e7a de 228 votos. Claudete obteve 2.218 votos, equivalente a 47,56% da vota\u00e7\u00e3o, contra o atual prefeito Leonardo que conquistou 2.446 votos, equivalente a 52,44%.<\/p>\n<p>Sem tomar conhecimento dos fracassos da atual gest\u00e3o, Claudete vai se consolidando para enfrentar mais uma elei\u00e7\u00e3o e \u00e9 a favorito para ser a pr\u00f3xima prefeita de Milagres.<\/p>\n<p>Sua for\u00e7a pol\u00edtica \u00e9 t\u00e3o grande, que ela oficializou sua pr\u00e9-candidatura com apoio de quatro vereadores do munic\u00edpio: Cen\u00e1rio, Francisco, Z\u00e9 Barra e Bernardo Pupa.<\/p>\n<p><img loading=\"lazy\" decoding=\"async\" class=\"wp-image-13575 alignnone size-full\" src=\"https:\/\/maiobaotv.com.br\/wp-content\/uploads\/2020\/08\/img-20200802-wa0197-1024x6825316149576902149419-1.jpg\" width=\"1024\" height=\"682\"><\/p>\n<p>RESPEITO \u00c0S NORMAS SANIT\u00c1RIAS<\/p>\n<p>No encontro de ontem, 02, mais de 200 pessoas compareceram ao ato pol\u00edtico que contou com todas as medidas cautelares devido a pandemia. A anfitri\u00e3 e os convidados estiveram presentes seguindo as normas de seguran\u00e7a determinadas pelas autoridades de sa\u00fade.<\/p>\n<p><img loading=\"lazy\" decoding=\"async\" class=\"wp-image-13573 alignnone size-full\" src=\"https:\/\/maiobaotv.com.br\/wp-content\/uploads\/2020\/08\/img-20200802-wa0183-1024x6823981956163218900988-1.jpg\" width=\"1024\" height=\"682\"><\/p>\n<p><img loading=\"lazy\" decoding=\"async\" class=\"wp-image-13577 alignnone size-full\" src=\"https:\/\/maiobaotv.com.br\/wp-content\/uploads\/2020\/08\/img-20200802-wa0192-1024x6827375988133661309460-1.jpg\" width=\"1024\" height=\"682\"><\/p>\n<p>Munin Conectado<\/p>\n","protected":false},"excerpt":{"rendered":"<p>A professora Claudete Carvalho (PCdoB) anunciou neste domingo (2), sua pr\u00e9-candidatura \u00e0 Prefeitura de Milagres do Maranh\u00e3o num concorrido encontro<\/p>\n","protected":false},"author":2,"featured_media":13579,"comment_status":"open","ping_status":"open","sticky":false,"template":"","format":"standard","meta":{"colormag_page_container_layout":"default_layout","colormag_page_sidebar_layout":"default_layout","_jetpack_memberships_contains_paid_content":false,"footnotes":""},"categories":[2,6],"tags":[16,205],"class_list":["post-13574","post","type-post","status-publish","format-standard","has-post-thumbnail","hentry","category-noticias","category-politica","tag-eleicoes-2020","tag-milagres-do-maranhao"],"magazineBlocksPostFeaturedMedia":{"thumbnail":false,"medium":false,"medium_large":false,"large":false,"1536x1536":false,"2048x2048":false,"colormag-highlighted-post":false,"colormag-featured-post-medium":false,"colormag-featured-post-small":false,"colormag-featured-image":false,"colormag-default-news":false,"colormag-featured-image-large":false},"magazineBlocksPostAuthor":{"name":"maranhaotv","avatar":"https:\/\/secure.gravatar.com\/avatar\/8fadbca458d4cb68b1dd399ae9a40618d747bb1af65ac9fad21c89220a143eb4?s=96&d=mm&r=g"},"magazineBlocksPostCommentsNumber":"0","magazineBlocksPostExcerpt":"A professora Claudete Carvalho (PCdoB) anunciou neste domingo (2), sua pr\u00e9-candidatura \u00e0 Prefeitura de Milagres do Maranh\u00e3o num concorrido encontro","magazineBlocksPostCategories":["not\u00edcias","pol\u00edtica"],"magazineBlocksPostViewCount":196,"magazineBlocksPostReadTime":2,"magazine_blocks_featured_image_url":{"full":false,"medium":false,"thumbnail":false},"magazine_blocks_author":{"display_name":"maranhaotv","author_link":"https:\/\/maranhaotv.com.br\/index.php\/author\/maranhaotv\/"},"magazine_blocks_comment":0,"magazine_blocks_author_image":"https:\/\/secure.gravatar.com\/avatar\/8fadbca458d4cb68b1dd399ae9a40618d747bb1af65ac9fad21c89220a143eb4?s=96&d=mm&r=g","magazine_blocks_category":"<a href=\"#\" class=\"category-link category-link-2\">not\u00edcias<\/a> <a href=\"#\" class=\"category-link category-link-6\">pol\u00edtica<\/a>","yoast_head":"<!-- This site is optimized with the Yoast SEO plugin v27.4 - https:\/\/yoast.com\/product\/yoast-seo-wordpress\/ -->\n<title>Milagres do MA: Professora Claudete Carvalho anuncia pr\u00e9-candidatura\u00a0 com apoio de quatro vereadores - NOT\u00cdCIAS EM TEMPO REAL<\/title>\n<meta name=\"robots\" content=\"index, follow, max-snippet:-1, max-image-preview:large, max-video-preview:-1\" \/>\n<link rel=\"canonical\" href=\"https:\/\/maranhaotv.com.br\/index.php\/2020\/08\/03\/milagres-do-ma-professora-claudete-carvalho-anuncia-pre-candidatura-com-apoio-de-quatro-vereadores\/\" \/>\n<meta property=\"og:locale\" content=\"pt_BR\" \/>\n<meta property=\"og:type\" content=\"article\" \/>\n<meta property=\"og:title\" content=\"Milagres do MA: Professora Claudete Carvalho anuncia pr\u00e9-candidatura\u00a0 com apoio de quatro vereadores - NOT\u00cdCIAS EM TEMPO REAL\" \/>\n<meta property=\"og:description\" content=\"A professora Claudete Carvalho (PCdoB) anunciou neste domingo (2), sua pr\u00e9-candidatura \u00e0 Prefeitura de Milagres do Maranh\u00e3o num concorrido encontro\" \/>\n<meta property=\"og:url\" content=\"https:\/\/maranhaotv.com.br\/index.php\/2020\/08\/03\/milagres-do-ma-professora-claudete-carvalho-anuncia-pre-candidatura-com-apoio-de-quatro-vereadores\/\" \/>\n<meta property=\"og:site_name\" content=\"NOT\u00cdCIAS EM TEMPO REAL\" \/>\n<meta property=\"article:publisher\" content=\"https:\/\/www.facebook.com\/maiobaotv\" \/>\n<meta property=\"article:published_time\" content=\"2020-08-03T10:13:30+00:00\" \/>\n<meta name=\"author\" content=\"maranhaotv\" \/>\n<meta name=\"twitter:card\" content=\"summary_large_image\" \/>\n<meta name=\"twitter:creator\" content=\"@sitemaranhaotv\" \/>\n<meta name=\"twitter:site\" content=\"@sitemaranhaotv\" \/>\n<meta name=\"twitter:label1\" content=\"Escrito por\" \/>\n\t<meta name=\"twitter:data1\" content=\"maranhaotv\" \/>\n\t<meta name=\"twitter:label2\" content=\"Est. tempo de leitura\" \/>\n\t<meta name=\"twitter:data2\" content=\"2 minutos\" \/>\n<script type=\"application\/ld+json\" class=\"yoast-schema-graph\">{\"@context\":\"https:\\\/\\\/schema.org\",\"@graph\":[{\"@type\":\"Article\",\"@id\":\"https:\\\/\\\/maranhaotv.com.br\\\/index.php\\\/2020\\\/08\\\/03\\\/milagres-do-ma-professora-claudete-carvalho-anuncia-pre-candidatura-com-apoio-de-quatro-vereadores\\\/#article\",\"isPartOf\":{\"@id\":\"https:\\\/\\\/maranhaotv.com.br\\\/index.php\\\/2020\\\/08\\\/03\\\/milagres-do-ma-professora-claudete-carvalho-anuncia-pre-candidatura-com-apoio-de-quatro-vereadores\\\/\"},\"author\":{\"name\":\"maranhaotv\",\"@id\":\"https:\\\/\\\/maranhaotv.com.br\\\/#\\\/schema\\\/person\\\/3d54238e86b20bb5c89ab2fdb8f8829a\"},\"headline\":\"Milagres do MA: Professora Claudete Carvalho anuncia pr\u00e9-candidatura\u00a0 com apoio de quatro vereadores\",\"datePublished\":\"2020-08-03T10:13:30+00:00\",\"mainEntityOfPage\":{\"@id\":\"https:\\\/\\\/maranhaotv.com.br\\\/index.php\\\/2020\\\/08\\\/03\\\/milagres-do-ma-professora-claudete-carvalho-anuncia-pre-candidatura-com-apoio-de-quatro-vereadores\\\/\"},\"wordCount\":325,\"commentCount\":0,\"publisher\":{\"@id\":\"https:\\\/\\\/maranhaotv.com.br\\\/#organization\"},\"image\":{\"@id\":\"https:\\\/\\\/maranhaotv.com.br\\\/index.php\\\/2020\\\/08\\\/03\\\/milagres-do-ma-professora-claudete-carvalho-anuncia-pre-candidatura-com-apoio-de-quatro-vereadores\\\/#primaryimage\"},\"thumbnailUrl\":\"\",\"keywords\":[\"Elei\u00e7\u00f5es 2020\",\"Milagres do Maranh\u00e3o\"],\"articleSection\":[\"not\u00edcias\",\"pol\u00edtica\"],\"inLanguage\":\"pt-BR\",\"potentialAction\":[{\"@type\":\"CommentAction\",\"name\":\"Comment\",\"target\":[\"https:\\\/\\\/maranhaotv.com.br\\\/index.php\\\/2020\\\/08\\\/03\\\/milagres-do-ma-professora-claudete-carvalho-anuncia-pre-candidatura-com-apoio-de-quatro-vereadores\\\/#respond\"]}]},{\"@type\":\"WebPage\",\"@id\":\"https:\\\/\\\/maranhaotv.com.br\\\/index.php\\\/2020\\\/08\\\/03\\\/milagres-do-ma-professora-claudete-carvalho-anuncia-pre-candidatura-com-apoio-de-quatro-vereadores\\\/\",\"url\":\"https:\\\/\\\/maranhaotv.com.br\\\/index.php\\\/2020\\\/08\\\/03\\\/milagres-do-ma-professora-claudete-carvalho-anuncia-pre-candidatura-com-apoio-de-quatro-vereadores\\\/\",\"name\":\"Milagres do MA: Professora Claudete Carvalho anuncia pr\u00e9-candidatura\u00a0 com apoio de quatro vereadores - NOT\u00cdCIAS EM TEMPO REAL\",\"isPartOf\":{\"@id\":\"https:\\\/\\\/maranhaotv.com.br\\\/#website\"},\"primaryImageOfPage\":{\"@id\":\"https:\\\/\\\/maranhaotv.com.br\\\/index.php\\\/2020\\\/08\\\/03\\\/milagres-do-ma-professora-claudete-carvalho-anuncia-pre-candidatura-com-apoio-de-quatro-vereadores\\\/#primaryimage\"},\"image\":{\"@id\":\"https:\\\/\\\/maranhaotv.com.br\\\/index.php\\\/2020\\\/08\\\/03\\\/milagres-do-ma-professora-claudete-carvalho-anuncia-pre-candidatura-com-apoio-de-quatro-vereadores\\\/#primaryimage\"},\"thumbnailUrl\":\"\",\"datePublished\":\"2020-08-03T10:13:30+00:00\",\"breadcrumb\":{\"@id\":\"https:\\\/\\\/maranhaotv.com.br\\\/index.php\\\/2020\\\/08\\\/03\\\/milagres-do-ma-professora-claudete-carvalho-anuncia-pre-candidatura-com-apoio-de-quatro-vereadores\\\/#breadcrumb\"},\"inLanguage\":\"pt-BR\",\"potentialAction\":[{\"@type\":\"ReadAction\",\"target\":[\"https:\\\/\\\/maranhaotv.com.br\\\/index.php\\\/2020\\\/08\\\/03\\\/milagres-do-ma-professora-claudete-carvalho-anuncia-pre-candidatura-com-apoio-de-quatro-vereadores\\\/\"]}]},{\"@type\":\"ImageObject\",\"inLanguage\":\"pt-BR\",\"@id\":\"https:\\\/\\\/maranhaotv.com.br\\\/index.php\\\/2020\\\/08\\\/03\\\/milagres-do-ma-professora-claudete-carvalho-anuncia-pre-candidatura-com-apoio-de-quatro-vereadores\\\/#primaryimage\",\"url\":\"\",\"contentUrl\":\"\"},{\"@type\":\"BreadcrumbList\",\"@id\":\"https:\\\/\\\/maranhaotv.com.br\\\/index.php\\\/2020\\\/08\\\/03\\\/milagres-do-ma-professora-claudete-carvalho-anuncia-pre-candidatura-com-apoio-de-quatro-vereadores\\\/#breadcrumb\",\"itemListElement\":[{\"@type\":\"ListItem\",\"position\":1,\"name\":\"In\u00edcio\",\"item\":\"https:\\\/\\\/maranhaotv.com.br\\\/\"},{\"@type\":\"ListItem\",\"position\":2,\"name\":\"Milagres do MA: Professora Claudete Carvalho anuncia pr\u00e9-candidatura\u00a0 com apoio de quatro vereadores\"}]},{\"@type\":\"WebSite\",\"@id\":\"https:\\\/\\\/maranhaotv.com.br\\\/#website\",\"url\":\"https:\\\/\\\/maranhaotv.com.br\\\/\",\"name\":\"Maranh\u00e3oTV\",\"description\":\"\",\"publisher\":{\"@id\":\"https:\\\/\\\/maranhaotv.com.br\\\/#organization\"},\"potentialAction\":[{\"@type\":\"SearchAction\",\"target\":{\"@type\":\"EntryPoint\",\"urlTemplate\":\"https:\\\/\\\/maranhaotv.com.br\\\/?s={search_term_string}\"},\"query-input\":{\"@type\":\"PropertyValueSpecification\",\"valueRequired\":true,\"valueName\":\"search_term_string\"}}],\"inLanguage\":\"pt-BR\"},{\"@type\":\"Organization\",\"@id\":\"https:\\\/\\\/maranhaotv.com.br\\\/#organization\",\"name\":\"Portal de Not\u00edcias\",\"url\":\"https:\\\/\\\/maranhaotv.com.br\\\/\",\"logo\":{\"@type\":\"ImageObject\",\"inLanguage\":\"pt-BR\",\"@id\":\"https:\\\/\\\/maranhaotv.com.br\\\/#\\\/schema\\\/logo\\\/image\\\/\",\"url\":\"https:\\\/\\\/maranhaotv.com.br\\\/wp-content\\\/uploads\\\/2024\\\/05\\\/cropped-cropped-avatar-1.png\",\"contentUrl\":\"https:\\\/\\\/maranhaotv.com.br\\\/wp-content\\\/uploads\\\/2024\\\/05\\\/cropped-cropped-avatar-1.png\",\"width\":792,\"height\":428,\"caption\":\"Portal de Not\u00edcias\"},\"image\":{\"@id\":\"https:\\\/\\\/maranhaotv.com.br\\\/#\\\/schema\\\/logo\\\/image\\\/\"},\"sameAs\":[\"https:\\\/\\\/www.facebook.com\\\/maiobaotv\",\"https:\\\/\\\/x.com\\\/sitemaranhaotv\",\"https:\\\/\\\/www.instagram.com\\\/maranhao.tv\",\"https:\\\/\\\/www.threads.net\\\/@maranhao.tv\"]},{\"@type\":\"Person\",\"@id\":\"https:\\\/\\\/maranhaotv.com.br\\\/#\\\/schema\\\/person\\\/3d54238e86b20bb5c89ab2fdb8f8829a\",\"name\":\"maranhaotv\",\"image\":{\"@type\":\"ImageObject\",\"inLanguage\":\"pt-BR\",\"@id\":\"https:\\\/\\\/secure.gravatar.com\\\/avatar\\\/8fadbca458d4cb68b1dd399ae9a40618d747bb1af65ac9fad21c89220a143eb4?s=96&d=mm&r=g\",\"url\":\"https:\\\/\\\/secure.gravatar.com\\\/avatar\\\/8fadbca458d4cb68b1dd399ae9a40618d747bb1af65ac9fad21c89220a143eb4?s=96&d=mm&r=g\",\"contentUrl\":\"https:\\\/\\\/secure.gravatar.com\\\/avatar\\\/8fadbca458d4cb68b1dd399ae9a40618d747bb1af65ac9fad21c89220a143eb4?s=96&d=mm&r=g\",\"caption\":\"maranhaotv\"},\"sameAs\":[\"https:\\\/\\\/maranhaotv.com.br\\\/\"],\"url\":\"https:\\\/\\\/maranhaotv.com.br\\\/index.php\\\/author\\\/maranhaotv\\\/\"}]}<\/script>\n<!-- \/ Yoast SEO plugin. -->","yoast_head_json":{"title":"Milagres do MA: Professora Claudete Carvalho anuncia pr\u00e9-candidatura\u00a0 com apoio de quatro vereadores - NOT\u00cdCIAS EM TEMPO REAL","robots":{"index":"index","follow":"follow","max-snippet":"max-snippet:-1","max-image-preview":"max-image-preview:large","max-video-preview":"max-video-preview:-1"},"canonical":"https:\/\/maranhaotv.com.br\/index.php\/2020\/08\/03\/milagres-do-ma-professora-claudete-carvalho-anuncia-pre-candidatura-com-apoio-de-quatro-vereadores\/","og_locale":"pt_BR","og_type":"article","og_title":"Milagres do MA: Professora Claudete Carvalho anuncia pr\u00e9-candidatura\u00a0 com apoio de quatro vereadores - NOT\u00cdCIAS EM TEMPO REAL","og_description":"A professora Claudete Carvalho (PCdoB) anunciou neste domingo (2), sua pr\u00e9-candidatura \u00e0 Prefeitura de Milagres do Maranh\u00e3o num concorrido encontro","og_url":"https:\/\/maranhaotv.com.br\/index.php\/2020\/08\/03\/milagres-do-ma-professora-claudete-carvalho-anuncia-pre-candidatura-com-apoio-de-quatro-vereadores\/","og_site_name":"NOT\u00cdCIAS EM TEMPO REAL","article_publisher":"https:\/\/www.facebook.com\/maiobaotv","article_published_time":"2020-08-03T10:13:30+00:00","author":"maranhaotv","twitter_card":"summary_large_image","twitter_creator":"@sitemaranhaotv","twitter_site":"@sitemaranhaotv","twitter_misc":{"Escrito por":"maranhaotv","Est. tempo de leitura":"2 minutos"},"schema":{"@context":"https:\/\/schema.org","@graph":[{"@type":"Article","@id":"https:\/\/maranhaotv.com.br\/index.php\/2020\/08\/03\/milagres-do-ma-professora-claudete-carvalho-anuncia-pre-candidatura-com-apoio-de-quatro-vereadores\/#article","isPartOf":{"@id":"https:\/\/maranhaotv.com.br\/index.php\/2020\/08\/03\/milagres-do-ma-professora-claudete-carvalho-anuncia-pre-candidatura-com-apoio-de-quatro-vereadores\/"},"author":{"name":"maranhaotv","@id":"https:\/\/maranhaotv.com.br\/#\/schema\/person\/3d54238e86b20bb5c89ab2fdb8f8829a"},"headline":"Milagres do MA: Professora Claudete Carvalho anuncia pr\u00e9-candidatura\u00a0 com apoio de quatro vereadores","datePublished":"2020-08-03T10:13:30+00:00","mainEntityOfPage":{"@id":"https:\/\/maranhaotv.com.br\/index.php\/2020\/08\/03\/milagres-do-ma-professora-claudete-carvalho-anuncia-pre-candidatura-com-apoio-de-quatro-vereadores\/"},"wordCount":325,"commentCount":0,"publisher":{"@id":"https:\/\/maranhaotv.com.br\/#organization"},"image":{"@id":"https:\/\/maranhaotv.com.br\/index.php\/2020\/08\/03\/milagres-do-ma-professora-claudete-carvalho-anuncia-pre-candidatura-com-apoio-de-quatro-vereadores\/#primaryimage"},"thumbnailUrl":"","keywords":["Elei\u00e7\u00f5es 2020","Milagres do Maranh\u00e3o"],"articleSection":["not\u00edcias","pol\u00edtica"],"inLanguage":"pt-BR","potentialAction":[{"@type":"CommentAction","name":"Comment","target":["https:\/\/maranhaotv.com.br\/index.php\/2020\/08\/03\/milagres-do-ma-professora-claudete-carvalho-anuncia-pre-candidatura-com-apoio-de-quatro-vereadores\/#respond"]}]},{"@type":"WebPage","@id":"https:\/\/maranhaotv.com.br\/index.php\/2020\/08\/03\/milagres-do-ma-professora-claudete-carvalho-anuncia-pre-candidatura-com-apoio-de-quatro-vereadores\/","url":"https:\/\/maranhaotv.com.br\/index.php\/2020\/08\/03\/milagres-do-ma-professora-claudete-carvalho-anuncia-pre-candidatura-com-apoio-de-quatro-vereadores\/","name":"Milagres do MA: Professora Claudete Carvalho anuncia pr\u00e9-candidatura\u00a0 com apoio de quatro vereadores - NOT\u00cdCIAS EM TEMPO REAL","isPartOf":{"@id":"https:\/\/maranhaotv.com.br\/#website"},"primaryImageOfPage":{"@id":"https:\/\/maranhaotv.com.br\/index.php\/2020\/08\/03\/milagres-do-ma-professora-claudete-carvalho-anuncia-pre-candidatura-com-apoio-de-quatro-vereadores\/#primaryimage"},"image":{"@id":"https:\/\/maranhaotv.com.br\/index.php\/2020\/08\/03\/milagres-do-ma-professora-claudete-carvalho-anuncia-pre-candidatura-com-apoio-de-quatro-vereadores\/#primaryimage"},"thumbnailUrl":"","datePublished":"2020-08-03T10:13:30+00:00","breadcrumb":{"@id":"https:\/\/maranhaotv.com.br\/index.php\/2020\/08\/03\/milagres-do-ma-professora-claudete-carvalho-anuncia-pre-candidatura-com-apoio-de-quatro-vereadores\/#breadcrumb"},"inLanguage":"pt-BR","potentialAction":[{"@type":"ReadAction","target":["https:\/\/maranhaotv.com.br\/index.php\/2020\/08\/03\/milagres-do-ma-professora-claudete-carvalho-anuncia-pre-candidatura-com-apoio-de-quatro-vereadores\/"]}]},{"@type":"ImageObject","inLanguage":"pt-BR","@id":"https:\/\/maranhaotv.com.br\/index.php\/2020\/08\/03\/milagres-do-ma-professora-claudete-carvalho-anuncia-pre-candidatura-com-apoio-de-quatro-vereadores\/#primaryimage","url":"","contentUrl":""},{"@type":"BreadcrumbList","@id":"https:\/\/maranhaotv.com.br\/index.php\/2020\/08\/03\/milagres-do-ma-professora-claudete-carvalho-anuncia-pre-candidatura-com-apoio-de-quatro-vereadores\/#breadcrumb","itemListElement":[{"@type":"ListItem","position":1,"name":"In\u00edcio","item":"https:\/\/maranhaotv.com.br\/"},{"@type":"ListItem","position":2,"name":"Milagres do MA: Professora Claudete Carvalho anuncia pr\u00e9-candidatura\u00a0 com apoio de quatro vereadores"}]},{"@type":"WebSite","@id":"https:\/\/maranhaotv.com.br\/#website","url":"https:\/\/maranhaotv.com.br\/","name":"Maranh\u00e3oTV","description":"","publisher":{"@id":"https:\/\/maranhaotv.com.br\/#organization"},"potentialAction":[{"@type":"SearchAction","target":{"@type":"EntryPoint","urlTemplate":"https:\/\/maranhaotv.com.br\/?s={search_term_string}"},"query-input":{"@type":"PropertyValueSpecification","valueRequired":true,"valueName":"search_term_string"}}],"inLanguage":"pt-BR"},{"@type":"Organization","@id":"https:\/\/maranhaotv.com.br\/#organization","name":"Portal de Not\u00edcias","url":"https:\/\/maranhaotv.com.br\/","logo":{"@type":"ImageObject","inLanguage":"pt-BR","@id":"https:\/\/maranhaotv.com.br\/#\/schema\/logo\/image\/","url":"https:\/\/maranhaotv.com.br\/wp-content\/uploads\/2024\/05\/cropped-cropped-avatar-1.png","contentUrl":"https:\/\/maranhaotv.com.br\/wp-content\/uploads\/2024\/05\/cropped-cropped-avatar-1.png","width":792,"height":428,"caption":"Portal de Not\u00edcias"},"image":{"@id":"https:\/\/maranhaotv.com.br\/#\/schema\/logo\/image\/"},"sameAs":["https:\/\/www.facebook.com\/maiobaotv","https:\/\/x.com\/sitemaranhaotv","https:\/\/www.instagram.com\/maranhao.tv","https:\/\/www.threads.net\/@maranhao.tv"]},{"@type":"Person","@id":"https:\/\/maranhaotv.com.br\/#\/schema\/person\/3d54238e86b20bb5c89ab2fdb8f8829a","name":"maranhaotv","image":{"@type":"ImageObject","inLanguage":"pt-BR","@id":"https:\/\/secure.gravatar.com\/avatar\/8fadbca458d4cb68b1dd399ae9a40618d747bb1af65ac9fad21c89220a143eb4?s=96&d=mm&r=g","url":"https:\/\/secure.gravatar.com\/avatar\/8fadbca458d4cb68b1dd399ae9a40618d747bb1af65ac9fad21c89220a143eb4?s=96&d=mm&r=g","contentUrl":"https:\/\/secure.gravatar.com\/avatar\/8fadbca458d4cb68b1dd399ae9a40618d747bb1af65ac9fad21c89220a143eb4?s=96&d=mm&r=g","caption":"maranhaotv"},"sameAs":["https:\/\/maranhaotv.com.br\/"],"url":"https:\/\/maranhaotv.com.br\/index.php\/author\/maranhaotv\/"}]}},"jetpack_featured_media_url":"","jetpack_sharing_enabled":true,"_links":{"self":[{"href":"https:\/\/maranhaotv.com.br\/index.php\/wp-json\/wp\/v2\/posts\/13574","targetHints":{"allow":["GET"]}}],"collection":[{"href":"https:\/\/maranhaotv.com.br\/index.php\/wp-json\/wp\/v2\/posts"}],"about":[{"href":"https:\/\/maranhaotv.com.br\/index.php\/wp-json\/wp\/v2\/types\/post"}],"author":[{"embeddable":true,"href":"https:\/\/maranhaotv.com.br\/index.php\/wp-json\/wp\/v2\/users\/2"}],"replies":[{"embeddable":true,"href":"https:\/\/maranhaotv.com.br\/index.php\/wp-json\/wp\/v2\/comments?post=13574"}],"version-history":[{"count":0,"href":"https:\/\/maranhaotv.com.br\/index.php\/wp-json\/wp\/v2\/posts\/13574\/revisions"}],"wp:featuredmedia":[{"embeddable":true,"href":"https:\/\/maranhaotv.com.br\/index.php\/wp-json\/"}],"wp:attachment":[{"href":"https:\/\/maranhaotv.com.br\/index.php\/wp-json\/wp\/v2\/media?parent=13574"}],"wp:term":[{"taxonomy":"category","embeddable":true,"href":"https:\/\/maranhaotv.com.br\/index.php\/wp-json\/wp\/v2\/categories?post=13574"},{"taxonomy":"post_tag","embeddable":true,"href":"https:\/\/maranhaotv.com.br\/index.php\/wp-json\/wp\/v2\/tags?post=13574"}],"curies":[{"name":"wp","href":"https:\/\/api.w.org\/{rel}","templated":true}]}}