{"id":13622,"date":"2020-08-04T17:24:50","date_gmt":"2020-08-04T20:24:50","guid":{"rendered":"https:\/\/maiobaotv.com.br\/?p=13622"},"modified":"2020-08-04T17:24:50","modified_gmt":"2020-08-04T20:24:50","slug":"beto-das-vilas-cresce-em-intencoes-de-voto-para-prefeito-de-ribamar","status":"publish","type":"post","link":"https:\/\/maranhaotv.com.br\/index.php\/2020\/08\/04\/beto-das-vilas-cresce-em-intencoes-de-voto-para-prefeito-de-ribamar\/","title":{"rendered":"Beto das Vilas cresce em inten\u00e7\u00f5es de voto para prefeito de Ribamar"},"content":{"rendered":"<p>O pr\u00e9-candidato a prefeito de S\u00e3o Jos\u00e9 de Ribamar, Beto das Vilas (Republicanos10) deu um verdadeiro salto nas inten\u00e7\u00f5es de votos, \u00e9 o que confirma os levantamentos feitos por dois institutos de pesquisa.<\/p>\n<p>No \u00faltimo m\u00eas, Beto teve um aumento gigantesco e mais que dobrou as inten\u00e7\u00f5es de votos, comparando as pesquisas feitas pelo Instituto Data Ilha e MBO. Considerado novo fen\u00f4meno pol\u00edtico ribamarense, Beto das Vilas avan\u00e7a significativamente, ganhando espa\u00e7o a cada dia, tanto na sede quanto nas vilas e zona rural. \u00c9 o pr\u00e9-candidato que mais cresceu, de acordo com as pesquisas dos dois institutos.<\/p>\n<p>Apesar do cen\u00e1rio pol\u00edtico estar acirrado com cinco pr\u00e9-candidatos dentro do p\u00e1reo eleitoral, e embora ele tenha sido o \u00faltimo a assumir sua condi\u00e7\u00e3o de pr\u00e9-candidato, h\u00e1 menos de um m\u00eas, os n\u00fameros surpreendem toda classe pol\u00edtica, e a popula\u00e7\u00e3o j\u00e1 come\u00e7a a trat\u00e1-lo como o mais novo fen\u00f4meno eleitoral de S\u00e3o Jos\u00e9 de Ribamar.<\/p>\n<p>Com vasta experi\u00eancia no legislativo, lado a lado com o povo, Beto das Vilas considera-se preparado para este mais novo desafio no Poder Executivo, por conhecer a fio a realidade desta cidade, a terceira maior em popula\u00e7\u00e3o no Estado.<\/p>\n<p>Atualmente, Beto das Vilas vem conquistando uma gama de partidos que pode chegar a dez, uma das maiores bases no munic\u00edpio. PSD, PV, Cidadania, PTC, PSB e PSC, s\u00e3o alguns que j\u00e1 declararam apoio ao projeto de Beto das Vilas.<\/p>\n<p>No levantamento feito pela Data Ilha entre os dias 23 a 25 de junho, Beto apareceu com 11,5% no cen\u00e1rio espont\u00e2neo. Quase um m\u00eas depois, no levantamento feito pelo MBO, Beto saltou para 19,17%.<\/p>\n<p>Em contato com o pr\u00e9-candidato, Beto das Vilas declarou: \u201cEstou muito feliz com este reconhecimento. Quando Deus e o povo quer, ningu\u00e9m tira\u201d. E acrescentou: \u201cA nossa pr\u00e9-candidatura vem do povo, eu sou a voz do povo. N\u00e3o tem nenhum candidato que conhe\u00e7a mais o povo de Ribamar do que eu. Eu sei quem \u00e9 quem e o povo sabe disso; e as pesquisas mostram esse reconhecimento. O povo acordou! Seguimos confiantes e temos certeza que at\u00e9 as conven\u00e7\u00f5es estaremos em primeiro lugar disparado! Essa candidatura \u00e9 de Deus e do povo, ningu\u00e9m segura!\u201d.<\/p>\n<p>A pesquisa realizada pelo Instituto Data Ilha entre os dias 23 e 25 de junho, no munic\u00edpio de S\u00e3o Jos\u00e9 de Ribamar ouviu 452 eleitores, foi registrada no TSE sob o n\u00famero MA00772\/2020, tem margem de erro de 4% para cima ou para baixo, intervalo de confian\u00e7a de 95% e o contratante foi Joas Consultoria e Marketing Ltda\/TV Maranh\u00e3o.<\/p>\n<p>A Pesquisa Eleitoral foi realizada por M R Borges Servi\u00e7os \/ MBO Publicidade, Marketing e Pesquisa, ouviu 600 entrevistados entre os dias 16 e 19 de julho, tem margem de erro de 3,5% para cima ou para baixo e um intervalo de confian\u00e7a de 96,5%. O protocolo no TSE \u2013 Tribunal Superior Eleitoral \u00e9 MA-07695\/2020.<\/p>\n<p><img loading=\"lazy\" decoding=\"async\" src=\"https:\/\/maiobaotv.com.br\/wp-content\/uploads\/2020\/08\/img-20200804-wa02513684617008330051075.jpg\" class=\"wp-image-13621 alignnone size-full\" width=\"1280\" height=\"1272\"><\/p>\n","protected":false},"excerpt":{"rendered":"<p>O pr\u00e9-candidato a prefeito de S\u00e3o Jos\u00e9 de Ribamar, Beto das Vilas (Republicanos10) deu um verdadeiro salto nas inten\u00e7\u00f5es de<\/p>\n","protected":false},"author":2,"featured_media":13623,"comment_status":"open","ping_status":"open","sticky":false,"template":"","format":"standard","meta":{"colormag_page_container_layout":"default_layout","colormag_page_sidebar_layout":"default_layout","_jetpack_memberships_contains_paid_content":false,"footnotes":""},"categories":[2,6],"tags":[75,206],"class_list":["post-13622","post","type-post","status-publish","format-standard","has-post-thumbnail","hentry","category-noticias","category-politica","tag-beto-das-vilas","tag-sjr"],"magazineBlocksPostFeaturedMedia":{"thumbnail":false,"medium":false,"medium_large":false,"large":false,"1536x1536":false,"2048x2048":false,"colormag-highlighted-post":false,"colormag-featured-post-medium":false,"colormag-featured-post-small":false,"colormag-featured-image":false,"colormag-default-news":false,"colormag-featured-image-large":false},"magazineBlocksPostAuthor":{"name":"maranhaotv","avatar":"https:\/\/secure.gravatar.com\/avatar\/8fadbca458d4cb68b1dd399ae9a40618d747bb1af65ac9fad21c89220a143eb4?s=96&d=mm&r=g"},"magazineBlocksPostCommentsNumber":"0","magazineBlocksPostExcerpt":"O pr\u00e9-candidato a prefeito de S\u00e3o Jos\u00e9 de Ribamar, Beto das Vilas (Republicanos10) deu um verdadeiro salto nas inten\u00e7\u00f5es de","magazineBlocksPostCategories":["not\u00edcias","pol\u00edtica"],"magazineBlocksPostViewCount":219,"magazineBlocksPostReadTime":3,"magazine_blocks_featured_image_url":{"full":false,"medium":false,"thumbnail":false},"magazine_blocks_author":{"display_name":"maranhaotv","author_link":"https:\/\/maranhaotv.com.br\/index.php\/author\/maranhaotv\/"},"magazine_blocks_comment":0,"magazine_blocks_author_image":"https:\/\/secure.gravatar.com\/avatar\/8fadbca458d4cb68b1dd399ae9a40618d747bb1af65ac9fad21c89220a143eb4?s=96&d=mm&r=g","magazine_blocks_category":"<a href=\"#\" class=\"category-link category-link-2\">not\u00edcias<\/a> <a href=\"#\" class=\"category-link category-link-6\">pol\u00edtica<\/a>","yoast_head":"<!-- This site is optimized with the Yoast SEO plugin v27.4 - https:\/\/yoast.com\/product\/yoast-seo-wordpress\/ -->\n<title>Beto das Vilas cresce em inten\u00e7\u00f5es de voto para prefeito de Ribamar - NOT\u00cdCIAS EM TEMPO REAL<\/title>\n<meta name=\"robots\" content=\"index, follow, max-snippet:-1, max-image-preview:large, max-video-preview:-1\" \/>\n<link rel=\"canonical\" href=\"https:\/\/maranhaotv.com.br\/index.php\/2020\/08\/04\/beto-das-vilas-cresce-em-intencoes-de-voto-para-prefeito-de-ribamar\/\" \/>\n<meta property=\"og:locale\" content=\"pt_BR\" \/>\n<meta property=\"og:type\" content=\"article\" \/>\n<meta property=\"og:title\" content=\"Beto das Vilas cresce em inten\u00e7\u00f5es de voto para prefeito de Ribamar - NOT\u00cdCIAS EM TEMPO REAL\" \/>\n<meta property=\"og:description\" content=\"O pr\u00e9-candidato a prefeito de S\u00e3o Jos\u00e9 de Ribamar, Beto das Vilas (Republicanos10) deu um verdadeiro salto nas inten\u00e7\u00f5es de\" \/>\n<meta property=\"og:url\" content=\"https:\/\/maranhaotv.com.br\/index.php\/2020\/08\/04\/beto-das-vilas-cresce-em-intencoes-de-voto-para-prefeito-de-ribamar\/\" \/>\n<meta property=\"og:site_name\" content=\"NOT\u00cdCIAS EM TEMPO REAL\" \/>\n<meta property=\"article:publisher\" content=\"https:\/\/www.facebook.com\/maiobaotv\" \/>\n<meta property=\"article:published_time\" content=\"2020-08-04T20:24:50+00:00\" \/>\n<meta name=\"author\" content=\"maranhaotv\" \/>\n<meta name=\"twitter:card\" content=\"summary_large_image\" \/>\n<meta name=\"twitter:creator\" content=\"@sitemaranhaotv\" \/>\n<meta name=\"twitter:site\" content=\"@sitemaranhaotv\" \/>\n<meta name=\"twitter:label1\" content=\"Escrito por\" \/>\n\t<meta name=\"twitter:data1\" content=\"maranhaotv\" \/>\n\t<meta name=\"twitter:label2\" content=\"Est. tempo de leitura\" \/>\n\t<meta name=\"twitter:data2\" content=\"2 minutos\" \/>\n<script type=\"application\/ld+json\" class=\"yoast-schema-graph\">{\"@context\":\"https:\\\/\\\/schema.org\",\"@graph\":[{\"@type\":\"Article\",\"@id\":\"https:\\\/\\\/maranhaotv.com.br\\\/index.php\\\/2020\\\/08\\\/04\\\/beto-das-vilas-cresce-em-intencoes-de-voto-para-prefeito-de-ribamar\\\/#article\",\"isPartOf\":{\"@id\":\"https:\\\/\\\/maranhaotv.com.br\\\/index.php\\\/2020\\\/08\\\/04\\\/beto-das-vilas-cresce-em-intencoes-de-voto-para-prefeito-de-ribamar\\\/\"},\"author\":{\"name\":\"maranhaotv\",\"@id\":\"https:\\\/\\\/maranhaotv.com.br\\\/#\\\/schema\\\/person\\\/3d54238e86b20bb5c89ab2fdb8f8829a\"},\"headline\":\"Beto das Vilas cresce em inten\u00e7\u00f5es de voto para prefeito de Ribamar\",\"datePublished\":\"2020-08-04T20:24:50+00:00\",\"mainEntityOfPage\":{\"@id\":\"https:\\\/\\\/maranhaotv.com.br\\\/index.php\\\/2020\\\/08\\\/04\\\/beto-das-vilas-cresce-em-intencoes-de-voto-para-prefeito-de-ribamar\\\/\"},\"wordCount\":511,\"commentCount\":0,\"publisher\":{\"@id\":\"https:\\\/\\\/maranhaotv.com.br\\\/#organization\"},\"image\":{\"@id\":\"https:\\\/\\\/maranhaotv.com.br\\\/index.php\\\/2020\\\/08\\\/04\\\/beto-das-vilas-cresce-em-intencoes-de-voto-para-prefeito-de-ribamar\\\/#primaryimage\"},\"thumbnailUrl\":\"\",\"keywords\":[\"Beto das Vilas\",\"SJR\"],\"articleSection\":[\"not\u00edcias\",\"pol\u00edtica\"],\"inLanguage\":\"pt-BR\",\"potentialAction\":[{\"@type\":\"CommentAction\",\"name\":\"Comment\",\"target\":[\"https:\\\/\\\/maranhaotv.com.br\\\/index.php\\\/2020\\\/08\\\/04\\\/beto-das-vilas-cresce-em-intencoes-de-voto-para-prefeito-de-ribamar\\\/#respond\"]}]},{\"@type\":\"WebPage\",\"@id\":\"https:\\\/\\\/maranhaotv.com.br\\\/index.php\\\/2020\\\/08\\\/04\\\/beto-das-vilas-cresce-em-intencoes-de-voto-para-prefeito-de-ribamar\\\/\",\"url\":\"https:\\\/\\\/maranhaotv.com.br\\\/index.php\\\/2020\\\/08\\\/04\\\/beto-das-vilas-cresce-em-intencoes-de-voto-para-prefeito-de-ribamar\\\/\",\"name\":\"Beto das Vilas cresce em inten\u00e7\u00f5es de voto para prefeito de Ribamar - NOT\u00cdCIAS EM TEMPO REAL\",\"isPartOf\":{\"@id\":\"https:\\\/\\\/maranhaotv.com.br\\\/#website\"},\"primaryImageOfPage\":{\"@id\":\"https:\\\/\\\/maranhaotv.com.br\\\/index.php\\\/2020\\\/08\\\/04\\\/beto-das-vilas-cresce-em-intencoes-de-voto-para-prefeito-de-ribamar\\\/#primaryimage\"},\"image\":{\"@id\":\"https:\\\/\\\/maranhaotv.com.br\\\/index.php\\\/2020\\\/08\\\/04\\\/beto-das-vilas-cresce-em-intencoes-de-voto-para-prefeito-de-ribamar\\\/#primaryimage\"},\"thumbnailUrl\":\"\",\"datePublished\":\"2020-08-04T20:24:50+00:00\",\"breadcrumb\":{\"@id\":\"https:\\\/\\\/maranhaotv.com.br\\\/index.php\\\/2020\\\/08\\\/04\\\/beto-das-vilas-cresce-em-intencoes-de-voto-para-prefeito-de-ribamar\\\/#breadcrumb\"},\"inLanguage\":\"pt-BR\",\"potentialAction\":[{\"@type\":\"ReadAction\",\"target\":[\"https:\\\/\\\/maranhaotv.com.br\\\/index.php\\\/2020\\\/08\\\/04\\\/beto-das-vilas-cresce-em-intencoes-de-voto-para-prefeito-de-ribamar\\\/\"]}]},{\"@type\":\"ImageObject\",\"inLanguage\":\"pt-BR\",\"@id\":\"https:\\\/\\\/maranhaotv.com.br\\\/index.php\\\/2020\\\/08\\\/04\\\/beto-das-vilas-cresce-em-intencoes-de-voto-para-prefeito-de-ribamar\\\/#primaryimage\",\"url\":\"\",\"contentUrl\":\"\"},{\"@type\":\"BreadcrumbList\",\"@id\":\"https:\\\/\\\/maranhaotv.com.br\\\/index.php\\\/2020\\\/08\\\/04\\\/beto-das-vilas-cresce-em-intencoes-de-voto-para-prefeito-de-ribamar\\\/#breadcrumb\",\"itemListElement\":[{\"@type\":\"ListItem\",\"position\":1,\"name\":\"In\u00edcio\",\"item\":\"https:\\\/\\\/maranhaotv.com.br\\\/\"},{\"@type\":\"ListItem\",\"position\":2,\"name\":\"Beto das Vilas cresce em inten\u00e7\u00f5es de voto para prefeito de Ribamar\"}]},{\"@type\":\"WebSite\",\"@id\":\"https:\\\/\\\/maranhaotv.com.br\\\/#website\",\"url\":\"https:\\\/\\\/maranhaotv.com.br\\\/\",\"name\":\"Maranh\u00e3oTV\",\"description\":\"\",\"publisher\":{\"@id\":\"https:\\\/\\\/maranhaotv.com.br\\\/#organization\"},\"potentialAction\":[{\"@type\":\"SearchAction\",\"target\":{\"@type\":\"EntryPoint\",\"urlTemplate\":\"https:\\\/\\\/maranhaotv.com.br\\\/?s={search_term_string}\"},\"query-input\":{\"@type\":\"PropertyValueSpecification\",\"valueRequired\":true,\"valueName\":\"search_term_string\"}}],\"inLanguage\":\"pt-BR\"},{\"@type\":\"Organization\",\"@id\":\"https:\\\/\\\/maranhaotv.com.br\\\/#organization\",\"name\":\"Portal de Not\u00edcias\",\"url\":\"https:\\\/\\\/maranhaotv.com.br\\\/\",\"logo\":{\"@type\":\"ImageObject\",\"inLanguage\":\"pt-BR\",\"@id\":\"https:\\\/\\\/maranhaotv.com.br\\\/#\\\/schema\\\/logo\\\/image\\\/\",\"url\":\"https:\\\/\\\/maranhaotv.com.br\\\/wp-content\\\/uploads\\\/2024\\\/05\\\/cropped-cropped-avatar-1.png\",\"contentUrl\":\"https:\\\/\\\/maranhaotv.com.br\\\/wp-content\\\/uploads\\\/2024\\\/05\\\/cropped-cropped-avatar-1.png\",\"width\":792,\"height\":428,\"caption\":\"Portal de Not\u00edcias\"},\"image\":{\"@id\":\"https:\\\/\\\/maranhaotv.com.br\\\/#\\\/schema\\\/logo\\\/image\\\/\"},\"sameAs\":[\"https:\\\/\\\/www.facebook.com\\\/maiobaotv\",\"https:\\\/\\\/x.com\\\/sitemaranhaotv\",\"https:\\\/\\\/www.instagram.com\\\/maranhao.tv\",\"https:\\\/\\\/www.threads.net\\\/@maranhao.tv\"]},{\"@type\":\"Person\",\"@id\":\"https:\\\/\\\/maranhaotv.com.br\\\/#\\\/schema\\\/person\\\/3d54238e86b20bb5c89ab2fdb8f8829a\",\"name\":\"maranhaotv\",\"image\":{\"@type\":\"ImageObject\",\"inLanguage\":\"pt-BR\",\"@id\":\"https:\\\/\\\/secure.gravatar.com\\\/avatar\\\/8fadbca458d4cb68b1dd399ae9a40618d747bb1af65ac9fad21c89220a143eb4?s=96&d=mm&r=g\",\"url\":\"https:\\\/\\\/secure.gravatar.com\\\/avatar\\\/8fadbca458d4cb68b1dd399ae9a40618d747bb1af65ac9fad21c89220a143eb4?s=96&d=mm&r=g\",\"contentUrl\":\"https:\\\/\\\/secure.gravatar.com\\\/avatar\\\/8fadbca458d4cb68b1dd399ae9a40618d747bb1af65ac9fad21c89220a143eb4?s=96&d=mm&r=g\",\"caption\":\"maranhaotv\"},\"sameAs\":[\"https:\\\/\\\/maranhaotv.com.br\\\/\"],\"url\":\"https:\\\/\\\/maranhaotv.com.br\\\/index.php\\\/author\\\/maranhaotv\\\/\"}]}<\/script>\n<!-- \/ Yoast SEO plugin. -->","yoast_head_json":{"title":"Beto das Vilas cresce em inten\u00e7\u00f5es de voto para prefeito de Ribamar - NOT\u00cdCIAS EM TEMPO REAL","robots":{"index":"index","follow":"follow","max-snippet":"max-snippet:-1","max-image-preview":"max-image-preview:large","max-video-preview":"max-video-preview:-1"},"canonical":"https:\/\/maranhaotv.com.br\/index.php\/2020\/08\/04\/beto-das-vilas-cresce-em-intencoes-de-voto-para-prefeito-de-ribamar\/","og_locale":"pt_BR","og_type":"article","og_title":"Beto das Vilas cresce em inten\u00e7\u00f5es de voto para prefeito de Ribamar - NOT\u00cdCIAS EM TEMPO REAL","og_description":"O pr\u00e9-candidato a prefeito de S\u00e3o Jos\u00e9 de Ribamar, Beto das Vilas (Republicanos10) deu um verdadeiro salto nas inten\u00e7\u00f5es de","og_url":"https:\/\/maranhaotv.com.br\/index.php\/2020\/08\/04\/beto-das-vilas-cresce-em-intencoes-de-voto-para-prefeito-de-ribamar\/","og_site_name":"NOT\u00cdCIAS EM TEMPO REAL","article_publisher":"https:\/\/www.facebook.com\/maiobaotv","article_published_time":"2020-08-04T20:24:50+00:00","author":"maranhaotv","twitter_card":"summary_large_image","twitter_creator":"@sitemaranhaotv","twitter_site":"@sitemaranhaotv","twitter_misc":{"Escrito por":"maranhaotv","Est. tempo de leitura":"2 minutos"},"schema":{"@context":"https:\/\/schema.org","@graph":[{"@type":"Article","@id":"https:\/\/maranhaotv.com.br\/index.php\/2020\/08\/04\/beto-das-vilas-cresce-em-intencoes-de-voto-para-prefeito-de-ribamar\/#article","isPartOf":{"@id":"https:\/\/maranhaotv.com.br\/index.php\/2020\/08\/04\/beto-das-vilas-cresce-em-intencoes-de-voto-para-prefeito-de-ribamar\/"},"author":{"name":"maranhaotv","@id":"https:\/\/maranhaotv.com.br\/#\/schema\/person\/3d54238e86b20bb5c89ab2fdb8f8829a"},"headline":"Beto das Vilas cresce em inten\u00e7\u00f5es de voto para prefeito de Ribamar","datePublished":"2020-08-04T20:24:50+00:00","mainEntityOfPage":{"@id":"https:\/\/maranhaotv.com.br\/index.php\/2020\/08\/04\/beto-das-vilas-cresce-em-intencoes-de-voto-para-prefeito-de-ribamar\/"},"wordCount":511,"commentCount":0,"publisher":{"@id":"https:\/\/maranhaotv.com.br\/#organization"},"image":{"@id":"https:\/\/maranhaotv.com.br\/index.php\/2020\/08\/04\/beto-das-vilas-cresce-em-intencoes-de-voto-para-prefeito-de-ribamar\/#primaryimage"},"thumbnailUrl":"","keywords":["Beto das Vilas","SJR"],"articleSection":["not\u00edcias","pol\u00edtica"],"inLanguage":"pt-BR","potentialAction":[{"@type":"CommentAction","name":"Comment","target":["https:\/\/maranhaotv.com.br\/index.php\/2020\/08\/04\/beto-das-vilas-cresce-em-intencoes-de-voto-para-prefeito-de-ribamar\/#respond"]}]},{"@type":"WebPage","@id":"https:\/\/maranhaotv.com.br\/index.php\/2020\/08\/04\/beto-das-vilas-cresce-em-intencoes-de-voto-para-prefeito-de-ribamar\/","url":"https:\/\/maranhaotv.com.br\/index.php\/2020\/08\/04\/beto-das-vilas-cresce-em-intencoes-de-voto-para-prefeito-de-ribamar\/","name":"Beto das Vilas cresce em inten\u00e7\u00f5es de voto para prefeito de Ribamar - NOT\u00cdCIAS EM TEMPO REAL","isPartOf":{"@id":"https:\/\/maranhaotv.com.br\/#website"},"primaryImageOfPage":{"@id":"https:\/\/maranhaotv.com.br\/index.php\/2020\/08\/04\/beto-das-vilas-cresce-em-intencoes-de-voto-para-prefeito-de-ribamar\/#primaryimage"},"image":{"@id":"https:\/\/maranhaotv.com.br\/index.php\/2020\/08\/04\/beto-das-vilas-cresce-em-intencoes-de-voto-para-prefeito-de-ribamar\/#primaryimage"},"thumbnailUrl":"","datePublished":"2020-08-04T20:24:50+00:00","breadcrumb":{"@id":"https:\/\/maranhaotv.com.br\/index.php\/2020\/08\/04\/beto-das-vilas-cresce-em-intencoes-de-voto-para-prefeito-de-ribamar\/#breadcrumb"},"inLanguage":"pt-BR","potentialAction":[{"@type":"ReadAction","target":["https:\/\/maranhaotv.com.br\/index.php\/2020\/08\/04\/beto-das-vilas-cresce-em-intencoes-de-voto-para-prefeito-de-ribamar\/"]}]},{"@type":"ImageObject","inLanguage":"pt-BR","@id":"https:\/\/maranhaotv.com.br\/index.php\/2020\/08\/04\/beto-das-vilas-cresce-em-intencoes-de-voto-para-prefeito-de-ribamar\/#primaryimage","url":"","contentUrl":""},{"@type":"BreadcrumbList","@id":"https:\/\/maranhaotv.com.br\/index.php\/2020\/08\/04\/beto-das-vilas-cresce-em-intencoes-de-voto-para-prefeito-de-ribamar\/#breadcrumb","itemListElement":[{"@type":"ListItem","position":1,"name":"In\u00edcio","item":"https:\/\/maranhaotv.com.br\/"},{"@type":"ListItem","position":2,"name":"Beto das Vilas cresce em inten\u00e7\u00f5es de voto para prefeito de Ribamar"}]},{"@type":"WebSite","@id":"https:\/\/maranhaotv.com.br\/#website","url":"https:\/\/maranhaotv.com.br\/","name":"Maranh\u00e3oTV","description":"","publisher":{"@id":"https:\/\/maranhaotv.com.br\/#organization"},"potentialAction":[{"@type":"SearchAction","target":{"@type":"EntryPoint","urlTemplate":"https:\/\/maranhaotv.com.br\/?s={search_term_string}"},"query-input":{"@type":"PropertyValueSpecification","valueRequired":true,"valueName":"search_term_string"}}],"inLanguage":"pt-BR"},{"@type":"Organization","@id":"https:\/\/maranhaotv.com.br\/#organization","name":"Portal de Not\u00edcias","url":"https:\/\/maranhaotv.com.br\/","logo":{"@type":"ImageObject","inLanguage":"pt-BR","@id":"https:\/\/maranhaotv.com.br\/#\/schema\/logo\/image\/","url":"https:\/\/maranhaotv.com.br\/wp-content\/uploads\/2024\/05\/cropped-cropped-avatar-1.png","contentUrl":"https:\/\/maranhaotv.com.br\/wp-content\/uploads\/2024\/05\/cropped-cropped-avatar-1.png","width":792,"height":428,"caption":"Portal de Not\u00edcias"},"image":{"@id":"https:\/\/maranhaotv.com.br\/#\/schema\/logo\/image\/"},"sameAs":["https:\/\/www.facebook.com\/maiobaotv","https:\/\/x.com\/sitemaranhaotv","https:\/\/www.instagram.com\/maranhao.tv","https:\/\/www.threads.net\/@maranhao.tv"]},{"@type":"Person","@id":"https:\/\/maranhaotv.com.br\/#\/schema\/person\/3d54238e86b20bb5c89ab2fdb8f8829a","name":"maranhaotv","image":{"@type":"ImageObject","inLanguage":"pt-BR","@id":"https:\/\/secure.gravatar.com\/avatar\/8fadbca458d4cb68b1dd399ae9a40618d747bb1af65ac9fad21c89220a143eb4?s=96&d=mm&r=g","url":"https:\/\/secure.gravatar.com\/avatar\/8fadbca458d4cb68b1dd399ae9a40618d747bb1af65ac9fad21c89220a143eb4?s=96&d=mm&r=g","contentUrl":"https:\/\/secure.gravatar.com\/avatar\/8fadbca458d4cb68b1dd399ae9a40618d747bb1af65ac9fad21c89220a143eb4?s=96&d=mm&r=g","caption":"maranhaotv"},"sameAs":["https:\/\/maranhaotv.com.br\/"],"url":"https:\/\/maranhaotv.com.br\/index.php\/author\/maranhaotv\/"}]}},"jetpack_featured_media_url":"","jetpack_sharing_enabled":true,"_links":{"self":[{"href":"https:\/\/maranhaotv.com.br\/index.php\/wp-json\/wp\/v2\/posts\/13622","targetHints":{"allow":["GET"]}}],"collection":[{"href":"https:\/\/maranhaotv.com.br\/index.php\/wp-json\/wp\/v2\/posts"}],"about":[{"href":"https:\/\/maranhaotv.com.br\/index.php\/wp-json\/wp\/v2\/types\/post"}],"author":[{"embeddable":true,"href":"https:\/\/maranhaotv.com.br\/index.php\/wp-json\/wp\/v2\/users\/2"}],"replies":[{"embeddable":true,"href":"https:\/\/maranhaotv.com.br\/index.php\/wp-json\/wp\/v2\/comments?post=13622"}],"version-history":[{"count":0,"href":"https:\/\/maranhaotv.com.br\/index.php\/wp-json\/wp\/v2\/posts\/13622\/revisions"}],"wp:featuredmedia":[{"embeddable":true,"href":"https:\/\/maranhaotv.com.br\/index.php\/wp-json\/"}],"wp:attachment":[{"href":"https:\/\/maranhaotv.com.br\/index.php\/wp-json\/wp\/v2\/media?parent=13622"}],"wp:term":[{"taxonomy":"category","embeddable":true,"href":"https:\/\/maranhaotv.com.br\/index.php\/wp-json\/wp\/v2\/categories?post=13622"},{"taxonomy":"post_tag","embeddable":true,"href":"https:\/\/maranhaotv.com.br\/index.php\/wp-json\/wp\/v2\/tags?post=13622"}],"curies":[{"name":"wp","href":"https:\/\/api.w.org\/{rel}","templated":true}]}}