{"id":13633,"date":"2020-08-05T09:33:28","date_gmt":"2020-08-05T12:33:28","guid":{"rendered":"https:\/\/maiobaotv.com.br\/?p=13633"},"modified":"2020-08-05T09:33:28","modified_gmt":"2020-08-05T12:33:28","slug":"empresa-de-paco-do-lumiar-e-alvo-de-operacao-da-pf-por-crimes-em-varias-prefeituras-do-ma","status":"publish","type":"post","link":"https:\/\/maranhaotv.com.br\/index.php\/2020\/08\/05\/empresa-de-paco-do-lumiar-e-alvo-de-operacao-da-pf-por-crimes-em-varias-prefeituras-do-ma\/","title":{"rendered":"Empresa de Pa\u00e7o do Lumiar \u00e9 alvo de opera\u00e7\u00e3o da PF por crimes em v\u00e1rias prefeituras do MA"},"content":{"rendered":"<p>A Pol\u00edcia Federal, por meio da Delegacia de Repress\u00e3o a Corrup\u00e7\u00e3o e Crimes Financeiros \u2013 DELECOR\/MA, com o apoio da Controladoria Geral da Uni\u00e3o &#8211; CGU, deflagrou na manh\u00e3 desta quarta-feira, dia 05 de agosto de 2020, a Opera\u00e7\u00e3o \u201cFALSA ESPERAN\u00c7A\u201d, com a finalidade de desarticular associa\u00e7\u00e3o criminosa voltada a fraude em licita\u00e7\u00f5es e desvio de recursos p\u00fablicos federais, que seriam usados no enfrentamento do novo coronav\u00edrus (COVID-19), nos munic\u00edpios de Bacabeira\/MA, Santa Rita\/MA e Miranda do Norte\/MA.<\/p>\n<p>Durante a investiga\u00e7\u00e3o, foram verificados ind\u00edcios de superfaturamento de equipamentos de prote\u00e7\u00e3o individuais (EPI\u2019s) e de simula\u00e7\u00e3o na compra de respiradores pulmonares, que apesar do pagamento antecipado pelas prefeituras de Bacabeira\/MA, Santa Rita\/MA e Miranda do Norte\/MA, nunca foram efetivamente entregues.<\/p>\n<p>Todas as aquisi\u00e7\u00f5es foram realizadas com uma \u00fanica empresa, sediada na cidade de Pa\u00e7o do Lumiar\/MA, que nunca havia atuado no ramo m\u00e9dico hospitalar. A investiga\u00e7\u00e3o revelou que a empresa n\u00e3o tinha nenhum empregado<br \/>\ne atuava com a comercializa\u00e7\u00e3o de acess\u00f3rios para instala\u00e7\u00e3o de aparelhos de ar-condicionado e de energia solar. A empresa tinha um total de 69 atividades<br \/>\nsecund\u00e1rias, que variavam desde a confec\u00e7\u00e3o de vestu\u00e1rio, seguran\u00e7a privada<br \/>\ne at\u00e9 produ\u00e7\u00e3o musical.<\/p>\n<p>Cerca de 50 (cinquenta) policiais federais cumprem 04 (quatro) Mandados de Pris\u00e3o Tempor\u00e1ria, e 13 (treze) Mandados de Busca e Apreens\u00e3o, al\u00e9m do sequestro de bens e bloqueio de contas dos investigados, tendo as ordens judiciais sido determinadas pela 1\u00aa Vara Federal de S\u00e3o Lu\u00eds\/MA.<\/p>\n<p>Se confirmadas as suspeitas, os investigados responder\u00e3o pelos crimes de peculato (Art. 312, caput, do CPB), falsidade ideol\u00f3gica (Art. 299, do CPB), fraude em processo licitat\u00f3rio (Art. 90 da Lei n\u00ba 8.666\/93), superfaturamento na venda de bens (Art. 96, I da Lei n\u00ba 8.666\/93) e associa\u00e7\u00e3o criminosa (Art. 288 do CPB).<\/p>\n<p>As ordens judiciais foram cumpridas em 06 cidades do Maranh\u00e3o (S\u00e3o Lu\u00eds, S\u00e3o Jos\u00e9 do Ribamar, Pa\u00e7o do Lumiar, Bacabeira, Santa Rita e Miranda do Norte).<\/p>\n<p><img decoding=\"async\" data-wpid=\"2577\" src=\"\/data\/user\/0\/org.wordpress.android\/cache\/img-20200805-wa02622900183910708039251.jpg\" class=\"uploading size-full\"><\/p>\n","protected":false},"excerpt":{"rendered":"<p>A Pol\u00edcia Federal, por meio da Delegacia de Repress\u00e3o a Corrup\u00e7\u00e3o e Crimes Financeiros \u2013 DELECOR\/MA, com o apoio da<\/p>\n","protected":false},"author":2,"featured_media":13632,"comment_status":"open","ping_status":"open","sticky":false,"template":"","format":"standard","meta":{"colormag_page_container_layout":"default_layout","colormag_page_sidebar_layout":"default_layout","_jetpack_memberships_contains_paid_content":false,"footnotes":""},"categories":[2],"tags":[],"class_list":["post-13633","post","type-post","status-publish","format-standard","has-post-thumbnail","hentry","category-noticias"],"magazineBlocksPostFeaturedMedia":{"thumbnail":false,"medium":false,"medium_large":false,"large":false,"1536x1536":false,"2048x2048":false,"colormag-highlighted-post":false,"colormag-featured-post-medium":false,"colormag-featured-post-small":false,"colormag-featured-image":false,"colormag-default-news":false,"colormag-featured-image-large":false},"magazineBlocksPostAuthor":{"name":"maranhaotv","avatar":"https:\/\/secure.gravatar.com\/avatar\/8fadbca458d4cb68b1dd399ae9a40618d747bb1af65ac9fad21c89220a143eb4?s=96&d=mm&r=g"},"magazineBlocksPostCommentsNumber":"0","magazineBlocksPostExcerpt":"A Pol\u00edcia Federal, por meio da Delegacia de Repress\u00e3o a Corrup\u00e7\u00e3o e Crimes Financeiros \u2013 DELECOR\/MA, com o apoio da","magazineBlocksPostCategories":["not\u00edcias"],"magazineBlocksPostViewCount":131,"magazineBlocksPostReadTime":2,"magazine_blocks_featured_image_url":{"full":false,"medium":false,"thumbnail":false},"magazine_blocks_author":{"display_name":"maranhaotv","author_link":"https:\/\/maranhaotv.com.br\/index.php\/author\/maranhaotv\/"},"magazine_blocks_comment":0,"magazine_blocks_author_image":"https:\/\/secure.gravatar.com\/avatar\/8fadbca458d4cb68b1dd399ae9a40618d747bb1af65ac9fad21c89220a143eb4?s=96&d=mm&r=g","magazine_blocks_category":"<a href=\"#\" class=\"category-link category-link-2\">not\u00edcias<\/a>","yoast_head":"<!-- This site is optimized with the Yoast SEO plugin v27.4 - https:\/\/yoast.com\/product\/yoast-seo-wordpress\/ -->\n<title>Empresa de Pa\u00e7o do Lumiar \u00e9 alvo de opera\u00e7\u00e3o da PF por crimes em v\u00e1rias prefeituras do MA - NOT\u00cdCIAS EM TEMPO REAL<\/title>\n<meta name=\"robots\" content=\"index, follow, max-snippet:-1, max-image-preview:large, max-video-preview:-1\" \/>\n<link rel=\"canonical\" href=\"https:\/\/maranhaotv.com.br\/index.php\/2020\/08\/05\/empresa-de-paco-do-lumiar-e-alvo-de-operacao-da-pf-por-crimes-em-varias-prefeituras-do-ma\/\" \/>\n<meta property=\"og:locale\" content=\"pt_BR\" \/>\n<meta property=\"og:type\" content=\"article\" \/>\n<meta property=\"og:title\" content=\"Empresa de Pa\u00e7o do Lumiar \u00e9 alvo de opera\u00e7\u00e3o da PF por crimes em v\u00e1rias prefeituras do MA - NOT\u00cdCIAS EM TEMPO REAL\" \/>\n<meta property=\"og:description\" content=\"A Pol\u00edcia Federal, por meio da Delegacia de Repress\u00e3o a Corrup\u00e7\u00e3o e Crimes Financeiros \u2013 DELECOR\/MA, com o apoio da\" \/>\n<meta property=\"og:url\" content=\"https:\/\/maranhaotv.com.br\/index.php\/2020\/08\/05\/empresa-de-paco-do-lumiar-e-alvo-de-operacao-da-pf-por-crimes-em-varias-prefeituras-do-ma\/\" \/>\n<meta property=\"og:site_name\" content=\"NOT\u00cdCIAS EM TEMPO REAL\" \/>\n<meta property=\"article:publisher\" content=\"https:\/\/www.facebook.com\/maiobaotv\" \/>\n<meta property=\"article:published_time\" content=\"2020-08-05T12:33:28+00:00\" \/>\n<meta name=\"author\" content=\"maranhaotv\" \/>\n<meta name=\"twitter:card\" content=\"summary_large_image\" \/>\n<meta name=\"twitter:creator\" content=\"@sitemaranhaotv\" \/>\n<meta name=\"twitter:site\" content=\"@sitemaranhaotv\" \/>\n<meta name=\"twitter:label1\" content=\"Escrito por\" \/>\n\t<meta name=\"twitter:data1\" content=\"maranhaotv\" \/>\n\t<meta name=\"twitter:label2\" content=\"Est. tempo de leitura\" \/>\n\t<meta name=\"twitter:data2\" content=\"2 minutos\" \/>\n<script type=\"application\/ld+json\" class=\"yoast-schema-graph\">{\"@context\":\"https:\\\/\\\/schema.org\",\"@graph\":[{\"@type\":\"Article\",\"@id\":\"https:\\\/\\\/maranhaotv.com.br\\\/index.php\\\/2020\\\/08\\\/05\\\/empresa-de-paco-do-lumiar-e-alvo-de-operacao-da-pf-por-crimes-em-varias-prefeituras-do-ma\\\/#article\",\"isPartOf\":{\"@id\":\"https:\\\/\\\/maranhaotv.com.br\\\/index.php\\\/2020\\\/08\\\/05\\\/empresa-de-paco-do-lumiar-e-alvo-de-operacao-da-pf-por-crimes-em-varias-prefeituras-do-ma\\\/\"},\"author\":{\"name\":\"maranhaotv\",\"@id\":\"https:\\\/\\\/maranhaotv.com.br\\\/#\\\/schema\\\/person\\\/3d54238e86b20bb5c89ab2fdb8f8829a\"},\"headline\":\"Empresa de Pa\u00e7o do Lumiar \u00e9 alvo de opera\u00e7\u00e3o da PF por crimes em v\u00e1rias prefeituras do MA\",\"datePublished\":\"2020-08-05T12:33:28+00:00\",\"mainEntityOfPage\":{\"@id\":\"https:\\\/\\\/maranhaotv.com.br\\\/index.php\\\/2020\\\/08\\\/05\\\/empresa-de-paco-do-lumiar-e-alvo-de-operacao-da-pf-por-crimes-em-varias-prefeituras-do-ma\\\/\"},\"wordCount\":371,\"commentCount\":0,\"publisher\":{\"@id\":\"https:\\\/\\\/maranhaotv.com.br\\\/#organization\"},\"image\":{\"@id\":\"https:\\\/\\\/maranhaotv.com.br\\\/index.php\\\/2020\\\/08\\\/05\\\/empresa-de-paco-do-lumiar-e-alvo-de-operacao-da-pf-por-crimes-em-varias-prefeituras-do-ma\\\/#primaryimage\"},\"thumbnailUrl\":\"\",\"articleSection\":[\"not\u00edcias\"],\"inLanguage\":\"pt-BR\",\"potentialAction\":[{\"@type\":\"CommentAction\",\"name\":\"Comment\",\"target\":[\"https:\\\/\\\/maranhaotv.com.br\\\/index.php\\\/2020\\\/08\\\/05\\\/empresa-de-paco-do-lumiar-e-alvo-de-operacao-da-pf-por-crimes-em-varias-prefeituras-do-ma\\\/#respond\"]}]},{\"@type\":\"WebPage\",\"@id\":\"https:\\\/\\\/maranhaotv.com.br\\\/index.php\\\/2020\\\/08\\\/05\\\/empresa-de-paco-do-lumiar-e-alvo-de-operacao-da-pf-por-crimes-em-varias-prefeituras-do-ma\\\/\",\"url\":\"https:\\\/\\\/maranhaotv.com.br\\\/index.php\\\/2020\\\/08\\\/05\\\/empresa-de-paco-do-lumiar-e-alvo-de-operacao-da-pf-por-crimes-em-varias-prefeituras-do-ma\\\/\",\"name\":\"Empresa de Pa\u00e7o do Lumiar \u00e9 alvo de opera\u00e7\u00e3o da PF por crimes em v\u00e1rias prefeituras do MA - NOT\u00cdCIAS EM TEMPO REAL\",\"isPartOf\":{\"@id\":\"https:\\\/\\\/maranhaotv.com.br\\\/#website\"},\"primaryImageOfPage\":{\"@id\":\"https:\\\/\\\/maranhaotv.com.br\\\/index.php\\\/2020\\\/08\\\/05\\\/empresa-de-paco-do-lumiar-e-alvo-de-operacao-da-pf-por-crimes-em-varias-prefeituras-do-ma\\\/#primaryimage\"},\"image\":{\"@id\":\"https:\\\/\\\/maranhaotv.com.br\\\/index.php\\\/2020\\\/08\\\/05\\\/empresa-de-paco-do-lumiar-e-alvo-de-operacao-da-pf-por-crimes-em-varias-prefeituras-do-ma\\\/#primaryimage\"},\"thumbnailUrl\":\"\",\"datePublished\":\"2020-08-05T12:33:28+00:00\",\"breadcrumb\":{\"@id\":\"https:\\\/\\\/maranhaotv.com.br\\\/index.php\\\/2020\\\/08\\\/05\\\/empresa-de-paco-do-lumiar-e-alvo-de-operacao-da-pf-por-crimes-em-varias-prefeituras-do-ma\\\/#breadcrumb\"},\"inLanguage\":\"pt-BR\",\"potentialAction\":[{\"@type\":\"ReadAction\",\"target\":[\"https:\\\/\\\/maranhaotv.com.br\\\/index.php\\\/2020\\\/08\\\/05\\\/empresa-de-paco-do-lumiar-e-alvo-de-operacao-da-pf-por-crimes-em-varias-prefeituras-do-ma\\\/\"]}]},{\"@type\":\"ImageObject\",\"inLanguage\":\"pt-BR\",\"@id\":\"https:\\\/\\\/maranhaotv.com.br\\\/index.php\\\/2020\\\/08\\\/05\\\/empresa-de-paco-do-lumiar-e-alvo-de-operacao-da-pf-por-crimes-em-varias-prefeituras-do-ma\\\/#primaryimage\",\"url\":\"\",\"contentUrl\":\"\"},{\"@type\":\"BreadcrumbList\",\"@id\":\"https:\\\/\\\/maranhaotv.com.br\\\/index.php\\\/2020\\\/08\\\/05\\\/empresa-de-paco-do-lumiar-e-alvo-de-operacao-da-pf-por-crimes-em-varias-prefeituras-do-ma\\\/#breadcrumb\",\"itemListElement\":[{\"@type\":\"ListItem\",\"position\":1,\"name\":\"In\u00edcio\",\"item\":\"https:\\\/\\\/maranhaotv.com.br\\\/\"},{\"@type\":\"ListItem\",\"position\":2,\"name\":\"Empresa de Pa\u00e7o do Lumiar \u00e9 alvo de opera\u00e7\u00e3o da PF por crimes em v\u00e1rias prefeituras do MA\"}]},{\"@type\":\"WebSite\",\"@id\":\"https:\\\/\\\/maranhaotv.com.br\\\/#website\",\"url\":\"https:\\\/\\\/maranhaotv.com.br\\\/\",\"name\":\"Maranh\u00e3oTV\",\"description\":\"\",\"publisher\":{\"@id\":\"https:\\\/\\\/maranhaotv.com.br\\\/#organization\"},\"potentialAction\":[{\"@type\":\"SearchAction\",\"target\":{\"@type\":\"EntryPoint\",\"urlTemplate\":\"https:\\\/\\\/maranhaotv.com.br\\\/?s={search_term_string}\"},\"query-input\":{\"@type\":\"PropertyValueSpecification\",\"valueRequired\":true,\"valueName\":\"search_term_string\"}}],\"inLanguage\":\"pt-BR\"},{\"@type\":\"Organization\",\"@id\":\"https:\\\/\\\/maranhaotv.com.br\\\/#organization\",\"name\":\"Portal de Not\u00edcias\",\"url\":\"https:\\\/\\\/maranhaotv.com.br\\\/\",\"logo\":{\"@type\":\"ImageObject\",\"inLanguage\":\"pt-BR\",\"@id\":\"https:\\\/\\\/maranhaotv.com.br\\\/#\\\/schema\\\/logo\\\/image\\\/\",\"url\":\"https:\\\/\\\/maranhaotv.com.br\\\/wp-content\\\/uploads\\\/2024\\\/05\\\/cropped-cropped-avatar-1.png\",\"contentUrl\":\"https:\\\/\\\/maranhaotv.com.br\\\/wp-content\\\/uploads\\\/2024\\\/05\\\/cropped-cropped-avatar-1.png\",\"width\":792,\"height\":428,\"caption\":\"Portal de Not\u00edcias\"},\"image\":{\"@id\":\"https:\\\/\\\/maranhaotv.com.br\\\/#\\\/schema\\\/logo\\\/image\\\/\"},\"sameAs\":[\"https:\\\/\\\/www.facebook.com\\\/maiobaotv\",\"https:\\\/\\\/x.com\\\/sitemaranhaotv\",\"https:\\\/\\\/www.instagram.com\\\/maranhao.tv\",\"https:\\\/\\\/www.threads.net\\\/@maranhao.tv\"]},{\"@type\":\"Person\",\"@id\":\"https:\\\/\\\/maranhaotv.com.br\\\/#\\\/schema\\\/person\\\/3d54238e86b20bb5c89ab2fdb8f8829a\",\"name\":\"maranhaotv\",\"image\":{\"@type\":\"ImageObject\",\"inLanguage\":\"pt-BR\",\"@id\":\"https:\\\/\\\/secure.gravatar.com\\\/avatar\\\/8fadbca458d4cb68b1dd399ae9a40618d747bb1af65ac9fad21c89220a143eb4?s=96&d=mm&r=g\",\"url\":\"https:\\\/\\\/secure.gravatar.com\\\/avatar\\\/8fadbca458d4cb68b1dd399ae9a40618d747bb1af65ac9fad21c89220a143eb4?s=96&d=mm&r=g\",\"contentUrl\":\"https:\\\/\\\/secure.gravatar.com\\\/avatar\\\/8fadbca458d4cb68b1dd399ae9a40618d747bb1af65ac9fad21c89220a143eb4?s=96&d=mm&r=g\",\"caption\":\"maranhaotv\"},\"sameAs\":[\"https:\\\/\\\/maranhaotv.com.br\\\/\"],\"url\":\"https:\\\/\\\/maranhaotv.com.br\\\/index.php\\\/author\\\/maranhaotv\\\/\"}]}<\/script>\n<!-- \/ Yoast SEO plugin. -->","yoast_head_json":{"title":"Empresa de Pa\u00e7o do Lumiar \u00e9 alvo de opera\u00e7\u00e3o da PF por crimes em v\u00e1rias prefeituras do MA - NOT\u00cdCIAS EM TEMPO REAL","robots":{"index":"index","follow":"follow","max-snippet":"max-snippet:-1","max-image-preview":"max-image-preview:large","max-video-preview":"max-video-preview:-1"},"canonical":"https:\/\/maranhaotv.com.br\/index.php\/2020\/08\/05\/empresa-de-paco-do-lumiar-e-alvo-de-operacao-da-pf-por-crimes-em-varias-prefeituras-do-ma\/","og_locale":"pt_BR","og_type":"article","og_title":"Empresa de Pa\u00e7o do Lumiar \u00e9 alvo de opera\u00e7\u00e3o da PF por crimes em v\u00e1rias prefeituras do MA - NOT\u00cdCIAS EM TEMPO REAL","og_description":"A Pol\u00edcia Federal, por meio da Delegacia de Repress\u00e3o a Corrup\u00e7\u00e3o e Crimes Financeiros \u2013 DELECOR\/MA, com o apoio da","og_url":"https:\/\/maranhaotv.com.br\/index.php\/2020\/08\/05\/empresa-de-paco-do-lumiar-e-alvo-de-operacao-da-pf-por-crimes-em-varias-prefeituras-do-ma\/","og_site_name":"NOT\u00cdCIAS EM TEMPO REAL","article_publisher":"https:\/\/www.facebook.com\/maiobaotv","article_published_time":"2020-08-05T12:33:28+00:00","author":"maranhaotv","twitter_card":"summary_large_image","twitter_creator":"@sitemaranhaotv","twitter_site":"@sitemaranhaotv","twitter_misc":{"Escrito por":"maranhaotv","Est. tempo de leitura":"2 minutos"},"schema":{"@context":"https:\/\/schema.org","@graph":[{"@type":"Article","@id":"https:\/\/maranhaotv.com.br\/index.php\/2020\/08\/05\/empresa-de-paco-do-lumiar-e-alvo-de-operacao-da-pf-por-crimes-em-varias-prefeituras-do-ma\/#article","isPartOf":{"@id":"https:\/\/maranhaotv.com.br\/index.php\/2020\/08\/05\/empresa-de-paco-do-lumiar-e-alvo-de-operacao-da-pf-por-crimes-em-varias-prefeituras-do-ma\/"},"author":{"name":"maranhaotv","@id":"https:\/\/maranhaotv.com.br\/#\/schema\/person\/3d54238e86b20bb5c89ab2fdb8f8829a"},"headline":"Empresa de Pa\u00e7o do Lumiar \u00e9 alvo de opera\u00e7\u00e3o da PF por crimes em v\u00e1rias prefeituras do MA","datePublished":"2020-08-05T12:33:28+00:00","mainEntityOfPage":{"@id":"https:\/\/maranhaotv.com.br\/index.php\/2020\/08\/05\/empresa-de-paco-do-lumiar-e-alvo-de-operacao-da-pf-por-crimes-em-varias-prefeituras-do-ma\/"},"wordCount":371,"commentCount":0,"publisher":{"@id":"https:\/\/maranhaotv.com.br\/#organization"},"image":{"@id":"https:\/\/maranhaotv.com.br\/index.php\/2020\/08\/05\/empresa-de-paco-do-lumiar-e-alvo-de-operacao-da-pf-por-crimes-em-varias-prefeituras-do-ma\/#primaryimage"},"thumbnailUrl":"","articleSection":["not\u00edcias"],"inLanguage":"pt-BR","potentialAction":[{"@type":"CommentAction","name":"Comment","target":["https:\/\/maranhaotv.com.br\/index.php\/2020\/08\/05\/empresa-de-paco-do-lumiar-e-alvo-de-operacao-da-pf-por-crimes-em-varias-prefeituras-do-ma\/#respond"]}]},{"@type":"WebPage","@id":"https:\/\/maranhaotv.com.br\/index.php\/2020\/08\/05\/empresa-de-paco-do-lumiar-e-alvo-de-operacao-da-pf-por-crimes-em-varias-prefeituras-do-ma\/","url":"https:\/\/maranhaotv.com.br\/index.php\/2020\/08\/05\/empresa-de-paco-do-lumiar-e-alvo-de-operacao-da-pf-por-crimes-em-varias-prefeituras-do-ma\/","name":"Empresa de Pa\u00e7o do Lumiar \u00e9 alvo de opera\u00e7\u00e3o da PF por crimes em v\u00e1rias prefeituras do MA - NOT\u00cdCIAS EM TEMPO REAL","isPartOf":{"@id":"https:\/\/maranhaotv.com.br\/#website"},"primaryImageOfPage":{"@id":"https:\/\/maranhaotv.com.br\/index.php\/2020\/08\/05\/empresa-de-paco-do-lumiar-e-alvo-de-operacao-da-pf-por-crimes-em-varias-prefeituras-do-ma\/#primaryimage"},"image":{"@id":"https:\/\/maranhaotv.com.br\/index.php\/2020\/08\/05\/empresa-de-paco-do-lumiar-e-alvo-de-operacao-da-pf-por-crimes-em-varias-prefeituras-do-ma\/#primaryimage"},"thumbnailUrl":"","datePublished":"2020-08-05T12:33:28+00:00","breadcrumb":{"@id":"https:\/\/maranhaotv.com.br\/index.php\/2020\/08\/05\/empresa-de-paco-do-lumiar-e-alvo-de-operacao-da-pf-por-crimes-em-varias-prefeituras-do-ma\/#breadcrumb"},"inLanguage":"pt-BR","potentialAction":[{"@type":"ReadAction","target":["https:\/\/maranhaotv.com.br\/index.php\/2020\/08\/05\/empresa-de-paco-do-lumiar-e-alvo-de-operacao-da-pf-por-crimes-em-varias-prefeituras-do-ma\/"]}]},{"@type":"ImageObject","inLanguage":"pt-BR","@id":"https:\/\/maranhaotv.com.br\/index.php\/2020\/08\/05\/empresa-de-paco-do-lumiar-e-alvo-de-operacao-da-pf-por-crimes-em-varias-prefeituras-do-ma\/#primaryimage","url":"","contentUrl":""},{"@type":"BreadcrumbList","@id":"https:\/\/maranhaotv.com.br\/index.php\/2020\/08\/05\/empresa-de-paco-do-lumiar-e-alvo-de-operacao-da-pf-por-crimes-em-varias-prefeituras-do-ma\/#breadcrumb","itemListElement":[{"@type":"ListItem","position":1,"name":"In\u00edcio","item":"https:\/\/maranhaotv.com.br\/"},{"@type":"ListItem","position":2,"name":"Empresa de Pa\u00e7o do Lumiar \u00e9 alvo de opera\u00e7\u00e3o da PF por crimes em v\u00e1rias prefeituras do MA"}]},{"@type":"WebSite","@id":"https:\/\/maranhaotv.com.br\/#website","url":"https:\/\/maranhaotv.com.br\/","name":"Maranh\u00e3oTV","description":"","publisher":{"@id":"https:\/\/maranhaotv.com.br\/#organization"},"potentialAction":[{"@type":"SearchAction","target":{"@type":"EntryPoint","urlTemplate":"https:\/\/maranhaotv.com.br\/?s={search_term_string}"},"query-input":{"@type":"PropertyValueSpecification","valueRequired":true,"valueName":"search_term_string"}}],"inLanguage":"pt-BR"},{"@type":"Organization","@id":"https:\/\/maranhaotv.com.br\/#organization","name":"Portal de Not\u00edcias","url":"https:\/\/maranhaotv.com.br\/","logo":{"@type":"ImageObject","inLanguage":"pt-BR","@id":"https:\/\/maranhaotv.com.br\/#\/schema\/logo\/image\/","url":"https:\/\/maranhaotv.com.br\/wp-content\/uploads\/2024\/05\/cropped-cropped-avatar-1.png","contentUrl":"https:\/\/maranhaotv.com.br\/wp-content\/uploads\/2024\/05\/cropped-cropped-avatar-1.png","width":792,"height":428,"caption":"Portal de Not\u00edcias"},"image":{"@id":"https:\/\/maranhaotv.com.br\/#\/schema\/logo\/image\/"},"sameAs":["https:\/\/www.facebook.com\/maiobaotv","https:\/\/x.com\/sitemaranhaotv","https:\/\/www.instagram.com\/maranhao.tv","https:\/\/www.threads.net\/@maranhao.tv"]},{"@type":"Person","@id":"https:\/\/maranhaotv.com.br\/#\/schema\/person\/3d54238e86b20bb5c89ab2fdb8f8829a","name":"maranhaotv","image":{"@type":"ImageObject","inLanguage":"pt-BR","@id":"https:\/\/secure.gravatar.com\/avatar\/8fadbca458d4cb68b1dd399ae9a40618d747bb1af65ac9fad21c89220a143eb4?s=96&d=mm&r=g","url":"https:\/\/secure.gravatar.com\/avatar\/8fadbca458d4cb68b1dd399ae9a40618d747bb1af65ac9fad21c89220a143eb4?s=96&d=mm&r=g","contentUrl":"https:\/\/secure.gravatar.com\/avatar\/8fadbca458d4cb68b1dd399ae9a40618d747bb1af65ac9fad21c89220a143eb4?s=96&d=mm&r=g","caption":"maranhaotv"},"sameAs":["https:\/\/maranhaotv.com.br\/"],"url":"https:\/\/maranhaotv.com.br\/index.php\/author\/maranhaotv\/"}]}},"jetpack_featured_media_url":"","jetpack_sharing_enabled":true,"_links":{"self":[{"href":"https:\/\/maranhaotv.com.br\/index.php\/wp-json\/wp\/v2\/posts\/13633","targetHints":{"allow":["GET"]}}],"collection":[{"href":"https:\/\/maranhaotv.com.br\/index.php\/wp-json\/wp\/v2\/posts"}],"about":[{"href":"https:\/\/maranhaotv.com.br\/index.php\/wp-json\/wp\/v2\/types\/post"}],"author":[{"embeddable":true,"href":"https:\/\/maranhaotv.com.br\/index.php\/wp-json\/wp\/v2\/users\/2"}],"replies":[{"embeddable":true,"href":"https:\/\/maranhaotv.com.br\/index.php\/wp-json\/wp\/v2\/comments?post=13633"}],"version-history":[{"count":0,"href":"https:\/\/maranhaotv.com.br\/index.php\/wp-json\/wp\/v2\/posts\/13633\/revisions"}],"wp:featuredmedia":[{"embeddable":true,"href":"https:\/\/maranhaotv.com.br\/index.php\/wp-json\/"}],"wp:attachment":[{"href":"https:\/\/maranhaotv.com.br\/index.php\/wp-json\/wp\/v2\/media?parent=13633"}],"wp:term":[{"taxonomy":"category","embeddable":true,"href":"https:\/\/maranhaotv.com.br\/index.php\/wp-json\/wp\/v2\/categories?post=13633"},{"taxonomy":"post_tag","embeddable":true,"href":"https:\/\/maranhaotv.com.br\/index.php\/wp-json\/wp\/v2\/tags?post=13633"}],"curies":[{"name":"wp","href":"https:\/\/api.w.org\/{rel}","templated":true}]}}