{"id":13661,"date":"2020-08-06T09:21:40","date_gmt":"2020-08-06T12:21:40","guid":{"rendered":"https:\/\/maiobaotv.com.br\/?p=13661"},"modified":"2020-08-06T09:21:40","modified_gmt":"2020-08-06T12:21:40","slug":"maranhenses-sao-resgatados-em-santa-catarina-trabalhando-em-regime-de-escravidao","status":"publish","type":"post","link":"https:\/\/maranhaotv.com.br\/index.php\/2020\/08\/06\/maranhenses-sao-resgatados-em-santa-catarina-trabalhando-em-regime-de-escravidao\/","title":{"rendered":"Maranhenses s\u00e3o resgatados em Santa Catarina trabalhando em regime de escravid\u00e3o"},"content":{"rendered":"<h5>A\u00e7\u00e3o contra trabalho escravo contou com apoio de outros \u00f3rg\u00e3os federais<\/h5>\n<p>Auditores-fiscais do Trabalho do Grupo Especial de Fiscaliza\u00e7\u00e3o M\u00f3vel (GEFM) resgataram nove pessoas em condi\u00e7\u00f5es an\u00e1logas \u00e0 escravid\u00e3o atuando em uma propriedade de cultivo de cebola no munic\u00edpio de Ituporanga, em Santa Catarina. O grupo \u00e9 ligado \u00e0 Subsecretaria de Inspe\u00e7\u00e3o do Trabalho (SIT) da Secretaria Especial de Previd\u00eancia e Trabalho do Minist\u00e9rio da Economia.<\/p>\n<p>A opera\u00e7\u00e3o batizada de Cebolinha teve in\u00edcio no dia 27 de julho e contou com a participa\u00e7\u00e3o da Pol\u00edcia Federal, da Defensoria P\u00fablica da Uni\u00e3o e do Minist\u00e9rio P\u00fablico do Trabalho. De acordo com os t\u00e9cnicos da SIT, quatro trabalhadores moravam na regi\u00e3o e cinco tinham sido aliciados no munic\u00edpio de Timbiras, no Maranh\u00e3o.<\/p>\n<p>\u201cConstatamos que nenhum trabalhador possu\u00eda registro e, consequentemente, eles estavam sem direito trabalhista, previdenci\u00e1rio ou social\u201d, informou Cl\u00e1udio Secchin, coordenador da opera\u00e7\u00e3o.<\/p>\n<p>No local em que estavam, as condi\u00e7\u00f5es de moradia e de higiene eram prec\u00e1rias, com instala\u00e7\u00f5es el\u00e9tricas oferecendo risco de choques. Trabalhadores dormiam em colch\u00f5es no ch\u00e3o, onde tamb\u00e9m ficavam roupas e pertences. Havia goteiras e o alojamento era frio por n\u00e3o ser vedado.<\/p>\n<p>Ap\u00f3s a opera\u00e7\u00e3o, os contratos de trabalho foram encerrados e o produtor rural efetuou o pagamento dos direitos devidos aos trabalhadores. O valor das verbas salariais e rescis\u00f3rias pagas foi de aproximadamente R$ 90 mil. Cada trabalhador ter\u00e1 direito, tamb\u00e9m, a receber tr\u00eas parcelas do seguro-desemprego do trabalhador resgatado.<\/p>\n<p>As cinco pessoas aliciadas em Timbiras tiveram o retorno custeado pelo empregador, que se prontificou a corrigir as irregularidades que a equipe de inspe\u00e7\u00e3o apontou nas instala\u00e7\u00f5es.<\/p>\n<p>Tr\u00e1fico de pessoas<\/p>\n<p>Segundo a SIT, os trabalhadores aliciados no Maranh\u00e3o foram, tamb\u00e9m, v\u00edtimas de tr\u00e1fico de pessoas. Cl\u00e1udio Secchin explicou que, em Timbiras, um carro de som ofereceu oportunidade de trabalho ao anunciar que as atividades durariam tr\u00eas meses e a despesa com a passagem seria paga pelo fazendeiro. No entanto, os interessados tiveram que pagar R$ 50,00 para assegurar a vaga, o que \u00e9 proibido por lei.<\/p>\n<p>Os trabalhadores foram, ent\u00e3o, embarcados em um \u00f4nibus e a viagem durou aproximadamente uma semana. Na propriedade, as despesas da viagem foram quitadas pelos agricultores ao aliciador, para posterior desconto no sal\u00e1rio dos trabalhadores, o que tamb\u00e9m \u00e9 proibido por lei.<\/p>\n<p><img loading=\"lazy\" decoding=\"async\" src=\"https:\/\/maiobaotv.com.br\/wp-content\/uploads\/2020\/08\/img-20200806-wa0075687613281150430965.jpg\" class=\"wp-image-13660 alignnone size-full\" width=\"750\" height=\"500\"><\/p>\n<p><img loading=\"lazy\" decoding=\"async\" src=\"https:\/\/maiobaotv.com.br\/wp-content\/uploads\/2020\/08\/img-20200806-wa00768286776944104651057.jpg\" class=\"wp-image-13659 alignnone size-full\" width=\"750\" height=\"500\"><\/p>\n","protected":false},"excerpt":{"rendered":"<p>A\u00e7\u00e3o contra trabalho escravo contou com apoio de outros \u00f3rg\u00e3os federais Auditores-fiscais do Trabalho do Grupo Especial de Fiscaliza\u00e7\u00e3o M\u00f3vel<\/p>\n","protected":false},"author":2,"featured_media":13662,"comment_status":"open","ping_status":"open","sticky":false,"template":"","format":"standard","meta":{"colormag_page_container_layout":"default_layout","colormag_page_sidebar_layout":"default_layout","_jetpack_memberships_contains_paid_content":false,"footnotes":""},"categories":[2],"tags":[],"class_list":["post-13661","post","type-post","status-publish","format-standard","has-post-thumbnail","hentry","category-noticias"],"magazineBlocksPostFeaturedMedia":{"thumbnail":false,"medium":false,"medium_large":false,"large":false,"1536x1536":false,"2048x2048":false,"colormag-highlighted-post":false,"colormag-featured-post-medium":false,"colormag-featured-post-small":false,"colormag-featured-image":false,"colormag-default-news":false,"colormag-featured-image-large":false},"magazineBlocksPostAuthor":{"name":"maranhaotv","avatar":"https:\/\/secure.gravatar.com\/avatar\/8fadbca458d4cb68b1dd399ae9a40618d747bb1af65ac9fad21c89220a143eb4?s=96&d=mm&r=g"},"magazineBlocksPostCommentsNumber":"0","magazineBlocksPostExcerpt":"A\u00e7\u00e3o contra trabalho escravo contou com apoio de outros \u00f3rg\u00e3os federais Auditores-fiscais do Trabalho do Grupo Especial de Fiscaliza\u00e7\u00e3o M\u00f3vel","magazineBlocksPostCategories":["not\u00edcias"],"magazineBlocksPostViewCount":147,"magazineBlocksPostReadTime":3,"magazine_blocks_featured_image_url":{"full":false,"medium":false,"thumbnail":false},"magazine_blocks_author":{"display_name":"maranhaotv","author_link":"https:\/\/maranhaotv.com.br\/index.php\/author\/maranhaotv\/"},"magazine_blocks_comment":0,"magazine_blocks_author_image":"https:\/\/secure.gravatar.com\/avatar\/8fadbca458d4cb68b1dd399ae9a40618d747bb1af65ac9fad21c89220a143eb4?s=96&d=mm&r=g","magazine_blocks_category":"<a href=\"#\" class=\"category-link category-link-2\">not\u00edcias<\/a>","yoast_head":"<!-- This site is optimized with the Yoast SEO plugin v27.4 - https:\/\/yoast.com\/product\/yoast-seo-wordpress\/ -->\n<title>Maranhenses s\u00e3o resgatados em Santa Catarina trabalhando em regime de escravid\u00e3o - NOT\u00cdCIAS EM TEMPO REAL<\/title>\n<meta name=\"robots\" content=\"index, follow, max-snippet:-1, max-image-preview:large, max-video-preview:-1\" \/>\n<link rel=\"canonical\" href=\"https:\/\/maranhaotv.com.br\/index.php\/2020\/08\/06\/maranhenses-sao-resgatados-em-santa-catarina-trabalhando-em-regime-de-escravidao\/\" \/>\n<meta property=\"og:locale\" content=\"pt_BR\" \/>\n<meta property=\"og:type\" content=\"article\" \/>\n<meta property=\"og:title\" content=\"Maranhenses s\u00e3o resgatados em Santa Catarina trabalhando em regime de escravid\u00e3o - NOT\u00cdCIAS EM TEMPO REAL\" \/>\n<meta property=\"og:description\" content=\"A\u00e7\u00e3o contra trabalho escravo contou com apoio de outros \u00f3rg\u00e3os federais Auditores-fiscais do Trabalho do Grupo Especial de Fiscaliza\u00e7\u00e3o M\u00f3vel\" \/>\n<meta property=\"og:url\" content=\"https:\/\/maranhaotv.com.br\/index.php\/2020\/08\/06\/maranhenses-sao-resgatados-em-santa-catarina-trabalhando-em-regime-de-escravidao\/\" \/>\n<meta property=\"og:site_name\" content=\"NOT\u00cdCIAS EM TEMPO REAL\" \/>\n<meta property=\"article:publisher\" content=\"https:\/\/www.facebook.com\/maiobaotv\" \/>\n<meta property=\"article:published_time\" content=\"2020-08-06T12:21:40+00:00\" \/>\n<meta name=\"author\" content=\"maranhaotv\" \/>\n<meta name=\"twitter:card\" content=\"summary_large_image\" \/>\n<meta name=\"twitter:creator\" content=\"@sitemaranhaotv\" \/>\n<meta name=\"twitter:site\" content=\"@sitemaranhaotv\" \/>\n<meta name=\"twitter:label1\" content=\"Escrito por\" \/>\n\t<meta name=\"twitter:data1\" content=\"maranhaotv\" \/>\n\t<meta name=\"twitter:label2\" content=\"Est. tempo de leitura\" \/>\n\t<meta name=\"twitter:data2\" content=\"2 minutos\" \/>\n<script type=\"application\/ld+json\" class=\"yoast-schema-graph\">{\"@context\":\"https:\\\/\\\/schema.org\",\"@graph\":[{\"@type\":\"Article\",\"@id\":\"https:\\\/\\\/maranhaotv.com.br\\\/index.php\\\/2020\\\/08\\\/06\\\/maranhenses-sao-resgatados-em-santa-catarina-trabalhando-em-regime-de-escravidao\\\/#article\",\"isPartOf\":{\"@id\":\"https:\\\/\\\/maranhaotv.com.br\\\/index.php\\\/2020\\\/08\\\/06\\\/maranhenses-sao-resgatados-em-santa-catarina-trabalhando-em-regime-de-escravidao\\\/\"},\"author\":{\"name\":\"maranhaotv\",\"@id\":\"https:\\\/\\\/maranhaotv.com.br\\\/#\\\/schema\\\/person\\\/3d54238e86b20bb5c89ab2fdb8f8829a\"},\"headline\":\"Maranhenses s\u00e3o resgatados em Santa Catarina trabalhando em regime de escravid\u00e3o\",\"datePublished\":\"2020-08-06T12:21:40+00:00\",\"mainEntityOfPage\":{\"@id\":\"https:\\\/\\\/maranhaotv.com.br\\\/index.php\\\/2020\\\/08\\\/06\\\/maranhenses-sao-resgatados-em-santa-catarina-trabalhando-em-regime-de-escravidao\\\/\"},\"wordCount\":429,\"commentCount\":0,\"publisher\":{\"@id\":\"https:\\\/\\\/maranhaotv.com.br\\\/#organization\"},\"image\":{\"@id\":\"https:\\\/\\\/maranhaotv.com.br\\\/index.php\\\/2020\\\/08\\\/06\\\/maranhenses-sao-resgatados-em-santa-catarina-trabalhando-em-regime-de-escravidao\\\/#primaryimage\"},\"thumbnailUrl\":\"\",\"articleSection\":[\"not\u00edcias\"],\"inLanguage\":\"pt-BR\",\"potentialAction\":[{\"@type\":\"CommentAction\",\"name\":\"Comment\",\"target\":[\"https:\\\/\\\/maranhaotv.com.br\\\/index.php\\\/2020\\\/08\\\/06\\\/maranhenses-sao-resgatados-em-santa-catarina-trabalhando-em-regime-de-escravidao\\\/#respond\"]}]},{\"@type\":\"WebPage\",\"@id\":\"https:\\\/\\\/maranhaotv.com.br\\\/index.php\\\/2020\\\/08\\\/06\\\/maranhenses-sao-resgatados-em-santa-catarina-trabalhando-em-regime-de-escravidao\\\/\",\"url\":\"https:\\\/\\\/maranhaotv.com.br\\\/index.php\\\/2020\\\/08\\\/06\\\/maranhenses-sao-resgatados-em-santa-catarina-trabalhando-em-regime-de-escravidao\\\/\",\"name\":\"Maranhenses s\u00e3o resgatados em Santa Catarina trabalhando em regime de escravid\u00e3o - NOT\u00cdCIAS EM TEMPO REAL\",\"isPartOf\":{\"@id\":\"https:\\\/\\\/maranhaotv.com.br\\\/#website\"},\"primaryImageOfPage\":{\"@id\":\"https:\\\/\\\/maranhaotv.com.br\\\/index.php\\\/2020\\\/08\\\/06\\\/maranhenses-sao-resgatados-em-santa-catarina-trabalhando-em-regime-de-escravidao\\\/#primaryimage\"},\"image\":{\"@id\":\"https:\\\/\\\/maranhaotv.com.br\\\/index.php\\\/2020\\\/08\\\/06\\\/maranhenses-sao-resgatados-em-santa-catarina-trabalhando-em-regime-de-escravidao\\\/#primaryimage\"},\"thumbnailUrl\":\"\",\"datePublished\":\"2020-08-06T12:21:40+00:00\",\"breadcrumb\":{\"@id\":\"https:\\\/\\\/maranhaotv.com.br\\\/index.php\\\/2020\\\/08\\\/06\\\/maranhenses-sao-resgatados-em-santa-catarina-trabalhando-em-regime-de-escravidao\\\/#breadcrumb\"},\"inLanguage\":\"pt-BR\",\"potentialAction\":[{\"@type\":\"ReadAction\",\"target\":[\"https:\\\/\\\/maranhaotv.com.br\\\/index.php\\\/2020\\\/08\\\/06\\\/maranhenses-sao-resgatados-em-santa-catarina-trabalhando-em-regime-de-escravidao\\\/\"]}]},{\"@type\":\"ImageObject\",\"inLanguage\":\"pt-BR\",\"@id\":\"https:\\\/\\\/maranhaotv.com.br\\\/index.php\\\/2020\\\/08\\\/06\\\/maranhenses-sao-resgatados-em-santa-catarina-trabalhando-em-regime-de-escravidao\\\/#primaryimage\",\"url\":\"\",\"contentUrl\":\"\"},{\"@type\":\"BreadcrumbList\",\"@id\":\"https:\\\/\\\/maranhaotv.com.br\\\/index.php\\\/2020\\\/08\\\/06\\\/maranhenses-sao-resgatados-em-santa-catarina-trabalhando-em-regime-de-escravidao\\\/#breadcrumb\",\"itemListElement\":[{\"@type\":\"ListItem\",\"position\":1,\"name\":\"In\u00edcio\",\"item\":\"https:\\\/\\\/maranhaotv.com.br\\\/\"},{\"@type\":\"ListItem\",\"position\":2,\"name\":\"Maranhenses s\u00e3o resgatados em Santa Catarina trabalhando em regime de escravid\u00e3o\"}]},{\"@type\":\"WebSite\",\"@id\":\"https:\\\/\\\/maranhaotv.com.br\\\/#website\",\"url\":\"https:\\\/\\\/maranhaotv.com.br\\\/\",\"name\":\"Maranh\u00e3oTV\",\"description\":\"\",\"publisher\":{\"@id\":\"https:\\\/\\\/maranhaotv.com.br\\\/#organization\"},\"potentialAction\":[{\"@type\":\"SearchAction\",\"target\":{\"@type\":\"EntryPoint\",\"urlTemplate\":\"https:\\\/\\\/maranhaotv.com.br\\\/?s={search_term_string}\"},\"query-input\":{\"@type\":\"PropertyValueSpecification\",\"valueRequired\":true,\"valueName\":\"search_term_string\"}}],\"inLanguage\":\"pt-BR\"},{\"@type\":\"Organization\",\"@id\":\"https:\\\/\\\/maranhaotv.com.br\\\/#organization\",\"name\":\"Portal de Not\u00edcias\",\"url\":\"https:\\\/\\\/maranhaotv.com.br\\\/\",\"logo\":{\"@type\":\"ImageObject\",\"inLanguage\":\"pt-BR\",\"@id\":\"https:\\\/\\\/maranhaotv.com.br\\\/#\\\/schema\\\/logo\\\/image\\\/\",\"url\":\"https:\\\/\\\/maranhaotv.com.br\\\/wp-content\\\/uploads\\\/2024\\\/05\\\/cropped-cropped-avatar-1.png\",\"contentUrl\":\"https:\\\/\\\/maranhaotv.com.br\\\/wp-content\\\/uploads\\\/2024\\\/05\\\/cropped-cropped-avatar-1.png\",\"width\":792,\"height\":428,\"caption\":\"Portal de Not\u00edcias\"},\"image\":{\"@id\":\"https:\\\/\\\/maranhaotv.com.br\\\/#\\\/schema\\\/logo\\\/image\\\/\"},\"sameAs\":[\"https:\\\/\\\/www.facebook.com\\\/maiobaotv\",\"https:\\\/\\\/x.com\\\/sitemaranhaotv\",\"https:\\\/\\\/www.instagram.com\\\/maranhao.tv\",\"https:\\\/\\\/www.threads.net\\\/@maranhao.tv\"]},{\"@type\":\"Person\",\"@id\":\"https:\\\/\\\/maranhaotv.com.br\\\/#\\\/schema\\\/person\\\/3d54238e86b20bb5c89ab2fdb8f8829a\",\"name\":\"maranhaotv\",\"image\":{\"@type\":\"ImageObject\",\"inLanguage\":\"pt-BR\",\"@id\":\"https:\\\/\\\/secure.gravatar.com\\\/avatar\\\/8fadbca458d4cb68b1dd399ae9a40618d747bb1af65ac9fad21c89220a143eb4?s=96&d=mm&r=g\",\"url\":\"https:\\\/\\\/secure.gravatar.com\\\/avatar\\\/8fadbca458d4cb68b1dd399ae9a40618d747bb1af65ac9fad21c89220a143eb4?s=96&d=mm&r=g\",\"contentUrl\":\"https:\\\/\\\/secure.gravatar.com\\\/avatar\\\/8fadbca458d4cb68b1dd399ae9a40618d747bb1af65ac9fad21c89220a143eb4?s=96&d=mm&r=g\",\"caption\":\"maranhaotv\"},\"sameAs\":[\"https:\\\/\\\/maranhaotv.com.br\\\/\"],\"url\":\"https:\\\/\\\/maranhaotv.com.br\\\/index.php\\\/author\\\/maranhaotv\\\/\"}]}<\/script>\n<!-- \/ Yoast SEO plugin. -->","yoast_head_json":{"title":"Maranhenses s\u00e3o resgatados em Santa Catarina trabalhando em regime de escravid\u00e3o - NOT\u00cdCIAS EM TEMPO REAL","robots":{"index":"index","follow":"follow","max-snippet":"max-snippet:-1","max-image-preview":"max-image-preview:large","max-video-preview":"max-video-preview:-1"},"canonical":"https:\/\/maranhaotv.com.br\/index.php\/2020\/08\/06\/maranhenses-sao-resgatados-em-santa-catarina-trabalhando-em-regime-de-escravidao\/","og_locale":"pt_BR","og_type":"article","og_title":"Maranhenses s\u00e3o resgatados em Santa Catarina trabalhando em regime de escravid\u00e3o - NOT\u00cdCIAS EM TEMPO REAL","og_description":"A\u00e7\u00e3o contra trabalho escravo contou com apoio de outros \u00f3rg\u00e3os federais Auditores-fiscais do Trabalho do Grupo Especial de Fiscaliza\u00e7\u00e3o M\u00f3vel","og_url":"https:\/\/maranhaotv.com.br\/index.php\/2020\/08\/06\/maranhenses-sao-resgatados-em-santa-catarina-trabalhando-em-regime-de-escravidao\/","og_site_name":"NOT\u00cdCIAS EM TEMPO REAL","article_publisher":"https:\/\/www.facebook.com\/maiobaotv","article_published_time":"2020-08-06T12:21:40+00:00","author":"maranhaotv","twitter_card":"summary_large_image","twitter_creator":"@sitemaranhaotv","twitter_site":"@sitemaranhaotv","twitter_misc":{"Escrito por":"maranhaotv","Est. tempo de leitura":"2 minutos"},"schema":{"@context":"https:\/\/schema.org","@graph":[{"@type":"Article","@id":"https:\/\/maranhaotv.com.br\/index.php\/2020\/08\/06\/maranhenses-sao-resgatados-em-santa-catarina-trabalhando-em-regime-de-escravidao\/#article","isPartOf":{"@id":"https:\/\/maranhaotv.com.br\/index.php\/2020\/08\/06\/maranhenses-sao-resgatados-em-santa-catarina-trabalhando-em-regime-de-escravidao\/"},"author":{"name":"maranhaotv","@id":"https:\/\/maranhaotv.com.br\/#\/schema\/person\/3d54238e86b20bb5c89ab2fdb8f8829a"},"headline":"Maranhenses s\u00e3o resgatados em Santa Catarina trabalhando em regime de escravid\u00e3o","datePublished":"2020-08-06T12:21:40+00:00","mainEntityOfPage":{"@id":"https:\/\/maranhaotv.com.br\/index.php\/2020\/08\/06\/maranhenses-sao-resgatados-em-santa-catarina-trabalhando-em-regime-de-escravidao\/"},"wordCount":429,"commentCount":0,"publisher":{"@id":"https:\/\/maranhaotv.com.br\/#organization"},"image":{"@id":"https:\/\/maranhaotv.com.br\/index.php\/2020\/08\/06\/maranhenses-sao-resgatados-em-santa-catarina-trabalhando-em-regime-de-escravidao\/#primaryimage"},"thumbnailUrl":"","articleSection":["not\u00edcias"],"inLanguage":"pt-BR","potentialAction":[{"@type":"CommentAction","name":"Comment","target":["https:\/\/maranhaotv.com.br\/index.php\/2020\/08\/06\/maranhenses-sao-resgatados-em-santa-catarina-trabalhando-em-regime-de-escravidao\/#respond"]}]},{"@type":"WebPage","@id":"https:\/\/maranhaotv.com.br\/index.php\/2020\/08\/06\/maranhenses-sao-resgatados-em-santa-catarina-trabalhando-em-regime-de-escravidao\/","url":"https:\/\/maranhaotv.com.br\/index.php\/2020\/08\/06\/maranhenses-sao-resgatados-em-santa-catarina-trabalhando-em-regime-de-escravidao\/","name":"Maranhenses s\u00e3o resgatados em Santa Catarina trabalhando em regime de escravid\u00e3o - NOT\u00cdCIAS EM TEMPO REAL","isPartOf":{"@id":"https:\/\/maranhaotv.com.br\/#website"},"primaryImageOfPage":{"@id":"https:\/\/maranhaotv.com.br\/index.php\/2020\/08\/06\/maranhenses-sao-resgatados-em-santa-catarina-trabalhando-em-regime-de-escravidao\/#primaryimage"},"image":{"@id":"https:\/\/maranhaotv.com.br\/index.php\/2020\/08\/06\/maranhenses-sao-resgatados-em-santa-catarina-trabalhando-em-regime-de-escravidao\/#primaryimage"},"thumbnailUrl":"","datePublished":"2020-08-06T12:21:40+00:00","breadcrumb":{"@id":"https:\/\/maranhaotv.com.br\/index.php\/2020\/08\/06\/maranhenses-sao-resgatados-em-santa-catarina-trabalhando-em-regime-de-escravidao\/#breadcrumb"},"inLanguage":"pt-BR","potentialAction":[{"@type":"ReadAction","target":["https:\/\/maranhaotv.com.br\/index.php\/2020\/08\/06\/maranhenses-sao-resgatados-em-santa-catarina-trabalhando-em-regime-de-escravidao\/"]}]},{"@type":"ImageObject","inLanguage":"pt-BR","@id":"https:\/\/maranhaotv.com.br\/index.php\/2020\/08\/06\/maranhenses-sao-resgatados-em-santa-catarina-trabalhando-em-regime-de-escravidao\/#primaryimage","url":"","contentUrl":""},{"@type":"BreadcrumbList","@id":"https:\/\/maranhaotv.com.br\/index.php\/2020\/08\/06\/maranhenses-sao-resgatados-em-santa-catarina-trabalhando-em-regime-de-escravidao\/#breadcrumb","itemListElement":[{"@type":"ListItem","position":1,"name":"In\u00edcio","item":"https:\/\/maranhaotv.com.br\/"},{"@type":"ListItem","position":2,"name":"Maranhenses s\u00e3o resgatados em Santa Catarina trabalhando em regime de escravid\u00e3o"}]},{"@type":"WebSite","@id":"https:\/\/maranhaotv.com.br\/#website","url":"https:\/\/maranhaotv.com.br\/","name":"Maranh\u00e3oTV","description":"","publisher":{"@id":"https:\/\/maranhaotv.com.br\/#organization"},"potentialAction":[{"@type":"SearchAction","target":{"@type":"EntryPoint","urlTemplate":"https:\/\/maranhaotv.com.br\/?s={search_term_string}"},"query-input":{"@type":"PropertyValueSpecification","valueRequired":true,"valueName":"search_term_string"}}],"inLanguage":"pt-BR"},{"@type":"Organization","@id":"https:\/\/maranhaotv.com.br\/#organization","name":"Portal de Not\u00edcias","url":"https:\/\/maranhaotv.com.br\/","logo":{"@type":"ImageObject","inLanguage":"pt-BR","@id":"https:\/\/maranhaotv.com.br\/#\/schema\/logo\/image\/","url":"https:\/\/maranhaotv.com.br\/wp-content\/uploads\/2024\/05\/cropped-cropped-avatar-1.png","contentUrl":"https:\/\/maranhaotv.com.br\/wp-content\/uploads\/2024\/05\/cropped-cropped-avatar-1.png","width":792,"height":428,"caption":"Portal de Not\u00edcias"},"image":{"@id":"https:\/\/maranhaotv.com.br\/#\/schema\/logo\/image\/"},"sameAs":["https:\/\/www.facebook.com\/maiobaotv","https:\/\/x.com\/sitemaranhaotv","https:\/\/www.instagram.com\/maranhao.tv","https:\/\/www.threads.net\/@maranhao.tv"]},{"@type":"Person","@id":"https:\/\/maranhaotv.com.br\/#\/schema\/person\/3d54238e86b20bb5c89ab2fdb8f8829a","name":"maranhaotv","image":{"@type":"ImageObject","inLanguage":"pt-BR","@id":"https:\/\/secure.gravatar.com\/avatar\/8fadbca458d4cb68b1dd399ae9a40618d747bb1af65ac9fad21c89220a143eb4?s=96&d=mm&r=g","url":"https:\/\/secure.gravatar.com\/avatar\/8fadbca458d4cb68b1dd399ae9a40618d747bb1af65ac9fad21c89220a143eb4?s=96&d=mm&r=g","contentUrl":"https:\/\/secure.gravatar.com\/avatar\/8fadbca458d4cb68b1dd399ae9a40618d747bb1af65ac9fad21c89220a143eb4?s=96&d=mm&r=g","caption":"maranhaotv"},"sameAs":["https:\/\/maranhaotv.com.br\/"],"url":"https:\/\/maranhaotv.com.br\/index.php\/author\/maranhaotv\/"}]}},"jetpack_featured_media_url":"","jetpack_sharing_enabled":true,"_links":{"self":[{"href":"https:\/\/maranhaotv.com.br\/index.php\/wp-json\/wp\/v2\/posts\/13661","targetHints":{"allow":["GET"]}}],"collection":[{"href":"https:\/\/maranhaotv.com.br\/index.php\/wp-json\/wp\/v2\/posts"}],"about":[{"href":"https:\/\/maranhaotv.com.br\/index.php\/wp-json\/wp\/v2\/types\/post"}],"author":[{"embeddable":true,"href":"https:\/\/maranhaotv.com.br\/index.php\/wp-json\/wp\/v2\/users\/2"}],"replies":[{"embeddable":true,"href":"https:\/\/maranhaotv.com.br\/index.php\/wp-json\/wp\/v2\/comments?post=13661"}],"version-history":[{"count":0,"href":"https:\/\/maranhaotv.com.br\/index.php\/wp-json\/wp\/v2\/posts\/13661\/revisions"}],"wp:featuredmedia":[{"embeddable":true,"href":"https:\/\/maranhaotv.com.br\/index.php\/wp-json\/"}],"wp:attachment":[{"href":"https:\/\/maranhaotv.com.br\/index.php\/wp-json\/wp\/v2\/media?parent=13661"}],"wp:term":[{"taxonomy":"category","embeddable":true,"href":"https:\/\/maranhaotv.com.br\/index.php\/wp-json\/wp\/v2\/categories?post=13661"},{"taxonomy":"post_tag","embeddable":true,"href":"https:\/\/maranhaotv.com.br\/index.php\/wp-json\/wp\/v2\/tags?post=13661"}],"curies":[{"name":"wp","href":"https:\/\/api.w.org\/{rel}","templated":true}]}}