{"id":13748,"date":"2020-08-11T17:11:01","date_gmt":"2020-08-11T20:11:01","guid":{"rendered":"https:\/\/maiobaotv.com.br\/?p=13748"},"modified":"2020-08-11T17:11:01","modified_gmt":"2020-08-11T20:11:01","slug":"coronavirus-governo-do-parana-e-russia-vao-assinar-acordo-para-fabricacao-de-vacina","status":"publish","type":"post","link":"https:\/\/maranhaotv.com.br\/index.php\/2020\/08\/11\/coronavirus-governo-do-parana-e-russia-vao-assinar-acordo-para-fabricacao-de-vacina\/","title":{"rendered":"Coronav\u00edrus: Governo do Paran\u00e1 e R\u00fassia v\u00e3o assinar acordo para fabrica\u00e7\u00e3o de vacina"},"content":{"rendered":"<p>Presidente Vladimir Putin anunciou mais cedo que vacina \u00e9 a 1\u00aa a ser registrada no mundo; comunidade cient\u00edfica ainda n\u00e3o tem comprova\u00e7\u00e3o de sua efic\u00e1cia. Previs\u00e3o \u00e9 que distribui\u00e7\u00e3o no Brasil ocorra em 2021, mas Anvisa ainda precisa liberar.<\/p>\n<p>O governo do Paran\u00e1 anunciou que vai assinar um conv\u00eanio com a R\u00fassia para produzir a vacina Sputnik V. O an\u00fancio foi feito horas ap\u00f3s o presidente russo, Vladimir Putin, divulgar a vacina como a primeira registrada no mundo.<\/p>\n<p>A vacina russa \u00e9 questionada pela comunidade internacional porque ainda se sabe pouco sobre sua efic\u00e1cia. O site oficial sobre a pesquisa afirma que, no dia 1\u00b0 de agosto, os testes de fase 1 e 2 foram conclu\u00eddos. A Organiza\u00e7\u00e3o Mundial de Sa\u00fade (OMS) recomenda que sejam realizadas tr\u00eas etapas de testes.<\/p>\n<p>Segundo o governo do Paran\u00e1, o passo seguinte \u00e0 assinatura do acordo \u00e9 o compartilhamento do protocolo russo com a Anvisa, para que a ag\u00eancia brasileira libere a realiza\u00e7\u00e3o dos procedimentos necess\u00e1rios para os testes. Jorge Callado, presidente do Tecpar, ressaltou que a pesquisa vai avan\u00e7ar conforme o compartilhamento as informa\u00e7\u00f5es.<\/p>\n<p>Vacina russa<\/p>\n<p>Ap\u00f3s o an\u00fancio do registro da vacina pelo presidente russo, a OMS declarou nesta ter\u00e7a que a R\u00fassia &#8220;n\u00e3o precisa de sua aprova\u00e7\u00e3o [da OMS&#8221; para registrar a vacina. No entanto, a entidade precisar\u00e1 ter acesso aos dados da pesquisa para avaliar a efic\u00e1cia e a seguran\u00e7a da imuniza\u00e7\u00e3o para poder aprov\u00e1-la.<\/p>\n<p>Conforme as informa\u00e7\u00f5es do site da vacina russa, o Brasil vai participar da fase 3 dos estudos cl\u00ednicos. A Anvisa informou que testes s\u00f3 poder\u00e3o ocorrer ap\u00f3s a libera\u00e7\u00e3o da ag\u00eancia. Ainda n\u00e3o h\u00e1 o pedido para isso e nem uma data para ocorrer, ainda conforme a Anvisa.<\/p>\n","protected":false},"excerpt":{"rendered":"<p>Presidente Vladimir Putin anunciou mais cedo que vacina \u00e9 a 1\u00aa a ser registrada no mundo; comunidade cient\u00edfica ainda n\u00e3o<\/p>\n","protected":false},"author":2,"featured_media":13747,"comment_status":"open","ping_status":"open","sticky":false,"template":"","format":"standard","meta":{"colormag_page_container_layout":"default_layout","colormag_page_sidebar_layout":"default_layout","_jetpack_memberships_contains_paid_content":false,"footnotes":""},"categories":[2],"tags":[],"class_list":["post-13748","post","type-post","status-publish","format-standard","has-post-thumbnail","hentry","category-noticias"],"magazineBlocksPostFeaturedMedia":{"thumbnail":false,"medium":false,"medium_large":false,"large":false,"1536x1536":false,"2048x2048":false,"colormag-highlighted-post":false,"colormag-featured-post-medium":false,"colormag-featured-post-small":false,"colormag-featured-image":false,"colormag-default-news":false,"colormag-featured-image-large":false},"magazineBlocksPostAuthor":{"name":"maranhaotv","avatar":"https:\/\/secure.gravatar.com\/avatar\/8fadbca458d4cb68b1dd399ae9a40618d747bb1af65ac9fad21c89220a143eb4?s=96&d=mm&r=g"},"magazineBlocksPostCommentsNumber":"0","magazineBlocksPostExcerpt":"Presidente Vladimir Putin anunciou mais cedo que vacina \u00e9 a 1\u00aa a ser registrada no mundo; comunidade cient\u00edfica ainda n\u00e3o","magazineBlocksPostCategories":["not\u00edcias"],"magazineBlocksPostViewCount":295,"magazineBlocksPostReadTime":2,"magazine_blocks_featured_image_url":{"full":false,"medium":false,"thumbnail":false},"magazine_blocks_author":{"display_name":"maranhaotv","author_link":"https:\/\/maranhaotv.com.br\/index.php\/author\/maranhaotv\/"},"magazine_blocks_comment":0,"magazine_blocks_author_image":"https:\/\/secure.gravatar.com\/avatar\/8fadbca458d4cb68b1dd399ae9a40618d747bb1af65ac9fad21c89220a143eb4?s=96&d=mm&r=g","magazine_blocks_category":"<a href=\"#\" class=\"category-link category-link-2\">not\u00edcias<\/a>","yoast_head":"<!-- This site is optimized with the Yoast SEO plugin v27.4 - https:\/\/yoast.com\/product\/yoast-seo-wordpress\/ -->\n<title>Coronav\u00edrus: Governo do Paran\u00e1 e R\u00fassia v\u00e3o assinar acordo para fabrica\u00e7\u00e3o de vacina - NOT\u00cdCIAS EM TEMPO REAL<\/title>\n<meta name=\"robots\" content=\"index, follow, max-snippet:-1, max-image-preview:large, max-video-preview:-1\" \/>\n<link rel=\"canonical\" href=\"https:\/\/maranhaotv.com.br\/index.php\/2020\/08\/11\/coronavirus-governo-do-parana-e-russia-vao-assinar-acordo-para-fabricacao-de-vacina\/\" \/>\n<meta property=\"og:locale\" content=\"pt_BR\" \/>\n<meta property=\"og:type\" content=\"article\" \/>\n<meta property=\"og:title\" content=\"Coronav\u00edrus: Governo do Paran\u00e1 e R\u00fassia v\u00e3o assinar acordo para fabrica\u00e7\u00e3o de vacina - NOT\u00cdCIAS EM TEMPO REAL\" \/>\n<meta property=\"og:description\" content=\"Presidente Vladimir Putin anunciou mais cedo que vacina \u00e9 a 1\u00aa a ser registrada no mundo; comunidade cient\u00edfica ainda n\u00e3o\" \/>\n<meta property=\"og:url\" content=\"https:\/\/maranhaotv.com.br\/index.php\/2020\/08\/11\/coronavirus-governo-do-parana-e-russia-vao-assinar-acordo-para-fabricacao-de-vacina\/\" \/>\n<meta property=\"og:site_name\" content=\"NOT\u00cdCIAS EM TEMPO REAL\" \/>\n<meta property=\"article:publisher\" content=\"https:\/\/www.facebook.com\/maiobaotv\" \/>\n<meta property=\"article:published_time\" content=\"2020-08-11T20:11:01+00:00\" \/>\n<meta name=\"author\" content=\"maranhaotv\" \/>\n<meta name=\"twitter:card\" content=\"summary_large_image\" \/>\n<meta name=\"twitter:creator\" content=\"@sitemaranhaotv\" \/>\n<meta name=\"twitter:site\" content=\"@sitemaranhaotv\" \/>\n<meta name=\"twitter:label1\" content=\"Escrito por\" \/>\n\t<meta name=\"twitter:data1\" content=\"maranhaotv\" \/>\n\t<meta name=\"twitter:label2\" content=\"Est. tempo de leitura\" \/>\n\t<meta name=\"twitter:data2\" content=\"2 minutos\" \/>\n<script type=\"application\/ld+json\" class=\"yoast-schema-graph\">{\"@context\":\"https:\\\/\\\/schema.org\",\"@graph\":[{\"@type\":\"Article\",\"@id\":\"https:\\\/\\\/maranhaotv.com.br\\\/index.php\\\/2020\\\/08\\\/11\\\/coronavirus-governo-do-parana-e-russia-vao-assinar-acordo-para-fabricacao-de-vacina\\\/#article\",\"isPartOf\":{\"@id\":\"https:\\\/\\\/maranhaotv.com.br\\\/index.php\\\/2020\\\/08\\\/11\\\/coronavirus-governo-do-parana-e-russia-vao-assinar-acordo-para-fabricacao-de-vacina\\\/\"},\"author\":{\"name\":\"maranhaotv\",\"@id\":\"https:\\\/\\\/maranhaotv.com.br\\\/#\\\/schema\\\/person\\\/3d54238e86b20bb5c89ab2fdb8f8829a\"},\"headline\":\"Coronav\u00edrus: Governo do Paran\u00e1 e R\u00fassia v\u00e3o assinar acordo para fabrica\u00e7\u00e3o de vacina\",\"datePublished\":\"2020-08-11T20:11:01+00:00\",\"mainEntityOfPage\":{\"@id\":\"https:\\\/\\\/maranhaotv.com.br\\\/index.php\\\/2020\\\/08\\\/11\\\/coronavirus-governo-do-parana-e-russia-vao-assinar-acordo-para-fabricacao-de-vacina\\\/\"},\"wordCount\":326,\"commentCount\":0,\"publisher\":{\"@id\":\"https:\\\/\\\/maranhaotv.com.br\\\/#organization\"},\"image\":{\"@id\":\"https:\\\/\\\/maranhaotv.com.br\\\/index.php\\\/2020\\\/08\\\/11\\\/coronavirus-governo-do-parana-e-russia-vao-assinar-acordo-para-fabricacao-de-vacina\\\/#primaryimage\"},\"thumbnailUrl\":\"\",\"articleSection\":[\"not\u00edcias\"],\"inLanguage\":\"pt-BR\",\"potentialAction\":[{\"@type\":\"CommentAction\",\"name\":\"Comment\",\"target\":[\"https:\\\/\\\/maranhaotv.com.br\\\/index.php\\\/2020\\\/08\\\/11\\\/coronavirus-governo-do-parana-e-russia-vao-assinar-acordo-para-fabricacao-de-vacina\\\/#respond\"]}]},{\"@type\":\"WebPage\",\"@id\":\"https:\\\/\\\/maranhaotv.com.br\\\/index.php\\\/2020\\\/08\\\/11\\\/coronavirus-governo-do-parana-e-russia-vao-assinar-acordo-para-fabricacao-de-vacina\\\/\",\"url\":\"https:\\\/\\\/maranhaotv.com.br\\\/index.php\\\/2020\\\/08\\\/11\\\/coronavirus-governo-do-parana-e-russia-vao-assinar-acordo-para-fabricacao-de-vacina\\\/\",\"name\":\"Coronav\u00edrus: Governo do Paran\u00e1 e R\u00fassia v\u00e3o assinar acordo para fabrica\u00e7\u00e3o de vacina - NOT\u00cdCIAS EM TEMPO REAL\",\"isPartOf\":{\"@id\":\"https:\\\/\\\/maranhaotv.com.br\\\/#website\"},\"primaryImageOfPage\":{\"@id\":\"https:\\\/\\\/maranhaotv.com.br\\\/index.php\\\/2020\\\/08\\\/11\\\/coronavirus-governo-do-parana-e-russia-vao-assinar-acordo-para-fabricacao-de-vacina\\\/#primaryimage\"},\"image\":{\"@id\":\"https:\\\/\\\/maranhaotv.com.br\\\/index.php\\\/2020\\\/08\\\/11\\\/coronavirus-governo-do-parana-e-russia-vao-assinar-acordo-para-fabricacao-de-vacina\\\/#primaryimage\"},\"thumbnailUrl\":\"\",\"datePublished\":\"2020-08-11T20:11:01+00:00\",\"breadcrumb\":{\"@id\":\"https:\\\/\\\/maranhaotv.com.br\\\/index.php\\\/2020\\\/08\\\/11\\\/coronavirus-governo-do-parana-e-russia-vao-assinar-acordo-para-fabricacao-de-vacina\\\/#breadcrumb\"},\"inLanguage\":\"pt-BR\",\"potentialAction\":[{\"@type\":\"ReadAction\",\"target\":[\"https:\\\/\\\/maranhaotv.com.br\\\/index.php\\\/2020\\\/08\\\/11\\\/coronavirus-governo-do-parana-e-russia-vao-assinar-acordo-para-fabricacao-de-vacina\\\/\"]}]},{\"@type\":\"ImageObject\",\"inLanguage\":\"pt-BR\",\"@id\":\"https:\\\/\\\/maranhaotv.com.br\\\/index.php\\\/2020\\\/08\\\/11\\\/coronavirus-governo-do-parana-e-russia-vao-assinar-acordo-para-fabricacao-de-vacina\\\/#primaryimage\",\"url\":\"\",\"contentUrl\":\"\"},{\"@type\":\"BreadcrumbList\",\"@id\":\"https:\\\/\\\/maranhaotv.com.br\\\/index.php\\\/2020\\\/08\\\/11\\\/coronavirus-governo-do-parana-e-russia-vao-assinar-acordo-para-fabricacao-de-vacina\\\/#breadcrumb\",\"itemListElement\":[{\"@type\":\"ListItem\",\"position\":1,\"name\":\"In\u00edcio\",\"item\":\"https:\\\/\\\/maranhaotv.com.br\\\/\"},{\"@type\":\"ListItem\",\"position\":2,\"name\":\"Coronav\u00edrus: Governo do Paran\u00e1 e R\u00fassia v\u00e3o assinar acordo para fabrica\u00e7\u00e3o de vacina\"}]},{\"@type\":\"WebSite\",\"@id\":\"https:\\\/\\\/maranhaotv.com.br\\\/#website\",\"url\":\"https:\\\/\\\/maranhaotv.com.br\\\/\",\"name\":\"Maranh\u00e3oTV\",\"description\":\"\",\"publisher\":{\"@id\":\"https:\\\/\\\/maranhaotv.com.br\\\/#organization\"},\"potentialAction\":[{\"@type\":\"SearchAction\",\"target\":{\"@type\":\"EntryPoint\",\"urlTemplate\":\"https:\\\/\\\/maranhaotv.com.br\\\/?s={search_term_string}\"},\"query-input\":{\"@type\":\"PropertyValueSpecification\",\"valueRequired\":true,\"valueName\":\"search_term_string\"}}],\"inLanguage\":\"pt-BR\"},{\"@type\":\"Organization\",\"@id\":\"https:\\\/\\\/maranhaotv.com.br\\\/#organization\",\"name\":\"Portal de Not\u00edcias\",\"url\":\"https:\\\/\\\/maranhaotv.com.br\\\/\",\"logo\":{\"@type\":\"ImageObject\",\"inLanguage\":\"pt-BR\",\"@id\":\"https:\\\/\\\/maranhaotv.com.br\\\/#\\\/schema\\\/logo\\\/image\\\/\",\"url\":\"https:\\\/\\\/maranhaotv.com.br\\\/wp-content\\\/uploads\\\/2024\\\/05\\\/cropped-cropped-avatar-1.png\",\"contentUrl\":\"https:\\\/\\\/maranhaotv.com.br\\\/wp-content\\\/uploads\\\/2024\\\/05\\\/cropped-cropped-avatar-1.png\",\"width\":792,\"height\":428,\"caption\":\"Portal de Not\u00edcias\"},\"image\":{\"@id\":\"https:\\\/\\\/maranhaotv.com.br\\\/#\\\/schema\\\/logo\\\/image\\\/\"},\"sameAs\":[\"https:\\\/\\\/www.facebook.com\\\/maiobaotv\",\"https:\\\/\\\/x.com\\\/sitemaranhaotv\",\"https:\\\/\\\/www.instagram.com\\\/maranhao.tv\",\"https:\\\/\\\/www.threads.net\\\/@maranhao.tv\"]},{\"@type\":\"Person\",\"@id\":\"https:\\\/\\\/maranhaotv.com.br\\\/#\\\/schema\\\/person\\\/3d54238e86b20bb5c89ab2fdb8f8829a\",\"name\":\"maranhaotv\",\"image\":{\"@type\":\"ImageObject\",\"inLanguage\":\"pt-BR\",\"@id\":\"https:\\\/\\\/secure.gravatar.com\\\/avatar\\\/8fadbca458d4cb68b1dd399ae9a40618d747bb1af65ac9fad21c89220a143eb4?s=96&d=mm&r=g\",\"url\":\"https:\\\/\\\/secure.gravatar.com\\\/avatar\\\/8fadbca458d4cb68b1dd399ae9a40618d747bb1af65ac9fad21c89220a143eb4?s=96&d=mm&r=g\",\"contentUrl\":\"https:\\\/\\\/secure.gravatar.com\\\/avatar\\\/8fadbca458d4cb68b1dd399ae9a40618d747bb1af65ac9fad21c89220a143eb4?s=96&d=mm&r=g\",\"caption\":\"maranhaotv\"},\"sameAs\":[\"https:\\\/\\\/maranhaotv.com.br\\\/\"],\"url\":\"https:\\\/\\\/maranhaotv.com.br\\\/index.php\\\/author\\\/maranhaotv\\\/\"}]}<\/script>\n<!-- \/ Yoast SEO plugin. -->","yoast_head_json":{"title":"Coronav\u00edrus: Governo do Paran\u00e1 e R\u00fassia v\u00e3o assinar acordo para fabrica\u00e7\u00e3o de vacina - NOT\u00cdCIAS EM TEMPO REAL","robots":{"index":"index","follow":"follow","max-snippet":"max-snippet:-1","max-image-preview":"max-image-preview:large","max-video-preview":"max-video-preview:-1"},"canonical":"https:\/\/maranhaotv.com.br\/index.php\/2020\/08\/11\/coronavirus-governo-do-parana-e-russia-vao-assinar-acordo-para-fabricacao-de-vacina\/","og_locale":"pt_BR","og_type":"article","og_title":"Coronav\u00edrus: Governo do Paran\u00e1 e R\u00fassia v\u00e3o assinar acordo para fabrica\u00e7\u00e3o de vacina - NOT\u00cdCIAS EM TEMPO REAL","og_description":"Presidente Vladimir Putin anunciou mais cedo que vacina \u00e9 a 1\u00aa a ser registrada no mundo; comunidade cient\u00edfica ainda n\u00e3o","og_url":"https:\/\/maranhaotv.com.br\/index.php\/2020\/08\/11\/coronavirus-governo-do-parana-e-russia-vao-assinar-acordo-para-fabricacao-de-vacina\/","og_site_name":"NOT\u00cdCIAS EM TEMPO REAL","article_publisher":"https:\/\/www.facebook.com\/maiobaotv","article_published_time":"2020-08-11T20:11:01+00:00","author":"maranhaotv","twitter_card":"summary_large_image","twitter_creator":"@sitemaranhaotv","twitter_site":"@sitemaranhaotv","twitter_misc":{"Escrito por":"maranhaotv","Est. tempo de leitura":"2 minutos"},"schema":{"@context":"https:\/\/schema.org","@graph":[{"@type":"Article","@id":"https:\/\/maranhaotv.com.br\/index.php\/2020\/08\/11\/coronavirus-governo-do-parana-e-russia-vao-assinar-acordo-para-fabricacao-de-vacina\/#article","isPartOf":{"@id":"https:\/\/maranhaotv.com.br\/index.php\/2020\/08\/11\/coronavirus-governo-do-parana-e-russia-vao-assinar-acordo-para-fabricacao-de-vacina\/"},"author":{"name":"maranhaotv","@id":"https:\/\/maranhaotv.com.br\/#\/schema\/person\/3d54238e86b20bb5c89ab2fdb8f8829a"},"headline":"Coronav\u00edrus: Governo do Paran\u00e1 e R\u00fassia v\u00e3o assinar acordo para fabrica\u00e7\u00e3o de vacina","datePublished":"2020-08-11T20:11:01+00:00","mainEntityOfPage":{"@id":"https:\/\/maranhaotv.com.br\/index.php\/2020\/08\/11\/coronavirus-governo-do-parana-e-russia-vao-assinar-acordo-para-fabricacao-de-vacina\/"},"wordCount":326,"commentCount":0,"publisher":{"@id":"https:\/\/maranhaotv.com.br\/#organization"},"image":{"@id":"https:\/\/maranhaotv.com.br\/index.php\/2020\/08\/11\/coronavirus-governo-do-parana-e-russia-vao-assinar-acordo-para-fabricacao-de-vacina\/#primaryimage"},"thumbnailUrl":"","articleSection":["not\u00edcias"],"inLanguage":"pt-BR","potentialAction":[{"@type":"CommentAction","name":"Comment","target":["https:\/\/maranhaotv.com.br\/index.php\/2020\/08\/11\/coronavirus-governo-do-parana-e-russia-vao-assinar-acordo-para-fabricacao-de-vacina\/#respond"]}]},{"@type":"WebPage","@id":"https:\/\/maranhaotv.com.br\/index.php\/2020\/08\/11\/coronavirus-governo-do-parana-e-russia-vao-assinar-acordo-para-fabricacao-de-vacina\/","url":"https:\/\/maranhaotv.com.br\/index.php\/2020\/08\/11\/coronavirus-governo-do-parana-e-russia-vao-assinar-acordo-para-fabricacao-de-vacina\/","name":"Coronav\u00edrus: Governo do Paran\u00e1 e R\u00fassia v\u00e3o assinar acordo para fabrica\u00e7\u00e3o de vacina - NOT\u00cdCIAS EM TEMPO REAL","isPartOf":{"@id":"https:\/\/maranhaotv.com.br\/#website"},"primaryImageOfPage":{"@id":"https:\/\/maranhaotv.com.br\/index.php\/2020\/08\/11\/coronavirus-governo-do-parana-e-russia-vao-assinar-acordo-para-fabricacao-de-vacina\/#primaryimage"},"image":{"@id":"https:\/\/maranhaotv.com.br\/index.php\/2020\/08\/11\/coronavirus-governo-do-parana-e-russia-vao-assinar-acordo-para-fabricacao-de-vacina\/#primaryimage"},"thumbnailUrl":"","datePublished":"2020-08-11T20:11:01+00:00","breadcrumb":{"@id":"https:\/\/maranhaotv.com.br\/index.php\/2020\/08\/11\/coronavirus-governo-do-parana-e-russia-vao-assinar-acordo-para-fabricacao-de-vacina\/#breadcrumb"},"inLanguage":"pt-BR","potentialAction":[{"@type":"ReadAction","target":["https:\/\/maranhaotv.com.br\/index.php\/2020\/08\/11\/coronavirus-governo-do-parana-e-russia-vao-assinar-acordo-para-fabricacao-de-vacina\/"]}]},{"@type":"ImageObject","inLanguage":"pt-BR","@id":"https:\/\/maranhaotv.com.br\/index.php\/2020\/08\/11\/coronavirus-governo-do-parana-e-russia-vao-assinar-acordo-para-fabricacao-de-vacina\/#primaryimage","url":"","contentUrl":""},{"@type":"BreadcrumbList","@id":"https:\/\/maranhaotv.com.br\/index.php\/2020\/08\/11\/coronavirus-governo-do-parana-e-russia-vao-assinar-acordo-para-fabricacao-de-vacina\/#breadcrumb","itemListElement":[{"@type":"ListItem","position":1,"name":"In\u00edcio","item":"https:\/\/maranhaotv.com.br\/"},{"@type":"ListItem","position":2,"name":"Coronav\u00edrus: Governo do Paran\u00e1 e R\u00fassia v\u00e3o assinar acordo para fabrica\u00e7\u00e3o de vacina"}]},{"@type":"WebSite","@id":"https:\/\/maranhaotv.com.br\/#website","url":"https:\/\/maranhaotv.com.br\/","name":"Maranh\u00e3oTV","description":"","publisher":{"@id":"https:\/\/maranhaotv.com.br\/#organization"},"potentialAction":[{"@type":"SearchAction","target":{"@type":"EntryPoint","urlTemplate":"https:\/\/maranhaotv.com.br\/?s={search_term_string}"},"query-input":{"@type":"PropertyValueSpecification","valueRequired":true,"valueName":"search_term_string"}}],"inLanguage":"pt-BR"},{"@type":"Organization","@id":"https:\/\/maranhaotv.com.br\/#organization","name":"Portal de Not\u00edcias","url":"https:\/\/maranhaotv.com.br\/","logo":{"@type":"ImageObject","inLanguage":"pt-BR","@id":"https:\/\/maranhaotv.com.br\/#\/schema\/logo\/image\/","url":"https:\/\/maranhaotv.com.br\/wp-content\/uploads\/2024\/05\/cropped-cropped-avatar-1.png","contentUrl":"https:\/\/maranhaotv.com.br\/wp-content\/uploads\/2024\/05\/cropped-cropped-avatar-1.png","width":792,"height":428,"caption":"Portal de Not\u00edcias"},"image":{"@id":"https:\/\/maranhaotv.com.br\/#\/schema\/logo\/image\/"},"sameAs":["https:\/\/www.facebook.com\/maiobaotv","https:\/\/x.com\/sitemaranhaotv","https:\/\/www.instagram.com\/maranhao.tv","https:\/\/www.threads.net\/@maranhao.tv"]},{"@type":"Person","@id":"https:\/\/maranhaotv.com.br\/#\/schema\/person\/3d54238e86b20bb5c89ab2fdb8f8829a","name":"maranhaotv","image":{"@type":"ImageObject","inLanguage":"pt-BR","@id":"https:\/\/secure.gravatar.com\/avatar\/8fadbca458d4cb68b1dd399ae9a40618d747bb1af65ac9fad21c89220a143eb4?s=96&d=mm&r=g","url":"https:\/\/secure.gravatar.com\/avatar\/8fadbca458d4cb68b1dd399ae9a40618d747bb1af65ac9fad21c89220a143eb4?s=96&d=mm&r=g","contentUrl":"https:\/\/secure.gravatar.com\/avatar\/8fadbca458d4cb68b1dd399ae9a40618d747bb1af65ac9fad21c89220a143eb4?s=96&d=mm&r=g","caption":"maranhaotv"},"sameAs":["https:\/\/maranhaotv.com.br\/"],"url":"https:\/\/maranhaotv.com.br\/index.php\/author\/maranhaotv\/"}]}},"jetpack_featured_media_url":"","jetpack_sharing_enabled":true,"_links":{"self":[{"href":"https:\/\/maranhaotv.com.br\/index.php\/wp-json\/wp\/v2\/posts\/13748","targetHints":{"allow":["GET"]}}],"collection":[{"href":"https:\/\/maranhaotv.com.br\/index.php\/wp-json\/wp\/v2\/posts"}],"about":[{"href":"https:\/\/maranhaotv.com.br\/index.php\/wp-json\/wp\/v2\/types\/post"}],"author":[{"embeddable":true,"href":"https:\/\/maranhaotv.com.br\/index.php\/wp-json\/wp\/v2\/users\/2"}],"replies":[{"embeddable":true,"href":"https:\/\/maranhaotv.com.br\/index.php\/wp-json\/wp\/v2\/comments?post=13748"}],"version-history":[{"count":0,"href":"https:\/\/maranhaotv.com.br\/index.php\/wp-json\/wp\/v2\/posts\/13748\/revisions"}],"wp:featuredmedia":[{"embeddable":true,"href":"https:\/\/maranhaotv.com.br\/index.php\/wp-json\/"}],"wp:attachment":[{"href":"https:\/\/maranhaotv.com.br\/index.php\/wp-json\/wp\/v2\/media?parent=13748"}],"wp:term":[{"taxonomy":"category","embeddable":true,"href":"https:\/\/maranhaotv.com.br\/index.php\/wp-json\/wp\/v2\/categories?post=13748"},{"taxonomy":"post_tag","embeddable":true,"href":"https:\/\/maranhaotv.com.br\/index.php\/wp-json\/wp\/v2\/tags?post=13748"}],"curies":[{"name":"wp","href":"https:\/\/api.w.org\/{rel}","templated":true}]}}