{"id":13774,"date":"2020-08-13T11:48:42","date_gmt":"2020-08-13T14:48:42","guid":{"rendered":"https:\/\/maiobaotv.com.br\/?p=13774"},"modified":"2020-08-13T11:48:42","modified_gmt":"2020-08-13T14:48:42","slug":"glalbert-cutrim-participa-das-inauguracoes-da-rota-da-jucara-e-da-praca-da-saude-em-axixa","status":"publish","type":"post","link":"https:\/\/maranhaotv.com.br\/index.php\/2020\/08\/13\/glalbert-cutrim-participa-das-inauguracoes-da-rota-da-jucara-e-da-praca-da-saude-em-axixa\/","title":{"rendered":"Glalbert Cutrim participa das inaugura\u00e7\u00f5es da Rota da Ju\u00e7ara e da Pra\u00e7a da Sa\u00fade em Axix\u00e1"},"content":{"rendered":"<p>O vice-presidente da Assembleia Legislativa do Maranh\u00e3o, deputado estadual Glalbert Cutrim (PDT), juntamente com o senador Weverton Rocha (PDT), estiveram nesta quarta-feira (12), no munic\u00edpio de Axix\u00e1, onde participaram das inaugura\u00e7\u00f5es de duas importantes obras realizadas pela prefeita S\u00f4nia Campos (PDT).<\/p>\n<p>Idealizado pela prefeita ainda em seu primeiro mandato, a Rota da Ju\u00e7ara foi entregue totalmente pavimentada e com pontes de concreto, o que facilitar\u00e1 o escoamento da produ\u00e7\u00e3o de ju\u00e7ara, assim como o turismo gastron\u00f4mico.<\/p>\n<p>\u201cContar com parceiros como o senador Weverton Rocha, o deputado federal Edil\u00e1zio J\u00fanior e o deputado estadual Glalbert Cutrim, \u00e9 poder ter a certeza que investimentos grandiosos continuar\u00e3o chegando para nossa popula\u00e7\u00e3o.\u201d Disse a prefeita ao anunciar mais emendas no valor de R$ 2 milh\u00f5es para o munic\u00edpio.<\/p>\n<p>Ap\u00f3s entregar a Rota da Ju\u00e7ara, que dever\u00e1 fomentar ainda mais a economia local, a comitiva se deslocou at\u00e9 a Pra\u00e7a da Sa\u00fade, obra proveniente de emenda parlamentar do deputado Glalbert Cutrim, que destacou a coragem e lideran\u00e7a da prefeita.<\/p>\n<p>\u201cEm tempos dif\u00edceis, como os que estamos vivendo, prefeito que consegue superar crise e entregar obras importantes como essas, com certeza merece todo nosso respeito, e voc\u00ea, S\u00f4nia Campos, \u00e9 exemplo de que com coragem, podemos vencer todos os desafios. Essa obra \u00e9 fruto de nosso amizade e dedica\u00e7\u00e3o pelo povo de Axix\u00e1. Como ela, tenho certeza que vir\u00e3o muitas outras.\u201d Disse o deputado, ao anunciar mais investimentos para o munic\u00edpio.<\/p>\n<p>A comitiva contou ainda com a participa\u00e7\u00e3o do deputado federal Edil\u00e1zio J\u00fanior, do deputado estadual Marcos Caldas, de vereadores, secret\u00e1rios e lideran\u00e7as locais.<\/p>\n<p><img loading=\"lazy\" decoding=\"async\" src=\"https:\/\/maiobaotv.com.br\/wp-content\/uploads\/2020\/08\/img-20200813-wa009951622376122102852.jpg\" class=\"wp-image-13773 alignnone size-full\" width=\"1280\" height=\"853\"><\/p>\n<p><img loading=\"lazy\" decoding=\"async\" src=\"https:\/\/maiobaotv.com.br\/wp-content\/uploads\/2020\/08\/img-20200813-wa00955890051552825458188.jpg\" class=\"wp-image-13775 alignnone size-full\" width=\"1280\" height=\"853\"><\/p>\n<p><img loading=\"lazy\" decoding=\"async\" src=\"https:\/\/maiobaotv.com.br\/wp-content\/uploads\/2020\/08\/img-20200813-wa00966081417675800694173.jpg\" class=\"wp-image-13776 alignnone size-full\" width=\"1280\" height=\"853\"><\/p>\n<p><img loading=\"lazy\" decoding=\"async\" src=\"https:\/\/maiobaotv.com.br\/wp-content\/uploads\/2020\/08\/img-20200813-wa0101777517659709424694.jpg\" class=\"wp-image-13778 alignnone size-full\" width=\"1280\" height=\"853\"><\/p>\n","protected":false},"excerpt":{"rendered":"<p>O vice-presidente da Assembleia Legislativa do Maranh\u00e3o, deputado estadual Glalbert Cutrim (PDT), juntamente com o senador Weverton Rocha (PDT), estiveram<\/p>\n","protected":false},"author":2,"featured_media":13779,"comment_status":"open","ping_status":"open","sticky":false,"template":"","format":"standard","meta":{"colormag_page_container_layout":"default_layout","colormag_page_sidebar_layout":"default_layout","_jetpack_memberships_contains_paid_content":false,"footnotes":""},"categories":[2],"tags":[211],"class_list":["post-13774","post","type-post","status-publish","format-standard","has-post-thumbnail","hentry","category-noticias","tag-politica"],"magazineBlocksPostFeaturedMedia":{"thumbnail":false,"medium":false,"medium_large":false,"large":false,"1536x1536":false,"2048x2048":false,"colormag-highlighted-post":false,"colormag-featured-post-medium":false,"colormag-featured-post-small":false,"colormag-featured-image":false,"colormag-default-news":false,"colormag-featured-image-large":false},"magazineBlocksPostAuthor":{"name":"maranhaotv","avatar":"https:\/\/secure.gravatar.com\/avatar\/8fadbca458d4cb68b1dd399ae9a40618d747bb1af65ac9fad21c89220a143eb4?s=96&d=mm&r=g"},"magazineBlocksPostCommentsNumber":"0","magazineBlocksPostExcerpt":"O vice-presidente da Assembleia Legislativa do Maranh\u00e3o, deputado estadual Glalbert Cutrim (PDT), juntamente com o senador Weverton Rocha (PDT), estiveram","magazineBlocksPostCategories":["not\u00edcias"],"magazineBlocksPostViewCount":149,"magazineBlocksPostReadTime":2,"magazine_blocks_featured_image_url":{"full":false,"medium":false,"thumbnail":false},"magazine_blocks_author":{"display_name":"maranhaotv","author_link":"https:\/\/maranhaotv.com.br\/index.php\/author\/maranhaotv\/"},"magazine_blocks_comment":0,"magazine_blocks_author_image":"https:\/\/secure.gravatar.com\/avatar\/8fadbca458d4cb68b1dd399ae9a40618d747bb1af65ac9fad21c89220a143eb4?s=96&d=mm&r=g","magazine_blocks_category":"<a href=\"#\" class=\"category-link category-link-2\">not\u00edcias<\/a>","yoast_head":"<!-- This site is optimized with the Yoast SEO plugin v27.4 - https:\/\/yoast.com\/product\/yoast-seo-wordpress\/ -->\n<title>Glalbert Cutrim participa das inaugura\u00e7\u00f5es da Rota da Ju\u00e7ara e da Pra\u00e7a da Sa\u00fade em Axix\u00e1 - NOT\u00cdCIAS EM TEMPO REAL<\/title>\n<meta name=\"robots\" content=\"index, follow, max-snippet:-1, max-image-preview:large, max-video-preview:-1\" \/>\n<link rel=\"canonical\" href=\"https:\/\/maranhaotv.com.br\/index.php\/2020\/08\/13\/glalbert-cutrim-participa-das-inauguracoes-da-rota-da-jucara-e-da-praca-da-saude-em-axixa\/\" \/>\n<meta property=\"og:locale\" content=\"pt_BR\" \/>\n<meta property=\"og:type\" content=\"article\" \/>\n<meta property=\"og:title\" content=\"Glalbert Cutrim participa das inaugura\u00e7\u00f5es da Rota da Ju\u00e7ara e da Pra\u00e7a da Sa\u00fade em Axix\u00e1 - NOT\u00cdCIAS EM TEMPO REAL\" \/>\n<meta property=\"og:description\" content=\"O vice-presidente da Assembleia Legislativa do Maranh\u00e3o, deputado estadual Glalbert Cutrim (PDT), juntamente com o senador Weverton Rocha (PDT), estiveram\" \/>\n<meta property=\"og:url\" content=\"https:\/\/maranhaotv.com.br\/index.php\/2020\/08\/13\/glalbert-cutrim-participa-das-inauguracoes-da-rota-da-jucara-e-da-praca-da-saude-em-axixa\/\" \/>\n<meta property=\"og:site_name\" content=\"NOT\u00cdCIAS EM TEMPO REAL\" \/>\n<meta property=\"article:publisher\" content=\"https:\/\/www.facebook.com\/maiobaotv\" \/>\n<meta property=\"article:published_time\" content=\"2020-08-13T14:48:42+00:00\" \/>\n<meta name=\"author\" content=\"maranhaotv\" \/>\n<meta name=\"twitter:card\" content=\"summary_large_image\" \/>\n<meta name=\"twitter:creator\" content=\"@sitemaranhaotv\" \/>\n<meta name=\"twitter:site\" content=\"@sitemaranhaotv\" \/>\n<meta name=\"twitter:label1\" content=\"Escrito por\" \/>\n\t<meta name=\"twitter:data1\" content=\"maranhaotv\" \/>\n\t<meta name=\"twitter:label2\" content=\"Est. tempo de leitura\" \/>\n\t<meta name=\"twitter:data2\" content=\"1 minuto\" \/>\n<script type=\"application\/ld+json\" class=\"yoast-schema-graph\">{\"@context\":\"https:\\\/\\\/schema.org\",\"@graph\":[{\"@type\":\"Article\",\"@id\":\"https:\\\/\\\/maranhaotv.com.br\\\/index.php\\\/2020\\\/08\\\/13\\\/glalbert-cutrim-participa-das-inauguracoes-da-rota-da-jucara-e-da-praca-da-saude-em-axixa\\\/#article\",\"isPartOf\":{\"@id\":\"https:\\\/\\\/maranhaotv.com.br\\\/index.php\\\/2020\\\/08\\\/13\\\/glalbert-cutrim-participa-das-inauguracoes-da-rota-da-jucara-e-da-praca-da-saude-em-axixa\\\/\"},\"author\":{\"name\":\"maranhaotv\",\"@id\":\"https:\\\/\\\/maranhaotv.com.br\\\/#\\\/schema\\\/person\\\/3d54238e86b20bb5c89ab2fdb8f8829a\"},\"headline\":\"Glalbert Cutrim participa das inaugura\u00e7\u00f5es da Rota da Ju\u00e7ara e da Pra\u00e7a da Sa\u00fade em Axix\u00e1\",\"datePublished\":\"2020-08-13T14:48:42+00:00\",\"mainEntityOfPage\":{\"@id\":\"https:\\\/\\\/maranhaotv.com.br\\\/index.php\\\/2020\\\/08\\\/13\\\/glalbert-cutrim-participa-das-inauguracoes-da-rota-da-jucara-e-da-praca-da-saude-em-axixa\\\/\"},\"wordCount\":302,\"commentCount\":0,\"publisher\":{\"@id\":\"https:\\\/\\\/maranhaotv.com.br\\\/#organization\"},\"image\":{\"@id\":\"https:\\\/\\\/maranhaotv.com.br\\\/index.php\\\/2020\\\/08\\\/13\\\/glalbert-cutrim-participa-das-inauguracoes-da-rota-da-jucara-e-da-praca-da-saude-em-axixa\\\/#primaryimage\"},\"thumbnailUrl\":\"\",\"keywords\":[\"pol\u00edtica\"],\"articleSection\":[\"not\u00edcias\"],\"inLanguage\":\"pt-BR\",\"potentialAction\":[{\"@type\":\"CommentAction\",\"name\":\"Comment\",\"target\":[\"https:\\\/\\\/maranhaotv.com.br\\\/index.php\\\/2020\\\/08\\\/13\\\/glalbert-cutrim-participa-das-inauguracoes-da-rota-da-jucara-e-da-praca-da-saude-em-axixa\\\/#respond\"]}]},{\"@type\":\"WebPage\",\"@id\":\"https:\\\/\\\/maranhaotv.com.br\\\/index.php\\\/2020\\\/08\\\/13\\\/glalbert-cutrim-participa-das-inauguracoes-da-rota-da-jucara-e-da-praca-da-saude-em-axixa\\\/\",\"url\":\"https:\\\/\\\/maranhaotv.com.br\\\/index.php\\\/2020\\\/08\\\/13\\\/glalbert-cutrim-participa-das-inauguracoes-da-rota-da-jucara-e-da-praca-da-saude-em-axixa\\\/\",\"name\":\"Glalbert Cutrim participa das inaugura\u00e7\u00f5es da Rota da Ju\u00e7ara e da Pra\u00e7a da Sa\u00fade em Axix\u00e1 - NOT\u00cdCIAS EM TEMPO REAL\",\"isPartOf\":{\"@id\":\"https:\\\/\\\/maranhaotv.com.br\\\/#website\"},\"primaryImageOfPage\":{\"@id\":\"https:\\\/\\\/maranhaotv.com.br\\\/index.php\\\/2020\\\/08\\\/13\\\/glalbert-cutrim-participa-das-inauguracoes-da-rota-da-jucara-e-da-praca-da-saude-em-axixa\\\/#primaryimage\"},\"image\":{\"@id\":\"https:\\\/\\\/maranhaotv.com.br\\\/index.php\\\/2020\\\/08\\\/13\\\/glalbert-cutrim-participa-das-inauguracoes-da-rota-da-jucara-e-da-praca-da-saude-em-axixa\\\/#primaryimage\"},\"thumbnailUrl\":\"\",\"datePublished\":\"2020-08-13T14:48:42+00:00\",\"breadcrumb\":{\"@id\":\"https:\\\/\\\/maranhaotv.com.br\\\/index.php\\\/2020\\\/08\\\/13\\\/glalbert-cutrim-participa-das-inauguracoes-da-rota-da-jucara-e-da-praca-da-saude-em-axixa\\\/#breadcrumb\"},\"inLanguage\":\"pt-BR\",\"potentialAction\":[{\"@type\":\"ReadAction\",\"target\":[\"https:\\\/\\\/maranhaotv.com.br\\\/index.php\\\/2020\\\/08\\\/13\\\/glalbert-cutrim-participa-das-inauguracoes-da-rota-da-jucara-e-da-praca-da-saude-em-axixa\\\/\"]}]},{\"@type\":\"ImageObject\",\"inLanguage\":\"pt-BR\",\"@id\":\"https:\\\/\\\/maranhaotv.com.br\\\/index.php\\\/2020\\\/08\\\/13\\\/glalbert-cutrim-participa-das-inauguracoes-da-rota-da-jucara-e-da-praca-da-saude-em-axixa\\\/#primaryimage\",\"url\":\"\",\"contentUrl\":\"\"},{\"@type\":\"BreadcrumbList\",\"@id\":\"https:\\\/\\\/maranhaotv.com.br\\\/index.php\\\/2020\\\/08\\\/13\\\/glalbert-cutrim-participa-das-inauguracoes-da-rota-da-jucara-e-da-praca-da-saude-em-axixa\\\/#breadcrumb\",\"itemListElement\":[{\"@type\":\"ListItem\",\"position\":1,\"name\":\"In\u00edcio\",\"item\":\"https:\\\/\\\/maranhaotv.com.br\\\/\"},{\"@type\":\"ListItem\",\"position\":2,\"name\":\"Glalbert Cutrim participa das inaugura\u00e7\u00f5es da Rota da Ju\u00e7ara e da Pra\u00e7a da Sa\u00fade em Axix\u00e1\"}]},{\"@type\":\"WebSite\",\"@id\":\"https:\\\/\\\/maranhaotv.com.br\\\/#website\",\"url\":\"https:\\\/\\\/maranhaotv.com.br\\\/\",\"name\":\"Maranh\u00e3oTV\",\"description\":\"\",\"publisher\":{\"@id\":\"https:\\\/\\\/maranhaotv.com.br\\\/#organization\"},\"potentialAction\":[{\"@type\":\"SearchAction\",\"target\":{\"@type\":\"EntryPoint\",\"urlTemplate\":\"https:\\\/\\\/maranhaotv.com.br\\\/?s={search_term_string}\"},\"query-input\":{\"@type\":\"PropertyValueSpecification\",\"valueRequired\":true,\"valueName\":\"search_term_string\"}}],\"inLanguage\":\"pt-BR\"},{\"@type\":\"Organization\",\"@id\":\"https:\\\/\\\/maranhaotv.com.br\\\/#organization\",\"name\":\"Portal de Not\u00edcias\",\"url\":\"https:\\\/\\\/maranhaotv.com.br\\\/\",\"logo\":{\"@type\":\"ImageObject\",\"inLanguage\":\"pt-BR\",\"@id\":\"https:\\\/\\\/maranhaotv.com.br\\\/#\\\/schema\\\/logo\\\/image\\\/\",\"url\":\"https:\\\/\\\/maranhaotv.com.br\\\/wp-content\\\/uploads\\\/2024\\\/05\\\/cropped-cropped-avatar-1.png\",\"contentUrl\":\"https:\\\/\\\/maranhaotv.com.br\\\/wp-content\\\/uploads\\\/2024\\\/05\\\/cropped-cropped-avatar-1.png\",\"width\":792,\"height\":428,\"caption\":\"Portal de Not\u00edcias\"},\"image\":{\"@id\":\"https:\\\/\\\/maranhaotv.com.br\\\/#\\\/schema\\\/logo\\\/image\\\/\"},\"sameAs\":[\"https:\\\/\\\/www.facebook.com\\\/maiobaotv\",\"https:\\\/\\\/x.com\\\/sitemaranhaotv\",\"https:\\\/\\\/www.instagram.com\\\/maranhao.tv\",\"https:\\\/\\\/www.threads.net\\\/@maranhao.tv\"]},{\"@type\":\"Person\",\"@id\":\"https:\\\/\\\/maranhaotv.com.br\\\/#\\\/schema\\\/person\\\/3d54238e86b20bb5c89ab2fdb8f8829a\",\"name\":\"maranhaotv\",\"image\":{\"@type\":\"ImageObject\",\"inLanguage\":\"pt-BR\",\"@id\":\"https:\\\/\\\/secure.gravatar.com\\\/avatar\\\/8fadbca458d4cb68b1dd399ae9a40618d747bb1af65ac9fad21c89220a143eb4?s=96&d=mm&r=g\",\"url\":\"https:\\\/\\\/secure.gravatar.com\\\/avatar\\\/8fadbca458d4cb68b1dd399ae9a40618d747bb1af65ac9fad21c89220a143eb4?s=96&d=mm&r=g\",\"contentUrl\":\"https:\\\/\\\/secure.gravatar.com\\\/avatar\\\/8fadbca458d4cb68b1dd399ae9a40618d747bb1af65ac9fad21c89220a143eb4?s=96&d=mm&r=g\",\"caption\":\"maranhaotv\"},\"sameAs\":[\"https:\\\/\\\/maranhaotv.com.br\\\/\"],\"url\":\"https:\\\/\\\/maranhaotv.com.br\\\/index.php\\\/author\\\/maranhaotv\\\/\"}]}<\/script>\n<!-- \/ Yoast SEO plugin. -->","yoast_head_json":{"title":"Glalbert Cutrim participa das inaugura\u00e7\u00f5es da Rota da Ju\u00e7ara e da Pra\u00e7a da Sa\u00fade em Axix\u00e1 - NOT\u00cdCIAS EM TEMPO REAL","robots":{"index":"index","follow":"follow","max-snippet":"max-snippet:-1","max-image-preview":"max-image-preview:large","max-video-preview":"max-video-preview:-1"},"canonical":"https:\/\/maranhaotv.com.br\/index.php\/2020\/08\/13\/glalbert-cutrim-participa-das-inauguracoes-da-rota-da-jucara-e-da-praca-da-saude-em-axixa\/","og_locale":"pt_BR","og_type":"article","og_title":"Glalbert Cutrim participa das inaugura\u00e7\u00f5es da Rota da Ju\u00e7ara e da Pra\u00e7a da Sa\u00fade em Axix\u00e1 - NOT\u00cdCIAS EM TEMPO REAL","og_description":"O vice-presidente da Assembleia Legislativa do Maranh\u00e3o, deputado estadual Glalbert Cutrim (PDT), juntamente com o senador Weverton Rocha (PDT), estiveram","og_url":"https:\/\/maranhaotv.com.br\/index.php\/2020\/08\/13\/glalbert-cutrim-participa-das-inauguracoes-da-rota-da-jucara-e-da-praca-da-saude-em-axixa\/","og_site_name":"NOT\u00cdCIAS EM TEMPO REAL","article_publisher":"https:\/\/www.facebook.com\/maiobaotv","article_published_time":"2020-08-13T14:48:42+00:00","author":"maranhaotv","twitter_card":"summary_large_image","twitter_creator":"@sitemaranhaotv","twitter_site":"@sitemaranhaotv","twitter_misc":{"Escrito por":"maranhaotv","Est. tempo de leitura":"1 minuto"},"schema":{"@context":"https:\/\/schema.org","@graph":[{"@type":"Article","@id":"https:\/\/maranhaotv.com.br\/index.php\/2020\/08\/13\/glalbert-cutrim-participa-das-inauguracoes-da-rota-da-jucara-e-da-praca-da-saude-em-axixa\/#article","isPartOf":{"@id":"https:\/\/maranhaotv.com.br\/index.php\/2020\/08\/13\/glalbert-cutrim-participa-das-inauguracoes-da-rota-da-jucara-e-da-praca-da-saude-em-axixa\/"},"author":{"name":"maranhaotv","@id":"https:\/\/maranhaotv.com.br\/#\/schema\/person\/3d54238e86b20bb5c89ab2fdb8f8829a"},"headline":"Glalbert Cutrim participa das inaugura\u00e7\u00f5es da Rota da Ju\u00e7ara e da Pra\u00e7a da Sa\u00fade em Axix\u00e1","datePublished":"2020-08-13T14:48:42+00:00","mainEntityOfPage":{"@id":"https:\/\/maranhaotv.com.br\/index.php\/2020\/08\/13\/glalbert-cutrim-participa-das-inauguracoes-da-rota-da-jucara-e-da-praca-da-saude-em-axixa\/"},"wordCount":302,"commentCount":0,"publisher":{"@id":"https:\/\/maranhaotv.com.br\/#organization"},"image":{"@id":"https:\/\/maranhaotv.com.br\/index.php\/2020\/08\/13\/glalbert-cutrim-participa-das-inauguracoes-da-rota-da-jucara-e-da-praca-da-saude-em-axixa\/#primaryimage"},"thumbnailUrl":"","keywords":["pol\u00edtica"],"articleSection":["not\u00edcias"],"inLanguage":"pt-BR","potentialAction":[{"@type":"CommentAction","name":"Comment","target":["https:\/\/maranhaotv.com.br\/index.php\/2020\/08\/13\/glalbert-cutrim-participa-das-inauguracoes-da-rota-da-jucara-e-da-praca-da-saude-em-axixa\/#respond"]}]},{"@type":"WebPage","@id":"https:\/\/maranhaotv.com.br\/index.php\/2020\/08\/13\/glalbert-cutrim-participa-das-inauguracoes-da-rota-da-jucara-e-da-praca-da-saude-em-axixa\/","url":"https:\/\/maranhaotv.com.br\/index.php\/2020\/08\/13\/glalbert-cutrim-participa-das-inauguracoes-da-rota-da-jucara-e-da-praca-da-saude-em-axixa\/","name":"Glalbert Cutrim participa das inaugura\u00e7\u00f5es da Rota da Ju\u00e7ara e da Pra\u00e7a da Sa\u00fade em Axix\u00e1 - NOT\u00cdCIAS EM TEMPO REAL","isPartOf":{"@id":"https:\/\/maranhaotv.com.br\/#website"},"primaryImageOfPage":{"@id":"https:\/\/maranhaotv.com.br\/index.php\/2020\/08\/13\/glalbert-cutrim-participa-das-inauguracoes-da-rota-da-jucara-e-da-praca-da-saude-em-axixa\/#primaryimage"},"image":{"@id":"https:\/\/maranhaotv.com.br\/index.php\/2020\/08\/13\/glalbert-cutrim-participa-das-inauguracoes-da-rota-da-jucara-e-da-praca-da-saude-em-axixa\/#primaryimage"},"thumbnailUrl":"","datePublished":"2020-08-13T14:48:42+00:00","breadcrumb":{"@id":"https:\/\/maranhaotv.com.br\/index.php\/2020\/08\/13\/glalbert-cutrim-participa-das-inauguracoes-da-rota-da-jucara-e-da-praca-da-saude-em-axixa\/#breadcrumb"},"inLanguage":"pt-BR","potentialAction":[{"@type":"ReadAction","target":["https:\/\/maranhaotv.com.br\/index.php\/2020\/08\/13\/glalbert-cutrim-participa-das-inauguracoes-da-rota-da-jucara-e-da-praca-da-saude-em-axixa\/"]}]},{"@type":"ImageObject","inLanguage":"pt-BR","@id":"https:\/\/maranhaotv.com.br\/index.php\/2020\/08\/13\/glalbert-cutrim-participa-das-inauguracoes-da-rota-da-jucara-e-da-praca-da-saude-em-axixa\/#primaryimage","url":"","contentUrl":""},{"@type":"BreadcrumbList","@id":"https:\/\/maranhaotv.com.br\/index.php\/2020\/08\/13\/glalbert-cutrim-participa-das-inauguracoes-da-rota-da-jucara-e-da-praca-da-saude-em-axixa\/#breadcrumb","itemListElement":[{"@type":"ListItem","position":1,"name":"In\u00edcio","item":"https:\/\/maranhaotv.com.br\/"},{"@type":"ListItem","position":2,"name":"Glalbert Cutrim participa das inaugura\u00e7\u00f5es da Rota da Ju\u00e7ara e da Pra\u00e7a da Sa\u00fade em Axix\u00e1"}]},{"@type":"WebSite","@id":"https:\/\/maranhaotv.com.br\/#website","url":"https:\/\/maranhaotv.com.br\/","name":"Maranh\u00e3oTV","description":"","publisher":{"@id":"https:\/\/maranhaotv.com.br\/#organization"},"potentialAction":[{"@type":"SearchAction","target":{"@type":"EntryPoint","urlTemplate":"https:\/\/maranhaotv.com.br\/?s={search_term_string}"},"query-input":{"@type":"PropertyValueSpecification","valueRequired":true,"valueName":"search_term_string"}}],"inLanguage":"pt-BR"},{"@type":"Organization","@id":"https:\/\/maranhaotv.com.br\/#organization","name":"Portal de Not\u00edcias","url":"https:\/\/maranhaotv.com.br\/","logo":{"@type":"ImageObject","inLanguage":"pt-BR","@id":"https:\/\/maranhaotv.com.br\/#\/schema\/logo\/image\/","url":"https:\/\/maranhaotv.com.br\/wp-content\/uploads\/2024\/05\/cropped-cropped-avatar-1.png","contentUrl":"https:\/\/maranhaotv.com.br\/wp-content\/uploads\/2024\/05\/cropped-cropped-avatar-1.png","width":792,"height":428,"caption":"Portal de Not\u00edcias"},"image":{"@id":"https:\/\/maranhaotv.com.br\/#\/schema\/logo\/image\/"},"sameAs":["https:\/\/www.facebook.com\/maiobaotv","https:\/\/x.com\/sitemaranhaotv","https:\/\/www.instagram.com\/maranhao.tv","https:\/\/www.threads.net\/@maranhao.tv"]},{"@type":"Person","@id":"https:\/\/maranhaotv.com.br\/#\/schema\/person\/3d54238e86b20bb5c89ab2fdb8f8829a","name":"maranhaotv","image":{"@type":"ImageObject","inLanguage":"pt-BR","@id":"https:\/\/secure.gravatar.com\/avatar\/8fadbca458d4cb68b1dd399ae9a40618d747bb1af65ac9fad21c89220a143eb4?s=96&d=mm&r=g","url":"https:\/\/secure.gravatar.com\/avatar\/8fadbca458d4cb68b1dd399ae9a40618d747bb1af65ac9fad21c89220a143eb4?s=96&d=mm&r=g","contentUrl":"https:\/\/secure.gravatar.com\/avatar\/8fadbca458d4cb68b1dd399ae9a40618d747bb1af65ac9fad21c89220a143eb4?s=96&d=mm&r=g","caption":"maranhaotv"},"sameAs":["https:\/\/maranhaotv.com.br\/"],"url":"https:\/\/maranhaotv.com.br\/index.php\/author\/maranhaotv\/"}]}},"jetpack_featured_media_url":"","jetpack_sharing_enabled":true,"_links":{"self":[{"href":"https:\/\/maranhaotv.com.br\/index.php\/wp-json\/wp\/v2\/posts\/13774","targetHints":{"allow":["GET"]}}],"collection":[{"href":"https:\/\/maranhaotv.com.br\/index.php\/wp-json\/wp\/v2\/posts"}],"about":[{"href":"https:\/\/maranhaotv.com.br\/index.php\/wp-json\/wp\/v2\/types\/post"}],"author":[{"embeddable":true,"href":"https:\/\/maranhaotv.com.br\/index.php\/wp-json\/wp\/v2\/users\/2"}],"replies":[{"embeddable":true,"href":"https:\/\/maranhaotv.com.br\/index.php\/wp-json\/wp\/v2\/comments?post=13774"}],"version-history":[{"count":0,"href":"https:\/\/maranhaotv.com.br\/index.php\/wp-json\/wp\/v2\/posts\/13774\/revisions"}],"wp:featuredmedia":[{"embeddable":true,"href":"https:\/\/maranhaotv.com.br\/index.php\/wp-json\/"}],"wp:attachment":[{"href":"https:\/\/maranhaotv.com.br\/index.php\/wp-json\/wp\/v2\/media?parent=13774"}],"wp:term":[{"taxonomy":"category","embeddable":true,"href":"https:\/\/maranhaotv.com.br\/index.php\/wp-json\/wp\/v2\/categories?post=13774"},{"taxonomy":"post_tag","embeddable":true,"href":"https:\/\/maranhaotv.com.br\/index.php\/wp-json\/wp\/v2\/tags?post=13774"}],"curies":[{"name":"wp","href":"https:\/\/api.w.org\/{rel}","templated":true}]}}