{"id":13785,"date":"2020-08-13T13:55:03","date_gmt":"2020-08-13T16:55:03","guid":{"rendered":"https:\/\/maiobaotv.com.br\/?p=13785"},"modified":"2020-08-13T13:55:03","modified_gmt":"2020-08-13T16:55:03","slug":"pre-candidato-a-prefeito-de-paco-do-lumiar-fred-campos-se-reune-com-moradores-da-vila-sao-jose","status":"publish","type":"post","link":"https:\/\/maranhaotv.com.br\/index.php\/2020\/08\/13\/pre-candidato-a-prefeito-de-paco-do-lumiar-fred-campos-se-reune-com-moradores-da-vila-sao-jose\/","title":{"rendered":"Pr\u00e9-candidato a prefeito de Pa\u00e7o do Lumiar, Fred Campos se re\u00fane com moradores da Vila S\u00e3o Jos\u00e9"},"content":{"rendered":"<p>Com o objetivo de montar seu plano de governo, por meio do projeto \u201cConversando com a Comunidade\u201d, desenvolvido desde o in\u00edcio deste ano, o advogado e empres\u00e1rio luminense esteve reunido com moradores na Vila S\u00e3o Jos\u00e9. Na condi\u00e7\u00e3o de pr\u00e9-candidato a prefeito de Pa\u00e7o do Lumiar, Fred Campos (PL) destacou que o que h\u00e1 de mais importante \u00e9 exatamente ouvir a popula\u00e7\u00e3o para, ent\u00e3o, estar ciente do que se deve mudar na cidade.<\/p>\n<p>Na ocasi\u00e3o, Fred Campos ouviu solicita\u00e7\u00f5es, sugest\u00f5es e palavras de incentivo.<\/p>\n<blockquote><p>\u201cN\u00f3s precisamos de um prefeito que cuide de n\u00f3s! Estamos cansados de tantas mentiras e de pol\u00edticos que n\u00e3o tem compromisso. Voc\u00ea j\u00e1 veio v\u00e1rias vezes aqui na comunidade e sei que n\u00e3o vai nos abandonar. Estamos com voc\u00ea Fred Campos!\u201d, disse uma moradora da Vila S\u00e3o Jos\u00e9.<\/p><\/blockquote>\n<p>Ao ouvir a popula\u00e7\u00e3o apresentando suas demandas, Fred falou sobre o direito \u00e0 moradia, infraestrutura e ao saneamento b\u00e1sico, principal ponto reivindicado por eles.<\/p>\n<blockquote><p>&#8220;A moradia digna \u00e9 um direito de todos, e o nosso dever como cidad\u00e3o \u00e9 lutar para que todos tenham isso. Al\u00e9m desta grande demanda, Pa\u00e7o do Lumiar vive um total abandono do poder p\u00fablico, existem bairros que nem uma simples coleta de lixo ocorre, ou seja, a prefeitura n\u00e3o existe nestes lugares em nada! Precisamos dar um basta nisso. Podem contar comigo&#8221;, disse Fred Campos.<\/p><\/blockquote>\n<p><img loading=\"lazy\" decoding=\"async\" src=\"https:\/\/maiobaotv.com.br\/wp-content\/uploads\/2020\/08\/img-20200813-wa01415761938140793366361.jpg\" class=\"wp-image-13784 alignnone size-full\" width=\"1280\" height=\"853\"><\/p>\n<p><img loading=\"lazy\" decoding=\"async\" src=\"https:\/\/maiobaotv.com.br\/wp-content\/uploads\/2020\/08\/img-20200813-wa01383740866985894488530.jpg\" class=\"wp-image-13781 alignnone size-full\" width=\"1280\" height=\"853\"><\/p>\n<p><img loading=\"lazy\" decoding=\"async\" src=\"https:\/\/maiobaotv.com.br\/wp-content\/uploads\/2020\/08\/img-20200813-wa01377521616703498250621.jpg\" class=\"wp-image-13782 alignnone size-full\" width=\"1280\" height=\"719\"><\/p>\n<p><img loading=\"lazy\" decoding=\"async\" src=\"https:\/\/maiobaotv.com.br\/wp-content\/uploads\/2020\/08\/img-20200813-wa01401004026878283072479.jpg\" class=\"wp-image-13783 alignnone size-full\" width=\"1280\" height=\"853\"><\/p>\n","protected":false},"excerpt":{"rendered":"<p>Com o objetivo de montar seu plano de governo, por meio do projeto \u201cConversando com a Comunidade\u201d, desenvolvido desde o<\/p>\n","protected":false},"author":2,"featured_media":13786,"comment_status":"open","ping_status":"open","sticky":false,"template":"","format":"standard","meta":{"colormag_page_container_layout":"default_layout","colormag_page_sidebar_layout":"default_layout","_jetpack_memberships_contains_paid_content":false,"footnotes":""},"categories":[2],"tags":[43],"class_list":["post-13785","post","type-post","status-publish","format-standard","has-post-thumbnail","hentry","category-noticias","tag-fred-campos"],"magazineBlocksPostFeaturedMedia":{"thumbnail":false,"medium":false,"medium_large":false,"large":false,"1536x1536":false,"2048x2048":false,"colormag-highlighted-post":false,"colormag-featured-post-medium":false,"colormag-featured-post-small":false,"colormag-featured-image":false,"colormag-default-news":false,"colormag-featured-image-large":false},"magazineBlocksPostAuthor":{"name":"maranhaotv","avatar":"https:\/\/secure.gravatar.com\/avatar\/8fadbca458d4cb68b1dd399ae9a40618d747bb1af65ac9fad21c89220a143eb4?s=96&d=mm&r=g"},"magazineBlocksPostCommentsNumber":"0","magazineBlocksPostExcerpt":"Com o objetivo de montar seu plano de governo, por meio do projeto \u201cConversando com a Comunidade\u201d, desenvolvido desde o","magazineBlocksPostCategories":["not\u00edcias"],"magazineBlocksPostViewCount":196,"magazineBlocksPostReadTime":2,"magazine_blocks_featured_image_url":{"full":false,"medium":false,"thumbnail":false},"magazine_blocks_author":{"display_name":"maranhaotv","author_link":"https:\/\/maranhaotv.com.br\/index.php\/author\/maranhaotv\/"},"magazine_blocks_comment":0,"magazine_blocks_author_image":"https:\/\/secure.gravatar.com\/avatar\/8fadbca458d4cb68b1dd399ae9a40618d747bb1af65ac9fad21c89220a143eb4?s=96&d=mm&r=g","magazine_blocks_category":"<a href=\"#\" class=\"category-link category-link-2\">not\u00edcias<\/a>","yoast_head":"<!-- This site is optimized with the Yoast SEO plugin v27.4 - https:\/\/yoast.com\/product\/yoast-seo-wordpress\/ -->\n<title>Pr\u00e9-candidato a prefeito de Pa\u00e7o do Lumiar, Fred Campos se re\u00fane com moradores da Vila S\u00e3o Jos\u00e9 - NOT\u00cdCIAS EM TEMPO REAL<\/title>\n<meta name=\"robots\" content=\"index, follow, max-snippet:-1, max-image-preview:large, max-video-preview:-1\" \/>\n<link rel=\"canonical\" href=\"https:\/\/maranhaotv.com.br\/index.php\/2020\/08\/13\/pre-candidato-a-prefeito-de-paco-do-lumiar-fred-campos-se-reune-com-moradores-da-vila-sao-jose\/\" \/>\n<meta property=\"og:locale\" content=\"pt_BR\" \/>\n<meta property=\"og:type\" content=\"article\" \/>\n<meta property=\"og:title\" content=\"Pr\u00e9-candidato a prefeito de Pa\u00e7o do Lumiar, Fred Campos se re\u00fane com moradores da Vila S\u00e3o Jos\u00e9 - NOT\u00cdCIAS EM TEMPO REAL\" \/>\n<meta property=\"og:description\" content=\"Com o objetivo de montar seu plano de governo, por meio do projeto \u201cConversando com a Comunidade\u201d, desenvolvido desde o\" \/>\n<meta property=\"og:url\" content=\"https:\/\/maranhaotv.com.br\/index.php\/2020\/08\/13\/pre-candidato-a-prefeito-de-paco-do-lumiar-fred-campos-se-reune-com-moradores-da-vila-sao-jose\/\" \/>\n<meta property=\"og:site_name\" content=\"NOT\u00cdCIAS EM TEMPO REAL\" \/>\n<meta property=\"article:publisher\" content=\"https:\/\/www.facebook.com\/maiobaotv\" \/>\n<meta property=\"article:published_time\" content=\"2020-08-13T16:55:03+00:00\" \/>\n<meta name=\"author\" content=\"maranhaotv\" \/>\n<meta name=\"twitter:card\" content=\"summary_large_image\" \/>\n<meta name=\"twitter:creator\" content=\"@sitemaranhaotv\" \/>\n<meta name=\"twitter:site\" content=\"@sitemaranhaotv\" \/>\n<meta name=\"twitter:label1\" content=\"Escrito por\" \/>\n\t<meta name=\"twitter:data1\" content=\"maranhaotv\" \/>\n\t<meta name=\"twitter:label2\" content=\"Est. tempo de leitura\" \/>\n\t<meta name=\"twitter:data2\" content=\"1 minuto\" \/>\n<script type=\"application\/ld+json\" class=\"yoast-schema-graph\">{\"@context\":\"https:\\\/\\\/schema.org\",\"@graph\":[{\"@type\":\"Article\",\"@id\":\"https:\\\/\\\/maranhaotv.com.br\\\/index.php\\\/2020\\\/08\\\/13\\\/pre-candidato-a-prefeito-de-paco-do-lumiar-fred-campos-se-reune-com-moradores-da-vila-sao-jose\\\/#article\",\"isPartOf\":{\"@id\":\"https:\\\/\\\/maranhaotv.com.br\\\/index.php\\\/2020\\\/08\\\/13\\\/pre-candidato-a-prefeito-de-paco-do-lumiar-fred-campos-se-reune-com-moradores-da-vila-sao-jose\\\/\"},\"author\":{\"name\":\"maranhaotv\",\"@id\":\"https:\\\/\\\/maranhaotv.com.br\\\/#\\\/schema\\\/person\\\/3d54238e86b20bb5c89ab2fdb8f8829a\"},\"headline\":\"Pr\u00e9-candidato a prefeito de Pa\u00e7o do Lumiar, Fred Campos se re\u00fane com moradores da Vila S\u00e3o Jos\u00e9\",\"datePublished\":\"2020-08-13T16:55:03+00:00\",\"mainEntityOfPage\":{\"@id\":\"https:\\\/\\\/maranhaotv.com.br\\\/index.php\\\/2020\\\/08\\\/13\\\/pre-candidato-a-prefeito-de-paco-do-lumiar-fred-campos-se-reune-com-moradores-da-vila-sao-jose\\\/\"},\"wordCount\":264,\"commentCount\":0,\"publisher\":{\"@id\":\"https:\\\/\\\/maranhaotv.com.br\\\/#organization\"},\"image\":{\"@id\":\"https:\\\/\\\/maranhaotv.com.br\\\/index.php\\\/2020\\\/08\\\/13\\\/pre-candidato-a-prefeito-de-paco-do-lumiar-fred-campos-se-reune-com-moradores-da-vila-sao-jose\\\/#primaryimage\"},\"thumbnailUrl\":\"\",\"keywords\":[\"Fred Campos\"],\"articleSection\":[\"not\u00edcias\"],\"inLanguage\":\"pt-BR\",\"potentialAction\":[{\"@type\":\"CommentAction\",\"name\":\"Comment\",\"target\":[\"https:\\\/\\\/maranhaotv.com.br\\\/index.php\\\/2020\\\/08\\\/13\\\/pre-candidato-a-prefeito-de-paco-do-lumiar-fred-campos-se-reune-com-moradores-da-vila-sao-jose\\\/#respond\"]}]},{\"@type\":\"WebPage\",\"@id\":\"https:\\\/\\\/maranhaotv.com.br\\\/index.php\\\/2020\\\/08\\\/13\\\/pre-candidato-a-prefeito-de-paco-do-lumiar-fred-campos-se-reune-com-moradores-da-vila-sao-jose\\\/\",\"url\":\"https:\\\/\\\/maranhaotv.com.br\\\/index.php\\\/2020\\\/08\\\/13\\\/pre-candidato-a-prefeito-de-paco-do-lumiar-fred-campos-se-reune-com-moradores-da-vila-sao-jose\\\/\",\"name\":\"Pr\u00e9-candidato a prefeito de Pa\u00e7o do Lumiar, Fred Campos se re\u00fane com moradores da Vila S\u00e3o Jos\u00e9 - NOT\u00cdCIAS EM TEMPO REAL\",\"isPartOf\":{\"@id\":\"https:\\\/\\\/maranhaotv.com.br\\\/#website\"},\"primaryImageOfPage\":{\"@id\":\"https:\\\/\\\/maranhaotv.com.br\\\/index.php\\\/2020\\\/08\\\/13\\\/pre-candidato-a-prefeito-de-paco-do-lumiar-fred-campos-se-reune-com-moradores-da-vila-sao-jose\\\/#primaryimage\"},\"image\":{\"@id\":\"https:\\\/\\\/maranhaotv.com.br\\\/index.php\\\/2020\\\/08\\\/13\\\/pre-candidato-a-prefeito-de-paco-do-lumiar-fred-campos-se-reune-com-moradores-da-vila-sao-jose\\\/#primaryimage\"},\"thumbnailUrl\":\"\",\"datePublished\":\"2020-08-13T16:55:03+00:00\",\"breadcrumb\":{\"@id\":\"https:\\\/\\\/maranhaotv.com.br\\\/index.php\\\/2020\\\/08\\\/13\\\/pre-candidato-a-prefeito-de-paco-do-lumiar-fred-campos-se-reune-com-moradores-da-vila-sao-jose\\\/#breadcrumb\"},\"inLanguage\":\"pt-BR\",\"potentialAction\":[{\"@type\":\"ReadAction\",\"target\":[\"https:\\\/\\\/maranhaotv.com.br\\\/index.php\\\/2020\\\/08\\\/13\\\/pre-candidato-a-prefeito-de-paco-do-lumiar-fred-campos-se-reune-com-moradores-da-vila-sao-jose\\\/\"]}]},{\"@type\":\"ImageObject\",\"inLanguage\":\"pt-BR\",\"@id\":\"https:\\\/\\\/maranhaotv.com.br\\\/index.php\\\/2020\\\/08\\\/13\\\/pre-candidato-a-prefeito-de-paco-do-lumiar-fred-campos-se-reune-com-moradores-da-vila-sao-jose\\\/#primaryimage\",\"url\":\"\",\"contentUrl\":\"\"},{\"@type\":\"BreadcrumbList\",\"@id\":\"https:\\\/\\\/maranhaotv.com.br\\\/index.php\\\/2020\\\/08\\\/13\\\/pre-candidato-a-prefeito-de-paco-do-lumiar-fred-campos-se-reune-com-moradores-da-vila-sao-jose\\\/#breadcrumb\",\"itemListElement\":[{\"@type\":\"ListItem\",\"position\":1,\"name\":\"In\u00edcio\",\"item\":\"https:\\\/\\\/maranhaotv.com.br\\\/\"},{\"@type\":\"ListItem\",\"position\":2,\"name\":\"Pr\u00e9-candidato a prefeito de Pa\u00e7o do Lumiar, Fred Campos se re\u00fane com moradores da Vila S\u00e3o Jos\u00e9\"}]},{\"@type\":\"WebSite\",\"@id\":\"https:\\\/\\\/maranhaotv.com.br\\\/#website\",\"url\":\"https:\\\/\\\/maranhaotv.com.br\\\/\",\"name\":\"Maranh\u00e3oTV\",\"description\":\"\",\"publisher\":{\"@id\":\"https:\\\/\\\/maranhaotv.com.br\\\/#organization\"},\"potentialAction\":[{\"@type\":\"SearchAction\",\"target\":{\"@type\":\"EntryPoint\",\"urlTemplate\":\"https:\\\/\\\/maranhaotv.com.br\\\/?s={search_term_string}\"},\"query-input\":{\"@type\":\"PropertyValueSpecification\",\"valueRequired\":true,\"valueName\":\"search_term_string\"}}],\"inLanguage\":\"pt-BR\"},{\"@type\":\"Organization\",\"@id\":\"https:\\\/\\\/maranhaotv.com.br\\\/#organization\",\"name\":\"Portal de Not\u00edcias\",\"url\":\"https:\\\/\\\/maranhaotv.com.br\\\/\",\"logo\":{\"@type\":\"ImageObject\",\"inLanguage\":\"pt-BR\",\"@id\":\"https:\\\/\\\/maranhaotv.com.br\\\/#\\\/schema\\\/logo\\\/image\\\/\",\"url\":\"https:\\\/\\\/maranhaotv.com.br\\\/wp-content\\\/uploads\\\/2024\\\/05\\\/cropped-cropped-avatar-1.png\",\"contentUrl\":\"https:\\\/\\\/maranhaotv.com.br\\\/wp-content\\\/uploads\\\/2024\\\/05\\\/cropped-cropped-avatar-1.png\",\"width\":792,\"height\":428,\"caption\":\"Portal de Not\u00edcias\"},\"image\":{\"@id\":\"https:\\\/\\\/maranhaotv.com.br\\\/#\\\/schema\\\/logo\\\/image\\\/\"},\"sameAs\":[\"https:\\\/\\\/www.facebook.com\\\/maiobaotv\",\"https:\\\/\\\/x.com\\\/sitemaranhaotv\",\"https:\\\/\\\/www.instagram.com\\\/maranhao.tv\",\"https:\\\/\\\/www.threads.net\\\/@maranhao.tv\"]},{\"@type\":\"Person\",\"@id\":\"https:\\\/\\\/maranhaotv.com.br\\\/#\\\/schema\\\/person\\\/3d54238e86b20bb5c89ab2fdb8f8829a\",\"name\":\"maranhaotv\",\"image\":{\"@type\":\"ImageObject\",\"inLanguage\":\"pt-BR\",\"@id\":\"https:\\\/\\\/secure.gravatar.com\\\/avatar\\\/8fadbca458d4cb68b1dd399ae9a40618d747bb1af65ac9fad21c89220a143eb4?s=96&d=mm&r=g\",\"url\":\"https:\\\/\\\/secure.gravatar.com\\\/avatar\\\/8fadbca458d4cb68b1dd399ae9a40618d747bb1af65ac9fad21c89220a143eb4?s=96&d=mm&r=g\",\"contentUrl\":\"https:\\\/\\\/secure.gravatar.com\\\/avatar\\\/8fadbca458d4cb68b1dd399ae9a40618d747bb1af65ac9fad21c89220a143eb4?s=96&d=mm&r=g\",\"caption\":\"maranhaotv\"},\"sameAs\":[\"https:\\\/\\\/maranhaotv.com.br\\\/\"],\"url\":\"https:\\\/\\\/maranhaotv.com.br\\\/index.php\\\/author\\\/maranhaotv\\\/\"}]}<\/script>\n<!-- \/ Yoast SEO plugin. -->","yoast_head_json":{"title":"Pr\u00e9-candidato a prefeito de Pa\u00e7o do Lumiar, Fred Campos se re\u00fane com moradores da Vila S\u00e3o Jos\u00e9 - NOT\u00cdCIAS EM TEMPO REAL","robots":{"index":"index","follow":"follow","max-snippet":"max-snippet:-1","max-image-preview":"max-image-preview:large","max-video-preview":"max-video-preview:-1"},"canonical":"https:\/\/maranhaotv.com.br\/index.php\/2020\/08\/13\/pre-candidato-a-prefeito-de-paco-do-lumiar-fred-campos-se-reune-com-moradores-da-vila-sao-jose\/","og_locale":"pt_BR","og_type":"article","og_title":"Pr\u00e9-candidato a prefeito de Pa\u00e7o do Lumiar, Fred Campos se re\u00fane com moradores da Vila S\u00e3o Jos\u00e9 - NOT\u00cdCIAS EM TEMPO REAL","og_description":"Com o objetivo de montar seu plano de governo, por meio do projeto \u201cConversando com a Comunidade\u201d, desenvolvido desde o","og_url":"https:\/\/maranhaotv.com.br\/index.php\/2020\/08\/13\/pre-candidato-a-prefeito-de-paco-do-lumiar-fred-campos-se-reune-com-moradores-da-vila-sao-jose\/","og_site_name":"NOT\u00cdCIAS EM TEMPO REAL","article_publisher":"https:\/\/www.facebook.com\/maiobaotv","article_published_time":"2020-08-13T16:55:03+00:00","author":"maranhaotv","twitter_card":"summary_large_image","twitter_creator":"@sitemaranhaotv","twitter_site":"@sitemaranhaotv","twitter_misc":{"Escrito por":"maranhaotv","Est. tempo de leitura":"1 minuto"},"schema":{"@context":"https:\/\/schema.org","@graph":[{"@type":"Article","@id":"https:\/\/maranhaotv.com.br\/index.php\/2020\/08\/13\/pre-candidato-a-prefeito-de-paco-do-lumiar-fred-campos-se-reune-com-moradores-da-vila-sao-jose\/#article","isPartOf":{"@id":"https:\/\/maranhaotv.com.br\/index.php\/2020\/08\/13\/pre-candidato-a-prefeito-de-paco-do-lumiar-fred-campos-se-reune-com-moradores-da-vila-sao-jose\/"},"author":{"name":"maranhaotv","@id":"https:\/\/maranhaotv.com.br\/#\/schema\/person\/3d54238e86b20bb5c89ab2fdb8f8829a"},"headline":"Pr\u00e9-candidato a prefeito de Pa\u00e7o do Lumiar, Fred Campos se re\u00fane com moradores da Vila S\u00e3o Jos\u00e9","datePublished":"2020-08-13T16:55:03+00:00","mainEntityOfPage":{"@id":"https:\/\/maranhaotv.com.br\/index.php\/2020\/08\/13\/pre-candidato-a-prefeito-de-paco-do-lumiar-fred-campos-se-reune-com-moradores-da-vila-sao-jose\/"},"wordCount":264,"commentCount":0,"publisher":{"@id":"https:\/\/maranhaotv.com.br\/#organization"},"image":{"@id":"https:\/\/maranhaotv.com.br\/index.php\/2020\/08\/13\/pre-candidato-a-prefeito-de-paco-do-lumiar-fred-campos-se-reune-com-moradores-da-vila-sao-jose\/#primaryimage"},"thumbnailUrl":"","keywords":["Fred Campos"],"articleSection":["not\u00edcias"],"inLanguage":"pt-BR","potentialAction":[{"@type":"CommentAction","name":"Comment","target":["https:\/\/maranhaotv.com.br\/index.php\/2020\/08\/13\/pre-candidato-a-prefeito-de-paco-do-lumiar-fred-campos-se-reune-com-moradores-da-vila-sao-jose\/#respond"]}]},{"@type":"WebPage","@id":"https:\/\/maranhaotv.com.br\/index.php\/2020\/08\/13\/pre-candidato-a-prefeito-de-paco-do-lumiar-fred-campos-se-reune-com-moradores-da-vila-sao-jose\/","url":"https:\/\/maranhaotv.com.br\/index.php\/2020\/08\/13\/pre-candidato-a-prefeito-de-paco-do-lumiar-fred-campos-se-reune-com-moradores-da-vila-sao-jose\/","name":"Pr\u00e9-candidato a prefeito de Pa\u00e7o do Lumiar, Fred Campos se re\u00fane com moradores da Vila S\u00e3o Jos\u00e9 - NOT\u00cdCIAS EM TEMPO REAL","isPartOf":{"@id":"https:\/\/maranhaotv.com.br\/#website"},"primaryImageOfPage":{"@id":"https:\/\/maranhaotv.com.br\/index.php\/2020\/08\/13\/pre-candidato-a-prefeito-de-paco-do-lumiar-fred-campos-se-reune-com-moradores-da-vila-sao-jose\/#primaryimage"},"image":{"@id":"https:\/\/maranhaotv.com.br\/index.php\/2020\/08\/13\/pre-candidato-a-prefeito-de-paco-do-lumiar-fred-campos-se-reune-com-moradores-da-vila-sao-jose\/#primaryimage"},"thumbnailUrl":"","datePublished":"2020-08-13T16:55:03+00:00","breadcrumb":{"@id":"https:\/\/maranhaotv.com.br\/index.php\/2020\/08\/13\/pre-candidato-a-prefeito-de-paco-do-lumiar-fred-campos-se-reune-com-moradores-da-vila-sao-jose\/#breadcrumb"},"inLanguage":"pt-BR","potentialAction":[{"@type":"ReadAction","target":["https:\/\/maranhaotv.com.br\/index.php\/2020\/08\/13\/pre-candidato-a-prefeito-de-paco-do-lumiar-fred-campos-se-reune-com-moradores-da-vila-sao-jose\/"]}]},{"@type":"ImageObject","inLanguage":"pt-BR","@id":"https:\/\/maranhaotv.com.br\/index.php\/2020\/08\/13\/pre-candidato-a-prefeito-de-paco-do-lumiar-fred-campos-se-reune-com-moradores-da-vila-sao-jose\/#primaryimage","url":"","contentUrl":""},{"@type":"BreadcrumbList","@id":"https:\/\/maranhaotv.com.br\/index.php\/2020\/08\/13\/pre-candidato-a-prefeito-de-paco-do-lumiar-fred-campos-se-reune-com-moradores-da-vila-sao-jose\/#breadcrumb","itemListElement":[{"@type":"ListItem","position":1,"name":"In\u00edcio","item":"https:\/\/maranhaotv.com.br\/"},{"@type":"ListItem","position":2,"name":"Pr\u00e9-candidato a prefeito de Pa\u00e7o do Lumiar, Fred Campos se re\u00fane com moradores da Vila S\u00e3o Jos\u00e9"}]},{"@type":"WebSite","@id":"https:\/\/maranhaotv.com.br\/#website","url":"https:\/\/maranhaotv.com.br\/","name":"Maranh\u00e3oTV","description":"","publisher":{"@id":"https:\/\/maranhaotv.com.br\/#organization"},"potentialAction":[{"@type":"SearchAction","target":{"@type":"EntryPoint","urlTemplate":"https:\/\/maranhaotv.com.br\/?s={search_term_string}"},"query-input":{"@type":"PropertyValueSpecification","valueRequired":true,"valueName":"search_term_string"}}],"inLanguage":"pt-BR"},{"@type":"Organization","@id":"https:\/\/maranhaotv.com.br\/#organization","name":"Portal de Not\u00edcias","url":"https:\/\/maranhaotv.com.br\/","logo":{"@type":"ImageObject","inLanguage":"pt-BR","@id":"https:\/\/maranhaotv.com.br\/#\/schema\/logo\/image\/","url":"https:\/\/maranhaotv.com.br\/wp-content\/uploads\/2024\/05\/cropped-cropped-avatar-1.png","contentUrl":"https:\/\/maranhaotv.com.br\/wp-content\/uploads\/2024\/05\/cropped-cropped-avatar-1.png","width":792,"height":428,"caption":"Portal de Not\u00edcias"},"image":{"@id":"https:\/\/maranhaotv.com.br\/#\/schema\/logo\/image\/"},"sameAs":["https:\/\/www.facebook.com\/maiobaotv","https:\/\/x.com\/sitemaranhaotv","https:\/\/www.instagram.com\/maranhao.tv","https:\/\/www.threads.net\/@maranhao.tv"]},{"@type":"Person","@id":"https:\/\/maranhaotv.com.br\/#\/schema\/person\/3d54238e86b20bb5c89ab2fdb8f8829a","name":"maranhaotv","image":{"@type":"ImageObject","inLanguage":"pt-BR","@id":"https:\/\/secure.gravatar.com\/avatar\/8fadbca458d4cb68b1dd399ae9a40618d747bb1af65ac9fad21c89220a143eb4?s=96&d=mm&r=g","url":"https:\/\/secure.gravatar.com\/avatar\/8fadbca458d4cb68b1dd399ae9a40618d747bb1af65ac9fad21c89220a143eb4?s=96&d=mm&r=g","contentUrl":"https:\/\/secure.gravatar.com\/avatar\/8fadbca458d4cb68b1dd399ae9a40618d747bb1af65ac9fad21c89220a143eb4?s=96&d=mm&r=g","caption":"maranhaotv"},"sameAs":["https:\/\/maranhaotv.com.br\/"],"url":"https:\/\/maranhaotv.com.br\/index.php\/author\/maranhaotv\/"}]}},"jetpack_featured_media_url":"","jetpack_sharing_enabled":true,"_links":{"self":[{"href":"https:\/\/maranhaotv.com.br\/index.php\/wp-json\/wp\/v2\/posts\/13785","targetHints":{"allow":["GET"]}}],"collection":[{"href":"https:\/\/maranhaotv.com.br\/index.php\/wp-json\/wp\/v2\/posts"}],"about":[{"href":"https:\/\/maranhaotv.com.br\/index.php\/wp-json\/wp\/v2\/types\/post"}],"author":[{"embeddable":true,"href":"https:\/\/maranhaotv.com.br\/index.php\/wp-json\/wp\/v2\/users\/2"}],"replies":[{"embeddable":true,"href":"https:\/\/maranhaotv.com.br\/index.php\/wp-json\/wp\/v2\/comments?post=13785"}],"version-history":[{"count":0,"href":"https:\/\/maranhaotv.com.br\/index.php\/wp-json\/wp\/v2\/posts\/13785\/revisions"}],"wp:featuredmedia":[{"embeddable":true,"href":"https:\/\/maranhaotv.com.br\/index.php\/wp-json\/"}],"wp:attachment":[{"href":"https:\/\/maranhaotv.com.br\/index.php\/wp-json\/wp\/v2\/media?parent=13785"}],"wp:term":[{"taxonomy":"category","embeddable":true,"href":"https:\/\/maranhaotv.com.br\/index.php\/wp-json\/wp\/v2\/categories?post=13785"},{"taxonomy":"post_tag","embeddable":true,"href":"https:\/\/maranhaotv.com.br\/index.php\/wp-json\/wp\/v2\/tags?post=13785"}],"curies":[{"name":"wp","href":"https:\/\/api.w.org\/{rel}","templated":true}]}}