{"id":13811,"date":"2020-08-14T07:38:54","date_gmt":"2020-08-14T10:38:54","guid":{"rendered":"https:\/\/maiobaotv.com.br\/?p=13811"},"modified":"2020-08-14T07:38:54","modified_gmt":"2020-08-14T10:38:54","slug":"governo-do-estado-diz-que-nao-apoiara-nenhum-candidato-nas-eleicoes-de-novembro","status":"publish","type":"post","link":"https:\/\/maranhaotv.com.br\/index.php\/2020\/08\/14\/governo-do-estado-diz-que-nao-apoiara-nenhum-candidato-nas-eleicoes-de-novembro\/","title":{"rendered":"Governo do Estado diz que n\u00e3o apoiar\u00e1 nenhum candidato nas elei\u00e7\u00f5es de novembro"},"content":{"rendered":"<p>Declara\u00e7\u00e3o foi um banho de \u00e1gua fria no candidatos do PCdoB que contavam com a declara\u00e7\u00e3o de apoio na campanha eleitoral<\/p>\n<p>Em nota, o Pal\u00e1cio dos Le\u00f5es afirma que n\u00e3o ir\u00e1 apoiar candidatos principalmente no primeiro turno das elei\u00e7\u00f5es em respeito a todos que lhe apoiaram nas elei\u00e7\u00f5es em 2018.<\/p>\n<p>\u201cO governador respeitar\u00e1 todos os aliados que o apoiaram em 2018 e, por isso, n\u00e3o adotar\u00e1 nenhuma posi\u00e7\u00e3o quanto ao 1\u00ba turno das elei\u00e7\u00f5es em S\u00e3o Lu\u00eds\u201d, afirma a nota, em resposta a questionamento feito pelo jornal.<\/p>\n<p>Em sua reelei\u00e7\u00e3o ao governo nas \u00faltimas elei\u00e7\u00f5es, Fl\u00e1vio Dino teve apoio de 15 partidos: PCdoB, PT, PDT, PRB (Republicanos), PPS, PTB, DEM, PP, PR, PTC, PPL, PROS, AVANTE, PEN e PSB.<\/p>\n<p>Em S\u00e3o Lu\u00eds, Dino vai manter um cavalheirismo com todos que o apoiaram, sendo assim, n\u00e3o ir\u00e1 subir no palanque, tampouco estampar fotos ao lado dos aliados. Incluindo Rubens Jr, grande aliado partid\u00e1rio, amigo e compadre do governador.<br \/>\nSendo assim, Fl\u00e1vio Dino joga um balde de \u00e1gua fria na campanha dos tr\u00eas.<\/p>\n<p><img loading=\"lazy\" decoding=\"async\" src=\"https:\/\/maiobaotv.com.br\/wp-content\/uploads\/2020\/08\/images-78495199815763401519..jpg\" class=\"wp-image-13810 alignnone size-full\" width=\"678\" height=\"452\"><\/p>\n<p>Dino em campanha, com aliados e muitos apoios!<\/p>\n","protected":false},"excerpt":{"rendered":"<p>Declara\u00e7\u00e3o foi um banho de \u00e1gua fria no candidatos do PCdoB que contavam com a declara\u00e7\u00e3o de apoio na campanha<\/p>\n","protected":false},"author":2,"featured_media":13812,"comment_status":"open","ping_status":"open","sticky":false,"template":"","format":"standard","meta":{"colormag_page_container_layout":"default_layout","colormag_page_sidebar_layout":"default_layout","_jetpack_memberships_contains_paid_content":false,"footnotes":""},"categories":[2,6],"tags":[16,52],"class_list":["post-13811","post","type-post","status-publish","format-standard","has-post-thumbnail","hentry","category-noticias","category-politica","tag-eleicoes-2020","tag-flavio-dino"],"magazineBlocksPostFeaturedMedia":{"thumbnail":false,"medium":false,"medium_large":false,"large":false,"1536x1536":false,"2048x2048":false,"colormag-highlighted-post":false,"colormag-featured-post-medium":false,"colormag-featured-post-small":false,"colormag-featured-image":false,"colormag-default-news":false,"colormag-featured-image-large":false},"magazineBlocksPostAuthor":{"name":"maranhaotv","avatar":"https:\/\/secure.gravatar.com\/avatar\/8fadbca458d4cb68b1dd399ae9a40618d747bb1af65ac9fad21c89220a143eb4?s=96&d=mm&r=g"},"magazineBlocksPostCommentsNumber":"0","magazineBlocksPostExcerpt":"Declara\u00e7\u00e3o foi um banho de \u00e1gua fria no candidatos do PCdoB que contavam com a declara\u00e7\u00e3o de apoio na campanha","magazineBlocksPostCategories":["not\u00edcias","pol\u00edtica"],"magazineBlocksPostViewCount":176,"magazineBlocksPostReadTime":1,"magazine_blocks_featured_image_url":{"full":false,"medium":false,"thumbnail":false},"magazine_blocks_author":{"display_name":"maranhaotv","author_link":"https:\/\/maranhaotv.com.br\/index.php\/author\/maranhaotv\/"},"magazine_blocks_comment":0,"magazine_blocks_author_image":"https:\/\/secure.gravatar.com\/avatar\/8fadbca458d4cb68b1dd399ae9a40618d747bb1af65ac9fad21c89220a143eb4?s=96&d=mm&r=g","magazine_blocks_category":"<a href=\"#\" class=\"category-link category-link-2\">not\u00edcias<\/a> <a href=\"#\" class=\"category-link category-link-6\">pol\u00edtica<\/a>","yoast_head":"<!-- This site is optimized with the Yoast SEO plugin v27.4 - https:\/\/yoast.com\/product\/yoast-seo-wordpress\/ -->\n<title>Governo do Estado diz que n\u00e3o apoiar\u00e1 nenhum candidato nas elei\u00e7\u00f5es de novembro - NOT\u00cdCIAS EM TEMPO REAL<\/title>\n<meta name=\"robots\" content=\"index, follow, max-snippet:-1, max-image-preview:large, max-video-preview:-1\" \/>\n<link rel=\"canonical\" href=\"https:\/\/maranhaotv.com.br\/index.php\/2020\/08\/14\/governo-do-estado-diz-que-nao-apoiara-nenhum-candidato-nas-eleicoes-de-novembro\/\" \/>\n<meta property=\"og:locale\" content=\"pt_BR\" \/>\n<meta property=\"og:type\" content=\"article\" \/>\n<meta property=\"og:title\" content=\"Governo do Estado diz que n\u00e3o apoiar\u00e1 nenhum candidato nas elei\u00e7\u00f5es de novembro - NOT\u00cdCIAS EM TEMPO REAL\" \/>\n<meta property=\"og:description\" content=\"Declara\u00e7\u00e3o foi um banho de \u00e1gua fria no candidatos do PCdoB que contavam com a declara\u00e7\u00e3o de apoio na campanha\" \/>\n<meta property=\"og:url\" content=\"https:\/\/maranhaotv.com.br\/index.php\/2020\/08\/14\/governo-do-estado-diz-que-nao-apoiara-nenhum-candidato-nas-eleicoes-de-novembro\/\" \/>\n<meta property=\"og:site_name\" content=\"NOT\u00cdCIAS EM TEMPO REAL\" \/>\n<meta property=\"article:publisher\" content=\"https:\/\/www.facebook.com\/maiobaotv\" \/>\n<meta property=\"article:published_time\" content=\"2020-08-14T10:38:54+00:00\" \/>\n<meta name=\"author\" content=\"maranhaotv\" \/>\n<meta name=\"twitter:card\" content=\"summary_large_image\" \/>\n<meta name=\"twitter:creator\" content=\"@sitemaranhaotv\" \/>\n<meta name=\"twitter:site\" content=\"@sitemaranhaotv\" \/>\n<meta name=\"twitter:label1\" content=\"Escrito por\" \/>\n\t<meta name=\"twitter:data1\" content=\"maranhaotv\" \/>\n\t<meta name=\"twitter:label2\" content=\"Est. tempo de leitura\" \/>\n\t<meta name=\"twitter:data2\" content=\"1 minuto\" \/>\n<script type=\"application\/ld+json\" class=\"yoast-schema-graph\">{\"@context\":\"https:\\\/\\\/schema.org\",\"@graph\":[{\"@type\":\"Article\",\"@id\":\"https:\\\/\\\/maranhaotv.com.br\\\/index.php\\\/2020\\\/08\\\/14\\\/governo-do-estado-diz-que-nao-apoiara-nenhum-candidato-nas-eleicoes-de-novembro\\\/#article\",\"isPartOf\":{\"@id\":\"https:\\\/\\\/maranhaotv.com.br\\\/index.php\\\/2020\\\/08\\\/14\\\/governo-do-estado-diz-que-nao-apoiara-nenhum-candidato-nas-eleicoes-de-novembro\\\/\"},\"author\":{\"name\":\"maranhaotv\",\"@id\":\"https:\\\/\\\/maranhaotv.com.br\\\/#\\\/schema\\\/person\\\/3d54238e86b20bb5c89ab2fdb8f8829a\"},\"headline\":\"Governo do Estado diz que n\u00e3o apoiar\u00e1 nenhum candidato nas elei\u00e7\u00f5es de novembro\",\"datePublished\":\"2020-08-14T10:38:54+00:00\",\"mainEntityOfPage\":{\"@id\":\"https:\\\/\\\/maranhaotv.com.br\\\/index.php\\\/2020\\\/08\\\/14\\\/governo-do-estado-diz-que-nao-apoiara-nenhum-candidato-nas-eleicoes-de-novembro\\\/\"},\"wordCount\":211,\"commentCount\":0,\"publisher\":{\"@id\":\"https:\\\/\\\/maranhaotv.com.br\\\/#organization\"},\"image\":{\"@id\":\"https:\\\/\\\/maranhaotv.com.br\\\/index.php\\\/2020\\\/08\\\/14\\\/governo-do-estado-diz-que-nao-apoiara-nenhum-candidato-nas-eleicoes-de-novembro\\\/#primaryimage\"},\"thumbnailUrl\":\"\",\"keywords\":[\"Elei\u00e7\u00f5es 2020\",\"Fl\u00e1vio Dino\"],\"articleSection\":[\"not\u00edcias\",\"pol\u00edtica\"],\"inLanguage\":\"pt-BR\",\"potentialAction\":[{\"@type\":\"CommentAction\",\"name\":\"Comment\",\"target\":[\"https:\\\/\\\/maranhaotv.com.br\\\/index.php\\\/2020\\\/08\\\/14\\\/governo-do-estado-diz-que-nao-apoiara-nenhum-candidato-nas-eleicoes-de-novembro\\\/#respond\"]}]},{\"@type\":\"WebPage\",\"@id\":\"https:\\\/\\\/maranhaotv.com.br\\\/index.php\\\/2020\\\/08\\\/14\\\/governo-do-estado-diz-que-nao-apoiara-nenhum-candidato-nas-eleicoes-de-novembro\\\/\",\"url\":\"https:\\\/\\\/maranhaotv.com.br\\\/index.php\\\/2020\\\/08\\\/14\\\/governo-do-estado-diz-que-nao-apoiara-nenhum-candidato-nas-eleicoes-de-novembro\\\/\",\"name\":\"Governo do Estado diz que n\u00e3o apoiar\u00e1 nenhum candidato nas elei\u00e7\u00f5es de novembro - NOT\u00cdCIAS EM TEMPO REAL\",\"isPartOf\":{\"@id\":\"https:\\\/\\\/maranhaotv.com.br\\\/#website\"},\"primaryImageOfPage\":{\"@id\":\"https:\\\/\\\/maranhaotv.com.br\\\/index.php\\\/2020\\\/08\\\/14\\\/governo-do-estado-diz-que-nao-apoiara-nenhum-candidato-nas-eleicoes-de-novembro\\\/#primaryimage\"},\"image\":{\"@id\":\"https:\\\/\\\/maranhaotv.com.br\\\/index.php\\\/2020\\\/08\\\/14\\\/governo-do-estado-diz-que-nao-apoiara-nenhum-candidato-nas-eleicoes-de-novembro\\\/#primaryimage\"},\"thumbnailUrl\":\"\",\"datePublished\":\"2020-08-14T10:38:54+00:00\",\"breadcrumb\":{\"@id\":\"https:\\\/\\\/maranhaotv.com.br\\\/index.php\\\/2020\\\/08\\\/14\\\/governo-do-estado-diz-que-nao-apoiara-nenhum-candidato-nas-eleicoes-de-novembro\\\/#breadcrumb\"},\"inLanguage\":\"pt-BR\",\"potentialAction\":[{\"@type\":\"ReadAction\",\"target\":[\"https:\\\/\\\/maranhaotv.com.br\\\/index.php\\\/2020\\\/08\\\/14\\\/governo-do-estado-diz-que-nao-apoiara-nenhum-candidato-nas-eleicoes-de-novembro\\\/\"]}]},{\"@type\":\"ImageObject\",\"inLanguage\":\"pt-BR\",\"@id\":\"https:\\\/\\\/maranhaotv.com.br\\\/index.php\\\/2020\\\/08\\\/14\\\/governo-do-estado-diz-que-nao-apoiara-nenhum-candidato-nas-eleicoes-de-novembro\\\/#primaryimage\",\"url\":\"\",\"contentUrl\":\"\"},{\"@type\":\"BreadcrumbList\",\"@id\":\"https:\\\/\\\/maranhaotv.com.br\\\/index.php\\\/2020\\\/08\\\/14\\\/governo-do-estado-diz-que-nao-apoiara-nenhum-candidato-nas-eleicoes-de-novembro\\\/#breadcrumb\",\"itemListElement\":[{\"@type\":\"ListItem\",\"position\":1,\"name\":\"In\u00edcio\",\"item\":\"https:\\\/\\\/maranhaotv.com.br\\\/\"},{\"@type\":\"ListItem\",\"position\":2,\"name\":\"Governo do Estado diz que n\u00e3o apoiar\u00e1 nenhum candidato nas elei\u00e7\u00f5es de novembro\"}]},{\"@type\":\"WebSite\",\"@id\":\"https:\\\/\\\/maranhaotv.com.br\\\/#website\",\"url\":\"https:\\\/\\\/maranhaotv.com.br\\\/\",\"name\":\"Maranh\u00e3oTV\",\"description\":\"\",\"publisher\":{\"@id\":\"https:\\\/\\\/maranhaotv.com.br\\\/#organization\"},\"potentialAction\":[{\"@type\":\"SearchAction\",\"target\":{\"@type\":\"EntryPoint\",\"urlTemplate\":\"https:\\\/\\\/maranhaotv.com.br\\\/?s={search_term_string}\"},\"query-input\":{\"@type\":\"PropertyValueSpecification\",\"valueRequired\":true,\"valueName\":\"search_term_string\"}}],\"inLanguage\":\"pt-BR\"},{\"@type\":\"Organization\",\"@id\":\"https:\\\/\\\/maranhaotv.com.br\\\/#organization\",\"name\":\"Portal de Not\u00edcias\",\"url\":\"https:\\\/\\\/maranhaotv.com.br\\\/\",\"logo\":{\"@type\":\"ImageObject\",\"inLanguage\":\"pt-BR\",\"@id\":\"https:\\\/\\\/maranhaotv.com.br\\\/#\\\/schema\\\/logo\\\/image\\\/\",\"url\":\"https:\\\/\\\/maranhaotv.com.br\\\/wp-content\\\/uploads\\\/2024\\\/05\\\/cropped-cropped-avatar-1.png\",\"contentUrl\":\"https:\\\/\\\/maranhaotv.com.br\\\/wp-content\\\/uploads\\\/2024\\\/05\\\/cropped-cropped-avatar-1.png\",\"width\":792,\"height\":428,\"caption\":\"Portal de Not\u00edcias\"},\"image\":{\"@id\":\"https:\\\/\\\/maranhaotv.com.br\\\/#\\\/schema\\\/logo\\\/image\\\/\"},\"sameAs\":[\"https:\\\/\\\/www.facebook.com\\\/maiobaotv\",\"https:\\\/\\\/x.com\\\/sitemaranhaotv\",\"https:\\\/\\\/www.instagram.com\\\/maranhao.tv\",\"https:\\\/\\\/www.threads.net\\\/@maranhao.tv\"]},{\"@type\":\"Person\",\"@id\":\"https:\\\/\\\/maranhaotv.com.br\\\/#\\\/schema\\\/person\\\/3d54238e86b20bb5c89ab2fdb8f8829a\",\"name\":\"maranhaotv\",\"image\":{\"@type\":\"ImageObject\",\"inLanguage\":\"pt-BR\",\"@id\":\"https:\\\/\\\/secure.gravatar.com\\\/avatar\\\/8fadbca458d4cb68b1dd399ae9a40618d747bb1af65ac9fad21c89220a143eb4?s=96&d=mm&r=g\",\"url\":\"https:\\\/\\\/secure.gravatar.com\\\/avatar\\\/8fadbca458d4cb68b1dd399ae9a40618d747bb1af65ac9fad21c89220a143eb4?s=96&d=mm&r=g\",\"contentUrl\":\"https:\\\/\\\/secure.gravatar.com\\\/avatar\\\/8fadbca458d4cb68b1dd399ae9a40618d747bb1af65ac9fad21c89220a143eb4?s=96&d=mm&r=g\",\"caption\":\"maranhaotv\"},\"sameAs\":[\"https:\\\/\\\/maranhaotv.com.br\\\/\"],\"url\":\"https:\\\/\\\/maranhaotv.com.br\\\/index.php\\\/author\\\/maranhaotv\\\/\"}]}<\/script>\n<!-- \/ Yoast SEO plugin. -->","yoast_head_json":{"title":"Governo do Estado diz que n\u00e3o apoiar\u00e1 nenhum candidato nas elei\u00e7\u00f5es de novembro - NOT\u00cdCIAS EM TEMPO REAL","robots":{"index":"index","follow":"follow","max-snippet":"max-snippet:-1","max-image-preview":"max-image-preview:large","max-video-preview":"max-video-preview:-1"},"canonical":"https:\/\/maranhaotv.com.br\/index.php\/2020\/08\/14\/governo-do-estado-diz-que-nao-apoiara-nenhum-candidato-nas-eleicoes-de-novembro\/","og_locale":"pt_BR","og_type":"article","og_title":"Governo do Estado diz que n\u00e3o apoiar\u00e1 nenhum candidato nas elei\u00e7\u00f5es de novembro - NOT\u00cdCIAS EM TEMPO REAL","og_description":"Declara\u00e7\u00e3o foi um banho de \u00e1gua fria no candidatos do PCdoB que contavam com a declara\u00e7\u00e3o de apoio na campanha","og_url":"https:\/\/maranhaotv.com.br\/index.php\/2020\/08\/14\/governo-do-estado-diz-que-nao-apoiara-nenhum-candidato-nas-eleicoes-de-novembro\/","og_site_name":"NOT\u00cdCIAS EM TEMPO REAL","article_publisher":"https:\/\/www.facebook.com\/maiobaotv","article_published_time":"2020-08-14T10:38:54+00:00","author":"maranhaotv","twitter_card":"summary_large_image","twitter_creator":"@sitemaranhaotv","twitter_site":"@sitemaranhaotv","twitter_misc":{"Escrito por":"maranhaotv","Est. tempo de leitura":"1 minuto"},"schema":{"@context":"https:\/\/schema.org","@graph":[{"@type":"Article","@id":"https:\/\/maranhaotv.com.br\/index.php\/2020\/08\/14\/governo-do-estado-diz-que-nao-apoiara-nenhum-candidato-nas-eleicoes-de-novembro\/#article","isPartOf":{"@id":"https:\/\/maranhaotv.com.br\/index.php\/2020\/08\/14\/governo-do-estado-diz-que-nao-apoiara-nenhum-candidato-nas-eleicoes-de-novembro\/"},"author":{"name":"maranhaotv","@id":"https:\/\/maranhaotv.com.br\/#\/schema\/person\/3d54238e86b20bb5c89ab2fdb8f8829a"},"headline":"Governo do Estado diz que n\u00e3o apoiar\u00e1 nenhum candidato nas elei\u00e7\u00f5es de novembro","datePublished":"2020-08-14T10:38:54+00:00","mainEntityOfPage":{"@id":"https:\/\/maranhaotv.com.br\/index.php\/2020\/08\/14\/governo-do-estado-diz-que-nao-apoiara-nenhum-candidato-nas-eleicoes-de-novembro\/"},"wordCount":211,"commentCount":0,"publisher":{"@id":"https:\/\/maranhaotv.com.br\/#organization"},"image":{"@id":"https:\/\/maranhaotv.com.br\/index.php\/2020\/08\/14\/governo-do-estado-diz-que-nao-apoiara-nenhum-candidato-nas-eleicoes-de-novembro\/#primaryimage"},"thumbnailUrl":"","keywords":["Elei\u00e7\u00f5es 2020","Fl\u00e1vio Dino"],"articleSection":["not\u00edcias","pol\u00edtica"],"inLanguage":"pt-BR","potentialAction":[{"@type":"CommentAction","name":"Comment","target":["https:\/\/maranhaotv.com.br\/index.php\/2020\/08\/14\/governo-do-estado-diz-que-nao-apoiara-nenhum-candidato-nas-eleicoes-de-novembro\/#respond"]}]},{"@type":"WebPage","@id":"https:\/\/maranhaotv.com.br\/index.php\/2020\/08\/14\/governo-do-estado-diz-que-nao-apoiara-nenhum-candidato-nas-eleicoes-de-novembro\/","url":"https:\/\/maranhaotv.com.br\/index.php\/2020\/08\/14\/governo-do-estado-diz-que-nao-apoiara-nenhum-candidato-nas-eleicoes-de-novembro\/","name":"Governo do Estado diz que n\u00e3o apoiar\u00e1 nenhum candidato nas elei\u00e7\u00f5es de novembro - NOT\u00cdCIAS EM TEMPO REAL","isPartOf":{"@id":"https:\/\/maranhaotv.com.br\/#website"},"primaryImageOfPage":{"@id":"https:\/\/maranhaotv.com.br\/index.php\/2020\/08\/14\/governo-do-estado-diz-que-nao-apoiara-nenhum-candidato-nas-eleicoes-de-novembro\/#primaryimage"},"image":{"@id":"https:\/\/maranhaotv.com.br\/index.php\/2020\/08\/14\/governo-do-estado-diz-que-nao-apoiara-nenhum-candidato-nas-eleicoes-de-novembro\/#primaryimage"},"thumbnailUrl":"","datePublished":"2020-08-14T10:38:54+00:00","breadcrumb":{"@id":"https:\/\/maranhaotv.com.br\/index.php\/2020\/08\/14\/governo-do-estado-diz-que-nao-apoiara-nenhum-candidato-nas-eleicoes-de-novembro\/#breadcrumb"},"inLanguage":"pt-BR","potentialAction":[{"@type":"ReadAction","target":["https:\/\/maranhaotv.com.br\/index.php\/2020\/08\/14\/governo-do-estado-diz-que-nao-apoiara-nenhum-candidato-nas-eleicoes-de-novembro\/"]}]},{"@type":"ImageObject","inLanguage":"pt-BR","@id":"https:\/\/maranhaotv.com.br\/index.php\/2020\/08\/14\/governo-do-estado-diz-que-nao-apoiara-nenhum-candidato-nas-eleicoes-de-novembro\/#primaryimage","url":"","contentUrl":""},{"@type":"BreadcrumbList","@id":"https:\/\/maranhaotv.com.br\/index.php\/2020\/08\/14\/governo-do-estado-diz-que-nao-apoiara-nenhum-candidato-nas-eleicoes-de-novembro\/#breadcrumb","itemListElement":[{"@type":"ListItem","position":1,"name":"In\u00edcio","item":"https:\/\/maranhaotv.com.br\/"},{"@type":"ListItem","position":2,"name":"Governo do Estado diz que n\u00e3o apoiar\u00e1 nenhum candidato nas elei\u00e7\u00f5es de novembro"}]},{"@type":"WebSite","@id":"https:\/\/maranhaotv.com.br\/#website","url":"https:\/\/maranhaotv.com.br\/","name":"Maranh\u00e3oTV","description":"","publisher":{"@id":"https:\/\/maranhaotv.com.br\/#organization"},"potentialAction":[{"@type":"SearchAction","target":{"@type":"EntryPoint","urlTemplate":"https:\/\/maranhaotv.com.br\/?s={search_term_string}"},"query-input":{"@type":"PropertyValueSpecification","valueRequired":true,"valueName":"search_term_string"}}],"inLanguage":"pt-BR"},{"@type":"Organization","@id":"https:\/\/maranhaotv.com.br\/#organization","name":"Portal de Not\u00edcias","url":"https:\/\/maranhaotv.com.br\/","logo":{"@type":"ImageObject","inLanguage":"pt-BR","@id":"https:\/\/maranhaotv.com.br\/#\/schema\/logo\/image\/","url":"https:\/\/maranhaotv.com.br\/wp-content\/uploads\/2024\/05\/cropped-cropped-avatar-1.png","contentUrl":"https:\/\/maranhaotv.com.br\/wp-content\/uploads\/2024\/05\/cropped-cropped-avatar-1.png","width":792,"height":428,"caption":"Portal de Not\u00edcias"},"image":{"@id":"https:\/\/maranhaotv.com.br\/#\/schema\/logo\/image\/"},"sameAs":["https:\/\/www.facebook.com\/maiobaotv","https:\/\/x.com\/sitemaranhaotv","https:\/\/www.instagram.com\/maranhao.tv","https:\/\/www.threads.net\/@maranhao.tv"]},{"@type":"Person","@id":"https:\/\/maranhaotv.com.br\/#\/schema\/person\/3d54238e86b20bb5c89ab2fdb8f8829a","name":"maranhaotv","image":{"@type":"ImageObject","inLanguage":"pt-BR","@id":"https:\/\/secure.gravatar.com\/avatar\/8fadbca458d4cb68b1dd399ae9a40618d747bb1af65ac9fad21c89220a143eb4?s=96&d=mm&r=g","url":"https:\/\/secure.gravatar.com\/avatar\/8fadbca458d4cb68b1dd399ae9a40618d747bb1af65ac9fad21c89220a143eb4?s=96&d=mm&r=g","contentUrl":"https:\/\/secure.gravatar.com\/avatar\/8fadbca458d4cb68b1dd399ae9a40618d747bb1af65ac9fad21c89220a143eb4?s=96&d=mm&r=g","caption":"maranhaotv"},"sameAs":["https:\/\/maranhaotv.com.br\/"],"url":"https:\/\/maranhaotv.com.br\/index.php\/author\/maranhaotv\/"}]}},"jetpack_featured_media_url":"","jetpack_sharing_enabled":true,"_links":{"self":[{"href":"https:\/\/maranhaotv.com.br\/index.php\/wp-json\/wp\/v2\/posts\/13811","targetHints":{"allow":["GET"]}}],"collection":[{"href":"https:\/\/maranhaotv.com.br\/index.php\/wp-json\/wp\/v2\/posts"}],"about":[{"href":"https:\/\/maranhaotv.com.br\/index.php\/wp-json\/wp\/v2\/types\/post"}],"author":[{"embeddable":true,"href":"https:\/\/maranhaotv.com.br\/index.php\/wp-json\/wp\/v2\/users\/2"}],"replies":[{"embeddable":true,"href":"https:\/\/maranhaotv.com.br\/index.php\/wp-json\/wp\/v2\/comments?post=13811"}],"version-history":[{"count":0,"href":"https:\/\/maranhaotv.com.br\/index.php\/wp-json\/wp\/v2\/posts\/13811\/revisions"}],"wp:featuredmedia":[{"embeddable":true,"href":"https:\/\/maranhaotv.com.br\/index.php\/wp-json\/"}],"wp:attachment":[{"href":"https:\/\/maranhaotv.com.br\/index.php\/wp-json\/wp\/v2\/media?parent=13811"}],"wp:term":[{"taxonomy":"category","embeddable":true,"href":"https:\/\/maranhaotv.com.br\/index.php\/wp-json\/wp\/v2\/categories?post=13811"},{"taxonomy":"post_tag","embeddable":true,"href":"https:\/\/maranhaotv.com.br\/index.php\/wp-json\/wp\/v2\/tags?post=13811"}],"curies":[{"name":"wp","href":"https:\/\/api.w.org\/{rel}","templated":true}]}}