{"id":13914,"date":"2020-08-17T13:22:17","date_gmt":"2020-08-17T16:22:17","guid":{"rendered":"https:\/\/maiobaotv.com.br\/?p=13914"},"modified":"2020-08-17T13:22:17","modified_gmt":"2020-08-17T16:22:17","slug":"pre-candidato-wellington-do-curso-se-reune-com-moradores-do-centro-historico-de-sao-luis","status":"publish","type":"post","link":"https:\/\/maranhaotv.com.br\/index.php\/2020\/08\/17\/pre-candidato-wellington-do-curso-se-reune-com-moradores-do-centro-historico-de-sao-luis\/","title":{"rendered":"Pr\u00e9-candidato Wellington do Curso se re\u00fane com moradores do Centro Hist\u00f3rico de S\u00e3o Lu\u00eds"},"content":{"rendered":"<p>No \u00faltimo domingo (16), o pr\u00e9-candidato a prefeito de S\u00e3o Lu\u00eds, Wellington do Curso, esteve em importante reuni\u00e3o promovida pela Uni\u00e3o de Moradores do Centro Hist\u00f3rico para discutir a situa\u00e7\u00e3o do local e ouvir sugest\u00f5es de propostas. Na ocasi\u00e3o, Wellington do Curso ouviu atentamente os pleitos apresentados pelos moradores e, s\u00f3 ap\u00f3s isso, exp\u00f4s algumas de suas propostas para a \u00e1rea.<\/p>\n<p>Entre as principais demandas, h\u00e1 a atual situa\u00e7\u00e3o de moradia e ocupa\u00e7\u00e3o no Centro Hist\u00f3rico, j\u00e1 que h\u00e1 pessoas que esperam h\u00e1 mais de 30 anos para serem contempladas em algum programa habitacional na \u00e1rea.<\/p>\n<blockquote><p>\u201cO nosso objetivo tem sido ouvir! Ouvir as pessoas, identificar os problemas e apresentar solu\u00e7\u00f5es. No Centro Hist\u00f3rico, de imediato, priorizaremos resolver a quest\u00e3o dessas pessoas que aguardam h\u00e1 mais de 30 anos para serem contempladas em programas de moradia a serem implantados no local. Iremos resolver! Um outro ponto que receber\u00e1 nossa aten\u00e7\u00e3o \u00e9 em rela\u00e7\u00e3o aos trabalhadores informais e vendedores ambulantes, que reclamam da falta de apoio do Poder P\u00fablico. Iremos garantir que esses trabalhadores tenham um espa\u00e7o para guardar suas mercadorias, por exemplo. Iremos priorizar tamb\u00e9m a valoriza\u00e7\u00e3o do trabalho dos artes\u00e3os locais e produtores culturais. Temos coragem e atitude para resolver os problemas de S\u00e3o Lu\u00eds!\u201d, disse Wellington, que tem crescido nas pesquisas.<\/p><\/blockquote>\n<p>Ainda na reuni\u00e3o, Wellington apresentou propostas para solucionar problemas em rela\u00e7\u00e3o \u00e0 falta de infraestrutura e de \u00e1gua, al\u00e9m de apontar solu\u00e7\u00f5es para se combater a criminalidade no local.<\/p>\n<p><img loading=\"lazy\" decoding=\"async\" src=\"https:\/\/maiobaotv.com.br\/wp-content\/uploads\/2020\/08\/img-20200817-wa01756264364510888296813.jpg\" class=\"wp-image-13912 alignnone size-full\" width=\"1242\" height=\"1151\"><\/p>\n<p><img loading=\"lazy\" decoding=\"async\" src=\"https:\/\/maiobaotv.com.br\/wp-content\/uploads\/2020\/08\/img-20200817-wa01746754107091940664668.jpg\" class=\"wp-image-13913 alignnone size-full\" width=\"1242\" height=\"1180\"><\/p>\n","protected":false},"excerpt":{"rendered":"<p>No \u00faltimo domingo (16), o pr\u00e9-candidato a prefeito de S\u00e3o Lu\u00eds, Wellington do Curso, esteve em importante reuni\u00e3o promovida pela<\/p>\n","protected":false},"author":2,"featured_media":13915,"comment_status":"open","ping_status":"open","sticky":false,"template":"","format":"standard","meta":{"colormag_page_container_layout":"default_layout","colormag_page_sidebar_layout":"default_layout","_jetpack_memberships_contains_paid_content":false,"footnotes":""},"categories":[2],"tags":[16,22],"class_list":["post-13914","post","type-post","status-publish","format-standard","has-post-thumbnail","hentry","category-noticias","tag-eleicoes-2020","tag-wellington-do-curso"],"magazineBlocksPostFeaturedMedia":{"thumbnail":false,"medium":false,"medium_large":false,"large":false,"1536x1536":false,"2048x2048":false,"colormag-highlighted-post":false,"colormag-featured-post-medium":false,"colormag-featured-post-small":false,"colormag-featured-image":false,"colormag-default-news":false,"colormag-featured-image-large":false},"magazineBlocksPostAuthor":{"name":"maranhaotv","avatar":"https:\/\/secure.gravatar.com\/avatar\/8fadbca458d4cb68b1dd399ae9a40618d747bb1af65ac9fad21c89220a143eb4?s=96&d=mm&r=g"},"magazineBlocksPostCommentsNumber":"0","magazineBlocksPostExcerpt":"No \u00faltimo domingo (16), o pr\u00e9-candidato a prefeito de S\u00e3o Lu\u00eds, Wellington do Curso, esteve em importante reuni\u00e3o promovida pela","magazineBlocksPostCategories":["not\u00edcias"],"magazineBlocksPostViewCount":148,"magazineBlocksPostReadTime":2,"magazine_blocks_featured_image_url":{"full":false,"medium":false,"thumbnail":false},"magazine_blocks_author":{"display_name":"maranhaotv","author_link":"https:\/\/maranhaotv.com.br\/index.php\/author\/maranhaotv\/"},"magazine_blocks_comment":0,"magazine_blocks_author_image":"https:\/\/secure.gravatar.com\/avatar\/8fadbca458d4cb68b1dd399ae9a40618d747bb1af65ac9fad21c89220a143eb4?s=96&d=mm&r=g","magazine_blocks_category":"<a href=\"#\" class=\"category-link category-link-2\">not\u00edcias<\/a>","yoast_head":"<!-- This site is optimized with the Yoast SEO plugin v27.4 - https:\/\/yoast.com\/product\/yoast-seo-wordpress\/ -->\n<title>Pr\u00e9-candidato Wellington do Curso se re\u00fane com moradores do Centro Hist\u00f3rico de S\u00e3o Lu\u00eds - NOT\u00cdCIAS EM TEMPO REAL<\/title>\n<meta name=\"robots\" content=\"index, follow, max-snippet:-1, max-image-preview:large, max-video-preview:-1\" \/>\n<link rel=\"canonical\" href=\"https:\/\/maranhaotv.com.br\/index.php\/2020\/08\/17\/pre-candidato-wellington-do-curso-se-reune-com-moradores-do-centro-historico-de-sao-luis\/\" \/>\n<meta property=\"og:locale\" content=\"pt_BR\" \/>\n<meta property=\"og:type\" content=\"article\" \/>\n<meta property=\"og:title\" content=\"Pr\u00e9-candidato Wellington do Curso se re\u00fane com moradores do Centro Hist\u00f3rico de S\u00e3o Lu\u00eds - NOT\u00cdCIAS EM TEMPO REAL\" \/>\n<meta property=\"og:description\" content=\"No \u00faltimo domingo (16), o pr\u00e9-candidato a prefeito de S\u00e3o Lu\u00eds, Wellington do Curso, esteve em importante reuni\u00e3o promovida pela\" \/>\n<meta property=\"og:url\" content=\"https:\/\/maranhaotv.com.br\/index.php\/2020\/08\/17\/pre-candidato-wellington-do-curso-se-reune-com-moradores-do-centro-historico-de-sao-luis\/\" \/>\n<meta property=\"og:site_name\" content=\"NOT\u00cdCIAS EM TEMPO REAL\" \/>\n<meta property=\"article:publisher\" content=\"https:\/\/www.facebook.com\/maiobaotv\" \/>\n<meta property=\"article:published_time\" content=\"2020-08-17T16:22:17+00:00\" \/>\n<meta name=\"author\" content=\"maranhaotv\" \/>\n<meta name=\"twitter:card\" content=\"summary_large_image\" \/>\n<meta name=\"twitter:creator\" content=\"@sitemaranhaotv\" \/>\n<meta name=\"twitter:site\" content=\"@sitemaranhaotv\" \/>\n<meta name=\"twitter:label1\" content=\"Escrito por\" \/>\n\t<meta name=\"twitter:data1\" content=\"maranhaotv\" \/>\n\t<meta name=\"twitter:label2\" content=\"Est. tempo de leitura\" \/>\n\t<meta name=\"twitter:data2\" content=\"1 minuto\" \/>\n<script type=\"application\/ld+json\" class=\"yoast-schema-graph\">{\"@context\":\"https:\\\/\\\/schema.org\",\"@graph\":[{\"@type\":\"Article\",\"@id\":\"https:\\\/\\\/maranhaotv.com.br\\\/index.php\\\/2020\\\/08\\\/17\\\/pre-candidato-wellington-do-curso-se-reune-com-moradores-do-centro-historico-de-sao-luis\\\/#article\",\"isPartOf\":{\"@id\":\"https:\\\/\\\/maranhaotv.com.br\\\/index.php\\\/2020\\\/08\\\/17\\\/pre-candidato-wellington-do-curso-se-reune-com-moradores-do-centro-historico-de-sao-luis\\\/\"},\"author\":{\"name\":\"maranhaotv\",\"@id\":\"https:\\\/\\\/maranhaotv.com.br\\\/#\\\/schema\\\/person\\\/3d54238e86b20bb5c89ab2fdb8f8829a\"},\"headline\":\"Pr\u00e9-candidato Wellington do Curso se re\u00fane com moradores do Centro Hist\u00f3rico de S\u00e3o Lu\u00eds\",\"datePublished\":\"2020-08-17T16:22:17+00:00\",\"mainEntityOfPage\":{\"@id\":\"https:\\\/\\\/maranhaotv.com.br\\\/index.php\\\/2020\\\/08\\\/17\\\/pre-candidato-wellington-do-curso-se-reune-com-moradores-do-centro-historico-de-sao-luis\\\/\"},\"wordCount\":286,\"commentCount\":0,\"publisher\":{\"@id\":\"https:\\\/\\\/maranhaotv.com.br\\\/#organization\"},\"image\":{\"@id\":\"https:\\\/\\\/maranhaotv.com.br\\\/index.php\\\/2020\\\/08\\\/17\\\/pre-candidato-wellington-do-curso-se-reune-com-moradores-do-centro-historico-de-sao-luis\\\/#primaryimage\"},\"thumbnailUrl\":\"\",\"keywords\":[\"Elei\u00e7\u00f5es 2020\",\"Wellington do Curso\"],\"articleSection\":[\"not\u00edcias\"],\"inLanguage\":\"pt-BR\",\"potentialAction\":[{\"@type\":\"CommentAction\",\"name\":\"Comment\",\"target\":[\"https:\\\/\\\/maranhaotv.com.br\\\/index.php\\\/2020\\\/08\\\/17\\\/pre-candidato-wellington-do-curso-se-reune-com-moradores-do-centro-historico-de-sao-luis\\\/#respond\"]}]},{\"@type\":\"WebPage\",\"@id\":\"https:\\\/\\\/maranhaotv.com.br\\\/index.php\\\/2020\\\/08\\\/17\\\/pre-candidato-wellington-do-curso-se-reune-com-moradores-do-centro-historico-de-sao-luis\\\/\",\"url\":\"https:\\\/\\\/maranhaotv.com.br\\\/index.php\\\/2020\\\/08\\\/17\\\/pre-candidato-wellington-do-curso-se-reune-com-moradores-do-centro-historico-de-sao-luis\\\/\",\"name\":\"Pr\u00e9-candidato Wellington do Curso se re\u00fane com moradores do Centro Hist\u00f3rico de S\u00e3o Lu\u00eds - NOT\u00cdCIAS EM TEMPO REAL\",\"isPartOf\":{\"@id\":\"https:\\\/\\\/maranhaotv.com.br\\\/#website\"},\"primaryImageOfPage\":{\"@id\":\"https:\\\/\\\/maranhaotv.com.br\\\/index.php\\\/2020\\\/08\\\/17\\\/pre-candidato-wellington-do-curso-se-reune-com-moradores-do-centro-historico-de-sao-luis\\\/#primaryimage\"},\"image\":{\"@id\":\"https:\\\/\\\/maranhaotv.com.br\\\/index.php\\\/2020\\\/08\\\/17\\\/pre-candidato-wellington-do-curso-se-reune-com-moradores-do-centro-historico-de-sao-luis\\\/#primaryimage\"},\"thumbnailUrl\":\"\",\"datePublished\":\"2020-08-17T16:22:17+00:00\",\"breadcrumb\":{\"@id\":\"https:\\\/\\\/maranhaotv.com.br\\\/index.php\\\/2020\\\/08\\\/17\\\/pre-candidato-wellington-do-curso-se-reune-com-moradores-do-centro-historico-de-sao-luis\\\/#breadcrumb\"},\"inLanguage\":\"pt-BR\",\"potentialAction\":[{\"@type\":\"ReadAction\",\"target\":[\"https:\\\/\\\/maranhaotv.com.br\\\/index.php\\\/2020\\\/08\\\/17\\\/pre-candidato-wellington-do-curso-se-reune-com-moradores-do-centro-historico-de-sao-luis\\\/\"]}]},{\"@type\":\"ImageObject\",\"inLanguage\":\"pt-BR\",\"@id\":\"https:\\\/\\\/maranhaotv.com.br\\\/index.php\\\/2020\\\/08\\\/17\\\/pre-candidato-wellington-do-curso-se-reune-com-moradores-do-centro-historico-de-sao-luis\\\/#primaryimage\",\"url\":\"\",\"contentUrl\":\"\"},{\"@type\":\"BreadcrumbList\",\"@id\":\"https:\\\/\\\/maranhaotv.com.br\\\/index.php\\\/2020\\\/08\\\/17\\\/pre-candidato-wellington-do-curso-se-reune-com-moradores-do-centro-historico-de-sao-luis\\\/#breadcrumb\",\"itemListElement\":[{\"@type\":\"ListItem\",\"position\":1,\"name\":\"In\u00edcio\",\"item\":\"https:\\\/\\\/maranhaotv.com.br\\\/\"},{\"@type\":\"ListItem\",\"position\":2,\"name\":\"Pr\u00e9-candidato Wellington do Curso se re\u00fane com moradores do Centro Hist\u00f3rico de S\u00e3o Lu\u00eds\"}]},{\"@type\":\"WebSite\",\"@id\":\"https:\\\/\\\/maranhaotv.com.br\\\/#website\",\"url\":\"https:\\\/\\\/maranhaotv.com.br\\\/\",\"name\":\"Maranh\u00e3oTV\",\"description\":\"\",\"publisher\":{\"@id\":\"https:\\\/\\\/maranhaotv.com.br\\\/#organization\"},\"potentialAction\":[{\"@type\":\"SearchAction\",\"target\":{\"@type\":\"EntryPoint\",\"urlTemplate\":\"https:\\\/\\\/maranhaotv.com.br\\\/?s={search_term_string}\"},\"query-input\":{\"@type\":\"PropertyValueSpecification\",\"valueRequired\":true,\"valueName\":\"search_term_string\"}}],\"inLanguage\":\"pt-BR\"},{\"@type\":\"Organization\",\"@id\":\"https:\\\/\\\/maranhaotv.com.br\\\/#organization\",\"name\":\"Portal de Not\u00edcias\",\"url\":\"https:\\\/\\\/maranhaotv.com.br\\\/\",\"logo\":{\"@type\":\"ImageObject\",\"inLanguage\":\"pt-BR\",\"@id\":\"https:\\\/\\\/maranhaotv.com.br\\\/#\\\/schema\\\/logo\\\/image\\\/\",\"url\":\"https:\\\/\\\/maranhaotv.com.br\\\/wp-content\\\/uploads\\\/2024\\\/05\\\/cropped-cropped-avatar-1.png\",\"contentUrl\":\"https:\\\/\\\/maranhaotv.com.br\\\/wp-content\\\/uploads\\\/2024\\\/05\\\/cropped-cropped-avatar-1.png\",\"width\":792,\"height\":428,\"caption\":\"Portal de Not\u00edcias\"},\"image\":{\"@id\":\"https:\\\/\\\/maranhaotv.com.br\\\/#\\\/schema\\\/logo\\\/image\\\/\"},\"sameAs\":[\"https:\\\/\\\/www.facebook.com\\\/maiobaotv\",\"https:\\\/\\\/x.com\\\/sitemaranhaotv\",\"https:\\\/\\\/www.instagram.com\\\/maranhao.tv\",\"https:\\\/\\\/www.threads.net\\\/@maranhao.tv\"]},{\"@type\":\"Person\",\"@id\":\"https:\\\/\\\/maranhaotv.com.br\\\/#\\\/schema\\\/person\\\/3d54238e86b20bb5c89ab2fdb8f8829a\",\"name\":\"maranhaotv\",\"image\":{\"@type\":\"ImageObject\",\"inLanguage\":\"pt-BR\",\"@id\":\"https:\\\/\\\/secure.gravatar.com\\\/avatar\\\/8fadbca458d4cb68b1dd399ae9a40618d747bb1af65ac9fad21c89220a143eb4?s=96&d=mm&r=g\",\"url\":\"https:\\\/\\\/secure.gravatar.com\\\/avatar\\\/8fadbca458d4cb68b1dd399ae9a40618d747bb1af65ac9fad21c89220a143eb4?s=96&d=mm&r=g\",\"contentUrl\":\"https:\\\/\\\/secure.gravatar.com\\\/avatar\\\/8fadbca458d4cb68b1dd399ae9a40618d747bb1af65ac9fad21c89220a143eb4?s=96&d=mm&r=g\",\"caption\":\"maranhaotv\"},\"sameAs\":[\"https:\\\/\\\/maranhaotv.com.br\\\/\"],\"url\":\"https:\\\/\\\/maranhaotv.com.br\\\/index.php\\\/author\\\/maranhaotv\\\/\"}]}<\/script>\n<!-- \/ Yoast SEO plugin. -->","yoast_head_json":{"title":"Pr\u00e9-candidato Wellington do Curso se re\u00fane com moradores do Centro Hist\u00f3rico de S\u00e3o Lu\u00eds - NOT\u00cdCIAS EM TEMPO REAL","robots":{"index":"index","follow":"follow","max-snippet":"max-snippet:-1","max-image-preview":"max-image-preview:large","max-video-preview":"max-video-preview:-1"},"canonical":"https:\/\/maranhaotv.com.br\/index.php\/2020\/08\/17\/pre-candidato-wellington-do-curso-se-reune-com-moradores-do-centro-historico-de-sao-luis\/","og_locale":"pt_BR","og_type":"article","og_title":"Pr\u00e9-candidato Wellington do Curso se re\u00fane com moradores do Centro Hist\u00f3rico de S\u00e3o Lu\u00eds - NOT\u00cdCIAS EM TEMPO REAL","og_description":"No \u00faltimo domingo (16), o pr\u00e9-candidato a prefeito de S\u00e3o Lu\u00eds, Wellington do Curso, esteve em importante reuni\u00e3o promovida pela","og_url":"https:\/\/maranhaotv.com.br\/index.php\/2020\/08\/17\/pre-candidato-wellington-do-curso-se-reune-com-moradores-do-centro-historico-de-sao-luis\/","og_site_name":"NOT\u00cdCIAS EM TEMPO REAL","article_publisher":"https:\/\/www.facebook.com\/maiobaotv","article_published_time":"2020-08-17T16:22:17+00:00","author":"maranhaotv","twitter_card":"summary_large_image","twitter_creator":"@sitemaranhaotv","twitter_site":"@sitemaranhaotv","twitter_misc":{"Escrito por":"maranhaotv","Est. tempo de leitura":"1 minuto"},"schema":{"@context":"https:\/\/schema.org","@graph":[{"@type":"Article","@id":"https:\/\/maranhaotv.com.br\/index.php\/2020\/08\/17\/pre-candidato-wellington-do-curso-se-reune-com-moradores-do-centro-historico-de-sao-luis\/#article","isPartOf":{"@id":"https:\/\/maranhaotv.com.br\/index.php\/2020\/08\/17\/pre-candidato-wellington-do-curso-se-reune-com-moradores-do-centro-historico-de-sao-luis\/"},"author":{"name":"maranhaotv","@id":"https:\/\/maranhaotv.com.br\/#\/schema\/person\/3d54238e86b20bb5c89ab2fdb8f8829a"},"headline":"Pr\u00e9-candidato Wellington do Curso se re\u00fane com moradores do Centro Hist\u00f3rico de S\u00e3o Lu\u00eds","datePublished":"2020-08-17T16:22:17+00:00","mainEntityOfPage":{"@id":"https:\/\/maranhaotv.com.br\/index.php\/2020\/08\/17\/pre-candidato-wellington-do-curso-se-reune-com-moradores-do-centro-historico-de-sao-luis\/"},"wordCount":286,"commentCount":0,"publisher":{"@id":"https:\/\/maranhaotv.com.br\/#organization"},"image":{"@id":"https:\/\/maranhaotv.com.br\/index.php\/2020\/08\/17\/pre-candidato-wellington-do-curso-se-reune-com-moradores-do-centro-historico-de-sao-luis\/#primaryimage"},"thumbnailUrl":"","keywords":["Elei\u00e7\u00f5es 2020","Wellington do Curso"],"articleSection":["not\u00edcias"],"inLanguage":"pt-BR","potentialAction":[{"@type":"CommentAction","name":"Comment","target":["https:\/\/maranhaotv.com.br\/index.php\/2020\/08\/17\/pre-candidato-wellington-do-curso-se-reune-com-moradores-do-centro-historico-de-sao-luis\/#respond"]}]},{"@type":"WebPage","@id":"https:\/\/maranhaotv.com.br\/index.php\/2020\/08\/17\/pre-candidato-wellington-do-curso-se-reune-com-moradores-do-centro-historico-de-sao-luis\/","url":"https:\/\/maranhaotv.com.br\/index.php\/2020\/08\/17\/pre-candidato-wellington-do-curso-se-reune-com-moradores-do-centro-historico-de-sao-luis\/","name":"Pr\u00e9-candidato Wellington do Curso se re\u00fane com moradores do Centro Hist\u00f3rico de S\u00e3o Lu\u00eds - NOT\u00cdCIAS EM TEMPO REAL","isPartOf":{"@id":"https:\/\/maranhaotv.com.br\/#website"},"primaryImageOfPage":{"@id":"https:\/\/maranhaotv.com.br\/index.php\/2020\/08\/17\/pre-candidato-wellington-do-curso-se-reune-com-moradores-do-centro-historico-de-sao-luis\/#primaryimage"},"image":{"@id":"https:\/\/maranhaotv.com.br\/index.php\/2020\/08\/17\/pre-candidato-wellington-do-curso-se-reune-com-moradores-do-centro-historico-de-sao-luis\/#primaryimage"},"thumbnailUrl":"","datePublished":"2020-08-17T16:22:17+00:00","breadcrumb":{"@id":"https:\/\/maranhaotv.com.br\/index.php\/2020\/08\/17\/pre-candidato-wellington-do-curso-se-reune-com-moradores-do-centro-historico-de-sao-luis\/#breadcrumb"},"inLanguage":"pt-BR","potentialAction":[{"@type":"ReadAction","target":["https:\/\/maranhaotv.com.br\/index.php\/2020\/08\/17\/pre-candidato-wellington-do-curso-se-reune-com-moradores-do-centro-historico-de-sao-luis\/"]}]},{"@type":"ImageObject","inLanguage":"pt-BR","@id":"https:\/\/maranhaotv.com.br\/index.php\/2020\/08\/17\/pre-candidato-wellington-do-curso-se-reune-com-moradores-do-centro-historico-de-sao-luis\/#primaryimage","url":"","contentUrl":""},{"@type":"BreadcrumbList","@id":"https:\/\/maranhaotv.com.br\/index.php\/2020\/08\/17\/pre-candidato-wellington-do-curso-se-reune-com-moradores-do-centro-historico-de-sao-luis\/#breadcrumb","itemListElement":[{"@type":"ListItem","position":1,"name":"In\u00edcio","item":"https:\/\/maranhaotv.com.br\/"},{"@type":"ListItem","position":2,"name":"Pr\u00e9-candidato Wellington do Curso se re\u00fane com moradores do Centro Hist\u00f3rico de S\u00e3o Lu\u00eds"}]},{"@type":"WebSite","@id":"https:\/\/maranhaotv.com.br\/#website","url":"https:\/\/maranhaotv.com.br\/","name":"Maranh\u00e3oTV","description":"","publisher":{"@id":"https:\/\/maranhaotv.com.br\/#organization"},"potentialAction":[{"@type":"SearchAction","target":{"@type":"EntryPoint","urlTemplate":"https:\/\/maranhaotv.com.br\/?s={search_term_string}"},"query-input":{"@type":"PropertyValueSpecification","valueRequired":true,"valueName":"search_term_string"}}],"inLanguage":"pt-BR"},{"@type":"Organization","@id":"https:\/\/maranhaotv.com.br\/#organization","name":"Portal de Not\u00edcias","url":"https:\/\/maranhaotv.com.br\/","logo":{"@type":"ImageObject","inLanguage":"pt-BR","@id":"https:\/\/maranhaotv.com.br\/#\/schema\/logo\/image\/","url":"https:\/\/maranhaotv.com.br\/wp-content\/uploads\/2024\/05\/cropped-cropped-avatar-1.png","contentUrl":"https:\/\/maranhaotv.com.br\/wp-content\/uploads\/2024\/05\/cropped-cropped-avatar-1.png","width":792,"height":428,"caption":"Portal de Not\u00edcias"},"image":{"@id":"https:\/\/maranhaotv.com.br\/#\/schema\/logo\/image\/"},"sameAs":["https:\/\/www.facebook.com\/maiobaotv","https:\/\/x.com\/sitemaranhaotv","https:\/\/www.instagram.com\/maranhao.tv","https:\/\/www.threads.net\/@maranhao.tv"]},{"@type":"Person","@id":"https:\/\/maranhaotv.com.br\/#\/schema\/person\/3d54238e86b20bb5c89ab2fdb8f8829a","name":"maranhaotv","image":{"@type":"ImageObject","inLanguage":"pt-BR","@id":"https:\/\/secure.gravatar.com\/avatar\/8fadbca458d4cb68b1dd399ae9a40618d747bb1af65ac9fad21c89220a143eb4?s=96&d=mm&r=g","url":"https:\/\/secure.gravatar.com\/avatar\/8fadbca458d4cb68b1dd399ae9a40618d747bb1af65ac9fad21c89220a143eb4?s=96&d=mm&r=g","contentUrl":"https:\/\/secure.gravatar.com\/avatar\/8fadbca458d4cb68b1dd399ae9a40618d747bb1af65ac9fad21c89220a143eb4?s=96&d=mm&r=g","caption":"maranhaotv"},"sameAs":["https:\/\/maranhaotv.com.br\/"],"url":"https:\/\/maranhaotv.com.br\/index.php\/author\/maranhaotv\/"}]}},"jetpack_featured_media_url":"","jetpack_sharing_enabled":true,"_links":{"self":[{"href":"https:\/\/maranhaotv.com.br\/index.php\/wp-json\/wp\/v2\/posts\/13914","targetHints":{"allow":["GET"]}}],"collection":[{"href":"https:\/\/maranhaotv.com.br\/index.php\/wp-json\/wp\/v2\/posts"}],"about":[{"href":"https:\/\/maranhaotv.com.br\/index.php\/wp-json\/wp\/v2\/types\/post"}],"author":[{"embeddable":true,"href":"https:\/\/maranhaotv.com.br\/index.php\/wp-json\/wp\/v2\/users\/2"}],"replies":[{"embeddable":true,"href":"https:\/\/maranhaotv.com.br\/index.php\/wp-json\/wp\/v2\/comments?post=13914"}],"version-history":[{"count":0,"href":"https:\/\/maranhaotv.com.br\/index.php\/wp-json\/wp\/v2\/posts\/13914\/revisions"}],"wp:featuredmedia":[{"embeddable":true,"href":"https:\/\/maranhaotv.com.br\/index.php\/wp-json\/"}],"wp:attachment":[{"href":"https:\/\/maranhaotv.com.br\/index.php\/wp-json\/wp\/v2\/media?parent=13914"}],"wp:term":[{"taxonomy":"category","embeddable":true,"href":"https:\/\/maranhaotv.com.br\/index.php\/wp-json\/wp\/v2\/categories?post=13914"},{"taxonomy":"post_tag","embeddable":true,"href":"https:\/\/maranhaotv.com.br\/index.php\/wp-json\/wp\/v2\/tags?post=13914"}],"curies":[{"name":"wp","href":"https:\/\/api.w.org\/{rel}","templated":true}]}}