{"id":13928,"date":"2020-08-17T17:28:58","date_gmt":"2020-08-17T20:28:58","guid":{"rendered":"https:\/\/maiobaotv.com.br\/?p=13928"},"modified":"2020-08-17T17:28:58","modified_gmt":"2020-08-17T20:28:58","slug":"mostrando-forca-politica-magrado-barros-fecha-fim-de-semana-com-caravana-na-comunidade-ipiranga","status":"publish","type":"post","link":"https:\/\/maranhaotv.com.br\/index.php\/2020\/08\/17\/mostrando-forca-politica-magrado-barros-fecha-fim-de-semana-com-caravana-na-comunidade-ipiranga\/","title":{"rendered":"Mostrando for\u00e7a pol\u00edtica, Magrado Barros fecha fim de semana com Caravana na Comunidade Ipiranga"},"content":{"rendered":"<p>O prefeito de Viana, Magrado Barros (DEM), fechou o fim de semana com atividades importantes no munic\u00edpio. No s\u00e1bado, Magrado participou do encontro de Comunidades no Povoado Itans, em Matinha.<\/p>\n<p>Magrado se reuniu com autoridades e l\u00edderes comunit\u00e1rios da regi\u00e3o para exaltar o sucesso da psicultura no povoado, e incentivar ainda mais a produ\u00e7\u00e3o de peixes. Participaram do evento, al\u00e9m dele, a Prefeita de Matinha Linielda de Eldo.<\/p>\n<p>No domingo, a Caravana Esportiva do Prefeito Magrado Barros moveu muitas pessoas ao Povoado Ipiranga. Dessa vez, no futebol, os Amigos do Magrado Barros enfrentaram os Amigos do Ipiranga, com vit\u00f3ria do time da casa.<\/p>\n<p>Al\u00e9m do futebol, Magrado realizou v\u00e1rias visitas e conversou com a comunidade. A Caravana tem sido um sucesso por onde passa, j\u00e1 que a mesma j\u00e1 esteve em outras comunidades.<\/p>\n<p>Para Magrado esse \u00e9 um momento de descontra\u00e7\u00e3o, onde ele pode levar a alegria do futebol a todas as comunidades, al\u00e9m de poder estar mais perto das pessoas e ouvi-las.<\/p>\n<p><img loading=\"lazy\" decoding=\"async\" class=\"alignnone size-full wp-image-13927\" src=\"https:\/\/maiobaotv.com.br\/wp-content\/uploads\/2020\/08\/img-20200817-wa03306957708278457521116.jpg\" width=\"1280\" height=\"853\"><\/p>\n<p><img loading=\"lazy\" decoding=\"async\" class=\"wp-image-13929 alignnone size-full\" src=\"https:\/\/maiobaotv.com.br\/wp-content\/uploads\/2020\/08\/img-20200817-wa03334028552426260738809.jpg\" width=\"1280\" height=\"853\"><\/p>\n<p><img loading=\"lazy\" decoding=\"async\" class=\"wp-image-13931 alignnone size-full\" src=\"https:\/\/maiobaotv.com.br\/wp-content\/uploads\/2020\/08\/img-20200817-wa03314997695335238246656.jpg\" width=\"1280\" height=\"853\"><\/p>\n<p><img loading=\"lazy\" decoding=\"async\" class=\"wp-image-13933 alignnone size-full\" src=\"https:\/\/maiobaotv.com.br\/wp-content\/uploads\/2020\/08\/img-20200817-wa03261836284167563218542.jpg\" width=\"853\" height=\"1280\"><\/p>\n<p><img loading=\"lazy\" decoding=\"async\" class=\"wp-image-13934 alignnone size-full\" src=\"https:\/\/maiobaotv.com.br\/wp-content\/uploads\/2020\/08\/img-20200817-wa03462681954903017809464.jpg\" width=\"1280\" height=\"853\"><\/p>\n<p><img loading=\"lazy\" decoding=\"async\" class=\"wp-image-13937 alignnone size-full\" src=\"https:\/\/maiobaotv.com.br\/wp-content\/uploads\/2020\/08\/img-20200817-wa03433798435089022705534.jpg\" width=\"1280\" height=\"853\"><\/p>\n<p><img loading=\"lazy\" decoding=\"async\" class=\"alignnone size-full wp-image-13938\" src=\"https:\/\/maiobaotv.com.br\/wp-content\/uploads\/2020\/08\/img_20200816_212223_685614476149492312518.jpg\" width=\"1280\" height=\"960\"><\/p>\n<p><img loading=\"lazy\" decoding=\"async\" class=\"wp-image-13941 alignnone size-full\" src=\"https:\/\/maiobaotv.com.br\/wp-content\/uploads\/2020\/08\/img-20200817-wa03364104922326772266660.jpg\" width=\"853\" height=\"1280\"><\/p>\n<p><img loading=\"lazy\" decoding=\"async\" class=\"wp-image-13940 alignnone size-full\" src=\"https:\/\/maiobaotv.com.br\/wp-content\/uploads\/2020\/08\/img-20200817-wa03345268511717667027945.jpg\" width=\"1280\" height=\"853\"><\/p>\n<p><img loading=\"lazy\" decoding=\"async\" class=\"wp-image-13942 alignnone size-full\" src=\"https:\/\/maiobaotv.com.br\/wp-content\/uploads\/2020\/08\/img-20200817-wa03154883577769301519096.jpg\" width=\"1280\" height=\"853\"><\/p>\n<p><img loading=\"lazy\" decoding=\"async\" class=\"wp-image-13943 alignnone size-full\" src=\"https:\/\/maiobaotv.com.br\/wp-content\/uploads\/2020\/08\/img-20200817-wa03078300525821974919399.jpg\" width=\"1280\" height=\"853\"><\/p>\n<p><img loading=\"lazy\" decoding=\"async\" class=\"alignnone size-full wp-image-13939\" src=\"https:\/\/maiobaotv.com.br\/wp-content\/uploads\/2020\/08\/img_20200816_091332_8825526447827232095515.jpg\" width=\"1280\" height=\"853\"><\/p>\n<p>Encontro de Comunidades, em itans<\/p>\n<p>Fotos: Jos\u00e9 Ferreira\/ Ilano Lima<\/p>\n","protected":false},"excerpt":{"rendered":"<p>O prefeito de Viana, Magrado Barros (DEM), fechou o fim de semana com atividades importantes no munic\u00edpio. No s\u00e1bado, Magrado<\/p>\n","protected":false},"author":2,"featured_media":13944,"comment_status":"open","ping_status":"open","sticky":false,"template":"","format":"standard","meta":{"colormag_page_container_layout":"default_layout","colormag_page_sidebar_layout":"default_layout","_jetpack_memberships_contains_paid_content":false,"footnotes":""},"categories":[2],"tags":[17,5],"class_list":["post-13928","post","type-post","status-publish","format-standard","has-post-thumbnail","hentry","category-noticias","tag-magrado-barros","tag-viana"],"magazineBlocksPostFeaturedMedia":{"thumbnail":false,"medium":false,"medium_large":false,"large":false,"1536x1536":false,"2048x2048":false,"colormag-highlighted-post":false,"colormag-featured-post-medium":false,"colormag-featured-post-small":false,"colormag-featured-image":false,"colormag-default-news":false,"colormag-featured-image-large":false},"magazineBlocksPostAuthor":{"name":"maranhaotv","avatar":"https:\/\/secure.gravatar.com\/avatar\/8fadbca458d4cb68b1dd399ae9a40618d747bb1af65ac9fad21c89220a143eb4?s=96&d=mm&r=g"},"magazineBlocksPostCommentsNumber":"0","magazineBlocksPostExcerpt":"O prefeito de Viana, Magrado Barros (DEM), fechou o fim de semana com atividades importantes no munic\u00edpio. No s\u00e1bado, Magrado","magazineBlocksPostCategories":["not\u00edcias"],"magazineBlocksPostViewCount":221,"magazineBlocksPostReadTime":1,"magazine_blocks_featured_image_url":{"full":false,"medium":false,"thumbnail":false},"magazine_blocks_author":{"display_name":"maranhaotv","author_link":"https:\/\/maranhaotv.com.br\/index.php\/author\/maranhaotv\/"},"magazine_blocks_comment":0,"magazine_blocks_author_image":"https:\/\/secure.gravatar.com\/avatar\/8fadbca458d4cb68b1dd399ae9a40618d747bb1af65ac9fad21c89220a143eb4?s=96&d=mm&r=g","magazine_blocks_category":"<a href=\"#\" class=\"category-link category-link-2\">not\u00edcias<\/a>","yoast_head":"<!-- This site is optimized with the Yoast SEO plugin v27.4 - https:\/\/yoast.com\/product\/yoast-seo-wordpress\/ -->\n<title>Mostrando for\u00e7a pol\u00edtica, Magrado Barros fecha fim de semana com Caravana na Comunidade Ipiranga - NOT\u00cdCIAS EM TEMPO REAL<\/title>\n<meta name=\"robots\" content=\"index, follow, max-snippet:-1, max-image-preview:large, max-video-preview:-1\" \/>\n<link rel=\"canonical\" href=\"https:\/\/maranhaotv.com.br\/index.php\/2020\/08\/17\/mostrando-forca-politica-magrado-barros-fecha-fim-de-semana-com-caravana-na-comunidade-ipiranga\/\" \/>\n<meta property=\"og:locale\" content=\"pt_BR\" \/>\n<meta property=\"og:type\" content=\"article\" \/>\n<meta property=\"og:title\" content=\"Mostrando for\u00e7a pol\u00edtica, Magrado Barros fecha fim de semana com Caravana na Comunidade Ipiranga - NOT\u00cdCIAS EM TEMPO REAL\" \/>\n<meta property=\"og:description\" content=\"O prefeito de Viana, Magrado Barros (DEM), fechou o fim de semana com atividades importantes no munic\u00edpio. No s\u00e1bado, Magrado\" \/>\n<meta property=\"og:url\" content=\"https:\/\/maranhaotv.com.br\/index.php\/2020\/08\/17\/mostrando-forca-politica-magrado-barros-fecha-fim-de-semana-com-caravana-na-comunidade-ipiranga\/\" \/>\n<meta property=\"og:site_name\" content=\"NOT\u00cdCIAS EM TEMPO REAL\" \/>\n<meta property=\"article:publisher\" content=\"https:\/\/www.facebook.com\/maiobaotv\" \/>\n<meta property=\"article:published_time\" content=\"2020-08-17T20:28:58+00:00\" \/>\n<meta name=\"author\" content=\"maranhaotv\" \/>\n<meta name=\"twitter:card\" content=\"summary_large_image\" \/>\n<meta name=\"twitter:creator\" content=\"@sitemaranhaotv\" \/>\n<meta name=\"twitter:site\" content=\"@sitemaranhaotv\" \/>\n<meta name=\"twitter:label1\" content=\"Escrito por\" \/>\n\t<meta name=\"twitter:data1\" content=\"maranhaotv\" \/>\n\t<meta name=\"twitter:label2\" content=\"Est. tempo de leitura\" \/>\n\t<meta name=\"twitter:data2\" content=\"1 minuto\" \/>\n<script type=\"application\/ld+json\" class=\"yoast-schema-graph\">{\"@context\":\"https:\\\/\\\/schema.org\",\"@graph\":[{\"@type\":\"Article\",\"@id\":\"https:\\\/\\\/maranhaotv.com.br\\\/index.php\\\/2020\\\/08\\\/17\\\/mostrando-forca-politica-magrado-barros-fecha-fim-de-semana-com-caravana-na-comunidade-ipiranga\\\/#article\",\"isPartOf\":{\"@id\":\"https:\\\/\\\/maranhaotv.com.br\\\/index.php\\\/2020\\\/08\\\/17\\\/mostrando-forca-politica-magrado-barros-fecha-fim-de-semana-com-caravana-na-comunidade-ipiranga\\\/\"},\"author\":{\"name\":\"maranhaotv\",\"@id\":\"https:\\\/\\\/maranhaotv.com.br\\\/#\\\/schema\\\/person\\\/3d54238e86b20bb5c89ab2fdb8f8829a\"},\"headline\":\"Mostrando for\u00e7a pol\u00edtica, Magrado Barros fecha fim de semana com Caravana na Comunidade Ipiranga\",\"datePublished\":\"2020-08-17T20:28:58+00:00\",\"mainEntityOfPage\":{\"@id\":\"https:\\\/\\\/maranhaotv.com.br\\\/index.php\\\/2020\\\/08\\\/17\\\/mostrando-forca-politica-magrado-barros-fecha-fim-de-semana-com-caravana-na-comunidade-ipiranga\\\/\"},\"wordCount\":200,\"commentCount\":0,\"publisher\":{\"@id\":\"https:\\\/\\\/maranhaotv.com.br\\\/#organization\"},\"image\":{\"@id\":\"https:\\\/\\\/maranhaotv.com.br\\\/index.php\\\/2020\\\/08\\\/17\\\/mostrando-forca-politica-magrado-barros-fecha-fim-de-semana-com-caravana-na-comunidade-ipiranga\\\/#primaryimage\"},\"thumbnailUrl\":\"\",\"keywords\":[\"Magrado Barros\",\"Viana\"],\"articleSection\":[\"not\u00edcias\"],\"inLanguage\":\"pt-BR\",\"potentialAction\":[{\"@type\":\"CommentAction\",\"name\":\"Comment\",\"target\":[\"https:\\\/\\\/maranhaotv.com.br\\\/index.php\\\/2020\\\/08\\\/17\\\/mostrando-forca-politica-magrado-barros-fecha-fim-de-semana-com-caravana-na-comunidade-ipiranga\\\/#respond\"]}]},{\"@type\":\"WebPage\",\"@id\":\"https:\\\/\\\/maranhaotv.com.br\\\/index.php\\\/2020\\\/08\\\/17\\\/mostrando-forca-politica-magrado-barros-fecha-fim-de-semana-com-caravana-na-comunidade-ipiranga\\\/\",\"url\":\"https:\\\/\\\/maranhaotv.com.br\\\/index.php\\\/2020\\\/08\\\/17\\\/mostrando-forca-politica-magrado-barros-fecha-fim-de-semana-com-caravana-na-comunidade-ipiranga\\\/\",\"name\":\"Mostrando for\u00e7a pol\u00edtica, Magrado Barros fecha fim de semana com Caravana na Comunidade Ipiranga - NOT\u00cdCIAS EM TEMPO REAL\",\"isPartOf\":{\"@id\":\"https:\\\/\\\/maranhaotv.com.br\\\/#website\"},\"primaryImageOfPage\":{\"@id\":\"https:\\\/\\\/maranhaotv.com.br\\\/index.php\\\/2020\\\/08\\\/17\\\/mostrando-forca-politica-magrado-barros-fecha-fim-de-semana-com-caravana-na-comunidade-ipiranga\\\/#primaryimage\"},\"image\":{\"@id\":\"https:\\\/\\\/maranhaotv.com.br\\\/index.php\\\/2020\\\/08\\\/17\\\/mostrando-forca-politica-magrado-barros-fecha-fim-de-semana-com-caravana-na-comunidade-ipiranga\\\/#primaryimage\"},\"thumbnailUrl\":\"\",\"datePublished\":\"2020-08-17T20:28:58+00:00\",\"breadcrumb\":{\"@id\":\"https:\\\/\\\/maranhaotv.com.br\\\/index.php\\\/2020\\\/08\\\/17\\\/mostrando-forca-politica-magrado-barros-fecha-fim-de-semana-com-caravana-na-comunidade-ipiranga\\\/#breadcrumb\"},\"inLanguage\":\"pt-BR\",\"potentialAction\":[{\"@type\":\"ReadAction\",\"target\":[\"https:\\\/\\\/maranhaotv.com.br\\\/index.php\\\/2020\\\/08\\\/17\\\/mostrando-forca-politica-magrado-barros-fecha-fim-de-semana-com-caravana-na-comunidade-ipiranga\\\/\"]}]},{\"@type\":\"ImageObject\",\"inLanguage\":\"pt-BR\",\"@id\":\"https:\\\/\\\/maranhaotv.com.br\\\/index.php\\\/2020\\\/08\\\/17\\\/mostrando-forca-politica-magrado-barros-fecha-fim-de-semana-com-caravana-na-comunidade-ipiranga\\\/#primaryimage\",\"url\":\"\",\"contentUrl\":\"\"},{\"@type\":\"BreadcrumbList\",\"@id\":\"https:\\\/\\\/maranhaotv.com.br\\\/index.php\\\/2020\\\/08\\\/17\\\/mostrando-forca-politica-magrado-barros-fecha-fim-de-semana-com-caravana-na-comunidade-ipiranga\\\/#breadcrumb\",\"itemListElement\":[{\"@type\":\"ListItem\",\"position\":1,\"name\":\"In\u00edcio\",\"item\":\"https:\\\/\\\/maranhaotv.com.br\\\/\"},{\"@type\":\"ListItem\",\"position\":2,\"name\":\"Mostrando for\u00e7a pol\u00edtica, Magrado Barros fecha fim de semana com Caravana na Comunidade Ipiranga\"}]},{\"@type\":\"WebSite\",\"@id\":\"https:\\\/\\\/maranhaotv.com.br\\\/#website\",\"url\":\"https:\\\/\\\/maranhaotv.com.br\\\/\",\"name\":\"Maranh\u00e3oTV\",\"description\":\"\",\"publisher\":{\"@id\":\"https:\\\/\\\/maranhaotv.com.br\\\/#organization\"},\"potentialAction\":[{\"@type\":\"SearchAction\",\"target\":{\"@type\":\"EntryPoint\",\"urlTemplate\":\"https:\\\/\\\/maranhaotv.com.br\\\/?s={search_term_string}\"},\"query-input\":{\"@type\":\"PropertyValueSpecification\",\"valueRequired\":true,\"valueName\":\"search_term_string\"}}],\"inLanguage\":\"pt-BR\"},{\"@type\":\"Organization\",\"@id\":\"https:\\\/\\\/maranhaotv.com.br\\\/#organization\",\"name\":\"Portal de Not\u00edcias\",\"url\":\"https:\\\/\\\/maranhaotv.com.br\\\/\",\"logo\":{\"@type\":\"ImageObject\",\"inLanguage\":\"pt-BR\",\"@id\":\"https:\\\/\\\/maranhaotv.com.br\\\/#\\\/schema\\\/logo\\\/image\\\/\",\"url\":\"https:\\\/\\\/maranhaotv.com.br\\\/wp-content\\\/uploads\\\/2024\\\/05\\\/cropped-cropped-avatar-1.png\",\"contentUrl\":\"https:\\\/\\\/maranhaotv.com.br\\\/wp-content\\\/uploads\\\/2024\\\/05\\\/cropped-cropped-avatar-1.png\",\"width\":792,\"height\":428,\"caption\":\"Portal de Not\u00edcias\"},\"image\":{\"@id\":\"https:\\\/\\\/maranhaotv.com.br\\\/#\\\/schema\\\/logo\\\/image\\\/\"},\"sameAs\":[\"https:\\\/\\\/www.facebook.com\\\/maiobaotv\",\"https:\\\/\\\/x.com\\\/sitemaranhaotv\",\"https:\\\/\\\/www.instagram.com\\\/maranhao.tv\",\"https:\\\/\\\/www.threads.net\\\/@maranhao.tv\"]},{\"@type\":\"Person\",\"@id\":\"https:\\\/\\\/maranhaotv.com.br\\\/#\\\/schema\\\/person\\\/3d54238e86b20bb5c89ab2fdb8f8829a\",\"name\":\"maranhaotv\",\"image\":{\"@type\":\"ImageObject\",\"inLanguage\":\"pt-BR\",\"@id\":\"https:\\\/\\\/secure.gravatar.com\\\/avatar\\\/8fadbca458d4cb68b1dd399ae9a40618d747bb1af65ac9fad21c89220a143eb4?s=96&d=mm&r=g\",\"url\":\"https:\\\/\\\/secure.gravatar.com\\\/avatar\\\/8fadbca458d4cb68b1dd399ae9a40618d747bb1af65ac9fad21c89220a143eb4?s=96&d=mm&r=g\",\"contentUrl\":\"https:\\\/\\\/secure.gravatar.com\\\/avatar\\\/8fadbca458d4cb68b1dd399ae9a40618d747bb1af65ac9fad21c89220a143eb4?s=96&d=mm&r=g\",\"caption\":\"maranhaotv\"},\"sameAs\":[\"https:\\\/\\\/maranhaotv.com.br\\\/\"],\"url\":\"https:\\\/\\\/maranhaotv.com.br\\\/index.php\\\/author\\\/maranhaotv\\\/\"}]}<\/script>\n<!-- \/ Yoast SEO plugin. -->","yoast_head_json":{"title":"Mostrando for\u00e7a pol\u00edtica, Magrado Barros fecha fim de semana com Caravana na Comunidade Ipiranga - NOT\u00cdCIAS EM TEMPO REAL","robots":{"index":"index","follow":"follow","max-snippet":"max-snippet:-1","max-image-preview":"max-image-preview:large","max-video-preview":"max-video-preview:-1"},"canonical":"https:\/\/maranhaotv.com.br\/index.php\/2020\/08\/17\/mostrando-forca-politica-magrado-barros-fecha-fim-de-semana-com-caravana-na-comunidade-ipiranga\/","og_locale":"pt_BR","og_type":"article","og_title":"Mostrando for\u00e7a pol\u00edtica, Magrado Barros fecha fim de semana com Caravana na Comunidade Ipiranga - NOT\u00cdCIAS EM TEMPO REAL","og_description":"O prefeito de Viana, Magrado Barros (DEM), fechou o fim de semana com atividades importantes no munic\u00edpio. No s\u00e1bado, Magrado","og_url":"https:\/\/maranhaotv.com.br\/index.php\/2020\/08\/17\/mostrando-forca-politica-magrado-barros-fecha-fim-de-semana-com-caravana-na-comunidade-ipiranga\/","og_site_name":"NOT\u00cdCIAS EM TEMPO REAL","article_publisher":"https:\/\/www.facebook.com\/maiobaotv","article_published_time":"2020-08-17T20:28:58+00:00","author":"maranhaotv","twitter_card":"summary_large_image","twitter_creator":"@sitemaranhaotv","twitter_site":"@sitemaranhaotv","twitter_misc":{"Escrito por":"maranhaotv","Est. tempo de leitura":"1 minuto"},"schema":{"@context":"https:\/\/schema.org","@graph":[{"@type":"Article","@id":"https:\/\/maranhaotv.com.br\/index.php\/2020\/08\/17\/mostrando-forca-politica-magrado-barros-fecha-fim-de-semana-com-caravana-na-comunidade-ipiranga\/#article","isPartOf":{"@id":"https:\/\/maranhaotv.com.br\/index.php\/2020\/08\/17\/mostrando-forca-politica-magrado-barros-fecha-fim-de-semana-com-caravana-na-comunidade-ipiranga\/"},"author":{"name":"maranhaotv","@id":"https:\/\/maranhaotv.com.br\/#\/schema\/person\/3d54238e86b20bb5c89ab2fdb8f8829a"},"headline":"Mostrando for\u00e7a pol\u00edtica, Magrado Barros fecha fim de semana com Caravana na Comunidade Ipiranga","datePublished":"2020-08-17T20:28:58+00:00","mainEntityOfPage":{"@id":"https:\/\/maranhaotv.com.br\/index.php\/2020\/08\/17\/mostrando-forca-politica-magrado-barros-fecha-fim-de-semana-com-caravana-na-comunidade-ipiranga\/"},"wordCount":200,"commentCount":0,"publisher":{"@id":"https:\/\/maranhaotv.com.br\/#organization"},"image":{"@id":"https:\/\/maranhaotv.com.br\/index.php\/2020\/08\/17\/mostrando-forca-politica-magrado-barros-fecha-fim-de-semana-com-caravana-na-comunidade-ipiranga\/#primaryimage"},"thumbnailUrl":"","keywords":["Magrado Barros","Viana"],"articleSection":["not\u00edcias"],"inLanguage":"pt-BR","potentialAction":[{"@type":"CommentAction","name":"Comment","target":["https:\/\/maranhaotv.com.br\/index.php\/2020\/08\/17\/mostrando-forca-politica-magrado-barros-fecha-fim-de-semana-com-caravana-na-comunidade-ipiranga\/#respond"]}]},{"@type":"WebPage","@id":"https:\/\/maranhaotv.com.br\/index.php\/2020\/08\/17\/mostrando-forca-politica-magrado-barros-fecha-fim-de-semana-com-caravana-na-comunidade-ipiranga\/","url":"https:\/\/maranhaotv.com.br\/index.php\/2020\/08\/17\/mostrando-forca-politica-magrado-barros-fecha-fim-de-semana-com-caravana-na-comunidade-ipiranga\/","name":"Mostrando for\u00e7a pol\u00edtica, Magrado Barros fecha fim de semana com Caravana na Comunidade Ipiranga - NOT\u00cdCIAS EM TEMPO REAL","isPartOf":{"@id":"https:\/\/maranhaotv.com.br\/#website"},"primaryImageOfPage":{"@id":"https:\/\/maranhaotv.com.br\/index.php\/2020\/08\/17\/mostrando-forca-politica-magrado-barros-fecha-fim-de-semana-com-caravana-na-comunidade-ipiranga\/#primaryimage"},"image":{"@id":"https:\/\/maranhaotv.com.br\/index.php\/2020\/08\/17\/mostrando-forca-politica-magrado-barros-fecha-fim-de-semana-com-caravana-na-comunidade-ipiranga\/#primaryimage"},"thumbnailUrl":"","datePublished":"2020-08-17T20:28:58+00:00","breadcrumb":{"@id":"https:\/\/maranhaotv.com.br\/index.php\/2020\/08\/17\/mostrando-forca-politica-magrado-barros-fecha-fim-de-semana-com-caravana-na-comunidade-ipiranga\/#breadcrumb"},"inLanguage":"pt-BR","potentialAction":[{"@type":"ReadAction","target":["https:\/\/maranhaotv.com.br\/index.php\/2020\/08\/17\/mostrando-forca-politica-magrado-barros-fecha-fim-de-semana-com-caravana-na-comunidade-ipiranga\/"]}]},{"@type":"ImageObject","inLanguage":"pt-BR","@id":"https:\/\/maranhaotv.com.br\/index.php\/2020\/08\/17\/mostrando-forca-politica-magrado-barros-fecha-fim-de-semana-com-caravana-na-comunidade-ipiranga\/#primaryimage","url":"","contentUrl":""},{"@type":"BreadcrumbList","@id":"https:\/\/maranhaotv.com.br\/index.php\/2020\/08\/17\/mostrando-forca-politica-magrado-barros-fecha-fim-de-semana-com-caravana-na-comunidade-ipiranga\/#breadcrumb","itemListElement":[{"@type":"ListItem","position":1,"name":"In\u00edcio","item":"https:\/\/maranhaotv.com.br\/"},{"@type":"ListItem","position":2,"name":"Mostrando for\u00e7a pol\u00edtica, Magrado Barros fecha fim de semana com Caravana na Comunidade Ipiranga"}]},{"@type":"WebSite","@id":"https:\/\/maranhaotv.com.br\/#website","url":"https:\/\/maranhaotv.com.br\/","name":"Maranh\u00e3oTV","description":"","publisher":{"@id":"https:\/\/maranhaotv.com.br\/#organization"},"potentialAction":[{"@type":"SearchAction","target":{"@type":"EntryPoint","urlTemplate":"https:\/\/maranhaotv.com.br\/?s={search_term_string}"},"query-input":{"@type":"PropertyValueSpecification","valueRequired":true,"valueName":"search_term_string"}}],"inLanguage":"pt-BR"},{"@type":"Organization","@id":"https:\/\/maranhaotv.com.br\/#organization","name":"Portal de Not\u00edcias","url":"https:\/\/maranhaotv.com.br\/","logo":{"@type":"ImageObject","inLanguage":"pt-BR","@id":"https:\/\/maranhaotv.com.br\/#\/schema\/logo\/image\/","url":"https:\/\/maranhaotv.com.br\/wp-content\/uploads\/2024\/05\/cropped-cropped-avatar-1.png","contentUrl":"https:\/\/maranhaotv.com.br\/wp-content\/uploads\/2024\/05\/cropped-cropped-avatar-1.png","width":792,"height":428,"caption":"Portal de Not\u00edcias"},"image":{"@id":"https:\/\/maranhaotv.com.br\/#\/schema\/logo\/image\/"},"sameAs":["https:\/\/www.facebook.com\/maiobaotv","https:\/\/x.com\/sitemaranhaotv","https:\/\/www.instagram.com\/maranhao.tv","https:\/\/www.threads.net\/@maranhao.tv"]},{"@type":"Person","@id":"https:\/\/maranhaotv.com.br\/#\/schema\/person\/3d54238e86b20bb5c89ab2fdb8f8829a","name":"maranhaotv","image":{"@type":"ImageObject","inLanguage":"pt-BR","@id":"https:\/\/secure.gravatar.com\/avatar\/8fadbca458d4cb68b1dd399ae9a40618d747bb1af65ac9fad21c89220a143eb4?s=96&d=mm&r=g","url":"https:\/\/secure.gravatar.com\/avatar\/8fadbca458d4cb68b1dd399ae9a40618d747bb1af65ac9fad21c89220a143eb4?s=96&d=mm&r=g","contentUrl":"https:\/\/secure.gravatar.com\/avatar\/8fadbca458d4cb68b1dd399ae9a40618d747bb1af65ac9fad21c89220a143eb4?s=96&d=mm&r=g","caption":"maranhaotv"},"sameAs":["https:\/\/maranhaotv.com.br\/"],"url":"https:\/\/maranhaotv.com.br\/index.php\/author\/maranhaotv\/"}]}},"jetpack_featured_media_url":"","jetpack_sharing_enabled":true,"_links":{"self":[{"href":"https:\/\/maranhaotv.com.br\/index.php\/wp-json\/wp\/v2\/posts\/13928","targetHints":{"allow":["GET"]}}],"collection":[{"href":"https:\/\/maranhaotv.com.br\/index.php\/wp-json\/wp\/v2\/posts"}],"about":[{"href":"https:\/\/maranhaotv.com.br\/index.php\/wp-json\/wp\/v2\/types\/post"}],"author":[{"embeddable":true,"href":"https:\/\/maranhaotv.com.br\/index.php\/wp-json\/wp\/v2\/users\/2"}],"replies":[{"embeddable":true,"href":"https:\/\/maranhaotv.com.br\/index.php\/wp-json\/wp\/v2\/comments?post=13928"}],"version-history":[{"count":0,"href":"https:\/\/maranhaotv.com.br\/index.php\/wp-json\/wp\/v2\/posts\/13928\/revisions"}],"wp:featuredmedia":[{"embeddable":true,"href":"https:\/\/maranhaotv.com.br\/index.php\/wp-json\/"}],"wp:attachment":[{"href":"https:\/\/maranhaotv.com.br\/index.php\/wp-json\/wp\/v2\/media?parent=13928"}],"wp:term":[{"taxonomy":"category","embeddable":true,"href":"https:\/\/maranhaotv.com.br\/index.php\/wp-json\/wp\/v2\/categories?post=13928"},{"taxonomy":"post_tag","embeddable":true,"href":"https:\/\/maranhaotv.com.br\/index.php\/wp-json\/wp\/v2\/tags?post=13928"}],"curies":[{"name":"wp","href":"https:\/\/api.w.org\/{rel}","templated":true}]}}