{"id":13949,"date":"2020-08-17T21:59:46","date_gmt":"2020-08-18T00:59:46","guid":{"rendered":"https:\/\/maiobaotv.com.br\/?p=13949"},"modified":"2020-08-17T21:59:46","modified_gmt":"2020-08-18T00:59:46","slug":"operacao-harpocrates-apreende-sete-veiculos-na-praia-do-meio","status":"publish","type":"post","link":"https:\/\/maranhaotv.com.br\/index.php\/2020\/08\/17\/operacao-harpocrates-apreende-sete-veiculos-na-praia-do-meio\/","title":{"rendered":"Opera\u00e7\u00e3o Harp\u00f3crates apreende sete ve\u00edculos na Praia do Meio"},"content":{"rendered":"<p>Coordenada pelo Minist\u00e9rio P\u00fablico do Maranh\u00e3o, a Opera\u00e7\u00e3o Harp\u00f3crates (Deus do sil\u00eancio na mitologia grega), realizada nas praias do Olho D\u2019\u00c1gua, Meio e Ara\u00e7agi, nos limites de S\u00e3o Lu\u00eds e S\u00e3o Jos\u00e9 de Ribamar, na tarde e noite deste domingo, 16, apreendeu sete ve\u00edculos por estarem provocando polui\u00e7\u00e3o sonora no litoral das referidas cidades.<\/p>\n<p>Os propriet\u00e1rios foram presos em flagrante e liberados ap\u00f3s o pagamento de fian\u00e7a de R$ 5 mil. Todos v\u00e3o responder processo pelos crimes cometidos. Devido \u00e0 polui\u00e7\u00e3o sonora, que \u00e9 crime ambiental, os donos foram ainda multados. Os ve\u00edculos foram liberados posteriormente, mas os equipamentos de som permanecem custodiados no Minist\u00e9rio P\u00fablico. Na ocasi\u00e3o, um cidad\u00e3o foi preso por desacato a agente p\u00fablico.<\/p>\n<p>A mobiliza\u00e7\u00e3o teve in\u00edcio \u00e0s 16h e foi encerrada \u00e0s 3h da madrugada da segunda-feira, 17. Al\u00e9m de membros do Minist\u00e9rio P\u00fablico, a Harp\u00f3crates contou com mais de 80 agentes p\u00fablicos das pol\u00edcias Civil e Militar, Corpo de Bombeiros, Secretarias Municipais de Tr\u00e2nsito e Transporte (de S\u00e3o Lu\u00eds e de S\u00e3o Jos\u00e9 de Ribamar) e Instituto de Criminal\u00edstica do Maranh\u00e3o (Icrim).<\/p>\n<p>Pelo MPMA, participaram da opera\u00e7\u00e3o os promotores de justi\u00e7a Cl\u00e1udio Guimar\u00e3es (Controle externo da Atividade Policial) e Fernando Barreto (Meio Ambiente, Urbanismo e Patrim\u00f4nio Cultural).<\/p>\n<p>A Opera\u00e7\u00e3o Harp\u00f3crates tamb\u00e9m teve a finalidade de combater o tr\u00e1fico de drogas e a venda de bebidas alco\u00f3licas a menores de 18 anos nas praias. \u201cO nosso objetivo foi coibir polui\u00e7\u00e3o sonora automotiva, o tr\u00e1fego irregular de ve\u00edculos no litoral da ilha e outras atividades ilegais relacionadas a estes crimes\u201d, completou Cl\u00e1udio Guimar\u00e3es.<\/p>\n<p>A opera\u00e7\u00e3o vai continuar por tempo indeterminado, onde houver a incid\u00eancia de crimes e irregularidades na orla dos munic\u00edpios que formam a ilha de S\u00e3o Lu\u00eds.<\/p>\n<p><img loading=\"lazy\" decoding=\"async\" src=\"https:\/\/maiobaotv.com.br\/wp-content\/uploads\/2020\/08\/img-20200817-wa0444270655102319317413.jpg\" class=\"wp-image-13948 alignnone size-full\" width=\"1152\" height=\"864\"><\/p>\n<p><img loading=\"lazy\" decoding=\"async\" src=\"https:\/\/maiobaotv.com.br\/wp-content\/uploads\/2020\/08\/img-20200817-wa04432752629343282745898.jpg\" class=\"wp-image-13947 alignnone size-full\" width=\"720\" height=\"516\"><\/p>\n<p>Fonte: MPMA<\/p>\n","protected":false},"excerpt":{"rendered":"<p>Coordenada pelo Minist\u00e9rio P\u00fablico do Maranh\u00e3o, a Opera\u00e7\u00e3o Harp\u00f3crates (Deus do sil\u00eancio na mitologia grega), realizada nas praias do Olho<\/p>\n","protected":false},"author":2,"featured_media":13950,"comment_status":"open","ping_status":"open","sticky":false,"template":"","format":"standard","meta":{"colormag_page_container_layout":"default_layout","colormag_page_sidebar_layout":"default_layout","_jetpack_memberships_contains_paid_content":false,"footnotes":""},"categories":[2],"tags":[],"class_list":["post-13949","post","type-post","status-publish","format-standard","has-post-thumbnail","hentry","category-noticias"],"magazineBlocksPostFeaturedMedia":{"thumbnail":false,"medium":false,"medium_large":false,"large":false,"1536x1536":false,"2048x2048":false,"colormag-highlighted-post":false,"colormag-featured-post-medium":false,"colormag-featured-post-small":false,"colormag-featured-image":false,"colormag-default-news":false,"colormag-featured-image-large":false},"magazineBlocksPostAuthor":{"name":"maranhaotv","avatar":"https:\/\/secure.gravatar.com\/avatar\/8fadbca458d4cb68b1dd399ae9a40618d747bb1af65ac9fad21c89220a143eb4?s=96&d=mm&r=g"},"magazineBlocksPostCommentsNumber":"0","magazineBlocksPostExcerpt":"Coordenada pelo Minist\u00e9rio P\u00fablico do Maranh\u00e3o, a Opera\u00e7\u00e3o Harp\u00f3crates (Deus do sil\u00eancio na mitologia grega), realizada nas praias do Olho","magazineBlocksPostCategories":["not\u00edcias"],"magazineBlocksPostViewCount":281,"magazineBlocksPostReadTime":2,"magazine_blocks_featured_image_url":{"full":false,"medium":false,"thumbnail":false},"magazine_blocks_author":{"display_name":"maranhaotv","author_link":"https:\/\/maranhaotv.com.br\/index.php\/author\/maranhaotv\/"},"magazine_blocks_comment":0,"magazine_blocks_author_image":"https:\/\/secure.gravatar.com\/avatar\/8fadbca458d4cb68b1dd399ae9a40618d747bb1af65ac9fad21c89220a143eb4?s=96&d=mm&r=g","magazine_blocks_category":"<a href=\"#\" class=\"category-link category-link-2\">not\u00edcias<\/a>","yoast_head":"<!-- This site is optimized with the Yoast SEO plugin v27.4 - https:\/\/yoast.com\/product\/yoast-seo-wordpress\/ -->\n<title>Opera\u00e7\u00e3o Harp\u00f3crates apreende sete ve\u00edculos na Praia do Meio - NOT\u00cdCIAS EM TEMPO REAL<\/title>\n<meta name=\"robots\" content=\"index, follow, max-snippet:-1, max-image-preview:large, max-video-preview:-1\" \/>\n<link rel=\"canonical\" href=\"https:\/\/maranhaotv.com.br\/index.php\/2020\/08\/17\/operacao-harpocrates-apreende-sete-veiculos-na-praia-do-meio\/\" \/>\n<meta property=\"og:locale\" content=\"pt_BR\" \/>\n<meta property=\"og:type\" content=\"article\" \/>\n<meta property=\"og:title\" content=\"Opera\u00e7\u00e3o Harp\u00f3crates apreende sete ve\u00edculos na Praia do Meio - NOT\u00cdCIAS EM TEMPO REAL\" \/>\n<meta property=\"og:description\" content=\"Coordenada pelo Minist\u00e9rio P\u00fablico do Maranh\u00e3o, a Opera\u00e7\u00e3o Harp\u00f3crates (Deus do sil\u00eancio na mitologia grega), realizada nas praias do Olho\" \/>\n<meta property=\"og:url\" content=\"https:\/\/maranhaotv.com.br\/index.php\/2020\/08\/17\/operacao-harpocrates-apreende-sete-veiculos-na-praia-do-meio\/\" \/>\n<meta property=\"og:site_name\" content=\"NOT\u00cdCIAS EM TEMPO REAL\" \/>\n<meta property=\"article:publisher\" content=\"https:\/\/www.facebook.com\/maiobaotv\" \/>\n<meta property=\"article:published_time\" content=\"2020-08-18T00:59:46+00:00\" \/>\n<meta name=\"author\" content=\"maranhaotv\" \/>\n<meta name=\"twitter:card\" content=\"summary_large_image\" \/>\n<meta name=\"twitter:creator\" content=\"@sitemaranhaotv\" \/>\n<meta name=\"twitter:site\" content=\"@sitemaranhaotv\" \/>\n<meta name=\"twitter:label1\" content=\"Escrito por\" \/>\n\t<meta name=\"twitter:data1\" content=\"maranhaotv\" \/>\n\t<meta name=\"twitter:label2\" content=\"Est. tempo de leitura\" \/>\n\t<meta name=\"twitter:data2\" content=\"2 minutos\" \/>\n<script type=\"application\/ld+json\" class=\"yoast-schema-graph\">{\"@context\":\"https:\\\/\\\/schema.org\",\"@graph\":[{\"@type\":\"Article\",\"@id\":\"https:\\\/\\\/maranhaotv.com.br\\\/index.php\\\/2020\\\/08\\\/17\\\/operacao-harpocrates-apreende-sete-veiculos-na-praia-do-meio\\\/#article\",\"isPartOf\":{\"@id\":\"https:\\\/\\\/maranhaotv.com.br\\\/index.php\\\/2020\\\/08\\\/17\\\/operacao-harpocrates-apreende-sete-veiculos-na-praia-do-meio\\\/\"},\"author\":{\"name\":\"maranhaotv\",\"@id\":\"https:\\\/\\\/maranhaotv.com.br\\\/#\\\/schema\\\/person\\\/3d54238e86b20bb5c89ab2fdb8f8829a\"},\"headline\":\"Opera\u00e7\u00e3o Harp\u00f3crates apreende sete ve\u00edculos na Praia do Meio\",\"datePublished\":\"2020-08-18T00:59:46+00:00\",\"mainEntityOfPage\":{\"@id\":\"https:\\\/\\\/maranhaotv.com.br\\\/index.php\\\/2020\\\/08\\\/17\\\/operacao-harpocrates-apreende-sete-veiculos-na-praia-do-meio\\\/\"},\"wordCount\":348,\"commentCount\":0,\"publisher\":{\"@id\":\"https:\\\/\\\/maranhaotv.com.br\\\/#organization\"},\"image\":{\"@id\":\"https:\\\/\\\/maranhaotv.com.br\\\/index.php\\\/2020\\\/08\\\/17\\\/operacao-harpocrates-apreende-sete-veiculos-na-praia-do-meio\\\/#primaryimage\"},\"thumbnailUrl\":\"\",\"articleSection\":[\"not\u00edcias\"],\"inLanguage\":\"pt-BR\",\"potentialAction\":[{\"@type\":\"CommentAction\",\"name\":\"Comment\",\"target\":[\"https:\\\/\\\/maranhaotv.com.br\\\/index.php\\\/2020\\\/08\\\/17\\\/operacao-harpocrates-apreende-sete-veiculos-na-praia-do-meio\\\/#respond\"]}]},{\"@type\":\"WebPage\",\"@id\":\"https:\\\/\\\/maranhaotv.com.br\\\/index.php\\\/2020\\\/08\\\/17\\\/operacao-harpocrates-apreende-sete-veiculos-na-praia-do-meio\\\/\",\"url\":\"https:\\\/\\\/maranhaotv.com.br\\\/index.php\\\/2020\\\/08\\\/17\\\/operacao-harpocrates-apreende-sete-veiculos-na-praia-do-meio\\\/\",\"name\":\"Opera\u00e7\u00e3o Harp\u00f3crates apreende sete ve\u00edculos na Praia do Meio - NOT\u00cdCIAS EM TEMPO REAL\",\"isPartOf\":{\"@id\":\"https:\\\/\\\/maranhaotv.com.br\\\/#website\"},\"primaryImageOfPage\":{\"@id\":\"https:\\\/\\\/maranhaotv.com.br\\\/index.php\\\/2020\\\/08\\\/17\\\/operacao-harpocrates-apreende-sete-veiculos-na-praia-do-meio\\\/#primaryimage\"},\"image\":{\"@id\":\"https:\\\/\\\/maranhaotv.com.br\\\/index.php\\\/2020\\\/08\\\/17\\\/operacao-harpocrates-apreende-sete-veiculos-na-praia-do-meio\\\/#primaryimage\"},\"thumbnailUrl\":\"\",\"datePublished\":\"2020-08-18T00:59:46+00:00\",\"breadcrumb\":{\"@id\":\"https:\\\/\\\/maranhaotv.com.br\\\/index.php\\\/2020\\\/08\\\/17\\\/operacao-harpocrates-apreende-sete-veiculos-na-praia-do-meio\\\/#breadcrumb\"},\"inLanguage\":\"pt-BR\",\"potentialAction\":[{\"@type\":\"ReadAction\",\"target\":[\"https:\\\/\\\/maranhaotv.com.br\\\/index.php\\\/2020\\\/08\\\/17\\\/operacao-harpocrates-apreende-sete-veiculos-na-praia-do-meio\\\/\"]}]},{\"@type\":\"ImageObject\",\"inLanguage\":\"pt-BR\",\"@id\":\"https:\\\/\\\/maranhaotv.com.br\\\/index.php\\\/2020\\\/08\\\/17\\\/operacao-harpocrates-apreende-sete-veiculos-na-praia-do-meio\\\/#primaryimage\",\"url\":\"\",\"contentUrl\":\"\"},{\"@type\":\"BreadcrumbList\",\"@id\":\"https:\\\/\\\/maranhaotv.com.br\\\/index.php\\\/2020\\\/08\\\/17\\\/operacao-harpocrates-apreende-sete-veiculos-na-praia-do-meio\\\/#breadcrumb\",\"itemListElement\":[{\"@type\":\"ListItem\",\"position\":1,\"name\":\"In\u00edcio\",\"item\":\"https:\\\/\\\/maranhaotv.com.br\\\/\"},{\"@type\":\"ListItem\",\"position\":2,\"name\":\"Opera\u00e7\u00e3o Harp\u00f3crates apreende sete ve\u00edculos na Praia do Meio\"}]},{\"@type\":\"WebSite\",\"@id\":\"https:\\\/\\\/maranhaotv.com.br\\\/#website\",\"url\":\"https:\\\/\\\/maranhaotv.com.br\\\/\",\"name\":\"Maranh\u00e3oTV\",\"description\":\"\",\"publisher\":{\"@id\":\"https:\\\/\\\/maranhaotv.com.br\\\/#organization\"},\"potentialAction\":[{\"@type\":\"SearchAction\",\"target\":{\"@type\":\"EntryPoint\",\"urlTemplate\":\"https:\\\/\\\/maranhaotv.com.br\\\/?s={search_term_string}\"},\"query-input\":{\"@type\":\"PropertyValueSpecification\",\"valueRequired\":true,\"valueName\":\"search_term_string\"}}],\"inLanguage\":\"pt-BR\"},{\"@type\":\"Organization\",\"@id\":\"https:\\\/\\\/maranhaotv.com.br\\\/#organization\",\"name\":\"Portal de Not\u00edcias\",\"url\":\"https:\\\/\\\/maranhaotv.com.br\\\/\",\"logo\":{\"@type\":\"ImageObject\",\"inLanguage\":\"pt-BR\",\"@id\":\"https:\\\/\\\/maranhaotv.com.br\\\/#\\\/schema\\\/logo\\\/image\\\/\",\"url\":\"https:\\\/\\\/maranhaotv.com.br\\\/wp-content\\\/uploads\\\/2024\\\/05\\\/cropped-cropped-avatar-1.png\",\"contentUrl\":\"https:\\\/\\\/maranhaotv.com.br\\\/wp-content\\\/uploads\\\/2024\\\/05\\\/cropped-cropped-avatar-1.png\",\"width\":792,\"height\":428,\"caption\":\"Portal de Not\u00edcias\"},\"image\":{\"@id\":\"https:\\\/\\\/maranhaotv.com.br\\\/#\\\/schema\\\/logo\\\/image\\\/\"},\"sameAs\":[\"https:\\\/\\\/www.facebook.com\\\/maiobaotv\",\"https:\\\/\\\/x.com\\\/sitemaranhaotv\",\"https:\\\/\\\/www.instagram.com\\\/maranhao.tv\",\"https:\\\/\\\/www.threads.net\\\/@maranhao.tv\"]},{\"@type\":\"Person\",\"@id\":\"https:\\\/\\\/maranhaotv.com.br\\\/#\\\/schema\\\/person\\\/3d54238e86b20bb5c89ab2fdb8f8829a\",\"name\":\"maranhaotv\",\"image\":{\"@type\":\"ImageObject\",\"inLanguage\":\"pt-BR\",\"@id\":\"https:\\\/\\\/secure.gravatar.com\\\/avatar\\\/8fadbca458d4cb68b1dd399ae9a40618d747bb1af65ac9fad21c89220a143eb4?s=96&d=mm&r=g\",\"url\":\"https:\\\/\\\/secure.gravatar.com\\\/avatar\\\/8fadbca458d4cb68b1dd399ae9a40618d747bb1af65ac9fad21c89220a143eb4?s=96&d=mm&r=g\",\"contentUrl\":\"https:\\\/\\\/secure.gravatar.com\\\/avatar\\\/8fadbca458d4cb68b1dd399ae9a40618d747bb1af65ac9fad21c89220a143eb4?s=96&d=mm&r=g\",\"caption\":\"maranhaotv\"},\"sameAs\":[\"https:\\\/\\\/maranhaotv.com.br\\\/\"],\"url\":\"https:\\\/\\\/maranhaotv.com.br\\\/index.php\\\/author\\\/maranhaotv\\\/\"}]}<\/script>\n<!-- \/ Yoast SEO plugin. -->","yoast_head_json":{"title":"Opera\u00e7\u00e3o Harp\u00f3crates apreende sete ve\u00edculos na Praia do Meio - NOT\u00cdCIAS EM TEMPO REAL","robots":{"index":"index","follow":"follow","max-snippet":"max-snippet:-1","max-image-preview":"max-image-preview:large","max-video-preview":"max-video-preview:-1"},"canonical":"https:\/\/maranhaotv.com.br\/index.php\/2020\/08\/17\/operacao-harpocrates-apreende-sete-veiculos-na-praia-do-meio\/","og_locale":"pt_BR","og_type":"article","og_title":"Opera\u00e7\u00e3o Harp\u00f3crates apreende sete ve\u00edculos na Praia do Meio - NOT\u00cdCIAS EM TEMPO REAL","og_description":"Coordenada pelo Minist\u00e9rio P\u00fablico do Maranh\u00e3o, a Opera\u00e7\u00e3o Harp\u00f3crates (Deus do sil\u00eancio na mitologia grega), realizada nas praias do Olho","og_url":"https:\/\/maranhaotv.com.br\/index.php\/2020\/08\/17\/operacao-harpocrates-apreende-sete-veiculos-na-praia-do-meio\/","og_site_name":"NOT\u00cdCIAS EM TEMPO REAL","article_publisher":"https:\/\/www.facebook.com\/maiobaotv","article_published_time":"2020-08-18T00:59:46+00:00","author":"maranhaotv","twitter_card":"summary_large_image","twitter_creator":"@sitemaranhaotv","twitter_site":"@sitemaranhaotv","twitter_misc":{"Escrito por":"maranhaotv","Est. tempo de leitura":"2 minutos"},"schema":{"@context":"https:\/\/schema.org","@graph":[{"@type":"Article","@id":"https:\/\/maranhaotv.com.br\/index.php\/2020\/08\/17\/operacao-harpocrates-apreende-sete-veiculos-na-praia-do-meio\/#article","isPartOf":{"@id":"https:\/\/maranhaotv.com.br\/index.php\/2020\/08\/17\/operacao-harpocrates-apreende-sete-veiculos-na-praia-do-meio\/"},"author":{"name":"maranhaotv","@id":"https:\/\/maranhaotv.com.br\/#\/schema\/person\/3d54238e86b20bb5c89ab2fdb8f8829a"},"headline":"Opera\u00e7\u00e3o Harp\u00f3crates apreende sete ve\u00edculos na Praia do Meio","datePublished":"2020-08-18T00:59:46+00:00","mainEntityOfPage":{"@id":"https:\/\/maranhaotv.com.br\/index.php\/2020\/08\/17\/operacao-harpocrates-apreende-sete-veiculos-na-praia-do-meio\/"},"wordCount":348,"commentCount":0,"publisher":{"@id":"https:\/\/maranhaotv.com.br\/#organization"},"image":{"@id":"https:\/\/maranhaotv.com.br\/index.php\/2020\/08\/17\/operacao-harpocrates-apreende-sete-veiculos-na-praia-do-meio\/#primaryimage"},"thumbnailUrl":"","articleSection":["not\u00edcias"],"inLanguage":"pt-BR","potentialAction":[{"@type":"CommentAction","name":"Comment","target":["https:\/\/maranhaotv.com.br\/index.php\/2020\/08\/17\/operacao-harpocrates-apreende-sete-veiculos-na-praia-do-meio\/#respond"]}]},{"@type":"WebPage","@id":"https:\/\/maranhaotv.com.br\/index.php\/2020\/08\/17\/operacao-harpocrates-apreende-sete-veiculos-na-praia-do-meio\/","url":"https:\/\/maranhaotv.com.br\/index.php\/2020\/08\/17\/operacao-harpocrates-apreende-sete-veiculos-na-praia-do-meio\/","name":"Opera\u00e7\u00e3o Harp\u00f3crates apreende sete ve\u00edculos na Praia do Meio - NOT\u00cdCIAS EM TEMPO REAL","isPartOf":{"@id":"https:\/\/maranhaotv.com.br\/#website"},"primaryImageOfPage":{"@id":"https:\/\/maranhaotv.com.br\/index.php\/2020\/08\/17\/operacao-harpocrates-apreende-sete-veiculos-na-praia-do-meio\/#primaryimage"},"image":{"@id":"https:\/\/maranhaotv.com.br\/index.php\/2020\/08\/17\/operacao-harpocrates-apreende-sete-veiculos-na-praia-do-meio\/#primaryimage"},"thumbnailUrl":"","datePublished":"2020-08-18T00:59:46+00:00","breadcrumb":{"@id":"https:\/\/maranhaotv.com.br\/index.php\/2020\/08\/17\/operacao-harpocrates-apreende-sete-veiculos-na-praia-do-meio\/#breadcrumb"},"inLanguage":"pt-BR","potentialAction":[{"@type":"ReadAction","target":["https:\/\/maranhaotv.com.br\/index.php\/2020\/08\/17\/operacao-harpocrates-apreende-sete-veiculos-na-praia-do-meio\/"]}]},{"@type":"ImageObject","inLanguage":"pt-BR","@id":"https:\/\/maranhaotv.com.br\/index.php\/2020\/08\/17\/operacao-harpocrates-apreende-sete-veiculos-na-praia-do-meio\/#primaryimage","url":"","contentUrl":""},{"@type":"BreadcrumbList","@id":"https:\/\/maranhaotv.com.br\/index.php\/2020\/08\/17\/operacao-harpocrates-apreende-sete-veiculos-na-praia-do-meio\/#breadcrumb","itemListElement":[{"@type":"ListItem","position":1,"name":"In\u00edcio","item":"https:\/\/maranhaotv.com.br\/"},{"@type":"ListItem","position":2,"name":"Opera\u00e7\u00e3o Harp\u00f3crates apreende sete ve\u00edculos na Praia do Meio"}]},{"@type":"WebSite","@id":"https:\/\/maranhaotv.com.br\/#website","url":"https:\/\/maranhaotv.com.br\/","name":"Maranh\u00e3oTV","description":"","publisher":{"@id":"https:\/\/maranhaotv.com.br\/#organization"},"potentialAction":[{"@type":"SearchAction","target":{"@type":"EntryPoint","urlTemplate":"https:\/\/maranhaotv.com.br\/?s={search_term_string}"},"query-input":{"@type":"PropertyValueSpecification","valueRequired":true,"valueName":"search_term_string"}}],"inLanguage":"pt-BR"},{"@type":"Organization","@id":"https:\/\/maranhaotv.com.br\/#organization","name":"Portal de Not\u00edcias","url":"https:\/\/maranhaotv.com.br\/","logo":{"@type":"ImageObject","inLanguage":"pt-BR","@id":"https:\/\/maranhaotv.com.br\/#\/schema\/logo\/image\/","url":"https:\/\/maranhaotv.com.br\/wp-content\/uploads\/2024\/05\/cropped-cropped-avatar-1.png","contentUrl":"https:\/\/maranhaotv.com.br\/wp-content\/uploads\/2024\/05\/cropped-cropped-avatar-1.png","width":792,"height":428,"caption":"Portal de Not\u00edcias"},"image":{"@id":"https:\/\/maranhaotv.com.br\/#\/schema\/logo\/image\/"},"sameAs":["https:\/\/www.facebook.com\/maiobaotv","https:\/\/x.com\/sitemaranhaotv","https:\/\/www.instagram.com\/maranhao.tv","https:\/\/www.threads.net\/@maranhao.tv"]},{"@type":"Person","@id":"https:\/\/maranhaotv.com.br\/#\/schema\/person\/3d54238e86b20bb5c89ab2fdb8f8829a","name":"maranhaotv","image":{"@type":"ImageObject","inLanguage":"pt-BR","@id":"https:\/\/secure.gravatar.com\/avatar\/8fadbca458d4cb68b1dd399ae9a40618d747bb1af65ac9fad21c89220a143eb4?s=96&d=mm&r=g","url":"https:\/\/secure.gravatar.com\/avatar\/8fadbca458d4cb68b1dd399ae9a40618d747bb1af65ac9fad21c89220a143eb4?s=96&d=mm&r=g","contentUrl":"https:\/\/secure.gravatar.com\/avatar\/8fadbca458d4cb68b1dd399ae9a40618d747bb1af65ac9fad21c89220a143eb4?s=96&d=mm&r=g","caption":"maranhaotv"},"sameAs":["https:\/\/maranhaotv.com.br\/"],"url":"https:\/\/maranhaotv.com.br\/index.php\/author\/maranhaotv\/"}]}},"jetpack_featured_media_url":"","jetpack_sharing_enabled":true,"_links":{"self":[{"href":"https:\/\/maranhaotv.com.br\/index.php\/wp-json\/wp\/v2\/posts\/13949","targetHints":{"allow":["GET"]}}],"collection":[{"href":"https:\/\/maranhaotv.com.br\/index.php\/wp-json\/wp\/v2\/posts"}],"about":[{"href":"https:\/\/maranhaotv.com.br\/index.php\/wp-json\/wp\/v2\/types\/post"}],"author":[{"embeddable":true,"href":"https:\/\/maranhaotv.com.br\/index.php\/wp-json\/wp\/v2\/users\/2"}],"replies":[{"embeddable":true,"href":"https:\/\/maranhaotv.com.br\/index.php\/wp-json\/wp\/v2\/comments?post=13949"}],"version-history":[{"count":0,"href":"https:\/\/maranhaotv.com.br\/index.php\/wp-json\/wp\/v2\/posts\/13949\/revisions"}],"wp:featuredmedia":[{"embeddable":true,"href":"https:\/\/maranhaotv.com.br\/index.php\/wp-json\/"}],"wp:attachment":[{"href":"https:\/\/maranhaotv.com.br\/index.php\/wp-json\/wp\/v2\/media?parent=13949"}],"wp:term":[{"taxonomy":"category","embeddable":true,"href":"https:\/\/maranhaotv.com.br\/index.php\/wp-json\/wp\/v2\/categories?post=13949"},{"taxonomy":"post_tag","embeddable":true,"href":"https:\/\/maranhaotv.com.br\/index.php\/wp-json\/wp\/v2\/tags?post=13949"}],"curies":[{"name":"wp","href":"https:\/\/api.w.org\/{rel}","templated":true}]}}