{"id":13953,"date":"2020-08-18T07:35:22","date_gmt":"2020-08-18T10:35:22","guid":{"rendered":"https:\/\/maiobaotv.com.br\/?p=13953"},"modified":"2020-08-18T07:35:22","modified_gmt":"2020-08-18T10:35:22","slug":"sara-winter-pode-ser-presa-por-divulgar-dados-de-menina-gravida-de-10-anos-estuprada-pelo-tio","status":"publish","type":"post","link":"https:\/\/maranhaotv.com.br\/index.php\/2020\/08\/18\/sara-winter-pode-ser-presa-por-divulgar-dados-de-menina-gravida-de-10-anos-estuprada-pelo-tio\/","title":{"rendered":"Sara Winter pode ser presa por divulgar dados de menina gr\u00e1vida de 10 anos estuprada pelo tio"},"content":{"rendered":"<p>A militante bolsonarista Sara Fernanda Giromini, conhecida como Sara Winter, corre o risco de voltar \u00e0 pris\u00e3o depois de expor dados de uma crian\u00e7a de dez anos que engravidou ap\u00f3s sofrer abuso sexual por quatro anos. Neste domingo, a ativista publicou em redes sociais o nome da menina, bem como o endere\u00e7o do hospital em que ela est\u00e1 internada para o procedimento.<\/p>\n<p>A divulga\u00e7\u00e3o \u00e9 uma viola\u00e7\u00e3o do Artigo 17 do ECA (Estatuto da Crian\u00e7a e do Adolescente), que assegura a preserva\u00e7\u00e3o da identidade da crian\u00e7a, bem como uma viola\u00e7\u00e3o do Artigo 286 do C\u00f3digo Penal, que pro\u00edbe incitar publicamente a pr\u00e1tica de crime, conforme explicou a Universa o advogado especialista em direitos da inf\u00e2ncia e juventude Ariel de Castro. A Justi\u00e7a j\u00e1 determinou que os posts de Sara sejam apagados das redes.<\/p>\n<p>Na avalia\u00e7\u00e3o do advogado Jo\u00e3o Paulo Martinelli, doutor em direito penal pela USP, a militante pode ter o pedido de pris\u00e3o feito pelo ministro do STF Alexandre de Moraes, relator do inqu\u00e9rito que apura amea\u00e7as a institui\u00e7\u00f5es e autoridades, se ele entender que, al\u00e9m da exposi\u00e7\u00e3o, houve incita\u00e7\u00e3o ao crime \u2014ou seja, se ao publicar o endere\u00e7o do local, Sara estimulou a popula\u00e7\u00e3o a tentar impedir pr\u00e1tica prevista em lei, que \u00e9 o aborto em caso de estupro.<\/p>\n<p>&#8220;Se o ministro Alexandre de Moraes entender que \u00e9 o caso de decretar novamente a pris\u00e3o preventiva, ele pode pedir com base no perigo \u00e0 ordem p\u00fablica&#8221;, explica o advogado. &#8220;E o fato de algu\u00e9m responder por um crime e praticar outro, principalmente incita\u00e7\u00e3o a um crime, que \u00e9 contra a paz p\u00fablica, pode fundamentar a decreta\u00e7\u00e3o da pris\u00e3o.&#8221;<\/p>\n<p>Em junho, Sara, uma das lideran\u00e7as do grupo bolsonarista autodenominado 300 do Brasil, foi presa pela PF (Pol\u00edcia Federal) sob suspeita de organizar e captar recursos financeiros para a\u00e7\u00f5es contra a ordem pol\u00edtica e social. Ao ser solta, o ministro Alexandre de Moraes, do Supremo Tribunal Federal, imp\u00f4s o uso de tornozeleira eletr\u00f4nica e a obrigatoriedade de manter distanciamento de, no m\u00ednimo, um quil\u00f4metro das sedes do STF e do Congresso Nacional e das casas de parlamentares. Fora eventuais deslocamentos para trabalhar ou estudar, ela (e o grupo que foi preso ao seu lado) deve permanecer em casa.<\/p>\n<p>Para Martinelli, um segundo inqu\u00e9rito pode ser gerado para investigar a exposi\u00e7\u00e3o dos dados da crian\u00e7a, o que fere o ECA, e, assim, provocar um pedido de pris\u00e3o preventiva, para n\u00e3o haver &#8220;um novo tumulto&#8221;.<\/p>\n","protected":false},"excerpt":{"rendered":"<p>A militante bolsonarista Sara Fernanda Giromini, conhecida como Sara Winter, corre o risco de voltar \u00e0 pris\u00e3o depois de expor<\/p>\n","protected":false},"author":2,"featured_media":13952,"comment_status":"open","ping_status":"open","sticky":false,"template":"","format":"standard","meta":{"colormag_page_container_layout":"default_layout","colormag_page_sidebar_layout":"default_layout","_jetpack_memberships_contains_paid_content":false,"footnotes":""},"categories":[2],"tags":[],"class_list":["post-13953","post","type-post","status-publish","format-standard","has-post-thumbnail","hentry","category-noticias"],"magazineBlocksPostFeaturedMedia":{"thumbnail":false,"medium":false,"medium_large":false,"large":false,"1536x1536":false,"2048x2048":false,"colormag-highlighted-post":false,"colormag-featured-post-medium":false,"colormag-featured-post-small":false,"colormag-featured-image":false,"colormag-default-news":false,"colormag-featured-image-large":false},"magazineBlocksPostAuthor":{"name":"maranhaotv","avatar":"https:\/\/secure.gravatar.com\/avatar\/8fadbca458d4cb68b1dd399ae9a40618d747bb1af65ac9fad21c89220a143eb4?s=96&d=mm&r=g"},"magazineBlocksPostCommentsNumber":"0","magazineBlocksPostExcerpt":"A militante bolsonarista Sara Fernanda Giromini, conhecida como Sara Winter, corre o risco de voltar \u00e0 pris\u00e3o depois de expor","magazineBlocksPostCategories":["not\u00edcias"],"magazineBlocksPostViewCount":249,"magazineBlocksPostReadTime":3,"magazine_blocks_featured_image_url":{"full":false,"medium":false,"thumbnail":false},"magazine_blocks_author":{"display_name":"maranhaotv","author_link":"https:\/\/maranhaotv.com.br\/index.php\/author\/maranhaotv\/"},"magazine_blocks_comment":0,"magazine_blocks_author_image":"https:\/\/secure.gravatar.com\/avatar\/8fadbca458d4cb68b1dd399ae9a40618d747bb1af65ac9fad21c89220a143eb4?s=96&d=mm&r=g","magazine_blocks_category":"<a href=\"#\" class=\"category-link category-link-2\">not\u00edcias<\/a>","yoast_head":"<!-- This site is optimized with the Yoast SEO plugin v27.4 - https:\/\/yoast.com\/product\/yoast-seo-wordpress\/ -->\n<title>Sara Winter pode ser presa por divulgar dados de menina gr\u00e1vida de 10 anos estuprada pelo tio - NOT\u00cdCIAS EM TEMPO REAL<\/title>\n<meta name=\"robots\" content=\"index, follow, max-snippet:-1, max-image-preview:large, max-video-preview:-1\" \/>\n<link rel=\"canonical\" href=\"https:\/\/maranhaotv.com.br\/index.php\/2020\/08\/18\/sara-winter-pode-ser-presa-por-divulgar-dados-de-menina-gravida-de-10-anos-estuprada-pelo-tio\/\" \/>\n<meta property=\"og:locale\" content=\"pt_BR\" \/>\n<meta property=\"og:type\" content=\"article\" \/>\n<meta property=\"og:title\" content=\"Sara Winter pode ser presa por divulgar dados de menina gr\u00e1vida de 10 anos estuprada pelo tio - NOT\u00cdCIAS EM TEMPO REAL\" \/>\n<meta property=\"og:description\" content=\"A militante bolsonarista Sara Fernanda Giromini, conhecida como Sara Winter, corre o risco de voltar \u00e0 pris\u00e3o depois de expor\" \/>\n<meta property=\"og:url\" content=\"https:\/\/maranhaotv.com.br\/index.php\/2020\/08\/18\/sara-winter-pode-ser-presa-por-divulgar-dados-de-menina-gravida-de-10-anos-estuprada-pelo-tio\/\" \/>\n<meta property=\"og:site_name\" content=\"NOT\u00cdCIAS EM TEMPO REAL\" \/>\n<meta property=\"article:publisher\" content=\"https:\/\/www.facebook.com\/maiobaotv\" \/>\n<meta property=\"article:published_time\" content=\"2020-08-18T10:35:22+00:00\" \/>\n<meta name=\"author\" content=\"maranhaotv\" \/>\n<meta name=\"twitter:card\" content=\"summary_large_image\" \/>\n<meta name=\"twitter:creator\" content=\"@sitemaranhaotv\" \/>\n<meta name=\"twitter:site\" content=\"@sitemaranhaotv\" \/>\n<meta name=\"twitter:label1\" content=\"Escrito por\" \/>\n\t<meta name=\"twitter:data1\" content=\"maranhaotv\" \/>\n\t<meta name=\"twitter:label2\" content=\"Est. tempo de leitura\" \/>\n\t<meta name=\"twitter:data2\" content=\"2 minutos\" \/>\n<script type=\"application\/ld+json\" class=\"yoast-schema-graph\">{\"@context\":\"https:\\\/\\\/schema.org\",\"@graph\":[{\"@type\":\"Article\",\"@id\":\"https:\\\/\\\/maranhaotv.com.br\\\/index.php\\\/2020\\\/08\\\/18\\\/sara-winter-pode-ser-presa-por-divulgar-dados-de-menina-gravida-de-10-anos-estuprada-pelo-tio\\\/#article\",\"isPartOf\":{\"@id\":\"https:\\\/\\\/maranhaotv.com.br\\\/index.php\\\/2020\\\/08\\\/18\\\/sara-winter-pode-ser-presa-por-divulgar-dados-de-menina-gravida-de-10-anos-estuprada-pelo-tio\\\/\"},\"author\":{\"name\":\"maranhaotv\",\"@id\":\"https:\\\/\\\/maranhaotv.com.br\\\/#\\\/schema\\\/person\\\/3d54238e86b20bb5c89ab2fdb8f8829a\"},\"headline\":\"Sara Winter pode ser presa por divulgar dados de menina gr\u00e1vida de 10 anos estuprada pelo tio\",\"datePublished\":\"2020-08-18T10:35:22+00:00\",\"mainEntityOfPage\":{\"@id\":\"https:\\\/\\\/maranhaotv.com.br\\\/index.php\\\/2020\\\/08\\\/18\\\/sara-winter-pode-ser-presa-por-divulgar-dados-de-menina-gravida-de-10-anos-estuprada-pelo-tio\\\/\"},\"wordCount\":458,\"commentCount\":0,\"publisher\":{\"@id\":\"https:\\\/\\\/maranhaotv.com.br\\\/#organization\"},\"image\":{\"@id\":\"https:\\\/\\\/maranhaotv.com.br\\\/index.php\\\/2020\\\/08\\\/18\\\/sara-winter-pode-ser-presa-por-divulgar-dados-de-menina-gravida-de-10-anos-estuprada-pelo-tio\\\/#primaryimage\"},\"thumbnailUrl\":\"\",\"articleSection\":[\"not\u00edcias\"],\"inLanguage\":\"pt-BR\",\"potentialAction\":[{\"@type\":\"CommentAction\",\"name\":\"Comment\",\"target\":[\"https:\\\/\\\/maranhaotv.com.br\\\/index.php\\\/2020\\\/08\\\/18\\\/sara-winter-pode-ser-presa-por-divulgar-dados-de-menina-gravida-de-10-anos-estuprada-pelo-tio\\\/#respond\"]}]},{\"@type\":\"WebPage\",\"@id\":\"https:\\\/\\\/maranhaotv.com.br\\\/index.php\\\/2020\\\/08\\\/18\\\/sara-winter-pode-ser-presa-por-divulgar-dados-de-menina-gravida-de-10-anos-estuprada-pelo-tio\\\/\",\"url\":\"https:\\\/\\\/maranhaotv.com.br\\\/index.php\\\/2020\\\/08\\\/18\\\/sara-winter-pode-ser-presa-por-divulgar-dados-de-menina-gravida-de-10-anos-estuprada-pelo-tio\\\/\",\"name\":\"Sara Winter pode ser presa por divulgar dados de menina gr\u00e1vida de 10 anos estuprada pelo tio - NOT\u00cdCIAS EM TEMPO REAL\",\"isPartOf\":{\"@id\":\"https:\\\/\\\/maranhaotv.com.br\\\/#website\"},\"primaryImageOfPage\":{\"@id\":\"https:\\\/\\\/maranhaotv.com.br\\\/index.php\\\/2020\\\/08\\\/18\\\/sara-winter-pode-ser-presa-por-divulgar-dados-de-menina-gravida-de-10-anos-estuprada-pelo-tio\\\/#primaryimage\"},\"image\":{\"@id\":\"https:\\\/\\\/maranhaotv.com.br\\\/index.php\\\/2020\\\/08\\\/18\\\/sara-winter-pode-ser-presa-por-divulgar-dados-de-menina-gravida-de-10-anos-estuprada-pelo-tio\\\/#primaryimage\"},\"thumbnailUrl\":\"\",\"datePublished\":\"2020-08-18T10:35:22+00:00\",\"breadcrumb\":{\"@id\":\"https:\\\/\\\/maranhaotv.com.br\\\/index.php\\\/2020\\\/08\\\/18\\\/sara-winter-pode-ser-presa-por-divulgar-dados-de-menina-gravida-de-10-anos-estuprada-pelo-tio\\\/#breadcrumb\"},\"inLanguage\":\"pt-BR\",\"potentialAction\":[{\"@type\":\"ReadAction\",\"target\":[\"https:\\\/\\\/maranhaotv.com.br\\\/index.php\\\/2020\\\/08\\\/18\\\/sara-winter-pode-ser-presa-por-divulgar-dados-de-menina-gravida-de-10-anos-estuprada-pelo-tio\\\/\"]}]},{\"@type\":\"ImageObject\",\"inLanguage\":\"pt-BR\",\"@id\":\"https:\\\/\\\/maranhaotv.com.br\\\/index.php\\\/2020\\\/08\\\/18\\\/sara-winter-pode-ser-presa-por-divulgar-dados-de-menina-gravida-de-10-anos-estuprada-pelo-tio\\\/#primaryimage\",\"url\":\"\",\"contentUrl\":\"\"},{\"@type\":\"BreadcrumbList\",\"@id\":\"https:\\\/\\\/maranhaotv.com.br\\\/index.php\\\/2020\\\/08\\\/18\\\/sara-winter-pode-ser-presa-por-divulgar-dados-de-menina-gravida-de-10-anos-estuprada-pelo-tio\\\/#breadcrumb\",\"itemListElement\":[{\"@type\":\"ListItem\",\"position\":1,\"name\":\"In\u00edcio\",\"item\":\"https:\\\/\\\/maranhaotv.com.br\\\/\"},{\"@type\":\"ListItem\",\"position\":2,\"name\":\"Sara Winter pode ser presa por divulgar dados de menina gr\u00e1vida de 10 anos estuprada pelo tio\"}]},{\"@type\":\"WebSite\",\"@id\":\"https:\\\/\\\/maranhaotv.com.br\\\/#website\",\"url\":\"https:\\\/\\\/maranhaotv.com.br\\\/\",\"name\":\"Maranh\u00e3oTV\",\"description\":\"\",\"publisher\":{\"@id\":\"https:\\\/\\\/maranhaotv.com.br\\\/#organization\"},\"potentialAction\":[{\"@type\":\"SearchAction\",\"target\":{\"@type\":\"EntryPoint\",\"urlTemplate\":\"https:\\\/\\\/maranhaotv.com.br\\\/?s={search_term_string}\"},\"query-input\":{\"@type\":\"PropertyValueSpecification\",\"valueRequired\":true,\"valueName\":\"search_term_string\"}}],\"inLanguage\":\"pt-BR\"},{\"@type\":\"Organization\",\"@id\":\"https:\\\/\\\/maranhaotv.com.br\\\/#organization\",\"name\":\"Portal de Not\u00edcias\",\"url\":\"https:\\\/\\\/maranhaotv.com.br\\\/\",\"logo\":{\"@type\":\"ImageObject\",\"inLanguage\":\"pt-BR\",\"@id\":\"https:\\\/\\\/maranhaotv.com.br\\\/#\\\/schema\\\/logo\\\/image\\\/\",\"url\":\"https:\\\/\\\/maranhaotv.com.br\\\/wp-content\\\/uploads\\\/2024\\\/05\\\/cropped-cropped-avatar-1.png\",\"contentUrl\":\"https:\\\/\\\/maranhaotv.com.br\\\/wp-content\\\/uploads\\\/2024\\\/05\\\/cropped-cropped-avatar-1.png\",\"width\":792,\"height\":428,\"caption\":\"Portal de Not\u00edcias\"},\"image\":{\"@id\":\"https:\\\/\\\/maranhaotv.com.br\\\/#\\\/schema\\\/logo\\\/image\\\/\"},\"sameAs\":[\"https:\\\/\\\/www.facebook.com\\\/maiobaotv\",\"https:\\\/\\\/x.com\\\/sitemaranhaotv\",\"https:\\\/\\\/www.instagram.com\\\/maranhao.tv\",\"https:\\\/\\\/www.threads.net\\\/@maranhao.tv\"]},{\"@type\":\"Person\",\"@id\":\"https:\\\/\\\/maranhaotv.com.br\\\/#\\\/schema\\\/person\\\/3d54238e86b20bb5c89ab2fdb8f8829a\",\"name\":\"maranhaotv\",\"image\":{\"@type\":\"ImageObject\",\"inLanguage\":\"pt-BR\",\"@id\":\"https:\\\/\\\/secure.gravatar.com\\\/avatar\\\/8fadbca458d4cb68b1dd399ae9a40618d747bb1af65ac9fad21c89220a143eb4?s=96&d=mm&r=g\",\"url\":\"https:\\\/\\\/secure.gravatar.com\\\/avatar\\\/8fadbca458d4cb68b1dd399ae9a40618d747bb1af65ac9fad21c89220a143eb4?s=96&d=mm&r=g\",\"contentUrl\":\"https:\\\/\\\/secure.gravatar.com\\\/avatar\\\/8fadbca458d4cb68b1dd399ae9a40618d747bb1af65ac9fad21c89220a143eb4?s=96&d=mm&r=g\",\"caption\":\"maranhaotv\"},\"sameAs\":[\"https:\\\/\\\/maranhaotv.com.br\\\/\"],\"url\":\"https:\\\/\\\/maranhaotv.com.br\\\/index.php\\\/author\\\/maranhaotv\\\/\"}]}<\/script>\n<!-- \/ Yoast SEO plugin. -->","yoast_head_json":{"title":"Sara Winter pode ser presa por divulgar dados de menina gr\u00e1vida de 10 anos estuprada pelo tio - NOT\u00cdCIAS EM TEMPO REAL","robots":{"index":"index","follow":"follow","max-snippet":"max-snippet:-1","max-image-preview":"max-image-preview:large","max-video-preview":"max-video-preview:-1"},"canonical":"https:\/\/maranhaotv.com.br\/index.php\/2020\/08\/18\/sara-winter-pode-ser-presa-por-divulgar-dados-de-menina-gravida-de-10-anos-estuprada-pelo-tio\/","og_locale":"pt_BR","og_type":"article","og_title":"Sara Winter pode ser presa por divulgar dados de menina gr\u00e1vida de 10 anos estuprada pelo tio - NOT\u00cdCIAS EM TEMPO REAL","og_description":"A militante bolsonarista Sara Fernanda Giromini, conhecida como Sara Winter, corre o risco de voltar \u00e0 pris\u00e3o depois de expor","og_url":"https:\/\/maranhaotv.com.br\/index.php\/2020\/08\/18\/sara-winter-pode-ser-presa-por-divulgar-dados-de-menina-gravida-de-10-anos-estuprada-pelo-tio\/","og_site_name":"NOT\u00cdCIAS EM TEMPO REAL","article_publisher":"https:\/\/www.facebook.com\/maiobaotv","article_published_time":"2020-08-18T10:35:22+00:00","author":"maranhaotv","twitter_card":"summary_large_image","twitter_creator":"@sitemaranhaotv","twitter_site":"@sitemaranhaotv","twitter_misc":{"Escrito por":"maranhaotv","Est. tempo de leitura":"2 minutos"},"schema":{"@context":"https:\/\/schema.org","@graph":[{"@type":"Article","@id":"https:\/\/maranhaotv.com.br\/index.php\/2020\/08\/18\/sara-winter-pode-ser-presa-por-divulgar-dados-de-menina-gravida-de-10-anos-estuprada-pelo-tio\/#article","isPartOf":{"@id":"https:\/\/maranhaotv.com.br\/index.php\/2020\/08\/18\/sara-winter-pode-ser-presa-por-divulgar-dados-de-menina-gravida-de-10-anos-estuprada-pelo-tio\/"},"author":{"name":"maranhaotv","@id":"https:\/\/maranhaotv.com.br\/#\/schema\/person\/3d54238e86b20bb5c89ab2fdb8f8829a"},"headline":"Sara Winter pode ser presa por divulgar dados de menina gr\u00e1vida de 10 anos estuprada pelo tio","datePublished":"2020-08-18T10:35:22+00:00","mainEntityOfPage":{"@id":"https:\/\/maranhaotv.com.br\/index.php\/2020\/08\/18\/sara-winter-pode-ser-presa-por-divulgar-dados-de-menina-gravida-de-10-anos-estuprada-pelo-tio\/"},"wordCount":458,"commentCount":0,"publisher":{"@id":"https:\/\/maranhaotv.com.br\/#organization"},"image":{"@id":"https:\/\/maranhaotv.com.br\/index.php\/2020\/08\/18\/sara-winter-pode-ser-presa-por-divulgar-dados-de-menina-gravida-de-10-anos-estuprada-pelo-tio\/#primaryimage"},"thumbnailUrl":"","articleSection":["not\u00edcias"],"inLanguage":"pt-BR","potentialAction":[{"@type":"CommentAction","name":"Comment","target":["https:\/\/maranhaotv.com.br\/index.php\/2020\/08\/18\/sara-winter-pode-ser-presa-por-divulgar-dados-de-menina-gravida-de-10-anos-estuprada-pelo-tio\/#respond"]}]},{"@type":"WebPage","@id":"https:\/\/maranhaotv.com.br\/index.php\/2020\/08\/18\/sara-winter-pode-ser-presa-por-divulgar-dados-de-menina-gravida-de-10-anos-estuprada-pelo-tio\/","url":"https:\/\/maranhaotv.com.br\/index.php\/2020\/08\/18\/sara-winter-pode-ser-presa-por-divulgar-dados-de-menina-gravida-de-10-anos-estuprada-pelo-tio\/","name":"Sara Winter pode ser presa por divulgar dados de menina gr\u00e1vida de 10 anos estuprada pelo tio - NOT\u00cdCIAS EM TEMPO REAL","isPartOf":{"@id":"https:\/\/maranhaotv.com.br\/#website"},"primaryImageOfPage":{"@id":"https:\/\/maranhaotv.com.br\/index.php\/2020\/08\/18\/sara-winter-pode-ser-presa-por-divulgar-dados-de-menina-gravida-de-10-anos-estuprada-pelo-tio\/#primaryimage"},"image":{"@id":"https:\/\/maranhaotv.com.br\/index.php\/2020\/08\/18\/sara-winter-pode-ser-presa-por-divulgar-dados-de-menina-gravida-de-10-anos-estuprada-pelo-tio\/#primaryimage"},"thumbnailUrl":"","datePublished":"2020-08-18T10:35:22+00:00","breadcrumb":{"@id":"https:\/\/maranhaotv.com.br\/index.php\/2020\/08\/18\/sara-winter-pode-ser-presa-por-divulgar-dados-de-menina-gravida-de-10-anos-estuprada-pelo-tio\/#breadcrumb"},"inLanguage":"pt-BR","potentialAction":[{"@type":"ReadAction","target":["https:\/\/maranhaotv.com.br\/index.php\/2020\/08\/18\/sara-winter-pode-ser-presa-por-divulgar-dados-de-menina-gravida-de-10-anos-estuprada-pelo-tio\/"]}]},{"@type":"ImageObject","inLanguage":"pt-BR","@id":"https:\/\/maranhaotv.com.br\/index.php\/2020\/08\/18\/sara-winter-pode-ser-presa-por-divulgar-dados-de-menina-gravida-de-10-anos-estuprada-pelo-tio\/#primaryimage","url":"","contentUrl":""},{"@type":"BreadcrumbList","@id":"https:\/\/maranhaotv.com.br\/index.php\/2020\/08\/18\/sara-winter-pode-ser-presa-por-divulgar-dados-de-menina-gravida-de-10-anos-estuprada-pelo-tio\/#breadcrumb","itemListElement":[{"@type":"ListItem","position":1,"name":"In\u00edcio","item":"https:\/\/maranhaotv.com.br\/"},{"@type":"ListItem","position":2,"name":"Sara Winter pode ser presa por divulgar dados de menina gr\u00e1vida de 10 anos estuprada pelo tio"}]},{"@type":"WebSite","@id":"https:\/\/maranhaotv.com.br\/#website","url":"https:\/\/maranhaotv.com.br\/","name":"Maranh\u00e3oTV","description":"","publisher":{"@id":"https:\/\/maranhaotv.com.br\/#organization"},"potentialAction":[{"@type":"SearchAction","target":{"@type":"EntryPoint","urlTemplate":"https:\/\/maranhaotv.com.br\/?s={search_term_string}"},"query-input":{"@type":"PropertyValueSpecification","valueRequired":true,"valueName":"search_term_string"}}],"inLanguage":"pt-BR"},{"@type":"Organization","@id":"https:\/\/maranhaotv.com.br\/#organization","name":"Portal de Not\u00edcias","url":"https:\/\/maranhaotv.com.br\/","logo":{"@type":"ImageObject","inLanguage":"pt-BR","@id":"https:\/\/maranhaotv.com.br\/#\/schema\/logo\/image\/","url":"https:\/\/maranhaotv.com.br\/wp-content\/uploads\/2024\/05\/cropped-cropped-avatar-1.png","contentUrl":"https:\/\/maranhaotv.com.br\/wp-content\/uploads\/2024\/05\/cropped-cropped-avatar-1.png","width":792,"height":428,"caption":"Portal de Not\u00edcias"},"image":{"@id":"https:\/\/maranhaotv.com.br\/#\/schema\/logo\/image\/"},"sameAs":["https:\/\/www.facebook.com\/maiobaotv","https:\/\/x.com\/sitemaranhaotv","https:\/\/www.instagram.com\/maranhao.tv","https:\/\/www.threads.net\/@maranhao.tv"]},{"@type":"Person","@id":"https:\/\/maranhaotv.com.br\/#\/schema\/person\/3d54238e86b20bb5c89ab2fdb8f8829a","name":"maranhaotv","image":{"@type":"ImageObject","inLanguage":"pt-BR","@id":"https:\/\/secure.gravatar.com\/avatar\/8fadbca458d4cb68b1dd399ae9a40618d747bb1af65ac9fad21c89220a143eb4?s=96&d=mm&r=g","url":"https:\/\/secure.gravatar.com\/avatar\/8fadbca458d4cb68b1dd399ae9a40618d747bb1af65ac9fad21c89220a143eb4?s=96&d=mm&r=g","contentUrl":"https:\/\/secure.gravatar.com\/avatar\/8fadbca458d4cb68b1dd399ae9a40618d747bb1af65ac9fad21c89220a143eb4?s=96&d=mm&r=g","caption":"maranhaotv"},"sameAs":["https:\/\/maranhaotv.com.br\/"],"url":"https:\/\/maranhaotv.com.br\/index.php\/author\/maranhaotv\/"}]}},"jetpack_featured_media_url":"","jetpack_sharing_enabled":true,"_links":{"self":[{"href":"https:\/\/maranhaotv.com.br\/index.php\/wp-json\/wp\/v2\/posts\/13953","targetHints":{"allow":["GET"]}}],"collection":[{"href":"https:\/\/maranhaotv.com.br\/index.php\/wp-json\/wp\/v2\/posts"}],"about":[{"href":"https:\/\/maranhaotv.com.br\/index.php\/wp-json\/wp\/v2\/types\/post"}],"author":[{"embeddable":true,"href":"https:\/\/maranhaotv.com.br\/index.php\/wp-json\/wp\/v2\/users\/2"}],"replies":[{"embeddable":true,"href":"https:\/\/maranhaotv.com.br\/index.php\/wp-json\/wp\/v2\/comments?post=13953"}],"version-history":[{"count":0,"href":"https:\/\/maranhaotv.com.br\/index.php\/wp-json\/wp\/v2\/posts\/13953\/revisions"}],"wp:featuredmedia":[{"embeddable":true,"href":"https:\/\/maranhaotv.com.br\/index.php\/wp-json\/"}],"wp:attachment":[{"href":"https:\/\/maranhaotv.com.br\/index.php\/wp-json\/wp\/v2\/media?parent=13953"}],"wp:term":[{"taxonomy":"category","embeddable":true,"href":"https:\/\/maranhaotv.com.br\/index.php\/wp-json\/wp\/v2\/categories?post=13953"},{"taxonomy":"post_tag","embeddable":true,"href":"https:\/\/maranhaotv.com.br\/index.php\/wp-json\/wp\/v2\/tags?post=13953"}],"curies":[{"name":"wp","href":"https:\/\/api.w.org\/{rel}","templated":true}]}}