{"id":13965,"date":"2020-08-18T11:53:47","date_gmt":"2020-08-18T14:53:47","guid":{"rendered":"https:\/\/maiobaotv.com.br\/?p=13965"},"modified":"2020-08-18T11:53:47","modified_gmt":"2020-08-18T14:53:47","slug":"pre-candidatura-de-wellington-do-curso-segue-firme-nas-ruas-de-sao-luis","status":"publish","type":"post","link":"https:\/\/maranhaotv.com.br\/index.php\/2020\/08\/18\/pre-candidatura-de-wellington-do-curso-segue-firme-nas-ruas-de-sao-luis\/","title":{"rendered":"Pr\u00e9-candidatura de Wellington do Curso segue firme nas ruas de S\u00e3o Lu\u00eds"},"content":{"rendered":"<p>Nos \u00faltimos dias, o deputado estadual Wellington do Curso tem mostrado aquilo que mais o diferencia dos demais pol\u00edticos: a proximidade com a popula\u00e7\u00e3o. Sem amarras pol\u00edticas, Wellington segue em visitas e reuni\u00f5es, como sempre fez, por meio do projeto \u201cOuvindo S\u00e3o Lu\u00eds\u201d.<\/p>\n<p>Na \u00faltima semana, Wellington, que segue entre os tr\u00eas pr\u00e9-candidatos com maior inten\u00e7\u00e3o de votos, esteve em bairros carentes de pol\u00edticas p\u00fablicas, a pedido dos pr\u00f3prios moradores, que convocaram o pr\u00e9-candidato.<\/p>\n<p>\u201cA gente chama porque sabe que ele vem, sabe que ele \u00e9 uma pessoa humilde e ouve tanto o rico quanto o pobre. Ele tamb\u00e9m j\u00e1 foi feirante como a gente e isso com certeza faz com que ele nos entenda melhor\u201d, disse uma das feirantes do Bairro de F\u00e1tima.<\/p>\n<p>Sobre isso, Wellington agradeceu o carinho de todos e disse se sentir motivado pela confian\u00e7a que recebe dos ludovicenses.<\/p>\n<p>\u201c\u00c9 motivo de alegria receber esse carinho e sentir essa confian\u00e7a que as pessoas depositam no nosso trabalho. Quem nos acompanha sabe que sempre estivemos nas ruas, sempre estivemos pr\u00f3ximos das pessoas. Fazemos isso porque acreditamos ser necess\u00e1rio ouvir antes de agir. Seguimos firmes. N\u00e3o estamos sozinhos. A popula\u00e7\u00e3o segue com a gente!\u201d, disse Wellington.<\/p>\n<p><img loading=\"lazy\" decoding=\"async\" src=\"https:\/\/maiobaotv.com.br\/wp-content\/uploads\/2020\/08\/img-20200818-wa00839063524853177193634.jpg\" class=\"wp-image-13964 alignnone size-full\" width=\"567\" height=\"681\"><\/p>\n","protected":false},"excerpt":{"rendered":"<p>Nos \u00faltimos dias, o deputado estadual Wellington do Curso tem mostrado aquilo que mais o diferencia dos demais pol\u00edticos: a<\/p>\n","protected":false},"author":2,"featured_media":13966,"comment_status":"open","ping_status":"open","sticky":false,"template":"","format":"standard","meta":{"colormag_page_container_layout":"default_layout","colormag_page_sidebar_layout":"default_layout","_jetpack_memberships_contains_paid_content":false,"footnotes":""},"categories":[2],"tags":[],"class_list":["post-13965","post","type-post","status-publish","format-standard","has-post-thumbnail","hentry","category-noticias"],"magazineBlocksPostFeaturedMedia":{"thumbnail":false,"medium":false,"medium_large":false,"large":false,"1536x1536":false,"2048x2048":false,"colormag-highlighted-post":false,"colormag-featured-post-medium":false,"colormag-featured-post-small":false,"colormag-featured-image":false,"colormag-default-news":false,"colormag-featured-image-large":false},"magazineBlocksPostAuthor":{"name":"maranhaotv","avatar":"https:\/\/secure.gravatar.com\/avatar\/8fadbca458d4cb68b1dd399ae9a40618d747bb1af65ac9fad21c89220a143eb4?s=96&d=mm&r=g"},"magazineBlocksPostCommentsNumber":"0","magazineBlocksPostExcerpt":"Nos \u00faltimos dias, o deputado estadual Wellington do Curso tem mostrado aquilo que mais o diferencia dos demais pol\u00edticos: a","magazineBlocksPostCategories":["not\u00edcias"],"magazineBlocksPostViewCount":190,"magazineBlocksPostReadTime":2,"magazine_blocks_featured_image_url":{"full":false,"medium":false,"thumbnail":false},"magazine_blocks_author":{"display_name":"maranhaotv","author_link":"https:\/\/maranhaotv.com.br\/index.php\/author\/maranhaotv\/"},"magazine_blocks_comment":0,"magazine_blocks_author_image":"https:\/\/secure.gravatar.com\/avatar\/8fadbca458d4cb68b1dd399ae9a40618d747bb1af65ac9fad21c89220a143eb4?s=96&d=mm&r=g","magazine_blocks_category":"<a href=\"#\" class=\"category-link category-link-2\">not\u00edcias<\/a>","yoast_head":"<!-- This site is optimized with the Yoast SEO plugin v27.4 - https:\/\/yoast.com\/product\/yoast-seo-wordpress\/ -->\n<title>Pr\u00e9-candidatura de Wellington do Curso segue firme nas ruas de S\u00e3o Lu\u00eds - NOT\u00cdCIAS EM TEMPO REAL<\/title>\n<meta name=\"robots\" content=\"index, follow, max-snippet:-1, max-image-preview:large, max-video-preview:-1\" \/>\n<link rel=\"canonical\" href=\"https:\/\/maranhaotv.com.br\/index.php\/2020\/08\/18\/pre-candidatura-de-wellington-do-curso-segue-firme-nas-ruas-de-sao-luis\/\" \/>\n<meta property=\"og:locale\" content=\"pt_BR\" \/>\n<meta property=\"og:type\" content=\"article\" \/>\n<meta property=\"og:title\" content=\"Pr\u00e9-candidatura de Wellington do Curso segue firme nas ruas de S\u00e3o Lu\u00eds - NOT\u00cdCIAS EM TEMPO REAL\" \/>\n<meta property=\"og:description\" content=\"Nos \u00faltimos dias, o deputado estadual Wellington do Curso tem mostrado aquilo que mais o diferencia dos demais pol\u00edticos: a\" \/>\n<meta property=\"og:url\" content=\"https:\/\/maranhaotv.com.br\/index.php\/2020\/08\/18\/pre-candidatura-de-wellington-do-curso-segue-firme-nas-ruas-de-sao-luis\/\" \/>\n<meta property=\"og:site_name\" content=\"NOT\u00cdCIAS EM TEMPO REAL\" \/>\n<meta property=\"article:publisher\" content=\"https:\/\/www.facebook.com\/maiobaotv\" \/>\n<meta property=\"article:published_time\" content=\"2020-08-18T14:53:47+00:00\" \/>\n<meta name=\"author\" content=\"maranhaotv\" \/>\n<meta name=\"twitter:card\" content=\"summary_large_image\" \/>\n<meta name=\"twitter:creator\" content=\"@sitemaranhaotv\" \/>\n<meta name=\"twitter:site\" content=\"@sitemaranhaotv\" \/>\n<meta name=\"twitter:label1\" content=\"Escrito por\" \/>\n\t<meta name=\"twitter:data1\" content=\"maranhaotv\" \/>\n\t<meta name=\"twitter:label2\" content=\"Est. tempo de leitura\" \/>\n\t<meta name=\"twitter:data2\" content=\"1 minuto\" \/>\n<script type=\"application\/ld+json\" class=\"yoast-schema-graph\">{\"@context\":\"https:\\\/\\\/schema.org\",\"@graph\":[{\"@type\":\"Article\",\"@id\":\"https:\\\/\\\/maranhaotv.com.br\\\/index.php\\\/2020\\\/08\\\/18\\\/pre-candidatura-de-wellington-do-curso-segue-firme-nas-ruas-de-sao-luis\\\/#article\",\"isPartOf\":{\"@id\":\"https:\\\/\\\/maranhaotv.com.br\\\/index.php\\\/2020\\\/08\\\/18\\\/pre-candidatura-de-wellington-do-curso-segue-firme-nas-ruas-de-sao-luis\\\/\"},\"author\":{\"name\":\"maranhaotv\",\"@id\":\"https:\\\/\\\/maranhaotv.com.br\\\/#\\\/schema\\\/person\\\/3d54238e86b20bb5c89ab2fdb8f8829a\"},\"headline\":\"Pr\u00e9-candidatura de Wellington do Curso segue firme nas ruas de S\u00e3o Lu\u00eds\",\"datePublished\":\"2020-08-18T14:53:47+00:00\",\"mainEntityOfPage\":{\"@id\":\"https:\\\/\\\/maranhaotv.com.br\\\/index.php\\\/2020\\\/08\\\/18\\\/pre-candidatura-de-wellington-do-curso-segue-firme-nas-ruas-de-sao-luis\\\/\"},\"wordCount\":232,\"commentCount\":0,\"publisher\":{\"@id\":\"https:\\\/\\\/maranhaotv.com.br\\\/#organization\"},\"image\":{\"@id\":\"https:\\\/\\\/maranhaotv.com.br\\\/index.php\\\/2020\\\/08\\\/18\\\/pre-candidatura-de-wellington-do-curso-segue-firme-nas-ruas-de-sao-luis\\\/#primaryimage\"},\"thumbnailUrl\":\"\",\"articleSection\":[\"not\u00edcias\"],\"inLanguage\":\"pt-BR\",\"potentialAction\":[{\"@type\":\"CommentAction\",\"name\":\"Comment\",\"target\":[\"https:\\\/\\\/maranhaotv.com.br\\\/index.php\\\/2020\\\/08\\\/18\\\/pre-candidatura-de-wellington-do-curso-segue-firme-nas-ruas-de-sao-luis\\\/#respond\"]}]},{\"@type\":\"WebPage\",\"@id\":\"https:\\\/\\\/maranhaotv.com.br\\\/index.php\\\/2020\\\/08\\\/18\\\/pre-candidatura-de-wellington-do-curso-segue-firme-nas-ruas-de-sao-luis\\\/\",\"url\":\"https:\\\/\\\/maranhaotv.com.br\\\/index.php\\\/2020\\\/08\\\/18\\\/pre-candidatura-de-wellington-do-curso-segue-firme-nas-ruas-de-sao-luis\\\/\",\"name\":\"Pr\u00e9-candidatura de Wellington do Curso segue firme nas ruas de S\u00e3o Lu\u00eds - NOT\u00cdCIAS EM TEMPO REAL\",\"isPartOf\":{\"@id\":\"https:\\\/\\\/maranhaotv.com.br\\\/#website\"},\"primaryImageOfPage\":{\"@id\":\"https:\\\/\\\/maranhaotv.com.br\\\/index.php\\\/2020\\\/08\\\/18\\\/pre-candidatura-de-wellington-do-curso-segue-firme-nas-ruas-de-sao-luis\\\/#primaryimage\"},\"image\":{\"@id\":\"https:\\\/\\\/maranhaotv.com.br\\\/index.php\\\/2020\\\/08\\\/18\\\/pre-candidatura-de-wellington-do-curso-segue-firme-nas-ruas-de-sao-luis\\\/#primaryimage\"},\"thumbnailUrl\":\"\",\"datePublished\":\"2020-08-18T14:53:47+00:00\",\"breadcrumb\":{\"@id\":\"https:\\\/\\\/maranhaotv.com.br\\\/index.php\\\/2020\\\/08\\\/18\\\/pre-candidatura-de-wellington-do-curso-segue-firme-nas-ruas-de-sao-luis\\\/#breadcrumb\"},\"inLanguage\":\"pt-BR\",\"potentialAction\":[{\"@type\":\"ReadAction\",\"target\":[\"https:\\\/\\\/maranhaotv.com.br\\\/index.php\\\/2020\\\/08\\\/18\\\/pre-candidatura-de-wellington-do-curso-segue-firme-nas-ruas-de-sao-luis\\\/\"]}]},{\"@type\":\"ImageObject\",\"inLanguage\":\"pt-BR\",\"@id\":\"https:\\\/\\\/maranhaotv.com.br\\\/index.php\\\/2020\\\/08\\\/18\\\/pre-candidatura-de-wellington-do-curso-segue-firme-nas-ruas-de-sao-luis\\\/#primaryimage\",\"url\":\"\",\"contentUrl\":\"\"},{\"@type\":\"BreadcrumbList\",\"@id\":\"https:\\\/\\\/maranhaotv.com.br\\\/index.php\\\/2020\\\/08\\\/18\\\/pre-candidatura-de-wellington-do-curso-segue-firme-nas-ruas-de-sao-luis\\\/#breadcrumb\",\"itemListElement\":[{\"@type\":\"ListItem\",\"position\":1,\"name\":\"In\u00edcio\",\"item\":\"https:\\\/\\\/maranhaotv.com.br\\\/\"},{\"@type\":\"ListItem\",\"position\":2,\"name\":\"Pr\u00e9-candidatura de Wellington do Curso segue firme nas ruas de S\u00e3o Lu\u00eds\"}]},{\"@type\":\"WebSite\",\"@id\":\"https:\\\/\\\/maranhaotv.com.br\\\/#website\",\"url\":\"https:\\\/\\\/maranhaotv.com.br\\\/\",\"name\":\"Maranh\u00e3oTV\",\"description\":\"\",\"publisher\":{\"@id\":\"https:\\\/\\\/maranhaotv.com.br\\\/#organization\"},\"potentialAction\":[{\"@type\":\"SearchAction\",\"target\":{\"@type\":\"EntryPoint\",\"urlTemplate\":\"https:\\\/\\\/maranhaotv.com.br\\\/?s={search_term_string}\"},\"query-input\":{\"@type\":\"PropertyValueSpecification\",\"valueRequired\":true,\"valueName\":\"search_term_string\"}}],\"inLanguage\":\"pt-BR\"},{\"@type\":\"Organization\",\"@id\":\"https:\\\/\\\/maranhaotv.com.br\\\/#organization\",\"name\":\"Portal de Not\u00edcias\",\"url\":\"https:\\\/\\\/maranhaotv.com.br\\\/\",\"logo\":{\"@type\":\"ImageObject\",\"inLanguage\":\"pt-BR\",\"@id\":\"https:\\\/\\\/maranhaotv.com.br\\\/#\\\/schema\\\/logo\\\/image\\\/\",\"url\":\"https:\\\/\\\/maranhaotv.com.br\\\/wp-content\\\/uploads\\\/2024\\\/05\\\/cropped-cropped-avatar-1.png\",\"contentUrl\":\"https:\\\/\\\/maranhaotv.com.br\\\/wp-content\\\/uploads\\\/2024\\\/05\\\/cropped-cropped-avatar-1.png\",\"width\":792,\"height\":428,\"caption\":\"Portal de Not\u00edcias\"},\"image\":{\"@id\":\"https:\\\/\\\/maranhaotv.com.br\\\/#\\\/schema\\\/logo\\\/image\\\/\"},\"sameAs\":[\"https:\\\/\\\/www.facebook.com\\\/maiobaotv\",\"https:\\\/\\\/x.com\\\/sitemaranhaotv\",\"https:\\\/\\\/www.instagram.com\\\/maranhao.tv\",\"https:\\\/\\\/www.threads.net\\\/@maranhao.tv\"]},{\"@type\":\"Person\",\"@id\":\"https:\\\/\\\/maranhaotv.com.br\\\/#\\\/schema\\\/person\\\/3d54238e86b20bb5c89ab2fdb8f8829a\",\"name\":\"maranhaotv\",\"image\":{\"@type\":\"ImageObject\",\"inLanguage\":\"pt-BR\",\"@id\":\"https:\\\/\\\/secure.gravatar.com\\\/avatar\\\/8fadbca458d4cb68b1dd399ae9a40618d747bb1af65ac9fad21c89220a143eb4?s=96&d=mm&r=g\",\"url\":\"https:\\\/\\\/secure.gravatar.com\\\/avatar\\\/8fadbca458d4cb68b1dd399ae9a40618d747bb1af65ac9fad21c89220a143eb4?s=96&d=mm&r=g\",\"contentUrl\":\"https:\\\/\\\/secure.gravatar.com\\\/avatar\\\/8fadbca458d4cb68b1dd399ae9a40618d747bb1af65ac9fad21c89220a143eb4?s=96&d=mm&r=g\",\"caption\":\"maranhaotv\"},\"sameAs\":[\"https:\\\/\\\/maranhaotv.com.br\\\/\"],\"url\":\"https:\\\/\\\/maranhaotv.com.br\\\/index.php\\\/author\\\/maranhaotv\\\/\"}]}<\/script>\n<!-- \/ Yoast SEO plugin. -->","yoast_head_json":{"title":"Pr\u00e9-candidatura de Wellington do Curso segue firme nas ruas de S\u00e3o Lu\u00eds - NOT\u00cdCIAS EM TEMPO REAL","robots":{"index":"index","follow":"follow","max-snippet":"max-snippet:-1","max-image-preview":"max-image-preview:large","max-video-preview":"max-video-preview:-1"},"canonical":"https:\/\/maranhaotv.com.br\/index.php\/2020\/08\/18\/pre-candidatura-de-wellington-do-curso-segue-firme-nas-ruas-de-sao-luis\/","og_locale":"pt_BR","og_type":"article","og_title":"Pr\u00e9-candidatura de Wellington do Curso segue firme nas ruas de S\u00e3o Lu\u00eds - NOT\u00cdCIAS EM TEMPO REAL","og_description":"Nos \u00faltimos dias, o deputado estadual Wellington do Curso tem mostrado aquilo que mais o diferencia dos demais pol\u00edticos: a","og_url":"https:\/\/maranhaotv.com.br\/index.php\/2020\/08\/18\/pre-candidatura-de-wellington-do-curso-segue-firme-nas-ruas-de-sao-luis\/","og_site_name":"NOT\u00cdCIAS EM TEMPO REAL","article_publisher":"https:\/\/www.facebook.com\/maiobaotv","article_published_time":"2020-08-18T14:53:47+00:00","author":"maranhaotv","twitter_card":"summary_large_image","twitter_creator":"@sitemaranhaotv","twitter_site":"@sitemaranhaotv","twitter_misc":{"Escrito por":"maranhaotv","Est. tempo de leitura":"1 minuto"},"schema":{"@context":"https:\/\/schema.org","@graph":[{"@type":"Article","@id":"https:\/\/maranhaotv.com.br\/index.php\/2020\/08\/18\/pre-candidatura-de-wellington-do-curso-segue-firme-nas-ruas-de-sao-luis\/#article","isPartOf":{"@id":"https:\/\/maranhaotv.com.br\/index.php\/2020\/08\/18\/pre-candidatura-de-wellington-do-curso-segue-firme-nas-ruas-de-sao-luis\/"},"author":{"name":"maranhaotv","@id":"https:\/\/maranhaotv.com.br\/#\/schema\/person\/3d54238e86b20bb5c89ab2fdb8f8829a"},"headline":"Pr\u00e9-candidatura de Wellington do Curso segue firme nas ruas de S\u00e3o Lu\u00eds","datePublished":"2020-08-18T14:53:47+00:00","mainEntityOfPage":{"@id":"https:\/\/maranhaotv.com.br\/index.php\/2020\/08\/18\/pre-candidatura-de-wellington-do-curso-segue-firme-nas-ruas-de-sao-luis\/"},"wordCount":232,"commentCount":0,"publisher":{"@id":"https:\/\/maranhaotv.com.br\/#organization"},"image":{"@id":"https:\/\/maranhaotv.com.br\/index.php\/2020\/08\/18\/pre-candidatura-de-wellington-do-curso-segue-firme-nas-ruas-de-sao-luis\/#primaryimage"},"thumbnailUrl":"","articleSection":["not\u00edcias"],"inLanguage":"pt-BR","potentialAction":[{"@type":"CommentAction","name":"Comment","target":["https:\/\/maranhaotv.com.br\/index.php\/2020\/08\/18\/pre-candidatura-de-wellington-do-curso-segue-firme-nas-ruas-de-sao-luis\/#respond"]}]},{"@type":"WebPage","@id":"https:\/\/maranhaotv.com.br\/index.php\/2020\/08\/18\/pre-candidatura-de-wellington-do-curso-segue-firme-nas-ruas-de-sao-luis\/","url":"https:\/\/maranhaotv.com.br\/index.php\/2020\/08\/18\/pre-candidatura-de-wellington-do-curso-segue-firme-nas-ruas-de-sao-luis\/","name":"Pr\u00e9-candidatura de Wellington do Curso segue firme nas ruas de S\u00e3o Lu\u00eds - NOT\u00cdCIAS EM TEMPO REAL","isPartOf":{"@id":"https:\/\/maranhaotv.com.br\/#website"},"primaryImageOfPage":{"@id":"https:\/\/maranhaotv.com.br\/index.php\/2020\/08\/18\/pre-candidatura-de-wellington-do-curso-segue-firme-nas-ruas-de-sao-luis\/#primaryimage"},"image":{"@id":"https:\/\/maranhaotv.com.br\/index.php\/2020\/08\/18\/pre-candidatura-de-wellington-do-curso-segue-firme-nas-ruas-de-sao-luis\/#primaryimage"},"thumbnailUrl":"","datePublished":"2020-08-18T14:53:47+00:00","breadcrumb":{"@id":"https:\/\/maranhaotv.com.br\/index.php\/2020\/08\/18\/pre-candidatura-de-wellington-do-curso-segue-firme-nas-ruas-de-sao-luis\/#breadcrumb"},"inLanguage":"pt-BR","potentialAction":[{"@type":"ReadAction","target":["https:\/\/maranhaotv.com.br\/index.php\/2020\/08\/18\/pre-candidatura-de-wellington-do-curso-segue-firme-nas-ruas-de-sao-luis\/"]}]},{"@type":"ImageObject","inLanguage":"pt-BR","@id":"https:\/\/maranhaotv.com.br\/index.php\/2020\/08\/18\/pre-candidatura-de-wellington-do-curso-segue-firme-nas-ruas-de-sao-luis\/#primaryimage","url":"","contentUrl":""},{"@type":"BreadcrumbList","@id":"https:\/\/maranhaotv.com.br\/index.php\/2020\/08\/18\/pre-candidatura-de-wellington-do-curso-segue-firme-nas-ruas-de-sao-luis\/#breadcrumb","itemListElement":[{"@type":"ListItem","position":1,"name":"In\u00edcio","item":"https:\/\/maranhaotv.com.br\/"},{"@type":"ListItem","position":2,"name":"Pr\u00e9-candidatura de Wellington do Curso segue firme nas ruas de S\u00e3o Lu\u00eds"}]},{"@type":"WebSite","@id":"https:\/\/maranhaotv.com.br\/#website","url":"https:\/\/maranhaotv.com.br\/","name":"Maranh\u00e3oTV","description":"","publisher":{"@id":"https:\/\/maranhaotv.com.br\/#organization"},"potentialAction":[{"@type":"SearchAction","target":{"@type":"EntryPoint","urlTemplate":"https:\/\/maranhaotv.com.br\/?s={search_term_string}"},"query-input":{"@type":"PropertyValueSpecification","valueRequired":true,"valueName":"search_term_string"}}],"inLanguage":"pt-BR"},{"@type":"Organization","@id":"https:\/\/maranhaotv.com.br\/#organization","name":"Portal de Not\u00edcias","url":"https:\/\/maranhaotv.com.br\/","logo":{"@type":"ImageObject","inLanguage":"pt-BR","@id":"https:\/\/maranhaotv.com.br\/#\/schema\/logo\/image\/","url":"https:\/\/maranhaotv.com.br\/wp-content\/uploads\/2024\/05\/cropped-cropped-avatar-1.png","contentUrl":"https:\/\/maranhaotv.com.br\/wp-content\/uploads\/2024\/05\/cropped-cropped-avatar-1.png","width":792,"height":428,"caption":"Portal de Not\u00edcias"},"image":{"@id":"https:\/\/maranhaotv.com.br\/#\/schema\/logo\/image\/"},"sameAs":["https:\/\/www.facebook.com\/maiobaotv","https:\/\/x.com\/sitemaranhaotv","https:\/\/www.instagram.com\/maranhao.tv","https:\/\/www.threads.net\/@maranhao.tv"]},{"@type":"Person","@id":"https:\/\/maranhaotv.com.br\/#\/schema\/person\/3d54238e86b20bb5c89ab2fdb8f8829a","name":"maranhaotv","image":{"@type":"ImageObject","inLanguage":"pt-BR","@id":"https:\/\/secure.gravatar.com\/avatar\/8fadbca458d4cb68b1dd399ae9a40618d747bb1af65ac9fad21c89220a143eb4?s=96&d=mm&r=g","url":"https:\/\/secure.gravatar.com\/avatar\/8fadbca458d4cb68b1dd399ae9a40618d747bb1af65ac9fad21c89220a143eb4?s=96&d=mm&r=g","contentUrl":"https:\/\/secure.gravatar.com\/avatar\/8fadbca458d4cb68b1dd399ae9a40618d747bb1af65ac9fad21c89220a143eb4?s=96&d=mm&r=g","caption":"maranhaotv"},"sameAs":["https:\/\/maranhaotv.com.br\/"],"url":"https:\/\/maranhaotv.com.br\/index.php\/author\/maranhaotv\/"}]}},"jetpack_featured_media_url":"","jetpack_sharing_enabled":true,"_links":{"self":[{"href":"https:\/\/maranhaotv.com.br\/index.php\/wp-json\/wp\/v2\/posts\/13965","targetHints":{"allow":["GET"]}}],"collection":[{"href":"https:\/\/maranhaotv.com.br\/index.php\/wp-json\/wp\/v2\/posts"}],"about":[{"href":"https:\/\/maranhaotv.com.br\/index.php\/wp-json\/wp\/v2\/types\/post"}],"author":[{"embeddable":true,"href":"https:\/\/maranhaotv.com.br\/index.php\/wp-json\/wp\/v2\/users\/2"}],"replies":[{"embeddable":true,"href":"https:\/\/maranhaotv.com.br\/index.php\/wp-json\/wp\/v2\/comments?post=13965"}],"version-history":[{"count":0,"href":"https:\/\/maranhaotv.com.br\/index.php\/wp-json\/wp\/v2\/posts\/13965\/revisions"}],"wp:featuredmedia":[{"embeddable":true,"href":"https:\/\/maranhaotv.com.br\/index.php\/wp-json\/"}],"wp:attachment":[{"href":"https:\/\/maranhaotv.com.br\/index.php\/wp-json\/wp\/v2\/media?parent=13965"}],"wp:term":[{"taxonomy":"category","embeddable":true,"href":"https:\/\/maranhaotv.com.br\/index.php\/wp-json\/wp\/v2\/categories?post=13965"},{"taxonomy":"post_tag","embeddable":true,"href":"https:\/\/maranhaotv.com.br\/index.php\/wp-json\/wp\/v2\/tags?post=13965"}],"curies":[{"name":"wp","href":"https:\/\/api.w.org\/{rel}","templated":true}]}}