{"id":13992,"date":"2020-08-19T14:23:12","date_gmt":"2020-08-19T17:23:12","guid":{"rendered":"https:\/\/maiobaotv.com.br\/?p=13992"},"modified":"2020-08-19T14:23:12","modified_gmt":"2020-08-19T17:23:12","slug":"estudantes-tem-ate-amanha-para-participar-da-lista-de-espera-do-prouni","status":"publish","type":"post","link":"https:\/\/maranhaotv.com.br\/index.php\/2020\/08\/19\/estudantes-tem-ate-amanha-para-participar-da-lista-de-espera-do-prouni\/","title":{"rendered":"Estudantes tem at\u00e9 amanh\u00e3 para participar da lista de espera do Prouni"},"content":{"rendered":"<p>Termina amanh\u00e3 (20) o prazo para a inscri\u00e7\u00e3o na lista de espera do Programa Universidade para Todos (Prouni) para o 2\u00ba semestre deste ano. Os estudantes que n\u00e3o foram pr\u00e9-selecionados em nenhuma das duas chamadas regulares poder\u00e3o manifestar o interesse em participar dessa \u00faltima etapa de sele\u00e7\u00e3o.<\/p>\n<p>A inscri\u00e7\u00e3o pode ser feita pela p\u00e1gina do Prouni e o resultado ser\u00e1 divulgado na pr\u00f3xima segunda-feira (24). De acordo com o Minist\u00e9rio da Educa\u00e7\u00e3o, a lista de espera ser\u00e1 \u00fanica para cada curso e turno, de cada local de oferta, ou seja, n\u00e3o haver\u00e1 classifica\u00e7\u00e3o por modalidade, como por cotas, por exemplo.<\/p>\n<p>Pode participar da lista de espera, para o curso correspondente \u00e0 primeira op\u00e7\u00e3o na inscri\u00e7\u00e3o, o candidato que n\u00e3o tenha sido pr\u00e9-selecionado em nenhuma das chamadas regulares ou tenha sido pr\u00e9-selecionado para a sua segunda op\u00e7\u00e3o de curso, mas por motivo de n\u00e3o forma\u00e7\u00e3o de turma, tenha sido reprovado.<\/p>\n<p>J\u00e1 para participar da lista de espera para o curso correspondente \u00e0 segunda op\u00e7\u00e3o na inscri\u00e7\u00e3o, os crit\u00e9rios s\u00e3o os seguintes: que o candidato n\u00e3o tenha sido pr\u00e9-selecionado em nenhuma das chamadas regulares; nas hip\u00f3teses de n\u00e3o ter ocorrido forma\u00e7\u00e3o de turma na primeira op\u00e7\u00e3o de curso, ou de n\u00e3o haver bolsas dispon\u00edveis na primeira op\u00e7\u00e3o de curso; e, ainda, na situa\u00e7\u00e3o de ter sido pr\u00e9-selecionado para a primeira op\u00e7\u00e3o de curso, mas que por motivo de n\u00e3o forma\u00e7\u00e3o de turma tenha sido reprovado.<\/p>\n<p>Os estudantes da lista de espera que forem pr\u00e9-selecionados para receber a bolsa devem comparecer \u00e0s institui\u00e7\u00f5es de ensino at\u00e9 o dia 28 e entregar os documentos que comprovem as informa\u00e7\u00f5es prestadas no momento da inscri\u00e7\u00e3o. Quem perder o prazo ou n\u00e3o comprovar os dados ser\u00e1 desclassificado.<\/p>\n<p>Prouni<\/p>\n<p>O Prouni \u00e9 o programa do governo federal que oferece bolsas de estudo, integrais e parciais (50%), em institui\u00e7\u00f5es particulares de educa\u00e7\u00e3o superior. Nesta edi\u00e7\u00e3o, 440,6 mil estudantes inscritos disputaram 167,7 mil bolsas em 1.061 institui\u00e7\u00f5es.<\/p>\n<p>Para concorrer \u00e0s bolsas integrais, o estudante deve comprovar renda familiar bruta mensal, por pessoa, de at\u00e9 1,5 sal\u00e1rio m\u00ednimo. Para as bolsas parciais (50%), a renda familiar bruta mensal deve ser de at\u00e9 tr\u00eas sal\u00e1rios m\u00ednimos por pessoa.<\/p>\n<p>Podem participar estudantes brasileiros que n\u00e3o possuam diploma de curso superior e que tenham participado do Exame Nacional do Ensino M\u00e9dio mais recente e obtido, no m\u00ednimo, 450 pontos de m\u00e9dia das notas. Al\u00e9m disso, o candidato n\u00e3o pode ter tirado zero na reda\u00e7\u00e3o.<\/p>\n","protected":false},"excerpt":{"rendered":"<p>Termina amanh\u00e3 (20) o prazo para a inscri\u00e7\u00e3o na lista de espera do Programa Universidade para Todos (Prouni) para o<\/p>\n","protected":false},"author":2,"featured_media":13991,"comment_status":"open","ping_status":"open","sticky":false,"template":"","format":"standard","meta":{"colormag_page_container_layout":"default_layout","colormag_page_sidebar_layout":"default_layout","_jetpack_memberships_contains_paid_content":false,"footnotes":""},"categories":[2,8],"tags":[],"class_list":["post-13992","post","type-post","status-publish","format-standard","has-post-thumbnail","hentry","category-noticias","category-servicos"],"magazineBlocksPostFeaturedMedia":{"thumbnail":false,"medium":false,"medium_large":false,"large":false,"1536x1536":false,"2048x2048":false,"colormag-highlighted-post":false,"colormag-featured-post-medium":false,"colormag-featured-post-small":false,"colormag-featured-image":false,"colormag-default-news":false,"colormag-featured-image-large":false},"magazineBlocksPostAuthor":{"name":"maranhaotv","avatar":"https:\/\/secure.gravatar.com\/avatar\/8fadbca458d4cb68b1dd399ae9a40618d747bb1af65ac9fad21c89220a143eb4?s=96&d=mm&r=g"},"magazineBlocksPostCommentsNumber":"0","magazineBlocksPostExcerpt":"Termina amanh\u00e3 (20) o prazo para a inscri\u00e7\u00e3o na lista de espera do Programa Universidade para Todos (Prouni) para o","magazineBlocksPostCategories":["not\u00edcias","servi\u00e7os"],"magazineBlocksPostViewCount":145,"magazineBlocksPostReadTime":3,"magazine_blocks_featured_image_url":{"full":false,"medium":false,"thumbnail":false},"magazine_blocks_author":{"display_name":"maranhaotv","author_link":"https:\/\/maranhaotv.com.br\/index.php\/author\/maranhaotv\/"},"magazine_blocks_comment":0,"magazine_blocks_author_image":"https:\/\/secure.gravatar.com\/avatar\/8fadbca458d4cb68b1dd399ae9a40618d747bb1af65ac9fad21c89220a143eb4?s=96&d=mm&r=g","magazine_blocks_category":"<a href=\"#\" class=\"category-link category-link-2\">not\u00edcias<\/a> <a href=\"#\" class=\"category-link category-link-8\">servi\u00e7os<\/a>","yoast_head":"<!-- This site is optimized with the Yoast SEO plugin v27.4 - https:\/\/yoast.com\/product\/yoast-seo-wordpress\/ -->\n<title>Estudantes tem at\u00e9 amanh\u00e3 para participar da lista de espera do Prouni - NOT\u00cdCIAS EM TEMPO REAL<\/title>\n<meta name=\"robots\" content=\"index, follow, max-snippet:-1, max-image-preview:large, max-video-preview:-1\" \/>\n<link rel=\"canonical\" href=\"https:\/\/maranhaotv.com.br\/index.php\/2020\/08\/19\/estudantes-tem-ate-amanha-para-participar-da-lista-de-espera-do-prouni\/\" \/>\n<meta property=\"og:locale\" content=\"pt_BR\" \/>\n<meta property=\"og:type\" content=\"article\" \/>\n<meta property=\"og:title\" content=\"Estudantes tem at\u00e9 amanh\u00e3 para participar da lista de espera do Prouni - NOT\u00cdCIAS EM TEMPO REAL\" \/>\n<meta property=\"og:description\" content=\"Termina amanh\u00e3 (20) o prazo para a inscri\u00e7\u00e3o na lista de espera do Programa Universidade para Todos (Prouni) para o\" \/>\n<meta property=\"og:url\" content=\"https:\/\/maranhaotv.com.br\/index.php\/2020\/08\/19\/estudantes-tem-ate-amanha-para-participar-da-lista-de-espera-do-prouni\/\" \/>\n<meta property=\"og:site_name\" content=\"NOT\u00cdCIAS EM TEMPO REAL\" \/>\n<meta property=\"article:publisher\" content=\"https:\/\/www.facebook.com\/maiobaotv\" \/>\n<meta property=\"article:published_time\" content=\"2020-08-19T17:23:12+00:00\" \/>\n<meta name=\"author\" content=\"maranhaotv\" \/>\n<meta name=\"twitter:card\" content=\"summary_large_image\" \/>\n<meta name=\"twitter:creator\" content=\"@sitemaranhaotv\" \/>\n<meta name=\"twitter:site\" content=\"@sitemaranhaotv\" \/>\n<meta name=\"twitter:label1\" content=\"Escrito por\" \/>\n\t<meta name=\"twitter:data1\" content=\"maranhaotv\" \/>\n\t<meta name=\"twitter:label2\" content=\"Est. tempo de leitura\" \/>\n\t<meta name=\"twitter:data2\" content=\"2 minutos\" \/>\n<script type=\"application\/ld+json\" class=\"yoast-schema-graph\">{\"@context\":\"https:\\\/\\\/schema.org\",\"@graph\":[{\"@type\":\"Article\",\"@id\":\"https:\\\/\\\/maranhaotv.com.br\\\/index.php\\\/2020\\\/08\\\/19\\\/estudantes-tem-ate-amanha-para-participar-da-lista-de-espera-do-prouni\\\/#article\",\"isPartOf\":{\"@id\":\"https:\\\/\\\/maranhaotv.com.br\\\/index.php\\\/2020\\\/08\\\/19\\\/estudantes-tem-ate-amanha-para-participar-da-lista-de-espera-do-prouni\\\/\"},\"author\":{\"name\":\"maranhaotv\",\"@id\":\"https:\\\/\\\/maranhaotv.com.br\\\/#\\\/schema\\\/person\\\/3d54238e86b20bb5c89ab2fdb8f8829a\"},\"headline\":\"Estudantes tem at\u00e9 amanh\u00e3 para participar da lista de espera do Prouni\",\"datePublished\":\"2020-08-19T17:23:12+00:00\",\"mainEntityOfPage\":{\"@id\":\"https:\\\/\\\/maranhaotv.com.br\\\/index.php\\\/2020\\\/08\\\/19\\\/estudantes-tem-ate-amanha-para-participar-da-lista-de-espera-do-prouni\\\/\"},\"wordCount\":457,\"commentCount\":0,\"publisher\":{\"@id\":\"https:\\\/\\\/maranhaotv.com.br\\\/#organization\"},\"image\":{\"@id\":\"https:\\\/\\\/maranhaotv.com.br\\\/index.php\\\/2020\\\/08\\\/19\\\/estudantes-tem-ate-amanha-para-participar-da-lista-de-espera-do-prouni\\\/#primaryimage\"},\"thumbnailUrl\":\"\",\"articleSection\":[\"not\u00edcias\",\"servi\u00e7os\"],\"inLanguage\":\"pt-BR\",\"potentialAction\":[{\"@type\":\"CommentAction\",\"name\":\"Comment\",\"target\":[\"https:\\\/\\\/maranhaotv.com.br\\\/index.php\\\/2020\\\/08\\\/19\\\/estudantes-tem-ate-amanha-para-participar-da-lista-de-espera-do-prouni\\\/#respond\"]}]},{\"@type\":\"WebPage\",\"@id\":\"https:\\\/\\\/maranhaotv.com.br\\\/index.php\\\/2020\\\/08\\\/19\\\/estudantes-tem-ate-amanha-para-participar-da-lista-de-espera-do-prouni\\\/\",\"url\":\"https:\\\/\\\/maranhaotv.com.br\\\/index.php\\\/2020\\\/08\\\/19\\\/estudantes-tem-ate-amanha-para-participar-da-lista-de-espera-do-prouni\\\/\",\"name\":\"Estudantes tem at\u00e9 amanh\u00e3 para participar da lista de espera do Prouni - NOT\u00cdCIAS EM TEMPO REAL\",\"isPartOf\":{\"@id\":\"https:\\\/\\\/maranhaotv.com.br\\\/#website\"},\"primaryImageOfPage\":{\"@id\":\"https:\\\/\\\/maranhaotv.com.br\\\/index.php\\\/2020\\\/08\\\/19\\\/estudantes-tem-ate-amanha-para-participar-da-lista-de-espera-do-prouni\\\/#primaryimage\"},\"image\":{\"@id\":\"https:\\\/\\\/maranhaotv.com.br\\\/index.php\\\/2020\\\/08\\\/19\\\/estudantes-tem-ate-amanha-para-participar-da-lista-de-espera-do-prouni\\\/#primaryimage\"},\"thumbnailUrl\":\"\",\"datePublished\":\"2020-08-19T17:23:12+00:00\",\"breadcrumb\":{\"@id\":\"https:\\\/\\\/maranhaotv.com.br\\\/index.php\\\/2020\\\/08\\\/19\\\/estudantes-tem-ate-amanha-para-participar-da-lista-de-espera-do-prouni\\\/#breadcrumb\"},\"inLanguage\":\"pt-BR\",\"potentialAction\":[{\"@type\":\"ReadAction\",\"target\":[\"https:\\\/\\\/maranhaotv.com.br\\\/index.php\\\/2020\\\/08\\\/19\\\/estudantes-tem-ate-amanha-para-participar-da-lista-de-espera-do-prouni\\\/\"]}]},{\"@type\":\"ImageObject\",\"inLanguage\":\"pt-BR\",\"@id\":\"https:\\\/\\\/maranhaotv.com.br\\\/index.php\\\/2020\\\/08\\\/19\\\/estudantes-tem-ate-amanha-para-participar-da-lista-de-espera-do-prouni\\\/#primaryimage\",\"url\":\"\",\"contentUrl\":\"\"},{\"@type\":\"BreadcrumbList\",\"@id\":\"https:\\\/\\\/maranhaotv.com.br\\\/index.php\\\/2020\\\/08\\\/19\\\/estudantes-tem-ate-amanha-para-participar-da-lista-de-espera-do-prouni\\\/#breadcrumb\",\"itemListElement\":[{\"@type\":\"ListItem\",\"position\":1,\"name\":\"In\u00edcio\",\"item\":\"https:\\\/\\\/maranhaotv.com.br\\\/\"},{\"@type\":\"ListItem\",\"position\":2,\"name\":\"Estudantes tem at\u00e9 amanh\u00e3 para participar da lista de espera do Prouni\"}]},{\"@type\":\"WebSite\",\"@id\":\"https:\\\/\\\/maranhaotv.com.br\\\/#website\",\"url\":\"https:\\\/\\\/maranhaotv.com.br\\\/\",\"name\":\"Maranh\u00e3oTV\",\"description\":\"\",\"publisher\":{\"@id\":\"https:\\\/\\\/maranhaotv.com.br\\\/#organization\"},\"potentialAction\":[{\"@type\":\"SearchAction\",\"target\":{\"@type\":\"EntryPoint\",\"urlTemplate\":\"https:\\\/\\\/maranhaotv.com.br\\\/?s={search_term_string}\"},\"query-input\":{\"@type\":\"PropertyValueSpecification\",\"valueRequired\":true,\"valueName\":\"search_term_string\"}}],\"inLanguage\":\"pt-BR\"},{\"@type\":\"Organization\",\"@id\":\"https:\\\/\\\/maranhaotv.com.br\\\/#organization\",\"name\":\"Portal de Not\u00edcias\",\"url\":\"https:\\\/\\\/maranhaotv.com.br\\\/\",\"logo\":{\"@type\":\"ImageObject\",\"inLanguage\":\"pt-BR\",\"@id\":\"https:\\\/\\\/maranhaotv.com.br\\\/#\\\/schema\\\/logo\\\/image\\\/\",\"url\":\"https:\\\/\\\/maranhaotv.com.br\\\/wp-content\\\/uploads\\\/2024\\\/05\\\/cropped-cropped-avatar-1.png\",\"contentUrl\":\"https:\\\/\\\/maranhaotv.com.br\\\/wp-content\\\/uploads\\\/2024\\\/05\\\/cropped-cropped-avatar-1.png\",\"width\":792,\"height\":428,\"caption\":\"Portal de Not\u00edcias\"},\"image\":{\"@id\":\"https:\\\/\\\/maranhaotv.com.br\\\/#\\\/schema\\\/logo\\\/image\\\/\"},\"sameAs\":[\"https:\\\/\\\/www.facebook.com\\\/maiobaotv\",\"https:\\\/\\\/x.com\\\/sitemaranhaotv\",\"https:\\\/\\\/www.instagram.com\\\/maranhao.tv\",\"https:\\\/\\\/www.threads.net\\\/@maranhao.tv\"]},{\"@type\":\"Person\",\"@id\":\"https:\\\/\\\/maranhaotv.com.br\\\/#\\\/schema\\\/person\\\/3d54238e86b20bb5c89ab2fdb8f8829a\",\"name\":\"maranhaotv\",\"image\":{\"@type\":\"ImageObject\",\"inLanguage\":\"pt-BR\",\"@id\":\"https:\\\/\\\/secure.gravatar.com\\\/avatar\\\/8fadbca458d4cb68b1dd399ae9a40618d747bb1af65ac9fad21c89220a143eb4?s=96&d=mm&r=g\",\"url\":\"https:\\\/\\\/secure.gravatar.com\\\/avatar\\\/8fadbca458d4cb68b1dd399ae9a40618d747bb1af65ac9fad21c89220a143eb4?s=96&d=mm&r=g\",\"contentUrl\":\"https:\\\/\\\/secure.gravatar.com\\\/avatar\\\/8fadbca458d4cb68b1dd399ae9a40618d747bb1af65ac9fad21c89220a143eb4?s=96&d=mm&r=g\",\"caption\":\"maranhaotv\"},\"sameAs\":[\"https:\\\/\\\/maranhaotv.com.br\\\/\"],\"url\":\"https:\\\/\\\/maranhaotv.com.br\\\/index.php\\\/author\\\/maranhaotv\\\/\"}]}<\/script>\n<!-- \/ Yoast SEO plugin. -->","yoast_head_json":{"title":"Estudantes tem at\u00e9 amanh\u00e3 para participar da lista de espera do Prouni - NOT\u00cdCIAS EM TEMPO REAL","robots":{"index":"index","follow":"follow","max-snippet":"max-snippet:-1","max-image-preview":"max-image-preview:large","max-video-preview":"max-video-preview:-1"},"canonical":"https:\/\/maranhaotv.com.br\/index.php\/2020\/08\/19\/estudantes-tem-ate-amanha-para-participar-da-lista-de-espera-do-prouni\/","og_locale":"pt_BR","og_type":"article","og_title":"Estudantes tem at\u00e9 amanh\u00e3 para participar da lista de espera do Prouni - NOT\u00cdCIAS EM TEMPO REAL","og_description":"Termina amanh\u00e3 (20) o prazo para a inscri\u00e7\u00e3o na lista de espera do Programa Universidade para Todos (Prouni) para o","og_url":"https:\/\/maranhaotv.com.br\/index.php\/2020\/08\/19\/estudantes-tem-ate-amanha-para-participar-da-lista-de-espera-do-prouni\/","og_site_name":"NOT\u00cdCIAS EM TEMPO REAL","article_publisher":"https:\/\/www.facebook.com\/maiobaotv","article_published_time":"2020-08-19T17:23:12+00:00","author":"maranhaotv","twitter_card":"summary_large_image","twitter_creator":"@sitemaranhaotv","twitter_site":"@sitemaranhaotv","twitter_misc":{"Escrito por":"maranhaotv","Est. tempo de leitura":"2 minutos"},"schema":{"@context":"https:\/\/schema.org","@graph":[{"@type":"Article","@id":"https:\/\/maranhaotv.com.br\/index.php\/2020\/08\/19\/estudantes-tem-ate-amanha-para-participar-da-lista-de-espera-do-prouni\/#article","isPartOf":{"@id":"https:\/\/maranhaotv.com.br\/index.php\/2020\/08\/19\/estudantes-tem-ate-amanha-para-participar-da-lista-de-espera-do-prouni\/"},"author":{"name":"maranhaotv","@id":"https:\/\/maranhaotv.com.br\/#\/schema\/person\/3d54238e86b20bb5c89ab2fdb8f8829a"},"headline":"Estudantes tem at\u00e9 amanh\u00e3 para participar da lista de espera do Prouni","datePublished":"2020-08-19T17:23:12+00:00","mainEntityOfPage":{"@id":"https:\/\/maranhaotv.com.br\/index.php\/2020\/08\/19\/estudantes-tem-ate-amanha-para-participar-da-lista-de-espera-do-prouni\/"},"wordCount":457,"commentCount":0,"publisher":{"@id":"https:\/\/maranhaotv.com.br\/#organization"},"image":{"@id":"https:\/\/maranhaotv.com.br\/index.php\/2020\/08\/19\/estudantes-tem-ate-amanha-para-participar-da-lista-de-espera-do-prouni\/#primaryimage"},"thumbnailUrl":"","articleSection":["not\u00edcias","servi\u00e7os"],"inLanguage":"pt-BR","potentialAction":[{"@type":"CommentAction","name":"Comment","target":["https:\/\/maranhaotv.com.br\/index.php\/2020\/08\/19\/estudantes-tem-ate-amanha-para-participar-da-lista-de-espera-do-prouni\/#respond"]}]},{"@type":"WebPage","@id":"https:\/\/maranhaotv.com.br\/index.php\/2020\/08\/19\/estudantes-tem-ate-amanha-para-participar-da-lista-de-espera-do-prouni\/","url":"https:\/\/maranhaotv.com.br\/index.php\/2020\/08\/19\/estudantes-tem-ate-amanha-para-participar-da-lista-de-espera-do-prouni\/","name":"Estudantes tem at\u00e9 amanh\u00e3 para participar da lista de espera do Prouni - NOT\u00cdCIAS EM TEMPO REAL","isPartOf":{"@id":"https:\/\/maranhaotv.com.br\/#website"},"primaryImageOfPage":{"@id":"https:\/\/maranhaotv.com.br\/index.php\/2020\/08\/19\/estudantes-tem-ate-amanha-para-participar-da-lista-de-espera-do-prouni\/#primaryimage"},"image":{"@id":"https:\/\/maranhaotv.com.br\/index.php\/2020\/08\/19\/estudantes-tem-ate-amanha-para-participar-da-lista-de-espera-do-prouni\/#primaryimage"},"thumbnailUrl":"","datePublished":"2020-08-19T17:23:12+00:00","breadcrumb":{"@id":"https:\/\/maranhaotv.com.br\/index.php\/2020\/08\/19\/estudantes-tem-ate-amanha-para-participar-da-lista-de-espera-do-prouni\/#breadcrumb"},"inLanguage":"pt-BR","potentialAction":[{"@type":"ReadAction","target":["https:\/\/maranhaotv.com.br\/index.php\/2020\/08\/19\/estudantes-tem-ate-amanha-para-participar-da-lista-de-espera-do-prouni\/"]}]},{"@type":"ImageObject","inLanguage":"pt-BR","@id":"https:\/\/maranhaotv.com.br\/index.php\/2020\/08\/19\/estudantes-tem-ate-amanha-para-participar-da-lista-de-espera-do-prouni\/#primaryimage","url":"","contentUrl":""},{"@type":"BreadcrumbList","@id":"https:\/\/maranhaotv.com.br\/index.php\/2020\/08\/19\/estudantes-tem-ate-amanha-para-participar-da-lista-de-espera-do-prouni\/#breadcrumb","itemListElement":[{"@type":"ListItem","position":1,"name":"In\u00edcio","item":"https:\/\/maranhaotv.com.br\/"},{"@type":"ListItem","position":2,"name":"Estudantes tem at\u00e9 amanh\u00e3 para participar da lista de espera do Prouni"}]},{"@type":"WebSite","@id":"https:\/\/maranhaotv.com.br\/#website","url":"https:\/\/maranhaotv.com.br\/","name":"Maranh\u00e3oTV","description":"","publisher":{"@id":"https:\/\/maranhaotv.com.br\/#organization"},"potentialAction":[{"@type":"SearchAction","target":{"@type":"EntryPoint","urlTemplate":"https:\/\/maranhaotv.com.br\/?s={search_term_string}"},"query-input":{"@type":"PropertyValueSpecification","valueRequired":true,"valueName":"search_term_string"}}],"inLanguage":"pt-BR"},{"@type":"Organization","@id":"https:\/\/maranhaotv.com.br\/#organization","name":"Portal de Not\u00edcias","url":"https:\/\/maranhaotv.com.br\/","logo":{"@type":"ImageObject","inLanguage":"pt-BR","@id":"https:\/\/maranhaotv.com.br\/#\/schema\/logo\/image\/","url":"https:\/\/maranhaotv.com.br\/wp-content\/uploads\/2024\/05\/cropped-cropped-avatar-1.png","contentUrl":"https:\/\/maranhaotv.com.br\/wp-content\/uploads\/2024\/05\/cropped-cropped-avatar-1.png","width":792,"height":428,"caption":"Portal de Not\u00edcias"},"image":{"@id":"https:\/\/maranhaotv.com.br\/#\/schema\/logo\/image\/"},"sameAs":["https:\/\/www.facebook.com\/maiobaotv","https:\/\/x.com\/sitemaranhaotv","https:\/\/www.instagram.com\/maranhao.tv","https:\/\/www.threads.net\/@maranhao.tv"]},{"@type":"Person","@id":"https:\/\/maranhaotv.com.br\/#\/schema\/person\/3d54238e86b20bb5c89ab2fdb8f8829a","name":"maranhaotv","image":{"@type":"ImageObject","inLanguage":"pt-BR","@id":"https:\/\/secure.gravatar.com\/avatar\/8fadbca458d4cb68b1dd399ae9a40618d747bb1af65ac9fad21c89220a143eb4?s=96&d=mm&r=g","url":"https:\/\/secure.gravatar.com\/avatar\/8fadbca458d4cb68b1dd399ae9a40618d747bb1af65ac9fad21c89220a143eb4?s=96&d=mm&r=g","contentUrl":"https:\/\/secure.gravatar.com\/avatar\/8fadbca458d4cb68b1dd399ae9a40618d747bb1af65ac9fad21c89220a143eb4?s=96&d=mm&r=g","caption":"maranhaotv"},"sameAs":["https:\/\/maranhaotv.com.br\/"],"url":"https:\/\/maranhaotv.com.br\/index.php\/author\/maranhaotv\/"}]}},"jetpack_featured_media_url":"","jetpack_sharing_enabled":true,"_links":{"self":[{"href":"https:\/\/maranhaotv.com.br\/index.php\/wp-json\/wp\/v2\/posts\/13992","targetHints":{"allow":["GET"]}}],"collection":[{"href":"https:\/\/maranhaotv.com.br\/index.php\/wp-json\/wp\/v2\/posts"}],"about":[{"href":"https:\/\/maranhaotv.com.br\/index.php\/wp-json\/wp\/v2\/types\/post"}],"author":[{"embeddable":true,"href":"https:\/\/maranhaotv.com.br\/index.php\/wp-json\/wp\/v2\/users\/2"}],"replies":[{"embeddable":true,"href":"https:\/\/maranhaotv.com.br\/index.php\/wp-json\/wp\/v2\/comments?post=13992"}],"version-history":[{"count":0,"href":"https:\/\/maranhaotv.com.br\/index.php\/wp-json\/wp\/v2\/posts\/13992\/revisions"}],"wp:featuredmedia":[{"embeddable":true,"href":"https:\/\/maranhaotv.com.br\/index.php\/wp-json\/"}],"wp:attachment":[{"href":"https:\/\/maranhaotv.com.br\/index.php\/wp-json\/wp\/v2\/media?parent=13992"}],"wp:term":[{"taxonomy":"category","embeddable":true,"href":"https:\/\/maranhaotv.com.br\/index.php\/wp-json\/wp\/v2\/categories?post=13992"},{"taxonomy":"post_tag","embeddable":true,"href":"https:\/\/maranhaotv.com.br\/index.php\/wp-json\/wp\/v2\/tags?post=13992"}],"curies":[{"name":"wp","href":"https:\/\/api.w.org\/{rel}","templated":true}]}}