{"id":13996,"date":"2020-08-19T14:43:07","date_gmt":"2020-08-19T17:43:07","guid":{"rendered":"https:\/\/maiobaotv.com.br\/?p=13996"},"modified":"2020-08-19T14:43:07","modified_gmt":"2020-08-19T17:43:07","slug":"candido-mendes-apos-prisao-de-prefeito-documentos-sao-encontrados-no-turu","status":"publish","type":"post","link":"https:\/\/maranhaotv.com.br\/index.php\/2020\/08\/19\/candido-mendes-apos-prisao-de-prefeito-documentos-sao-encontrados-no-turu\/","title":{"rendered":"C\u00e2ndido Mendes: ap\u00f3s pris\u00e3o de prefeito, documentos s\u00e3o encontrados no Turu"},"content":{"rendered":"<div class=\"geral\" style=\"box-sizing:content-box!important; min-height:100%; max-width:1024pxmargin:auto; color:rgb(0,0,0); font-family:Roboto,sans-serif; font-size:16px; font-style:normal; font-variant-ligatures:normal; font-variant-caps:normal; font-weight:400; letter-spacing:normal; orphans:2; text-indent:0px; text-transform:none; white-space:normal; widows:2; word-spacing:0px; -webkit-text-stroke-width:0px; text-decoration-style:initial; text-decoration-color:initial; text-align:center;\">\n<div id=\"area_meio\" style=\"box-sizing:content-box!important; width:373.432px; height:auto; margin:40pxauto30pxpadding:15px5px; background-color:rgb(255,255,255); text-align:center;\">\n<div id=\"centro\" style=\"box-sizing:content-box!important;\">\n<div id=\"content\" style=\"box-sizing:content-box!important; float:left; width:373.432px; color:rgb(68,68,68); line-height:20pxfont-style:normal; padding:0px; margin-top:5px; margin-left:10px; text-align:left;\">\n<div class=\"item-page\" itemscope itemtype=\"https:\/\/schema.org\/Article\" style=\"box-sizing:content-box!important; max-width:635px; width:354.756px;\">\n<div itemprop=\"articleBody\" style=\"box-sizing:content-box!important; clear:both;\">\n<p style=\"box-sizing:content-box!important; text-align:left;\">Ainda como parte das a\u00e7\u00f5es realizadas pela Opera\u00e7\u00e3o Cabanos, nesta quarta-feira, 19, o Grupo de Atua\u00e7\u00e3o Especial no Combate \u00e0s Organiza\u00e7\u00f5es Criminosas (Gaeco) e a Pol\u00edcia Civil encontraram documentos da Prefeitura de C\u00e2ndido Mendes em uma casa alugada na Rua Regina Rocha, Bom Jardim, Turu. Segundo informa\u00e7\u00f5es, a casa seria frequentada pelo prefeito do munic\u00edpio, Jos\u00e9 Ribamar Leite de Ara\u00fajo,<span> <\/span><a href=\"https:\/\/www.mpma.mp.br\/index.php\/lista-de-noticias-gerais\/11\/17142\" style=\"box-sizing: content-box !important; text-decoration: none; color: blue !important;\">preso na manh\u00e3 desta quarta-feira<\/a>, por um contador e por um advogado.<\/p>\n<p style=\"box-sizing:content-box!important; text-align:left;\">O mandado de busca e apreens\u00e3o foi expedido pela ju\u00edza Myllene Sandra Cavalcante, da Comarca de C\u00e2ndido Mendes. No im\u00f3vel, localizado em uma rua com um \u00fanico acesso, foram encontrados v\u00e1rios documentos da Prefeitura de C\u00e2ndido Mendes, como contratos com empresas para execu\u00e7\u00e3o de servi\u00e7os, conv\u00eanios, processos, bem como carimbos da Prefeitura e de um advogado. A suspeita \u00e9 que o local seria utilizado para praticar as irregularidades envolvendo empresas contratadas pelo Munic\u00edpio.   <\/p>\n<p style=\"box-sizing:content-box!important; text-align:left;\">A Opera\u00e7\u00e3o Cabanos \u00e9 resultado de uma A\u00e7\u00e3o Civil P\u00fablica proposta pela Promotoria de Justi\u00e7a de C\u00e2ndido Mendes em junho de 2018. A A\u00e7\u00e3o tem como alvos, al\u00e9m do Munic\u00edpio de C\u00e2ndido Mendes e do gestor municipal, a assessora jur\u00eddica Edna Maria Cunha Andrade, al\u00e9m de cinco empresas e seus respons\u00e1veis: JM Sales e Cia Ltda \u2013 ME (Jo\u00e3o Mota Sales), Cristal Servi\u00e7os e Constru\u00e7\u00f5es Ltda. &#8211; ME (Lindomar Pereira de S\u00e1), Almeida e Lima Ltda \u2013 ME (Igor Lima Castelo Branco), Construtora Akrus Ltda \u2013 EPP (Reginaldo Gomes Mel\u00f4nio) e J. A. Cruillas Neto (Jaime Anglada Cruillas Neto).<\/p>\n<p style=\"box-sizing:content-box!important; text-align:left;\">As investiga\u00e7\u00f5es foram iniciadas pelo Minist\u00e9rio P\u00fablico do Maranh\u00e3o desde 2016 e come\u00e7aram por conta de contratos de fornecimento de materiais de limpeza e expediente. O valor somado nos anos de 2013, 2014 e 2015 chega a R$ 2.097.507,50. No endere\u00e7o indicado da empresa contratada (Maria Leda de Jesus Souza \u2013 ME), no munic\u00edpio de Turia\u00e7u, funcionava, na realidade, uma casa lot\u00e9rica.<\/p>\n<p style=\"box-sizing:content-box!important; text-align:left;\">As investiga\u00e7\u00f5es, no entanto, apontaram uma s\u00e9rie de irregularidades em outros contratos. Um deles tratava da manuten\u00e7\u00e3o da ilumina\u00e7\u00e3o p\u00fablica do munic\u00edpio, firmado com a empresa Almeida e Lima Ltda. &#8211; ME, no valor mensal de R$ 148.320,00. Apesar do valor elevado, inspe\u00e7\u00e3o realizada pela Promotoria verificou vias e pra\u00e7as p\u00fablicas em completa escurid\u00e3o.<\/p>\n<p style=\"box-sizing:content-box!important; text-align:left;\">As investiga\u00e7\u00f5es descobriram que tr\u00eas servidores foram precariamente contratados para realizar a manuten\u00e7\u00e3o da rede de ilumina\u00e7\u00e3o, com materiais fornecidos por Edna Andrade e pelo pr\u00f3prio prefeito Mazinho Leite. Os funcion\u00e1rios sequer conheciam o respons\u00e1vel pela empresa contratada.<\/p>\n<p style=\"box-sizing:content-box!important; text-align:left;\"><strong style=\"box-sizing: content-box !important;\">ESCOLAS<\/strong><\/p>\n<p style=\"box-sizing:content-box!important; text-align:left;\">Em maio de 2017, a Prefeitura de C\u00e2ndido Mendes firmou um Termo de Ajustamento de Conduta (TAC) com o Minist\u00e9rio P\u00fablico para a reforma de escolas municipais. Uma delas seria a Unidade Escolar Leda Tajra. Apesar das notas fiscais testarem o pagamento total pela obra, \u00e9 imposs\u00edvel discriminar os servi\u00e7os feitos ou mesmo o servidor respons\u00e1vel por atestar os servi\u00e7os.<\/p>\n<p style=\"box-sizing:content-box!important; text-align:left;\">Al\u00e9m disso, vistoria realizada pela Promotoria identificou a exist\u00eancia de caibros podres no telhado, apesar de terem sido pagos mais de R$ 55 mil para a reposi\u00e7\u00e3o de 874,14 m\u00b2 de madeira. Onde deveria funcionar o refeit\u00f3rio havia livros did\u00e1ticos no ch\u00e3o, enquanto as crian\u00e7as faziam o lanche sentadas no ch\u00e3o das salas de aula.<\/p>\n<p style=\"box-sizing:content-box!important; text-align:left;\">Chama a aten\u00e7\u00e3o que os contratos para a reforma desta e de outras escolas t\u00eam a assinatura da m\u00e3e de Edna Andrade como testemunha.<\/p>\n<p style=\"box-sizing:content-box!important; text-align:left;\">J\u00e1 na reforma da Unidade Escolar Iracy Teixeira, no povoado Cajual, licitada em R$ 467.318,98, apurou-se que a Construtora Akrus Ltda, vencedora da licita\u00e7\u00e3o, \u201cserve apenas para intermediar o aporte de recursos entre as contas p\u00fablicas do Munic\u00edpio de C\u00e2ndido Mendes e os requeridos e demais participantes do \u2018grupo\u2019\u201d.<\/p>\n<p style=\"box-sizing:content-box!important; text-align:left;\">Os pedreiros contratados eram pagos pela pr\u00f3pria Edna Andrade ou por um representante da Prefeitura, identificado como Cleberson Sousa de Jesus. O total acertado com os pedreiros seria de R$ 82 mil.<\/p>\n<p style=\"box-sizing:content-box!important; text-align:left;\"><strong style=\"box-sizing: content-box !important;\">AMBUL\u00c2NCIA<\/strong><\/p>\n<p style=\"box-sizing:content-box!important; text-align:left;\">Em 2017, a empresa J M Sales e Cia Ltda. firmou contrato de R$ 90 mil para loca\u00e7\u00e3o de uma ambul\u00e2ncia para o Munic\u00edpio. Na suposta sede da empresa, em Maraca\u00e7um\u00e9, o executor de mandados do MPMA encontrou o im\u00f3vel fechado e, segundo vizinhos, sem movimenta\u00e7\u00e3o de pessoas.<\/p>\n<p style=\"box-sizing:content-box!important; text-align:left;\">As investiga\u00e7\u00f5es mostraram, ainda, que a ambul\u00e2ncia que deveria servir ao Povoado Bar\u00e3o de Troma\u00ed ficou parada na resid\u00eancia de Cleberson de Jesus por um longo per\u00edodo, no qual os pagamentos continuaram sendo feitos.<\/p>\n<p style=\"box-sizing:content-box!important; text-align:left;\">Notificado a prestar informa\u00e7\u00f5es na Promotoria, o propriet\u00e1rio da empresa, Jo\u00e3o Mota Sales n\u00e3o compareceu. Procurado em sua resid\u00eancia no dia marcado, ele havia tomado rumo ignorado.<\/p>\n<p style=\"box-sizing:content-box!important; text-align:left;\"><strong style=\"box-sizing: content-box !important;\">COLETA DE LIXO<\/strong><\/p>\n<p style=\"box-sizing:content-box!important; text-align:left;\">A empresa J M Sales e Cia Ltda. tamb\u00e9m foi contratada para a realiza\u00e7\u00e3o do servi\u00e7o de coleta de lixo em C\u00e2ndido Mendes. Os dois contratos assinados somam R$ 745.680,00. No suposto endere\u00e7o da empresa, no entanto, servidores do Minist\u00e9rio P\u00fablico atestaram s\u00f3 existir um matagal.<\/p>\n<p style=\"box-sizing:content-box!important; text-align:left;\"><strong style=\"box-sizing: content-box !important;\">ESTRADAS<\/strong><\/p>\n<p style=\"box-sizing:content-box!important; text-align:left;\">A Cristal Servi\u00e7os e Construtora Ltda. foi contratada, por dispensa de licita\u00e7\u00e3o, para a constru\u00e7\u00e3o e recupera\u00e7\u00e3o de estradas vicinais. Apesar de assinado em 23 de junho de 2016, o contrato s\u00f3 foi publicado em 2 de janeiro de 2017, contrariando a determina\u00e7\u00e3o da Lei de Licita\u00e7\u00f5es (8.666\/93) de que a publica\u00e7\u00e3o do extrato de contratos deve ser feita em at\u00e9 25 dias.<\/p>\n<p style=\"box-sizing:content-box!important; text-align:left;\">O Minist\u00e9rio P\u00fablico verificou que, pelo menos uma das estradas, que d\u00e1 acesso ao povoado Tatajuba, n\u00e3o teve obras realizadas. O valor desse contrato era de R$ 424.253.57. Dilig\u00eancias apontaram que a empresa nunca funcionou no local indicado.<\/p>\n<p style=\"box-sizing:content-box!important; text-align:left;\"><strong style=\"box-sizing: content-box !important;\">VE\u00cdCULOS<\/strong><\/p>\n<p style=\"box-sizing:content-box!important; text-align:left;\">O preg\u00e3o presencial n\u00b0 03\/2018, para loca\u00e7\u00e3o de ve\u00edculos para o gabinete do prefeito e secretarias municipais, no valor de R$ 1.625.480,00, teve como vencedora a empresa J A Cruillas Neto ME. Em consulta realizada pelo Minist\u00e9rio P\u00fablico, no entanto, constatou-se que a empresa n\u00e3o possu\u00eda nenhum ve\u00edculo em seu nome e que, entre os anos de 2016 e 2018, n\u00e3o tinha adquirido um \u00fanico produto.<\/p>\n<p style=\"box-sizing:content-box!important; text-align:left;\">A documenta\u00e7\u00e3o do processo licitat\u00f3rio \u2013 cuja sess\u00e3o teria sido realizada em 26 de dezembro de 2017, um dia ap\u00f3s o feriado de Natal \u2013 n\u00e3o consta do Sistema de Acompanhamento Eletr\u00f4nico de Contrata\u00e7\u00f5es P\u00fablicas (Sacop) do Tribunal de Contas do Estado do Maranh\u00e3o (TCE-MA).<\/p>\n<p style=\"box-sizing:content-box!important; text-align:left;\">Nos documentos analisados pelo Minist\u00e9rio P\u00fablico, constatou-se que o atestado de qualifica\u00e7\u00e3o t\u00e9cnica apresentado foi emitido pela Prefeitura de Josel\u00e2ndia, datado de janeiro de 2016. Ocorre que a empresa n\u00e3o foi contratada para loca\u00e7\u00e3o de ve\u00edculos em Josel\u00e2ndia no ano anterior.<\/p>\n<p style=\"box-sizing:content-box!important; text-align:left;\"><strong style=\"box-sizing: content-box !important;\">NEPOTISMO<\/strong><\/p>\n<p style=\"box-sizing:content-box!important; text-align:left;\">As investiga\u00e7\u00f5es apontaram a exist\u00eancia de v\u00e1rios casos de nepotismo na administra\u00e7\u00e3o de C\u00e2ndido Mendes. A assessora jur\u00eddica Edna Andrade, por exemplo, tinha na folha de pagamento duas tias, uma irm\u00e3 e um sobrinho, todos lotados no cargo de \u201cassessor comunit\u00e1rio\u201d. \u201cPesquisando a legisla\u00e7\u00e3o municipal, verificou-se inexistir previs\u00e3o de tal cargo\u201d, observou, na A\u00e7\u00e3o, o promotor de justi\u00e7a Marcio Antonio Alves de Oliveira.<\/p>\n<p style=\"box-sizing:content-box!important; text-align:left;\">Verificou-se que o pr\u00f3prio procurador jur\u00eddico do munic\u00edpio incidia em pr\u00e1tica de nepotismo, sendo a sua sogra secret\u00e1ria de Infraestrutura e Obras.<\/p>\n<p style=\"box-sizing:content-box!important; text-align:left;\"><strong style=\"box-sizing: content-box !important;\">INFLU\u00caNCIA<\/strong><\/p>\n<p style=\"box-sizing:content-box!important; text-align:left;\">Na A\u00e7\u00e3o Civil P\u00fablica, o Minist\u00e9rio P\u00fablico do Maranh\u00e3o chama a aten\u00e7\u00e3o para a inger\u00eancia na gest\u00e3o municipal de um grupo capitaneado por Edna Maria Cunha de Andrade, que atuava na administra\u00e7\u00e3o municipal desde 2013 e s\u00f3 posteriormente assumiu o cargo de assessora jur\u00eddica.<\/p>\n<p style=\"box-sizing:content-box!important; text-align:left;\">Edna de Andrade era, inclusive, a propriet\u00e1ria da empresa E. M. C de Andrade Locadora de Equipamentos M\u00e9dicos e Laboratoriais, que assinou contrato com o Munic\u00edpio em mar\u00e7o de 2013, no valor de R$ 943.200,00. Mais uma vez, n\u00e3o foi cumprida a determina\u00e7\u00e3o de publica\u00e7\u00e3o do contrato, que s\u00f3 aconteceu em dezembro do mesmo ano.<\/p>\n<p style=\"box-sizing:content-box!important; text-align:left;\">\u201cSalta aos olhos a influ\u00eancia exercida pela sra. Edna Maria Cunha Andrade, que at\u00e9 bem pouco tempo n\u00e3o exercia qualquer cargo na gest\u00e3o municipal, embora desde o ano de 2013, in\u00edcio do primeiro mandato, desfrute de elevada influ\u00eancia no \u00e2mbito da Prefeitura, possuindo posi\u00e7\u00e3o proeminente na tomada de decis\u00f5es atinentes \u00e0 administra\u00e7\u00e3o do munic\u00edpio desde as mais elementares at\u00e9 as mais complexas, como as relativas a or\u00e7amento, finan\u00e7as, gest\u00e3o de pessoas e contrata\u00e7\u00e3o de servi\u00e7os terceirizados\u201d, avalia o promotor Marcio de Oliveira.<\/p>\n<p><img loading=\"lazy\" decoding=\"async\" src=\"https:\/\/maiobaotv.com.br\/wp-content\/uploads\/2020\/08\/whatsapp_image_2020-08-19_at_13944573513945641522.jpeg\" class=\"wp-image-13994 alignnone size-full\" width=\"1152\" height=\"546\"><\/p>\n<p><img loading=\"lazy\" decoding=\"async\" src=\"https:\/\/maiobaotv.com.br\/wp-content\/uploads\/2020\/08\/whatsapp_image_2020-08-19_at_144722014182211774073.jpeg\" class=\"wp-image-13995 alignnone size-full\" width=\"1152\" height=\"864\"><\/p>\n<p style=\"box-sizing:content-box!important; text-align:left;\">MPMA<\/p>\n<\/div>\n<\/div>\n<\/div>\n<\/div>\n<div id=\"noticias\" style=\"box-sizing:content-box!important; float:left; width:373.432px; font-family:Roboto,Verdana,Tahoma,Arial,sans-serif; font-weight:boldmargin-left:10px; margin-right:10px; display:block; margin-bottom:10px; text-align:left;\">\n<div id=\"slider\" style=\"box-sizing:content-box!important; margin-bottom:10px;\"><\/div>\n<\/div>\n<\/div>\n<div id=\"area_inferior\" style=\"box-sizing:content-box!important;\">\n<div id=\"logos_inferior\" style=\"box-sizing:content-box!important; clear:both; max-width:1024px; margin-bottom:5px; padding:0px; font-size:0em\"><\/div>\n<\/div>\n<\/div>\n<div id=\"menu_admin\" style=\"box-sizing:content-box!important; position:absolute; top:120px; right:0px; margin:0px; padding:0px; width:220px; z-index:999; color:rgb(0,0,0); font-family:Roboto,sans-serif; font-size:16px; font-style:normal; font-variant-ligatures:normal; font-variant-caps:normal; font-weight:400; letter-spacing:normal; orphans:2text-indent:0px; text-transform:none; white-space:normal; widows:2; word-spacing:0px; -webkit-text-stroke-width:0px; text-decoration-style:initial; text-decoration-color:initial;\"><\/div>\n","protected":false},"excerpt":{"rendered":"<p>Ainda como parte das a\u00e7\u00f5es realizadas pela Opera\u00e7\u00e3o Cabanos, nesta quarta-feira, 19, o Grupo de Atua\u00e7\u00e3o Especial no Combate \u00e0s<\/p>\n","protected":false},"author":2,"featured_media":13997,"comment_status":"open","ping_status":"open","sticky":false,"template":"","format":"standard","meta":{"colormag_page_container_layout":"default_layout","colormag_page_sidebar_layout":"default_layout","_jetpack_memberships_contains_paid_content":false,"footnotes":""},"categories":[2],"tags":[],"class_list":["post-13996","post","type-post","status-publish","format-standard","has-post-thumbnail","hentry","category-noticias"],"magazineBlocksPostFeaturedMedia":{"thumbnail":false,"medium":false,"medium_large":false,"large":false,"1536x1536":false,"2048x2048":false,"colormag-highlighted-post":false,"colormag-featured-post-medium":false,"colormag-featured-post-small":false,"colormag-featured-image":false,"colormag-default-news":false,"colormag-featured-image-large":false},"magazineBlocksPostAuthor":{"name":"maranhaotv","avatar":"https:\/\/secure.gravatar.com\/avatar\/8fadbca458d4cb68b1dd399ae9a40618d747bb1af65ac9fad21c89220a143eb4?s=96&d=mm&r=g"},"magazineBlocksPostCommentsNumber":"0","magazineBlocksPostExcerpt":"Ainda como parte das a\u00e7\u00f5es realizadas pela Opera\u00e7\u00e3o Cabanos, nesta quarta-feira, 19, o Grupo de Atua\u00e7\u00e3o Especial no Combate \u00e0s","magazineBlocksPostCategories":["not\u00edcias"],"magazineBlocksPostViewCount":145,"magazineBlocksPostReadTime":8,"magazine_blocks_featured_image_url":{"full":false,"medium":false,"thumbnail":false},"magazine_blocks_author":{"display_name":"maranhaotv","author_link":"https:\/\/maranhaotv.com.br\/index.php\/author\/maranhaotv\/"},"magazine_blocks_comment":0,"magazine_blocks_author_image":"https:\/\/secure.gravatar.com\/avatar\/8fadbca458d4cb68b1dd399ae9a40618d747bb1af65ac9fad21c89220a143eb4?s=96&d=mm&r=g","magazine_blocks_category":"<a href=\"#\" class=\"category-link category-link-2\">not\u00edcias<\/a>","yoast_head":"<!-- This site is optimized with the Yoast SEO plugin v27.4 - https:\/\/yoast.com\/product\/yoast-seo-wordpress\/ -->\n<title>C\u00e2ndido Mendes: ap\u00f3s pris\u00e3o de prefeito, documentos s\u00e3o encontrados no Turu - NOT\u00cdCIAS EM TEMPO REAL<\/title>\n<meta name=\"robots\" content=\"index, follow, max-snippet:-1, max-image-preview:large, max-video-preview:-1\" \/>\n<link rel=\"canonical\" href=\"https:\/\/maranhaotv.com.br\/index.php\/2020\/08\/19\/candido-mendes-apos-prisao-de-prefeito-documentos-sao-encontrados-no-turu\/\" \/>\n<meta property=\"og:locale\" content=\"pt_BR\" \/>\n<meta property=\"og:type\" content=\"article\" \/>\n<meta property=\"og:title\" content=\"C\u00e2ndido Mendes: ap\u00f3s pris\u00e3o de prefeito, documentos s\u00e3o encontrados no Turu - NOT\u00cdCIAS EM TEMPO REAL\" \/>\n<meta property=\"og:description\" content=\"Ainda como parte das a\u00e7\u00f5es realizadas pela Opera\u00e7\u00e3o Cabanos, nesta quarta-feira, 19, o Grupo de Atua\u00e7\u00e3o Especial no Combate \u00e0s\" \/>\n<meta property=\"og:url\" content=\"https:\/\/maranhaotv.com.br\/index.php\/2020\/08\/19\/candido-mendes-apos-prisao-de-prefeito-documentos-sao-encontrados-no-turu\/\" \/>\n<meta property=\"og:site_name\" content=\"NOT\u00cdCIAS EM TEMPO REAL\" \/>\n<meta property=\"article:publisher\" content=\"https:\/\/www.facebook.com\/maiobaotv\" \/>\n<meta property=\"article:published_time\" content=\"2020-08-19T17:43:07+00:00\" \/>\n<meta name=\"author\" content=\"maranhaotv\" \/>\n<meta name=\"twitter:card\" content=\"summary_large_image\" \/>\n<meta name=\"twitter:creator\" content=\"@sitemaranhaotv\" \/>\n<meta name=\"twitter:site\" content=\"@sitemaranhaotv\" \/>\n<meta name=\"twitter:label1\" content=\"Escrito por\" \/>\n\t<meta name=\"twitter:data1\" content=\"maranhaotv\" \/>\n\t<meta name=\"twitter:label2\" content=\"Est. tempo de leitura\" \/>\n\t<meta name=\"twitter:data2\" content=\"7 minutos\" \/>\n<script type=\"application\/ld+json\" class=\"yoast-schema-graph\">{\"@context\":\"https:\\\/\\\/schema.org\",\"@graph\":[{\"@type\":\"Article\",\"@id\":\"https:\\\/\\\/maranhaotv.com.br\\\/index.php\\\/2020\\\/08\\\/19\\\/candido-mendes-apos-prisao-de-prefeito-documentos-sao-encontrados-no-turu\\\/#article\",\"isPartOf\":{\"@id\":\"https:\\\/\\\/maranhaotv.com.br\\\/index.php\\\/2020\\\/08\\\/19\\\/candido-mendes-apos-prisao-de-prefeito-documentos-sao-encontrados-no-turu\\\/\"},\"author\":{\"name\":\"maranhaotv\",\"@id\":\"https:\\\/\\\/maranhaotv.com.br\\\/#\\\/schema\\\/person\\\/3d54238e86b20bb5c89ab2fdb8f8829a\"},\"headline\":\"C\u00e2ndido Mendes: ap\u00f3s pris\u00e3o de prefeito, documentos s\u00e3o encontrados no Turu\",\"datePublished\":\"2020-08-19T17:43:07+00:00\",\"mainEntityOfPage\":{\"@id\":\"https:\\\/\\\/maranhaotv.com.br\\\/index.php\\\/2020\\\/08\\\/19\\\/candido-mendes-apos-prisao-de-prefeito-documentos-sao-encontrados-no-turu\\\/\"},\"wordCount\":1468,\"commentCount\":0,\"publisher\":{\"@id\":\"https:\\\/\\\/maranhaotv.com.br\\\/#organization\"},\"image\":{\"@id\":\"https:\\\/\\\/maranhaotv.com.br\\\/index.php\\\/2020\\\/08\\\/19\\\/candido-mendes-apos-prisao-de-prefeito-documentos-sao-encontrados-no-turu\\\/#primaryimage\"},\"thumbnailUrl\":\"\",\"articleSection\":[\"not\u00edcias\"],\"inLanguage\":\"pt-BR\",\"potentialAction\":[{\"@type\":\"CommentAction\",\"name\":\"Comment\",\"target\":[\"https:\\\/\\\/maranhaotv.com.br\\\/index.php\\\/2020\\\/08\\\/19\\\/candido-mendes-apos-prisao-de-prefeito-documentos-sao-encontrados-no-turu\\\/#respond\"]}]},{\"@type\":\"WebPage\",\"@id\":\"https:\\\/\\\/maranhaotv.com.br\\\/index.php\\\/2020\\\/08\\\/19\\\/candido-mendes-apos-prisao-de-prefeito-documentos-sao-encontrados-no-turu\\\/\",\"url\":\"https:\\\/\\\/maranhaotv.com.br\\\/index.php\\\/2020\\\/08\\\/19\\\/candido-mendes-apos-prisao-de-prefeito-documentos-sao-encontrados-no-turu\\\/\",\"name\":\"C\u00e2ndido Mendes: ap\u00f3s pris\u00e3o de prefeito, documentos s\u00e3o encontrados no Turu - NOT\u00cdCIAS EM TEMPO REAL\",\"isPartOf\":{\"@id\":\"https:\\\/\\\/maranhaotv.com.br\\\/#website\"},\"primaryImageOfPage\":{\"@id\":\"https:\\\/\\\/maranhaotv.com.br\\\/index.php\\\/2020\\\/08\\\/19\\\/candido-mendes-apos-prisao-de-prefeito-documentos-sao-encontrados-no-turu\\\/#primaryimage\"},\"image\":{\"@id\":\"https:\\\/\\\/maranhaotv.com.br\\\/index.php\\\/2020\\\/08\\\/19\\\/candido-mendes-apos-prisao-de-prefeito-documentos-sao-encontrados-no-turu\\\/#primaryimage\"},\"thumbnailUrl\":\"\",\"datePublished\":\"2020-08-19T17:43:07+00:00\",\"breadcrumb\":{\"@id\":\"https:\\\/\\\/maranhaotv.com.br\\\/index.php\\\/2020\\\/08\\\/19\\\/candido-mendes-apos-prisao-de-prefeito-documentos-sao-encontrados-no-turu\\\/#breadcrumb\"},\"inLanguage\":\"pt-BR\",\"potentialAction\":[{\"@type\":\"ReadAction\",\"target\":[\"https:\\\/\\\/maranhaotv.com.br\\\/index.php\\\/2020\\\/08\\\/19\\\/candido-mendes-apos-prisao-de-prefeito-documentos-sao-encontrados-no-turu\\\/\"]}]},{\"@type\":\"ImageObject\",\"inLanguage\":\"pt-BR\",\"@id\":\"https:\\\/\\\/maranhaotv.com.br\\\/index.php\\\/2020\\\/08\\\/19\\\/candido-mendes-apos-prisao-de-prefeito-documentos-sao-encontrados-no-turu\\\/#primaryimage\",\"url\":\"\",\"contentUrl\":\"\"},{\"@type\":\"BreadcrumbList\",\"@id\":\"https:\\\/\\\/maranhaotv.com.br\\\/index.php\\\/2020\\\/08\\\/19\\\/candido-mendes-apos-prisao-de-prefeito-documentos-sao-encontrados-no-turu\\\/#breadcrumb\",\"itemListElement\":[{\"@type\":\"ListItem\",\"position\":1,\"name\":\"In\u00edcio\",\"item\":\"https:\\\/\\\/maranhaotv.com.br\\\/\"},{\"@type\":\"ListItem\",\"position\":2,\"name\":\"C\u00e2ndido Mendes: ap\u00f3s pris\u00e3o de prefeito, documentos s\u00e3o encontrados no Turu\"}]},{\"@type\":\"WebSite\",\"@id\":\"https:\\\/\\\/maranhaotv.com.br\\\/#website\",\"url\":\"https:\\\/\\\/maranhaotv.com.br\\\/\",\"name\":\"Maranh\u00e3oTV\",\"description\":\"\",\"publisher\":{\"@id\":\"https:\\\/\\\/maranhaotv.com.br\\\/#organization\"},\"potentialAction\":[{\"@type\":\"SearchAction\",\"target\":{\"@type\":\"EntryPoint\",\"urlTemplate\":\"https:\\\/\\\/maranhaotv.com.br\\\/?s={search_term_string}\"},\"query-input\":{\"@type\":\"PropertyValueSpecification\",\"valueRequired\":true,\"valueName\":\"search_term_string\"}}],\"inLanguage\":\"pt-BR\"},{\"@type\":\"Organization\",\"@id\":\"https:\\\/\\\/maranhaotv.com.br\\\/#organization\",\"name\":\"Portal de Not\u00edcias\",\"url\":\"https:\\\/\\\/maranhaotv.com.br\\\/\",\"logo\":{\"@type\":\"ImageObject\",\"inLanguage\":\"pt-BR\",\"@id\":\"https:\\\/\\\/maranhaotv.com.br\\\/#\\\/schema\\\/logo\\\/image\\\/\",\"url\":\"https:\\\/\\\/maranhaotv.com.br\\\/wp-content\\\/uploads\\\/2024\\\/05\\\/cropped-cropped-avatar-1.png\",\"contentUrl\":\"https:\\\/\\\/maranhaotv.com.br\\\/wp-content\\\/uploads\\\/2024\\\/05\\\/cropped-cropped-avatar-1.png\",\"width\":792,\"height\":428,\"caption\":\"Portal de Not\u00edcias\"},\"image\":{\"@id\":\"https:\\\/\\\/maranhaotv.com.br\\\/#\\\/schema\\\/logo\\\/image\\\/\"},\"sameAs\":[\"https:\\\/\\\/www.facebook.com\\\/maiobaotv\",\"https:\\\/\\\/x.com\\\/sitemaranhaotv\",\"https:\\\/\\\/www.instagram.com\\\/maranhao.tv\",\"https:\\\/\\\/www.threads.net\\\/@maranhao.tv\"]},{\"@type\":\"Person\",\"@id\":\"https:\\\/\\\/maranhaotv.com.br\\\/#\\\/schema\\\/person\\\/3d54238e86b20bb5c89ab2fdb8f8829a\",\"name\":\"maranhaotv\",\"image\":{\"@type\":\"ImageObject\",\"inLanguage\":\"pt-BR\",\"@id\":\"https:\\\/\\\/secure.gravatar.com\\\/avatar\\\/8fadbca458d4cb68b1dd399ae9a40618d747bb1af65ac9fad21c89220a143eb4?s=96&d=mm&r=g\",\"url\":\"https:\\\/\\\/secure.gravatar.com\\\/avatar\\\/8fadbca458d4cb68b1dd399ae9a40618d747bb1af65ac9fad21c89220a143eb4?s=96&d=mm&r=g\",\"contentUrl\":\"https:\\\/\\\/secure.gravatar.com\\\/avatar\\\/8fadbca458d4cb68b1dd399ae9a40618d747bb1af65ac9fad21c89220a143eb4?s=96&d=mm&r=g\",\"caption\":\"maranhaotv\"},\"sameAs\":[\"https:\\\/\\\/maranhaotv.com.br\\\/\"],\"url\":\"https:\\\/\\\/maranhaotv.com.br\\\/index.php\\\/author\\\/maranhaotv\\\/\"}]}<\/script>\n<!-- \/ Yoast SEO plugin. -->","yoast_head_json":{"title":"C\u00e2ndido Mendes: ap\u00f3s pris\u00e3o de prefeito, documentos s\u00e3o encontrados no Turu - NOT\u00cdCIAS EM TEMPO REAL","robots":{"index":"index","follow":"follow","max-snippet":"max-snippet:-1","max-image-preview":"max-image-preview:large","max-video-preview":"max-video-preview:-1"},"canonical":"https:\/\/maranhaotv.com.br\/index.php\/2020\/08\/19\/candido-mendes-apos-prisao-de-prefeito-documentos-sao-encontrados-no-turu\/","og_locale":"pt_BR","og_type":"article","og_title":"C\u00e2ndido Mendes: ap\u00f3s pris\u00e3o de prefeito, documentos s\u00e3o encontrados no Turu - NOT\u00cdCIAS EM TEMPO REAL","og_description":"Ainda como parte das a\u00e7\u00f5es realizadas pela Opera\u00e7\u00e3o Cabanos, nesta quarta-feira, 19, o Grupo de Atua\u00e7\u00e3o Especial no Combate \u00e0s","og_url":"https:\/\/maranhaotv.com.br\/index.php\/2020\/08\/19\/candido-mendes-apos-prisao-de-prefeito-documentos-sao-encontrados-no-turu\/","og_site_name":"NOT\u00cdCIAS EM TEMPO REAL","article_publisher":"https:\/\/www.facebook.com\/maiobaotv","article_published_time":"2020-08-19T17:43:07+00:00","author":"maranhaotv","twitter_card":"summary_large_image","twitter_creator":"@sitemaranhaotv","twitter_site":"@sitemaranhaotv","twitter_misc":{"Escrito por":"maranhaotv","Est. tempo de leitura":"7 minutos"},"schema":{"@context":"https:\/\/schema.org","@graph":[{"@type":"Article","@id":"https:\/\/maranhaotv.com.br\/index.php\/2020\/08\/19\/candido-mendes-apos-prisao-de-prefeito-documentos-sao-encontrados-no-turu\/#article","isPartOf":{"@id":"https:\/\/maranhaotv.com.br\/index.php\/2020\/08\/19\/candido-mendes-apos-prisao-de-prefeito-documentos-sao-encontrados-no-turu\/"},"author":{"name":"maranhaotv","@id":"https:\/\/maranhaotv.com.br\/#\/schema\/person\/3d54238e86b20bb5c89ab2fdb8f8829a"},"headline":"C\u00e2ndido Mendes: ap\u00f3s pris\u00e3o de prefeito, documentos s\u00e3o encontrados no Turu","datePublished":"2020-08-19T17:43:07+00:00","mainEntityOfPage":{"@id":"https:\/\/maranhaotv.com.br\/index.php\/2020\/08\/19\/candido-mendes-apos-prisao-de-prefeito-documentos-sao-encontrados-no-turu\/"},"wordCount":1468,"commentCount":0,"publisher":{"@id":"https:\/\/maranhaotv.com.br\/#organization"},"image":{"@id":"https:\/\/maranhaotv.com.br\/index.php\/2020\/08\/19\/candido-mendes-apos-prisao-de-prefeito-documentos-sao-encontrados-no-turu\/#primaryimage"},"thumbnailUrl":"","articleSection":["not\u00edcias"],"inLanguage":"pt-BR","potentialAction":[{"@type":"CommentAction","name":"Comment","target":["https:\/\/maranhaotv.com.br\/index.php\/2020\/08\/19\/candido-mendes-apos-prisao-de-prefeito-documentos-sao-encontrados-no-turu\/#respond"]}]},{"@type":"WebPage","@id":"https:\/\/maranhaotv.com.br\/index.php\/2020\/08\/19\/candido-mendes-apos-prisao-de-prefeito-documentos-sao-encontrados-no-turu\/","url":"https:\/\/maranhaotv.com.br\/index.php\/2020\/08\/19\/candido-mendes-apos-prisao-de-prefeito-documentos-sao-encontrados-no-turu\/","name":"C\u00e2ndido Mendes: ap\u00f3s pris\u00e3o de prefeito, documentos s\u00e3o encontrados no Turu - NOT\u00cdCIAS EM TEMPO REAL","isPartOf":{"@id":"https:\/\/maranhaotv.com.br\/#website"},"primaryImageOfPage":{"@id":"https:\/\/maranhaotv.com.br\/index.php\/2020\/08\/19\/candido-mendes-apos-prisao-de-prefeito-documentos-sao-encontrados-no-turu\/#primaryimage"},"image":{"@id":"https:\/\/maranhaotv.com.br\/index.php\/2020\/08\/19\/candido-mendes-apos-prisao-de-prefeito-documentos-sao-encontrados-no-turu\/#primaryimage"},"thumbnailUrl":"","datePublished":"2020-08-19T17:43:07+00:00","breadcrumb":{"@id":"https:\/\/maranhaotv.com.br\/index.php\/2020\/08\/19\/candido-mendes-apos-prisao-de-prefeito-documentos-sao-encontrados-no-turu\/#breadcrumb"},"inLanguage":"pt-BR","potentialAction":[{"@type":"ReadAction","target":["https:\/\/maranhaotv.com.br\/index.php\/2020\/08\/19\/candido-mendes-apos-prisao-de-prefeito-documentos-sao-encontrados-no-turu\/"]}]},{"@type":"ImageObject","inLanguage":"pt-BR","@id":"https:\/\/maranhaotv.com.br\/index.php\/2020\/08\/19\/candido-mendes-apos-prisao-de-prefeito-documentos-sao-encontrados-no-turu\/#primaryimage","url":"","contentUrl":""},{"@type":"BreadcrumbList","@id":"https:\/\/maranhaotv.com.br\/index.php\/2020\/08\/19\/candido-mendes-apos-prisao-de-prefeito-documentos-sao-encontrados-no-turu\/#breadcrumb","itemListElement":[{"@type":"ListItem","position":1,"name":"In\u00edcio","item":"https:\/\/maranhaotv.com.br\/"},{"@type":"ListItem","position":2,"name":"C\u00e2ndido Mendes: ap\u00f3s pris\u00e3o de prefeito, documentos s\u00e3o encontrados no Turu"}]},{"@type":"WebSite","@id":"https:\/\/maranhaotv.com.br\/#website","url":"https:\/\/maranhaotv.com.br\/","name":"Maranh\u00e3oTV","description":"","publisher":{"@id":"https:\/\/maranhaotv.com.br\/#organization"},"potentialAction":[{"@type":"SearchAction","target":{"@type":"EntryPoint","urlTemplate":"https:\/\/maranhaotv.com.br\/?s={search_term_string}"},"query-input":{"@type":"PropertyValueSpecification","valueRequired":true,"valueName":"search_term_string"}}],"inLanguage":"pt-BR"},{"@type":"Organization","@id":"https:\/\/maranhaotv.com.br\/#organization","name":"Portal de Not\u00edcias","url":"https:\/\/maranhaotv.com.br\/","logo":{"@type":"ImageObject","inLanguage":"pt-BR","@id":"https:\/\/maranhaotv.com.br\/#\/schema\/logo\/image\/","url":"https:\/\/maranhaotv.com.br\/wp-content\/uploads\/2024\/05\/cropped-cropped-avatar-1.png","contentUrl":"https:\/\/maranhaotv.com.br\/wp-content\/uploads\/2024\/05\/cropped-cropped-avatar-1.png","width":792,"height":428,"caption":"Portal de Not\u00edcias"},"image":{"@id":"https:\/\/maranhaotv.com.br\/#\/schema\/logo\/image\/"},"sameAs":["https:\/\/www.facebook.com\/maiobaotv","https:\/\/x.com\/sitemaranhaotv","https:\/\/www.instagram.com\/maranhao.tv","https:\/\/www.threads.net\/@maranhao.tv"]},{"@type":"Person","@id":"https:\/\/maranhaotv.com.br\/#\/schema\/person\/3d54238e86b20bb5c89ab2fdb8f8829a","name":"maranhaotv","image":{"@type":"ImageObject","inLanguage":"pt-BR","@id":"https:\/\/secure.gravatar.com\/avatar\/8fadbca458d4cb68b1dd399ae9a40618d747bb1af65ac9fad21c89220a143eb4?s=96&d=mm&r=g","url":"https:\/\/secure.gravatar.com\/avatar\/8fadbca458d4cb68b1dd399ae9a40618d747bb1af65ac9fad21c89220a143eb4?s=96&d=mm&r=g","contentUrl":"https:\/\/secure.gravatar.com\/avatar\/8fadbca458d4cb68b1dd399ae9a40618d747bb1af65ac9fad21c89220a143eb4?s=96&d=mm&r=g","caption":"maranhaotv"},"sameAs":["https:\/\/maranhaotv.com.br\/"],"url":"https:\/\/maranhaotv.com.br\/index.php\/author\/maranhaotv\/"}]}},"jetpack_featured_media_url":"","jetpack_sharing_enabled":true,"_links":{"self":[{"href":"https:\/\/maranhaotv.com.br\/index.php\/wp-json\/wp\/v2\/posts\/13996","targetHints":{"allow":["GET"]}}],"collection":[{"href":"https:\/\/maranhaotv.com.br\/index.php\/wp-json\/wp\/v2\/posts"}],"about":[{"href":"https:\/\/maranhaotv.com.br\/index.php\/wp-json\/wp\/v2\/types\/post"}],"author":[{"embeddable":true,"href":"https:\/\/maranhaotv.com.br\/index.php\/wp-json\/wp\/v2\/users\/2"}],"replies":[{"embeddable":true,"href":"https:\/\/maranhaotv.com.br\/index.php\/wp-json\/wp\/v2\/comments?post=13996"}],"version-history":[{"count":0,"href":"https:\/\/maranhaotv.com.br\/index.php\/wp-json\/wp\/v2\/posts\/13996\/revisions"}],"wp:featuredmedia":[{"embeddable":true,"href":"https:\/\/maranhaotv.com.br\/index.php\/wp-json\/"}],"wp:attachment":[{"href":"https:\/\/maranhaotv.com.br\/index.php\/wp-json\/wp\/v2\/media?parent=13996"}],"wp:term":[{"taxonomy":"category","embeddable":true,"href":"https:\/\/maranhaotv.com.br\/index.php\/wp-json\/wp\/v2\/categories?post=13996"},{"taxonomy":"post_tag","embeddable":true,"href":"https:\/\/maranhaotv.com.br\/index.php\/wp-json\/wp\/v2\/tags?post=13996"}],"curies":[{"name":"wp","href":"https:\/\/api.w.org\/{rel}","templated":true}]}}