{"id":14049,"date":"2020-08-20T18:44:53","date_gmt":"2020-08-20T21:44:53","guid":{"rendered":"https:\/\/maiobaotv.com.br\/?p=14049"},"modified":"2020-08-20T18:44:53","modified_gmt":"2020-08-20T21:44:53","slug":"paco-do-lumiar-lider-do-grupo-de-jovens-da-assembleia-de-deus-e-aliada-de-fred-campos-assume-cidadania","status":"publish","type":"post","link":"https:\/\/maranhaotv.com.br\/index.php\/2020\/08\/20\/paco-do-lumiar-lider-do-grupo-de-jovens-da-assembleia-de-deus-e-aliada-de-fred-campos-assume-cidadania\/","title":{"rendered":"Pa\u00e7o do Lumiar: L\u00edder do Grupo de Jovens da Assembl\u00e9ia de Deus e aliada de Fred Campos assume Cidadania"},"content":{"rendered":"<p>A pol\u00edtica de Pa\u00e7o do Lumiar j\u00e1 se movimenta e os partidos j\u00e1 se configuram mostrando pr\u00e9vias do que ser\u00e3o as conven\u00e7\u00f5es partid\u00e1rias.<br \/>\nA nova presidente do Cidadania, agora \u00e9 Samya Regina Santos.<\/p>\n<p>Samya \u00e9 l\u00edder do Grupo de Jovens da Igreja Assembl\u00e9ia de Deus, do p\u00f3lo Maiob\u00e3o. Al\u00e9m de aliada de primeira ordem de Fred Campos. Samya tamb\u00e9m \u00e9 uma das coordenadoras da campanha do candidato do PL.<\/p>\n<p>Veja a composi\u00e7\u00e3o do Partido Cidadania em Pa\u00e7o do Lumiar:<\/p>\n<p><img loading=\"lazy\" decoding=\"async\" class=\"wp-image-14048 alignnone size-full\" src=\"https:\/\/maiobaotv.com.br\/wp-content\/uploads\/2020\/08\/img_20200820_1833597842782213557797632.jpg\" width=\"972\" height=\"1347\"><\/p>\n<p><img loading=\"lazy\" decoding=\"async\" class=\"wp-image-14047 alignnone size-full\" src=\"https:\/\/maiobaotv.com.br\/wp-content\/uploads\/2020\/08\/img_20200820_1834114067862028047687744.jpg\" width=\"1008\" height=\"1422\"><\/p>\n<p><img loading=\"lazy\" decoding=\"async\" class=\"wp-image-14051 alignnone size-full\" src=\"https:\/\/maiobaotv.com.br\/wp-content\/uploads\/2020\/08\/img-20200820-wa02272799905368062949180.jpg\" width=\"1055\" height=\"1280\"><\/p>\n<p>Pastor Enos Ferreira, Fred Campos, Maedja Campos e a nova Presidente do Cidadania Samya Regina Santos<\/p>\n","protected":false},"excerpt":{"rendered":"<p>A pol\u00edtica de Pa\u00e7o do Lumiar j\u00e1 se movimenta e os partidos j\u00e1 se configuram mostrando pr\u00e9vias do que ser\u00e3o<\/p>\n","protected":false},"author":2,"featured_media":14055,"comment_status":"open","ping_status":"open","sticky":false,"template":"","format":"standard","meta":{"colormag_page_container_layout":"default_layout","colormag_page_sidebar_layout":"default_layout","_jetpack_memberships_contains_paid_content":false,"footnotes":""},"categories":[2,6],"tags":[214,16,43,15],"class_list":["post-14049","post","type-post","status-publish","format-standard","has-post-thumbnail","hentry","category-noticias","category-politica","tag-cidadania","tag-eleicoes-2020","tag-fred-campos","tag-paco-do-lumiar"],"magazineBlocksPostFeaturedMedia":{"thumbnail":false,"medium":false,"medium_large":false,"large":false,"1536x1536":false,"2048x2048":false,"colormag-highlighted-post":false,"colormag-featured-post-medium":false,"colormag-featured-post-small":false,"colormag-featured-image":false,"colormag-default-news":false,"colormag-featured-image-large":false},"magazineBlocksPostAuthor":{"name":"maranhaotv","avatar":"https:\/\/secure.gravatar.com\/avatar\/8fadbca458d4cb68b1dd399ae9a40618d747bb1af65ac9fad21c89220a143eb4?s=96&d=mm&r=g"},"magazineBlocksPostCommentsNumber":"0","magazineBlocksPostExcerpt":"A pol\u00edtica de Pa\u00e7o do Lumiar j\u00e1 se movimenta e os partidos j\u00e1 se configuram mostrando pr\u00e9vias do que ser\u00e3o","magazineBlocksPostCategories":["not\u00edcias","pol\u00edtica"],"magazineBlocksPostViewCount":163,"magazineBlocksPostReadTime":1,"magazine_blocks_featured_image_url":{"full":false,"medium":false,"thumbnail":false},"magazine_blocks_author":{"display_name":"maranhaotv","author_link":"https:\/\/maranhaotv.com.br\/index.php\/author\/maranhaotv\/"},"magazine_blocks_comment":0,"magazine_blocks_author_image":"https:\/\/secure.gravatar.com\/avatar\/8fadbca458d4cb68b1dd399ae9a40618d747bb1af65ac9fad21c89220a143eb4?s=96&d=mm&r=g","magazine_blocks_category":"<a href=\"#\" class=\"category-link category-link-2\">not\u00edcias<\/a> <a href=\"#\" class=\"category-link category-link-6\">pol\u00edtica<\/a>","yoast_head":"<!-- This site is optimized with the Yoast SEO plugin v27.4 - https:\/\/yoast.com\/product\/yoast-seo-wordpress\/ -->\n<title>Pa\u00e7o do Lumiar: L\u00edder do Grupo de Jovens da Assembl\u00e9ia de Deus e aliada de Fred Campos assume Cidadania - NOT\u00cdCIAS EM TEMPO REAL<\/title>\n<meta name=\"robots\" content=\"index, follow, max-snippet:-1, max-image-preview:large, max-video-preview:-1\" \/>\n<link rel=\"canonical\" href=\"https:\/\/maranhaotv.com.br\/index.php\/2020\/08\/20\/paco-do-lumiar-lider-do-grupo-de-jovens-da-assembleia-de-deus-e-aliada-de-fred-campos-assume-cidadania\/\" \/>\n<meta property=\"og:locale\" content=\"pt_BR\" \/>\n<meta property=\"og:type\" content=\"article\" \/>\n<meta property=\"og:title\" content=\"Pa\u00e7o do Lumiar: L\u00edder do Grupo de Jovens da Assembl\u00e9ia de Deus e aliada de Fred Campos assume Cidadania - NOT\u00cdCIAS EM TEMPO REAL\" \/>\n<meta property=\"og:description\" content=\"A pol\u00edtica de Pa\u00e7o do Lumiar j\u00e1 se movimenta e os partidos j\u00e1 se configuram mostrando pr\u00e9vias do que ser\u00e3o\" \/>\n<meta property=\"og:url\" content=\"https:\/\/maranhaotv.com.br\/index.php\/2020\/08\/20\/paco-do-lumiar-lider-do-grupo-de-jovens-da-assembleia-de-deus-e-aliada-de-fred-campos-assume-cidadania\/\" \/>\n<meta property=\"og:site_name\" content=\"NOT\u00cdCIAS EM TEMPO REAL\" \/>\n<meta property=\"article:publisher\" content=\"https:\/\/www.facebook.com\/maiobaotv\" \/>\n<meta property=\"article:published_time\" content=\"2020-08-20T21:44:53+00:00\" \/>\n<meta name=\"author\" content=\"maranhaotv\" \/>\n<meta name=\"twitter:card\" content=\"summary_large_image\" \/>\n<meta name=\"twitter:creator\" content=\"@sitemaranhaotv\" \/>\n<meta name=\"twitter:site\" content=\"@sitemaranhaotv\" \/>\n<meta name=\"twitter:label1\" content=\"Escrito por\" \/>\n\t<meta name=\"twitter:data1\" content=\"maranhaotv\" \/>\n\t<meta name=\"twitter:label2\" content=\"Est. tempo de leitura\" \/>\n\t<meta name=\"twitter:data2\" content=\"1 minuto\" \/>\n<script type=\"application\/ld+json\" class=\"yoast-schema-graph\">{\"@context\":\"https:\\\/\\\/schema.org\",\"@graph\":[{\"@type\":\"Article\",\"@id\":\"https:\\\/\\\/maranhaotv.com.br\\\/index.php\\\/2020\\\/08\\\/20\\\/paco-do-lumiar-lider-do-grupo-de-jovens-da-assembleia-de-deus-e-aliada-de-fred-campos-assume-cidadania\\\/#article\",\"isPartOf\":{\"@id\":\"https:\\\/\\\/maranhaotv.com.br\\\/index.php\\\/2020\\\/08\\\/20\\\/paco-do-lumiar-lider-do-grupo-de-jovens-da-assembleia-de-deus-e-aliada-de-fred-campos-assume-cidadania\\\/\"},\"author\":{\"name\":\"maranhaotv\",\"@id\":\"https:\\\/\\\/maranhaotv.com.br\\\/#\\\/schema\\\/person\\\/3d54238e86b20bb5c89ab2fdb8f8829a\"},\"headline\":\"Pa\u00e7o do Lumiar: L\u00edder do Grupo de Jovens da Assembl\u00e9ia de Deus e aliada de Fred Campos assume Cidadania\",\"datePublished\":\"2020-08-20T21:44:53+00:00\",\"mainEntityOfPage\":{\"@id\":\"https:\\\/\\\/maranhaotv.com.br\\\/index.php\\\/2020\\\/08\\\/20\\\/paco-do-lumiar-lider-do-grupo-de-jovens-da-assembleia-de-deus-e-aliada-de-fred-campos-assume-cidadania\\\/\"},\"wordCount\":128,\"commentCount\":0,\"publisher\":{\"@id\":\"https:\\\/\\\/maranhaotv.com.br\\\/#organization\"},\"image\":{\"@id\":\"https:\\\/\\\/maranhaotv.com.br\\\/index.php\\\/2020\\\/08\\\/20\\\/paco-do-lumiar-lider-do-grupo-de-jovens-da-assembleia-de-deus-e-aliada-de-fred-campos-assume-cidadania\\\/#primaryimage\"},\"thumbnailUrl\":\"\",\"keywords\":[\"Cidadania\",\"Elei\u00e7\u00f5es 2020\",\"Fred Campos\",\"Pa\u00e7o do Lumiar\"],\"articleSection\":[\"not\u00edcias\",\"pol\u00edtica\"],\"inLanguage\":\"pt-BR\",\"potentialAction\":[{\"@type\":\"CommentAction\",\"name\":\"Comment\",\"target\":[\"https:\\\/\\\/maranhaotv.com.br\\\/index.php\\\/2020\\\/08\\\/20\\\/paco-do-lumiar-lider-do-grupo-de-jovens-da-assembleia-de-deus-e-aliada-de-fred-campos-assume-cidadania\\\/#respond\"]}]},{\"@type\":\"WebPage\",\"@id\":\"https:\\\/\\\/maranhaotv.com.br\\\/index.php\\\/2020\\\/08\\\/20\\\/paco-do-lumiar-lider-do-grupo-de-jovens-da-assembleia-de-deus-e-aliada-de-fred-campos-assume-cidadania\\\/\",\"url\":\"https:\\\/\\\/maranhaotv.com.br\\\/index.php\\\/2020\\\/08\\\/20\\\/paco-do-lumiar-lider-do-grupo-de-jovens-da-assembleia-de-deus-e-aliada-de-fred-campos-assume-cidadania\\\/\",\"name\":\"Pa\u00e7o do Lumiar: L\u00edder do Grupo de Jovens da Assembl\u00e9ia de Deus e aliada de Fred Campos assume Cidadania - NOT\u00cdCIAS EM TEMPO REAL\",\"isPartOf\":{\"@id\":\"https:\\\/\\\/maranhaotv.com.br\\\/#website\"},\"primaryImageOfPage\":{\"@id\":\"https:\\\/\\\/maranhaotv.com.br\\\/index.php\\\/2020\\\/08\\\/20\\\/paco-do-lumiar-lider-do-grupo-de-jovens-da-assembleia-de-deus-e-aliada-de-fred-campos-assume-cidadania\\\/#primaryimage\"},\"image\":{\"@id\":\"https:\\\/\\\/maranhaotv.com.br\\\/index.php\\\/2020\\\/08\\\/20\\\/paco-do-lumiar-lider-do-grupo-de-jovens-da-assembleia-de-deus-e-aliada-de-fred-campos-assume-cidadania\\\/#primaryimage\"},\"thumbnailUrl\":\"\",\"datePublished\":\"2020-08-20T21:44:53+00:00\",\"breadcrumb\":{\"@id\":\"https:\\\/\\\/maranhaotv.com.br\\\/index.php\\\/2020\\\/08\\\/20\\\/paco-do-lumiar-lider-do-grupo-de-jovens-da-assembleia-de-deus-e-aliada-de-fred-campos-assume-cidadania\\\/#breadcrumb\"},\"inLanguage\":\"pt-BR\",\"potentialAction\":[{\"@type\":\"ReadAction\",\"target\":[\"https:\\\/\\\/maranhaotv.com.br\\\/index.php\\\/2020\\\/08\\\/20\\\/paco-do-lumiar-lider-do-grupo-de-jovens-da-assembleia-de-deus-e-aliada-de-fred-campos-assume-cidadania\\\/\"]}]},{\"@type\":\"ImageObject\",\"inLanguage\":\"pt-BR\",\"@id\":\"https:\\\/\\\/maranhaotv.com.br\\\/index.php\\\/2020\\\/08\\\/20\\\/paco-do-lumiar-lider-do-grupo-de-jovens-da-assembleia-de-deus-e-aliada-de-fred-campos-assume-cidadania\\\/#primaryimage\",\"url\":\"\",\"contentUrl\":\"\"},{\"@type\":\"BreadcrumbList\",\"@id\":\"https:\\\/\\\/maranhaotv.com.br\\\/index.php\\\/2020\\\/08\\\/20\\\/paco-do-lumiar-lider-do-grupo-de-jovens-da-assembleia-de-deus-e-aliada-de-fred-campos-assume-cidadania\\\/#breadcrumb\",\"itemListElement\":[{\"@type\":\"ListItem\",\"position\":1,\"name\":\"In\u00edcio\",\"item\":\"https:\\\/\\\/maranhaotv.com.br\\\/\"},{\"@type\":\"ListItem\",\"position\":2,\"name\":\"Pa\u00e7o do Lumiar: L\u00edder do Grupo de Jovens da Assembl\u00e9ia de Deus e aliada de Fred Campos assume Cidadania\"}]},{\"@type\":\"WebSite\",\"@id\":\"https:\\\/\\\/maranhaotv.com.br\\\/#website\",\"url\":\"https:\\\/\\\/maranhaotv.com.br\\\/\",\"name\":\"Maranh\u00e3oTV\",\"description\":\"\",\"publisher\":{\"@id\":\"https:\\\/\\\/maranhaotv.com.br\\\/#organization\"},\"potentialAction\":[{\"@type\":\"SearchAction\",\"target\":{\"@type\":\"EntryPoint\",\"urlTemplate\":\"https:\\\/\\\/maranhaotv.com.br\\\/?s={search_term_string}\"},\"query-input\":{\"@type\":\"PropertyValueSpecification\",\"valueRequired\":true,\"valueName\":\"search_term_string\"}}],\"inLanguage\":\"pt-BR\"},{\"@type\":\"Organization\",\"@id\":\"https:\\\/\\\/maranhaotv.com.br\\\/#organization\",\"name\":\"Portal de Not\u00edcias\",\"url\":\"https:\\\/\\\/maranhaotv.com.br\\\/\",\"logo\":{\"@type\":\"ImageObject\",\"inLanguage\":\"pt-BR\",\"@id\":\"https:\\\/\\\/maranhaotv.com.br\\\/#\\\/schema\\\/logo\\\/image\\\/\",\"url\":\"https:\\\/\\\/maranhaotv.com.br\\\/wp-content\\\/uploads\\\/2024\\\/05\\\/cropped-cropped-avatar-1.png\",\"contentUrl\":\"https:\\\/\\\/maranhaotv.com.br\\\/wp-content\\\/uploads\\\/2024\\\/05\\\/cropped-cropped-avatar-1.png\",\"width\":792,\"height\":428,\"caption\":\"Portal de Not\u00edcias\"},\"image\":{\"@id\":\"https:\\\/\\\/maranhaotv.com.br\\\/#\\\/schema\\\/logo\\\/image\\\/\"},\"sameAs\":[\"https:\\\/\\\/www.facebook.com\\\/maiobaotv\",\"https:\\\/\\\/x.com\\\/sitemaranhaotv\",\"https:\\\/\\\/www.instagram.com\\\/maranhao.tv\",\"https:\\\/\\\/www.threads.net\\\/@maranhao.tv\"]},{\"@type\":\"Person\",\"@id\":\"https:\\\/\\\/maranhaotv.com.br\\\/#\\\/schema\\\/person\\\/3d54238e86b20bb5c89ab2fdb8f8829a\",\"name\":\"maranhaotv\",\"image\":{\"@type\":\"ImageObject\",\"inLanguage\":\"pt-BR\",\"@id\":\"https:\\\/\\\/secure.gravatar.com\\\/avatar\\\/8fadbca458d4cb68b1dd399ae9a40618d747bb1af65ac9fad21c89220a143eb4?s=96&d=mm&r=g\",\"url\":\"https:\\\/\\\/secure.gravatar.com\\\/avatar\\\/8fadbca458d4cb68b1dd399ae9a40618d747bb1af65ac9fad21c89220a143eb4?s=96&d=mm&r=g\",\"contentUrl\":\"https:\\\/\\\/secure.gravatar.com\\\/avatar\\\/8fadbca458d4cb68b1dd399ae9a40618d747bb1af65ac9fad21c89220a143eb4?s=96&d=mm&r=g\",\"caption\":\"maranhaotv\"},\"sameAs\":[\"https:\\\/\\\/maranhaotv.com.br\\\/\"],\"url\":\"https:\\\/\\\/maranhaotv.com.br\\\/index.php\\\/author\\\/maranhaotv\\\/\"}]}<\/script>\n<!-- \/ Yoast SEO plugin. -->","yoast_head_json":{"title":"Pa\u00e7o do Lumiar: L\u00edder do Grupo de Jovens da Assembl\u00e9ia de Deus e aliada de Fred Campos assume Cidadania - NOT\u00cdCIAS EM TEMPO REAL","robots":{"index":"index","follow":"follow","max-snippet":"max-snippet:-1","max-image-preview":"max-image-preview:large","max-video-preview":"max-video-preview:-1"},"canonical":"https:\/\/maranhaotv.com.br\/index.php\/2020\/08\/20\/paco-do-lumiar-lider-do-grupo-de-jovens-da-assembleia-de-deus-e-aliada-de-fred-campos-assume-cidadania\/","og_locale":"pt_BR","og_type":"article","og_title":"Pa\u00e7o do Lumiar: L\u00edder do Grupo de Jovens da Assembl\u00e9ia de Deus e aliada de Fred Campos assume Cidadania - NOT\u00cdCIAS EM TEMPO REAL","og_description":"A pol\u00edtica de Pa\u00e7o do Lumiar j\u00e1 se movimenta e os partidos j\u00e1 se configuram mostrando pr\u00e9vias do que ser\u00e3o","og_url":"https:\/\/maranhaotv.com.br\/index.php\/2020\/08\/20\/paco-do-lumiar-lider-do-grupo-de-jovens-da-assembleia-de-deus-e-aliada-de-fred-campos-assume-cidadania\/","og_site_name":"NOT\u00cdCIAS EM TEMPO REAL","article_publisher":"https:\/\/www.facebook.com\/maiobaotv","article_published_time":"2020-08-20T21:44:53+00:00","author":"maranhaotv","twitter_card":"summary_large_image","twitter_creator":"@sitemaranhaotv","twitter_site":"@sitemaranhaotv","twitter_misc":{"Escrito por":"maranhaotv","Est. tempo de leitura":"1 minuto"},"schema":{"@context":"https:\/\/schema.org","@graph":[{"@type":"Article","@id":"https:\/\/maranhaotv.com.br\/index.php\/2020\/08\/20\/paco-do-lumiar-lider-do-grupo-de-jovens-da-assembleia-de-deus-e-aliada-de-fred-campos-assume-cidadania\/#article","isPartOf":{"@id":"https:\/\/maranhaotv.com.br\/index.php\/2020\/08\/20\/paco-do-lumiar-lider-do-grupo-de-jovens-da-assembleia-de-deus-e-aliada-de-fred-campos-assume-cidadania\/"},"author":{"name":"maranhaotv","@id":"https:\/\/maranhaotv.com.br\/#\/schema\/person\/3d54238e86b20bb5c89ab2fdb8f8829a"},"headline":"Pa\u00e7o do Lumiar: L\u00edder do Grupo de Jovens da Assembl\u00e9ia de Deus e aliada de Fred Campos assume Cidadania","datePublished":"2020-08-20T21:44:53+00:00","mainEntityOfPage":{"@id":"https:\/\/maranhaotv.com.br\/index.php\/2020\/08\/20\/paco-do-lumiar-lider-do-grupo-de-jovens-da-assembleia-de-deus-e-aliada-de-fred-campos-assume-cidadania\/"},"wordCount":128,"commentCount":0,"publisher":{"@id":"https:\/\/maranhaotv.com.br\/#organization"},"image":{"@id":"https:\/\/maranhaotv.com.br\/index.php\/2020\/08\/20\/paco-do-lumiar-lider-do-grupo-de-jovens-da-assembleia-de-deus-e-aliada-de-fred-campos-assume-cidadania\/#primaryimage"},"thumbnailUrl":"","keywords":["Cidadania","Elei\u00e7\u00f5es 2020","Fred Campos","Pa\u00e7o do Lumiar"],"articleSection":["not\u00edcias","pol\u00edtica"],"inLanguage":"pt-BR","potentialAction":[{"@type":"CommentAction","name":"Comment","target":["https:\/\/maranhaotv.com.br\/index.php\/2020\/08\/20\/paco-do-lumiar-lider-do-grupo-de-jovens-da-assembleia-de-deus-e-aliada-de-fred-campos-assume-cidadania\/#respond"]}]},{"@type":"WebPage","@id":"https:\/\/maranhaotv.com.br\/index.php\/2020\/08\/20\/paco-do-lumiar-lider-do-grupo-de-jovens-da-assembleia-de-deus-e-aliada-de-fred-campos-assume-cidadania\/","url":"https:\/\/maranhaotv.com.br\/index.php\/2020\/08\/20\/paco-do-lumiar-lider-do-grupo-de-jovens-da-assembleia-de-deus-e-aliada-de-fred-campos-assume-cidadania\/","name":"Pa\u00e7o do Lumiar: L\u00edder do Grupo de Jovens da Assembl\u00e9ia de Deus e aliada de Fred Campos assume Cidadania - NOT\u00cdCIAS EM TEMPO REAL","isPartOf":{"@id":"https:\/\/maranhaotv.com.br\/#website"},"primaryImageOfPage":{"@id":"https:\/\/maranhaotv.com.br\/index.php\/2020\/08\/20\/paco-do-lumiar-lider-do-grupo-de-jovens-da-assembleia-de-deus-e-aliada-de-fred-campos-assume-cidadania\/#primaryimage"},"image":{"@id":"https:\/\/maranhaotv.com.br\/index.php\/2020\/08\/20\/paco-do-lumiar-lider-do-grupo-de-jovens-da-assembleia-de-deus-e-aliada-de-fred-campos-assume-cidadania\/#primaryimage"},"thumbnailUrl":"","datePublished":"2020-08-20T21:44:53+00:00","breadcrumb":{"@id":"https:\/\/maranhaotv.com.br\/index.php\/2020\/08\/20\/paco-do-lumiar-lider-do-grupo-de-jovens-da-assembleia-de-deus-e-aliada-de-fred-campos-assume-cidadania\/#breadcrumb"},"inLanguage":"pt-BR","potentialAction":[{"@type":"ReadAction","target":["https:\/\/maranhaotv.com.br\/index.php\/2020\/08\/20\/paco-do-lumiar-lider-do-grupo-de-jovens-da-assembleia-de-deus-e-aliada-de-fred-campos-assume-cidadania\/"]}]},{"@type":"ImageObject","inLanguage":"pt-BR","@id":"https:\/\/maranhaotv.com.br\/index.php\/2020\/08\/20\/paco-do-lumiar-lider-do-grupo-de-jovens-da-assembleia-de-deus-e-aliada-de-fred-campos-assume-cidadania\/#primaryimage","url":"","contentUrl":""},{"@type":"BreadcrumbList","@id":"https:\/\/maranhaotv.com.br\/index.php\/2020\/08\/20\/paco-do-lumiar-lider-do-grupo-de-jovens-da-assembleia-de-deus-e-aliada-de-fred-campos-assume-cidadania\/#breadcrumb","itemListElement":[{"@type":"ListItem","position":1,"name":"In\u00edcio","item":"https:\/\/maranhaotv.com.br\/"},{"@type":"ListItem","position":2,"name":"Pa\u00e7o do Lumiar: L\u00edder do Grupo de Jovens da Assembl\u00e9ia de Deus e aliada de Fred Campos assume Cidadania"}]},{"@type":"WebSite","@id":"https:\/\/maranhaotv.com.br\/#website","url":"https:\/\/maranhaotv.com.br\/","name":"Maranh\u00e3oTV","description":"","publisher":{"@id":"https:\/\/maranhaotv.com.br\/#organization"},"potentialAction":[{"@type":"SearchAction","target":{"@type":"EntryPoint","urlTemplate":"https:\/\/maranhaotv.com.br\/?s={search_term_string}"},"query-input":{"@type":"PropertyValueSpecification","valueRequired":true,"valueName":"search_term_string"}}],"inLanguage":"pt-BR"},{"@type":"Organization","@id":"https:\/\/maranhaotv.com.br\/#organization","name":"Portal de Not\u00edcias","url":"https:\/\/maranhaotv.com.br\/","logo":{"@type":"ImageObject","inLanguage":"pt-BR","@id":"https:\/\/maranhaotv.com.br\/#\/schema\/logo\/image\/","url":"https:\/\/maranhaotv.com.br\/wp-content\/uploads\/2024\/05\/cropped-cropped-avatar-1.png","contentUrl":"https:\/\/maranhaotv.com.br\/wp-content\/uploads\/2024\/05\/cropped-cropped-avatar-1.png","width":792,"height":428,"caption":"Portal de Not\u00edcias"},"image":{"@id":"https:\/\/maranhaotv.com.br\/#\/schema\/logo\/image\/"},"sameAs":["https:\/\/www.facebook.com\/maiobaotv","https:\/\/x.com\/sitemaranhaotv","https:\/\/www.instagram.com\/maranhao.tv","https:\/\/www.threads.net\/@maranhao.tv"]},{"@type":"Person","@id":"https:\/\/maranhaotv.com.br\/#\/schema\/person\/3d54238e86b20bb5c89ab2fdb8f8829a","name":"maranhaotv","image":{"@type":"ImageObject","inLanguage":"pt-BR","@id":"https:\/\/secure.gravatar.com\/avatar\/8fadbca458d4cb68b1dd399ae9a40618d747bb1af65ac9fad21c89220a143eb4?s=96&d=mm&r=g","url":"https:\/\/secure.gravatar.com\/avatar\/8fadbca458d4cb68b1dd399ae9a40618d747bb1af65ac9fad21c89220a143eb4?s=96&d=mm&r=g","contentUrl":"https:\/\/secure.gravatar.com\/avatar\/8fadbca458d4cb68b1dd399ae9a40618d747bb1af65ac9fad21c89220a143eb4?s=96&d=mm&r=g","caption":"maranhaotv"},"sameAs":["https:\/\/maranhaotv.com.br\/"],"url":"https:\/\/maranhaotv.com.br\/index.php\/author\/maranhaotv\/"}]}},"jetpack_featured_media_url":"","jetpack_sharing_enabled":true,"_links":{"self":[{"href":"https:\/\/maranhaotv.com.br\/index.php\/wp-json\/wp\/v2\/posts\/14049","targetHints":{"allow":["GET"]}}],"collection":[{"href":"https:\/\/maranhaotv.com.br\/index.php\/wp-json\/wp\/v2\/posts"}],"about":[{"href":"https:\/\/maranhaotv.com.br\/index.php\/wp-json\/wp\/v2\/types\/post"}],"author":[{"embeddable":true,"href":"https:\/\/maranhaotv.com.br\/index.php\/wp-json\/wp\/v2\/users\/2"}],"replies":[{"embeddable":true,"href":"https:\/\/maranhaotv.com.br\/index.php\/wp-json\/wp\/v2\/comments?post=14049"}],"version-history":[{"count":0,"href":"https:\/\/maranhaotv.com.br\/index.php\/wp-json\/wp\/v2\/posts\/14049\/revisions"}],"wp:featuredmedia":[{"embeddable":true,"href":"https:\/\/maranhaotv.com.br\/index.php\/wp-json\/"}],"wp:attachment":[{"href":"https:\/\/maranhaotv.com.br\/index.php\/wp-json\/wp\/v2\/media?parent=14049"}],"wp:term":[{"taxonomy":"category","embeddable":true,"href":"https:\/\/maranhaotv.com.br\/index.php\/wp-json\/wp\/v2\/categories?post=14049"},{"taxonomy":"post_tag","embeddable":true,"href":"https:\/\/maranhaotv.com.br\/index.php\/wp-json\/wp\/v2\/tags?post=14049"}],"curies":[{"name":"wp","href":"https:\/\/api.w.org\/{rel}","templated":true}]}}