{"id":14082,"date":"2020-08-21T17:14:44","date_gmt":"2020-08-21T20:14:44","guid":{"rendered":"https:\/\/maiobaotv.com.br\/?p=14082"},"modified":"2020-08-21T17:14:44","modified_gmt":"2020-08-21T20:14:44","slug":"populacao-avalia-atuacao-de-fernando-muniz-e-cia-como-pessima-diz-pesquisa","status":"publish","type":"post","link":"https:\/\/maranhaotv.com.br\/index.php\/2020\/08\/21\/populacao-avalia-atuacao-de-fernando-muniz-e-cia-como-pessima-diz-pesquisa\/","title":{"rendered":"Popula\u00e7\u00e3o avalia atua\u00e7\u00e3o de Fernando Muniz e cia como p\u00e9ssima diz pesquisa"},"content":{"rendered":"<h5>Pesquisa avaliou tamb\u00e9m que 46,8% da popula\u00e7\u00e3o luminenses os vereadores s\u00e3o considerados p\u00e9ssimos<\/h5>\n<p>Rejei\u00e7\u00e3o. Essa \u00e9 a palavra reflexo do sentimento do luminense sobre os vereadores.<\/p>\n<p>Desesperador. Esse deve ser, certamente, o sentimento dos nobres sobre sua situa\u00e7\u00e3o aos olhos do eleitor.<br \/>\nNessa conta entra, em especial, Fernando que fez um mandato ruim, fraco, e que dever\u00e1 sentir muito mais que dificuldade para se reeleger. Com rejei\u00e7\u00e3o alt\u00edssima, Muniz corre s\u00e9rio risco de sequer assumir uma cadeira no legislativo luminense.<\/p>\n<p>Atolado em investiga\u00e7\u00f5es dos \u00f3rg\u00e3os fiscalizadores, impedido de realizar alguns pagamentos pelo TCE\/MA, Fernando v\u00ea sua rejei\u00e7\u00e3o gritar. Fernando que tentou barganhar a chapa de vice com Paula, agora v\u00ea a possibilidade de ser vereador de um \u00fanico mandato.<\/p>\n<p>Parece que em Pa\u00e7o do Lumiar, os eleitores v\u00e3o optar pelo novo.<\/p>\n<p>Veja o que pensa o eleitor sobre o legislativo luminense:<\/p>\n<p><img loading=\"lazy\" decoding=\"async\" class=\"wp-image-14085 alignnone size-full\" src=\"https:\/\/maiobaotv.com.br\/wp-content\/uploads\/2020\/08\/img_20200821_1711251782121125629575435.jpg\" width=\"914\" height=\"271\"><\/p>\n","protected":false},"excerpt":{"rendered":"<p>Pesquisa avaliou tamb\u00e9m que 46,8% da popula\u00e7\u00e3o luminenses os vereadores s\u00e3o considerados p\u00e9ssimos Rejei\u00e7\u00e3o. Essa \u00e9 a palavra reflexo do<\/p>\n","protected":false},"author":2,"featured_media":14084,"comment_status":"open","ping_status":"open","sticky":false,"template":"","format":"standard","meta":{"colormag_page_container_layout":"default_layout","colormag_page_sidebar_layout":"default_layout","_jetpack_memberships_contains_paid_content":false,"footnotes":""},"categories":[2],"tags":[44,93,15],"class_list":["post-14082","post","type-post","status-publish","format-standard","has-post-thumbnail","hentry","category-noticias","tag-fernando-muniz","tag-leonardo-bruno","tag-paco-do-lumiar"],"magazineBlocksPostFeaturedMedia":{"thumbnail":false,"medium":false,"medium_large":false,"large":false,"1536x1536":false,"2048x2048":false,"colormag-highlighted-post":false,"colormag-featured-post-medium":false,"colormag-featured-post-small":false,"colormag-featured-image":false,"colormag-default-news":false,"colormag-featured-image-large":false},"magazineBlocksPostAuthor":{"name":"maranhaotv","avatar":"https:\/\/secure.gravatar.com\/avatar\/8fadbca458d4cb68b1dd399ae9a40618d747bb1af65ac9fad21c89220a143eb4?s=96&d=mm&r=g"},"magazineBlocksPostCommentsNumber":"0","magazineBlocksPostExcerpt":"Pesquisa avaliou tamb\u00e9m que 46,8% da popula\u00e7\u00e3o luminenses os vereadores s\u00e3o considerados p\u00e9ssimos Rejei\u00e7\u00e3o. Essa \u00e9 a palavra reflexo do","magazineBlocksPostCategories":["not\u00edcias"],"magazineBlocksPostViewCount":174,"magazineBlocksPostReadTime":1,"magazine_blocks_featured_image_url":{"full":false,"medium":false,"thumbnail":false},"magazine_blocks_author":{"display_name":"maranhaotv","author_link":"https:\/\/maranhaotv.com.br\/index.php\/author\/maranhaotv\/"},"magazine_blocks_comment":0,"magazine_blocks_author_image":"https:\/\/secure.gravatar.com\/avatar\/8fadbca458d4cb68b1dd399ae9a40618d747bb1af65ac9fad21c89220a143eb4?s=96&d=mm&r=g","magazine_blocks_category":"<a href=\"#\" class=\"category-link category-link-2\">not\u00edcias<\/a>","yoast_head":"<!-- This site is optimized with the Yoast SEO plugin v27.4 - https:\/\/yoast.com\/product\/yoast-seo-wordpress\/ -->\n<title>Popula\u00e7\u00e3o avalia atua\u00e7\u00e3o de Fernando Muniz e cia como p\u00e9ssima diz pesquisa - NOT\u00cdCIAS EM TEMPO REAL<\/title>\n<meta name=\"robots\" content=\"index, follow, max-snippet:-1, max-image-preview:large, max-video-preview:-1\" \/>\n<link rel=\"canonical\" href=\"https:\/\/maranhaotv.com.br\/index.php\/2020\/08\/21\/populacao-avalia-atuacao-de-fernando-muniz-e-cia-como-pessima-diz-pesquisa\/\" \/>\n<meta property=\"og:locale\" content=\"pt_BR\" \/>\n<meta property=\"og:type\" content=\"article\" \/>\n<meta property=\"og:title\" content=\"Popula\u00e7\u00e3o avalia atua\u00e7\u00e3o de Fernando Muniz e cia como p\u00e9ssima diz pesquisa - NOT\u00cdCIAS EM TEMPO REAL\" \/>\n<meta property=\"og:description\" content=\"Pesquisa avaliou tamb\u00e9m que 46,8% da popula\u00e7\u00e3o luminenses os vereadores s\u00e3o considerados p\u00e9ssimos Rejei\u00e7\u00e3o. Essa \u00e9 a palavra reflexo do\" \/>\n<meta property=\"og:url\" content=\"https:\/\/maranhaotv.com.br\/index.php\/2020\/08\/21\/populacao-avalia-atuacao-de-fernando-muniz-e-cia-como-pessima-diz-pesquisa\/\" \/>\n<meta property=\"og:site_name\" content=\"NOT\u00cdCIAS EM TEMPO REAL\" \/>\n<meta property=\"article:publisher\" content=\"https:\/\/www.facebook.com\/maiobaotv\" \/>\n<meta property=\"article:published_time\" content=\"2020-08-21T20:14:44+00:00\" \/>\n<meta name=\"author\" content=\"maranhaotv\" \/>\n<meta name=\"twitter:card\" content=\"summary_large_image\" \/>\n<meta name=\"twitter:creator\" content=\"@sitemaranhaotv\" \/>\n<meta name=\"twitter:site\" content=\"@sitemaranhaotv\" \/>\n<meta name=\"twitter:label1\" content=\"Escrito por\" \/>\n\t<meta name=\"twitter:data1\" content=\"maranhaotv\" \/>\n\t<meta name=\"twitter:label2\" content=\"Est. tempo de leitura\" \/>\n\t<meta name=\"twitter:data2\" content=\"1 minuto\" \/>\n<script type=\"application\/ld+json\" class=\"yoast-schema-graph\">{\"@context\":\"https:\\\/\\\/schema.org\",\"@graph\":[{\"@type\":\"Article\",\"@id\":\"https:\\\/\\\/maranhaotv.com.br\\\/index.php\\\/2020\\\/08\\\/21\\\/populacao-avalia-atuacao-de-fernando-muniz-e-cia-como-pessima-diz-pesquisa\\\/#article\",\"isPartOf\":{\"@id\":\"https:\\\/\\\/maranhaotv.com.br\\\/index.php\\\/2020\\\/08\\\/21\\\/populacao-avalia-atuacao-de-fernando-muniz-e-cia-como-pessima-diz-pesquisa\\\/\"},\"author\":{\"name\":\"maranhaotv\",\"@id\":\"https:\\\/\\\/maranhaotv.com.br\\\/#\\\/schema\\\/person\\\/3d54238e86b20bb5c89ab2fdb8f8829a\"},\"headline\":\"Popula\u00e7\u00e3o avalia atua\u00e7\u00e3o de Fernando Muniz e cia como p\u00e9ssima diz pesquisa\",\"datePublished\":\"2020-08-21T20:14:44+00:00\",\"mainEntityOfPage\":{\"@id\":\"https:\\\/\\\/maranhaotv.com.br\\\/index.php\\\/2020\\\/08\\\/21\\\/populacao-avalia-atuacao-de-fernando-muniz-e-cia-como-pessima-diz-pesquisa\\\/\"},\"wordCount\":169,\"commentCount\":0,\"publisher\":{\"@id\":\"https:\\\/\\\/maranhaotv.com.br\\\/#organization\"},\"image\":{\"@id\":\"https:\\\/\\\/maranhaotv.com.br\\\/index.php\\\/2020\\\/08\\\/21\\\/populacao-avalia-atuacao-de-fernando-muniz-e-cia-como-pessima-diz-pesquisa\\\/#primaryimage\"},\"thumbnailUrl\":\"\",\"keywords\":[\"Fernando Muniz\",\"Leonardo Bruno\",\"Pa\u00e7o do Lumiar\"],\"articleSection\":[\"not\u00edcias\"],\"inLanguage\":\"pt-BR\",\"potentialAction\":[{\"@type\":\"CommentAction\",\"name\":\"Comment\",\"target\":[\"https:\\\/\\\/maranhaotv.com.br\\\/index.php\\\/2020\\\/08\\\/21\\\/populacao-avalia-atuacao-de-fernando-muniz-e-cia-como-pessima-diz-pesquisa\\\/#respond\"]}]},{\"@type\":\"WebPage\",\"@id\":\"https:\\\/\\\/maranhaotv.com.br\\\/index.php\\\/2020\\\/08\\\/21\\\/populacao-avalia-atuacao-de-fernando-muniz-e-cia-como-pessima-diz-pesquisa\\\/\",\"url\":\"https:\\\/\\\/maranhaotv.com.br\\\/index.php\\\/2020\\\/08\\\/21\\\/populacao-avalia-atuacao-de-fernando-muniz-e-cia-como-pessima-diz-pesquisa\\\/\",\"name\":\"Popula\u00e7\u00e3o avalia atua\u00e7\u00e3o de Fernando Muniz e cia como p\u00e9ssima diz pesquisa - NOT\u00cdCIAS EM TEMPO REAL\",\"isPartOf\":{\"@id\":\"https:\\\/\\\/maranhaotv.com.br\\\/#website\"},\"primaryImageOfPage\":{\"@id\":\"https:\\\/\\\/maranhaotv.com.br\\\/index.php\\\/2020\\\/08\\\/21\\\/populacao-avalia-atuacao-de-fernando-muniz-e-cia-como-pessima-diz-pesquisa\\\/#primaryimage\"},\"image\":{\"@id\":\"https:\\\/\\\/maranhaotv.com.br\\\/index.php\\\/2020\\\/08\\\/21\\\/populacao-avalia-atuacao-de-fernando-muniz-e-cia-como-pessima-diz-pesquisa\\\/#primaryimage\"},\"thumbnailUrl\":\"\",\"datePublished\":\"2020-08-21T20:14:44+00:00\",\"breadcrumb\":{\"@id\":\"https:\\\/\\\/maranhaotv.com.br\\\/index.php\\\/2020\\\/08\\\/21\\\/populacao-avalia-atuacao-de-fernando-muniz-e-cia-como-pessima-diz-pesquisa\\\/#breadcrumb\"},\"inLanguage\":\"pt-BR\",\"potentialAction\":[{\"@type\":\"ReadAction\",\"target\":[\"https:\\\/\\\/maranhaotv.com.br\\\/index.php\\\/2020\\\/08\\\/21\\\/populacao-avalia-atuacao-de-fernando-muniz-e-cia-como-pessima-diz-pesquisa\\\/\"]}]},{\"@type\":\"ImageObject\",\"inLanguage\":\"pt-BR\",\"@id\":\"https:\\\/\\\/maranhaotv.com.br\\\/index.php\\\/2020\\\/08\\\/21\\\/populacao-avalia-atuacao-de-fernando-muniz-e-cia-como-pessima-diz-pesquisa\\\/#primaryimage\",\"url\":\"\",\"contentUrl\":\"\"},{\"@type\":\"BreadcrumbList\",\"@id\":\"https:\\\/\\\/maranhaotv.com.br\\\/index.php\\\/2020\\\/08\\\/21\\\/populacao-avalia-atuacao-de-fernando-muniz-e-cia-como-pessima-diz-pesquisa\\\/#breadcrumb\",\"itemListElement\":[{\"@type\":\"ListItem\",\"position\":1,\"name\":\"In\u00edcio\",\"item\":\"https:\\\/\\\/maranhaotv.com.br\\\/\"},{\"@type\":\"ListItem\",\"position\":2,\"name\":\"Popula\u00e7\u00e3o avalia atua\u00e7\u00e3o de Fernando Muniz e cia como p\u00e9ssima diz pesquisa\"}]},{\"@type\":\"WebSite\",\"@id\":\"https:\\\/\\\/maranhaotv.com.br\\\/#website\",\"url\":\"https:\\\/\\\/maranhaotv.com.br\\\/\",\"name\":\"Maranh\u00e3oTV\",\"description\":\"\",\"publisher\":{\"@id\":\"https:\\\/\\\/maranhaotv.com.br\\\/#organization\"},\"potentialAction\":[{\"@type\":\"SearchAction\",\"target\":{\"@type\":\"EntryPoint\",\"urlTemplate\":\"https:\\\/\\\/maranhaotv.com.br\\\/?s={search_term_string}\"},\"query-input\":{\"@type\":\"PropertyValueSpecification\",\"valueRequired\":true,\"valueName\":\"search_term_string\"}}],\"inLanguage\":\"pt-BR\"},{\"@type\":\"Organization\",\"@id\":\"https:\\\/\\\/maranhaotv.com.br\\\/#organization\",\"name\":\"Portal de Not\u00edcias\",\"url\":\"https:\\\/\\\/maranhaotv.com.br\\\/\",\"logo\":{\"@type\":\"ImageObject\",\"inLanguage\":\"pt-BR\",\"@id\":\"https:\\\/\\\/maranhaotv.com.br\\\/#\\\/schema\\\/logo\\\/image\\\/\",\"url\":\"https:\\\/\\\/maranhaotv.com.br\\\/wp-content\\\/uploads\\\/2024\\\/05\\\/cropped-cropped-avatar-1.png\",\"contentUrl\":\"https:\\\/\\\/maranhaotv.com.br\\\/wp-content\\\/uploads\\\/2024\\\/05\\\/cropped-cropped-avatar-1.png\",\"width\":792,\"height\":428,\"caption\":\"Portal de Not\u00edcias\"},\"image\":{\"@id\":\"https:\\\/\\\/maranhaotv.com.br\\\/#\\\/schema\\\/logo\\\/image\\\/\"},\"sameAs\":[\"https:\\\/\\\/www.facebook.com\\\/maiobaotv\",\"https:\\\/\\\/x.com\\\/sitemaranhaotv\",\"https:\\\/\\\/www.instagram.com\\\/maranhao.tv\",\"https:\\\/\\\/www.threads.net\\\/@maranhao.tv\"]},{\"@type\":\"Person\",\"@id\":\"https:\\\/\\\/maranhaotv.com.br\\\/#\\\/schema\\\/person\\\/3d54238e86b20bb5c89ab2fdb8f8829a\",\"name\":\"maranhaotv\",\"image\":{\"@type\":\"ImageObject\",\"inLanguage\":\"pt-BR\",\"@id\":\"https:\\\/\\\/secure.gravatar.com\\\/avatar\\\/8fadbca458d4cb68b1dd399ae9a40618d747bb1af65ac9fad21c89220a143eb4?s=96&d=mm&r=g\",\"url\":\"https:\\\/\\\/secure.gravatar.com\\\/avatar\\\/8fadbca458d4cb68b1dd399ae9a40618d747bb1af65ac9fad21c89220a143eb4?s=96&d=mm&r=g\",\"contentUrl\":\"https:\\\/\\\/secure.gravatar.com\\\/avatar\\\/8fadbca458d4cb68b1dd399ae9a40618d747bb1af65ac9fad21c89220a143eb4?s=96&d=mm&r=g\",\"caption\":\"maranhaotv\"},\"sameAs\":[\"https:\\\/\\\/maranhaotv.com.br\\\/\"],\"url\":\"https:\\\/\\\/maranhaotv.com.br\\\/index.php\\\/author\\\/maranhaotv\\\/\"}]}<\/script>\n<!-- \/ Yoast SEO plugin. -->","yoast_head_json":{"title":"Popula\u00e7\u00e3o avalia atua\u00e7\u00e3o de Fernando Muniz e cia como p\u00e9ssima diz pesquisa - NOT\u00cdCIAS EM TEMPO REAL","robots":{"index":"index","follow":"follow","max-snippet":"max-snippet:-1","max-image-preview":"max-image-preview:large","max-video-preview":"max-video-preview:-1"},"canonical":"https:\/\/maranhaotv.com.br\/index.php\/2020\/08\/21\/populacao-avalia-atuacao-de-fernando-muniz-e-cia-como-pessima-diz-pesquisa\/","og_locale":"pt_BR","og_type":"article","og_title":"Popula\u00e7\u00e3o avalia atua\u00e7\u00e3o de Fernando Muniz e cia como p\u00e9ssima diz pesquisa - NOT\u00cdCIAS EM TEMPO REAL","og_description":"Pesquisa avaliou tamb\u00e9m que 46,8% da popula\u00e7\u00e3o luminenses os vereadores s\u00e3o considerados p\u00e9ssimos Rejei\u00e7\u00e3o. Essa \u00e9 a palavra reflexo do","og_url":"https:\/\/maranhaotv.com.br\/index.php\/2020\/08\/21\/populacao-avalia-atuacao-de-fernando-muniz-e-cia-como-pessima-diz-pesquisa\/","og_site_name":"NOT\u00cdCIAS EM TEMPO REAL","article_publisher":"https:\/\/www.facebook.com\/maiobaotv","article_published_time":"2020-08-21T20:14:44+00:00","author":"maranhaotv","twitter_card":"summary_large_image","twitter_creator":"@sitemaranhaotv","twitter_site":"@sitemaranhaotv","twitter_misc":{"Escrito por":"maranhaotv","Est. tempo de leitura":"1 minuto"},"schema":{"@context":"https:\/\/schema.org","@graph":[{"@type":"Article","@id":"https:\/\/maranhaotv.com.br\/index.php\/2020\/08\/21\/populacao-avalia-atuacao-de-fernando-muniz-e-cia-como-pessima-diz-pesquisa\/#article","isPartOf":{"@id":"https:\/\/maranhaotv.com.br\/index.php\/2020\/08\/21\/populacao-avalia-atuacao-de-fernando-muniz-e-cia-como-pessima-diz-pesquisa\/"},"author":{"name":"maranhaotv","@id":"https:\/\/maranhaotv.com.br\/#\/schema\/person\/3d54238e86b20bb5c89ab2fdb8f8829a"},"headline":"Popula\u00e7\u00e3o avalia atua\u00e7\u00e3o de Fernando Muniz e cia como p\u00e9ssima diz pesquisa","datePublished":"2020-08-21T20:14:44+00:00","mainEntityOfPage":{"@id":"https:\/\/maranhaotv.com.br\/index.php\/2020\/08\/21\/populacao-avalia-atuacao-de-fernando-muniz-e-cia-como-pessima-diz-pesquisa\/"},"wordCount":169,"commentCount":0,"publisher":{"@id":"https:\/\/maranhaotv.com.br\/#organization"},"image":{"@id":"https:\/\/maranhaotv.com.br\/index.php\/2020\/08\/21\/populacao-avalia-atuacao-de-fernando-muniz-e-cia-como-pessima-diz-pesquisa\/#primaryimage"},"thumbnailUrl":"","keywords":["Fernando Muniz","Leonardo Bruno","Pa\u00e7o do Lumiar"],"articleSection":["not\u00edcias"],"inLanguage":"pt-BR","potentialAction":[{"@type":"CommentAction","name":"Comment","target":["https:\/\/maranhaotv.com.br\/index.php\/2020\/08\/21\/populacao-avalia-atuacao-de-fernando-muniz-e-cia-como-pessima-diz-pesquisa\/#respond"]}]},{"@type":"WebPage","@id":"https:\/\/maranhaotv.com.br\/index.php\/2020\/08\/21\/populacao-avalia-atuacao-de-fernando-muniz-e-cia-como-pessima-diz-pesquisa\/","url":"https:\/\/maranhaotv.com.br\/index.php\/2020\/08\/21\/populacao-avalia-atuacao-de-fernando-muniz-e-cia-como-pessima-diz-pesquisa\/","name":"Popula\u00e7\u00e3o avalia atua\u00e7\u00e3o de Fernando Muniz e cia como p\u00e9ssima diz pesquisa - NOT\u00cdCIAS EM TEMPO REAL","isPartOf":{"@id":"https:\/\/maranhaotv.com.br\/#website"},"primaryImageOfPage":{"@id":"https:\/\/maranhaotv.com.br\/index.php\/2020\/08\/21\/populacao-avalia-atuacao-de-fernando-muniz-e-cia-como-pessima-diz-pesquisa\/#primaryimage"},"image":{"@id":"https:\/\/maranhaotv.com.br\/index.php\/2020\/08\/21\/populacao-avalia-atuacao-de-fernando-muniz-e-cia-como-pessima-diz-pesquisa\/#primaryimage"},"thumbnailUrl":"","datePublished":"2020-08-21T20:14:44+00:00","breadcrumb":{"@id":"https:\/\/maranhaotv.com.br\/index.php\/2020\/08\/21\/populacao-avalia-atuacao-de-fernando-muniz-e-cia-como-pessima-diz-pesquisa\/#breadcrumb"},"inLanguage":"pt-BR","potentialAction":[{"@type":"ReadAction","target":["https:\/\/maranhaotv.com.br\/index.php\/2020\/08\/21\/populacao-avalia-atuacao-de-fernando-muniz-e-cia-como-pessima-diz-pesquisa\/"]}]},{"@type":"ImageObject","inLanguage":"pt-BR","@id":"https:\/\/maranhaotv.com.br\/index.php\/2020\/08\/21\/populacao-avalia-atuacao-de-fernando-muniz-e-cia-como-pessima-diz-pesquisa\/#primaryimage","url":"","contentUrl":""},{"@type":"BreadcrumbList","@id":"https:\/\/maranhaotv.com.br\/index.php\/2020\/08\/21\/populacao-avalia-atuacao-de-fernando-muniz-e-cia-como-pessima-diz-pesquisa\/#breadcrumb","itemListElement":[{"@type":"ListItem","position":1,"name":"In\u00edcio","item":"https:\/\/maranhaotv.com.br\/"},{"@type":"ListItem","position":2,"name":"Popula\u00e7\u00e3o avalia atua\u00e7\u00e3o de Fernando Muniz e cia como p\u00e9ssima diz pesquisa"}]},{"@type":"WebSite","@id":"https:\/\/maranhaotv.com.br\/#website","url":"https:\/\/maranhaotv.com.br\/","name":"Maranh\u00e3oTV","description":"","publisher":{"@id":"https:\/\/maranhaotv.com.br\/#organization"},"potentialAction":[{"@type":"SearchAction","target":{"@type":"EntryPoint","urlTemplate":"https:\/\/maranhaotv.com.br\/?s={search_term_string}"},"query-input":{"@type":"PropertyValueSpecification","valueRequired":true,"valueName":"search_term_string"}}],"inLanguage":"pt-BR"},{"@type":"Organization","@id":"https:\/\/maranhaotv.com.br\/#organization","name":"Portal de Not\u00edcias","url":"https:\/\/maranhaotv.com.br\/","logo":{"@type":"ImageObject","inLanguage":"pt-BR","@id":"https:\/\/maranhaotv.com.br\/#\/schema\/logo\/image\/","url":"https:\/\/maranhaotv.com.br\/wp-content\/uploads\/2024\/05\/cropped-cropped-avatar-1.png","contentUrl":"https:\/\/maranhaotv.com.br\/wp-content\/uploads\/2024\/05\/cropped-cropped-avatar-1.png","width":792,"height":428,"caption":"Portal de Not\u00edcias"},"image":{"@id":"https:\/\/maranhaotv.com.br\/#\/schema\/logo\/image\/"},"sameAs":["https:\/\/www.facebook.com\/maiobaotv","https:\/\/x.com\/sitemaranhaotv","https:\/\/www.instagram.com\/maranhao.tv","https:\/\/www.threads.net\/@maranhao.tv"]},{"@type":"Person","@id":"https:\/\/maranhaotv.com.br\/#\/schema\/person\/3d54238e86b20bb5c89ab2fdb8f8829a","name":"maranhaotv","image":{"@type":"ImageObject","inLanguage":"pt-BR","@id":"https:\/\/secure.gravatar.com\/avatar\/8fadbca458d4cb68b1dd399ae9a40618d747bb1af65ac9fad21c89220a143eb4?s=96&d=mm&r=g","url":"https:\/\/secure.gravatar.com\/avatar\/8fadbca458d4cb68b1dd399ae9a40618d747bb1af65ac9fad21c89220a143eb4?s=96&d=mm&r=g","contentUrl":"https:\/\/secure.gravatar.com\/avatar\/8fadbca458d4cb68b1dd399ae9a40618d747bb1af65ac9fad21c89220a143eb4?s=96&d=mm&r=g","caption":"maranhaotv"},"sameAs":["https:\/\/maranhaotv.com.br\/"],"url":"https:\/\/maranhaotv.com.br\/index.php\/author\/maranhaotv\/"}]}},"jetpack_featured_media_url":"","jetpack_sharing_enabled":true,"_links":{"self":[{"href":"https:\/\/maranhaotv.com.br\/index.php\/wp-json\/wp\/v2\/posts\/14082","targetHints":{"allow":["GET"]}}],"collection":[{"href":"https:\/\/maranhaotv.com.br\/index.php\/wp-json\/wp\/v2\/posts"}],"about":[{"href":"https:\/\/maranhaotv.com.br\/index.php\/wp-json\/wp\/v2\/types\/post"}],"author":[{"embeddable":true,"href":"https:\/\/maranhaotv.com.br\/index.php\/wp-json\/wp\/v2\/users\/2"}],"replies":[{"embeddable":true,"href":"https:\/\/maranhaotv.com.br\/index.php\/wp-json\/wp\/v2\/comments?post=14082"}],"version-history":[{"count":0,"href":"https:\/\/maranhaotv.com.br\/index.php\/wp-json\/wp\/v2\/posts\/14082\/revisions"}],"wp:featuredmedia":[{"embeddable":true,"href":"https:\/\/maranhaotv.com.br\/index.php\/wp-json\/"}],"wp:attachment":[{"href":"https:\/\/maranhaotv.com.br\/index.php\/wp-json\/wp\/v2\/media?parent=14082"}],"wp:term":[{"taxonomy":"category","embeddable":true,"href":"https:\/\/maranhaotv.com.br\/index.php\/wp-json\/wp\/v2\/categories?post=14082"},{"taxonomy":"post_tag","embeddable":true,"href":"https:\/\/maranhaotv.com.br\/index.php\/wp-json\/wp\/v2\/tags?post=14082"}],"curies":[{"name":"wp","href":"https:\/\/api.w.org\/{rel}","templated":true}]}}