{"id":14089,"date":"2020-08-22T12:22:52","date_gmt":"2020-08-22T15:22:52","guid":{"rendered":"https:\/\/maiobaotv.com.br\/?p=14089"},"modified":"2020-08-22T12:22:52","modified_gmt":"2020-08-22T15:22:52","slug":"funcionario-da-prefeitura-de-paco-do-lumiar-e-preso-em-invasao-no-residencial-safira","status":"publish","type":"post","link":"https:\/\/maranhaotv.com.br\/index.php\/2020\/08\/22\/funcionario-da-prefeitura-de-paco-do-lumiar-e-preso-em-invasao-no-residencial-safira\/","title":{"rendered":"Funcion\u00e1rio da Prefeitura de Pa\u00e7o do Lumiar \u00e9 preso em invas\u00e3o no Residencial Safira"},"content":{"rendered":"<h5>Assessor da prefeita Paula Azevedo foi preso pela Pol\u00edcia Militar em reintegra\u00e7\u00e3o de posse de terreno no Residencial Safira<\/h5>\n<p>Um homem conhecido como Paulo Sampaio, questionava a a\u00e7\u00e3o da Pol\u00edcia, criticava o Governo do Estado e incitava os populares afirmando que o propriet\u00e1rio do terreno n\u00e3o possu\u00eda o documento de posse das terras no local e nem mandado judicial para a desapropria\u00e7\u00e3o.<\/p>\n<p>Nesse momento o servidor se encontra na Delegacia de Pol\u00edcia, sendo apresentado ao delegado de plant\u00e3o sob acusa\u00e7\u00e3o de desacato e por estimular a popula\u00e7\u00e3o contra a a\u00e7\u00e3o da pol\u00edcia do Maranh\u00e3o.<\/p>\n<p>Em nota a Prefeitura diz que a ocupa\u00e7\u00e3o \u00e9 irregular e que n\u00e3o tem responsabilidade sobre o ocorrido.<\/p>\n<p>Veja nota da Prefeitura:<\/p>\n<p><em>NOTA DE ESCLARECIMENTO <\/em><\/p>\n<p><em>Sobre o incidente decorrente em terreno localizado no residencial Safira, a Prefeitura de Pa\u00e7o do Lumiar esclarece:<\/em><\/p>\n<p><em>O terreno pertence \u00e0 construtora Canopus e foi ocupado de forma irregular; ap\u00f3s efetuar um Boletim de Ocorr\u00eancia e buscar os pr\u00e9stimos de um Advogado, a empresa ajuizou uma a\u00e7\u00e3o c\u00edvel denominada Manuten\u00e7\u00e3o de Posse. Desta forma, com respaldo da justi\u00e7a e com apoio da Pol\u00edcia Militar aconteceu a desapropria\u00e7\u00e3o da \u00e1rea particular. <\/em><\/p>\n<p><em>A prefeitura n\u00e3o tem nenhuma responsabilidade sobre o ocorrido; por essa raz\u00e3o torna-se inver\u00eddica qualquer not\u00edcia apontando envolvimento do poder p\u00fablico tanto na a\u00e7\u00e3o de desapropria\u00e7\u00e3o, quanto na invas\u00e3o. A prefeitura n\u00e3o tem poder sobre \u00e1rea privada, sendo assim, nega fornecimento de documentos autorizando a ocupa\u00e7\u00e3o. <\/em><\/p>\n<p><em>PREFEITURA DE PA\u00c7O DO LUMIAR.<\/em><\/p>\n<div class=\"jetpack-video-wrapper\"><iframe loading=\"lazy\" title=\"Servidor da Prefeitura questiona pol\u00edcia, Estado e empres\u00e1rio em invas\u00e3o no Safira\" width=\"800\" height=\"450\" src=\"https:\/\/www.youtube.com\/embed\/hLQWesz_bvY?feature=oembed\" frameborder=\"0\" allow=\"accelerometer; autoplay; clipboard-write; encrypted-media; gyroscope; picture-in-picture; web-share\" referrerpolicy=\"strict-origin-when-cross-origin\" allowfullscreen><\/iframe><\/div>\n<div class=\"jetpack-video-wrapper\"><iframe loading=\"lazy\" title=\"Pris\u00e3o de funcion\u00e1rio\" width=\"800\" height=\"450\" src=\"https:\/\/www.youtube.com\/embed\/bpZlWDZZIjM?feature=oembed\" frameborder=\"0\" allow=\"accelerometer; autoplay; clipboard-write; encrypted-media; gyroscope; picture-in-picture; web-share\" referrerpolicy=\"strict-origin-when-cross-origin\" allowfullscreen><\/iframe><\/div>\n<p><em><em>Momento em que o homem \u00e9 preso pela Pol\u00edcia Militar<\/em><\/em><\/p>\n","protected":false},"excerpt":{"rendered":"<p>Assessor da prefeita Paula Azevedo foi preso pela Pol\u00edcia Militar em reintegra\u00e7\u00e3o de posse de terreno no Residencial Safira Um<\/p>\n","protected":false},"author":2,"featured_media":14094,"comment_status":"open","ping_status":"open","sticky":false,"template":"","format":"standard","meta":{"colormag_page_container_layout":"default_layout","colormag_page_sidebar_layout":"default_layout","_jetpack_memberships_contains_paid_content":false,"footnotes":""},"categories":[2],"tags":[],"class_list":["post-14089","post","type-post","status-publish","format-standard","has-post-thumbnail","hentry","category-noticias"],"magazineBlocksPostFeaturedMedia":{"thumbnail":false,"medium":false,"medium_large":false,"large":false,"1536x1536":false,"2048x2048":false,"colormag-highlighted-post":false,"colormag-featured-post-medium":false,"colormag-featured-post-small":false,"colormag-featured-image":false,"colormag-default-news":false,"colormag-featured-image-large":false},"magazineBlocksPostAuthor":{"name":"maranhaotv","avatar":"https:\/\/secure.gravatar.com\/avatar\/8fadbca458d4cb68b1dd399ae9a40618d747bb1af65ac9fad21c89220a143eb4?s=96&d=mm&r=g"},"magazineBlocksPostCommentsNumber":"0","magazineBlocksPostExcerpt":"Assessor da prefeita Paula Azevedo foi preso pela Pol\u00edcia Militar em reintegra\u00e7\u00e3o de posse de terreno no Residencial Safira Um","magazineBlocksPostCategories":["not\u00edcias"],"magazineBlocksPostViewCount":149,"magazineBlocksPostReadTime":2,"magazine_blocks_featured_image_url":{"full":false,"medium":false,"thumbnail":false},"magazine_blocks_author":{"display_name":"maranhaotv","author_link":"https:\/\/maranhaotv.com.br\/index.php\/author\/maranhaotv\/"},"magazine_blocks_comment":0,"magazine_blocks_author_image":"https:\/\/secure.gravatar.com\/avatar\/8fadbca458d4cb68b1dd399ae9a40618d747bb1af65ac9fad21c89220a143eb4?s=96&d=mm&r=g","magazine_blocks_category":"<a href=\"#\" class=\"category-link category-link-2\">not\u00edcias<\/a>","yoast_head":"<!-- This site is optimized with the Yoast SEO plugin v27.4 - https:\/\/yoast.com\/product\/yoast-seo-wordpress\/ -->\n<title>Funcion\u00e1rio da Prefeitura de Pa\u00e7o do Lumiar \u00e9 preso em invas\u00e3o no Residencial Safira - NOT\u00cdCIAS EM TEMPO REAL<\/title>\n<meta name=\"robots\" content=\"index, follow, max-snippet:-1, max-image-preview:large, max-video-preview:-1\" \/>\n<link rel=\"canonical\" href=\"https:\/\/maranhaotv.com.br\/index.php\/2020\/08\/22\/funcionario-da-prefeitura-de-paco-do-lumiar-e-preso-em-invasao-no-residencial-safira\/\" \/>\n<meta property=\"og:locale\" content=\"pt_BR\" \/>\n<meta property=\"og:type\" content=\"article\" \/>\n<meta property=\"og:title\" content=\"Funcion\u00e1rio da Prefeitura de Pa\u00e7o do Lumiar \u00e9 preso em invas\u00e3o no Residencial Safira - NOT\u00cdCIAS EM TEMPO REAL\" \/>\n<meta property=\"og:description\" content=\"Assessor da prefeita Paula Azevedo foi preso pela Pol\u00edcia Militar em reintegra\u00e7\u00e3o de posse de terreno no Residencial Safira Um\" \/>\n<meta property=\"og:url\" content=\"https:\/\/maranhaotv.com.br\/index.php\/2020\/08\/22\/funcionario-da-prefeitura-de-paco-do-lumiar-e-preso-em-invasao-no-residencial-safira\/\" \/>\n<meta property=\"og:site_name\" content=\"NOT\u00cdCIAS EM TEMPO REAL\" \/>\n<meta property=\"article:publisher\" content=\"https:\/\/www.facebook.com\/maiobaotv\" \/>\n<meta property=\"article:published_time\" content=\"2020-08-22T15:22:52+00:00\" \/>\n<meta name=\"author\" content=\"maranhaotv\" \/>\n<meta name=\"twitter:card\" content=\"summary_large_image\" \/>\n<meta name=\"twitter:creator\" content=\"@sitemaranhaotv\" \/>\n<meta name=\"twitter:site\" content=\"@sitemaranhaotv\" \/>\n<meta name=\"twitter:label1\" content=\"Escrito por\" \/>\n\t<meta name=\"twitter:data1\" content=\"maranhaotv\" \/>\n\t<meta name=\"twitter:label2\" content=\"Est. tempo de leitura\" \/>\n\t<meta name=\"twitter:data2\" content=\"1 minuto\" \/>\n<script type=\"application\/ld+json\" class=\"yoast-schema-graph\">{\"@context\":\"https:\\\/\\\/schema.org\",\"@graph\":[{\"@type\":\"Article\",\"@id\":\"https:\\\/\\\/maranhaotv.com.br\\\/index.php\\\/2020\\\/08\\\/22\\\/funcionario-da-prefeitura-de-paco-do-lumiar-e-preso-em-invasao-no-residencial-safira\\\/#article\",\"isPartOf\":{\"@id\":\"https:\\\/\\\/maranhaotv.com.br\\\/index.php\\\/2020\\\/08\\\/22\\\/funcionario-da-prefeitura-de-paco-do-lumiar-e-preso-em-invasao-no-residencial-safira\\\/\"},\"author\":{\"name\":\"maranhaotv\",\"@id\":\"https:\\\/\\\/maranhaotv.com.br\\\/#\\\/schema\\\/person\\\/3d54238e86b20bb5c89ab2fdb8f8829a\"},\"headline\":\"Funcion\u00e1rio da Prefeitura de Pa\u00e7o do Lumiar \u00e9 preso em invas\u00e3o no Residencial Safira\",\"datePublished\":\"2020-08-22T15:22:52+00:00\",\"mainEntityOfPage\":{\"@id\":\"https:\\\/\\\/maranhaotv.com.br\\\/index.php\\\/2020\\\/08\\\/22\\\/funcionario-da-prefeitura-de-paco-do-lumiar-e-preso-em-invasao-no-residencial-safira\\\/\"},\"wordCount\":311,\"commentCount\":0,\"publisher\":{\"@id\":\"https:\\\/\\\/maranhaotv.com.br\\\/#organization\"},\"image\":{\"@id\":\"https:\\\/\\\/maranhaotv.com.br\\\/index.php\\\/2020\\\/08\\\/22\\\/funcionario-da-prefeitura-de-paco-do-lumiar-e-preso-em-invasao-no-residencial-safira\\\/#primaryimage\"},\"thumbnailUrl\":\"\",\"articleSection\":[\"not\u00edcias\"],\"inLanguage\":\"pt-BR\",\"potentialAction\":[{\"@type\":\"CommentAction\",\"name\":\"Comment\",\"target\":[\"https:\\\/\\\/maranhaotv.com.br\\\/index.php\\\/2020\\\/08\\\/22\\\/funcionario-da-prefeitura-de-paco-do-lumiar-e-preso-em-invasao-no-residencial-safira\\\/#respond\"]}]},{\"@type\":\"WebPage\",\"@id\":\"https:\\\/\\\/maranhaotv.com.br\\\/index.php\\\/2020\\\/08\\\/22\\\/funcionario-da-prefeitura-de-paco-do-lumiar-e-preso-em-invasao-no-residencial-safira\\\/\",\"url\":\"https:\\\/\\\/maranhaotv.com.br\\\/index.php\\\/2020\\\/08\\\/22\\\/funcionario-da-prefeitura-de-paco-do-lumiar-e-preso-em-invasao-no-residencial-safira\\\/\",\"name\":\"Funcion\u00e1rio da Prefeitura de Pa\u00e7o do Lumiar \u00e9 preso em invas\u00e3o no Residencial Safira - NOT\u00cdCIAS EM TEMPO REAL\",\"isPartOf\":{\"@id\":\"https:\\\/\\\/maranhaotv.com.br\\\/#website\"},\"primaryImageOfPage\":{\"@id\":\"https:\\\/\\\/maranhaotv.com.br\\\/index.php\\\/2020\\\/08\\\/22\\\/funcionario-da-prefeitura-de-paco-do-lumiar-e-preso-em-invasao-no-residencial-safira\\\/#primaryimage\"},\"image\":{\"@id\":\"https:\\\/\\\/maranhaotv.com.br\\\/index.php\\\/2020\\\/08\\\/22\\\/funcionario-da-prefeitura-de-paco-do-lumiar-e-preso-em-invasao-no-residencial-safira\\\/#primaryimage\"},\"thumbnailUrl\":\"\",\"datePublished\":\"2020-08-22T15:22:52+00:00\",\"breadcrumb\":{\"@id\":\"https:\\\/\\\/maranhaotv.com.br\\\/index.php\\\/2020\\\/08\\\/22\\\/funcionario-da-prefeitura-de-paco-do-lumiar-e-preso-em-invasao-no-residencial-safira\\\/#breadcrumb\"},\"inLanguage\":\"pt-BR\",\"potentialAction\":[{\"@type\":\"ReadAction\",\"target\":[\"https:\\\/\\\/maranhaotv.com.br\\\/index.php\\\/2020\\\/08\\\/22\\\/funcionario-da-prefeitura-de-paco-do-lumiar-e-preso-em-invasao-no-residencial-safira\\\/\"]}]},{\"@type\":\"ImageObject\",\"inLanguage\":\"pt-BR\",\"@id\":\"https:\\\/\\\/maranhaotv.com.br\\\/index.php\\\/2020\\\/08\\\/22\\\/funcionario-da-prefeitura-de-paco-do-lumiar-e-preso-em-invasao-no-residencial-safira\\\/#primaryimage\",\"url\":\"\",\"contentUrl\":\"\"},{\"@type\":\"BreadcrumbList\",\"@id\":\"https:\\\/\\\/maranhaotv.com.br\\\/index.php\\\/2020\\\/08\\\/22\\\/funcionario-da-prefeitura-de-paco-do-lumiar-e-preso-em-invasao-no-residencial-safira\\\/#breadcrumb\",\"itemListElement\":[{\"@type\":\"ListItem\",\"position\":1,\"name\":\"In\u00edcio\",\"item\":\"https:\\\/\\\/maranhaotv.com.br\\\/\"},{\"@type\":\"ListItem\",\"position\":2,\"name\":\"Funcion\u00e1rio da Prefeitura de Pa\u00e7o do Lumiar \u00e9 preso em invas\u00e3o no Residencial Safira\"}]},{\"@type\":\"WebSite\",\"@id\":\"https:\\\/\\\/maranhaotv.com.br\\\/#website\",\"url\":\"https:\\\/\\\/maranhaotv.com.br\\\/\",\"name\":\"Maranh\u00e3oTV\",\"description\":\"\",\"publisher\":{\"@id\":\"https:\\\/\\\/maranhaotv.com.br\\\/#organization\"},\"potentialAction\":[{\"@type\":\"SearchAction\",\"target\":{\"@type\":\"EntryPoint\",\"urlTemplate\":\"https:\\\/\\\/maranhaotv.com.br\\\/?s={search_term_string}\"},\"query-input\":{\"@type\":\"PropertyValueSpecification\",\"valueRequired\":true,\"valueName\":\"search_term_string\"}}],\"inLanguage\":\"pt-BR\"},{\"@type\":\"Organization\",\"@id\":\"https:\\\/\\\/maranhaotv.com.br\\\/#organization\",\"name\":\"Portal de Not\u00edcias\",\"url\":\"https:\\\/\\\/maranhaotv.com.br\\\/\",\"logo\":{\"@type\":\"ImageObject\",\"inLanguage\":\"pt-BR\",\"@id\":\"https:\\\/\\\/maranhaotv.com.br\\\/#\\\/schema\\\/logo\\\/image\\\/\",\"url\":\"https:\\\/\\\/maranhaotv.com.br\\\/wp-content\\\/uploads\\\/2024\\\/05\\\/cropped-cropped-avatar-1.png\",\"contentUrl\":\"https:\\\/\\\/maranhaotv.com.br\\\/wp-content\\\/uploads\\\/2024\\\/05\\\/cropped-cropped-avatar-1.png\",\"width\":792,\"height\":428,\"caption\":\"Portal de Not\u00edcias\"},\"image\":{\"@id\":\"https:\\\/\\\/maranhaotv.com.br\\\/#\\\/schema\\\/logo\\\/image\\\/\"},\"sameAs\":[\"https:\\\/\\\/www.facebook.com\\\/maiobaotv\",\"https:\\\/\\\/x.com\\\/sitemaranhaotv\",\"https:\\\/\\\/www.instagram.com\\\/maranhao.tv\",\"https:\\\/\\\/www.threads.net\\\/@maranhao.tv\"]},{\"@type\":\"Person\",\"@id\":\"https:\\\/\\\/maranhaotv.com.br\\\/#\\\/schema\\\/person\\\/3d54238e86b20bb5c89ab2fdb8f8829a\",\"name\":\"maranhaotv\",\"image\":{\"@type\":\"ImageObject\",\"inLanguage\":\"pt-BR\",\"@id\":\"https:\\\/\\\/secure.gravatar.com\\\/avatar\\\/8fadbca458d4cb68b1dd399ae9a40618d747bb1af65ac9fad21c89220a143eb4?s=96&d=mm&r=g\",\"url\":\"https:\\\/\\\/secure.gravatar.com\\\/avatar\\\/8fadbca458d4cb68b1dd399ae9a40618d747bb1af65ac9fad21c89220a143eb4?s=96&d=mm&r=g\",\"contentUrl\":\"https:\\\/\\\/secure.gravatar.com\\\/avatar\\\/8fadbca458d4cb68b1dd399ae9a40618d747bb1af65ac9fad21c89220a143eb4?s=96&d=mm&r=g\",\"caption\":\"maranhaotv\"},\"sameAs\":[\"https:\\\/\\\/maranhaotv.com.br\\\/\"],\"url\":\"https:\\\/\\\/maranhaotv.com.br\\\/index.php\\\/author\\\/maranhaotv\\\/\"}]}<\/script>\n<!-- \/ Yoast SEO plugin. -->","yoast_head_json":{"title":"Funcion\u00e1rio da Prefeitura de Pa\u00e7o do Lumiar \u00e9 preso em invas\u00e3o no Residencial Safira - NOT\u00cdCIAS EM TEMPO REAL","robots":{"index":"index","follow":"follow","max-snippet":"max-snippet:-1","max-image-preview":"max-image-preview:large","max-video-preview":"max-video-preview:-1"},"canonical":"https:\/\/maranhaotv.com.br\/index.php\/2020\/08\/22\/funcionario-da-prefeitura-de-paco-do-lumiar-e-preso-em-invasao-no-residencial-safira\/","og_locale":"pt_BR","og_type":"article","og_title":"Funcion\u00e1rio da Prefeitura de Pa\u00e7o do Lumiar \u00e9 preso em invas\u00e3o no Residencial Safira - NOT\u00cdCIAS EM TEMPO REAL","og_description":"Assessor da prefeita Paula Azevedo foi preso pela Pol\u00edcia Militar em reintegra\u00e7\u00e3o de posse de terreno no Residencial Safira Um","og_url":"https:\/\/maranhaotv.com.br\/index.php\/2020\/08\/22\/funcionario-da-prefeitura-de-paco-do-lumiar-e-preso-em-invasao-no-residencial-safira\/","og_site_name":"NOT\u00cdCIAS EM TEMPO REAL","article_publisher":"https:\/\/www.facebook.com\/maiobaotv","article_published_time":"2020-08-22T15:22:52+00:00","author":"maranhaotv","twitter_card":"summary_large_image","twitter_creator":"@sitemaranhaotv","twitter_site":"@sitemaranhaotv","twitter_misc":{"Escrito por":"maranhaotv","Est. tempo de leitura":"1 minuto"},"schema":{"@context":"https:\/\/schema.org","@graph":[{"@type":"Article","@id":"https:\/\/maranhaotv.com.br\/index.php\/2020\/08\/22\/funcionario-da-prefeitura-de-paco-do-lumiar-e-preso-em-invasao-no-residencial-safira\/#article","isPartOf":{"@id":"https:\/\/maranhaotv.com.br\/index.php\/2020\/08\/22\/funcionario-da-prefeitura-de-paco-do-lumiar-e-preso-em-invasao-no-residencial-safira\/"},"author":{"name":"maranhaotv","@id":"https:\/\/maranhaotv.com.br\/#\/schema\/person\/3d54238e86b20bb5c89ab2fdb8f8829a"},"headline":"Funcion\u00e1rio da Prefeitura de Pa\u00e7o do Lumiar \u00e9 preso em invas\u00e3o no Residencial Safira","datePublished":"2020-08-22T15:22:52+00:00","mainEntityOfPage":{"@id":"https:\/\/maranhaotv.com.br\/index.php\/2020\/08\/22\/funcionario-da-prefeitura-de-paco-do-lumiar-e-preso-em-invasao-no-residencial-safira\/"},"wordCount":311,"commentCount":0,"publisher":{"@id":"https:\/\/maranhaotv.com.br\/#organization"},"image":{"@id":"https:\/\/maranhaotv.com.br\/index.php\/2020\/08\/22\/funcionario-da-prefeitura-de-paco-do-lumiar-e-preso-em-invasao-no-residencial-safira\/#primaryimage"},"thumbnailUrl":"","articleSection":["not\u00edcias"],"inLanguage":"pt-BR","potentialAction":[{"@type":"CommentAction","name":"Comment","target":["https:\/\/maranhaotv.com.br\/index.php\/2020\/08\/22\/funcionario-da-prefeitura-de-paco-do-lumiar-e-preso-em-invasao-no-residencial-safira\/#respond"]}]},{"@type":"WebPage","@id":"https:\/\/maranhaotv.com.br\/index.php\/2020\/08\/22\/funcionario-da-prefeitura-de-paco-do-lumiar-e-preso-em-invasao-no-residencial-safira\/","url":"https:\/\/maranhaotv.com.br\/index.php\/2020\/08\/22\/funcionario-da-prefeitura-de-paco-do-lumiar-e-preso-em-invasao-no-residencial-safira\/","name":"Funcion\u00e1rio da Prefeitura de Pa\u00e7o do Lumiar \u00e9 preso em invas\u00e3o no Residencial Safira - NOT\u00cdCIAS EM TEMPO REAL","isPartOf":{"@id":"https:\/\/maranhaotv.com.br\/#website"},"primaryImageOfPage":{"@id":"https:\/\/maranhaotv.com.br\/index.php\/2020\/08\/22\/funcionario-da-prefeitura-de-paco-do-lumiar-e-preso-em-invasao-no-residencial-safira\/#primaryimage"},"image":{"@id":"https:\/\/maranhaotv.com.br\/index.php\/2020\/08\/22\/funcionario-da-prefeitura-de-paco-do-lumiar-e-preso-em-invasao-no-residencial-safira\/#primaryimage"},"thumbnailUrl":"","datePublished":"2020-08-22T15:22:52+00:00","breadcrumb":{"@id":"https:\/\/maranhaotv.com.br\/index.php\/2020\/08\/22\/funcionario-da-prefeitura-de-paco-do-lumiar-e-preso-em-invasao-no-residencial-safira\/#breadcrumb"},"inLanguage":"pt-BR","potentialAction":[{"@type":"ReadAction","target":["https:\/\/maranhaotv.com.br\/index.php\/2020\/08\/22\/funcionario-da-prefeitura-de-paco-do-lumiar-e-preso-em-invasao-no-residencial-safira\/"]}]},{"@type":"ImageObject","inLanguage":"pt-BR","@id":"https:\/\/maranhaotv.com.br\/index.php\/2020\/08\/22\/funcionario-da-prefeitura-de-paco-do-lumiar-e-preso-em-invasao-no-residencial-safira\/#primaryimage","url":"","contentUrl":""},{"@type":"BreadcrumbList","@id":"https:\/\/maranhaotv.com.br\/index.php\/2020\/08\/22\/funcionario-da-prefeitura-de-paco-do-lumiar-e-preso-em-invasao-no-residencial-safira\/#breadcrumb","itemListElement":[{"@type":"ListItem","position":1,"name":"In\u00edcio","item":"https:\/\/maranhaotv.com.br\/"},{"@type":"ListItem","position":2,"name":"Funcion\u00e1rio da Prefeitura de Pa\u00e7o do Lumiar \u00e9 preso em invas\u00e3o no Residencial Safira"}]},{"@type":"WebSite","@id":"https:\/\/maranhaotv.com.br\/#website","url":"https:\/\/maranhaotv.com.br\/","name":"Maranh\u00e3oTV","description":"","publisher":{"@id":"https:\/\/maranhaotv.com.br\/#organization"},"potentialAction":[{"@type":"SearchAction","target":{"@type":"EntryPoint","urlTemplate":"https:\/\/maranhaotv.com.br\/?s={search_term_string}"},"query-input":{"@type":"PropertyValueSpecification","valueRequired":true,"valueName":"search_term_string"}}],"inLanguage":"pt-BR"},{"@type":"Organization","@id":"https:\/\/maranhaotv.com.br\/#organization","name":"Portal de Not\u00edcias","url":"https:\/\/maranhaotv.com.br\/","logo":{"@type":"ImageObject","inLanguage":"pt-BR","@id":"https:\/\/maranhaotv.com.br\/#\/schema\/logo\/image\/","url":"https:\/\/maranhaotv.com.br\/wp-content\/uploads\/2024\/05\/cropped-cropped-avatar-1.png","contentUrl":"https:\/\/maranhaotv.com.br\/wp-content\/uploads\/2024\/05\/cropped-cropped-avatar-1.png","width":792,"height":428,"caption":"Portal de Not\u00edcias"},"image":{"@id":"https:\/\/maranhaotv.com.br\/#\/schema\/logo\/image\/"},"sameAs":["https:\/\/www.facebook.com\/maiobaotv","https:\/\/x.com\/sitemaranhaotv","https:\/\/www.instagram.com\/maranhao.tv","https:\/\/www.threads.net\/@maranhao.tv"]},{"@type":"Person","@id":"https:\/\/maranhaotv.com.br\/#\/schema\/person\/3d54238e86b20bb5c89ab2fdb8f8829a","name":"maranhaotv","image":{"@type":"ImageObject","inLanguage":"pt-BR","@id":"https:\/\/secure.gravatar.com\/avatar\/8fadbca458d4cb68b1dd399ae9a40618d747bb1af65ac9fad21c89220a143eb4?s=96&d=mm&r=g","url":"https:\/\/secure.gravatar.com\/avatar\/8fadbca458d4cb68b1dd399ae9a40618d747bb1af65ac9fad21c89220a143eb4?s=96&d=mm&r=g","contentUrl":"https:\/\/secure.gravatar.com\/avatar\/8fadbca458d4cb68b1dd399ae9a40618d747bb1af65ac9fad21c89220a143eb4?s=96&d=mm&r=g","caption":"maranhaotv"},"sameAs":["https:\/\/maranhaotv.com.br\/"],"url":"https:\/\/maranhaotv.com.br\/index.php\/author\/maranhaotv\/"}]}},"jetpack_featured_media_url":"","jetpack_sharing_enabled":true,"_links":{"self":[{"href":"https:\/\/maranhaotv.com.br\/index.php\/wp-json\/wp\/v2\/posts\/14089","targetHints":{"allow":["GET"]}}],"collection":[{"href":"https:\/\/maranhaotv.com.br\/index.php\/wp-json\/wp\/v2\/posts"}],"about":[{"href":"https:\/\/maranhaotv.com.br\/index.php\/wp-json\/wp\/v2\/types\/post"}],"author":[{"embeddable":true,"href":"https:\/\/maranhaotv.com.br\/index.php\/wp-json\/wp\/v2\/users\/2"}],"replies":[{"embeddable":true,"href":"https:\/\/maranhaotv.com.br\/index.php\/wp-json\/wp\/v2\/comments?post=14089"}],"version-history":[{"count":0,"href":"https:\/\/maranhaotv.com.br\/index.php\/wp-json\/wp\/v2\/posts\/14089\/revisions"}],"wp:featuredmedia":[{"embeddable":true,"href":"https:\/\/maranhaotv.com.br\/index.php\/wp-json\/"}],"wp:attachment":[{"href":"https:\/\/maranhaotv.com.br\/index.php\/wp-json\/wp\/v2\/media?parent=14089"}],"wp:term":[{"taxonomy":"category","embeddable":true,"href":"https:\/\/maranhaotv.com.br\/index.php\/wp-json\/wp\/v2\/categories?post=14089"},{"taxonomy":"post_tag","embeddable":true,"href":"https:\/\/maranhaotv.com.br\/index.php\/wp-json\/wp\/v2\/tags?post=14089"}],"curies":[{"name":"wp","href":"https:\/\/api.w.org\/{rel}","templated":true}]}}