{"id":14130,"date":"2020-08-23T11:10:46","date_gmt":"2020-08-23T14:10:46","guid":{"rendered":"https:\/\/maiobaotv.com.br\/?p=14130"},"modified":"2020-08-23T11:10:46","modified_gmt":"2020-08-23T14:10:46","slug":"pedreiras-com-aprovacao-popular-dro-humberto-faz-lancamento-de-pre-campanha-a-prefeito-da-cidade","status":"publish","type":"post","link":"https:\/\/maranhaotv.com.br\/index.php\/2020\/08\/23\/pedreiras-com-aprovacao-popular-dro-humberto-faz-lancamento-de-pre-campanha-a-prefeito-da-cidade\/","title":{"rendered":"Pedreiras: Com aprova\u00e7\u00e3o popular, Dr\u00ba Humberto faz lan\u00e7amento de pr\u00e9-campanha a prefeito da cidade"},"content":{"rendered":"<p><em>\u201cTODOS SABEM PORQUE DR\u00ba HUMBERTO EST\u00c1 NA POL\u00cdTICA HOJE EM PEDREIRAS. ENTRE OUTRAS QUEST\u00d5ES E COMO PROFISSIONAL DE SA\u00daDE, VIVENCIEI SITUA\u00c7\u00d5ES DEGRADANTES, SITUA\u00c7\u00d5ES DE DESCASO E ME ENCONTRAVA MUITAS VEZES DE M\u00c3OS ATADAS. ENT\u00c3O TUDO ISSO, MOTIVOU O CIDAD\u00c3O HUMBERTO ENTRAR NA POL\u00cdTICA.\u201d DISSE ELE.<\/em><\/p>\n<p>A declara\u00e7\u00e3o do m\u00e9dico, foi na inaugura\u00e7\u00e3o da sede do PSC Partido Social Crist\u00e3o nessa noite de sexta feira 21 de agosto, cuja data oficializa sua pr\u00e9-candidatura a prefeito da cidade de Pedreiras. O evento contou com a participa\u00e7\u00e3o de correligion\u00e1rios e do presidente estadual do partido, o deputado federal Alu\u00edsio Mendes.<br \/>\nFoi um dia memor\u00e1vel para todos. A sede do partido ficou pequena pra tanta gente.<\/p>\n<p>No palco presen\u00e7a tamb\u00e9m de vereadores que apoiam a pr\u00e9-candidatura de Dr Humberto Feitosa e dos pr\u00e9-candidatos a uma vaga no legislativo pedreirense que fizeram uso da palavra e ratificaram que est\u00e3o na luta juntamente com Humberto por uma Pedreiras melhor.<\/p>\n<p>O deputado federal Alu\u00edsio Mendes se apresentou, iniciou seu discurso cumprimentando o p\u00fablico, a esposa de Dr Humberto dona Meire que estava presente, todos que estavam no palco e agradeceu os votos obtidos na cidade. Disse que todos na cidade conhecem Dr; Humberto por ser um homem do bem e que Pedreiras merece o melhor.<\/p>\n<blockquote><p>\u201cUm ser humano, \u00edntegro, honesto, trabalhador e s\u00e3o essas pessoas que devem ser inseridas na pol\u00edtica. Vejo em Dr Humberto, um grande parceiro e aliado pelas suas qualidades, postura e integridade&#8221;, enfatizou Alu\u00edsio Mendes.<\/p><\/blockquote>\n<p>O deputado ainda elogiou a estrutura f\u00edsica da sede do partido na cidade, um dos melhores do estado e tamb\u00e9m o p\u00fablico presente que veio prestigiar aquele momento importante no munic\u00edpio.<\/p>\n<p><img loading=\"lazy\" decoding=\"async\" src=\"https:\/\/maiobaotv.com.br\/wp-content\/uploads\/2020\/08\/img-20200822-wa20707087307521989578473.jpg\" class=\"alignnone size-full wp-image-14131\" width=\"1280\" height=\"960\"><\/p>\n<p>Para finalizar o evento de lan\u00e7amento da pr\u00e9-candidatura a prefeito de Pedreiras, Dr: Humberto fez uso da palavra. Agradeceu a todos, falou um pouco das origens de sua fam\u00edlia, da luta para se formar em medicina, seu projeto que tem para o munic\u00edpio e de resgatar a hist\u00f3ria do povo, por isso coloca seu nome a aprecia\u00e7\u00e3o popular.<\/p>\n<p>Dr. Humberto ainda agradeceu a parceria firmada com o deputado federal Alu\u00edsio Mendes, sua entrada no partido e fazer uma administra\u00e7\u00e3o pautada nos princ\u00edpios da gest\u00e3o p\u00fablica voltada pro cidad\u00e3o.<\/p>\n<p><img loading=\"lazy\" decoding=\"async\" src=\"https:\/\/maiobaotv.com.br\/wp-content\/uploads\/2020\/08\/img-20200822-wa20682065337685232821477.jpg\" class=\"wp-image-14129 alignnone size-full\" width=\"1280\" height=\"960\"><\/p>\n<p><img loading=\"lazy\" decoding=\"async\" src=\"https:\/\/maiobaotv.com.br\/wp-content\/uploads\/2020\/08\/img-20200822-wa20763408617446712426716.jpg\" class=\"failed alignnone size-full wp-image-14132\" width=\"1280\" height=\"960\"><br \/>\n<img loading=\"lazy\" decoding=\"async\" src=\"https:\/\/maiobaotv.com.br\/wp-content\/uploads\/2020\/08\/img-20200822-wa207234869926814711552-1.jpg\" class=\"wp-image-14134 failed alignnone size-full\" width=\"1280\" height=\"960\"><\/p>\n<p><img loading=\"lazy\" decoding=\"async\" src=\"https:\/\/maiobaotv.com.br\/wp-content\/uploads\/2020\/08\/img-20200822-wa20744157936858867563853.jpg\" class=\"wp-image-14136 alignnone size-full\" width=\"1280\" height=\"960\"><\/p>\n","protected":false},"excerpt":{"rendered":"<p>\u201cTODOS SABEM PORQUE DR\u00ba HUMBERTO EST\u00c1 NA POL\u00cdTICA HOJE EM PEDREIRAS. ENTRE OUTRAS QUEST\u00d5ES E COMO PROFISSIONAL DE SA\u00daDE, VIVENCIEI<\/p>\n","protected":false},"author":2,"featured_media":14137,"comment_status":"open","ping_status":"open","sticky":false,"template":"","format":"standard","meta":{"colormag_page_container_layout":"default_layout","colormag_page_sidebar_layout":"default_layout","_jetpack_memberships_contains_paid_content":false,"footnotes":""},"categories":[2,6],"tags":[216,203],"class_list":["post-14130","post","type-post","status-publish","format-standard","has-post-thumbnail","hentry","category-noticias","category-politica","tag-dr-humberto","tag-pedreiras"],"magazineBlocksPostFeaturedMedia":{"thumbnail":false,"medium":false,"medium_large":false,"large":false,"1536x1536":false,"2048x2048":false,"colormag-highlighted-post":false,"colormag-featured-post-medium":false,"colormag-featured-post-small":false,"colormag-featured-image":false,"colormag-default-news":false,"colormag-featured-image-large":false},"magazineBlocksPostAuthor":{"name":"maranhaotv","avatar":"https:\/\/secure.gravatar.com\/avatar\/8fadbca458d4cb68b1dd399ae9a40618d747bb1af65ac9fad21c89220a143eb4?s=96&d=mm&r=g"},"magazineBlocksPostCommentsNumber":"0","magazineBlocksPostExcerpt":"\u201cTODOS SABEM PORQUE DR\u00ba HUMBERTO EST\u00c1 NA POL\u00cdTICA HOJE EM PEDREIRAS. ENTRE OUTRAS QUEST\u00d5ES E COMO PROFISSIONAL DE SA\u00daDE, VIVENCIEI","magazineBlocksPostCategories":["not\u00edcias","pol\u00edtica"],"magazineBlocksPostViewCount":193,"magazineBlocksPostReadTime":3,"magazine_blocks_featured_image_url":{"full":false,"medium":false,"thumbnail":false},"magazine_blocks_author":{"display_name":"maranhaotv","author_link":"https:\/\/maranhaotv.com.br\/index.php\/author\/maranhaotv\/"},"magazine_blocks_comment":0,"magazine_blocks_author_image":"https:\/\/secure.gravatar.com\/avatar\/8fadbca458d4cb68b1dd399ae9a40618d747bb1af65ac9fad21c89220a143eb4?s=96&d=mm&r=g","magazine_blocks_category":"<a href=\"#\" class=\"category-link category-link-2\">not\u00edcias<\/a> <a href=\"#\" class=\"category-link category-link-6\">pol\u00edtica<\/a>","yoast_head":"<!-- This site is optimized with the Yoast SEO plugin v27.4 - https:\/\/yoast.com\/product\/yoast-seo-wordpress\/ -->\n<title>Pedreiras: Com aprova\u00e7\u00e3o popular, Dr\u00ba Humberto faz lan\u00e7amento de pr\u00e9-campanha a prefeito da cidade - NOT\u00cdCIAS EM TEMPO REAL<\/title>\n<meta name=\"robots\" content=\"index, follow, max-snippet:-1, max-image-preview:large, max-video-preview:-1\" \/>\n<link rel=\"canonical\" href=\"https:\/\/maranhaotv.com.br\/index.php\/2020\/08\/23\/pedreiras-com-aprovacao-popular-dro-humberto-faz-lancamento-de-pre-campanha-a-prefeito-da-cidade\/\" \/>\n<meta property=\"og:locale\" content=\"pt_BR\" \/>\n<meta property=\"og:type\" content=\"article\" \/>\n<meta property=\"og:title\" content=\"Pedreiras: Com aprova\u00e7\u00e3o popular, Dr\u00ba Humberto faz lan\u00e7amento de pr\u00e9-campanha a prefeito da cidade - NOT\u00cdCIAS EM TEMPO REAL\" \/>\n<meta property=\"og:description\" content=\"\u201cTODOS SABEM PORQUE DR\u00ba HUMBERTO EST\u00c1 NA POL\u00cdTICA HOJE EM PEDREIRAS. ENTRE OUTRAS QUEST\u00d5ES E COMO PROFISSIONAL DE SA\u00daDE, VIVENCIEI\" \/>\n<meta property=\"og:url\" content=\"https:\/\/maranhaotv.com.br\/index.php\/2020\/08\/23\/pedreiras-com-aprovacao-popular-dro-humberto-faz-lancamento-de-pre-campanha-a-prefeito-da-cidade\/\" \/>\n<meta property=\"og:site_name\" content=\"NOT\u00cdCIAS EM TEMPO REAL\" \/>\n<meta property=\"article:publisher\" content=\"https:\/\/www.facebook.com\/maiobaotv\" \/>\n<meta property=\"article:published_time\" content=\"2020-08-23T14:10:46+00:00\" \/>\n<meta name=\"author\" content=\"maranhaotv\" \/>\n<meta name=\"twitter:card\" content=\"summary_large_image\" \/>\n<meta name=\"twitter:creator\" content=\"@sitemaranhaotv\" \/>\n<meta name=\"twitter:site\" content=\"@sitemaranhaotv\" \/>\n<meta name=\"twitter:label1\" content=\"Escrito por\" \/>\n\t<meta name=\"twitter:data1\" content=\"maranhaotv\" \/>\n\t<meta name=\"twitter:label2\" content=\"Est. tempo de leitura\" \/>\n\t<meta name=\"twitter:data2\" content=\"2 minutos\" \/>\n<script type=\"application\/ld+json\" class=\"yoast-schema-graph\">{\"@context\":\"https:\\\/\\\/schema.org\",\"@graph\":[{\"@type\":\"Article\",\"@id\":\"https:\\\/\\\/maranhaotv.com.br\\\/index.php\\\/2020\\\/08\\\/23\\\/pedreiras-com-aprovacao-popular-dro-humberto-faz-lancamento-de-pre-campanha-a-prefeito-da-cidade\\\/#article\",\"isPartOf\":{\"@id\":\"https:\\\/\\\/maranhaotv.com.br\\\/index.php\\\/2020\\\/08\\\/23\\\/pedreiras-com-aprovacao-popular-dro-humberto-faz-lancamento-de-pre-campanha-a-prefeito-da-cidade\\\/\"},\"author\":{\"name\":\"maranhaotv\",\"@id\":\"https:\\\/\\\/maranhaotv.com.br\\\/#\\\/schema\\\/person\\\/3d54238e86b20bb5c89ab2fdb8f8829a\"},\"headline\":\"Pedreiras: Com aprova\u00e7\u00e3o popular, Dr\u00ba Humberto faz lan\u00e7amento de pr\u00e9-campanha a prefeito da cidade\",\"datePublished\":\"2020-08-23T14:10:46+00:00\",\"mainEntityOfPage\":{\"@id\":\"https:\\\/\\\/maranhaotv.com.br\\\/index.php\\\/2020\\\/08\\\/23\\\/pedreiras-com-aprovacao-popular-dro-humberto-faz-lancamento-de-pre-campanha-a-prefeito-da-cidade\\\/\"},\"wordCount\":421,\"commentCount\":0,\"publisher\":{\"@id\":\"https:\\\/\\\/maranhaotv.com.br\\\/#organization\"},\"image\":{\"@id\":\"https:\\\/\\\/maranhaotv.com.br\\\/index.php\\\/2020\\\/08\\\/23\\\/pedreiras-com-aprovacao-popular-dro-humberto-faz-lancamento-de-pre-campanha-a-prefeito-da-cidade\\\/#primaryimage\"},\"thumbnailUrl\":\"\",\"keywords\":[\"Dr Humberto\",\"Pedreiras\"],\"articleSection\":[\"not\u00edcias\",\"pol\u00edtica\"],\"inLanguage\":\"pt-BR\",\"potentialAction\":[{\"@type\":\"CommentAction\",\"name\":\"Comment\",\"target\":[\"https:\\\/\\\/maranhaotv.com.br\\\/index.php\\\/2020\\\/08\\\/23\\\/pedreiras-com-aprovacao-popular-dro-humberto-faz-lancamento-de-pre-campanha-a-prefeito-da-cidade\\\/#respond\"]}]},{\"@type\":\"WebPage\",\"@id\":\"https:\\\/\\\/maranhaotv.com.br\\\/index.php\\\/2020\\\/08\\\/23\\\/pedreiras-com-aprovacao-popular-dro-humberto-faz-lancamento-de-pre-campanha-a-prefeito-da-cidade\\\/\",\"url\":\"https:\\\/\\\/maranhaotv.com.br\\\/index.php\\\/2020\\\/08\\\/23\\\/pedreiras-com-aprovacao-popular-dro-humberto-faz-lancamento-de-pre-campanha-a-prefeito-da-cidade\\\/\",\"name\":\"Pedreiras: Com aprova\u00e7\u00e3o popular, Dr\u00ba Humberto faz lan\u00e7amento de pr\u00e9-campanha a prefeito da cidade - NOT\u00cdCIAS EM TEMPO REAL\",\"isPartOf\":{\"@id\":\"https:\\\/\\\/maranhaotv.com.br\\\/#website\"},\"primaryImageOfPage\":{\"@id\":\"https:\\\/\\\/maranhaotv.com.br\\\/index.php\\\/2020\\\/08\\\/23\\\/pedreiras-com-aprovacao-popular-dro-humberto-faz-lancamento-de-pre-campanha-a-prefeito-da-cidade\\\/#primaryimage\"},\"image\":{\"@id\":\"https:\\\/\\\/maranhaotv.com.br\\\/index.php\\\/2020\\\/08\\\/23\\\/pedreiras-com-aprovacao-popular-dro-humberto-faz-lancamento-de-pre-campanha-a-prefeito-da-cidade\\\/#primaryimage\"},\"thumbnailUrl\":\"\",\"datePublished\":\"2020-08-23T14:10:46+00:00\",\"breadcrumb\":{\"@id\":\"https:\\\/\\\/maranhaotv.com.br\\\/index.php\\\/2020\\\/08\\\/23\\\/pedreiras-com-aprovacao-popular-dro-humberto-faz-lancamento-de-pre-campanha-a-prefeito-da-cidade\\\/#breadcrumb\"},\"inLanguage\":\"pt-BR\",\"potentialAction\":[{\"@type\":\"ReadAction\",\"target\":[\"https:\\\/\\\/maranhaotv.com.br\\\/index.php\\\/2020\\\/08\\\/23\\\/pedreiras-com-aprovacao-popular-dro-humberto-faz-lancamento-de-pre-campanha-a-prefeito-da-cidade\\\/\"]}]},{\"@type\":\"ImageObject\",\"inLanguage\":\"pt-BR\",\"@id\":\"https:\\\/\\\/maranhaotv.com.br\\\/index.php\\\/2020\\\/08\\\/23\\\/pedreiras-com-aprovacao-popular-dro-humberto-faz-lancamento-de-pre-campanha-a-prefeito-da-cidade\\\/#primaryimage\",\"url\":\"\",\"contentUrl\":\"\"},{\"@type\":\"BreadcrumbList\",\"@id\":\"https:\\\/\\\/maranhaotv.com.br\\\/index.php\\\/2020\\\/08\\\/23\\\/pedreiras-com-aprovacao-popular-dro-humberto-faz-lancamento-de-pre-campanha-a-prefeito-da-cidade\\\/#breadcrumb\",\"itemListElement\":[{\"@type\":\"ListItem\",\"position\":1,\"name\":\"In\u00edcio\",\"item\":\"https:\\\/\\\/maranhaotv.com.br\\\/\"},{\"@type\":\"ListItem\",\"position\":2,\"name\":\"Pedreiras: Com aprova\u00e7\u00e3o popular, Dr\u00ba Humberto faz lan\u00e7amento de pr\u00e9-campanha a prefeito da cidade\"}]},{\"@type\":\"WebSite\",\"@id\":\"https:\\\/\\\/maranhaotv.com.br\\\/#website\",\"url\":\"https:\\\/\\\/maranhaotv.com.br\\\/\",\"name\":\"Maranh\u00e3oTV\",\"description\":\"\",\"publisher\":{\"@id\":\"https:\\\/\\\/maranhaotv.com.br\\\/#organization\"},\"potentialAction\":[{\"@type\":\"SearchAction\",\"target\":{\"@type\":\"EntryPoint\",\"urlTemplate\":\"https:\\\/\\\/maranhaotv.com.br\\\/?s={search_term_string}\"},\"query-input\":{\"@type\":\"PropertyValueSpecification\",\"valueRequired\":true,\"valueName\":\"search_term_string\"}}],\"inLanguage\":\"pt-BR\"},{\"@type\":\"Organization\",\"@id\":\"https:\\\/\\\/maranhaotv.com.br\\\/#organization\",\"name\":\"Portal de Not\u00edcias\",\"url\":\"https:\\\/\\\/maranhaotv.com.br\\\/\",\"logo\":{\"@type\":\"ImageObject\",\"inLanguage\":\"pt-BR\",\"@id\":\"https:\\\/\\\/maranhaotv.com.br\\\/#\\\/schema\\\/logo\\\/image\\\/\",\"url\":\"https:\\\/\\\/maranhaotv.com.br\\\/wp-content\\\/uploads\\\/2024\\\/05\\\/cropped-cropped-avatar-1.png\",\"contentUrl\":\"https:\\\/\\\/maranhaotv.com.br\\\/wp-content\\\/uploads\\\/2024\\\/05\\\/cropped-cropped-avatar-1.png\",\"width\":792,\"height\":428,\"caption\":\"Portal de Not\u00edcias\"},\"image\":{\"@id\":\"https:\\\/\\\/maranhaotv.com.br\\\/#\\\/schema\\\/logo\\\/image\\\/\"},\"sameAs\":[\"https:\\\/\\\/www.facebook.com\\\/maiobaotv\",\"https:\\\/\\\/x.com\\\/sitemaranhaotv\",\"https:\\\/\\\/www.instagram.com\\\/maranhao.tv\",\"https:\\\/\\\/www.threads.net\\\/@maranhao.tv\"]},{\"@type\":\"Person\",\"@id\":\"https:\\\/\\\/maranhaotv.com.br\\\/#\\\/schema\\\/person\\\/3d54238e86b20bb5c89ab2fdb8f8829a\",\"name\":\"maranhaotv\",\"image\":{\"@type\":\"ImageObject\",\"inLanguage\":\"pt-BR\",\"@id\":\"https:\\\/\\\/secure.gravatar.com\\\/avatar\\\/8fadbca458d4cb68b1dd399ae9a40618d747bb1af65ac9fad21c89220a143eb4?s=96&d=mm&r=g\",\"url\":\"https:\\\/\\\/secure.gravatar.com\\\/avatar\\\/8fadbca458d4cb68b1dd399ae9a40618d747bb1af65ac9fad21c89220a143eb4?s=96&d=mm&r=g\",\"contentUrl\":\"https:\\\/\\\/secure.gravatar.com\\\/avatar\\\/8fadbca458d4cb68b1dd399ae9a40618d747bb1af65ac9fad21c89220a143eb4?s=96&d=mm&r=g\",\"caption\":\"maranhaotv\"},\"sameAs\":[\"https:\\\/\\\/maranhaotv.com.br\\\/\"],\"url\":\"https:\\\/\\\/maranhaotv.com.br\\\/index.php\\\/author\\\/maranhaotv\\\/\"}]}<\/script>\n<!-- \/ Yoast SEO plugin. -->","yoast_head_json":{"title":"Pedreiras: Com aprova\u00e7\u00e3o popular, Dr\u00ba Humberto faz lan\u00e7amento de pr\u00e9-campanha a prefeito da cidade - NOT\u00cdCIAS EM TEMPO REAL","robots":{"index":"index","follow":"follow","max-snippet":"max-snippet:-1","max-image-preview":"max-image-preview:large","max-video-preview":"max-video-preview:-1"},"canonical":"https:\/\/maranhaotv.com.br\/index.php\/2020\/08\/23\/pedreiras-com-aprovacao-popular-dro-humberto-faz-lancamento-de-pre-campanha-a-prefeito-da-cidade\/","og_locale":"pt_BR","og_type":"article","og_title":"Pedreiras: Com aprova\u00e7\u00e3o popular, Dr\u00ba Humberto faz lan\u00e7amento de pr\u00e9-campanha a prefeito da cidade - NOT\u00cdCIAS EM TEMPO REAL","og_description":"\u201cTODOS SABEM PORQUE DR\u00ba HUMBERTO EST\u00c1 NA POL\u00cdTICA HOJE EM PEDREIRAS. ENTRE OUTRAS QUEST\u00d5ES E COMO PROFISSIONAL DE SA\u00daDE, VIVENCIEI","og_url":"https:\/\/maranhaotv.com.br\/index.php\/2020\/08\/23\/pedreiras-com-aprovacao-popular-dro-humberto-faz-lancamento-de-pre-campanha-a-prefeito-da-cidade\/","og_site_name":"NOT\u00cdCIAS EM TEMPO REAL","article_publisher":"https:\/\/www.facebook.com\/maiobaotv","article_published_time":"2020-08-23T14:10:46+00:00","author":"maranhaotv","twitter_card":"summary_large_image","twitter_creator":"@sitemaranhaotv","twitter_site":"@sitemaranhaotv","twitter_misc":{"Escrito por":"maranhaotv","Est. tempo de leitura":"2 minutos"},"schema":{"@context":"https:\/\/schema.org","@graph":[{"@type":"Article","@id":"https:\/\/maranhaotv.com.br\/index.php\/2020\/08\/23\/pedreiras-com-aprovacao-popular-dro-humberto-faz-lancamento-de-pre-campanha-a-prefeito-da-cidade\/#article","isPartOf":{"@id":"https:\/\/maranhaotv.com.br\/index.php\/2020\/08\/23\/pedreiras-com-aprovacao-popular-dro-humberto-faz-lancamento-de-pre-campanha-a-prefeito-da-cidade\/"},"author":{"name":"maranhaotv","@id":"https:\/\/maranhaotv.com.br\/#\/schema\/person\/3d54238e86b20bb5c89ab2fdb8f8829a"},"headline":"Pedreiras: Com aprova\u00e7\u00e3o popular, Dr\u00ba Humberto faz lan\u00e7amento de pr\u00e9-campanha a prefeito da cidade","datePublished":"2020-08-23T14:10:46+00:00","mainEntityOfPage":{"@id":"https:\/\/maranhaotv.com.br\/index.php\/2020\/08\/23\/pedreiras-com-aprovacao-popular-dro-humberto-faz-lancamento-de-pre-campanha-a-prefeito-da-cidade\/"},"wordCount":421,"commentCount":0,"publisher":{"@id":"https:\/\/maranhaotv.com.br\/#organization"},"image":{"@id":"https:\/\/maranhaotv.com.br\/index.php\/2020\/08\/23\/pedreiras-com-aprovacao-popular-dro-humberto-faz-lancamento-de-pre-campanha-a-prefeito-da-cidade\/#primaryimage"},"thumbnailUrl":"","keywords":["Dr Humberto","Pedreiras"],"articleSection":["not\u00edcias","pol\u00edtica"],"inLanguage":"pt-BR","potentialAction":[{"@type":"CommentAction","name":"Comment","target":["https:\/\/maranhaotv.com.br\/index.php\/2020\/08\/23\/pedreiras-com-aprovacao-popular-dro-humberto-faz-lancamento-de-pre-campanha-a-prefeito-da-cidade\/#respond"]}]},{"@type":"WebPage","@id":"https:\/\/maranhaotv.com.br\/index.php\/2020\/08\/23\/pedreiras-com-aprovacao-popular-dro-humberto-faz-lancamento-de-pre-campanha-a-prefeito-da-cidade\/","url":"https:\/\/maranhaotv.com.br\/index.php\/2020\/08\/23\/pedreiras-com-aprovacao-popular-dro-humberto-faz-lancamento-de-pre-campanha-a-prefeito-da-cidade\/","name":"Pedreiras: Com aprova\u00e7\u00e3o popular, Dr\u00ba Humberto faz lan\u00e7amento de pr\u00e9-campanha a prefeito da cidade - NOT\u00cdCIAS EM TEMPO REAL","isPartOf":{"@id":"https:\/\/maranhaotv.com.br\/#website"},"primaryImageOfPage":{"@id":"https:\/\/maranhaotv.com.br\/index.php\/2020\/08\/23\/pedreiras-com-aprovacao-popular-dro-humberto-faz-lancamento-de-pre-campanha-a-prefeito-da-cidade\/#primaryimage"},"image":{"@id":"https:\/\/maranhaotv.com.br\/index.php\/2020\/08\/23\/pedreiras-com-aprovacao-popular-dro-humberto-faz-lancamento-de-pre-campanha-a-prefeito-da-cidade\/#primaryimage"},"thumbnailUrl":"","datePublished":"2020-08-23T14:10:46+00:00","breadcrumb":{"@id":"https:\/\/maranhaotv.com.br\/index.php\/2020\/08\/23\/pedreiras-com-aprovacao-popular-dro-humberto-faz-lancamento-de-pre-campanha-a-prefeito-da-cidade\/#breadcrumb"},"inLanguage":"pt-BR","potentialAction":[{"@type":"ReadAction","target":["https:\/\/maranhaotv.com.br\/index.php\/2020\/08\/23\/pedreiras-com-aprovacao-popular-dro-humberto-faz-lancamento-de-pre-campanha-a-prefeito-da-cidade\/"]}]},{"@type":"ImageObject","inLanguage":"pt-BR","@id":"https:\/\/maranhaotv.com.br\/index.php\/2020\/08\/23\/pedreiras-com-aprovacao-popular-dro-humberto-faz-lancamento-de-pre-campanha-a-prefeito-da-cidade\/#primaryimage","url":"","contentUrl":""},{"@type":"BreadcrumbList","@id":"https:\/\/maranhaotv.com.br\/index.php\/2020\/08\/23\/pedreiras-com-aprovacao-popular-dro-humberto-faz-lancamento-de-pre-campanha-a-prefeito-da-cidade\/#breadcrumb","itemListElement":[{"@type":"ListItem","position":1,"name":"In\u00edcio","item":"https:\/\/maranhaotv.com.br\/"},{"@type":"ListItem","position":2,"name":"Pedreiras: Com aprova\u00e7\u00e3o popular, Dr\u00ba Humberto faz lan\u00e7amento de pr\u00e9-campanha a prefeito da cidade"}]},{"@type":"WebSite","@id":"https:\/\/maranhaotv.com.br\/#website","url":"https:\/\/maranhaotv.com.br\/","name":"Maranh\u00e3oTV","description":"","publisher":{"@id":"https:\/\/maranhaotv.com.br\/#organization"},"potentialAction":[{"@type":"SearchAction","target":{"@type":"EntryPoint","urlTemplate":"https:\/\/maranhaotv.com.br\/?s={search_term_string}"},"query-input":{"@type":"PropertyValueSpecification","valueRequired":true,"valueName":"search_term_string"}}],"inLanguage":"pt-BR"},{"@type":"Organization","@id":"https:\/\/maranhaotv.com.br\/#organization","name":"Portal de Not\u00edcias","url":"https:\/\/maranhaotv.com.br\/","logo":{"@type":"ImageObject","inLanguage":"pt-BR","@id":"https:\/\/maranhaotv.com.br\/#\/schema\/logo\/image\/","url":"https:\/\/maranhaotv.com.br\/wp-content\/uploads\/2024\/05\/cropped-cropped-avatar-1.png","contentUrl":"https:\/\/maranhaotv.com.br\/wp-content\/uploads\/2024\/05\/cropped-cropped-avatar-1.png","width":792,"height":428,"caption":"Portal de Not\u00edcias"},"image":{"@id":"https:\/\/maranhaotv.com.br\/#\/schema\/logo\/image\/"},"sameAs":["https:\/\/www.facebook.com\/maiobaotv","https:\/\/x.com\/sitemaranhaotv","https:\/\/www.instagram.com\/maranhao.tv","https:\/\/www.threads.net\/@maranhao.tv"]},{"@type":"Person","@id":"https:\/\/maranhaotv.com.br\/#\/schema\/person\/3d54238e86b20bb5c89ab2fdb8f8829a","name":"maranhaotv","image":{"@type":"ImageObject","inLanguage":"pt-BR","@id":"https:\/\/secure.gravatar.com\/avatar\/8fadbca458d4cb68b1dd399ae9a40618d747bb1af65ac9fad21c89220a143eb4?s=96&d=mm&r=g","url":"https:\/\/secure.gravatar.com\/avatar\/8fadbca458d4cb68b1dd399ae9a40618d747bb1af65ac9fad21c89220a143eb4?s=96&d=mm&r=g","contentUrl":"https:\/\/secure.gravatar.com\/avatar\/8fadbca458d4cb68b1dd399ae9a40618d747bb1af65ac9fad21c89220a143eb4?s=96&d=mm&r=g","caption":"maranhaotv"},"sameAs":["https:\/\/maranhaotv.com.br\/"],"url":"https:\/\/maranhaotv.com.br\/index.php\/author\/maranhaotv\/"}]}},"jetpack_featured_media_url":"","jetpack_sharing_enabled":true,"_links":{"self":[{"href":"https:\/\/maranhaotv.com.br\/index.php\/wp-json\/wp\/v2\/posts\/14130","targetHints":{"allow":["GET"]}}],"collection":[{"href":"https:\/\/maranhaotv.com.br\/index.php\/wp-json\/wp\/v2\/posts"}],"about":[{"href":"https:\/\/maranhaotv.com.br\/index.php\/wp-json\/wp\/v2\/types\/post"}],"author":[{"embeddable":true,"href":"https:\/\/maranhaotv.com.br\/index.php\/wp-json\/wp\/v2\/users\/2"}],"replies":[{"embeddable":true,"href":"https:\/\/maranhaotv.com.br\/index.php\/wp-json\/wp\/v2\/comments?post=14130"}],"version-history":[{"count":0,"href":"https:\/\/maranhaotv.com.br\/index.php\/wp-json\/wp\/v2\/posts\/14130\/revisions"}],"wp:featuredmedia":[{"embeddable":true,"href":"https:\/\/maranhaotv.com.br\/index.php\/wp-json\/"}],"wp:attachment":[{"href":"https:\/\/maranhaotv.com.br\/index.php\/wp-json\/wp\/v2\/media?parent=14130"}],"wp:term":[{"taxonomy":"category","embeddable":true,"href":"https:\/\/maranhaotv.com.br\/index.php\/wp-json\/wp\/v2\/categories?post=14130"},{"taxonomy":"post_tag","embeddable":true,"href":"https:\/\/maranhaotv.com.br\/index.php\/wp-json\/wp\/v2\/tags?post=14130"}],"curies":[{"name":"wp","href":"https:\/\/api.w.org\/{rel}","templated":true}]}}