{"id":14160,"date":"2020-08-24T12:23:18","date_gmt":"2020-08-24T15:23:18","guid":{"rendered":"https:\/\/maiobaotv.com.br\/?p=14160"},"modified":"2020-08-24T12:23:18","modified_gmt":"2020-08-24T15:23:18","slug":"me-sinto-feliz-por-ser-o-primeiro-prefeito-negro-de-viana-disse-magrado-em-entrevista-confira","status":"publish","type":"post","link":"https:\/\/maranhaotv.com.br\/index.php\/2020\/08\/24\/me-sinto-feliz-por-ser-o-primeiro-prefeito-negro-de-viana-disse-magrado-em-entrevista-confira\/","title":{"rendered":"&#8216;Me sinto feliz por ser o primeiro prefeito negro de Viana&#8217;, disse Magrado em entrevista. Confira!"},"content":{"rendered":"<p>Em entrevista concedida a R\u00e1dio Maracu no fim da manh\u00e3 de hoje, 24, Magrado Barros, prefeito de Viana e pr\u00e9 candidato a Prefeitura falou sobre as a\u00e7\u00f5es e propostas para um poss\u00edvel segundo mandato. Acompanhe os melhores momentos da entrevista.<\/p>\n<p>Magrado iniciou falando de suas ra\u00edzes, filho da zona rural, filho de ex prefeito da cidade, disse que se sentia feliz por ser o primeiro prefeito negro de Viana.<\/p>\n<p><strong><u>\u00c1gua<\/u><\/strong><\/p>\n<p><em>Esse \u00e9 o maior gargalo da nossa administra\u00e7\u00e3o e temos consci\u00eancia disso, tanto \u00e9 que esse foi o \u00fanico compromisso que pedi ao nosso Deputado Estadual Marcelo Tavares, que hoje \u00e9 Chefe da Casa Civil. Em reuni\u00e3o com o Governador Fl\u00e1vio Dino, nos foi oferecido um projeto que foi feito pelos t\u00e9cnicos da Caema. <\/em><\/p>\n<p><em>Um projeto moderno, que custar\u00e1 6 milh\u00f5es e j\u00e1 foi autorizado pelo Governador. J\u00e1 est\u00e1 em licita\u00e7\u00e3o, entretanto, tivemos um impasse, que \u00e9 a Pandemia. Onde todas das licita\u00e7\u00f5es foram suspensas. Esse projeto tem previs\u00e3o para abastecer Viana por cerca de 20 anos, sem que haja interfer\u00eancia alguma. <\/em><\/p>\n<p><em>Sabemos que o SAAE \u00e9 deficit\u00e1rio, quando assumimos, era usado cloro de piscina e hoje isso n\u00e3o acontece. Limpamos os filtros, fizemos manuten\u00e7\u00e3o, e paralelo a isso fizemos po\u00e7o em algumas comunidades na Zona Rural, tudo isso com recurso pr\u00f3prio. Ainda vamos construir mais 10 po\u00e7os em Comunidades da zona rural, tudo com recurso pr\u00f3prio.<\/em><\/p>\n<p><strong><u>Educa\u00e7\u00e3o<\/u><\/strong><\/p>\n<p><em>Essa \u00e9 uma das nossas bandeiras. O gestor passado dizia que se eu ganhasse iria acabar com a educa\u00e7\u00e3o. Muito pelo contr\u00e1rio, valorizamos nosso professor, aprovamos a lei do Precat\u00f3rio, unificarmos matr\u00edculas. Por exemplo, a lei do piso, n\u00f3s acompanhamos o piso nacional, nenhum Munic\u00edpio faz isso. N\u00f3s fizemos repara\u00e7\u00e3o salarial, sem que nenhum professor tivesse que entrar na justi\u00e7a e esperar anos para receber.<\/em><br \/>\n<em>Fizemos grandes reformas nas escolas, algumas, praticamente fizemos escolas novas. E agora por \u00faltimo, colocamos no Caic o Centro Universit\u00e1rio, onde oferecemos 600 vagas de Ensino Superior. E eu t\u00f4 feliz, porque o Magrado Barros, que veio da zona rural \u00e9 hoje o prefeito da Educa\u00e7\u00e3o.<\/em><br \/>\n<em>Nossa merenda escolar \u00e9 de qualidade. Alguns vereadores da oposi\u00e7\u00e3o, no come\u00e7o do mandato iam para as escolas fiscalizar, e hoje eles mesmo assumem isso que t\u00f4 falando. Eu n\u00e3o admito que n\u00e3o haja merenda decente, eu j\u00e1 passei fome e sei o que \u00e9 isso. Por isso tenho essa sensibilidade.<\/em><\/p>\n<p><em>N\u00f3s implantamos um sistema onde o pai pode acompanhar a frequ\u00eancia escolar e nota dos filhos em tempo real.<\/em><br \/>\n<em>Adquirimos \u00f4nibus com parcerias com Governo Estadual, s\u00e3o 4 \u00f4nibus. Inclusive um deles vamos receber sendo emenda da Deputada Mical Damasceno, e quero aproveitar para agradecer esse gesto dela aqui.<\/em><\/p>\n<p><strong><u>Sa\u00fade<\/u><\/strong><\/p>\n<p><em>Trato a sa\u00fade como deve ser tratada, primeiro em busca de recurso. Hoje temos 4 ambul\u00e2ncias novas, ampliamos as equipes de Sa\u00fade da Fam\u00edlia, eram 10, hoje temos 20. Adquirimos uma caminhonete para a Vigil\u00e2ncia Sanit\u00e1ria.<\/em><\/p>\n<p><em>Hoje o munic\u00edpio conta com especialistas, como Cardiologista, dermatologista, urologista, contamos com uma vasta demanda de especialistas.<\/em><\/p>\n<p><em>Abrimos a o Centro do Covid, o Centro de Atendimento ao Idoso. E voc\u00eas sabem que hoje o munic\u00edpio n\u00e3o tem mais nenhum caso. Tivemos 15 \u00f3bitos, e tem munic\u00edpio menor que teve muito mais. Entretanto para isso tivemos que tomar medidas duras, e a popula\u00e7\u00e3o entendeu e aceitou nossas decis\u00f5es na Pandemia.<\/em><\/p>\n<p><em>Trouxemos as m\u00e1quinas de desinfec\u00e7\u00e3o dos locais p\u00fablicos, compramos as cabines de descontamina\u00e7\u00e3o que foram instaladas em diversos pontos de Viana.<\/em><br \/>\n<em>E esse reconhecimento eu tenho tamb\u00e9m do povo da zona rural. <\/em><br \/>\n<em>Realizamos tamb\u00e9m 513 cirurgias eletivas, e essas cirurgias todas com recurso pr\u00f3prio, com emendas de deputados, para poder custear os procedimentos. E esse foi um compromisso de campanha, em diminuir aquela prociss\u00e3o de ambul\u00e2ncias para S\u00e3o Lu\u00eds. Quando assumimos nem aparelho de Raio X tinha, e n\u00f3s colocamos, n\u00e3o se fazia ultrassom, e hoje j\u00e1 fazemos.<\/em><\/p>\n<p><strong><u>Propostas para um segundo mandato<\/u><\/strong><\/p>\n<p><em>Eu tenho um sonho de ver nesse munic\u00edpio, umas tr\u00eas ou quatro creches. Inclusive fizemos propostas e acabamos perdendo, porque o munic\u00edpio n\u00e3o podia assinar contrato em fun\u00e7\u00e3o de uma d\u00edvida antiga, como se o munic\u00edpio estivesse com o CPF sujo, o CAUC. E isso impediu que Viana fizesse conv\u00eanios. E agora conseguimos limpar o munic\u00edpio e suspender a d\u00edvida. Essa d\u00edvida n\u00e3o \u00e9 nossa, \u00e9 dos gestores anteriores, uma bola de neve. <\/em><\/p>\n<p><em>O munic\u00edpio deve consignado para Caixa Econ\u00f4mica e INSS para Receita Federal. E n\u00f3s entramos com uma a\u00e7\u00e3o de suspen\u00e7\u00e3o da d\u00edvida, e s\u00f3 conseguimos sucesso ap\u00f3s provar que nossa gest\u00e3o cumpre os deveres de casa, pagamos nossas obriga\u00e7\u00f5es, e a justi\u00e7a entendeu que n\u00f3s n\u00e3o poder\u00edamos ser penalizados pelo erro dos que passaram. <\/em><\/p>\n<p><em>Agora sim, estamos livres para realizar conv\u00eanios, novas UBS, inclusive vamos pleitear um SAMU, que vai beneficiar muito nossa popula\u00e7\u00e3o.<\/em><\/p>\n<p><strong><u>Esporte<\/u><\/strong><\/p>\n<p>N\u00f3s pegamos um gin\u00e1sio abandonado, e entregamos um novo, feito com recurso pr\u00f3prio.<\/p>\n<p>O Campeonato Vianense, que estava abandonado, realizamos! Fizemos o melhoramento do est\u00e1dio, colocamos ilumina\u00e7\u00e3o em LED, proporcionamos as melhores premia\u00e7\u00f5es aos nossos esportistas n\u00f3s campeonatos.<br \/>\nResgatamos os torneios dos povoados, e ainda com toda as nossas dificuldades, estamos realizando todos os torneios, imagina num segundo mandato?!<\/p>\n<p>Sobre poss\u00edveis alian\u00e7as<br \/>\nEstou a disposi\u00e7\u00e3o, a pol\u00edtica funciona com alian\u00e7as, tenho certeza que teremos muitas ades\u00f5es. Temos hoje um grupo pol\u00edtico muito forte. O que esse grupo quer \u00e9 uma Viana mais forte e desenvolvida.<\/p>\n<p><img loading=\"lazy\" decoding=\"async\" class=\"wp-image-14161 alignnone size-full\" src=\"https:\/\/maiobaotv.com.br\/wp-content\/uploads\/2020\/08\/img_20200824_120739989383890281980010.jpg\" width=\"1080\" height=\"599\"><\/p>\n<p><strong><u>Infraestrutura<\/u><\/strong><\/p>\n<p><em>Temos por exemplo a Estrada da Galegas, que foi feita por n\u00f3s ap\u00f3s 39 anos de abandono.<\/em><\/p>\n<p><em>A Citel, por exemplo, em parceria com o Estado refizemos todas as ruas.<\/em><br \/>\n<em>A Avenida Lu\u00eds de Almeida Couto, n\u00e3o poder\u00edamos cometer os mesmos erros do gestor passado. Nos organizamos para fazer a drenagem profunda, muito dinheiro se perdeu ali com o gestor passado.<\/em><\/p>\n<p><em>E agora a Avenida j\u00e1 recebeu a drenagem, a ilumina\u00e7\u00e3o em LED, t\u00e1 recebendo o meio fio na pr\u00f3xima semana receber\u00e1 a camada de asfalto.<\/em><br \/>\n<em>Vamos asfaltar agora a Rua Ant\u00f4nio Serafim, a Dr Castro Maia, que v\u00e3o receber a drenagem e a camada asf\u00e1ltica. Porque decidimos fazer servi\u00e7os que<\/em> v\u00e3o durar.<br \/>\n<em>Junto com essas ruas teremos mais 30 ruas asfaltadas, entre elas a Colhereiras.<\/em><\/p>\n<p><em>A zona rural ser\u00e1 asfaltada Laranjal, Santa Barbara e Caru, esses locais ter\u00e3o a estrada asfaltada. E assim dar mais mobilidade para a popula<\/em>\u00e7\u00e3o.<\/p>\n<p><strong><u>Considera\u00e7\u00f5es finais<\/u><\/strong><\/p>\n<p><em>Infelizmente o tempo \u00e9 curto para falar tudo que foi feito, como por exemplo toda ilumina\u00e7\u00e3o de LED. N\u00f3s pegamos um munic\u00edpio que devia para a Cemar e hoje temos saldo positivo e estamos resolvendo a ilumina\u00e7\u00e3o de Viana. E tantas outras coisas, que vou citar algumas que enumerei, como por exemplo o Restaurante Popular, que hoje oferecemos cerca de mil refei\u00e7\u00f5es di\u00e1rias, todo climatizado.<\/em><\/p>\n<p><em>As barragens que fizemos, a do Ibac\u00e1, foram 3km tirando o isolamento da Comunidade. <\/em><br \/>\n<em>A revitaliza\u00e7\u00e3o da Feira da Barra do Sol, em parceria com Banco do Brasil. Cavamos um po\u00e7o com recurso pr\u00f3prio. Caminh\u00e3o frigor\u00edfico para o matadouro municipal, que antes a carne era levada em carro\u00e7a.<\/em><\/p>\n<p><em>Estou a disposi\u00e7\u00e3o para a popula\u00e7\u00e3o que queira saber qualquer avan\u00e7o do munic\u00edpio. Foram muitas a\u00e7\u00f5es, infelizmente o tempo \u00e9 curto. Quero finalizar agradecendo a Deus, agradecer ao nosso time, amigos, agradecer a popula\u00e7\u00e3o da Zona Rural por onde passamos. Agradecer a nossa gest\u00e3o e a todos que fazem parte desse grupo e vamos para guerra, que dias melhores vir\u00e3o para nosso povo.<\/em><\/p>\n<p><img loading=\"lazy\" decoding=\"async\" class=\"wp-image-14159 alignnone size-full\" src=\"https:\/\/maiobaotv.com.br\/wp-content\/uploads\/2020\/08\/img-20200824-wa01757493031129062044030.jpg\" width=\"1280\" height=\"853\"><\/p>\n","protected":false},"excerpt":{"rendered":"<p>Em entrevista concedida a R\u00e1dio Maracu no fim da manh\u00e3 de hoje, 24, Magrado Barros, prefeito de Viana e pr\u00e9<\/p>\n","protected":false},"author":2,"featured_media":14164,"comment_status":"open","ping_status":"open","sticky":false,"template":"","format":"standard","meta":{"colormag_page_container_layout":"default_layout","colormag_page_sidebar_layout":"default_layout","_jetpack_memberships_contains_paid_content":false,"footnotes":""},"categories":[2],"tags":[17,5],"class_list":["post-14160","post","type-post","status-publish","format-standard","has-post-thumbnail","hentry","category-noticias","tag-magrado-barros","tag-viana"],"magazineBlocksPostFeaturedMedia":{"thumbnail":false,"medium":false,"medium_large":false,"large":false,"1536x1536":false,"2048x2048":false,"colormag-highlighted-post":false,"colormag-featured-post-medium":false,"colormag-featured-post-small":false,"colormag-featured-image":false,"colormag-default-news":false,"colormag-featured-image-large":false},"magazineBlocksPostAuthor":{"name":"maranhaotv","avatar":"https:\/\/secure.gravatar.com\/avatar\/8fadbca458d4cb68b1dd399ae9a40618d747bb1af65ac9fad21c89220a143eb4?s=96&d=mm&r=g"},"magazineBlocksPostCommentsNumber":"0","magazineBlocksPostExcerpt":"Em entrevista concedida a R\u00e1dio Maracu no fim da manh\u00e3 de hoje, 24, Magrado Barros, prefeito de Viana e pr\u00e9","magazineBlocksPostCategories":["not\u00edcias"],"magazineBlocksPostViewCount":202,"magazineBlocksPostReadTime":7,"magazine_blocks_featured_image_url":{"full":false,"medium":false,"thumbnail":false},"magazine_blocks_author":{"display_name":"maranhaotv","author_link":"https:\/\/maranhaotv.com.br\/index.php\/author\/maranhaotv\/"},"magazine_blocks_comment":0,"magazine_blocks_author_image":"https:\/\/secure.gravatar.com\/avatar\/8fadbca458d4cb68b1dd399ae9a40618d747bb1af65ac9fad21c89220a143eb4?s=96&d=mm&r=g","magazine_blocks_category":"<a href=\"#\" class=\"category-link category-link-2\">not\u00edcias<\/a>","yoast_head":"<!-- This site is optimized with the Yoast SEO plugin v27.4 - https:\/\/yoast.com\/product\/yoast-seo-wordpress\/ -->\n<title>&#039;Me sinto feliz por ser o primeiro prefeito negro de Viana&#039;, disse Magrado em entrevista. Confira! - NOT\u00cdCIAS EM TEMPO REAL<\/title>\n<meta name=\"robots\" content=\"index, follow, max-snippet:-1, max-image-preview:large, max-video-preview:-1\" \/>\n<link rel=\"canonical\" href=\"https:\/\/maranhaotv.com.br\/index.php\/2020\/08\/24\/me-sinto-feliz-por-ser-o-primeiro-prefeito-negro-de-viana-disse-magrado-em-entrevista-confira\/\" \/>\n<meta property=\"og:locale\" content=\"pt_BR\" \/>\n<meta property=\"og:type\" content=\"article\" \/>\n<meta property=\"og:title\" content=\"&#039;Me sinto feliz por ser o primeiro prefeito negro de Viana&#039;, disse Magrado em entrevista. Confira! - NOT\u00cdCIAS EM TEMPO REAL\" \/>\n<meta property=\"og:description\" content=\"Em entrevista concedida a R\u00e1dio Maracu no fim da manh\u00e3 de hoje, 24, Magrado Barros, prefeito de Viana e pr\u00e9\" \/>\n<meta property=\"og:url\" content=\"https:\/\/maranhaotv.com.br\/index.php\/2020\/08\/24\/me-sinto-feliz-por-ser-o-primeiro-prefeito-negro-de-viana-disse-magrado-em-entrevista-confira\/\" \/>\n<meta property=\"og:site_name\" content=\"NOT\u00cdCIAS EM TEMPO REAL\" \/>\n<meta property=\"article:publisher\" content=\"https:\/\/www.facebook.com\/maiobaotv\" \/>\n<meta property=\"article:published_time\" content=\"2020-08-24T15:23:18+00:00\" \/>\n<meta name=\"author\" content=\"maranhaotv\" \/>\n<meta name=\"twitter:card\" content=\"summary_large_image\" \/>\n<meta name=\"twitter:creator\" content=\"@sitemaranhaotv\" \/>\n<meta name=\"twitter:site\" content=\"@sitemaranhaotv\" \/>\n<meta name=\"twitter:label1\" content=\"Escrito por\" \/>\n\t<meta name=\"twitter:data1\" content=\"maranhaotv\" \/>\n\t<meta name=\"twitter:label2\" content=\"Est. tempo de leitura\" \/>\n\t<meta name=\"twitter:data2\" content=\"7 minutos\" \/>\n<script type=\"application\/ld+json\" class=\"yoast-schema-graph\">{\"@context\":\"https:\\\/\\\/schema.org\",\"@graph\":[{\"@type\":\"Article\",\"@id\":\"https:\\\/\\\/maranhaotv.com.br\\\/index.php\\\/2020\\\/08\\\/24\\\/me-sinto-feliz-por-ser-o-primeiro-prefeito-negro-de-viana-disse-magrado-em-entrevista-confira\\\/#article\",\"isPartOf\":{\"@id\":\"https:\\\/\\\/maranhaotv.com.br\\\/index.php\\\/2020\\\/08\\\/24\\\/me-sinto-feliz-por-ser-o-primeiro-prefeito-negro-de-viana-disse-magrado-em-entrevista-confira\\\/\"},\"author\":{\"name\":\"maranhaotv\",\"@id\":\"https:\\\/\\\/maranhaotv.com.br\\\/#\\\/schema\\\/person\\\/3d54238e86b20bb5c89ab2fdb8f8829a\"},\"headline\":\"&#8216;Me sinto feliz por ser o primeiro prefeito negro de Viana&#8217;, disse Magrado em entrevista. Confira!\",\"datePublished\":\"2020-08-24T15:23:18+00:00\",\"mainEntityOfPage\":{\"@id\":\"https:\\\/\\\/maranhaotv.com.br\\\/index.php\\\/2020\\\/08\\\/24\\\/me-sinto-feliz-por-ser-o-primeiro-prefeito-negro-de-viana-disse-magrado-em-entrevista-confira\\\/\"},\"wordCount\":1343,\"commentCount\":0,\"publisher\":{\"@id\":\"https:\\\/\\\/maranhaotv.com.br\\\/#organization\"},\"image\":{\"@id\":\"https:\\\/\\\/maranhaotv.com.br\\\/index.php\\\/2020\\\/08\\\/24\\\/me-sinto-feliz-por-ser-o-primeiro-prefeito-negro-de-viana-disse-magrado-em-entrevista-confira\\\/#primaryimage\"},\"thumbnailUrl\":\"\",\"keywords\":[\"Magrado Barros\",\"Viana\"],\"articleSection\":[\"not\u00edcias\"],\"inLanguage\":\"pt-BR\",\"potentialAction\":[{\"@type\":\"CommentAction\",\"name\":\"Comment\",\"target\":[\"https:\\\/\\\/maranhaotv.com.br\\\/index.php\\\/2020\\\/08\\\/24\\\/me-sinto-feliz-por-ser-o-primeiro-prefeito-negro-de-viana-disse-magrado-em-entrevista-confira\\\/#respond\"]}]},{\"@type\":\"WebPage\",\"@id\":\"https:\\\/\\\/maranhaotv.com.br\\\/index.php\\\/2020\\\/08\\\/24\\\/me-sinto-feliz-por-ser-o-primeiro-prefeito-negro-de-viana-disse-magrado-em-entrevista-confira\\\/\",\"url\":\"https:\\\/\\\/maranhaotv.com.br\\\/index.php\\\/2020\\\/08\\\/24\\\/me-sinto-feliz-por-ser-o-primeiro-prefeito-negro-de-viana-disse-magrado-em-entrevista-confira\\\/\",\"name\":\"'Me sinto feliz por ser o primeiro prefeito negro de Viana', disse Magrado em entrevista. Confira! - NOT\u00cdCIAS EM TEMPO REAL\",\"isPartOf\":{\"@id\":\"https:\\\/\\\/maranhaotv.com.br\\\/#website\"},\"primaryImageOfPage\":{\"@id\":\"https:\\\/\\\/maranhaotv.com.br\\\/index.php\\\/2020\\\/08\\\/24\\\/me-sinto-feliz-por-ser-o-primeiro-prefeito-negro-de-viana-disse-magrado-em-entrevista-confira\\\/#primaryimage\"},\"image\":{\"@id\":\"https:\\\/\\\/maranhaotv.com.br\\\/index.php\\\/2020\\\/08\\\/24\\\/me-sinto-feliz-por-ser-o-primeiro-prefeito-negro-de-viana-disse-magrado-em-entrevista-confira\\\/#primaryimage\"},\"thumbnailUrl\":\"\",\"datePublished\":\"2020-08-24T15:23:18+00:00\",\"breadcrumb\":{\"@id\":\"https:\\\/\\\/maranhaotv.com.br\\\/index.php\\\/2020\\\/08\\\/24\\\/me-sinto-feliz-por-ser-o-primeiro-prefeito-negro-de-viana-disse-magrado-em-entrevista-confira\\\/#breadcrumb\"},\"inLanguage\":\"pt-BR\",\"potentialAction\":[{\"@type\":\"ReadAction\",\"target\":[\"https:\\\/\\\/maranhaotv.com.br\\\/index.php\\\/2020\\\/08\\\/24\\\/me-sinto-feliz-por-ser-o-primeiro-prefeito-negro-de-viana-disse-magrado-em-entrevista-confira\\\/\"]}]},{\"@type\":\"ImageObject\",\"inLanguage\":\"pt-BR\",\"@id\":\"https:\\\/\\\/maranhaotv.com.br\\\/index.php\\\/2020\\\/08\\\/24\\\/me-sinto-feliz-por-ser-o-primeiro-prefeito-negro-de-viana-disse-magrado-em-entrevista-confira\\\/#primaryimage\",\"url\":\"\",\"contentUrl\":\"\"},{\"@type\":\"BreadcrumbList\",\"@id\":\"https:\\\/\\\/maranhaotv.com.br\\\/index.php\\\/2020\\\/08\\\/24\\\/me-sinto-feliz-por-ser-o-primeiro-prefeito-negro-de-viana-disse-magrado-em-entrevista-confira\\\/#breadcrumb\",\"itemListElement\":[{\"@type\":\"ListItem\",\"position\":1,\"name\":\"In\u00edcio\",\"item\":\"https:\\\/\\\/maranhaotv.com.br\\\/\"},{\"@type\":\"ListItem\",\"position\":2,\"name\":\"&#8216;Me sinto feliz por ser o primeiro prefeito negro de Viana&#8217;, disse Magrado em entrevista. Confira!\"}]},{\"@type\":\"WebSite\",\"@id\":\"https:\\\/\\\/maranhaotv.com.br\\\/#website\",\"url\":\"https:\\\/\\\/maranhaotv.com.br\\\/\",\"name\":\"Maranh\u00e3oTV\",\"description\":\"\",\"publisher\":{\"@id\":\"https:\\\/\\\/maranhaotv.com.br\\\/#organization\"},\"potentialAction\":[{\"@type\":\"SearchAction\",\"target\":{\"@type\":\"EntryPoint\",\"urlTemplate\":\"https:\\\/\\\/maranhaotv.com.br\\\/?s={search_term_string}\"},\"query-input\":{\"@type\":\"PropertyValueSpecification\",\"valueRequired\":true,\"valueName\":\"search_term_string\"}}],\"inLanguage\":\"pt-BR\"},{\"@type\":\"Organization\",\"@id\":\"https:\\\/\\\/maranhaotv.com.br\\\/#organization\",\"name\":\"Portal de Not\u00edcias\",\"url\":\"https:\\\/\\\/maranhaotv.com.br\\\/\",\"logo\":{\"@type\":\"ImageObject\",\"inLanguage\":\"pt-BR\",\"@id\":\"https:\\\/\\\/maranhaotv.com.br\\\/#\\\/schema\\\/logo\\\/image\\\/\",\"url\":\"https:\\\/\\\/maranhaotv.com.br\\\/wp-content\\\/uploads\\\/2024\\\/05\\\/cropped-cropped-avatar-1.png\",\"contentUrl\":\"https:\\\/\\\/maranhaotv.com.br\\\/wp-content\\\/uploads\\\/2024\\\/05\\\/cropped-cropped-avatar-1.png\",\"width\":792,\"height\":428,\"caption\":\"Portal de Not\u00edcias\"},\"image\":{\"@id\":\"https:\\\/\\\/maranhaotv.com.br\\\/#\\\/schema\\\/logo\\\/image\\\/\"},\"sameAs\":[\"https:\\\/\\\/www.facebook.com\\\/maiobaotv\",\"https:\\\/\\\/x.com\\\/sitemaranhaotv\",\"https:\\\/\\\/www.instagram.com\\\/maranhao.tv\",\"https:\\\/\\\/www.threads.net\\\/@maranhao.tv\"]},{\"@type\":\"Person\",\"@id\":\"https:\\\/\\\/maranhaotv.com.br\\\/#\\\/schema\\\/person\\\/3d54238e86b20bb5c89ab2fdb8f8829a\",\"name\":\"maranhaotv\",\"image\":{\"@type\":\"ImageObject\",\"inLanguage\":\"pt-BR\",\"@id\":\"https:\\\/\\\/secure.gravatar.com\\\/avatar\\\/8fadbca458d4cb68b1dd399ae9a40618d747bb1af65ac9fad21c89220a143eb4?s=96&d=mm&r=g\",\"url\":\"https:\\\/\\\/secure.gravatar.com\\\/avatar\\\/8fadbca458d4cb68b1dd399ae9a40618d747bb1af65ac9fad21c89220a143eb4?s=96&d=mm&r=g\",\"contentUrl\":\"https:\\\/\\\/secure.gravatar.com\\\/avatar\\\/8fadbca458d4cb68b1dd399ae9a40618d747bb1af65ac9fad21c89220a143eb4?s=96&d=mm&r=g\",\"caption\":\"maranhaotv\"},\"sameAs\":[\"https:\\\/\\\/maranhaotv.com.br\\\/\"],\"url\":\"https:\\\/\\\/maranhaotv.com.br\\\/index.php\\\/author\\\/maranhaotv\\\/\"}]}<\/script>\n<!-- \/ Yoast SEO plugin. -->","yoast_head_json":{"title":"'Me sinto feliz por ser o primeiro prefeito negro de Viana', disse Magrado em entrevista. Confira! - NOT\u00cdCIAS EM TEMPO REAL","robots":{"index":"index","follow":"follow","max-snippet":"max-snippet:-1","max-image-preview":"max-image-preview:large","max-video-preview":"max-video-preview:-1"},"canonical":"https:\/\/maranhaotv.com.br\/index.php\/2020\/08\/24\/me-sinto-feliz-por-ser-o-primeiro-prefeito-negro-de-viana-disse-magrado-em-entrevista-confira\/","og_locale":"pt_BR","og_type":"article","og_title":"'Me sinto feliz por ser o primeiro prefeito negro de Viana', disse Magrado em entrevista. Confira! - NOT\u00cdCIAS EM TEMPO REAL","og_description":"Em entrevista concedida a R\u00e1dio Maracu no fim da manh\u00e3 de hoje, 24, Magrado Barros, prefeito de Viana e pr\u00e9","og_url":"https:\/\/maranhaotv.com.br\/index.php\/2020\/08\/24\/me-sinto-feliz-por-ser-o-primeiro-prefeito-negro-de-viana-disse-magrado-em-entrevista-confira\/","og_site_name":"NOT\u00cdCIAS EM TEMPO REAL","article_publisher":"https:\/\/www.facebook.com\/maiobaotv","article_published_time":"2020-08-24T15:23:18+00:00","author":"maranhaotv","twitter_card":"summary_large_image","twitter_creator":"@sitemaranhaotv","twitter_site":"@sitemaranhaotv","twitter_misc":{"Escrito por":"maranhaotv","Est. tempo de leitura":"7 minutos"},"schema":{"@context":"https:\/\/schema.org","@graph":[{"@type":"Article","@id":"https:\/\/maranhaotv.com.br\/index.php\/2020\/08\/24\/me-sinto-feliz-por-ser-o-primeiro-prefeito-negro-de-viana-disse-magrado-em-entrevista-confira\/#article","isPartOf":{"@id":"https:\/\/maranhaotv.com.br\/index.php\/2020\/08\/24\/me-sinto-feliz-por-ser-o-primeiro-prefeito-negro-de-viana-disse-magrado-em-entrevista-confira\/"},"author":{"name":"maranhaotv","@id":"https:\/\/maranhaotv.com.br\/#\/schema\/person\/3d54238e86b20bb5c89ab2fdb8f8829a"},"headline":"&#8216;Me sinto feliz por ser o primeiro prefeito negro de Viana&#8217;, disse Magrado em entrevista. Confira!","datePublished":"2020-08-24T15:23:18+00:00","mainEntityOfPage":{"@id":"https:\/\/maranhaotv.com.br\/index.php\/2020\/08\/24\/me-sinto-feliz-por-ser-o-primeiro-prefeito-negro-de-viana-disse-magrado-em-entrevista-confira\/"},"wordCount":1343,"commentCount":0,"publisher":{"@id":"https:\/\/maranhaotv.com.br\/#organization"},"image":{"@id":"https:\/\/maranhaotv.com.br\/index.php\/2020\/08\/24\/me-sinto-feliz-por-ser-o-primeiro-prefeito-negro-de-viana-disse-magrado-em-entrevista-confira\/#primaryimage"},"thumbnailUrl":"","keywords":["Magrado Barros","Viana"],"articleSection":["not\u00edcias"],"inLanguage":"pt-BR","potentialAction":[{"@type":"CommentAction","name":"Comment","target":["https:\/\/maranhaotv.com.br\/index.php\/2020\/08\/24\/me-sinto-feliz-por-ser-o-primeiro-prefeito-negro-de-viana-disse-magrado-em-entrevista-confira\/#respond"]}]},{"@type":"WebPage","@id":"https:\/\/maranhaotv.com.br\/index.php\/2020\/08\/24\/me-sinto-feliz-por-ser-o-primeiro-prefeito-negro-de-viana-disse-magrado-em-entrevista-confira\/","url":"https:\/\/maranhaotv.com.br\/index.php\/2020\/08\/24\/me-sinto-feliz-por-ser-o-primeiro-prefeito-negro-de-viana-disse-magrado-em-entrevista-confira\/","name":"'Me sinto feliz por ser o primeiro prefeito negro de Viana', disse Magrado em entrevista. Confira! - NOT\u00cdCIAS EM TEMPO REAL","isPartOf":{"@id":"https:\/\/maranhaotv.com.br\/#website"},"primaryImageOfPage":{"@id":"https:\/\/maranhaotv.com.br\/index.php\/2020\/08\/24\/me-sinto-feliz-por-ser-o-primeiro-prefeito-negro-de-viana-disse-magrado-em-entrevista-confira\/#primaryimage"},"image":{"@id":"https:\/\/maranhaotv.com.br\/index.php\/2020\/08\/24\/me-sinto-feliz-por-ser-o-primeiro-prefeito-negro-de-viana-disse-magrado-em-entrevista-confira\/#primaryimage"},"thumbnailUrl":"","datePublished":"2020-08-24T15:23:18+00:00","breadcrumb":{"@id":"https:\/\/maranhaotv.com.br\/index.php\/2020\/08\/24\/me-sinto-feliz-por-ser-o-primeiro-prefeito-negro-de-viana-disse-magrado-em-entrevista-confira\/#breadcrumb"},"inLanguage":"pt-BR","potentialAction":[{"@type":"ReadAction","target":["https:\/\/maranhaotv.com.br\/index.php\/2020\/08\/24\/me-sinto-feliz-por-ser-o-primeiro-prefeito-negro-de-viana-disse-magrado-em-entrevista-confira\/"]}]},{"@type":"ImageObject","inLanguage":"pt-BR","@id":"https:\/\/maranhaotv.com.br\/index.php\/2020\/08\/24\/me-sinto-feliz-por-ser-o-primeiro-prefeito-negro-de-viana-disse-magrado-em-entrevista-confira\/#primaryimage","url":"","contentUrl":""},{"@type":"BreadcrumbList","@id":"https:\/\/maranhaotv.com.br\/index.php\/2020\/08\/24\/me-sinto-feliz-por-ser-o-primeiro-prefeito-negro-de-viana-disse-magrado-em-entrevista-confira\/#breadcrumb","itemListElement":[{"@type":"ListItem","position":1,"name":"In\u00edcio","item":"https:\/\/maranhaotv.com.br\/"},{"@type":"ListItem","position":2,"name":"&#8216;Me sinto feliz por ser o primeiro prefeito negro de Viana&#8217;, disse Magrado em entrevista. Confira!"}]},{"@type":"WebSite","@id":"https:\/\/maranhaotv.com.br\/#website","url":"https:\/\/maranhaotv.com.br\/","name":"Maranh\u00e3oTV","description":"","publisher":{"@id":"https:\/\/maranhaotv.com.br\/#organization"},"potentialAction":[{"@type":"SearchAction","target":{"@type":"EntryPoint","urlTemplate":"https:\/\/maranhaotv.com.br\/?s={search_term_string}"},"query-input":{"@type":"PropertyValueSpecification","valueRequired":true,"valueName":"search_term_string"}}],"inLanguage":"pt-BR"},{"@type":"Organization","@id":"https:\/\/maranhaotv.com.br\/#organization","name":"Portal de Not\u00edcias","url":"https:\/\/maranhaotv.com.br\/","logo":{"@type":"ImageObject","inLanguage":"pt-BR","@id":"https:\/\/maranhaotv.com.br\/#\/schema\/logo\/image\/","url":"https:\/\/maranhaotv.com.br\/wp-content\/uploads\/2024\/05\/cropped-cropped-avatar-1.png","contentUrl":"https:\/\/maranhaotv.com.br\/wp-content\/uploads\/2024\/05\/cropped-cropped-avatar-1.png","width":792,"height":428,"caption":"Portal de Not\u00edcias"},"image":{"@id":"https:\/\/maranhaotv.com.br\/#\/schema\/logo\/image\/"},"sameAs":["https:\/\/www.facebook.com\/maiobaotv","https:\/\/x.com\/sitemaranhaotv","https:\/\/www.instagram.com\/maranhao.tv","https:\/\/www.threads.net\/@maranhao.tv"]},{"@type":"Person","@id":"https:\/\/maranhaotv.com.br\/#\/schema\/person\/3d54238e86b20bb5c89ab2fdb8f8829a","name":"maranhaotv","image":{"@type":"ImageObject","inLanguage":"pt-BR","@id":"https:\/\/secure.gravatar.com\/avatar\/8fadbca458d4cb68b1dd399ae9a40618d747bb1af65ac9fad21c89220a143eb4?s=96&d=mm&r=g","url":"https:\/\/secure.gravatar.com\/avatar\/8fadbca458d4cb68b1dd399ae9a40618d747bb1af65ac9fad21c89220a143eb4?s=96&d=mm&r=g","contentUrl":"https:\/\/secure.gravatar.com\/avatar\/8fadbca458d4cb68b1dd399ae9a40618d747bb1af65ac9fad21c89220a143eb4?s=96&d=mm&r=g","caption":"maranhaotv"},"sameAs":["https:\/\/maranhaotv.com.br\/"],"url":"https:\/\/maranhaotv.com.br\/index.php\/author\/maranhaotv\/"}]}},"jetpack_featured_media_url":"","jetpack_sharing_enabled":true,"_links":{"self":[{"href":"https:\/\/maranhaotv.com.br\/index.php\/wp-json\/wp\/v2\/posts\/14160","targetHints":{"allow":["GET"]}}],"collection":[{"href":"https:\/\/maranhaotv.com.br\/index.php\/wp-json\/wp\/v2\/posts"}],"about":[{"href":"https:\/\/maranhaotv.com.br\/index.php\/wp-json\/wp\/v2\/types\/post"}],"author":[{"embeddable":true,"href":"https:\/\/maranhaotv.com.br\/index.php\/wp-json\/wp\/v2\/users\/2"}],"replies":[{"embeddable":true,"href":"https:\/\/maranhaotv.com.br\/index.php\/wp-json\/wp\/v2\/comments?post=14160"}],"version-history":[{"count":0,"href":"https:\/\/maranhaotv.com.br\/index.php\/wp-json\/wp\/v2\/posts\/14160\/revisions"}],"wp:featuredmedia":[{"embeddable":true,"href":"https:\/\/maranhaotv.com.br\/index.php\/wp-json\/"}],"wp:attachment":[{"href":"https:\/\/maranhaotv.com.br\/index.php\/wp-json\/wp\/v2\/media?parent=14160"}],"wp:term":[{"taxonomy":"category","embeddable":true,"href":"https:\/\/maranhaotv.com.br\/index.php\/wp-json\/wp\/v2\/categories?post=14160"},{"taxonomy":"post_tag","embeddable":true,"href":"https:\/\/maranhaotv.com.br\/index.php\/wp-json\/wp\/v2\/tags?post=14160"}],"curies":[{"name":"wp","href":"https:\/\/api.w.org\/{rel}","templated":true}]}}