{"id":14172,"date":"2020-08-24T12:30:31","date_gmt":"2020-08-24T15:30:31","guid":{"rendered":"https:\/\/maiobaotv.com.br\/index.php\/2020\/08\/24\/eleicoes-2020-fred-campos-reune-pre-candidatos-a-vereador-e-destaca-uniao-do-grupo-politico\/"},"modified":"2020-08-24T12:30:31","modified_gmt":"2020-08-24T15:30:31","slug":"eleicoes-2020-fred-campos-reune-pre-candidatos-a-vereador-e-destaca-uniao-do-grupo-politico","status":"publish","type":"post","link":"https:\/\/maranhaotv.com.br\/index.php\/2020\/08\/24\/eleicoes-2020-fred-campos-reune-pre-candidatos-a-vereador-e-destaca-uniao-do-grupo-politico\/","title":{"rendered":"Elei\u00e7\u00f5es 2020: Fred Campos re\u00fane pr\u00e9-candidatos a vereador e destaca uni\u00e3o do grupo pol\u00edtico"},"content":{"rendered":"<h5>Grande encontro reuniu em torno de 144 pr\u00e9-candidatos a vereador<\/h5>\n<p>O pr\u00e9-candidato a prefeito de Pa\u00e7o do Lumiar, Fred Campos (PL) promoveu um encontro, neste \u00faltimo s\u00e1bado (22) com pr\u00e9-candidatos ao cargo de vereador e reuniu outras lideran\u00e7as do seu grupo pol\u00edtico.<\/p>\n<p>\u201cHoje reunimos nossos pr\u00e9-candidatos a vereador, seus familiares e pessoas pr\u00f3ximas, mostrando mais uma vez a for\u00e7a do nosso grupo pol\u00edtico e a necessidade de estarmos mais pr\u00f3ximos e juntos com um s\u00f3 objetivo, que \u00e9 uma cidade mais justa, digna e melhor para todos n\u00f3s. Vamos juntos escrever uma nova hist\u00f3ria\u201d, disse Maedja Campos.<\/p>\n<blockquote><p>&#8220;Nosso grupo continuar\u00e1 unido por uma Pa\u00e7o do Lumiar melhor, teremos cerca de 144 candidatos a vereador com a possibilidade de ultrapassarmos a marca de 200, e todos comprometidos com o sonho de construir uma cidade melhor aos luminenses. A noite de hoje demonstrou para Pa\u00e7o a for\u00e7a do nosso grupo e a convic\u00e7\u00e3o de que com f\u00e9 em Deus venceremos as elei\u00e7\u00f5es de outubro\u201d, destacou Fred Campos.<\/p><\/blockquote>\n<p>O encontro foi realizado na resid\u00eancia de Fred Campos no S\u00edtio Grande, estiveram presentes aproximadamente 800 pessoas no evento, tamb\u00e9m compareceram o deputado federal Edil\u00e1zio, o secret\u00e1rio de estado de turismo, Catul\u00e9 J\u00fanior, e o empres\u00e1rio Tiago Carneiro do IESF.<\/p>\n<p><img loading=\"lazy\" decoding=\"async\" class=\"wp-image-14166 alignnone size-full\" src=\"https:\/\/maiobaotv.com.br\/wp-content\/uploads\/2020\/08\/img-20200824-wa0184553246856709422758.jpg\" width=\"1280\" height=\"852\"><\/p>\n<p><img loading=\"lazy\" decoding=\"async\" class=\"wp-image-14167 alignnone size-full\" src=\"https:\/\/maiobaotv.com.br\/wp-content\/uploads\/2020\/08\/img-20200824-wa01851613210567764553808.jpg\" width=\"852\" height=\"1280\"><\/p>\n<p><img loading=\"lazy\" decoding=\"async\" class=\"wp-image-14168 alignnone size-full\" src=\"https:\/\/maiobaotv.com.br\/wp-content\/uploads\/2020\/08\/img-20200824-wa01837239053765276429410.jpg\" width=\"1280\" height=\"852\"><\/p>\n<p><img loading=\"lazy\" decoding=\"async\" class=\"wp-image-14169 alignnone size-full\" src=\"https:\/\/maiobaotv.com.br\/wp-content\/uploads\/2020\/08\/img-20200824-wa01829209121594445986328.jpg\" width=\"1280\" height=\"852\"><\/p>\n<p><img loading=\"lazy\" decoding=\"async\" class=\"wp-image-14170 alignnone size-full\" src=\"https:\/\/maiobaotv.com.br\/wp-content\/uploads\/2020\/08\/img-20200824-wa01818924406832414280024.jpg\" width=\"1280\" height=\"960\"><\/p>\n","protected":false},"excerpt":{"rendered":"<p>Grande encontro reuniu em torno de 144 pr\u00e9-candidatos a vereador O pr\u00e9-candidato a prefeito de Pa\u00e7o do Lumiar, Fred Campos<\/p>\n","protected":false},"author":2,"featured_media":14171,"comment_status":"open","ping_status":"open","sticky":false,"template":"","format":"standard","meta":{"colormag_page_container_layout":"default_layout","colormag_page_sidebar_layout":"default_layout","_jetpack_memberships_contains_paid_content":false,"footnotes":""},"categories":[2,6],"tags":[16,43],"class_list":["post-14172","post","type-post","status-publish","format-standard","has-post-thumbnail","hentry","category-noticias","category-politica","tag-eleicoes-2020","tag-fred-campos"],"magazineBlocksPostFeaturedMedia":{"thumbnail":false,"medium":false,"medium_large":false,"large":false,"1536x1536":false,"2048x2048":false,"colormag-highlighted-post":false,"colormag-featured-post-medium":false,"colormag-featured-post-small":false,"colormag-featured-image":false,"colormag-default-news":false,"colormag-featured-image-large":false},"magazineBlocksPostAuthor":{"name":"maranhaotv","avatar":"https:\/\/secure.gravatar.com\/avatar\/8fadbca458d4cb68b1dd399ae9a40618d747bb1af65ac9fad21c89220a143eb4?s=96&d=mm&r=g"},"magazineBlocksPostCommentsNumber":"0","magazineBlocksPostExcerpt":"Grande encontro reuniu em torno de 144 pr\u00e9-candidatos a vereador O pr\u00e9-candidato a prefeito de Pa\u00e7o do Lumiar, Fred Campos","magazineBlocksPostCategories":["not\u00edcias","pol\u00edtica"],"magazineBlocksPostViewCount":140,"magazineBlocksPostReadTime":2,"magazine_blocks_featured_image_url":{"full":false,"medium":false,"thumbnail":false},"magazine_blocks_author":{"display_name":"maranhaotv","author_link":"https:\/\/maranhaotv.com.br\/index.php\/author\/maranhaotv\/"},"magazine_blocks_comment":0,"magazine_blocks_author_image":"https:\/\/secure.gravatar.com\/avatar\/8fadbca458d4cb68b1dd399ae9a40618d747bb1af65ac9fad21c89220a143eb4?s=96&d=mm&r=g","magazine_blocks_category":"<a href=\"#\" class=\"category-link category-link-2\">not\u00edcias<\/a> <a href=\"#\" class=\"category-link category-link-6\">pol\u00edtica<\/a>","yoast_head":"<!-- This site is optimized with the Yoast SEO plugin v27.4 - https:\/\/yoast.com\/product\/yoast-seo-wordpress\/ -->\n<title>Elei\u00e7\u00f5es 2020: Fred Campos re\u00fane pr\u00e9-candidatos a vereador e destaca uni\u00e3o do grupo pol\u00edtico - NOT\u00cdCIAS EM TEMPO REAL<\/title>\n<meta name=\"robots\" content=\"index, follow, max-snippet:-1, max-image-preview:large, max-video-preview:-1\" \/>\n<link rel=\"canonical\" href=\"https:\/\/maranhaotv.com.br\/index.php\/2020\/08\/24\/eleicoes-2020-fred-campos-reune-pre-candidatos-a-vereador-e-destaca-uniao-do-grupo-politico\/\" \/>\n<meta property=\"og:locale\" content=\"pt_BR\" \/>\n<meta property=\"og:type\" content=\"article\" \/>\n<meta property=\"og:title\" content=\"Elei\u00e7\u00f5es 2020: Fred Campos re\u00fane pr\u00e9-candidatos a vereador e destaca uni\u00e3o do grupo pol\u00edtico - NOT\u00cdCIAS EM TEMPO REAL\" \/>\n<meta property=\"og:description\" content=\"Grande encontro reuniu em torno de 144 pr\u00e9-candidatos a vereador O pr\u00e9-candidato a prefeito de Pa\u00e7o do Lumiar, Fred Campos\" \/>\n<meta property=\"og:url\" content=\"https:\/\/maranhaotv.com.br\/index.php\/2020\/08\/24\/eleicoes-2020-fred-campos-reune-pre-candidatos-a-vereador-e-destaca-uniao-do-grupo-politico\/\" \/>\n<meta property=\"og:site_name\" content=\"NOT\u00cdCIAS EM TEMPO REAL\" \/>\n<meta property=\"article:publisher\" content=\"https:\/\/www.facebook.com\/maiobaotv\" \/>\n<meta property=\"article:published_time\" content=\"2020-08-24T15:30:31+00:00\" \/>\n<meta name=\"author\" content=\"maranhaotv\" \/>\n<meta name=\"twitter:card\" content=\"summary_large_image\" \/>\n<meta name=\"twitter:creator\" content=\"@sitemaranhaotv\" \/>\n<meta name=\"twitter:site\" content=\"@sitemaranhaotv\" \/>\n<meta name=\"twitter:label1\" content=\"Escrito por\" \/>\n\t<meta name=\"twitter:data1\" content=\"maranhaotv\" \/>\n\t<meta name=\"twitter:label2\" content=\"Est. tempo de leitura\" \/>\n\t<meta name=\"twitter:data2\" content=\"1 minuto\" \/>\n<script type=\"application\/ld+json\" class=\"yoast-schema-graph\">{\"@context\":\"https:\\\/\\\/schema.org\",\"@graph\":[{\"@type\":\"Article\",\"@id\":\"https:\\\/\\\/maranhaotv.com.br\\\/index.php\\\/2020\\\/08\\\/24\\\/eleicoes-2020-fred-campos-reune-pre-candidatos-a-vereador-e-destaca-uniao-do-grupo-politico\\\/#article\",\"isPartOf\":{\"@id\":\"https:\\\/\\\/maranhaotv.com.br\\\/index.php\\\/2020\\\/08\\\/24\\\/eleicoes-2020-fred-campos-reune-pre-candidatos-a-vereador-e-destaca-uniao-do-grupo-politico\\\/\"},\"author\":{\"name\":\"maranhaotv\",\"@id\":\"https:\\\/\\\/maranhaotv.com.br\\\/#\\\/schema\\\/person\\\/3d54238e86b20bb5c89ab2fdb8f8829a\"},\"headline\":\"Elei\u00e7\u00f5es 2020: Fred Campos re\u00fane pr\u00e9-candidatos a vereador e destaca uni\u00e3o do grupo pol\u00edtico\",\"datePublished\":\"2020-08-24T15:30:31+00:00\",\"mainEntityOfPage\":{\"@id\":\"https:\\\/\\\/maranhaotv.com.br\\\/index.php\\\/2020\\\/08\\\/24\\\/eleicoes-2020-fred-campos-reune-pre-candidatos-a-vereador-e-destaca-uniao-do-grupo-politico\\\/\"},\"wordCount\":243,\"commentCount\":0,\"publisher\":{\"@id\":\"https:\\\/\\\/maranhaotv.com.br\\\/#organization\"},\"image\":{\"@id\":\"https:\\\/\\\/maranhaotv.com.br\\\/index.php\\\/2020\\\/08\\\/24\\\/eleicoes-2020-fred-campos-reune-pre-candidatos-a-vereador-e-destaca-uniao-do-grupo-politico\\\/#primaryimage\"},\"thumbnailUrl\":\"\",\"keywords\":[\"Elei\u00e7\u00f5es 2020\",\"Fred Campos\"],\"articleSection\":[\"not\u00edcias\",\"pol\u00edtica\"],\"inLanguage\":\"pt-BR\",\"potentialAction\":[{\"@type\":\"CommentAction\",\"name\":\"Comment\",\"target\":[\"https:\\\/\\\/maranhaotv.com.br\\\/index.php\\\/2020\\\/08\\\/24\\\/eleicoes-2020-fred-campos-reune-pre-candidatos-a-vereador-e-destaca-uniao-do-grupo-politico\\\/#respond\"]}]},{\"@type\":\"WebPage\",\"@id\":\"https:\\\/\\\/maranhaotv.com.br\\\/index.php\\\/2020\\\/08\\\/24\\\/eleicoes-2020-fred-campos-reune-pre-candidatos-a-vereador-e-destaca-uniao-do-grupo-politico\\\/\",\"url\":\"https:\\\/\\\/maranhaotv.com.br\\\/index.php\\\/2020\\\/08\\\/24\\\/eleicoes-2020-fred-campos-reune-pre-candidatos-a-vereador-e-destaca-uniao-do-grupo-politico\\\/\",\"name\":\"Elei\u00e7\u00f5es 2020: Fred Campos re\u00fane pr\u00e9-candidatos a vereador e destaca uni\u00e3o do grupo pol\u00edtico - NOT\u00cdCIAS EM TEMPO REAL\",\"isPartOf\":{\"@id\":\"https:\\\/\\\/maranhaotv.com.br\\\/#website\"},\"primaryImageOfPage\":{\"@id\":\"https:\\\/\\\/maranhaotv.com.br\\\/index.php\\\/2020\\\/08\\\/24\\\/eleicoes-2020-fred-campos-reune-pre-candidatos-a-vereador-e-destaca-uniao-do-grupo-politico\\\/#primaryimage\"},\"image\":{\"@id\":\"https:\\\/\\\/maranhaotv.com.br\\\/index.php\\\/2020\\\/08\\\/24\\\/eleicoes-2020-fred-campos-reune-pre-candidatos-a-vereador-e-destaca-uniao-do-grupo-politico\\\/#primaryimage\"},\"thumbnailUrl\":\"\",\"datePublished\":\"2020-08-24T15:30:31+00:00\",\"breadcrumb\":{\"@id\":\"https:\\\/\\\/maranhaotv.com.br\\\/index.php\\\/2020\\\/08\\\/24\\\/eleicoes-2020-fred-campos-reune-pre-candidatos-a-vereador-e-destaca-uniao-do-grupo-politico\\\/#breadcrumb\"},\"inLanguage\":\"pt-BR\",\"potentialAction\":[{\"@type\":\"ReadAction\",\"target\":[\"https:\\\/\\\/maranhaotv.com.br\\\/index.php\\\/2020\\\/08\\\/24\\\/eleicoes-2020-fred-campos-reune-pre-candidatos-a-vereador-e-destaca-uniao-do-grupo-politico\\\/\"]}]},{\"@type\":\"ImageObject\",\"inLanguage\":\"pt-BR\",\"@id\":\"https:\\\/\\\/maranhaotv.com.br\\\/index.php\\\/2020\\\/08\\\/24\\\/eleicoes-2020-fred-campos-reune-pre-candidatos-a-vereador-e-destaca-uniao-do-grupo-politico\\\/#primaryimage\",\"url\":\"\",\"contentUrl\":\"\"},{\"@type\":\"BreadcrumbList\",\"@id\":\"https:\\\/\\\/maranhaotv.com.br\\\/index.php\\\/2020\\\/08\\\/24\\\/eleicoes-2020-fred-campos-reune-pre-candidatos-a-vereador-e-destaca-uniao-do-grupo-politico\\\/#breadcrumb\",\"itemListElement\":[{\"@type\":\"ListItem\",\"position\":1,\"name\":\"In\u00edcio\",\"item\":\"https:\\\/\\\/maranhaotv.com.br\\\/\"},{\"@type\":\"ListItem\",\"position\":2,\"name\":\"Elei\u00e7\u00f5es 2020: Fred Campos re\u00fane pr\u00e9-candidatos a vereador e destaca uni\u00e3o do grupo pol\u00edtico\"}]},{\"@type\":\"WebSite\",\"@id\":\"https:\\\/\\\/maranhaotv.com.br\\\/#website\",\"url\":\"https:\\\/\\\/maranhaotv.com.br\\\/\",\"name\":\"Maranh\u00e3oTV\",\"description\":\"\",\"publisher\":{\"@id\":\"https:\\\/\\\/maranhaotv.com.br\\\/#organization\"},\"potentialAction\":[{\"@type\":\"SearchAction\",\"target\":{\"@type\":\"EntryPoint\",\"urlTemplate\":\"https:\\\/\\\/maranhaotv.com.br\\\/?s={search_term_string}\"},\"query-input\":{\"@type\":\"PropertyValueSpecification\",\"valueRequired\":true,\"valueName\":\"search_term_string\"}}],\"inLanguage\":\"pt-BR\"},{\"@type\":\"Organization\",\"@id\":\"https:\\\/\\\/maranhaotv.com.br\\\/#organization\",\"name\":\"Portal de Not\u00edcias\",\"url\":\"https:\\\/\\\/maranhaotv.com.br\\\/\",\"logo\":{\"@type\":\"ImageObject\",\"inLanguage\":\"pt-BR\",\"@id\":\"https:\\\/\\\/maranhaotv.com.br\\\/#\\\/schema\\\/logo\\\/image\\\/\",\"url\":\"https:\\\/\\\/maranhaotv.com.br\\\/wp-content\\\/uploads\\\/2024\\\/05\\\/cropped-cropped-avatar-1.png\",\"contentUrl\":\"https:\\\/\\\/maranhaotv.com.br\\\/wp-content\\\/uploads\\\/2024\\\/05\\\/cropped-cropped-avatar-1.png\",\"width\":792,\"height\":428,\"caption\":\"Portal de Not\u00edcias\"},\"image\":{\"@id\":\"https:\\\/\\\/maranhaotv.com.br\\\/#\\\/schema\\\/logo\\\/image\\\/\"},\"sameAs\":[\"https:\\\/\\\/www.facebook.com\\\/maiobaotv\",\"https:\\\/\\\/x.com\\\/sitemaranhaotv\",\"https:\\\/\\\/www.instagram.com\\\/maranhao.tv\",\"https:\\\/\\\/www.threads.net\\\/@maranhao.tv\"]},{\"@type\":\"Person\",\"@id\":\"https:\\\/\\\/maranhaotv.com.br\\\/#\\\/schema\\\/person\\\/3d54238e86b20bb5c89ab2fdb8f8829a\",\"name\":\"maranhaotv\",\"image\":{\"@type\":\"ImageObject\",\"inLanguage\":\"pt-BR\",\"@id\":\"https:\\\/\\\/secure.gravatar.com\\\/avatar\\\/8fadbca458d4cb68b1dd399ae9a40618d747bb1af65ac9fad21c89220a143eb4?s=96&d=mm&r=g\",\"url\":\"https:\\\/\\\/secure.gravatar.com\\\/avatar\\\/8fadbca458d4cb68b1dd399ae9a40618d747bb1af65ac9fad21c89220a143eb4?s=96&d=mm&r=g\",\"contentUrl\":\"https:\\\/\\\/secure.gravatar.com\\\/avatar\\\/8fadbca458d4cb68b1dd399ae9a40618d747bb1af65ac9fad21c89220a143eb4?s=96&d=mm&r=g\",\"caption\":\"maranhaotv\"},\"sameAs\":[\"https:\\\/\\\/maranhaotv.com.br\\\/\"],\"url\":\"https:\\\/\\\/maranhaotv.com.br\\\/index.php\\\/author\\\/maranhaotv\\\/\"}]}<\/script>\n<!-- \/ Yoast SEO plugin. -->","yoast_head_json":{"title":"Elei\u00e7\u00f5es 2020: Fred Campos re\u00fane pr\u00e9-candidatos a vereador e destaca uni\u00e3o do grupo pol\u00edtico - NOT\u00cdCIAS EM TEMPO REAL","robots":{"index":"index","follow":"follow","max-snippet":"max-snippet:-1","max-image-preview":"max-image-preview:large","max-video-preview":"max-video-preview:-1"},"canonical":"https:\/\/maranhaotv.com.br\/index.php\/2020\/08\/24\/eleicoes-2020-fred-campos-reune-pre-candidatos-a-vereador-e-destaca-uniao-do-grupo-politico\/","og_locale":"pt_BR","og_type":"article","og_title":"Elei\u00e7\u00f5es 2020: Fred Campos re\u00fane pr\u00e9-candidatos a vereador e destaca uni\u00e3o do grupo pol\u00edtico - NOT\u00cdCIAS EM TEMPO REAL","og_description":"Grande encontro reuniu em torno de 144 pr\u00e9-candidatos a vereador O pr\u00e9-candidato a prefeito de Pa\u00e7o do Lumiar, Fred Campos","og_url":"https:\/\/maranhaotv.com.br\/index.php\/2020\/08\/24\/eleicoes-2020-fred-campos-reune-pre-candidatos-a-vereador-e-destaca-uniao-do-grupo-politico\/","og_site_name":"NOT\u00cdCIAS EM TEMPO REAL","article_publisher":"https:\/\/www.facebook.com\/maiobaotv","article_published_time":"2020-08-24T15:30:31+00:00","author":"maranhaotv","twitter_card":"summary_large_image","twitter_creator":"@sitemaranhaotv","twitter_site":"@sitemaranhaotv","twitter_misc":{"Escrito por":"maranhaotv","Est. tempo de leitura":"1 minuto"},"schema":{"@context":"https:\/\/schema.org","@graph":[{"@type":"Article","@id":"https:\/\/maranhaotv.com.br\/index.php\/2020\/08\/24\/eleicoes-2020-fred-campos-reune-pre-candidatos-a-vereador-e-destaca-uniao-do-grupo-politico\/#article","isPartOf":{"@id":"https:\/\/maranhaotv.com.br\/index.php\/2020\/08\/24\/eleicoes-2020-fred-campos-reune-pre-candidatos-a-vereador-e-destaca-uniao-do-grupo-politico\/"},"author":{"name":"maranhaotv","@id":"https:\/\/maranhaotv.com.br\/#\/schema\/person\/3d54238e86b20bb5c89ab2fdb8f8829a"},"headline":"Elei\u00e7\u00f5es 2020: Fred Campos re\u00fane pr\u00e9-candidatos a vereador e destaca uni\u00e3o do grupo pol\u00edtico","datePublished":"2020-08-24T15:30:31+00:00","mainEntityOfPage":{"@id":"https:\/\/maranhaotv.com.br\/index.php\/2020\/08\/24\/eleicoes-2020-fred-campos-reune-pre-candidatos-a-vereador-e-destaca-uniao-do-grupo-politico\/"},"wordCount":243,"commentCount":0,"publisher":{"@id":"https:\/\/maranhaotv.com.br\/#organization"},"image":{"@id":"https:\/\/maranhaotv.com.br\/index.php\/2020\/08\/24\/eleicoes-2020-fred-campos-reune-pre-candidatos-a-vereador-e-destaca-uniao-do-grupo-politico\/#primaryimage"},"thumbnailUrl":"","keywords":["Elei\u00e7\u00f5es 2020","Fred Campos"],"articleSection":["not\u00edcias","pol\u00edtica"],"inLanguage":"pt-BR","potentialAction":[{"@type":"CommentAction","name":"Comment","target":["https:\/\/maranhaotv.com.br\/index.php\/2020\/08\/24\/eleicoes-2020-fred-campos-reune-pre-candidatos-a-vereador-e-destaca-uniao-do-grupo-politico\/#respond"]}]},{"@type":"WebPage","@id":"https:\/\/maranhaotv.com.br\/index.php\/2020\/08\/24\/eleicoes-2020-fred-campos-reune-pre-candidatos-a-vereador-e-destaca-uniao-do-grupo-politico\/","url":"https:\/\/maranhaotv.com.br\/index.php\/2020\/08\/24\/eleicoes-2020-fred-campos-reune-pre-candidatos-a-vereador-e-destaca-uniao-do-grupo-politico\/","name":"Elei\u00e7\u00f5es 2020: Fred Campos re\u00fane pr\u00e9-candidatos a vereador e destaca uni\u00e3o do grupo pol\u00edtico - NOT\u00cdCIAS EM TEMPO REAL","isPartOf":{"@id":"https:\/\/maranhaotv.com.br\/#website"},"primaryImageOfPage":{"@id":"https:\/\/maranhaotv.com.br\/index.php\/2020\/08\/24\/eleicoes-2020-fred-campos-reune-pre-candidatos-a-vereador-e-destaca-uniao-do-grupo-politico\/#primaryimage"},"image":{"@id":"https:\/\/maranhaotv.com.br\/index.php\/2020\/08\/24\/eleicoes-2020-fred-campos-reune-pre-candidatos-a-vereador-e-destaca-uniao-do-grupo-politico\/#primaryimage"},"thumbnailUrl":"","datePublished":"2020-08-24T15:30:31+00:00","breadcrumb":{"@id":"https:\/\/maranhaotv.com.br\/index.php\/2020\/08\/24\/eleicoes-2020-fred-campos-reune-pre-candidatos-a-vereador-e-destaca-uniao-do-grupo-politico\/#breadcrumb"},"inLanguage":"pt-BR","potentialAction":[{"@type":"ReadAction","target":["https:\/\/maranhaotv.com.br\/index.php\/2020\/08\/24\/eleicoes-2020-fred-campos-reune-pre-candidatos-a-vereador-e-destaca-uniao-do-grupo-politico\/"]}]},{"@type":"ImageObject","inLanguage":"pt-BR","@id":"https:\/\/maranhaotv.com.br\/index.php\/2020\/08\/24\/eleicoes-2020-fred-campos-reune-pre-candidatos-a-vereador-e-destaca-uniao-do-grupo-politico\/#primaryimage","url":"","contentUrl":""},{"@type":"BreadcrumbList","@id":"https:\/\/maranhaotv.com.br\/index.php\/2020\/08\/24\/eleicoes-2020-fred-campos-reune-pre-candidatos-a-vereador-e-destaca-uniao-do-grupo-politico\/#breadcrumb","itemListElement":[{"@type":"ListItem","position":1,"name":"In\u00edcio","item":"https:\/\/maranhaotv.com.br\/"},{"@type":"ListItem","position":2,"name":"Elei\u00e7\u00f5es 2020: Fred Campos re\u00fane pr\u00e9-candidatos a vereador e destaca uni\u00e3o do grupo pol\u00edtico"}]},{"@type":"WebSite","@id":"https:\/\/maranhaotv.com.br\/#website","url":"https:\/\/maranhaotv.com.br\/","name":"Maranh\u00e3oTV","description":"","publisher":{"@id":"https:\/\/maranhaotv.com.br\/#organization"},"potentialAction":[{"@type":"SearchAction","target":{"@type":"EntryPoint","urlTemplate":"https:\/\/maranhaotv.com.br\/?s={search_term_string}"},"query-input":{"@type":"PropertyValueSpecification","valueRequired":true,"valueName":"search_term_string"}}],"inLanguage":"pt-BR"},{"@type":"Organization","@id":"https:\/\/maranhaotv.com.br\/#organization","name":"Portal de Not\u00edcias","url":"https:\/\/maranhaotv.com.br\/","logo":{"@type":"ImageObject","inLanguage":"pt-BR","@id":"https:\/\/maranhaotv.com.br\/#\/schema\/logo\/image\/","url":"https:\/\/maranhaotv.com.br\/wp-content\/uploads\/2024\/05\/cropped-cropped-avatar-1.png","contentUrl":"https:\/\/maranhaotv.com.br\/wp-content\/uploads\/2024\/05\/cropped-cropped-avatar-1.png","width":792,"height":428,"caption":"Portal de Not\u00edcias"},"image":{"@id":"https:\/\/maranhaotv.com.br\/#\/schema\/logo\/image\/"},"sameAs":["https:\/\/www.facebook.com\/maiobaotv","https:\/\/x.com\/sitemaranhaotv","https:\/\/www.instagram.com\/maranhao.tv","https:\/\/www.threads.net\/@maranhao.tv"]},{"@type":"Person","@id":"https:\/\/maranhaotv.com.br\/#\/schema\/person\/3d54238e86b20bb5c89ab2fdb8f8829a","name":"maranhaotv","image":{"@type":"ImageObject","inLanguage":"pt-BR","@id":"https:\/\/secure.gravatar.com\/avatar\/8fadbca458d4cb68b1dd399ae9a40618d747bb1af65ac9fad21c89220a143eb4?s=96&d=mm&r=g","url":"https:\/\/secure.gravatar.com\/avatar\/8fadbca458d4cb68b1dd399ae9a40618d747bb1af65ac9fad21c89220a143eb4?s=96&d=mm&r=g","contentUrl":"https:\/\/secure.gravatar.com\/avatar\/8fadbca458d4cb68b1dd399ae9a40618d747bb1af65ac9fad21c89220a143eb4?s=96&d=mm&r=g","caption":"maranhaotv"},"sameAs":["https:\/\/maranhaotv.com.br\/"],"url":"https:\/\/maranhaotv.com.br\/index.php\/author\/maranhaotv\/"}]}},"jetpack_featured_media_url":"","jetpack_sharing_enabled":true,"_links":{"self":[{"href":"https:\/\/maranhaotv.com.br\/index.php\/wp-json\/wp\/v2\/posts\/14172","targetHints":{"allow":["GET"]}}],"collection":[{"href":"https:\/\/maranhaotv.com.br\/index.php\/wp-json\/wp\/v2\/posts"}],"about":[{"href":"https:\/\/maranhaotv.com.br\/index.php\/wp-json\/wp\/v2\/types\/post"}],"author":[{"embeddable":true,"href":"https:\/\/maranhaotv.com.br\/index.php\/wp-json\/wp\/v2\/users\/2"}],"replies":[{"embeddable":true,"href":"https:\/\/maranhaotv.com.br\/index.php\/wp-json\/wp\/v2\/comments?post=14172"}],"version-history":[{"count":0,"href":"https:\/\/maranhaotv.com.br\/index.php\/wp-json\/wp\/v2\/posts\/14172\/revisions"}],"wp:featuredmedia":[{"embeddable":true,"href":"https:\/\/maranhaotv.com.br\/index.php\/wp-json\/"}],"wp:attachment":[{"href":"https:\/\/maranhaotv.com.br\/index.php\/wp-json\/wp\/v2\/media?parent=14172"}],"wp:term":[{"taxonomy":"category","embeddable":true,"href":"https:\/\/maranhaotv.com.br\/index.php\/wp-json\/wp\/v2\/categories?post=14172"},{"taxonomy":"post_tag","embeddable":true,"href":"https:\/\/maranhaotv.com.br\/index.php\/wp-json\/wp\/v2\/tags?post=14172"}],"curies":[{"name":"wp","href":"https:\/\/api.w.org\/{rel}","templated":true}]}}