{"id":14176,"date":"2020-08-24T16:29:56","date_gmt":"2020-08-24T19:29:56","guid":{"rendered":"https:\/\/maiobaotv.com.br\/?p=14176"},"modified":"2020-08-24T16:29:56","modified_gmt":"2020-08-24T19:29:56","slug":"confirmado-primeiro-caso-de-reinfeccao-do-novo-coronavirus-no-mundo","status":"publish","type":"post","link":"https:\/\/maranhaotv.com.br\/index.php\/2020\/08\/24\/confirmado-primeiro-caso-de-reinfeccao-do-novo-coronavirus-no-mundo\/","title":{"rendered":"Confirmado primeiro caso de reinfec\u00e7\u00e3o do novo coronav\u00edrus no Mundo"},"content":{"rendered":"<p>Um homem de Hong Kong, de 33 anos, se tornou o primeiro caso documentado de reinfec\u00e7\u00e3o da covid-19 no mundo, segundo informaram pesquisadores da Universidade de Hong Kong, nesta segunda-feira, 24. O paciente recebeu alta ap\u00f3s ser curado do v\u00edrus em abril, mas, no in\u00edcio deste m\u00eas, ele testou positivo novamente ap\u00f3s retornar da Espanha.<\/p>\n<p>Segundo as autoridades sanit\u00e1rias da cidade, a princ\u00edpio, pensou-se que o homem poderia ser um &#8220;portador persistente&#8221; do Sars-CoV-2 &#8211; o v\u00edrus causador da covid-19 -, mantendo o agente em seu corpo desde a infec\u00e7\u00e3o anterior.<\/p>\n<p>No entanto, os cientistas afirmaram que as sequ\u00eancias gen\u00e9ticas das cepas de v\u00edrus contra\u00eddas pelo homem em abril e agosto s\u00e3o &#8220;claramente diferentes&#8221;. Essa descoberta pode ser um retrocesso para quem baseia sua estrat\u00e9gia contra a pandemia na suposta imunidade obtida ap\u00f3s a transmiss\u00e3o da doen\u00e7a.<\/p>\n<p>&#8220;Muitos acreditam que os pacientes recuperados da covid-19 t\u00eam imunidade contra reinfec\u00e7\u00f5es porque a maioria desenvolveu uma resposta baseada em anticorpos neutralizantes no soro&#8221;, observa o estudo da Universidade de Hong Kong. Os pesquisadores lembram ainda que \u201ch\u00e1 evid\u00eancias de que alguns pacientes apresentam n\u00edveis decrescentes de anticorpos ap\u00f3s alguns meses\u201d.<br \/>\nO estudo foi aceito pela revista m\u00e9dica Clinical Infectious Diseases e publicado pela Universidade de Oxford.<br \/>\nA l\u00edder da resposta \u00e0 pandemia da Organiza\u00e7\u00e3o Mundial da Sa\u00fade (OMS), Maria Van Kerkhove, comentou o caso nesta segunda-feira, durante coletiva de imprensa. &#8220;N\u00e3o precisamos tirar conclus\u00f5es precipitadas, mesmo que este seja o primeiro caso de reinfec\u00e7\u00e3o documentado&#8221;.<\/p>\n<p>Ela acrescentou que embora a reinfec\u00e7\u00e3o seja poss\u00edvel, porque em outros coronav\u00edrus a resposta imune decai ap\u00f3s um per\u00edodo, ainda n\u00e3o h\u00e1 estudos conclusivos quanto \u00e0 dura\u00e7\u00e3o da imunidade ao Sars-CoV-2.<\/p>\n<p>Segundo Maria, pesquisas longitudinais &#8211; em que os mesmos participantes s\u00e3o analisados ao longo do tempo &#8211; mostraram uma forte resposta imunol\u00f3gica que permanece sem quedas at\u00e9 o momento.<br \/>\nA l\u00edder pediu que pa\u00edses continuem a observar e documentar casos e, se poss\u00edvel, identifiquem o genoma do v\u00edrus, para ter evid\u00eancia de que se trata de uma nova infec\u00e7\u00e3o. &#8220;Temos mais de 24 milh\u00f5es de casos registrados at\u00e9 o momento e precisamos olhar pra isso a n\u00edvel populacional&#8221;.<br \/>\nDe acordo com especialistas, &#8220;o SARS-CoV-2 pode persistir na popula\u00e7\u00e3o humana, como \u00e9 o caso de outros coronav\u00edrus humanos comuns associados a resfriados, embora os pacientes tenham adquirido imunidade por meio de de uma infec\u00e7\u00e3o natural&#8221;. Portanto, eles recomendam que os pacientes recuperados continuem a usar m\u00e1scaras e respeitar o distanciamento social.<br \/>\nDa mesma forma, a aus\u00eancia de uma imunidade natural de longa dura\u00e7\u00e3o implicaria que aqueles recuperados da doen\u00e7a n\u00e3o dispensariam a imuniza\u00e7\u00e3o com uma poss\u00edvel vacina. &#8220;Como a imunidade pode ter vida curta (&#8230;), tamb\u00e9m deve ser considerada vacina\u00e7\u00e3o para aqueles que tiveram um epis\u00f3dio de infec\u00e7\u00e3o.&#8221;<br \/>\nEm meados de julho, a OMS expressou sua esperan\u00e7a de que aqueles recuperados da covid-19 mantivessem algum grau de imunidade por v\u00e1rios meses.<\/p>\n<p>A l\u00edder da resposta \u00e0 pandemia da entidade disse que &#8220;em outros coronav\u00edrus, como Mers ou Sars, a imunidade foi prolongada por cerca de doze meses ou at\u00e9 um pouco mais&#8221;.<br \/>\nNo entanto, apesar de os infectados desenvolverem uma resposta imune, ainda n\u00e3o se sabe at\u00e9 que ponto ela \u00e9 s\u00f3lida ou sua dura\u00e7\u00e3o.<\/p>\n","protected":false},"excerpt":{"rendered":"<p>Um homem de Hong Kong, de 33 anos, se tornou o primeiro caso documentado de reinfec\u00e7\u00e3o da covid-19 no mundo,<\/p>\n","protected":false},"author":2,"featured_media":14175,"comment_status":"open","ping_status":"open","sticky":false,"template":"","format":"standard","meta":{"colormag_page_container_layout":"default_layout","colormag_page_sidebar_layout":"default_layout","_jetpack_memberships_contains_paid_content":false,"footnotes":""},"categories":[2],"tags":[],"class_list":["post-14176","post","type-post","status-publish","format-standard","has-post-thumbnail","hentry","category-noticias"],"magazineBlocksPostFeaturedMedia":{"thumbnail":false,"medium":false,"medium_large":false,"large":false,"1536x1536":false,"2048x2048":false,"colormag-highlighted-post":false,"colormag-featured-post-medium":false,"colormag-featured-post-small":false,"colormag-featured-image":false,"colormag-default-news":false,"colormag-featured-image-large":false},"magazineBlocksPostAuthor":{"name":"maranhaotv","avatar":"https:\/\/secure.gravatar.com\/avatar\/8fadbca458d4cb68b1dd399ae9a40618d747bb1af65ac9fad21c89220a143eb4?s=96&d=mm&r=g"},"magazineBlocksPostCommentsNumber":"0","magazineBlocksPostExcerpt":"Um homem de Hong Kong, de 33 anos, se tornou o primeiro caso documentado de reinfec\u00e7\u00e3o da covid-19 no mundo,","magazineBlocksPostCategories":["not\u00edcias"],"magazineBlocksPostViewCount":200,"magazineBlocksPostReadTime":3,"magazine_blocks_featured_image_url":{"full":false,"medium":false,"thumbnail":false},"magazine_blocks_author":{"display_name":"maranhaotv","author_link":"https:\/\/maranhaotv.com.br\/index.php\/author\/maranhaotv\/"},"magazine_blocks_comment":0,"magazine_blocks_author_image":"https:\/\/secure.gravatar.com\/avatar\/8fadbca458d4cb68b1dd399ae9a40618d747bb1af65ac9fad21c89220a143eb4?s=96&d=mm&r=g","magazine_blocks_category":"<a href=\"#\" class=\"category-link category-link-2\">not\u00edcias<\/a>","yoast_head":"<!-- This site is optimized with the Yoast SEO plugin v27.4 - https:\/\/yoast.com\/product\/yoast-seo-wordpress\/ -->\n<title>Confirmado primeiro caso de reinfec\u00e7\u00e3o do novo coronav\u00edrus no Mundo - NOT\u00cdCIAS EM TEMPO REAL<\/title>\n<meta name=\"robots\" content=\"index, follow, max-snippet:-1, max-image-preview:large, max-video-preview:-1\" \/>\n<link rel=\"canonical\" href=\"https:\/\/maranhaotv.com.br\/index.php\/2020\/08\/24\/confirmado-primeiro-caso-de-reinfeccao-do-novo-coronavirus-no-mundo\/\" \/>\n<meta property=\"og:locale\" content=\"pt_BR\" \/>\n<meta property=\"og:type\" content=\"article\" \/>\n<meta property=\"og:title\" content=\"Confirmado primeiro caso de reinfec\u00e7\u00e3o do novo coronav\u00edrus no Mundo - NOT\u00cdCIAS EM TEMPO REAL\" \/>\n<meta property=\"og:description\" content=\"Um homem de Hong Kong, de 33 anos, se tornou o primeiro caso documentado de reinfec\u00e7\u00e3o da covid-19 no mundo,\" \/>\n<meta property=\"og:url\" content=\"https:\/\/maranhaotv.com.br\/index.php\/2020\/08\/24\/confirmado-primeiro-caso-de-reinfeccao-do-novo-coronavirus-no-mundo\/\" \/>\n<meta property=\"og:site_name\" content=\"NOT\u00cdCIAS EM TEMPO REAL\" \/>\n<meta property=\"article:publisher\" content=\"https:\/\/www.facebook.com\/maiobaotv\" \/>\n<meta property=\"article:published_time\" content=\"2020-08-24T19:29:56+00:00\" \/>\n<meta name=\"author\" content=\"maranhaotv\" \/>\n<meta name=\"twitter:card\" content=\"summary_large_image\" \/>\n<meta name=\"twitter:creator\" content=\"@sitemaranhaotv\" \/>\n<meta name=\"twitter:site\" content=\"@sitemaranhaotv\" \/>\n<meta name=\"twitter:label1\" content=\"Escrito por\" \/>\n\t<meta name=\"twitter:data1\" content=\"maranhaotv\" \/>\n\t<meta name=\"twitter:label2\" content=\"Est. tempo de leitura\" \/>\n\t<meta name=\"twitter:data2\" content=\"3 minutos\" \/>\n<script type=\"application\/ld+json\" class=\"yoast-schema-graph\">{\"@context\":\"https:\\\/\\\/schema.org\",\"@graph\":[{\"@type\":\"Article\",\"@id\":\"https:\\\/\\\/maranhaotv.com.br\\\/index.php\\\/2020\\\/08\\\/24\\\/confirmado-primeiro-caso-de-reinfeccao-do-novo-coronavirus-no-mundo\\\/#article\",\"isPartOf\":{\"@id\":\"https:\\\/\\\/maranhaotv.com.br\\\/index.php\\\/2020\\\/08\\\/24\\\/confirmado-primeiro-caso-de-reinfeccao-do-novo-coronavirus-no-mundo\\\/\"},\"author\":{\"name\":\"maranhaotv\",\"@id\":\"https:\\\/\\\/maranhaotv.com.br\\\/#\\\/schema\\\/person\\\/3d54238e86b20bb5c89ab2fdb8f8829a\"},\"headline\":\"Confirmado primeiro caso de reinfec\u00e7\u00e3o do novo coronav\u00edrus no Mundo\",\"datePublished\":\"2020-08-24T19:29:56+00:00\",\"mainEntityOfPage\":{\"@id\":\"https:\\\/\\\/maranhaotv.com.br\\\/index.php\\\/2020\\\/08\\\/24\\\/confirmado-primeiro-caso-de-reinfeccao-do-novo-coronavirus-no-mundo\\\/\"},\"wordCount\":600,\"commentCount\":0,\"publisher\":{\"@id\":\"https:\\\/\\\/maranhaotv.com.br\\\/#organization\"},\"image\":{\"@id\":\"https:\\\/\\\/maranhaotv.com.br\\\/index.php\\\/2020\\\/08\\\/24\\\/confirmado-primeiro-caso-de-reinfeccao-do-novo-coronavirus-no-mundo\\\/#primaryimage\"},\"thumbnailUrl\":\"\",\"articleSection\":[\"not\u00edcias\"],\"inLanguage\":\"pt-BR\",\"potentialAction\":[{\"@type\":\"CommentAction\",\"name\":\"Comment\",\"target\":[\"https:\\\/\\\/maranhaotv.com.br\\\/index.php\\\/2020\\\/08\\\/24\\\/confirmado-primeiro-caso-de-reinfeccao-do-novo-coronavirus-no-mundo\\\/#respond\"]}]},{\"@type\":\"WebPage\",\"@id\":\"https:\\\/\\\/maranhaotv.com.br\\\/index.php\\\/2020\\\/08\\\/24\\\/confirmado-primeiro-caso-de-reinfeccao-do-novo-coronavirus-no-mundo\\\/\",\"url\":\"https:\\\/\\\/maranhaotv.com.br\\\/index.php\\\/2020\\\/08\\\/24\\\/confirmado-primeiro-caso-de-reinfeccao-do-novo-coronavirus-no-mundo\\\/\",\"name\":\"Confirmado primeiro caso de reinfec\u00e7\u00e3o do novo coronav\u00edrus no Mundo - NOT\u00cdCIAS EM TEMPO REAL\",\"isPartOf\":{\"@id\":\"https:\\\/\\\/maranhaotv.com.br\\\/#website\"},\"primaryImageOfPage\":{\"@id\":\"https:\\\/\\\/maranhaotv.com.br\\\/index.php\\\/2020\\\/08\\\/24\\\/confirmado-primeiro-caso-de-reinfeccao-do-novo-coronavirus-no-mundo\\\/#primaryimage\"},\"image\":{\"@id\":\"https:\\\/\\\/maranhaotv.com.br\\\/index.php\\\/2020\\\/08\\\/24\\\/confirmado-primeiro-caso-de-reinfeccao-do-novo-coronavirus-no-mundo\\\/#primaryimage\"},\"thumbnailUrl\":\"\",\"datePublished\":\"2020-08-24T19:29:56+00:00\",\"breadcrumb\":{\"@id\":\"https:\\\/\\\/maranhaotv.com.br\\\/index.php\\\/2020\\\/08\\\/24\\\/confirmado-primeiro-caso-de-reinfeccao-do-novo-coronavirus-no-mundo\\\/#breadcrumb\"},\"inLanguage\":\"pt-BR\",\"potentialAction\":[{\"@type\":\"ReadAction\",\"target\":[\"https:\\\/\\\/maranhaotv.com.br\\\/index.php\\\/2020\\\/08\\\/24\\\/confirmado-primeiro-caso-de-reinfeccao-do-novo-coronavirus-no-mundo\\\/\"]}]},{\"@type\":\"ImageObject\",\"inLanguage\":\"pt-BR\",\"@id\":\"https:\\\/\\\/maranhaotv.com.br\\\/index.php\\\/2020\\\/08\\\/24\\\/confirmado-primeiro-caso-de-reinfeccao-do-novo-coronavirus-no-mundo\\\/#primaryimage\",\"url\":\"\",\"contentUrl\":\"\"},{\"@type\":\"BreadcrumbList\",\"@id\":\"https:\\\/\\\/maranhaotv.com.br\\\/index.php\\\/2020\\\/08\\\/24\\\/confirmado-primeiro-caso-de-reinfeccao-do-novo-coronavirus-no-mundo\\\/#breadcrumb\",\"itemListElement\":[{\"@type\":\"ListItem\",\"position\":1,\"name\":\"In\u00edcio\",\"item\":\"https:\\\/\\\/maranhaotv.com.br\\\/\"},{\"@type\":\"ListItem\",\"position\":2,\"name\":\"Confirmado primeiro caso de reinfec\u00e7\u00e3o do novo coronav\u00edrus no Mundo\"}]},{\"@type\":\"WebSite\",\"@id\":\"https:\\\/\\\/maranhaotv.com.br\\\/#website\",\"url\":\"https:\\\/\\\/maranhaotv.com.br\\\/\",\"name\":\"Maranh\u00e3oTV\",\"description\":\"\",\"publisher\":{\"@id\":\"https:\\\/\\\/maranhaotv.com.br\\\/#organization\"},\"potentialAction\":[{\"@type\":\"SearchAction\",\"target\":{\"@type\":\"EntryPoint\",\"urlTemplate\":\"https:\\\/\\\/maranhaotv.com.br\\\/?s={search_term_string}\"},\"query-input\":{\"@type\":\"PropertyValueSpecification\",\"valueRequired\":true,\"valueName\":\"search_term_string\"}}],\"inLanguage\":\"pt-BR\"},{\"@type\":\"Organization\",\"@id\":\"https:\\\/\\\/maranhaotv.com.br\\\/#organization\",\"name\":\"Portal de Not\u00edcias\",\"url\":\"https:\\\/\\\/maranhaotv.com.br\\\/\",\"logo\":{\"@type\":\"ImageObject\",\"inLanguage\":\"pt-BR\",\"@id\":\"https:\\\/\\\/maranhaotv.com.br\\\/#\\\/schema\\\/logo\\\/image\\\/\",\"url\":\"https:\\\/\\\/maranhaotv.com.br\\\/wp-content\\\/uploads\\\/2024\\\/05\\\/cropped-cropped-avatar-1.png\",\"contentUrl\":\"https:\\\/\\\/maranhaotv.com.br\\\/wp-content\\\/uploads\\\/2024\\\/05\\\/cropped-cropped-avatar-1.png\",\"width\":792,\"height\":428,\"caption\":\"Portal de Not\u00edcias\"},\"image\":{\"@id\":\"https:\\\/\\\/maranhaotv.com.br\\\/#\\\/schema\\\/logo\\\/image\\\/\"},\"sameAs\":[\"https:\\\/\\\/www.facebook.com\\\/maiobaotv\",\"https:\\\/\\\/x.com\\\/sitemaranhaotv\",\"https:\\\/\\\/www.instagram.com\\\/maranhao.tv\",\"https:\\\/\\\/www.threads.net\\\/@maranhao.tv\"]},{\"@type\":\"Person\",\"@id\":\"https:\\\/\\\/maranhaotv.com.br\\\/#\\\/schema\\\/person\\\/3d54238e86b20bb5c89ab2fdb8f8829a\",\"name\":\"maranhaotv\",\"image\":{\"@type\":\"ImageObject\",\"inLanguage\":\"pt-BR\",\"@id\":\"https:\\\/\\\/secure.gravatar.com\\\/avatar\\\/8fadbca458d4cb68b1dd399ae9a40618d747bb1af65ac9fad21c89220a143eb4?s=96&d=mm&r=g\",\"url\":\"https:\\\/\\\/secure.gravatar.com\\\/avatar\\\/8fadbca458d4cb68b1dd399ae9a40618d747bb1af65ac9fad21c89220a143eb4?s=96&d=mm&r=g\",\"contentUrl\":\"https:\\\/\\\/secure.gravatar.com\\\/avatar\\\/8fadbca458d4cb68b1dd399ae9a40618d747bb1af65ac9fad21c89220a143eb4?s=96&d=mm&r=g\",\"caption\":\"maranhaotv\"},\"sameAs\":[\"https:\\\/\\\/maranhaotv.com.br\\\/\"],\"url\":\"https:\\\/\\\/maranhaotv.com.br\\\/index.php\\\/author\\\/maranhaotv\\\/\"}]}<\/script>\n<!-- \/ Yoast SEO plugin. -->","yoast_head_json":{"title":"Confirmado primeiro caso de reinfec\u00e7\u00e3o do novo coronav\u00edrus no Mundo - NOT\u00cdCIAS EM TEMPO REAL","robots":{"index":"index","follow":"follow","max-snippet":"max-snippet:-1","max-image-preview":"max-image-preview:large","max-video-preview":"max-video-preview:-1"},"canonical":"https:\/\/maranhaotv.com.br\/index.php\/2020\/08\/24\/confirmado-primeiro-caso-de-reinfeccao-do-novo-coronavirus-no-mundo\/","og_locale":"pt_BR","og_type":"article","og_title":"Confirmado primeiro caso de reinfec\u00e7\u00e3o do novo coronav\u00edrus no Mundo - NOT\u00cdCIAS EM TEMPO REAL","og_description":"Um homem de Hong Kong, de 33 anos, se tornou o primeiro caso documentado de reinfec\u00e7\u00e3o da covid-19 no mundo,","og_url":"https:\/\/maranhaotv.com.br\/index.php\/2020\/08\/24\/confirmado-primeiro-caso-de-reinfeccao-do-novo-coronavirus-no-mundo\/","og_site_name":"NOT\u00cdCIAS EM TEMPO REAL","article_publisher":"https:\/\/www.facebook.com\/maiobaotv","article_published_time":"2020-08-24T19:29:56+00:00","author":"maranhaotv","twitter_card":"summary_large_image","twitter_creator":"@sitemaranhaotv","twitter_site":"@sitemaranhaotv","twitter_misc":{"Escrito por":"maranhaotv","Est. tempo de leitura":"3 minutos"},"schema":{"@context":"https:\/\/schema.org","@graph":[{"@type":"Article","@id":"https:\/\/maranhaotv.com.br\/index.php\/2020\/08\/24\/confirmado-primeiro-caso-de-reinfeccao-do-novo-coronavirus-no-mundo\/#article","isPartOf":{"@id":"https:\/\/maranhaotv.com.br\/index.php\/2020\/08\/24\/confirmado-primeiro-caso-de-reinfeccao-do-novo-coronavirus-no-mundo\/"},"author":{"name":"maranhaotv","@id":"https:\/\/maranhaotv.com.br\/#\/schema\/person\/3d54238e86b20bb5c89ab2fdb8f8829a"},"headline":"Confirmado primeiro caso de reinfec\u00e7\u00e3o do novo coronav\u00edrus no Mundo","datePublished":"2020-08-24T19:29:56+00:00","mainEntityOfPage":{"@id":"https:\/\/maranhaotv.com.br\/index.php\/2020\/08\/24\/confirmado-primeiro-caso-de-reinfeccao-do-novo-coronavirus-no-mundo\/"},"wordCount":600,"commentCount":0,"publisher":{"@id":"https:\/\/maranhaotv.com.br\/#organization"},"image":{"@id":"https:\/\/maranhaotv.com.br\/index.php\/2020\/08\/24\/confirmado-primeiro-caso-de-reinfeccao-do-novo-coronavirus-no-mundo\/#primaryimage"},"thumbnailUrl":"","articleSection":["not\u00edcias"],"inLanguage":"pt-BR","potentialAction":[{"@type":"CommentAction","name":"Comment","target":["https:\/\/maranhaotv.com.br\/index.php\/2020\/08\/24\/confirmado-primeiro-caso-de-reinfeccao-do-novo-coronavirus-no-mundo\/#respond"]}]},{"@type":"WebPage","@id":"https:\/\/maranhaotv.com.br\/index.php\/2020\/08\/24\/confirmado-primeiro-caso-de-reinfeccao-do-novo-coronavirus-no-mundo\/","url":"https:\/\/maranhaotv.com.br\/index.php\/2020\/08\/24\/confirmado-primeiro-caso-de-reinfeccao-do-novo-coronavirus-no-mundo\/","name":"Confirmado primeiro caso de reinfec\u00e7\u00e3o do novo coronav\u00edrus no Mundo - NOT\u00cdCIAS EM TEMPO REAL","isPartOf":{"@id":"https:\/\/maranhaotv.com.br\/#website"},"primaryImageOfPage":{"@id":"https:\/\/maranhaotv.com.br\/index.php\/2020\/08\/24\/confirmado-primeiro-caso-de-reinfeccao-do-novo-coronavirus-no-mundo\/#primaryimage"},"image":{"@id":"https:\/\/maranhaotv.com.br\/index.php\/2020\/08\/24\/confirmado-primeiro-caso-de-reinfeccao-do-novo-coronavirus-no-mundo\/#primaryimage"},"thumbnailUrl":"","datePublished":"2020-08-24T19:29:56+00:00","breadcrumb":{"@id":"https:\/\/maranhaotv.com.br\/index.php\/2020\/08\/24\/confirmado-primeiro-caso-de-reinfeccao-do-novo-coronavirus-no-mundo\/#breadcrumb"},"inLanguage":"pt-BR","potentialAction":[{"@type":"ReadAction","target":["https:\/\/maranhaotv.com.br\/index.php\/2020\/08\/24\/confirmado-primeiro-caso-de-reinfeccao-do-novo-coronavirus-no-mundo\/"]}]},{"@type":"ImageObject","inLanguage":"pt-BR","@id":"https:\/\/maranhaotv.com.br\/index.php\/2020\/08\/24\/confirmado-primeiro-caso-de-reinfeccao-do-novo-coronavirus-no-mundo\/#primaryimage","url":"","contentUrl":""},{"@type":"BreadcrumbList","@id":"https:\/\/maranhaotv.com.br\/index.php\/2020\/08\/24\/confirmado-primeiro-caso-de-reinfeccao-do-novo-coronavirus-no-mundo\/#breadcrumb","itemListElement":[{"@type":"ListItem","position":1,"name":"In\u00edcio","item":"https:\/\/maranhaotv.com.br\/"},{"@type":"ListItem","position":2,"name":"Confirmado primeiro caso de reinfec\u00e7\u00e3o do novo coronav\u00edrus no Mundo"}]},{"@type":"WebSite","@id":"https:\/\/maranhaotv.com.br\/#website","url":"https:\/\/maranhaotv.com.br\/","name":"Maranh\u00e3oTV","description":"","publisher":{"@id":"https:\/\/maranhaotv.com.br\/#organization"},"potentialAction":[{"@type":"SearchAction","target":{"@type":"EntryPoint","urlTemplate":"https:\/\/maranhaotv.com.br\/?s={search_term_string}"},"query-input":{"@type":"PropertyValueSpecification","valueRequired":true,"valueName":"search_term_string"}}],"inLanguage":"pt-BR"},{"@type":"Organization","@id":"https:\/\/maranhaotv.com.br\/#organization","name":"Portal de Not\u00edcias","url":"https:\/\/maranhaotv.com.br\/","logo":{"@type":"ImageObject","inLanguage":"pt-BR","@id":"https:\/\/maranhaotv.com.br\/#\/schema\/logo\/image\/","url":"https:\/\/maranhaotv.com.br\/wp-content\/uploads\/2024\/05\/cropped-cropped-avatar-1.png","contentUrl":"https:\/\/maranhaotv.com.br\/wp-content\/uploads\/2024\/05\/cropped-cropped-avatar-1.png","width":792,"height":428,"caption":"Portal de Not\u00edcias"},"image":{"@id":"https:\/\/maranhaotv.com.br\/#\/schema\/logo\/image\/"},"sameAs":["https:\/\/www.facebook.com\/maiobaotv","https:\/\/x.com\/sitemaranhaotv","https:\/\/www.instagram.com\/maranhao.tv","https:\/\/www.threads.net\/@maranhao.tv"]},{"@type":"Person","@id":"https:\/\/maranhaotv.com.br\/#\/schema\/person\/3d54238e86b20bb5c89ab2fdb8f8829a","name":"maranhaotv","image":{"@type":"ImageObject","inLanguage":"pt-BR","@id":"https:\/\/secure.gravatar.com\/avatar\/8fadbca458d4cb68b1dd399ae9a40618d747bb1af65ac9fad21c89220a143eb4?s=96&d=mm&r=g","url":"https:\/\/secure.gravatar.com\/avatar\/8fadbca458d4cb68b1dd399ae9a40618d747bb1af65ac9fad21c89220a143eb4?s=96&d=mm&r=g","contentUrl":"https:\/\/secure.gravatar.com\/avatar\/8fadbca458d4cb68b1dd399ae9a40618d747bb1af65ac9fad21c89220a143eb4?s=96&d=mm&r=g","caption":"maranhaotv"},"sameAs":["https:\/\/maranhaotv.com.br\/"],"url":"https:\/\/maranhaotv.com.br\/index.php\/author\/maranhaotv\/"}]}},"jetpack_featured_media_url":"","jetpack_sharing_enabled":true,"_links":{"self":[{"href":"https:\/\/maranhaotv.com.br\/index.php\/wp-json\/wp\/v2\/posts\/14176","targetHints":{"allow":["GET"]}}],"collection":[{"href":"https:\/\/maranhaotv.com.br\/index.php\/wp-json\/wp\/v2\/posts"}],"about":[{"href":"https:\/\/maranhaotv.com.br\/index.php\/wp-json\/wp\/v2\/types\/post"}],"author":[{"embeddable":true,"href":"https:\/\/maranhaotv.com.br\/index.php\/wp-json\/wp\/v2\/users\/2"}],"replies":[{"embeddable":true,"href":"https:\/\/maranhaotv.com.br\/index.php\/wp-json\/wp\/v2\/comments?post=14176"}],"version-history":[{"count":0,"href":"https:\/\/maranhaotv.com.br\/index.php\/wp-json\/wp\/v2\/posts\/14176\/revisions"}],"wp:featuredmedia":[{"embeddable":true,"href":"https:\/\/maranhaotv.com.br\/index.php\/wp-json\/"}],"wp:attachment":[{"href":"https:\/\/maranhaotv.com.br\/index.php\/wp-json\/wp\/v2\/media?parent=14176"}],"wp:term":[{"taxonomy":"category","embeddable":true,"href":"https:\/\/maranhaotv.com.br\/index.php\/wp-json\/wp\/v2\/categories?post=14176"},{"taxonomy":"post_tag","embeddable":true,"href":"https:\/\/maranhaotv.com.br\/index.php\/wp-json\/wp\/v2\/tags?post=14176"}],"curies":[{"name":"wp","href":"https:\/\/api.w.org\/{rel}","templated":true}]}}