{"id":14184,"date":"2020-08-24T18:43:34","date_gmt":"2020-08-24T21:43:34","guid":{"rendered":"https:\/\/maiobaotv.com.br\/?p=14184"},"modified":"2020-08-24T18:43:34","modified_gmt":"2020-08-24T21:43:34","slug":"operacao-apreende-carros-motos-e-sistema-de-som-no-aracagi","status":"publish","type":"post","link":"https:\/\/maranhaotv.com.br\/index.php\/2020\/08\/24\/operacao-apreende-carros-motos-e-sistema-de-som-no-aracagi\/","title":{"rendered":"Opera\u00e7\u00e3o apreende carros, motos e sistema de som no Ara\u00e7agi"},"content":{"rendered":"<p>Neste domingo, 23, a Opera\u00e7\u00e3o Harp\u00f3crates, coordenada pelo Minist\u00e9rio P\u00fablico do Maranh\u00e3o, apreendeu quatro carros, quatro motos e um sistema de som (reboque). Todos os ve\u00edculos foram flagrados na Praia do Ara\u00e7agi, na Ilha de S\u00e3o Lu\u00eds, e os propriet\u00e1rios v\u00e3o responder, de acordo com a Lei 9.605\/1998 (Lei de Crimes Ambientais), por pr\u00e1tica de polui\u00e7\u00e3o sonora.<\/p>\n<p>Segundo o promotor de justi\u00e7a Cl\u00e1udio Alberto Guimar\u00e3es (Controle Externo da Atividade Policial), as motos foram apreendidas em raz\u00e3o de estarem usando escapamento adulterado que provoca barulho (cano de descarga sem silenciador). \u201cAssim como os donos dos carros com equipamento de som, os propriet\u00e1rios das motos foram enquadrados no artigo 54 da Lei de Crimes Ambientais\u201d, explicou o representante do MPMA.<\/p>\n<p>Os propriet\u00e1rios das motos pagaram fian\u00e7a de R$ 1.054,00, e para os dos carros e do sistema de som (reboque), o valor foi de R$ 5 mil. Dois propriet\u00e1rios de ve\u00edculos se recusaram a pagar a fian\u00e7a e foram encaminhados para o pres\u00eddio de Pedrinhas. A opera\u00e7\u00e3o teve in\u00edcio \u00e0s 17h e foi encerrada por volta das 2h da madrugada desta segunda.<br \/>\nDo Minist\u00e9rio P\u00fablico do Maranh\u00e3o, tamb\u00e9m participaram da opera\u00e7\u00e3o os promotores de justi\u00e7a Jos\u00e9 Cl\u00e1udio Cabral Marques (Controle Externo da Atividade Policial) e Reinaldo Campos Castro (da Comarca de Raposa).<br \/>\nIntegraram a Harp\u00f3crates, ainda, agentes das pol\u00edcias Civil e Militar, Corpo de Bombeiros, Secretarias Municipais de Tr\u00e2nsito e Transporte (de S\u00e3o Lu\u00eds e de S\u00e3o Jos\u00e9 de Ribamar) e Instituto de Criminal\u00edstica do Maranh\u00e3o (Icrim).<\/p>\n<p>Os sistemas de som e os escapamentos foram retirados dos ve\u00edculos e est\u00e3o custodiados em dep\u00f3sito no Minist\u00e9rio P\u00fablico do Maranh\u00e3o.<\/p>\n<p>MOTOCICLETAS<br \/>\nCl\u00e1udio Guimar\u00e3es informou que vai intensificar a fiscaliza\u00e7\u00e3o de motocicletas, com o objetivo de coibir o uso irregular de escapamentos adulterados. O promotor de justi\u00e7a acrescentou que j\u00e1 foi percebida uma mudan\u00e7a de comportamento nos frequentadores do litoral da Ilha de S\u00e3o Lu\u00eds. \u201cNa Praia do Meio, por exemplo, ao contr\u00e1rio do domingo anterior, n\u00e3o verificamos nenhuma irregularidade\u201d.<\/p>\n<div style=\"width: 640px;\" class=\"wp-video\"><video class=\"size-full\" id=\"video-14184-1\" width=\"640\" height=\"360\" preload=\"metadata\" controls=\"controls\"><source type=\"video\/mp4\" src=\"https:\/\/maiobaotv.com.br\/wp-content\/uploads\/2020\/08\/VID-20200824-WA0379.mp4?_=1\" \/><a href=\"https:\/\/maiobaotv.com.br\/wp-content\/uploads\/2020\/08\/VID-20200824-WA0379.mp4\">https:\/\/maiobaotv.com.br\/wp-content\/uploads\/2020\/08\/VID-20200824-WA0379.mp4<\/a><\/video><\/div>\n<p><img loading=\"lazy\" decoding=\"async\" src=\"https:\/\/maiobaotv.com.br\/wp-content\/uploads\/2020\/08\/img-20200824-wa03782641145934997203937.jpg\" class=\"wp-image-14185 alignnone size-full\" width=\"864\" height=\"1152\"><\/p>\n<p>Fonte: MPMA<\/p>\n","protected":false},"excerpt":{"rendered":"<p>Neste domingo, 23, a Opera\u00e7\u00e3o Harp\u00f3crates, coordenada pelo Minist\u00e9rio P\u00fablico do Maranh\u00e3o, apreendeu quatro carros, quatro motos e um sistema<\/p>\n","protected":false},"author":2,"featured_media":14187,"comment_status":"open","ping_status":"open","sticky":false,"template":"","format":"standard","meta":{"colormag_page_container_layout":"default_layout","colormag_page_sidebar_layout":"default_layout","_jetpack_memberships_contains_paid_content":false,"footnotes":""},"categories":[2],"tags":[],"class_list":["post-14184","post","type-post","status-publish","format-standard","has-post-thumbnail","hentry","category-noticias"],"magazineBlocksPostFeaturedMedia":{"thumbnail":false,"medium":false,"medium_large":false,"large":false,"1536x1536":false,"2048x2048":false,"colormag-highlighted-post":false,"colormag-featured-post-medium":false,"colormag-featured-post-small":false,"colormag-featured-image":false,"colormag-default-news":false,"colormag-featured-image-large":false},"magazineBlocksPostAuthor":{"name":"maranhaotv","avatar":"https:\/\/secure.gravatar.com\/avatar\/8fadbca458d4cb68b1dd399ae9a40618d747bb1af65ac9fad21c89220a143eb4?s=96&d=mm&r=g"},"magazineBlocksPostCommentsNumber":"0","magazineBlocksPostExcerpt":"Neste domingo, 23, a Opera\u00e7\u00e3o Harp\u00f3crates, coordenada pelo Minist\u00e9rio P\u00fablico do Maranh\u00e3o, apreendeu quatro carros, quatro motos e um sistema","magazineBlocksPostCategories":["not\u00edcias"],"magazineBlocksPostViewCount":138,"magazineBlocksPostReadTime":2,"magazine_blocks_featured_image_url":{"full":false,"medium":false,"thumbnail":false},"magazine_blocks_author":{"display_name":"maranhaotv","author_link":"https:\/\/maranhaotv.com.br\/index.php\/author\/maranhaotv\/"},"magazine_blocks_comment":0,"magazine_blocks_author_image":"https:\/\/secure.gravatar.com\/avatar\/8fadbca458d4cb68b1dd399ae9a40618d747bb1af65ac9fad21c89220a143eb4?s=96&d=mm&r=g","magazine_blocks_category":"<a href=\"#\" class=\"category-link category-link-2\">not\u00edcias<\/a>","yoast_head":"<!-- This site is optimized with the Yoast SEO plugin v27.4 - https:\/\/yoast.com\/product\/yoast-seo-wordpress\/ -->\n<title>Opera\u00e7\u00e3o apreende carros, motos e sistema de som no Ara\u00e7agi - NOT\u00cdCIAS EM TEMPO REAL<\/title>\n<meta name=\"robots\" content=\"index, follow, max-snippet:-1, max-image-preview:large, max-video-preview:-1\" \/>\n<link rel=\"canonical\" href=\"https:\/\/maranhaotv.com.br\/index.php\/2020\/08\/24\/operacao-apreende-carros-motos-e-sistema-de-som-no-aracagi\/\" \/>\n<meta property=\"og:locale\" content=\"pt_BR\" \/>\n<meta property=\"og:type\" content=\"article\" \/>\n<meta property=\"og:title\" content=\"Opera\u00e7\u00e3o apreende carros, motos e sistema de som no Ara\u00e7agi - NOT\u00cdCIAS EM TEMPO REAL\" \/>\n<meta property=\"og:description\" content=\"Neste domingo, 23, a Opera\u00e7\u00e3o Harp\u00f3crates, coordenada pelo Minist\u00e9rio P\u00fablico do Maranh\u00e3o, apreendeu quatro carros, quatro motos e um sistema\" \/>\n<meta property=\"og:url\" content=\"https:\/\/maranhaotv.com.br\/index.php\/2020\/08\/24\/operacao-apreende-carros-motos-e-sistema-de-som-no-aracagi\/\" \/>\n<meta property=\"og:site_name\" content=\"NOT\u00cdCIAS EM TEMPO REAL\" \/>\n<meta property=\"article:publisher\" content=\"https:\/\/www.facebook.com\/maiobaotv\" \/>\n<meta property=\"article:published_time\" content=\"2020-08-24T21:43:34+00:00\" \/>\n<meta name=\"author\" content=\"maranhaotv\" \/>\n<meta name=\"twitter:card\" content=\"summary_large_image\" \/>\n<meta name=\"twitter:creator\" content=\"@sitemaranhaotv\" \/>\n<meta name=\"twitter:site\" content=\"@sitemaranhaotv\" \/>\n<meta name=\"twitter:label1\" content=\"Escrito por\" \/>\n\t<meta name=\"twitter:data1\" content=\"maranhaotv\" \/>\n\t<meta name=\"twitter:label2\" content=\"Est. tempo de leitura\" \/>\n\t<meta name=\"twitter:data2\" content=\"2 minutos\" \/>\n<script type=\"application\/ld+json\" class=\"yoast-schema-graph\">{\"@context\":\"https:\\\/\\\/schema.org\",\"@graph\":[{\"@type\":\"Article\",\"@id\":\"https:\\\/\\\/maranhaotv.com.br\\\/index.php\\\/2020\\\/08\\\/24\\\/operacao-apreende-carros-motos-e-sistema-de-som-no-aracagi\\\/#article\",\"isPartOf\":{\"@id\":\"https:\\\/\\\/maranhaotv.com.br\\\/index.php\\\/2020\\\/08\\\/24\\\/operacao-apreende-carros-motos-e-sistema-de-som-no-aracagi\\\/\"},\"author\":{\"name\":\"maranhaotv\",\"@id\":\"https:\\\/\\\/maranhaotv.com.br\\\/#\\\/schema\\\/person\\\/3d54238e86b20bb5c89ab2fdb8f8829a\"},\"headline\":\"Opera\u00e7\u00e3o apreende carros, motos e sistema de som no Ara\u00e7agi\",\"datePublished\":\"2020-08-24T21:43:34+00:00\",\"mainEntityOfPage\":{\"@id\":\"https:\\\/\\\/maranhaotv.com.br\\\/index.php\\\/2020\\\/08\\\/24\\\/operacao-apreende-carros-motos-e-sistema-de-som-no-aracagi\\\/\"},\"wordCount\":403,\"commentCount\":0,\"publisher\":{\"@id\":\"https:\\\/\\\/maranhaotv.com.br\\\/#organization\"},\"image\":{\"@id\":\"https:\\\/\\\/maranhaotv.com.br\\\/index.php\\\/2020\\\/08\\\/24\\\/operacao-apreende-carros-motos-e-sistema-de-som-no-aracagi\\\/#primaryimage\"},\"thumbnailUrl\":\"\",\"articleSection\":[\"not\u00edcias\"],\"inLanguage\":\"pt-BR\",\"potentialAction\":[{\"@type\":\"CommentAction\",\"name\":\"Comment\",\"target\":[\"https:\\\/\\\/maranhaotv.com.br\\\/index.php\\\/2020\\\/08\\\/24\\\/operacao-apreende-carros-motos-e-sistema-de-som-no-aracagi\\\/#respond\"]}]},{\"@type\":\"WebPage\",\"@id\":\"https:\\\/\\\/maranhaotv.com.br\\\/index.php\\\/2020\\\/08\\\/24\\\/operacao-apreende-carros-motos-e-sistema-de-som-no-aracagi\\\/\",\"url\":\"https:\\\/\\\/maranhaotv.com.br\\\/index.php\\\/2020\\\/08\\\/24\\\/operacao-apreende-carros-motos-e-sistema-de-som-no-aracagi\\\/\",\"name\":\"Opera\u00e7\u00e3o apreende carros, motos e sistema de som no Ara\u00e7agi - NOT\u00cdCIAS EM TEMPO REAL\",\"isPartOf\":{\"@id\":\"https:\\\/\\\/maranhaotv.com.br\\\/#website\"},\"primaryImageOfPage\":{\"@id\":\"https:\\\/\\\/maranhaotv.com.br\\\/index.php\\\/2020\\\/08\\\/24\\\/operacao-apreende-carros-motos-e-sistema-de-som-no-aracagi\\\/#primaryimage\"},\"image\":{\"@id\":\"https:\\\/\\\/maranhaotv.com.br\\\/index.php\\\/2020\\\/08\\\/24\\\/operacao-apreende-carros-motos-e-sistema-de-som-no-aracagi\\\/#primaryimage\"},\"thumbnailUrl\":\"\",\"datePublished\":\"2020-08-24T21:43:34+00:00\",\"breadcrumb\":{\"@id\":\"https:\\\/\\\/maranhaotv.com.br\\\/index.php\\\/2020\\\/08\\\/24\\\/operacao-apreende-carros-motos-e-sistema-de-som-no-aracagi\\\/#breadcrumb\"},\"inLanguage\":\"pt-BR\",\"potentialAction\":[{\"@type\":\"ReadAction\",\"target\":[\"https:\\\/\\\/maranhaotv.com.br\\\/index.php\\\/2020\\\/08\\\/24\\\/operacao-apreende-carros-motos-e-sistema-de-som-no-aracagi\\\/\"]}]},{\"@type\":\"ImageObject\",\"inLanguage\":\"pt-BR\",\"@id\":\"https:\\\/\\\/maranhaotv.com.br\\\/index.php\\\/2020\\\/08\\\/24\\\/operacao-apreende-carros-motos-e-sistema-de-som-no-aracagi\\\/#primaryimage\",\"url\":\"\",\"contentUrl\":\"\"},{\"@type\":\"BreadcrumbList\",\"@id\":\"https:\\\/\\\/maranhaotv.com.br\\\/index.php\\\/2020\\\/08\\\/24\\\/operacao-apreende-carros-motos-e-sistema-de-som-no-aracagi\\\/#breadcrumb\",\"itemListElement\":[{\"@type\":\"ListItem\",\"position\":1,\"name\":\"In\u00edcio\",\"item\":\"https:\\\/\\\/maranhaotv.com.br\\\/\"},{\"@type\":\"ListItem\",\"position\":2,\"name\":\"Opera\u00e7\u00e3o apreende carros, motos e sistema de som no Ara\u00e7agi\"}]},{\"@type\":\"WebSite\",\"@id\":\"https:\\\/\\\/maranhaotv.com.br\\\/#website\",\"url\":\"https:\\\/\\\/maranhaotv.com.br\\\/\",\"name\":\"Maranh\u00e3oTV\",\"description\":\"\",\"publisher\":{\"@id\":\"https:\\\/\\\/maranhaotv.com.br\\\/#organization\"},\"potentialAction\":[{\"@type\":\"SearchAction\",\"target\":{\"@type\":\"EntryPoint\",\"urlTemplate\":\"https:\\\/\\\/maranhaotv.com.br\\\/?s={search_term_string}\"},\"query-input\":{\"@type\":\"PropertyValueSpecification\",\"valueRequired\":true,\"valueName\":\"search_term_string\"}}],\"inLanguage\":\"pt-BR\"},{\"@type\":\"Organization\",\"@id\":\"https:\\\/\\\/maranhaotv.com.br\\\/#organization\",\"name\":\"Portal de Not\u00edcias\",\"url\":\"https:\\\/\\\/maranhaotv.com.br\\\/\",\"logo\":{\"@type\":\"ImageObject\",\"inLanguage\":\"pt-BR\",\"@id\":\"https:\\\/\\\/maranhaotv.com.br\\\/#\\\/schema\\\/logo\\\/image\\\/\",\"url\":\"https:\\\/\\\/maranhaotv.com.br\\\/wp-content\\\/uploads\\\/2024\\\/05\\\/cropped-cropped-avatar-1.png\",\"contentUrl\":\"https:\\\/\\\/maranhaotv.com.br\\\/wp-content\\\/uploads\\\/2024\\\/05\\\/cropped-cropped-avatar-1.png\",\"width\":792,\"height\":428,\"caption\":\"Portal de Not\u00edcias\"},\"image\":{\"@id\":\"https:\\\/\\\/maranhaotv.com.br\\\/#\\\/schema\\\/logo\\\/image\\\/\"},\"sameAs\":[\"https:\\\/\\\/www.facebook.com\\\/maiobaotv\",\"https:\\\/\\\/x.com\\\/sitemaranhaotv\",\"https:\\\/\\\/www.instagram.com\\\/maranhao.tv\",\"https:\\\/\\\/www.threads.net\\\/@maranhao.tv\"]},{\"@type\":\"Person\",\"@id\":\"https:\\\/\\\/maranhaotv.com.br\\\/#\\\/schema\\\/person\\\/3d54238e86b20bb5c89ab2fdb8f8829a\",\"name\":\"maranhaotv\",\"image\":{\"@type\":\"ImageObject\",\"inLanguage\":\"pt-BR\",\"@id\":\"https:\\\/\\\/secure.gravatar.com\\\/avatar\\\/8fadbca458d4cb68b1dd399ae9a40618d747bb1af65ac9fad21c89220a143eb4?s=96&d=mm&r=g\",\"url\":\"https:\\\/\\\/secure.gravatar.com\\\/avatar\\\/8fadbca458d4cb68b1dd399ae9a40618d747bb1af65ac9fad21c89220a143eb4?s=96&d=mm&r=g\",\"contentUrl\":\"https:\\\/\\\/secure.gravatar.com\\\/avatar\\\/8fadbca458d4cb68b1dd399ae9a40618d747bb1af65ac9fad21c89220a143eb4?s=96&d=mm&r=g\",\"caption\":\"maranhaotv\"},\"sameAs\":[\"https:\\\/\\\/maranhaotv.com.br\\\/\"],\"url\":\"https:\\\/\\\/maranhaotv.com.br\\\/index.php\\\/author\\\/maranhaotv\\\/\"}]}<\/script>\n<!-- \/ Yoast SEO plugin. -->","yoast_head_json":{"title":"Opera\u00e7\u00e3o apreende carros, motos e sistema de som no Ara\u00e7agi - NOT\u00cdCIAS EM TEMPO REAL","robots":{"index":"index","follow":"follow","max-snippet":"max-snippet:-1","max-image-preview":"max-image-preview:large","max-video-preview":"max-video-preview:-1"},"canonical":"https:\/\/maranhaotv.com.br\/index.php\/2020\/08\/24\/operacao-apreende-carros-motos-e-sistema-de-som-no-aracagi\/","og_locale":"pt_BR","og_type":"article","og_title":"Opera\u00e7\u00e3o apreende carros, motos e sistema de som no Ara\u00e7agi - NOT\u00cdCIAS EM TEMPO REAL","og_description":"Neste domingo, 23, a Opera\u00e7\u00e3o Harp\u00f3crates, coordenada pelo Minist\u00e9rio P\u00fablico do Maranh\u00e3o, apreendeu quatro carros, quatro motos e um sistema","og_url":"https:\/\/maranhaotv.com.br\/index.php\/2020\/08\/24\/operacao-apreende-carros-motos-e-sistema-de-som-no-aracagi\/","og_site_name":"NOT\u00cdCIAS EM TEMPO REAL","article_publisher":"https:\/\/www.facebook.com\/maiobaotv","article_published_time":"2020-08-24T21:43:34+00:00","author":"maranhaotv","twitter_card":"summary_large_image","twitter_creator":"@sitemaranhaotv","twitter_site":"@sitemaranhaotv","twitter_misc":{"Escrito por":"maranhaotv","Est. tempo de leitura":"2 minutos"},"schema":{"@context":"https:\/\/schema.org","@graph":[{"@type":"Article","@id":"https:\/\/maranhaotv.com.br\/index.php\/2020\/08\/24\/operacao-apreende-carros-motos-e-sistema-de-som-no-aracagi\/#article","isPartOf":{"@id":"https:\/\/maranhaotv.com.br\/index.php\/2020\/08\/24\/operacao-apreende-carros-motos-e-sistema-de-som-no-aracagi\/"},"author":{"name":"maranhaotv","@id":"https:\/\/maranhaotv.com.br\/#\/schema\/person\/3d54238e86b20bb5c89ab2fdb8f8829a"},"headline":"Opera\u00e7\u00e3o apreende carros, motos e sistema de som no Ara\u00e7agi","datePublished":"2020-08-24T21:43:34+00:00","mainEntityOfPage":{"@id":"https:\/\/maranhaotv.com.br\/index.php\/2020\/08\/24\/operacao-apreende-carros-motos-e-sistema-de-som-no-aracagi\/"},"wordCount":403,"commentCount":0,"publisher":{"@id":"https:\/\/maranhaotv.com.br\/#organization"},"image":{"@id":"https:\/\/maranhaotv.com.br\/index.php\/2020\/08\/24\/operacao-apreende-carros-motos-e-sistema-de-som-no-aracagi\/#primaryimage"},"thumbnailUrl":"","articleSection":["not\u00edcias"],"inLanguage":"pt-BR","potentialAction":[{"@type":"CommentAction","name":"Comment","target":["https:\/\/maranhaotv.com.br\/index.php\/2020\/08\/24\/operacao-apreende-carros-motos-e-sistema-de-som-no-aracagi\/#respond"]}]},{"@type":"WebPage","@id":"https:\/\/maranhaotv.com.br\/index.php\/2020\/08\/24\/operacao-apreende-carros-motos-e-sistema-de-som-no-aracagi\/","url":"https:\/\/maranhaotv.com.br\/index.php\/2020\/08\/24\/operacao-apreende-carros-motos-e-sistema-de-som-no-aracagi\/","name":"Opera\u00e7\u00e3o apreende carros, motos e sistema de som no Ara\u00e7agi - NOT\u00cdCIAS EM TEMPO REAL","isPartOf":{"@id":"https:\/\/maranhaotv.com.br\/#website"},"primaryImageOfPage":{"@id":"https:\/\/maranhaotv.com.br\/index.php\/2020\/08\/24\/operacao-apreende-carros-motos-e-sistema-de-som-no-aracagi\/#primaryimage"},"image":{"@id":"https:\/\/maranhaotv.com.br\/index.php\/2020\/08\/24\/operacao-apreende-carros-motos-e-sistema-de-som-no-aracagi\/#primaryimage"},"thumbnailUrl":"","datePublished":"2020-08-24T21:43:34+00:00","breadcrumb":{"@id":"https:\/\/maranhaotv.com.br\/index.php\/2020\/08\/24\/operacao-apreende-carros-motos-e-sistema-de-som-no-aracagi\/#breadcrumb"},"inLanguage":"pt-BR","potentialAction":[{"@type":"ReadAction","target":["https:\/\/maranhaotv.com.br\/index.php\/2020\/08\/24\/operacao-apreende-carros-motos-e-sistema-de-som-no-aracagi\/"]}]},{"@type":"ImageObject","inLanguage":"pt-BR","@id":"https:\/\/maranhaotv.com.br\/index.php\/2020\/08\/24\/operacao-apreende-carros-motos-e-sistema-de-som-no-aracagi\/#primaryimage","url":"","contentUrl":""},{"@type":"BreadcrumbList","@id":"https:\/\/maranhaotv.com.br\/index.php\/2020\/08\/24\/operacao-apreende-carros-motos-e-sistema-de-som-no-aracagi\/#breadcrumb","itemListElement":[{"@type":"ListItem","position":1,"name":"In\u00edcio","item":"https:\/\/maranhaotv.com.br\/"},{"@type":"ListItem","position":2,"name":"Opera\u00e7\u00e3o apreende carros, motos e sistema de som no Ara\u00e7agi"}]},{"@type":"WebSite","@id":"https:\/\/maranhaotv.com.br\/#website","url":"https:\/\/maranhaotv.com.br\/","name":"Maranh\u00e3oTV","description":"","publisher":{"@id":"https:\/\/maranhaotv.com.br\/#organization"},"potentialAction":[{"@type":"SearchAction","target":{"@type":"EntryPoint","urlTemplate":"https:\/\/maranhaotv.com.br\/?s={search_term_string}"},"query-input":{"@type":"PropertyValueSpecification","valueRequired":true,"valueName":"search_term_string"}}],"inLanguage":"pt-BR"},{"@type":"Organization","@id":"https:\/\/maranhaotv.com.br\/#organization","name":"Portal de Not\u00edcias","url":"https:\/\/maranhaotv.com.br\/","logo":{"@type":"ImageObject","inLanguage":"pt-BR","@id":"https:\/\/maranhaotv.com.br\/#\/schema\/logo\/image\/","url":"https:\/\/maranhaotv.com.br\/wp-content\/uploads\/2024\/05\/cropped-cropped-avatar-1.png","contentUrl":"https:\/\/maranhaotv.com.br\/wp-content\/uploads\/2024\/05\/cropped-cropped-avatar-1.png","width":792,"height":428,"caption":"Portal de Not\u00edcias"},"image":{"@id":"https:\/\/maranhaotv.com.br\/#\/schema\/logo\/image\/"},"sameAs":["https:\/\/www.facebook.com\/maiobaotv","https:\/\/x.com\/sitemaranhaotv","https:\/\/www.instagram.com\/maranhao.tv","https:\/\/www.threads.net\/@maranhao.tv"]},{"@type":"Person","@id":"https:\/\/maranhaotv.com.br\/#\/schema\/person\/3d54238e86b20bb5c89ab2fdb8f8829a","name":"maranhaotv","image":{"@type":"ImageObject","inLanguage":"pt-BR","@id":"https:\/\/secure.gravatar.com\/avatar\/8fadbca458d4cb68b1dd399ae9a40618d747bb1af65ac9fad21c89220a143eb4?s=96&d=mm&r=g","url":"https:\/\/secure.gravatar.com\/avatar\/8fadbca458d4cb68b1dd399ae9a40618d747bb1af65ac9fad21c89220a143eb4?s=96&d=mm&r=g","contentUrl":"https:\/\/secure.gravatar.com\/avatar\/8fadbca458d4cb68b1dd399ae9a40618d747bb1af65ac9fad21c89220a143eb4?s=96&d=mm&r=g","caption":"maranhaotv"},"sameAs":["https:\/\/maranhaotv.com.br\/"],"url":"https:\/\/maranhaotv.com.br\/index.php\/author\/maranhaotv\/"}]}},"jetpack_featured_media_url":"","jetpack_sharing_enabled":true,"_links":{"self":[{"href":"https:\/\/maranhaotv.com.br\/index.php\/wp-json\/wp\/v2\/posts\/14184","targetHints":{"allow":["GET"]}}],"collection":[{"href":"https:\/\/maranhaotv.com.br\/index.php\/wp-json\/wp\/v2\/posts"}],"about":[{"href":"https:\/\/maranhaotv.com.br\/index.php\/wp-json\/wp\/v2\/types\/post"}],"author":[{"embeddable":true,"href":"https:\/\/maranhaotv.com.br\/index.php\/wp-json\/wp\/v2\/users\/2"}],"replies":[{"embeddable":true,"href":"https:\/\/maranhaotv.com.br\/index.php\/wp-json\/wp\/v2\/comments?post=14184"}],"version-history":[{"count":0,"href":"https:\/\/maranhaotv.com.br\/index.php\/wp-json\/wp\/v2\/posts\/14184\/revisions"}],"wp:featuredmedia":[{"embeddable":true,"href":"https:\/\/maranhaotv.com.br\/index.php\/wp-json\/"}],"wp:attachment":[{"href":"https:\/\/maranhaotv.com.br\/index.php\/wp-json\/wp\/v2\/media?parent=14184"}],"wp:term":[{"taxonomy":"category","embeddable":true,"href":"https:\/\/maranhaotv.com.br\/index.php\/wp-json\/wp\/v2\/categories?post=14184"},{"taxonomy":"post_tag","embeddable":true,"href":"https:\/\/maranhaotv.com.br\/index.php\/wp-json\/wp\/v2\/tags?post=14184"}],"curies":[{"name":"wp","href":"https:\/\/api.w.org\/{rel}","templated":true}]}}