{"id":14292,"date":"2020-08-29T09:36:22","date_gmt":"2020-08-29T12:36:22","guid":{"rendered":"https:\/\/maiobaotv.com.br\/?p=14292"},"modified":"2020-08-29T09:36:22","modified_gmt":"2020-08-29T12:36:22","slug":"fred-campos-e-recebido-no-bairro-novo-horizonte-em-paco-do-lumiar","status":"publish","type":"post","link":"https:\/\/maranhaotv.com.br\/index.php\/2020\/08\/29\/fred-campos-e-recebido-no-bairro-novo-horizonte-em-paco-do-lumiar\/","title":{"rendered":"Fred Campos \u00e9 recebido no bairro Parque Horizonte em Pa\u00e7o do Lumiar"},"content":{"rendered":"<h5>O encontro tratou de quest\u00f5es importantes para um dos maiores bairros luminenses<\/h5>\n<p>Na noite desta \u00faltima sexta-feira (28), e seguindo todas as normas determinadas pelos \u00f3rg\u00e3os de controle de sa\u00fade, o pr\u00e9-candidata a vereador, Loirinho da Van (Republicanos) convidou o empres\u00e1rio e pr\u00e9-candidato a prefeito de Pa\u00e7o do Lumiar, Fred Campos (PL), para uma reuni\u00e3o com diversas lideran\u00e7as, vizinhos e amigos da regi\u00e3o do Novo Horizonte.<\/p>\n<p>\u201cEstamos conversando com a comunidade, e acredito que \u00e9 o momento de ouvir as pessoas, de colher propostas e formatar um plano de governo que, al\u00e9m de execut\u00e1vel, seja aquele que re\u00fana solu\u00e7\u00f5es reais para quem mais precisa\u201d, explicou Fred Campos.<\/p>\n<p>Em sua fala, Fred destacou que al\u00e9m dessas reuni\u00f5es, tamb\u00e9m t\u00eam realizado visitas em todos os bairros, de porta em porta, o que t\u00eam garantido um excelente n\u00edvel de escutas sobre o futuro da cidade.<\/p>\n<blockquote><p>\u201cEstamos colhendo propostas do povo para ficarmos preparados para defender os anseios de quem faz a nossa cidade realmente, s\u00f3 ouvindo a voz das ruas poderemos construir um Pa\u00e7o melhor para todos\u201d, concluiu.<\/p><\/blockquote>\n<p><img loading=\"lazy\" decoding=\"async\" class=\"wp-image-14293 alignnone size-full\" src=\"https:\/\/maiobaotv.com.br\/wp-content\/uploads\/2020\/08\/img-20200829-wa00933942912239115226836.jpg\" width=\"1080\" height=\"1057\"><\/p>\n<p><img loading=\"lazy\" decoding=\"async\" class=\"wp-image-14294 alignnone size-full\" src=\"https:\/\/maiobaotv.com.br\/wp-content\/uploads\/2020\/08\/img-20200829-wa00914960686637719740023.jpg\" width=\"1280\" height=\"853\"><\/p>\n<p><img loading=\"lazy\" decoding=\"async\" class=\"wp-image-14295 alignnone size-full\" src=\"https:\/\/maiobaotv.com.br\/wp-content\/uploads\/2020\/08\/img-20200829-wa00908435056385844676755.jpg\" width=\"1280\" height=\"853\"><\/p>\n","protected":false},"excerpt":{"rendered":"<p>O encontro tratou de quest\u00f5es importantes para um dos maiores bairros luminenses Na noite desta \u00faltima sexta-feira (28), e seguindo<\/p>\n","protected":false},"author":2,"featured_media":14296,"comment_status":"open","ping_status":"open","sticky":false,"template":"","format":"standard","meta":{"colormag_page_container_layout":"default_layout","colormag_page_sidebar_layout":"default_layout","_jetpack_memberships_contains_paid_content":false,"footnotes":""},"categories":[2,6],"tags":[43,15],"class_list":["post-14292","post","type-post","status-publish","format-standard","has-post-thumbnail","hentry","category-noticias","category-politica","tag-fred-campos","tag-paco-do-lumiar"],"magazineBlocksPostFeaturedMedia":{"thumbnail":false,"medium":false,"medium_large":false,"large":false,"1536x1536":false,"2048x2048":false,"colormag-highlighted-post":false,"colormag-featured-post-medium":false,"colormag-featured-post-small":false,"colormag-featured-image":false,"colormag-default-news":false,"colormag-featured-image-large":false},"magazineBlocksPostAuthor":{"name":"maranhaotv","avatar":"https:\/\/secure.gravatar.com\/avatar\/8fadbca458d4cb68b1dd399ae9a40618d747bb1af65ac9fad21c89220a143eb4?s=96&d=mm&r=g"},"magazineBlocksPostCommentsNumber":"0","magazineBlocksPostExcerpt":"O encontro tratou de quest\u00f5es importantes para um dos maiores bairros luminenses Na noite desta \u00faltima sexta-feira (28), e seguindo","magazineBlocksPostCategories":["not\u00edcias","pol\u00edtica"],"magazineBlocksPostViewCount":170,"magazineBlocksPostReadTime":1,"magazine_blocks_featured_image_url":{"full":false,"medium":false,"thumbnail":false},"magazine_blocks_author":{"display_name":"maranhaotv","author_link":"https:\/\/maranhaotv.com.br\/index.php\/author\/maranhaotv\/"},"magazine_blocks_comment":0,"magazine_blocks_author_image":"https:\/\/secure.gravatar.com\/avatar\/8fadbca458d4cb68b1dd399ae9a40618d747bb1af65ac9fad21c89220a143eb4?s=96&d=mm&r=g","magazine_blocks_category":"<a href=\"#\" class=\"category-link category-link-2\">not\u00edcias<\/a> <a href=\"#\" class=\"category-link category-link-6\">pol\u00edtica<\/a>","yoast_head":"<!-- This site is optimized with the Yoast SEO plugin v27.4 - https:\/\/yoast.com\/product\/yoast-seo-wordpress\/ -->\n<title>Fred Campos \u00e9 recebido no bairro Parque Horizonte em Pa\u00e7o do Lumiar - NOT\u00cdCIAS EM TEMPO REAL<\/title>\n<meta name=\"robots\" content=\"index, follow, max-snippet:-1, max-image-preview:large, max-video-preview:-1\" \/>\n<link rel=\"canonical\" href=\"https:\/\/maranhaotv.com.br\/index.php\/2020\/08\/29\/fred-campos-e-recebido-no-bairro-novo-horizonte-em-paco-do-lumiar\/\" \/>\n<meta property=\"og:locale\" content=\"pt_BR\" \/>\n<meta property=\"og:type\" content=\"article\" \/>\n<meta property=\"og:title\" content=\"Fred Campos \u00e9 recebido no bairro Parque Horizonte em Pa\u00e7o do Lumiar - NOT\u00cdCIAS EM TEMPO REAL\" \/>\n<meta property=\"og:description\" content=\"O encontro tratou de quest\u00f5es importantes para um dos maiores bairros luminenses Na noite desta \u00faltima sexta-feira (28), e seguindo\" \/>\n<meta property=\"og:url\" content=\"https:\/\/maranhaotv.com.br\/index.php\/2020\/08\/29\/fred-campos-e-recebido-no-bairro-novo-horizonte-em-paco-do-lumiar\/\" \/>\n<meta property=\"og:site_name\" content=\"NOT\u00cdCIAS EM TEMPO REAL\" \/>\n<meta property=\"article:publisher\" content=\"https:\/\/www.facebook.com\/maiobaotv\" \/>\n<meta property=\"article:published_time\" content=\"2020-08-29T12:36:22+00:00\" \/>\n<meta name=\"author\" content=\"maranhaotv\" \/>\n<meta name=\"twitter:card\" content=\"summary_large_image\" \/>\n<meta name=\"twitter:creator\" content=\"@sitemaranhaotv\" \/>\n<meta name=\"twitter:site\" content=\"@sitemaranhaotv\" \/>\n<meta name=\"twitter:label1\" content=\"Escrito por\" \/>\n\t<meta name=\"twitter:data1\" content=\"maranhaotv\" \/>\n\t<meta name=\"twitter:label2\" content=\"Est. tempo de leitura\" \/>\n\t<meta name=\"twitter:data2\" content=\"1 minuto\" \/>\n<script type=\"application\/ld+json\" class=\"yoast-schema-graph\">{\"@context\":\"https:\\\/\\\/schema.org\",\"@graph\":[{\"@type\":\"Article\",\"@id\":\"https:\\\/\\\/maranhaotv.com.br\\\/index.php\\\/2020\\\/08\\\/29\\\/fred-campos-e-recebido-no-bairro-novo-horizonte-em-paco-do-lumiar\\\/#article\",\"isPartOf\":{\"@id\":\"https:\\\/\\\/maranhaotv.com.br\\\/index.php\\\/2020\\\/08\\\/29\\\/fred-campos-e-recebido-no-bairro-novo-horizonte-em-paco-do-lumiar\\\/\"},\"author\":{\"name\":\"maranhaotv\",\"@id\":\"https:\\\/\\\/maranhaotv.com.br\\\/#\\\/schema\\\/person\\\/3d54238e86b20bb5c89ab2fdb8f8829a\"},\"headline\":\"Fred Campos \u00e9 recebido no bairro Parque Horizonte em Pa\u00e7o do Lumiar\",\"datePublished\":\"2020-08-29T12:36:22+00:00\",\"mainEntityOfPage\":{\"@id\":\"https:\\\/\\\/maranhaotv.com.br\\\/index.php\\\/2020\\\/08\\\/29\\\/fred-campos-e-recebido-no-bairro-novo-horizonte-em-paco-do-lumiar\\\/\"},\"wordCount\":206,\"commentCount\":0,\"publisher\":{\"@id\":\"https:\\\/\\\/maranhaotv.com.br\\\/#organization\"},\"image\":{\"@id\":\"https:\\\/\\\/maranhaotv.com.br\\\/index.php\\\/2020\\\/08\\\/29\\\/fred-campos-e-recebido-no-bairro-novo-horizonte-em-paco-do-lumiar\\\/#primaryimage\"},\"thumbnailUrl\":\"\",\"keywords\":[\"Fred Campos\",\"Pa\u00e7o do Lumiar\"],\"articleSection\":[\"not\u00edcias\",\"pol\u00edtica\"],\"inLanguage\":\"pt-BR\",\"potentialAction\":[{\"@type\":\"CommentAction\",\"name\":\"Comment\",\"target\":[\"https:\\\/\\\/maranhaotv.com.br\\\/index.php\\\/2020\\\/08\\\/29\\\/fred-campos-e-recebido-no-bairro-novo-horizonte-em-paco-do-lumiar\\\/#respond\"]}]},{\"@type\":\"WebPage\",\"@id\":\"https:\\\/\\\/maranhaotv.com.br\\\/index.php\\\/2020\\\/08\\\/29\\\/fred-campos-e-recebido-no-bairro-novo-horizonte-em-paco-do-lumiar\\\/\",\"url\":\"https:\\\/\\\/maranhaotv.com.br\\\/index.php\\\/2020\\\/08\\\/29\\\/fred-campos-e-recebido-no-bairro-novo-horizonte-em-paco-do-lumiar\\\/\",\"name\":\"Fred Campos \u00e9 recebido no bairro Parque Horizonte em Pa\u00e7o do Lumiar - NOT\u00cdCIAS EM TEMPO REAL\",\"isPartOf\":{\"@id\":\"https:\\\/\\\/maranhaotv.com.br\\\/#website\"},\"primaryImageOfPage\":{\"@id\":\"https:\\\/\\\/maranhaotv.com.br\\\/index.php\\\/2020\\\/08\\\/29\\\/fred-campos-e-recebido-no-bairro-novo-horizonte-em-paco-do-lumiar\\\/#primaryimage\"},\"image\":{\"@id\":\"https:\\\/\\\/maranhaotv.com.br\\\/index.php\\\/2020\\\/08\\\/29\\\/fred-campos-e-recebido-no-bairro-novo-horizonte-em-paco-do-lumiar\\\/#primaryimage\"},\"thumbnailUrl\":\"\",\"datePublished\":\"2020-08-29T12:36:22+00:00\",\"breadcrumb\":{\"@id\":\"https:\\\/\\\/maranhaotv.com.br\\\/index.php\\\/2020\\\/08\\\/29\\\/fred-campos-e-recebido-no-bairro-novo-horizonte-em-paco-do-lumiar\\\/#breadcrumb\"},\"inLanguage\":\"pt-BR\",\"potentialAction\":[{\"@type\":\"ReadAction\",\"target\":[\"https:\\\/\\\/maranhaotv.com.br\\\/index.php\\\/2020\\\/08\\\/29\\\/fred-campos-e-recebido-no-bairro-novo-horizonte-em-paco-do-lumiar\\\/\"]}]},{\"@type\":\"ImageObject\",\"inLanguage\":\"pt-BR\",\"@id\":\"https:\\\/\\\/maranhaotv.com.br\\\/index.php\\\/2020\\\/08\\\/29\\\/fred-campos-e-recebido-no-bairro-novo-horizonte-em-paco-do-lumiar\\\/#primaryimage\",\"url\":\"\",\"contentUrl\":\"\"},{\"@type\":\"BreadcrumbList\",\"@id\":\"https:\\\/\\\/maranhaotv.com.br\\\/index.php\\\/2020\\\/08\\\/29\\\/fred-campos-e-recebido-no-bairro-novo-horizonte-em-paco-do-lumiar\\\/#breadcrumb\",\"itemListElement\":[{\"@type\":\"ListItem\",\"position\":1,\"name\":\"In\u00edcio\",\"item\":\"https:\\\/\\\/maranhaotv.com.br\\\/\"},{\"@type\":\"ListItem\",\"position\":2,\"name\":\"Fred Campos \u00e9 recebido no bairro Parque Horizonte em Pa\u00e7o do Lumiar\"}]},{\"@type\":\"WebSite\",\"@id\":\"https:\\\/\\\/maranhaotv.com.br\\\/#website\",\"url\":\"https:\\\/\\\/maranhaotv.com.br\\\/\",\"name\":\"Maranh\u00e3oTV\",\"description\":\"\",\"publisher\":{\"@id\":\"https:\\\/\\\/maranhaotv.com.br\\\/#organization\"},\"potentialAction\":[{\"@type\":\"SearchAction\",\"target\":{\"@type\":\"EntryPoint\",\"urlTemplate\":\"https:\\\/\\\/maranhaotv.com.br\\\/?s={search_term_string}\"},\"query-input\":{\"@type\":\"PropertyValueSpecification\",\"valueRequired\":true,\"valueName\":\"search_term_string\"}}],\"inLanguage\":\"pt-BR\"},{\"@type\":\"Organization\",\"@id\":\"https:\\\/\\\/maranhaotv.com.br\\\/#organization\",\"name\":\"Portal de Not\u00edcias\",\"url\":\"https:\\\/\\\/maranhaotv.com.br\\\/\",\"logo\":{\"@type\":\"ImageObject\",\"inLanguage\":\"pt-BR\",\"@id\":\"https:\\\/\\\/maranhaotv.com.br\\\/#\\\/schema\\\/logo\\\/image\\\/\",\"url\":\"https:\\\/\\\/maranhaotv.com.br\\\/wp-content\\\/uploads\\\/2024\\\/05\\\/cropped-cropped-avatar-1.png\",\"contentUrl\":\"https:\\\/\\\/maranhaotv.com.br\\\/wp-content\\\/uploads\\\/2024\\\/05\\\/cropped-cropped-avatar-1.png\",\"width\":792,\"height\":428,\"caption\":\"Portal de Not\u00edcias\"},\"image\":{\"@id\":\"https:\\\/\\\/maranhaotv.com.br\\\/#\\\/schema\\\/logo\\\/image\\\/\"},\"sameAs\":[\"https:\\\/\\\/www.facebook.com\\\/maiobaotv\",\"https:\\\/\\\/x.com\\\/sitemaranhaotv\",\"https:\\\/\\\/www.instagram.com\\\/maranhao.tv\",\"https:\\\/\\\/www.threads.net\\\/@maranhao.tv\"]},{\"@type\":\"Person\",\"@id\":\"https:\\\/\\\/maranhaotv.com.br\\\/#\\\/schema\\\/person\\\/3d54238e86b20bb5c89ab2fdb8f8829a\",\"name\":\"maranhaotv\",\"image\":{\"@type\":\"ImageObject\",\"inLanguage\":\"pt-BR\",\"@id\":\"https:\\\/\\\/secure.gravatar.com\\\/avatar\\\/8fadbca458d4cb68b1dd399ae9a40618d747bb1af65ac9fad21c89220a143eb4?s=96&d=mm&r=g\",\"url\":\"https:\\\/\\\/secure.gravatar.com\\\/avatar\\\/8fadbca458d4cb68b1dd399ae9a40618d747bb1af65ac9fad21c89220a143eb4?s=96&d=mm&r=g\",\"contentUrl\":\"https:\\\/\\\/secure.gravatar.com\\\/avatar\\\/8fadbca458d4cb68b1dd399ae9a40618d747bb1af65ac9fad21c89220a143eb4?s=96&d=mm&r=g\",\"caption\":\"maranhaotv\"},\"sameAs\":[\"https:\\\/\\\/maranhaotv.com.br\\\/\"],\"url\":\"https:\\\/\\\/maranhaotv.com.br\\\/index.php\\\/author\\\/maranhaotv\\\/\"}]}<\/script>\n<!-- \/ Yoast SEO plugin. -->","yoast_head_json":{"title":"Fred Campos \u00e9 recebido no bairro Parque Horizonte em Pa\u00e7o do Lumiar - NOT\u00cdCIAS EM TEMPO REAL","robots":{"index":"index","follow":"follow","max-snippet":"max-snippet:-1","max-image-preview":"max-image-preview:large","max-video-preview":"max-video-preview:-1"},"canonical":"https:\/\/maranhaotv.com.br\/index.php\/2020\/08\/29\/fred-campos-e-recebido-no-bairro-novo-horizonte-em-paco-do-lumiar\/","og_locale":"pt_BR","og_type":"article","og_title":"Fred Campos \u00e9 recebido no bairro Parque Horizonte em Pa\u00e7o do Lumiar - NOT\u00cdCIAS EM TEMPO REAL","og_description":"O encontro tratou de quest\u00f5es importantes para um dos maiores bairros luminenses Na noite desta \u00faltima sexta-feira (28), e seguindo","og_url":"https:\/\/maranhaotv.com.br\/index.php\/2020\/08\/29\/fred-campos-e-recebido-no-bairro-novo-horizonte-em-paco-do-lumiar\/","og_site_name":"NOT\u00cdCIAS EM TEMPO REAL","article_publisher":"https:\/\/www.facebook.com\/maiobaotv","article_published_time":"2020-08-29T12:36:22+00:00","author":"maranhaotv","twitter_card":"summary_large_image","twitter_creator":"@sitemaranhaotv","twitter_site":"@sitemaranhaotv","twitter_misc":{"Escrito por":"maranhaotv","Est. tempo de leitura":"1 minuto"},"schema":{"@context":"https:\/\/schema.org","@graph":[{"@type":"Article","@id":"https:\/\/maranhaotv.com.br\/index.php\/2020\/08\/29\/fred-campos-e-recebido-no-bairro-novo-horizonte-em-paco-do-lumiar\/#article","isPartOf":{"@id":"https:\/\/maranhaotv.com.br\/index.php\/2020\/08\/29\/fred-campos-e-recebido-no-bairro-novo-horizonte-em-paco-do-lumiar\/"},"author":{"name":"maranhaotv","@id":"https:\/\/maranhaotv.com.br\/#\/schema\/person\/3d54238e86b20bb5c89ab2fdb8f8829a"},"headline":"Fred Campos \u00e9 recebido no bairro Parque Horizonte em Pa\u00e7o do Lumiar","datePublished":"2020-08-29T12:36:22+00:00","mainEntityOfPage":{"@id":"https:\/\/maranhaotv.com.br\/index.php\/2020\/08\/29\/fred-campos-e-recebido-no-bairro-novo-horizonte-em-paco-do-lumiar\/"},"wordCount":206,"commentCount":0,"publisher":{"@id":"https:\/\/maranhaotv.com.br\/#organization"},"image":{"@id":"https:\/\/maranhaotv.com.br\/index.php\/2020\/08\/29\/fred-campos-e-recebido-no-bairro-novo-horizonte-em-paco-do-lumiar\/#primaryimage"},"thumbnailUrl":"","keywords":["Fred Campos","Pa\u00e7o do Lumiar"],"articleSection":["not\u00edcias","pol\u00edtica"],"inLanguage":"pt-BR","potentialAction":[{"@type":"CommentAction","name":"Comment","target":["https:\/\/maranhaotv.com.br\/index.php\/2020\/08\/29\/fred-campos-e-recebido-no-bairro-novo-horizonte-em-paco-do-lumiar\/#respond"]}]},{"@type":"WebPage","@id":"https:\/\/maranhaotv.com.br\/index.php\/2020\/08\/29\/fred-campos-e-recebido-no-bairro-novo-horizonte-em-paco-do-lumiar\/","url":"https:\/\/maranhaotv.com.br\/index.php\/2020\/08\/29\/fred-campos-e-recebido-no-bairro-novo-horizonte-em-paco-do-lumiar\/","name":"Fred Campos \u00e9 recebido no bairro Parque Horizonte em Pa\u00e7o do Lumiar - NOT\u00cdCIAS EM TEMPO REAL","isPartOf":{"@id":"https:\/\/maranhaotv.com.br\/#website"},"primaryImageOfPage":{"@id":"https:\/\/maranhaotv.com.br\/index.php\/2020\/08\/29\/fred-campos-e-recebido-no-bairro-novo-horizonte-em-paco-do-lumiar\/#primaryimage"},"image":{"@id":"https:\/\/maranhaotv.com.br\/index.php\/2020\/08\/29\/fred-campos-e-recebido-no-bairro-novo-horizonte-em-paco-do-lumiar\/#primaryimage"},"thumbnailUrl":"","datePublished":"2020-08-29T12:36:22+00:00","breadcrumb":{"@id":"https:\/\/maranhaotv.com.br\/index.php\/2020\/08\/29\/fred-campos-e-recebido-no-bairro-novo-horizonte-em-paco-do-lumiar\/#breadcrumb"},"inLanguage":"pt-BR","potentialAction":[{"@type":"ReadAction","target":["https:\/\/maranhaotv.com.br\/index.php\/2020\/08\/29\/fred-campos-e-recebido-no-bairro-novo-horizonte-em-paco-do-lumiar\/"]}]},{"@type":"ImageObject","inLanguage":"pt-BR","@id":"https:\/\/maranhaotv.com.br\/index.php\/2020\/08\/29\/fred-campos-e-recebido-no-bairro-novo-horizonte-em-paco-do-lumiar\/#primaryimage","url":"","contentUrl":""},{"@type":"BreadcrumbList","@id":"https:\/\/maranhaotv.com.br\/index.php\/2020\/08\/29\/fred-campos-e-recebido-no-bairro-novo-horizonte-em-paco-do-lumiar\/#breadcrumb","itemListElement":[{"@type":"ListItem","position":1,"name":"In\u00edcio","item":"https:\/\/maranhaotv.com.br\/"},{"@type":"ListItem","position":2,"name":"Fred Campos \u00e9 recebido no bairro Parque Horizonte em Pa\u00e7o do Lumiar"}]},{"@type":"WebSite","@id":"https:\/\/maranhaotv.com.br\/#website","url":"https:\/\/maranhaotv.com.br\/","name":"Maranh\u00e3oTV","description":"","publisher":{"@id":"https:\/\/maranhaotv.com.br\/#organization"},"potentialAction":[{"@type":"SearchAction","target":{"@type":"EntryPoint","urlTemplate":"https:\/\/maranhaotv.com.br\/?s={search_term_string}"},"query-input":{"@type":"PropertyValueSpecification","valueRequired":true,"valueName":"search_term_string"}}],"inLanguage":"pt-BR"},{"@type":"Organization","@id":"https:\/\/maranhaotv.com.br\/#organization","name":"Portal de Not\u00edcias","url":"https:\/\/maranhaotv.com.br\/","logo":{"@type":"ImageObject","inLanguage":"pt-BR","@id":"https:\/\/maranhaotv.com.br\/#\/schema\/logo\/image\/","url":"https:\/\/maranhaotv.com.br\/wp-content\/uploads\/2024\/05\/cropped-cropped-avatar-1.png","contentUrl":"https:\/\/maranhaotv.com.br\/wp-content\/uploads\/2024\/05\/cropped-cropped-avatar-1.png","width":792,"height":428,"caption":"Portal de Not\u00edcias"},"image":{"@id":"https:\/\/maranhaotv.com.br\/#\/schema\/logo\/image\/"},"sameAs":["https:\/\/www.facebook.com\/maiobaotv","https:\/\/x.com\/sitemaranhaotv","https:\/\/www.instagram.com\/maranhao.tv","https:\/\/www.threads.net\/@maranhao.tv"]},{"@type":"Person","@id":"https:\/\/maranhaotv.com.br\/#\/schema\/person\/3d54238e86b20bb5c89ab2fdb8f8829a","name":"maranhaotv","image":{"@type":"ImageObject","inLanguage":"pt-BR","@id":"https:\/\/secure.gravatar.com\/avatar\/8fadbca458d4cb68b1dd399ae9a40618d747bb1af65ac9fad21c89220a143eb4?s=96&d=mm&r=g","url":"https:\/\/secure.gravatar.com\/avatar\/8fadbca458d4cb68b1dd399ae9a40618d747bb1af65ac9fad21c89220a143eb4?s=96&d=mm&r=g","contentUrl":"https:\/\/secure.gravatar.com\/avatar\/8fadbca458d4cb68b1dd399ae9a40618d747bb1af65ac9fad21c89220a143eb4?s=96&d=mm&r=g","caption":"maranhaotv"},"sameAs":["https:\/\/maranhaotv.com.br\/"],"url":"https:\/\/maranhaotv.com.br\/index.php\/author\/maranhaotv\/"}]}},"jetpack_featured_media_url":"","jetpack_sharing_enabled":true,"_links":{"self":[{"href":"https:\/\/maranhaotv.com.br\/index.php\/wp-json\/wp\/v2\/posts\/14292","targetHints":{"allow":["GET"]}}],"collection":[{"href":"https:\/\/maranhaotv.com.br\/index.php\/wp-json\/wp\/v2\/posts"}],"about":[{"href":"https:\/\/maranhaotv.com.br\/index.php\/wp-json\/wp\/v2\/types\/post"}],"author":[{"embeddable":true,"href":"https:\/\/maranhaotv.com.br\/index.php\/wp-json\/wp\/v2\/users\/2"}],"replies":[{"embeddable":true,"href":"https:\/\/maranhaotv.com.br\/index.php\/wp-json\/wp\/v2\/comments?post=14292"}],"version-history":[{"count":0,"href":"https:\/\/maranhaotv.com.br\/index.php\/wp-json\/wp\/v2\/posts\/14292\/revisions"}],"wp:featuredmedia":[{"embeddable":true,"href":"https:\/\/maranhaotv.com.br\/index.php\/wp-json\/"}],"wp:attachment":[{"href":"https:\/\/maranhaotv.com.br\/index.php\/wp-json\/wp\/v2\/media?parent=14292"}],"wp:term":[{"taxonomy":"category","embeddable":true,"href":"https:\/\/maranhaotv.com.br\/index.php\/wp-json\/wp\/v2\/categories?post=14292"},{"taxonomy":"post_tag","embeddable":true,"href":"https:\/\/maranhaotv.com.br\/index.php\/wp-json\/wp\/v2\/tags?post=14292"}],"curies":[{"name":"wp","href":"https:\/\/api.w.org\/{rel}","templated":true}]}}