{"id":14637,"date":"2020-09-10T09:02:22","date_gmt":"2020-09-10T12:02:22","guid":{"rendered":"https:\/\/maiobaotv.com.br\/?p=14637"},"modified":"2020-09-10T09:02:22","modified_gmt":"2020-09-10T12:02:22","slug":"prefeito-marcelo-crivella-e-alvo-de-operacao-contra-corrupcao-no-rio-de-janeiro","status":"publish","type":"post","link":"https:\/\/maranhaotv.com.br\/index.php\/2020\/09\/10\/prefeito-marcelo-crivella-e-alvo-de-operacao-contra-corrupcao-no-rio-de-janeiro\/","title":{"rendered":"Prefeito Marcelo Crivella \u00e9 alvo de opera\u00e7\u00e3o contra corrup\u00e7\u00e3o no Rio de Janeiro"},"content":{"rendered":"<h5>A\u00e7\u00e3o \u00e9 do Minist\u00e9rio P\u00fablico e da Pol\u00edcia Civil<\/h5>\n<p>O Minist\u00e9rio P\u00fablico do Rio de Janeiro e a Pol\u00edcia Civil fazem uma opera\u00e7\u00e3o na manh\u00e3 desta quinta-feira (10) contra corrup\u00e7\u00e3o. Promotores e policiais est\u00e3o neste momento na sede administrativa da prefeitura, no bairro Cidade Nova, Regi\u00e3o Central da capital; e no Pal\u00e1cio da Cidade, em Botafogo, na Zona Sul. Ao todo, s\u00e3o 22 mandados de busca e apreens\u00e3o. Um deles contra o prefeito Marcelo Crivella (Republicanos).<\/p>\n<p>Na \u00faltima semana, Marcelo Crivella confirmou a sua candidatura \u00e0 reelei\u00e7\u00e3o. Entre os outros alvos, est\u00e3o Eduardo Lopes, ex-senador e ex-secret\u00e1rio estadual de Agricultura; Mauro Macedo. ex-tesoureiro de campanha de Crivella; e o empres\u00e1rio Rafael Alves.<\/p>\n<p>Em dela\u00e7\u00e3o premiada \u00e0 Lava Jato, L\u00e9lis Teixeira, ex-presidente da Fetranspor (federa\u00e7\u00e3o que representa as empresas de \u00f4nibus no estado), disse que Mauro Macedo pediu \u201capoio financeiro\u201d de 2,5 milh\u00f5es de reais para a campanha do ent\u00e3o candidato em 2016 por meio de caixa dois. No depoimento, Teixeira disse ainda que os acordos ocorriam desde a candidatura de Crivella ao Senado, em 2004, e em 2010.<\/p>\n<p>J\u00e1 o doleiro S\u00e9rgio Mizhay, preso na Lava-Jato em 2018, apontou o empres\u00e1rio Rafael Alves como operador de um suposto esquema de propina na Prefeitura do Rio em troca da libera\u00e7\u00e3o de pagamentos a empresas credoras do munic\u00edpio. Rafael \u00e9 irm\u00e3o do ex-presidente da Riotur (Empresa Municipal de Turismo) Marcelo Alves. O empres\u00e1rio foi homem de confian\u00e7a de Crivella. Ele ajudou o ent\u00e3o candidato a prefeito a conseguir doa\u00e7\u00f5es em dinheiro para a campanha tamb\u00e9m em 2016. Ap\u00f3s a vit\u00f3ria nas urnas, Crivella nomeou Marcelo para comandar a RioTur. O prefeito sempre negou irregularidades.<\/p>\n<p><img loading=\"lazy\" decoding=\"async\" src=\"https:\/\/maiobaotv.com.br\/wp-content\/uploads\/2020\/09\/img-20200910-wa01063502758908321265435.jpg\" class=\"wp-image-14636 alignnone size-full\" width=\"800\" height=\"533\"><\/p>\n","protected":false},"excerpt":{"rendered":"<p>A\u00e7\u00e3o \u00e9 do Minist\u00e9rio P\u00fablico e da Pol\u00edcia Civil O Minist\u00e9rio P\u00fablico do Rio de Janeiro e a Pol\u00edcia Civil<\/p>\n","protected":false},"author":2,"featured_media":14639,"comment_status":"open","ping_status":"open","sticky":false,"template":"","format":"standard","meta":{"colormag_page_container_layout":"default_layout","colormag_page_sidebar_layout":"default_layout","_jetpack_memberships_contains_paid_content":false,"footnotes":""},"categories":[2],"tags":[],"class_list":["post-14637","post","type-post","status-publish","format-standard","has-post-thumbnail","hentry","category-noticias"],"magazineBlocksPostFeaturedMedia":{"thumbnail":false,"medium":false,"medium_large":false,"large":false,"1536x1536":false,"2048x2048":false,"colormag-highlighted-post":false,"colormag-featured-post-medium":false,"colormag-featured-post-small":false,"colormag-featured-image":false,"colormag-default-news":false,"colormag-featured-image-large":false},"magazineBlocksPostAuthor":{"name":"maranhaotv","avatar":"https:\/\/secure.gravatar.com\/avatar\/8fadbca458d4cb68b1dd399ae9a40618d747bb1af65ac9fad21c89220a143eb4?s=96&d=mm&r=g"},"magazineBlocksPostCommentsNumber":"0","magazineBlocksPostExcerpt":"A\u00e7\u00e3o \u00e9 do Minist\u00e9rio P\u00fablico e da Pol\u00edcia Civil O Minist\u00e9rio P\u00fablico do Rio de Janeiro e a Pol\u00edcia Civil","magazineBlocksPostCategories":["not\u00edcias"],"magazineBlocksPostViewCount":173,"magazineBlocksPostReadTime":2,"magazine_blocks_featured_image_url":{"full":false,"medium":false,"thumbnail":false},"magazine_blocks_author":{"display_name":"maranhaotv","author_link":"https:\/\/maranhaotv.com.br\/index.php\/author\/maranhaotv\/"},"magazine_blocks_comment":0,"magazine_blocks_author_image":"https:\/\/secure.gravatar.com\/avatar\/8fadbca458d4cb68b1dd399ae9a40618d747bb1af65ac9fad21c89220a143eb4?s=96&d=mm&r=g","magazine_blocks_category":"<a href=\"#\" class=\"category-link category-link-2\">not\u00edcias<\/a>","yoast_head":"<!-- This site is optimized with the Yoast SEO plugin v27.4 - https:\/\/yoast.com\/product\/yoast-seo-wordpress\/ -->\n<title>Prefeito Marcelo Crivella \u00e9 alvo de opera\u00e7\u00e3o contra corrup\u00e7\u00e3o no Rio de Janeiro - NOT\u00cdCIAS EM TEMPO REAL<\/title>\n<meta name=\"robots\" content=\"index, follow, max-snippet:-1, max-image-preview:large, max-video-preview:-1\" \/>\n<link rel=\"canonical\" href=\"https:\/\/maranhaotv.com.br\/index.php\/2020\/09\/10\/prefeito-marcelo-crivella-e-alvo-de-operacao-contra-corrupcao-no-rio-de-janeiro\/\" \/>\n<meta property=\"og:locale\" content=\"pt_BR\" \/>\n<meta property=\"og:type\" content=\"article\" \/>\n<meta property=\"og:title\" content=\"Prefeito Marcelo Crivella \u00e9 alvo de opera\u00e7\u00e3o contra corrup\u00e7\u00e3o no Rio de Janeiro - NOT\u00cdCIAS EM TEMPO REAL\" \/>\n<meta property=\"og:description\" content=\"A\u00e7\u00e3o \u00e9 do Minist\u00e9rio P\u00fablico e da Pol\u00edcia Civil O Minist\u00e9rio P\u00fablico do Rio de Janeiro e a Pol\u00edcia Civil\" \/>\n<meta property=\"og:url\" content=\"https:\/\/maranhaotv.com.br\/index.php\/2020\/09\/10\/prefeito-marcelo-crivella-e-alvo-de-operacao-contra-corrupcao-no-rio-de-janeiro\/\" \/>\n<meta property=\"og:site_name\" content=\"NOT\u00cdCIAS EM TEMPO REAL\" \/>\n<meta property=\"article:publisher\" content=\"https:\/\/www.facebook.com\/maiobaotv\" \/>\n<meta property=\"article:published_time\" content=\"2020-09-10T12:02:22+00:00\" \/>\n<meta name=\"author\" content=\"maranhaotv\" \/>\n<meta name=\"twitter:card\" content=\"summary_large_image\" \/>\n<meta name=\"twitter:creator\" content=\"@sitemaranhaotv\" \/>\n<meta name=\"twitter:site\" content=\"@sitemaranhaotv\" \/>\n<meta name=\"twitter:label1\" content=\"Escrito por\" \/>\n\t<meta name=\"twitter:data1\" content=\"maranhaotv\" \/>\n\t<meta name=\"twitter:label2\" content=\"Est. tempo de leitura\" \/>\n\t<meta name=\"twitter:data2\" content=\"1 minuto\" \/>\n<script type=\"application\/ld+json\" class=\"yoast-schema-graph\">{\"@context\":\"https:\\\/\\\/schema.org\",\"@graph\":[{\"@type\":\"Article\",\"@id\":\"https:\\\/\\\/maranhaotv.com.br\\\/index.php\\\/2020\\\/09\\\/10\\\/prefeito-marcelo-crivella-e-alvo-de-operacao-contra-corrupcao-no-rio-de-janeiro\\\/#article\",\"isPartOf\":{\"@id\":\"https:\\\/\\\/maranhaotv.com.br\\\/index.php\\\/2020\\\/09\\\/10\\\/prefeito-marcelo-crivella-e-alvo-de-operacao-contra-corrupcao-no-rio-de-janeiro\\\/\"},\"author\":{\"name\":\"maranhaotv\",\"@id\":\"https:\\\/\\\/maranhaotv.com.br\\\/#\\\/schema\\\/person\\\/3d54238e86b20bb5c89ab2fdb8f8829a\"},\"headline\":\"Prefeito Marcelo Crivella \u00e9 alvo de opera\u00e7\u00e3o contra corrup\u00e7\u00e3o no Rio de Janeiro\",\"datePublished\":\"2020-09-10T12:02:22+00:00\",\"mainEntityOfPage\":{\"@id\":\"https:\\\/\\\/maranhaotv.com.br\\\/index.php\\\/2020\\\/09\\\/10\\\/prefeito-marcelo-crivella-e-alvo-de-operacao-contra-corrupcao-no-rio-de-janeiro\\\/\"},\"wordCount\":309,\"commentCount\":0,\"publisher\":{\"@id\":\"https:\\\/\\\/maranhaotv.com.br\\\/#organization\"},\"image\":{\"@id\":\"https:\\\/\\\/maranhaotv.com.br\\\/index.php\\\/2020\\\/09\\\/10\\\/prefeito-marcelo-crivella-e-alvo-de-operacao-contra-corrupcao-no-rio-de-janeiro\\\/#primaryimage\"},\"thumbnailUrl\":\"\",\"articleSection\":[\"not\u00edcias\"],\"inLanguage\":\"pt-BR\",\"potentialAction\":[{\"@type\":\"CommentAction\",\"name\":\"Comment\",\"target\":[\"https:\\\/\\\/maranhaotv.com.br\\\/index.php\\\/2020\\\/09\\\/10\\\/prefeito-marcelo-crivella-e-alvo-de-operacao-contra-corrupcao-no-rio-de-janeiro\\\/#respond\"]}]},{\"@type\":\"WebPage\",\"@id\":\"https:\\\/\\\/maranhaotv.com.br\\\/index.php\\\/2020\\\/09\\\/10\\\/prefeito-marcelo-crivella-e-alvo-de-operacao-contra-corrupcao-no-rio-de-janeiro\\\/\",\"url\":\"https:\\\/\\\/maranhaotv.com.br\\\/index.php\\\/2020\\\/09\\\/10\\\/prefeito-marcelo-crivella-e-alvo-de-operacao-contra-corrupcao-no-rio-de-janeiro\\\/\",\"name\":\"Prefeito Marcelo Crivella \u00e9 alvo de opera\u00e7\u00e3o contra corrup\u00e7\u00e3o no Rio de Janeiro - NOT\u00cdCIAS EM TEMPO REAL\",\"isPartOf\":{\"@id\":\"https:\\\/\\\/maranhaotv.com.br\\\/#website\"},\"primaryImageOfPage\":{\"@id\":\"https:\\\/\\\/maranhaotv.com.br\\\/index.php\\\/2020\\\/09\\\/10\\\/prefeito-marcelo-crivella-e-alvo-de-operacao-contra-corrupcao-no-rio-de-janeiro\\\/#primaryimage\"},\"image\":{\"@id\":\"https:\\\/\\\/maranhaotv.com.br\\\/index.php\\\/2020\\\/09\\\/10\\\/prefeito-marcelo-crivella-e-alvo-de-operacao-contra-corrupcao-no-rio-de-janeiro\\\/#primaryimage\"},\"thumbnailUrl\":\"\",\"datePublished\":\"2020-09-10T12:02:22+00:00\",\"breadcrumb\":{\"@id\":\"https:\\\/\\\/maranhaotv.com.br\\\/index.php\\\/2020\\\/09\\\/10\\\/prefeito-marcelo-crivella-e-alvo-de-operacao-contra-corrupcao-no-rio-de-janeiro\\\/#breadcrumb\"},\"inLanguage\":\"pt-BR\",\"potentialAction\":[{\"@type\":\"ReadAction\",\"target\":[\"https:\\\/\\\/maranhaotv.com.br\\\/index.php\\\/2020\\\/09\\\/10\\\/prefeito-marcelo-crivella-e-alvo-de-operacao-contra-corrupcao-no-rio-de-janeiro\\\/\"]}]},{\"@type\":\"ImageObject\",\"inLanguage\":\"pt-BR\",\"@id\":\"https:\\\/\\\/maranhaotv.com.br\\\/index.php\\\/2020\\\/09\\\/10\\\/prefeito-marcelo-crivella-e-alvo-de-operacao-contra-corrupcao-no-rio-de-janeiro\\\/#primaryimage\",\"url\":\"\",\"contentUrl\":\"\"},{\"@type\":\"BreadcrumbList\",\"@id\":\"https:\\\/\\\/maranhaotv.com.br\\\/index.php\\\/2020\\\/09\\\/10\\\/prefeito-marcelo-crivella-e-alvo-de-operacao-contra-corrupcao-no-rio-de-janeiro\\\/#breadcrumb\",\"itemListElement\":[{\"@type\":\"ListItem\",\"position\":1,\"name\":\"In\u00edcio\",\"item\":\"https:\\\/\\\/maranhaotv.com.br\\\/\"},{\"@type\":\"ListItem\",\"position\":2,\"name\":\"Prefeito Marcelo Crivella \u00e9 alvo de opera\u00e7\u00e3o contra corrup\u00e7\u00e3o no Rio de Janeiro\"}]},{\"@type\":\"WebSite\",\"@id\":\"https:\\\/\\\/maranhaotv.com.br\\\/#website\",\"url\":\"https:\\\/\\\/maranhaotv.com.br\\\/\",\"name\":\"Maranh\u00e3oTV\",\"description\":\"\",\"publisher\":{\"@id\":\"https:\\\/\\\/maranhaotv.com.br\\\/#organization\"},\"potentialAction\":[{\"@type\":\"SearchAction\",\"target\":{\"@type\":\"EntryPoint\",\"urlTemplate\":\"https:\\\/\\\/maranhaotv.com.br\\\/?s={search_term_string}\"},\"query-input\":{\"@type\":\"PropertyValueSpecification\",\"valueRequired\":true,\"valueName\":\"search_term_string\"}}],\"inLanguage\":\"pt-BR\"},{\"@type\":\"Organization\",\"@id\":\"https:\\\/\\\/maranhaotv.com.br\\\/#organization\",\"name\":\"Portal de Not\u00edcias\",\"url\":\"https:\\\/\\\/maranhaotv.com.br\\\/\",\"logo\":{\"@type\":\"ImageObject\",\"inLanguage\":\"pt-BR\",\"@id\":\"https:\\\/\\\/maranhaotv.com.br\\\/#\\\/schema\\\/logo\\\/image\\\/\",\"url\":\"https:\\\/\\\/maranhaotv.com.br\\\/wp-content\\\/uploads\\\/2024\\\/05\\\/cropped-cropped-avatar-1.png\",\"contentUrl\":\"https:\\\/\\\/maranhaotv.com.br\\\/wp-content\\\/uploads\\\/2024\\\/05\\\/cropped-cropped-avatar-1.png\",\"width\":792,\"height\":428,\"caption\":\"Portal de Not\u00edcias\"},\"image\":{\"@id\":\"https:\\\/\\\/maranhaotv.com.br\\\/#\\\/schema\\\/logo\\\/image\\\/\"},\"sameAs\":[\"https:\\\/\\\/www.facebook.com\\\/maiobaotv\",\"https:\\\/\\\/x.com\\\/sitemaranhaotv\",\"https:\\\/\\\/www.instagram.com\\\/maranhao.tv\",\"https:\\\/\\\/www.threads.net\\\/@maranhao.tv\"]},{\"@type\":\"Person\",\"@id\":\"https:\\\/\\\/maranhaotv.com.br\\\/#\\\/schema\\\/person\\\/3d54238e86b20bb5c89ab2fdb8f8829a\",\"name\":\"maranhaotv\",\"image\":{\"@type\":\"ImageObject\",\"inLanguage\":\"pt-BR\",\"@id\":\"https:\\\/\\\/secure.gravatar.com\\\/avatar\\\/8fadbca458d4cb68b1dd399ae9a40618d747bb1af65ac9fad21c89220a143eb4?s=96&d=mm&r=g\",\"url\":\"https:\\\/\\\/secure.gravatar.com\\\/avatar\\\/8fadbca458d4cb68b1dd399ae9a40618d747bb1af65ac9fad21c89220a143eb4?s=96&d=mm&r=g\",\"contentUrl\":\"https:\\\/\\\/secure.gravatar.com\\\/avatar\\\/8fadbca458d4cb68b1dd399ae9a40618d747bb1af65ac9fad21c89220a143eb4?s=96&d=mm&r=g\",\"caption\":\"maranhaotv\"},\"sameAs\":[\"https:\\\/\\\/maranhaotv.com.br\\\/\"],\"url\":\"https:\\\/\\\/maranhaotv.com.br\\\/index.php\\\/author\\\/maranhaotv\\\/\"}]}<\/script>\n<!-- \/ Yoast SEO plugin. -->","yoast_head_json":{"title":"Prefeito Marcelo Crivella \u00e9 alvo de opera\u00e7\u00e3o contra corrup\u00e7\u00e3o no Rio de Janeiro - NOT\u00cdCIAS EM TEMPO REAL","robots":{"index":"index","follow":"follow","max-snippet":"max-snippet:-1","max-image-preview":"max-image-preview:large","max-video-preview":"max-video-preview:-1"},"canonical":"https:\/\/maranhaotv.com.br\/index.php\/2020\/09\/10\/prefeito-marcelo-crivella-e-alvo-de-operacao-contra-corrupcao-no-rio-de-janeiro\/","og_locale":"pt_BR","og_type":"article","og_title":"Prefeito Marcelo Crivella \u00e9 alvo de opera\u00e7\u00e3o contra corrup\u00e7\u00e3o no Rio de Janeiro - NOT\u00cdCIAS EM TEMPO REAL","og_description":"A\u00e7\u00e3o \u00e9 do Minist\u00e9rio P\u00fablico e da Pol\u00edcia Civil O Minist\u00e9rio P\u00fablico do Rio de Janeiro e a Pol\u00edcia Civil","og_url":"https:\/\/maranhaotv.com.br\/index.php\/2020\/09\/10\/prefeito-marcelo-crivella-e-alvo-de-operacao-contra-corrupcao-no-rio-de-janeiro\/","og_site_name":"NOT\u00cdCIAS EM TEMPO REAL","article_publisher":"https:\/\/www.facebook.com\/maiobaotv","article_published_time":"2020-09-10T12:02:22+00:00","author":"maranhaotv","twitter_card":"summary_large_image","twitter_creator":"@sitemaranhaotv","twitter_site":"@sitemaranhaotv","twitter_misc":{"Escrito por":"maranhaotv","Est. tempo de leitura":"1 minuto"},"schema":{"@context":"https:\/\/schema.org","@graph":[{"@type":"Article","@id":"https:\/\/maranhaotv.com.br\/index.php\/2020\/09\/10\/prefeito-marcelo-crivella-e-alvo-de-operacao-contra-corrupcao-no-rio-de-janeiro\/#article","isPartOf":{"@id":"https:\/\/maranhaotv.com.br\/index.php\/2020\/09\/10\/prefeito-marcelo-crivella-e-alvo-de-operacao-contra-corrupcao-no-rio-de-janeiro\/"},"author":{"name":"maranhaotv","@id":"https:\/\/maranhaotv.com.br\/#\/schema\/person\/3d54238e86b20bb5c89ab2fdb8f8829a"},"headline":"Prefeito Marcelo Crivella \u00e9 alvo de opera\u00e7\u00e3o contra corrup\u00e7\u00e3o no Rio de Janeiro","datePublished":"2020-09-10T12:02:22+00:00","mainEntityOfPage":{"@id":"https:\/\/maranhaotv.com.br\/index.php\/2020\/09\/10\/prefeito-marcelo-crivella-e-alvo-de-operacao-contra-corrupcao-no-rio-de-janeiro\/"},"wordCount":309,"commentCount":0,"publisher":{"@id":"https:\/\/maranhaotv.com.br\/#organization"},"image":{"@id":"https:\/\/maranhaotv.com.br\/index.php\/2020\/09\/10\/prefeito-marcelo-crivella-e-alvo-de-operacao-contra-corrupcao-no-rio-de-janeiro\/#primaryimage"},"thumbnailUrl":"","articleSection":["not\u00edcias"],"inLanguage":"pt-BR","potentialAction":[{"@type":"CommentAction","name":"Comment","target":["https:\/\/maranhaotv.com.br\/index.php\/2020\/09\/10\/prefeito-marcelo-crivella-e-alvo-de-operacao-contra-corrupcao-no-rio-de-janeiro\/#respond"]}]},{"@type":"WebPage","@id":"https:\/\/maranhaotv.com.br\/index.php\/2020\/09\/10\/prefeito-marcelo-crivella-e-alvo-de-operacao-contra-corrupcao-no-rio-de-janeiro\/","url":"https:\/\/maranhaotv.com.br\/index.php\/2020\/09\/10\/prefeito-marcelo-crivella-e-alvo-de-operacao-contra-corrupcao-no-rio-de-janeiro\/","name":"Prefeito Marcelo Crivella \u00e9 alvo de opera\u00e7\u00e3o contra corrup\u00e7\u00e3o no Rio de Janeiro - NOT\u00cdCIAS EM TEMPO REAL","isPartOf":{"@id":"https:\/\/maranhaotv.com.br\/#website"},"primaryImageOfPage":{"@id":"https:\/\/maranhaotv.com.br\/index.php\/2020\/09\/10\/prefeito-marcelo-crivella-e-alvo-de-operacao-contra-corrupcao-no-rio-de-janeiro\/#primaryimage"},"image":{"@id":"https:\/\/maranhaotv.com.br\/index.php\/2020\/09\/10\/prefeito-marcelo-crivella-e-alvo-de-operacao-contra-corrupcao-no-rio-de-janeiro\/#primaryimage"},"thumbnailUrl":"","datePublished":"2020-09-10T12:02:22+00:00","breadcrumb":{"@id":"https:\/\/maranhaotv.com.br\/index.php\/2020\/09\/10\/prefeito-marcelo-crivella-e-alvo-de-operacao-contra-corrupcao-no-rio-de-janeiro\/#breadcrumb"},"inLanguage":"pt-BR","potentialAction":[{"@type":"ReadAction","target":["https:\/\/maranhaotv.com.br\/index.php\/2020\/09\/10\/prefeito-marcelo-crivella-e-alvo-de-operacao-contra-corrupcao-no-rio-de-janeiro\/"]}]},{"@type":"ImageObject","inLanguage":"pt-BR","@id":"https:\/\/maranhaotv.com.br\/index.php\/2020\/09\/10\/prefeito-marcelo-crivella-e-alvo-de-operacao-contra-corrupcao-no-rio-de-janeiro\/#primaryimage","url":"","contentUrl":""},{"@type":"BreadcrumbList","@id":"https:\/\/maranhaotv.com.br\/index.php\/2020\/09\/10\/prefeito-marcelo-crivella-e-alvo-de-operacao-contra-corrupcao-no-rio-de-janeiro\/#breadcrumb","itemListElement":[{"@type":"ListItem","position":1,"name":"In\u00edcio","item":"https:\/\/maranhaotv.com.br\/"},{"@type":"ListItem","position":2,"name":"Prefeito Marcelo Crivella \u00e9 alvo de opera\u00e7\u00e3o contra corrup\u00e7\u00e3o no Rio de Janeiro"}]},{"@type":"WebSite","@id":"https:\/\/maranhaotv.com.br\/#website","url":"https:\/\/maranhaotv.com.br\/","name":"Maranh\u00e3oTV","description":"","publisher":{"@id":"https:\/\/maranhaotv.com.br\/#organization"},"potentialAction":[{"@type":"SearchAction","target":{"@type":"EntryPoint","urlTemplate":"https:\/\/maranhaotv.com.br\/?s={search_term_string}"},"query-input":{"@type":"PropertyValueSpecification","valueRequired":true,"valueName":"search_term_string"}}],"inLanguage":"pt-BR"},{"@type":"Organization","@id":"https:\/\/maranhaotv.com.br\/#organization","name":"Portal de Not\u00edcias","url":"https:\/\/maranhaotv.com.br\/","logo":{"@type":"ImageObject","inLanguage":"pt-BR","@id":"https:\/\/maranhaotv.com.br\/#\/schema\/logo\/image\/","url":"https:\/\/maranhaotv.com.br\/wp-content\/uploads\/2024\/05\/cropped-cropped-avatar-1.png","contentUrl":"https:\/\/maranhaotv.com.br\/wp-content\/uploads\/2024\/05\/cropped-cropped-avatar-1.png","width":792,"height":428,"caption":"Portal de Not\u00edcias"},"image":{"@id":"https:\/\/maranhaotv.com.br\/#\/schema\/logo\/image\/"},"sameAs":["https:\/\/www.facebook.com\/maiobaotv","https:\/\/x.com\/sitemaranhaotv","https:\/\/www.instagram.com\/maranhao.tv","https:\/\/www.threads.net\/@maranhao.tv"]},{"@type":"Person","@id":"https:\/\/maranhaotv.com.br\/#\/schema\/person\/3d54238e86b20bb5c89ab2fdb8f8829a","name":"maranhaotv","image":{"@type":"ImageObject","inLanguage":"pt-BR","@id":"https:\/\/secure.gravatar.com\/avatar\/8fadbca458d4cb68b1dd399ae9a40618d747bb1af65ac9fad21c89220a143eb4?s=96&d=mm&r=g","url":"https:\/\/secure.gravatar.com\/avatar\/8fadbca458d4cb68b1dd399ae9a40618d747bb1af65ac9fad21c89220a143eb4?s=96&d=mm&r=g","contentUrl":"https:\/\/secure.gravatar.com\/avatar\/8fadbca458d4cb68b1dd399ae9a40618d747bb1af65ac9fad21c89220a143eb4?s=96&d=mm&r=g","caption":"maranhaotv"},"sameAs":["https:\/\/maranhaotv.com.br\/"],"url":"https:\/\/maranhaotv.com.br\/index.php\/author\/maranhaotv\/"}]}},"jetpack_featured_media_url":"","jetpack_sharing_enabled":true,"_links":{"self":[{"href":"https:\/\/maranhaotv.com.br\/index.php\/wp-json\/wp\/v2\/posts\/14637","targetHints":{"allow":["GET"]}}],"collection":[{"href":"https:\/\/maranhaotv.com.br\/index.php\/wp-json\/wp\/v2\/posts"}],"about":[{"href":"https:\/\/maranhaotv.com.br\/index.php\/wp-json\/wp\/v2\/types\/post"}],"author":[{"embeddable":true,"href":"https:\/\/maranhaotv.com.br\/index.php\/wp-json\/wp\/v2\/users\/2"}],"replies":[{"embeddable":true,"href":"https:\/\/maranhaotv.com.br\/index.php\/wp-json\/wp\/v2\/comments?post=14637"}],"version-history":[{"count":0,"href":"https:\/\/maranhaotv.com.br\/index.php\/wp-json\/wp\/v2\/posts\/14637\/revisions"}],"wp:featuredmedia":[{"embeddable":true,"href":"https:\/\/maranhaotv.com.br\/index.php\/wp-json\/"}],"wp:attachment":[{"href":"https:\/\/maranhaotv.com.br\/index.php\/wp-json\/wp\/v2\/media?parent=14637"}],"wp:term":[{"taxonomy":"category","embeddable":true,"href":"https:\/\/maranhaotv.com.br\/index.php\/wp-json\/wp\/v2\/categories?post=14637"},{"taxonomy":"post_tag","embeddable":true,"href":"https:\/\/maranhaotv.com.br\/index.php\/wp-json\/wp\/v2\/tags?post=14637"}],"curies":[{"name":"wp","href":"https:\/\/api.w.org\/{rel}","templated":true}]}}