{"id":14654,"date":"2020-09-10T15:40:09","date_gmt":"2020-09-10T18:40:09","guid":{"rendered":"https:\/\/maiobaotv.com.br\/?p=14654"},"modified":"2020-09-10T15:40:09","modified_gmt":"2020-09-10T18:40:09","slug":"paco-do-lumiar-toinho-abreu-reune-multidao-em-aniversario-e-abraca-pre-candidatura-de-fred-campos","status":"publish","type":"post","link":"https:\/\/maranhaotv.com.br\/index.php\/2020\/09\/10\/paco-do-lumiar-toinho-abreu-reune-multidao-em-aniversario-e-abraca-pre-candidatura-de-fred-campos\/","title":{"rendered":"Pa\u00e7o do Lumiar: Toinho Abreu re\u00fane multid\u00e3o em anivers\u00e1rio e abra\u00e7a pr\u00e9-candidatura de Fred Campos"},"content":{"rendered":"<p>Toinho Abreu \u00e9 suplente de vereador, e pr\u00e9-candidato a vereador pelo PP, e reuniu uma multid\u00e3o em homenagem ao seu anivers\u00e1rio e declara apoio a Fred Campos (PL) e Tiago do IESF (PDT).<\/p>\n<p>O anivers\u00e1rio foi realizado no Parque Horizonte, na casa de seu irm\u00e3o Geovane, pois a festa foi surpresa, mesmo assim Toinho reuniu amigos e lideran\u00e7as que abra\u00e7am seu projeto como representante no legislativo luminense.<\/p>\n<p>Para Fred Campos, \u00e9 um privil\u00e9gio prestigiar o anivers\u00e1rio de Toinho Abreu, e diante de todas as lideran\u00e7as reafirmou o compromisso do grupo com seus apoiadores.<\/p>\n<blockquote><p>&#8220;Toinho \u00e9 um amigo, uma lideran\u00e7a forte, um homem de luta, para mim \u00e9 um privil\u00e9gio t\u00ea-lo em nosso grupo, quero agradecer a ele e a todos pela receptividade, assim como tamb\u00e9m pelo apoio e compromisso de caminharmos juntos para construir uma cidade melhor para todos&#8221;, disse Fred.<\/p><\/blockquote>\n<p>Estiveram presentes, al\u00e9m de Fred Campos, o pr\u00e9-candidato a vice prefeito Tiago do IESF, lideran\u00e7as politicas e apoiadores de Toinho Abreu.<\/p>\n<p><img loading=\"lazy\" decoding=\"async\" src=\"https:\/\/maiobaotv.com.br\/wp-content\/uploads\/2020\/09\/img-20200910-wa03727468734216102202418.jpg\" class=\"wp-image-14651 alignnone size-full\" width=\"1280\" height=\"853\"><\/p>\n<p><img loading=\"lazy\" decoding=\"async\" src=\"https:\/\/maiobaotv.com.br\/wp-content\/uploads\/2020\/09\/img-20200910-wa037171658665049034358.jpg\" class=\"wp-image-14652 alignnone size-full\" width=\"1280\" height=\"960\"><\/p>\n<p><img loading=\"lazy\" decoding=\"async\" src=\"https:\/\/maiobaotv.com.br\/wp-content\/uploads\/2020\/09\/img-20200910-wa03704046143377650914148.jpg\" class=\"wp-image-14653 alignnone size-full\" width=\"1280\" height=\"960\"><\/p>\n","protected":false},"excerpt":{"rendered":"<p>Toinho Abreu \u00e9 suplente de vereador, e pr\u00e9-candidato a vereador pelo PP, e reuniu uma multid\u00e3o em homenagem ao seu<\/p>\n","protected":false},"author":2,"featured_media":14656,"comment_status":"open","ping_status":"open","sticky":false,"template":"","format":"standard","meta":{"colormag_page_container_layout":"default_layout","colormag_page_sidebar_layout":"default_layout","_jetpack_memberships_contains_paid_content":false,"footnotes":""},"categories":[2,6],"tags":[43,97],"class_list":["post-14654","post","type-post","status-publish","format-standard","has-post-thumbnail","hentry","category-noticias","category-politica","tag-fred-campos","tag-tiago-carneiro"],"magazineBlocksPostFeaturedMedia":{"thumbnail":false,"medium":false,"medium_large":false,"large":false,"1536x1536":false,"2048x2048":false,"colormag-highlighted-post":false,"colormag-featured-post-medium":false,"colormag-featured-post-small":false,"colormag-featured-image":false,"colormag-default-news":false,"colormag-featured-image-large":false},"magazineBlocksPostAuthor":{"name":"maranhaotv","avatar":"https:\/\/secure.gravatar.com\/avatar\/8fadbca458d4cb68b1dd399ae9a40618d747bb1af65ac9fad21c89220a143eb4?s=96&d=mm&r=g"},"magazineBlocksPostCommentsNumber":"0","magazineBlocksPostExcerpt":"Toinho Abreu \u00e9 suplente de vereador, e pr\u00e9-candidato a vereador pelo PP, e reuniu uma multid\u00e3o em homenagem ao seu","magazineBlocksPostCategories":["not\u00edcias","pol\u00edtica"],"magazineBlocksPostViewCount":234,"magazineBlocksPostReadTime":1,"magazine_blocks_featured_image_url":{"full":false,"medium":false,"thumbnail":false},"magazine_blocks_author":{"display_name":"maranhaotv","author_link":"https:\/\/maranhaotv.com.br\/index.php\/author\/maranhaotv\/"},"magazine_blocks_comment":0,"magazine_blocks_author_image":"https:\/\/secure.gravatar.com\/avatar\/8fadbca458d4cb68b1dd399ae9a40618d747bb1af65ac9fad21c89220a143eb4?s=96&d=mm&r=g","magazine_blocks_category":"<a href=\"#\" class=\"category-link category-link-2\">not\u00edcias<\/a> <a href=\"#\" class=\"category-link category-link-6\">pol\u00edtica<\/a>","yoast_head":"<!-- This site is optimized with the Yoast SEO plugin v27.4 - https:\/\/yoast.com\/product\/yoast-seo-wordpress\/ -->\n<title>Pa\u00e7o do Lumiar: Toinho Abreu re\u00fane multid\u00e3o em anivers\u00e1rio e abra\u00e7a pr\u00e9-candidatura de Fred Campos - NOT\u00cdCIAS EM TEMPO REAL<\/title>\n<meta name=\"robots\" content=\"index, follow, max-snippet:-1, max-image-preview:large, max-video-preview:-1\" \/>\n<link rel=\"canonical\" href=\"https:\/\/maranhaotv.com.br\/index.php\/2020\/09\/10\/paco-do-lumiar-toinho-abreu-reune-multidao-em-aniversario-e-abraca-pre-candidatura-de-fred-campos\/\" \/>\n<meta property=\"og:locale\" content=\"pt_BR\" \/>\n<meta property=\"og:type\" content=\"article\" \/>\n<meta property=\"og:title\" content=\"Pa\u00e7o do Lumiar: Toinho Abreu re\u00fane multid\u00e3o em anivers\u00e1rio e abra\u00e7a pr\u00e9-candidatura de Fred Campos - NOT\u00cdCIAS EM TEMPO REAL\" \/>\n<meta property=\"og:description\" content=\"Toinho Abreu \u00e9 suplente de vereador, e pr\u00e9-candidato a vereador pelo PP, e reuniu uma multid\u00e3o em homenagem ao seu\" \/>\n<meta property=\"og:url\" content=\"https:\/\/maranhaotv.com.br\/index.php\/2020\/09\/10\/paco-do-lumiar-toinho-abreu-reune-multidao-em-aniversario-e-abraca-pre-candidatura-de-fred-campos\/\" \/>\n<meta property=\"og:site_name\" content=\"NOT\u00cdCIAS EM TEMPO REAL\" \/>\n<meta property=\"article:publisher\" content=\"https:\/\/www.facebook.com\/maiobaotv\" \/>\n<meta property=\"article:published_time\" content=\"2020-09-10T18:40:09+00:00\" \/>\n<meta name=\"author\" content=\"maranhaotv\" \/>\n<meta name=\"twitter:card\" content=\"summary_large_image\" \/>\n<meta name=\"twitter:creator\" content=\"@sitemaranhaotv\" \/>\n<meta name=\"twitter:site\" content=\"@sitemaranhaotv\" \/>\n<meta name=\"twitter:label1\" content=\"Escrito por\" \/>\n\t<meta name=\"twitter:data1\" content=\"maranhaotv\" \/>\n\t<meta name=\"twitter:label2\" content=\"Est. tempo de leitura\" \/>\n\t<meta name=\"twitter:data2\" content=\"1 minuto\" \/>\n<script type=\"application\/ld+json\" class=\"yoast-schema-graph\">{\"@context\":\"https:\\\/\\\/schema.org\",\"@graph\":[{\"@type\":\"Article\",\"@id\":\"https:\\\/\\\/maranhaotv.com.br\\\/index.php\\\/2020\\\/09\\\/10\\\/paco-do-lumiar-toinho-abreu-reune-multidao-em-aniversario-e-abraca-pre-candidatura-de-fred-campos\\\/#article\",\"isPartOf\":{\"@id\":\"https:\\\/\\\/maranhaotv.com.br\\\/index.php\\\/2020\\\/09\\\/10\\\/paco-do-lumiar-toinho-abreu-reune-multidao-em-aniversario-e-abraca-pre-candidatura-de-fred-campos\\\/\"},\"author\":{\"name\":\"maranhaotv\",\"@id\":\"https:\\\/\\\/maranhaotv.com.br\\\/#\\\/schema\\\/person\\\/3d54238e86b20bb5c89ab2fdb8f8829a\"},\"headline\":\"Pa\u00e7o do Lumiar: Toinho Abreu re\u00fane multid\u00e3o em anivers\u00e1rio e abra\u00e7a pr\u00e9-candidatura de Fred Campos\",\"datePublished\":\"2020-09-10T18:40:09+00:00\",\"mainEntityOfPage\":{\"@id\":\"https:\\\/\\\/maranhaotv.com.br\\\/index.php\\\/2020\\\/09\\\/10\\\/paco-do-lumiar-toinho-abreu-reune-multidao-em-aniversario-e-abraca-pre-candidatura-de-fred-campos\\\/\"},\"wordCount\":196,\"commentCount\":0,\"publisher\":{\"@id\":\"https:\\\/\\\/maranhaotv.com.br\\\/#organization\"},\"image\":{\"@id\":\"https:\\\/\\\/maranhaotv.com.br\\\/index.php\\\/2020\\\/09\\\/10\\\/paco-do-lumiar-toinho-abreu-reune-multidao-em-aniversario-e-abraca-pre-candidatura-de-fred-campos\\\/#primaryimage\"},\"thumbnailUrl\":\"\",\"keywords\":[\"Fred Campos\",\"Tiago Carneiro\"],\"articleSection\":[\"not\u00edcias\",\"pol\u00edtica\"],\"inLanguage\":\"pt-BR\",\"potentialAction\":[{\"@type\":\"CommentAction\",\"name\":\"Comment\",\"target\":[\"https:\\\/\\\/maranhaotv.com.br\\\/index.php\\\/2020\\\/09\\\/10\\\/paco-do-lumiar-toinho-abreu-reune-multidao-em-aniversario-e-abraca-pre-candidatura-de-fred-campos\\\/#respond\"]}]},{\"@type\":\"WebPage\",\"@id\":\"https:\\\/\\\/maranhaotv.com.br\\\/index.php\\\/2020\\\/09\\\/10\\\/paco-do-lumiar-toinho-abreu-reune-multidao-em-aniversario-e-abraca-pre-candidatura-de-fred-campos\\\/\",\"url\":\"https:\\\/\\\/maranhaotv.com.br\\\/index.php\\\/2020\\\/09\\\/10\\\/paco-do-lumiar-toinho-abreu-reune-multidao-em-aniversario-e-abraca-pre-candidatura-de-fred-campos\\\/\",\"name\":\"Pa\u00e7o do Lumiar: Toinho Abreu re\u00fane multid\u00e3o em anivers\u00e1rio e abra\u00e7a pr\u00e9-candidatura de Fred Campos - NOT\u00cdCIAS EM TEMPO REAL\",\"isPartOf\":{\"@id\":\"https:\\\/\\\/maranhaotv.com.br\\\/#website\"},\"primaryImageOfPage\":{\"@id\":\"https:\\\/\\\/maranhaotv.com.br\\\/index.php\\\/2020\\\/09\\\/10\\\/paco-do-lumiar-toinho-abreu-reune-multidao-em-aniversario-e-abraca-pre-candidatura-de-fred-campos\\\/#primaryimage\"},\"image\":{\"@id\":\"https:\\\/\\\/maranhaotv.com.br\\\/index.php\\\/2020\\\/09\\\/10\\\/paco-do-lumiar-toinho-abreu-reune-multidao-em-aniversario-e-abraca-pre-candidatura-de-fred-campos\\\/#primaryimage\"},\"thumbnailUrl\":\"\",\"datePublished\":\"2020-09-10T18:40:09+00:00\",\"breadcrumb\":{\"@id\":\"https:\\\/\\\/maranhaotv.com.br\\\/index.php\\\/2020\\\/09\\\/10\\\/paco-do-lumiar-toinho-abreu-reune-multidao-em-aniversario-e-abraca-pre-candidatura-de-fred-campos\\\/#breadcrumb\"},\"inLanguage\":\"pt-BR\",\"potentialAction\":[{\"@type\":\"ReadAction\",\"target\":[\"https:\\\/\\\/maranhaotv.com.br\\\/index.php\\\/2020\\\/09\\\/10\\\/paco-do-lumiar-toinho-abreu-reune-multidao-em-aniversario-e-abraca-pre-candidatura-de-fred-campos\\\/\"]}]},{\"@type\":\"ImageObject\",\"inLanguage\":\"pt-BR\",\"@id\":\"https:\\\/\\\/maranhaotv.com.br\\\/index.php\\\/2020\\\/09\\\/10\\\/paco-do-lumiar-toinho-abreu-reune-multidao-em-aniversario-e-abraca-pre-candidatura-de-fred-campos\\\/#primaryimage\",\"url\":\"\",\"contentUrl\":\"\"},{\"@type\":\"BreadcrumbList\",\"@id\":\"https:\\\/\\\/maranhaotv.com.br\\\/index.php\\\/2020\\\/09\\\/10\\\/paco-do-lumiar-toinho-abreu-reune-multidao-em-aniversario-e-abraca-pre-candidatura-de-fred-campos\\\/#breadcrumb\",\"itemListElement\":[{\"@type\":\"ListItem\",\"position\":1,\"name\":\"In\u00edcio\",\"item\":\"https:\\\/\\\/maranhaotv.com.br\\\/\"},{\"@type\":\"ListItem\",\"position\":2,\"name\":\"Pa\u00e7o do Lumiar: Toinho Abreu re\u00fane multid\u00e3o em anivers\u00e1rio e abra\u00e7a pr\u00e9-candidatura de Fred Campos\"}]},{\"@type\":\"WebSite\",\"@id\":\"https:\\\/\\\/maranhaotv.com.br\\\/#website\",\"url\":\"https:\\\/\\\/maranhaotv.com.br\\\/\",\"name\":\"Maranh\u00e3oTV\",\"description\":\"\",\"publisher\":{\"@id\":\"https:\\\/\\\/maranhaotv.com.br\\\/#organization\"},\"potentialAction\":[{\"@type\":\"SearchAction\",\"target\":{\"@type\":\"EntryPoint\",\"urlTemplate\":\"https:\\\/\\\/maranhaotv.com.br\\\/?s={search_term_string}\"},\"query-input\":{\"@type\":\"PropertyValueSpecification\",\"valueRequired\":true,\"valueName\":\"search_term_string\"}}],\"inLanguage\":\"pt-BR\"},{\"@type\":\"Organization\",\"@id\":\"https:\\\/\\\/maranhaotv.com.br\\\/#organization\",\"name\":\"Portal de Not\u00edcias\",\"url\":\"https:\\\/\\\/maranhaotv.com.br\\\/\",\"logo\":{\"@type\":\"ImageObject\",\"inLanguage\":\"pt-BR\",\"@id\":\"https:\\\/\\\/maranhaotv.com.br\\\/#\\\/schema\\\/logo\\\/image\\\/\",\"url\":\"https:\\\/\\\/maranhaotv.com.br\\\/wp-content\\\/uploads\\\/2024\\\/05\\\/cropped-cropped-avatar-1.png\",\"contentUrl\":\"https:\\\/\\\/maranhaotv.com.br\\\/wp-content\\\/uploads\\\/2024\\\/05\\\/cropped-cropped-avatar-1.png\",\"width\":792,\"height\":428,\"caption\":\"Portal de Not\u00edcias\"},\"image\":{\"@id\":\"https:\\\/\\\/maranhaotv.com.br\\\/#\\\/schema\\\/logo\\\/image\\\/\"},\"sameAs\":[\"https:\\\/\\\/www.facebook.com\\\/maiobaotv\",\"https:\\\/\\\/x.com\\\/sitemaranhaotv\",\"https:\\\/\\\/www.instagram.com\\\/maranhao.tv\",\"https:\\\/\\\/www.threads.net\\\/@maranhao.tv\"]},{\"@type\":\"Person\",\"@id\":\"https:\\\/\\\/maranhaotv.com.br\\\/#\\\/schema\\\/person\\\/3d54238e86b20bb5c89ab2fdb8f8829a\",\"name\":\"maranhaotv\",\"image\":{\"@type\":\"ImageObject\",\"inLanguage\":\"pt-BR\",\"@id\":\"https:\\\/\\\/secure.gravatar.com\\\/avatar\\\/8fadbca458d4cb68b1dd399ae9a40618d747bb1af65ac9fad21c89220a143eb4?s=96&d=mm&r=g\",\"url\":\"https:\\\/\\\/secure.gravatar.com\\\/avatar\\\/8fadbca458d4cb68b1dd399ae9a40618d747bb1af65ac9fad21c89220a143eb4?s=96&d=mm&r=g\",\"contentUrl\":\"https:\\\/\\\/secure.gravatar.com\\\/avatar\\\/8fadbca458d4cb68b1dd399ae9a40618d747bb1af65ac9fad21c89220a143eb4?s=96&d=mm&r=g\",\"caption\":\"maranhaotv\"},\"sameAs\":[\"https:\\\/\\\/maranhaotv.com.br\\\/\"],\"url\":\"https:\\\/\\\/maranhaotv.com.br\\\/index.php\\\/author\\\/maranhaotv\\\/\"}]}<\/script>\n<!-- \/ Yoast SEO plugin. -->","yoast_head_json":{"title":"Pa\u00e7o do Lumiar: Toinho Abreu re\u00fane multid\u00e3o em anivers\u00e1rio e abra\u00e7a pr\u00e9-candidatura de Fred Campos - NOT\u00cdCIAS EM TEMPO REAL","robots":{"index":"index","follow":"follow","max-snippet":"max-snippet:-1","max-image-preview":"max-image-preview:large","max-video-preview":"max-video-preview:-1"},"canonical":"https:\/\/maranhaotv.com.br\/index.php\/2020\/09\/10\/paco-do-lumiar-toinho-abreu-reune-multidao-em-aniversario-e-abraca-pre-candidatura-de-fred-campos\/","og_locale":"pt_BR","og_type":"article","og_title":"Pa\u00e7o do Lumiar: Toinho Abreu re\u00fane multid\u00e3o em anivers\u00e1rio e abra\u00e7a pr\u00e9-candidatura de Fred Campos - NOT\u00cdCIAS EM TEMPO REAL","og_description":"Toinho Abreu \u00e9 suplente de vereador, e pr\u00e9-candidato a vereador pelo PP, e reuniu uma multid\u00e3o em homenagem ao seu","og_url":"https:\/\/maranhaotv.com.br\/index.php\/2020\/09\/10\/paco-do-lumiar-toinho-abreu-reune-multidao-em-aniversario-e-abraca-pre-candidatura-de-fred-campos\/","og_site_name":"NOT\u00cdCIAS EM TEMPO REAL","article_publisher":"https:\/\/www.facebook.com\/maiobaotv","article_published_time":"2020-09-10T18:40:09+00:00","author":"maranhaotv","twitter_card":"summary_large_image","twitter_creator":"@sitemaranhaotv","twitter_site":"@sitemaranhaotv","twitter_misc":{"Escrito por":"maranhaotv","Est. tempo de leitura":"1 minuto"},"schema":{"@context":"https:\/\/schema.org","@graph":[{"@type":"Article","@id":"https:\/\/maranhaotv.com.br\/index.php\/2020\/09\/10\/paco-do-lumiar-toinho-abreu-reune-multidao-em-aniversario-e-abraca-pre-candidatura-de-fred-campos\/#article","isPartOf":{"@id":"https:\/\/maranhaotv.com.br\/index.php\/2020\/09\/10\/paco-do-lumiar-toinho-abreu-reune-multidao-em-aniversario-e-abraca-pre-candidatura-de-fred-campos\/"},"author":{"name":"maranhaotv","@id":"https:\/\/maranhaotv.com.br\/#\/schema\/person\/3d54238e86b20bb5c89ab2fdb8f8829a"},"headline":"Pa\u00e7o do Lumiar: Toinho Abreu re\u00fane multid\u00e3o em anivers\u00e1rio e abra\u00e7a pr\u00e9-candidatura de Fred Campos","datePublished":"2020-09-10T18:40:09+00:00","mainEntityOfPage":{"@id":"https:\/\/maranhaotv.com.br\/index.php\/2020\/09\/10\/paco-do-lumiar-toinho-abreu-reune-multidao-em-aniversario-e-abraca-pre-candidatura-de-fred-campos\/"},"wordCount":196,"commentCount":0,"publisher":{"@id":"https:\/\/maranhaotv.com.br\/#organization"},"image":{"@id":"https:\/\/maranhaotv.com.br\/index.php\/2020\/09\/10\/paco-do-lumiar-toinho-abreu-reune-multidao-em-aniversario-e-abraca-pre-candidatura-de-fred-campos\/#primaryimage"},"thumbnailUrl":"","keywords":["Fred Campos","Tiago Carneiro"],"articleSection":["not\u00edcias","pol\u00edtica"],"inLanguage":"pt-BR","potentialAction":[{"@type":"CommentAction","name":"Comment","target":["https:\/\/maranhaotv.com.br\/index.php\/2020\/09\/10\/paco-do-lumiar-toinho-abreu-reune-multidao-em-aniversario-e-abraca-pre-candidatura-de-fred-campos\/#respond"]}]},{"@type":"WebPage","@id":"https:\/\/maranhaotv.com.br\/index.php\/2020\/09\/10\/paco-do-lumiar-toinho-abreu-reune-multidao-em-aniversario-e-abraca-pre-candidatura-de-fred-campos\/","url":"https:\/\/maranhaotv.com.br\/index.php\/2020\/09\/10\/paco-do-lumiar-toinho-abreu-reune-multidao-em-aniversario-e-abraca-pre-candidatura-de-fred-campos\/","name":"Pa\u00e7o do Lumiar: Toinho Abreu re\u00fane multid\u00e3o em anivers\u00e1rio e abra\u00e7a pr\u00e9-candidatura de Fred Campos - NOT\u00cdCIAS EM TEMPO REAL","isPartOf":{"@id":"https:\/\/maranhaotv.com.br\/#website"},"primaryImageOfPage":{"@id":"https:\/\/maranhaotv.com.br\/index.php\/2020\/09\/10\/paco-do-lumiar-toinho-abreu-reune-multidao-em-aniversario-e-abraca-pre-candidatura-de-fred-campos\/#primaryimage"},"image":{"@id":"https:\/\/maranhaotv.com.br\/index.php\/2020\/09\/10\/paco-do-lumiar-toinho-abreu-reune-multidao-em-aniversario-e-abraca-pre-candidatura-de-fred-campos\/#primaryimage"},"thumbnailUrl":"","datePublished":"2020-09-10T18:40:09+00:00","breadcrumb":{"@id":"https:\/\/maranhaotv.com.br\/index.php\/2020\/09\/10\/paco-do-lumiar-toinho-abreu-reune-multidao-em-aniversario-e-abraca-pre-candidatura-de-fred-campos\/#breadcrumb"},"inLanguage":"pt-BR","potentialAction":[{"@type":"ReadAction","target":["https:\/\/maranhaotv.com.br\/index.php\/2020\/09\/10\/paco-do-lumiar-toinho-abreu-reune-multidao-em-aniversario-e-abraca-pre-candidatura-de-fred-campos\/"]}]},{"@type":"ImageObject","inLanguage":"pt-BR","@id":"https:\/\/maranhaotv.com.br\/index.php\/2020\/09\/10\/paco-do-lumiar-toinho-abreu-reune-multidao-em-aniversario-e-abraca-pre-candidatura-de-fred-campos\/#primaryimage","url":"","contentUrl":""},{"@type":"BreadcrumbList","@id":"https:\/\/maranhaotv.com.br\/index.php\/2020\/09\/10\/paco-do-lumiar-toinho-abreu-reune-multidao-em-aniversario-e-abraca-pre-candidatura-de-fred-campos\/#breadcrumb","itemListElement":[{"@type":"ListItem","position":1,"name":"In\u00edcio","item":"https:\/\/maranhaotv.com.br\/"},{"@type":"ListItem","position":2,"name":"Pa\u00e7o do Lumiar: Toinho Abreu re\u00fane multid\u00e3o em anivers\u00e1rio e abra\u00e7a pr\u00e9-candidatura de Fred Campos"}]},{"@type":"WebSite","@id":"https:\/\/maranhaotv.com.br\/#website","url":"https:\/\/maranhaotv.com.br\/","name":"Maranh\u00e3oTV","description":"","publisher":{"@id":"https:\/\/maranhaotv.com.br\/#organization"},"potentialAction":[{"@type":"SearchAction","target":{"@type":"EntryPoint","urlTemplate":"https:\/\/maranhaotv.com.br\/?s={search_term_string}"},"query-input":{"@type":"PropertyValueSpecification","valueRequired":true,"valueName":"search_term_string"}}],"inLanguage":"pt-BR"},{"@type":"Organization","@id":"https:\/\/maranhaotv.com.br\/#organization","name":"Portal de Not\u00edcias","url":"https:\/\/maranhaotv.com.br\/","logo":{"@type":"ImageObject","inLanguage":"pt-BR","@id":"https:\/\/maranhaotv.com.br\/#\/schema\/logo\/image\/","url":"https:\/\/maranhaotv.com.br\/wp-content\/uploads\/2024\/05\/cropped-cropped-avatar-1.png","contentUrl":"https:\/\/maranhaotv.com.br\/wp-content\/uploads\/2024\/05\/cropped-cropped-avatar-1.png","width":792,"height":428,"caption":"Portal de Not\u00edcias"},"image":{"@id":"https:\/\/maranhaotv.com.br\/#\/schema\/logo\/image\/"},"sameAs":["https:\/\/www.facebook.com\/maiobaotv","https:\/\/x.com\/sitemaranhaotv","https:\/\/www.instagram.com\/maranhao.tv","https:\/\/www.threads.net\/@maranhao.tv"]},{"@type":"Person","@id":"https:\/\/maranhaotv.com.br\/#\/schema\/person\/3d54238e86b20bb5c89ab2fdb8f8829a","name":"maranhaotv","image":{"@type":"ImageObject","inLanguage":"pt-BR","@id":"https:\/\/secure.gravatar.com\/avatar\/8fadbca458d4cb68b1dd399ae9a40618d747bb1af65ac9fad21c89220a143eb4?s=96&d=mm&r=g","url":"https:\/\/secure.gravatar.com\/avatar\/8fadbca458d4cb68b1dd399ae9a40618d747bb1af65ac9fad21c89220a143eb4?s=96&d=mm&r=g","contentUrl":"https:\/\/secure.gravatar.com\/avatar\/8fadbca458d4cb68b1dd399ae9a40618d747bb1af65ac9fad21c89220a143eb4?s=96&d=mm&r=g","caption":"maranhaotv"},"sameAs":["https:\/\/maranhaotv.com.br\/"],"url":"https:\/\/maranhaotv.com.br\/index.php\/author\/maranhaotv\/"}]}},"jetpack_featured_media_url":"","jetpack_sharing_enabled":true,"_links":{"self":[{"href":"https:\/\/maranhaotv.com.br\/index.php\/wp-json\/wp\/v2\/posts\/14654","targetHints":{"allow":["GET"]}}],"collection":[{"href":"https:\/\/maranhaotv.com.br\/index.php\/wp-json\/wp\/v2\/posts"}],"about":[{"href":"https:\/\/maranhaotv.com.br\/index.php\/wp-json\/wp\/v2\/types\/post"}],"author":[{"embeddable":true,"href":"https:\/\/maranhaotv.com.br\/index.php\/wp-json\/wp\/v2\/users\/2"}],"replies":[{"embeddable":true,"href":"https:\/\/maranhaotv.com.br\/index.php\/wp-json\/wp\/v2\/comments?post=14654"}],"version-history":[{"count":0,"href":"https:\/\/maranhaotv.com.br\/index.php\/wp-json\/wp\/v2\/posts\/14654\/revisions"}],"wp:featuredmedia":[{"embeddable":true,"href":"https:\/\/maranhaotv.com.br\/index.php\/wp-json\/"}],"wp:attachment":[{"href":"https:\/\/maranhaotv.com.br\/index.php\/wp-json\/wp\/v2\/media?parent=14654"}],"wp:term":[{"taxonomy":"category","embeddable":true,"href":"https:\/\/maranhaotv.com.br\/index.php\/wp-json\/wp\/v2\/categories?post=14654"},{"taxonomy":"post_tag","embeddable":true,"href":"https:\/\/maranhaotv.com.br\/index.php\/wp-json\/wp\/v2\/tags?post=14654"}],"curies":[{"name":"wp","href":"https:\/\/api.w.org\/{rel}","templated":true}]}}