{"id":14664,"date":"2020-09-11T09:02:55","date_gmt":"2020-09-11T12:02:55","guid":{"rendered":"https:\/\/maiobaotv.com.br\/?p=14664"},"modified":"2020-09-11T09:02:55","modified_gmt":"2020-09-11T12:02:55","slug":"cururupu-vice-prefeito-rompe-com-rosinha-e-declara-apoio-a-aldo-lopes","status":"publish","type":"post","link":"https:\/\/maranhaotv.com.br\/index.php\/2020\/09\/11\/cururupu-vice-prefeito-rompe-com-rosinha-e-declara-apoio-a-aldo-lopes\/","title":{"rendered":"Cururupu: Vice-prefeito rompe com Rosinha e declara apoio a Aldo Lopes"},"content":{"rendered":"<p>O atual vice-prefeito de Cururupu, Ribamar Santos, mais conhecido como \u201cMaraj\u00e1\u201d ap\u00f3s quase oito anos de parceria, \u201csentiu-se tra\u00eddo\u201d pela prefeita professora Rosinha e decidiu deixar o governo. \u201cMaraj\u00e1\u201d afirma que mesmo diante de todas as evid\u00eancias ainda guardava a esperan\u00e7a de seu partido (PV), ser convidado para a conven\u00e7\u00e3o da prefeita, e nem isso aconteceu, o que lhe levou a entender que finalmente a prefeita professora Rosinha n\u00e3o tinha mais nenhum interesse em manter a longa parceria e lealdade que ele manteve com ela durante todos esses anos, para o vice-prefeito essa foi uma \u201ctrai\u00e7\u00e3o\u201d que ele jamais esperava. \u201cTudo j\u00e1 havia sido articulado \u00e0 minha revelia, somente eu n\u00e3o sabia de nada\u201d, garante \u201cMaraj\u00e1\u201d.<\/p>\n<p>Em entrevista  ao site ICURURUPU, nesta quinta-feira (10), na capital S\u00e3o Lu\u00eds, \u201cMaraj\u00e1\u201d  justificou que est\u00e1 deixando o grupo da prefeita por se sentir tra\u00eddo, mais tamb\u00e9m por falta de espa\u00e7o na gest\u00e3o e por n\u00e3o concordar com a forma que a prefeita vem conduzindo a gest\u00e3o municipal.<\/p>\n<p>De acordo com \u201cMaraj\u00e1\u201d, essa decis\u00e3o foi bem pensada e conversada com seus familiares, amigos e pessoas pr\u00f3ximas que o apoiaram. Segundo ele, a falta de di\u00e1logo ao longo desses quase quatro anos foi um dos motivos que o levou a deixar a base da prefeita, al\u00e9m da n\u00e3o participa\u00e7\u00e3o nas decis\u00f5es que estavam acontecendo dentro do grupo. O vice-prefeito garante que da forma que vinha sendo tratado pela prefeita deveria ter deixado o governo a muito mais tempo, mais em nome da instabilidade pol\u00edtica, e pensando no munic\u00edpio, se manteve firme at\u00e9 hoje.<\/p>\n<blockquote><p>\u201c\u00c9 claro que muitos v\u00e3o se perguntar por que n\u00e3o deixei o governo antes, ai eu aproveito para lembra-los que, no primeiro ano da gest\u00e3o fui convidado para ser secret\u00e1rio, fun\u00e7\u00e3o que exerci e de certa forma iniciei um grande trabalho, reconhecido inclusive pelos nossos advers\u00e1rios, de repente passei a n\u00e3o ter mais autonomia para exercer minhas fun\u00e7\u00f5es, raz\u00e3o pela qual deixei a pasta, eu fui eleito, eu tinha um compromisso com o meu povo, e por isso fiquei at\u00e9 agora, e sempre fiel \u00e0 gest\u00e3o, mesmo sendo um vice sem qualquer poder de decis\u00e3o e \/ ou participa\u00e7\u00e3o dentro da gest\u00e3o, uma vez que a prefeita nada tratava comigo, mais nesse momento, em que as elei\u00e7\u00f5es se aproximam, n\u00e3o me sinto mais obrigado a continuar nesse papel de faz de conta, da\u00ed decidi n\u00e3o seguir a prefeita a partir de agora\u201d, explica o vice-prefeito.<\/p><\/blockquote>\n<p>\u201cEssa falta de considera\u00e7\u00e3o por parte da prefeita que eu ajudei a eleger, inclusive perdendo a elei\u00e7\u00e3o em 2012, e mesmo assim me mantendo fiel a ela, est\u00e3o entre as raz\u00f5es para eu deixar o governo, nunca fui informado sobre as decis\u00f5es a serem tomadas dentro do governo, e isso sem d\u00favida aos poucos provocou um desgaste entre n\u00f3s, as reuni\u00f5es aconteciam \u00e0s portas fechadas, eu quando sabia era por informa\u00e7\u00f5es de terceiros, nossa rela\u00e7\u00e3o \u00e9 insustent\u00e1vel, ao ponto de passarmos meses sem nenhuma comunica\u00e7\u00e3o, \u00e9 claro que a popula\u00e7\u00e3o n\u00e3o sabe disso, e n\u00e3o sabe porque sempre me mantive discreto, mais n\u00e3o d\u00e1 para continuar com essa farsa\u201d desabafou Maraj\u00e1.<\/p>\n<p>\u201cMaraj\u00e1\u201d disse ainda que, todo um projeto que foi pensado e elaborado em 2012 e em 2016 para a cidade de Cururupu, foi completamente desvirtuado, passando de um projeto de mudan\u00e7a de paradigma, para ascens\u00e3o social de apenas algumas pessoas do n\u00facleo pol\u00edtico da prefeita.<\/p>\n<blockquote><p>\u201cQuando fui secret\u00e1rio eu visitava as comunidades, os bairros, conhecia as necessidades da popula\u00e7\u00e3o, elevava o nome da gest\u00e3o, e isso suscitou uma \u201cciumeira\u201d de alguns integrantes do governo, e justi\u00e7a seja feita, at\u00e9 ent\u00e3o eu tinha autonomia para exercer minha fun\u00e7\u00e3o, a partir do momento que n\u00e3o mais pude exercer as minhas fun\u00e7\u00f5es, n\u00e3o me restou outra coisa a fazer se n\u00e3o entregar o cargo\u201d, afirma \u201cMaraj\u00e1\u201d.<\/p><\/blockquote>\n<p>De acordo com \u201cMaraj\u00e1\u201d, a partir desse momento ele come\u00e7ou a ter certeza que n\u00e3o era mais bem vindo no grupo. \u201c N\u00e3o sei quais os reais motivos para isso, pois fomos candidatos juntos enfrentamos todas as dificuldades juntos, ent\u00e3o no momento em que a prefeita assumiu o governo era esperado que houvesse pelo menos um bom di\u00e1logo, uma conversa aberta, franca, direta, e isso nunca houve infelizmente, a sensa\u00e7\u00e3o que eu tenho \u00e9 que de fato a prefeita n\u00e3o tem nenhum comando sobre sua gest\u00e3o, o que \u00e9 lament\u00e1vel\u201d, lamenta Maraj\u00e1.<\/p>\n<p>\u201cEstou saindo por uma quest\u00e3o de falta de respeito, imagine que voc\u00ea tem os seus amigos que lhe apoiaram durante a campanha e que vem a sua procura saber informa\u00e7\u00f5es sobre a gest\u00e3o e eu n\u00e3o saber dar nenhuma explica\u00e7\u00e3o sobre as decis\u00f5es que s\u00e3o tomadas dentro do governo, isso torna muito dif\u00edcil para eles acreditarem que eu como vice-prefeito n\u00e3o tenha acesso \u00e0s decis\u00f5es, mais podem acreditar, \u00e9 a mais pura verdade. Isso me trouxe muito desgastes, eu saio nas ruas o povo me perguntam e eu n\u00e3o tenho nenhuma informa\u00e7\u00e3o sobre o que est\u00e1 acontecendo dentro da gest\u00e3o do munic\u00edpio, os rumos que est\u00e3o sendo tomados, pessoas que n\u00e3o fizeram um ter\u00e7o do que fiz por Rosinha tem muito mais acesso a ela que eu\u201d, relatou.<\/p>\n<p>\u201cN\u00e3o \u00e9 poss\u00edvel que aquela pessoa aguerrida, que perdeu as elei\u00e7\u00f5es em 2012 e n\u00e3o baixou a cabe\u00e7a tenha mudado tanto, quando eu olho para tr\u00e1s e vejo no que se transformou a gest\u00e3o da prefeita professora Rosinha eu realmente fico muito triste, as promessas de campanha de 2016, o projeto de governo, nada disso sa\u00edram do papel, tudo ficou apenas no discurso, reconhe\u00e7o as dificuldades encontrada, mais isso n\u00e3o \u00e9 motivo para n\u00e3o se ter avan\u00e7ado em v\u00e1rios pontos, infelizmente, n\u00e3o se ver mudan\u00e7a relevante, principalmente nesses \u00faltimos tr\u00eas anos de gest\u00e3o, n\u00e3o basta dizer que as dificuldades s\u00e3o advindas de gest\u00f5es passadas, n\u00e3o foi para isso que ela foi eleita, vive dizendo que encontrou o munic\u00edpio quebrado, mais n\u00e3o apresenta \u00e0 sociedade esses dados, \u00e9 muito f\u00e1cil acusar gest\u00e3o passada quando n\u00e3o se apresenta os dados \u00e0 popula\u00e7\u00e3o\u201d, finalizou \u201cMaraj\u00e1\u201d.<\/p>\n<p>O vice-prefeito deve realizar nesse final de semana em sua resid\u00eancia em Cururupu uma reuni\u00e3o pol\u00edtica na presen\u00e7a de diversas lideran\u00e7as politicas locais para anunciar oficialmente o apoio ao pr\u00e9-candidato Aldo Lopes.<\/p>\n<p><img loading=\"lazy\" decoding=\"async\" src=\"https:\/\/maiobaotv.com.br\/wp-content\/uploads\/2020\/09\/images-76709169733349684676..jpg\" class=\"wp-image-14663 alignnone size-full\" width=\"554\" height=\"554\"><\/p>\n","protected":false},"excerpt":{"rendered":"<p>O atual vice-prefeito de Cururupu, Ribamar Santos, mais conhecido como \u201cMaraj\u00e1\u201d ap\u00f3s quase oito anos de parceria, \u201csentiu-se tra\u00eddo\u201d pela<\/p>\n","protected":false},"author":2,"featured_media":14666,"comment_status":"open","ping_status":"open","sticky":false,"template":"","format":"standard","meta":{"colormag_page_container_layout":"default_layout","colormag_page_sidebar_layout":"default_layout","_jetpack_memberships_contains_paid_content":false,"footnotes":""},"categories":[2],"tags":[212,213,16],"class_list":["post-14664","post","type-post","status-publish","format-standard","has-post-thumbnail","hentry","category-noticias","tag-aldo-lopes","tag-cururupu","tag-eleicoes-2020"],"magazineBlocksPostFeaturedMedia":{"thumbnail":false,"medium":false,"medium_large":false,"large":false,"1536x1536":false,"2048x2048":false,"colormag-highlighted-post":false,"colormag-featured-post-medium":false,"colormag-featured-post-small":false,"colormag-featured-image":false,"colormag-default-news":false,"colormag-featured-image-large":false},"magazineBlocksPostAuthor":{"name":"maranhaotv","avatar":"https:\/\/secure.gravatar.com\/avatar\/8fadbca458d4cb68b1dd399ae9a40618d747bb1af65ac9fad21c89220a143eb4?s=96&d=mm&r=g"},"magazineBlocksPostCommentsNumber":"0","magazineBlocksPostExcerpt":"O atual vice-prefeito de Cururupu, Ribamar Santos, mais conhecido como \u201cMaraj\u00e1\u201d ap\u00f3s quase oito anos de parceria, \u201csentiu-se tra\u00eddo\u201d pela","magazineBlocksPostCategories":["not\u00edcias"],"magazineBlocksPostViewCount":199,"magazineBlocksPostReadTime":6,"magazine_blocks_featured_image_url":{"full":false,"medium":false,"thumbnail":false},"magazine_blocks_author":{"display_name":"maranhaotv","author_link":"https:\/\/maranhaotv.com.br\/index.php\/author\/maranhaotv\/"},"magazine_blocks_comment":0,"magazine_blocks_author_image":"https:\/\/secure.gravatar.com\/avatar\/8fadbca458d4cb68b1dd399ae9a40618d747bb1af65ac9fad21c89220a143eb4?s=96&d=mm&r=g","magazine_blocks_category":"<a href=\"#\" class=\"category-link category-link-2\">not\u00edcias<\/a>","yoast_head":"<!-- This site is optimized with the Yoast SEO plugin v27.4 - https:\/\/yoast.com\/product\/yoast-seo-wordpress\/ -->\n<title>Cururupu: Vice-prefeito rompe com Rosinha e declara apoio a Aldo Lopes - NOT\u00cdCIAS EM TEMPO REAL<\/title>\n<meta name=\"robots\" content=\"index, follow, max-snippet:-1, max-image-preview:large, max-video-preview:-1\" \/>\n<link rel=\"canonical\" href=\"https:\/\/maranhaotv.com.br\/index.php\/2020\/09\/11\/cururupu-vice-prefeito-rompe-com-rosinha-e-declara-apoio-a-aldo-lopes\/\" \/>\n<meta property=\"og:locale\" content=\"pt_BR\" \/>\n<meta property=\"og:type\" content=\"article\" \/>\n<meta property=\"og:title\" content=\"Cururupu: Vice-prefeito rompe com Rosinha e declara apoio a Aldo Lopes - NOT\u00cdCIAS EM TEMPO REAL\" \/>\n<meta property=\"og:description\" content=\"O atual vice-prefeito de Cururupu, Ribamar Santos, mais conhecido como \u201cMaraj\u00e1\u201d ap\u00f3s quase oito anos de parceria, \u201csentiu-se tra\u00eddo\u201d pela\" \/>\n<meta property=\"og:url\" content=\"https:\/\/maranhaotv.com.br\/index.php\/2020\/09\/11\/cururupu-vice-prefeito-rompe-com-rosinha-e-declara-apoio-a-aldo-lopes\/\" \/>\n<meta property=\"og:site_name\" content=\"NOT\u00cdCIAS EM TEMPO REAL\" \/>\n<meta property=\"article:publisher\" content=\"https:\/\/www.facebook.com\/maiobaotv\" \/>\n<meta property=\"article:published_time\" content=\"2020-09-11T12:02:55+00:00\" \/>\n<meta name=\"author\" content=\"maranhaotv\" \/>\n<meta name=\"twitter:card\" content=\"summary_large_image\" \/>\n<meta name=\"twitter:creator\" content=\"@sitemaranhaotv\" \/>\n<meta name=\"twitter:site\" content=\"@sitemaranhaotv\" \/>\n<meta name=\"twitter:label1\" content=\"Escrito por\" \/>\n\t<meta name=\"twitter:data1\" content=\"maranhaotv\" \/>\n\t<meta name=\"twitter:label2\" content=\"Est. tempo de leitura\" \/>\n\t<meta name=\"twitter:data2\" content=\"6 minutos\" \/>\n<script type=\"application\/ld+json\" class=\"yoast-schema-graph\">{\"@context\":\"https:\\\/\\\/schema.org\",\"@graph\":[{\"@type\":\"Article\",\"@id\":\"https:\\\/\\\/maranhaotv.com.br\\\/index.php\\\/2020\\\/09\\\/11\\\/cururupu-vice-prefeito-rompe-com-rosinha-e-declara-apoio-a-aldo-lopes\\\/#article\",\"isPartOf\":{\"@id\":\"https:\\\/\\\/maranhaotv.com.br\\\/index.php\\\/2020\\\/09\\\/11\\\/cururupu-vice-prefeito-rompe-com-rosinha-e-declara-apoio-a-aldo-lopes\\\/\"},\"author\":{\"name\":\"maranhaotv\",\"@id\":\"https:\\\/\\\/maranhaotv.com.br\\\/#\\\/schema\\\/person\\\/3d54238e86b20bb5c89ab2fdb8f8829a\"},\"headline\":\"Cururupu: Vice-prefeito rompe com Rosinha e declara apoio a Aldo Lopes\",\"datePublished\":\"2020-09-11T12:02:55+00:00\",\"mainEntityOfPage\":{\"@id\":\"https:\\\/\\\/maranhaotv.com.br\\\/index.php\\\/2020\\\/09\\\/11\\\/cururupu-vice-prefeito-rompe-com-rosinha-e-declara-apoio-a-aldo-lopes\\\/\"},\"wordCount\":1141,\"commentCount\":0,\"publisher\":{\"@id\":\"https:\\\/\\\/maranhaotv.com.br\\\/#organization\"},\"image\":{\"@id\":\"https:\\\/\\\/maranhaotv.com.br\\\/index.php\\\/2020\\\/09\\\/11\\\/cururupu-vice-prefeito-rompe-com-rosinha-e-declara-apoio-a-aldo-lopes\\\/#primaryimage\"},\"thumbnailUrl\":\"\",\"keywords\":[\"Aldo Lopes\",\"Cururupu\",\"Elei\u00e7\u00f5es 2020\"],\"articleSection\":[\"not\u00edcias\"],\"inLanguage\":\"pt-BR\",\"potentialAction\":[{\"@type\":\"CommentAction\",\"name\":\"Comment\",\"target\":[\"https:\\\/\\\/maranhaotv.com.br\\\/index.php\\\/2020\\\/09\\\/11\\\/cururupu-vice-prefeito-rompe-com-rosinha-e-declara-apoio-a-aldo-lopes\\\/#respond\"]}]},{\"@type\":\"WebPage\",\"@id\":\"https:\\\/\\\/maranhaotv.com.br\\\/index.php\\\/2020\\\/09\\\/11\\\/cururupu-vice-prefeito-rompe-com-rosinha-e-declara-apoio-a-aldo-lopes\\\/\",\"url\":\"https:\\\/\\\/maranhaotv.com.br\\\/index.php\\\/2020\\\/09\\\/11\\\/cururupu-vice-prefeito-rompe-com-rosinha-e-declara-apoio-a-aldo-lopes\\\/\",\"name\":\"Cururupu: Vice-prefeito rompe com Rosinha e declara apoio a Aldo Lopes - NOT\u00cdCIAS EM TEMPO REAL\",\"isPartOf\":{\"@id\":\"https:\\\/\\\/maranhaotv.com.br\\\/#website\"},\"primaryImageOfPage\":{\"@id\":\"https:\\\/\\\/maranhaotv.com.br\\\/index.php\\\/2020\\\/09\\\/11\\\/cururupu-vice-prefeito-rompe-com-rosinha-e-declara-apoio-a-aldo-lopes\\\/#primaryimage\"},\"image\":{\"@id\":\"https:\\\/\\\/maranhaotv.com.br\\\/index.php\\\/2020\\\/09\\\/11\\\/cururupu-vice-prefeito-rompe-com-rosinha-e-declara-apoio-a-aldo-lopes\\\/#primaryimage\"},\"thumbnailUrl\":\"\",\"datePublished\":\"2020-09-11T12:02:55+00:00\",\"breadcrumb\":{\"@id\":\"https:\\\/\\\/maranhaotv.com.br\\\/index.php\\\/2020\\\/09\\\/11\\\/cururupu-vice-prefeito-rompe-com-rosinha-e-declara-apoio-a-aldo-lopes\\\/#breadcrumb\"},\"inLanguage\":\"pt-BR\",\"potentialAction\":[{\"@type\":\"ReadAction\",\"target\":[\"https:\\\/\\\/maranhaotv.com.br\\\/index.php\\\/2020\\\/09\\\/11\\\/cururupu-vice-prefeito-rompe-com-rosinha-e-declara-apoio-a-aldo-lopes\\\/\"]}]},{\"@type\":\"ImageObject\",\"inLanguage\":\"pt-BR\",\"@id\":\"https:\\\/\\\/maranhaotv.com.br\\\/index.php\\\/2020\\\/09\\\/11\\\/cururupu-vice-prefeito-rompe-com-rosinha-e-declara-apoio-a-aldo-lopes\\\/#primaryimage\",\"url\":\"\",\"contentUrl\":\"\"},{\"@type\":\"BreadcrumbList\",\"@id\":\"https:\\\/\\\/maranhaotv.com.br\\\/index.php\\\/2020\\\/09\\\/11\\\/cururupu-vice-prefeito-rompe-com-rosinha-e-declara-apoio-a-aldo-lopes\\\/#breadcrumb\",\"itemListElement\":[{\"@type\":\"ListItem\",\"position\":1,\"name\":\"In\u00edcio\",\"item\":\"https:\\\/\\\/maranhaotv.com.br\\\/\"},{\"@type\":\"ListItem\",\"position\":2,\"name\":\"Cururupu: Vice-prefeito rompe com Rosinha e declara apoio a Aldo Lopes\"}]},{\"@type\":\"WebSite\",\"@id\":\"https:\\\/\\\/maranhaotv.com.br\\\/#website\",\"url\":\"https:\\\/\\\/maranhaotv.com.br\\\/\",\"name\":\"Maranh\u00e3oTV\",\"description\":\"\",\"publisher\":{\"@id\":\"https:\\\/\\\/maranhaotv.com.br\\\/#organization\"},\"potentialAction\":[{\"@type\":\"SearchAction\",\"target\":{\"@type\":\"EntryPoint\",\"urlTemplate\":\"https:\\\/\\\/maranhaotv.com.br\\\/?s={search_term_string}\"},\"query-input\":{\"@type\":\"PropertyValueSpecification\",\"valueRequired\":true,\"valueName\":\"search_term_string\"}}],\"inLanguage\":\"pt-BR\"},{\"@type\":\"Organization\",\"@id\":\"https:\\\/\\\/maranhaotv.com.br\\\/#organization\",\"name\":\"Portal de Not\u00edcias\",\"url\":\"https:\\\/\\\/maranhaotv.com.br\\\/\",\"logo\":{\"@type\":\"ImageObject\",\"inLanguage\":\"pt-BR\",\"@id\":\"https:\\\/\\\/maranhaotv.com.br\\\/#\\\/schema\\\/logo\\\/image\\\/\",\"url\":\"https:\\\/\\\/maranhaotv.com.br\\\/wp-content\\\/uploads\\\/2024\\\/05\\\/cropped-cropped-avatar-1.png\",\"contentUrl\":\"https:\\\/\\\/maranhaotv.com.br\\\/wp-content\\\/uploads\\\/2024\\\/05\\\/cropped-cropped-avatar-1.png\",\"width\":792,\"height\":428,\"caption\":\"Portal de Not\u00edcias\"},\"image\":{\"@id\":\"https:\\\/\\\/maranhaotv.com.br\\\/#\\\/schema\\\/logo\\\/image\\\/\"},\"sameAs\":[\"https:\\\/\\\/www.facebook.com\\\/maiobaotv\",\"https:\\\/\\\/x.com\\\/sitemaranhaotv\",\"https:\\\/\\\/www.instagram.com\\\/maranhao.tv\",\"https:\\\/\\\/www.threads.net\\\/@maranhao.tv\"]},{\"@type\":\"Person\",\"@id\":\"https:\\\/\\\/maranhaotv.com.br\\\/#\\\/schema\\\/person\\\/3d54238e86b20bb5c89ab2fdb8f8829a\",\"name\":\"maranhaotv\",\"image\":{\"@type\":\"ImageObject\",\"inLanguage\":\"pt-BR\",\"@id\":\"https:\\\/\\\/secure.gravatar.com\\\/avatar\\\/8fadbca458d4cb68b1dd399ae9a40618d747bb1af65ac9fad21c89220a143eb4?s=96&d=mm&r=g\",\"url\":\"https:\\\/\\\/secure.gravatar.com\\\/avatar\\\/8fadbca458d4cb68b1dd399ae9a40618d747bb1af65ac9fad21c89220a143eb4?s=96&d=mm&r=g\",\"contentUrl\":\"https:\\\/\\\/secure.gravatar.com\\\/avatar\\\/8fadbca458d4cb68b1dd399ae9a40618d747bb1af65ac9fad21c89220a143eb4?s=96&d=mm&r=g\",\"caption\":\"maranhaotv\"},\"sameAs\":[\"https:\\\/\\\/maranhaotv.com.br\\\/\"],\"url\":\"https:\\\/\\\/maranhaotv.com.br\\\/index.php\\\/author\\\/maranhaotv\\\/\"}]}<\/script>\n<!-- \/ Yoast SEO plugin. -->","yoast_head_json":{"title":"Cururupu: Vice-prefeito rompe com Rosinha e declara apoio a Aldo Lopes - NOT\u00cdCIAS EM TEMPO REAL","robots":{"index":"index","follow":"follow","max-snippet":"max-snippet:-1","max-image-preview":"max-image-preview:large","max-video-preview":"max-video-preview:-1"},"canonical":"https:\/\/maranhaotv.com.br\/index.php\/2020\/09\/11\/cururupu-vice-prefeito-rompe-com-rosinha-e-declara-apoio-a-aldo-lopes\/","og_locale":"pt_BR","og_type":"article","og_title":"Cururupu: Vice-prefeito rompe com Rosinha e declara apoio a Aldo Lopes - NOT\u00cdCIAS EM TEMPO REAL","og_description":"O atual vice-prefeito de Cururupu, Ribamar Santos, mais conhecido como \u201cMaraj\u00e1\u201d ap\u00f3s quase oito anos de parceria, \u201csentiu-se tra\u00eddo\u201d pela","og_url":"https:\/\/maranhaotv.com.br\/index.php\/2020\/09\/11\/cururupu-vice-prefeito-rompe-com-rosinha-e-declara-apoio-a-aldo-lopes\/","og_site_name":"NOT\u00cdCIAS EM TEMPO REAL","article_publisher":"https:\/\/www.facebook.com\/maiobaotv","article_published_time":"2020-09-11T12:02:55+00:00","author":"maranhaotv","twitter_card":"summary_large_image","twitter_creator":"@sitemaranhaotv","twitter_site":"@sitemaranhaotv","twitter_misc":{"Escrito por":"maranhaotv","Est. tempo de leitura":"6 minutos"},"schema":{"@context":"https:\/\/schema.org","@graph":[{"@type":"Article","@id":"https:\/\/maranhaotv.com.br\/index.php\/2020\/09\/11\/cururupu-vice-prefeito-rompe-com-rosinha-e-declara-apoio-a-aldo-lopes\/#article","isPartOf":{"@id":"https:\/\/maranhaotv.com.br\/index.php\/2020\/09\/11\/cururupu-vice-prefeito-rompe-com-rosinha-e-declara-apoio-a-aldo-lopes\/"},"author":{"name":"maranhaotv","@id":"https:\/\/maranhaotv.com.br\/#\/schema\/person\/3d54238e86b20bb5c89ab2fdb8f8829a"},"headline":"Cururupu: Vice-prefeito rompe com Rosinha e declara apoio a Aldo Lopes","datePublished":"2020-09-11T12:02:55+00:00","mainEntityOfPage":{"@id":"https:\/\/maranhaotv.com.br\/index.php\/2020\/09\/11\/cururupu-vice-prefeito-rompe-com-rosinha-e-declara-apoio-a-aldo-lopes\/"},"wordCount":1141,"commentCount":0,"publisher":{"@id":"https:\/\/maranhaotv.com.br\/#organization"},"image":{"@id":"https:\/\/maranhaotv.com.br\/index.php\/2020\/09\/11\/cururupu-vice-prefeito-rompe-com-rosinha-e-declara-apoio-a-aldo-lopes\/#primaryimage"},"thumbnailUrl":"","keywords":["Aldo Lopes","Cururupu","Elei\u00e7\u00f5es 2020"],"articleSection":["not\u00edcias"],"inLanguage":"pt-BR","potentialAction":[{"@type":"CommentAction","name":"Comment","target":["https:\/\/maranhaotv.com.br\/index.php\/2020\/09\/11\/cururupu-vice-prefeito-rompe-com-rosinha-e-declara-apoio-a-aldo-lopes\/#respond"]}]},{"@type":"WebPage","@id":"https:\/\/maranhaotv.com.br\/index.php\/2020\/09\/11\/cururupu-vice-prefeito-rompe-com-rosinha-e-declara-apoio-a-aldo-lopes\/","url":"https:\/\/maranhaotv.com.br\/index.php\/2020\/09\/11\/cururupu-vice-prefeito-rompe-com-rosinha-e-declara-apoio-a-aldo-lopes\/","name":"Cururupu: Vice-prefeito rompe com Rosinha e declara apoio a Aldo Lopes - NOT\u00cdCIAS EM TEMPO REAL","isPartOf":{"@id":"https:\/\/maranhaotv.com.br\/#website"},"primaryImageOfPage":{"@id":"https:\/\/maranhaotv.com.br\/index.php\/2020\/09\/11\/cururupu-vice-prefeito-rompe-com-rosinha-e-declara-apoio-a-aldo-lopes\/#primaryimage"},"image":{"@id":"https:\/\/maranhaotv.com.br\/index.php\/2020\/09\/11\/cururupu-vice-prefeito-rompe-com-rosinha-e-declara-apoio-a-aldo-lopes\/#primaryimage"},"thumbnailUrl":"","datePublished":"2020-09-11T12:02:55+00:00","breadcrumb":{"@id":"https:\/\/maranhaotv.com.br\/index.php\/2020\/09\/11\/cururupu-vice-prefeito-rompe-com-rosinha-e-declara-apoio-a-aldo-lopes\/#breadcrumb"},"inLanguage":"pt-BR","potentialAction":[{"@type":"ReadAction","target":["https:\/\/maranhaotv.com.br\/index.php\/2020\/09\/11\/cururupu-vice-prefeito-rompe-com-rosinha-e-declara-apoio-a-aldo-lopes\/"]}]},{"@type":"ImageObject","inLanguage":"pt-BR","@id":"https:\/\/maranhaotv.com.br\/index.php\/2020\/09\/11\/cururupu-vice-prefeito-rompe-com-rosinha-e-declara-apoio-a-aldo-lopes\/#primaryimage","url":"","contentUrl":""},{"@type":"BreadcrumbList","@id":"https:\/\/maranhaotv.com.br\/index.php\/2020\/09\/11\/cururupu-vice-prefeito-rompe-com-rosinha-e-declara-apoio-a-aldo-lopes\/#breadcrumb","itemListElement":[{"@type":"ListItem","position":1,"name":"In\u00edcio","item":"https:\/\/maranhaotv.com.br\/"},{"@type":"ListItem","position":2,"name":"Cururupu: Vice-prefeito rompe com Rosinha e declara apoio a Aldo Lopes"}]},{"@type":"WebSite","@id":"https:\/\/maranhaotv.com.br\/#website","url":"https:\/\/maranhaotv.com.br\/","name":"Maranh\u00e3oTV","description":"","publisher":{"@id":"https:\/\/maranhaotv.com.br\/#organization"},"potentialAction":[{"@type":"SearchAction","target":{"@type":"EntryPoint","urlTemplate":"https:\/\/maranhaotv.com.br\/?s={search_term_string}"},"query-input":{"@type":"PropertyValueSpecification","valueRequired":true,"valueName":"search_term_string"}}],"inLanguage":"pt-BR"},{"@type":"Organization","@id":"https:\/\/maranhaotv.com.br\/#organization","name":"Portal de Not\u00edcias","url":"https:\/\/maranhaotv.com.br\/","logo":{"@type":"ImageObject","inLanguage":"pt-BR","@id":"https:\/\/maranhaotv.com.br\/#\/schema\/logo\/image\/","url":"https:\/\/maranhaotv.com.br\/wp-content\/uploads\/2024\/05\/cropped-cropped-avatar-1.png","contentUrl":"https:\/\/maranhaotv.com.br\/wp-content\/uploads\/2024\/05\/cropped-cropped-avatar-1.png","width":792,"height":428,"caption":"Portal de Not\u00edcias"},"image":{"@id":"https:\/\/maranhaotv.com.br\/#\/schema\/logo\/image\/"},"sameAs":["https:\/\/www.facebook.com\/maiobaotv","https:\/\/x.com\/sitemaranhaotv","https:\/\/www.instagram.com\/maranhao.tv","https:\/\/www.threads.net\/@maranhao.tv"]},{"@type":"Person","@id":"https:\/\/maranhaotv.com.br\/#\/schema\/person\/3d54238e86b20bb5c89ab2fdb8f8829a","name":"maranhaotv","image":{"@type":"ImageObject","inLanguage":"pt-BR","@id":"https:\/\/secure.gravatar.com\/avatar\/8fadbca458d4cb68b1dd399ae9a40618d747bb1af65ac9fad21c89220a143eb4?s=96&d=mm&r=g","url":"https:\/\/secure.gravatar.com\/avatar\/8fadbca458d4cb68b1dd399ae9a40618d747bb1af65ac9fad21c89220a143eb4?s=96&d=mm&r=g","contentUrl":"https:\/\/secure.gravatar.com\/avatar\/8fadbca458d4cb68b1dd399ae9a40618d747bb1af65ac9fad21c89220a143eb4?s=96&d=mm&r=g","caption":"maranhaotv"},"sameAs":["https:\/\/maranhaotv.com.br\/"],"url":"https:\/\/maranhaotv.com.br\/index.php\/author\/maranhaotv\/"}]}},"jetpack_featured_media_url":"","jetpack_sharing_enabled":true,"_links":{"self":[{"href":"https:\/\/maranhaotv.com.br\/index.php\/wp-json\/wp\/v2\/posts\/14664","targetHints":{"allow":["GET"]}}],"collection":[{"href":"https:\/\/maranhaotv.com.br\/index.php\/wp-json\/wp\/v2\/posts"}],"about":[{"href":"https:\/\/maranhaotv.com.br\/index.php\/wp-json\/wp\/v2\/types\/post"}],"author":[{"embeddable":true,"href":"https:\/\/maranhaotv.com.br\/index.php\/wp-json\/wp\/v2\/users\/2"}],"replies":[{"embeddable":true,"href":"https:\/\/maranhaotv.com.br\/index.php\/wp-json\/wp\/v2\/comments?post=14664"}],"version-history":[{"count":0,"href":"https:\/\/maranhaotv.com.br\/index.php\/wp-json\/wp\/v2\/posts\/14664\/revisions"}],"wp:featuredmedia":[{"embeddable":true,"href":"https:\/\/maranhaotv.com.br\/index.php\/wp-json\/"}],"wp:attachment":[{"href":"https:\/\/maranhaotv.com.br\/index.php\/wp-json\/wp\/v2\/media?parent=14664"}],"wp:term":[{"taxonomy":"category","embeddable":true,"href":"https:\/\/maranhaotv.com.br\/index.php\/wp-json\/wp\/v2\/categories?post=14664"},{"taxonomy":"post_tag","embeddable":true,"href":"https:\/\/maranhaotv.com.br\/index.php\/wp-json\/wp\/v2\/tags?post=14664"}],"curies":[{"name":"wp","href":"https:\/\/api.w.org\/{rel}","templated":true}]}}