{"id":14686,"date":"2020-09-11T18:40:42","date_gmt":"2020-09-11T21:40:42","guid":{"rendered":"https:\/\/maiobaotv.com.br\/?p=14686"},"modified":"2020-09-11T18:40:42","modified_gmt":"2020-09-11T21:40:42","slug":"braide-levou-o-psdb-mas-nao-levou-os-votos-nem-meu-apoio-politico-diz-wellington-do-curso","status":"publish","type":"post","link":"https:\/\/maranhaotv.com.br\/index.php\/2020\/09\/11\/braide-levou-o-psdb-mas-nao-levou-os-votos-nem-meu-apoio-politico-diz-wellington-do-curso\/","title":{"rendered":"\u201cBraide levou o PSDB, mas n\u00e3o levou os votos nem meu apoio pol\u00edtico\u201d, diz Wellington do Curso"},"content":{"rendered":"<p>Entre a covardia e a trai\u00e7\u00e3o praticadas pelo presidente do PSDB no Maranh\u00e3o, senador Roberto Rocha, o apoio das ruas para o deputado Wellington do Curso vem crescendo. A popula\u00e7\u00e3o, que antes tinha mais um candidato como op\u00e7\u00e3o, tem se solidarizado ao Wellington do Curso, em virtude da forma cruel como foi tra\u00eddo e do seu hist\u00f3rico \u00edntegro, independente e honesto na pol\u00edtica.<\/p>\n<p>Ao serem consultadas sobre a decis\u00e3o do PSDB de apoiar o ent\u00e3o candidato Eduardo Braide, pessoas tem afirmado permanecer com Wellington do Curso, apoiando, portanto, qualquer decis\u00e3o pol\u00edtica que ele adotar.<\/p>\n<blockquote><p>\u201cA gente vota no Wellington e n\u00e3o em Partido. Quem ele for apoiar, pode contar comigo. E acredito que pode contar com todos os seus eleitores, que s\u00e3o eleitores que sabem o que querem para a nossa cidade.\u201d, disse Francisco Freitas, comerciante na Cidade Oper\u00e1ria.<\/p><\/blockquote>\n<p>Sobre todo o carinho e apoio que tem recebido nas ruas, Wellington do Curso afirmou seguir firme e disse que jamais desistir\u00e1 de uma S\u00e3o Lu\u00eds melhor.<\/p>\n<blockquote><p>\u201cA diferen\u00e7a entre quem trabalha e quem apenas aparece em \u00e9poca de elei\u00e7\u00e3o \u00e9 exatamente essa: o nosso apoio vem das ruas, \u00e9 gratuito. N\u00e3o \u00e9 algo comprado. Receber esse carinho em um momento t\u00e3o dif\u00edcil \u00e9 o que nos motiva a seguir firmes na luta por uma S\u00e3o Lu\u00eds melhor. Braide levou o PSDB, mas n\u00e3o levou os votos nem meu apoio pol\u00edtico. Estaremos na luta sim por uma S\u00e3o Lu\u00eds melhor. Nenhuma trai\u00e7\u00e3o, covardia ou outra articula\u00e7\u00e3o ser\u00e1 capaz de nos fazer decepcionar quem acredita em nosso trabalho. N\u00e3o vamos desistir de S\u00e3o Lu\u00eds!\u201d, disse Wellington do Curso.<\/p><\/blockquote>\n<p>Recentemente, Wellington do Curso levou uma rasteira do senador Roberto Rocha, que n\u00e3o aceitou liber\u00e1-lo para se filiar a outro Partido e prometeu que ele seria o candidato a prefeito em S\u00e3o Lu\u00eds, mudando de ideia e decidindo apoiar outro na disputa eleitoral. A trai\u00e7\u00e3o foi feita mesmo com o bom desempenho de Wellington do curso, que oscilava em todas as pesquisas entre o 2\u00ba e 3\u00ba colocado nas pesquisas de inten\u00e7\u00e3o de votos.<\/p>\n<div class=\"jetpack-video-wrapper\"><iframe loading=\"lazy\" title=\"Wellington do Curso\" width=\"800\" height=\"600\" src=\"https:\/\/www.youtube.com\/embed\/qTJoyvCI6uE?feature=oembed\" frameborder=\"0\" allow=\"accelerometer; autoplay; clipboard-write; encrypted-media; gyroscope; picture-in-picture; web-share\" referrerpolicy=\"strict-origin-when-cross-origin\" allowfullscreen><\/iframe><\/div>\n","protected":false},"excerpt":{"rendered":"<p>Entre a covardia e a trai\u00e7\u00e3o praticadas pelo presidente do PSDB no Maranh\u00e3o, senador Roberto Rocha, o apoio das ruas<\/p>\n","protected":false},"author":2,"featured_media":14685,"comment_status":"open","ping_status":"open","sticky":false,"template":"","format":"standard","meta":{"colormag_page_container_layout":"default_layout","colormag_page_sidebar_layout":"default_layout","_jetpack_memberships_contains_paid_content":false,"footnotes":""},"categories":[2,6],"tags":[77,16,22],"class_list":["post-14686","post","type-post","status-publish","format-standard","has-post-thumbnail","hentry","category-noticias","category-politica","tag-eduardo-braide","tag-eleicoes-2020","tag-wellington-do-curso"],"magazineBlocksPostFeaturedMedia":{"thumbnail":false,"medium":false,"medium_large":false,"large":false,"1536x1536":false,"2048x2048":false,"colormag-highlighted-post":false,"colormag-featured-post-medium":false,"colormag-featured-post-small":false,"colormag-featured-image":false,"colormag-default-news":false,"colormag-featured-image-large":false},"magazineBlocksPostAuthor":{"name":"maranhaotv","avatar":"https:\/\/secure.gravatar.com\/avatar\/8fadbca458d4cb68b1dd399ae9a40618d747bb1af65ac9fad21c89220a143eb4?s=96&d=mm&r=g"},"magazineBlocksPostCommentsNumber":"0","magazineBlocksPostExcerpt":"Entre a covardia e a trai\u00e7\u00e3o praticadas pelo presidente do PSDB no Maranh\u00e3o, senador Roberto Rocha, o apoio das ruas","magazineBlocksPostCategories":["not\u00edcias","pol\u00edtica"],"magazineBlocksPostViewCount":141,"magazineBlocksPostReadTime":2,"magazine_blocks_featured_image_url":{"full":false,"medium":false,"thumbnail":false},"magazine_blocks_author":{"display_name":"maranhaotv","author_link":"https:\/\/maranhaotv.com.br\/index.php\/author\/maranhaotv\/"},"magazine_blocks_comment":0,"magazine_blocks_author_image":"https:\/\/secure.gravatar.com\/avatar\/8fadbca458d4cb68b1dd399ae9a40618d747bb1af65ac9fad21c89220a143eb4?s=96&d=mm&r=g","magazine_blocks_category":"<a href=\"#\" class=\"category-link category-link-2\">not\u00edcias<\/a> <a href=\"#\" class=\"category-link category-link-6\">pol\u00edtica<\/a>","yoast_head":"<!-- This site is optimized with the Yoast SEO plugin v27.4 - https:\/\/yoast.com\/product\/yoast-seo-wordpress\/ -->\n<title>\u201cBraide levou o PSDB, mas n\u00e3o levou os votos nem meu apoio pol\u00edtico\u201d, diz Wellington do Curso - NOT\u00cdCIAS EM TEMPO REAL<\/title>\n<meta name=\"robots\" content=\"index, follow, max-snippet:-1, max-image-preview:large, max-video-preview:-1\" \/>\n<link rel=\"canonical\" href=\"https:\/\/maranhaotv.com.br\/index.php\/2020\/09\/11\/braide-levou-o-psdb-mas-nao-levou-os-votos-nem-meu-apoio-politico-diz-wellington-do-curso\/\" \/>\n<meta property=\"og:locale\" content=\"pt_BR\" \/>\n<meta property=\"og:type\" content=\"article\" \/>\n<meta property=\"og:title\" content=\"\u201cBraide levou o PSDB, mas n\u00e3o levou os votos nem meu apoio pol\u00edtico\u201d, diz Wellington do Curso - NOT\u00cdCIAS EM TEMPO REAL\" \/>\n<meta property=\"og:description\" content=\"Entre a covardia e a trai\u00e7\u00e3o praticadas pelo presidente do PSDB no Maranh\u00e3o, senador Roberto Rocha, o apoio das ruas\" \/>\n<meta property=\"og:url\" content=\"https:\/\/maranhaotv.com.br\/index.php\/2020\/09\/11\/braide-levou-o-psdb-mas-nao-levou-os-votos-nem-meu-apoio-politico-diz-wellington-do-curso\/\" \/>\n<meta property=\"og:site_name\" content=\"NOT\u00cdCIAS EM TEMPO REAL\" \/>\n<meta property=\"article:publisher\" content=\"https:\/\/www.facebook.com\/maiobaotv\" \/>\n<meta property=\"article:published_time\" content=\"2020-09-11T21:40:42+00:00\" \/>\n<meta name=\"author\" content=\"maranhaotv\" \/>\n<meta name=\"twitter:card\" content=\"summary_large_image\" \/>\n<meta name=\"twitter:creator\" content=\"@sitemaranhaotv\" \/>\n<meta name=\"twitter:site\" content=\"@sitemaranhaotv\" \/>\n<meta name=\"twitter:label1\" content=\"Escrito por\" \/>\n\t<meta name=\"twitter:data1\" content=\"maranhaotv\" \/>\n\t<meta name=\"twitter:label2\" content=\"Est. tempo de leitura\" \/>\n\t<meta name=\"twitter:data2\" content=\"2 minutos\" \/>\n<script type=\"application\/ld+json\" class=\"yoast-schema-graph\">{\"@context\":\"https:\\\/\\\/schema.org\",\"@graph\":[{\"@type\":\"Article\",\"@id\":\"https:\\\/\\\/maranhaotv.com.br\\\/index.php\\\/2020\\\/09\\\/11\\\/braide-levou-o-psdb-mas-nao-levou-os-votos-nem-meu-apoio-politico-diz-wellington-do-curso\\\/#article\",\"isPartOf\":{\"@id\":\"https:\\\/\\\/maranhaotv.com.br\\\/index.php\\\/2020\\\/09\\\/11\\\/braide-levou-o-psdb-mas-nao-levou-os-votos-nem-meu-apoio-politico-diz-wellington-do-curso\\\/\"},\"author\":{\"name\":\"maranhaotv\",\"@id\":\"https:\\\/\\\/maranhaotv.com.br\\\/#\\\/schema\\\/person\\\/3d54238e86b20bb5c89ab2fdb8f8829a\"},\"headline\":\"\u201cBraide levou o PSDB, mas n\u00e3o levou os votos nem meu apoio pol\u00edtico\u201d, diz Wellington do Curso\",\"datePublished\":\"2020-09-11T21:40:42+00:00\",\"mainEntityOfPage\":{\"@id\":\"https:\\\/\\\/maranhaotv.com.br\\\/index.php\\\/2020\\\/09\\\/11\\\/braide-levou-o-psdb-mas-nao-levou-os-votos-nem-meu-apoio-politico-diz-wellington-do-curso\\\/\"},\"wordCount\":396,\"commentCount\":0,\"publisher\":{\"@id\":\"https:\\\/\\\/maranhaotv.com.br\\\/#organization\"},\"image\":{\"@id\":\"https:\\\/\\\/maranhaotv.com.br\\\/index.php\\\/2020\\\/09\\\/11\\\/braide-levou-o-psdb-mas-nao-levou-os-votos-nem-meu-apoio-politico-diz-wellington-do-curso\\\/#primaryimage\"},\"thumbnailUrl\":\"\",\"keywords\":[\"Eduardo Braide\",\"Elei\u00e7\u00f5es 2020\",\"Wellington do Curso\"],\"articleSection\":[\"not\u00edcias\",\"pol\u00edtica\"],\"inLanguage\":\"pt-BR\",\"potentialAction\":[{\"@type\":\"CommentAction\",\"name\":\"Comment\",\"target\":[\"https:\\\/\\\/maranhaotv.com.br\\\/index.php\\\/2020\\\/09\\\/11\\\/braide-levou-o-psdb-mas-nao-levou-os-votos-nem-meu-apoio-politico-diz-wellington-do-curso\\\/#respond\"]}]},{\"@type\":\"WebPage\",\"@id\":\"https:\\\/\\\/maranhaotv.com.br\\\/index.php\\\/2020\\\/09\\\/11\\\/braide-levou-o-psdb-mas-nao-levou-os-votos-nem-meu-apoio-politico-diz-wellington-do-curso\\\/\",\"url\":\"https:\\\/\\\/maranhaotv.com.br\\\/index.php\\\/2020\\\/09\\\/11\\\/braide-levou-o-psdb-mas-nao-levou-os-votos-nem-meu-apoio-politico-diz-wellington-do-curso\\\/\",\"name\":\"\u201cBraide levou o PSDB, mas n\u00e3o levou os votos nem meu apoio pol\u00edtico\u201d, diz Wellington do Curso - NOT\u00cdCIAS EM TEMPO REAL\",\"isPartOf\":{\"@id\":\"https:\\\/\\\/maranhaotv.com.br\\\/#website\"},\"primaryImageOfPage\":{\"@id\":\"https:\\\/\\\/maranhaotv.com.br\\\/index.php\\\/2020\\\/09\\\/11\\\/braide-levou-o-psdb-mas-nao-levou-os-votos-nem-meu-apoio-politico-diz-wellington-do-curso\\\/#primaryimage\"},\"image\":{\"@id\":\"https:\\\/\\\/maranhaotv.com.br\\\/index.php\\\/2020\\\/09\\\/11\\\/braide-levou-o-psdb-mas-nao-levou-os-votos-nem-meu-apoio-politico-diz-wellington-do-curso\\\/#primaryimage\"},\"thumbnailUrl\":\"\",\"datePublished\":\"2020-09-11T21:40:42+00:00\",\"breadcrumb\":{\"@id\":\"https:\\\/\\\/maranhaotv.com.br\\\/index.php\\\/2020\\\/09\\\/11\\\/braide-levou-o-psdb-mas-nao-levou-os-votos-nem-meu-apoio-politico-diz-wellington-do-curso\\\/#breadcrumb\"},\"inLanguage\":\"pt-BR\",\"potentialAction\":[{\"@type\":\"ReadAction\",\"target\":[\"https:\\\/\\\/maranhaotv.com.br\\\/index.php\\\/2020\\\/09\\\/11\\\/braide-levou-o-psdb-mas-nao-levou-os-votos-nem-meu-apoio-politico-diz-wellington-do-curso\\\/\"]}]},{\"@type\":\"ImageObject\",\"inLanguage\":\"pt-BR\",\"@id\":\"https:\\\/\\\/maranhaotv.com.br\\\/index.php\\\/2020\\\/09\\\/11\\\/braide-levou-o-psdb-mas-nao-levou-os-votos-nem-meu-apoio-politico-diz-wellington-do-curso\\\/#primaryimage\",\"url\":\"\",\"contentUrl\":\"\"},{\"@type\":\"BreadcrumbList\",\"@id\":\"https:\\\/\\\/maranhaotv.com.br\\\/index.php\\\/2020\\\/09\\\/11\\\/braide-levou-o-psdb-mas-nao-levou-os-votos-nem-meu-apoio-politico-diz-wellington-do-curso\\\/#breadcrumb\",\"itemListElement\":[{\"@type\":\"ListItem\",\"position\":1,\"name\":\"In\u00edcio\",\"item\":\"https:\\\/\\\/maranhaotv.com.br\\\/\"},{\"@type\":\"ListItem\",\"position\":2,\"name\":\"\u201cBraide levou o PSDB, mas n\u00e3o levou os votos nem meu apoio pol\u00edtico\u201d, diz Wellington do Curso\"}]},{\"@type\":\"WebSite\",\"@id\":\"https:\\\/\\\/maranhaotv.com.br\\\/#website\",\"url\":\"https:\\\/\\\/maranhaotv.com.br\\\/\",\"name\":\"Maranh\u00e3oTV\",\"description\":\"\",\"publisher\":{\"@id\":\"https:\\\/\\\/maranhaotv.com.br\\\/#organization\"},\"potentialAction\":[{\"@type\":\"SearchAction\",\"target\":{\"@type\":\"EntryPoint\",\"urlTemplate\":\"https:\\\/\\\/maranhaotv.com.br\\\/?s={search_term_string}\"},\"query-input\":{\"@type\":\"PropertyValueSpecification\",\"valueRequired\":true,\"valueName\":\"search_term_string\"}}],\"inLanguage\":\"pt-BR\"},{\"@type\":\"Organization\",\"@id\":\"https:\\\/\\\/maranhaotv.com.br\\\/#organization\",\"name\":\"Portal de Not\u00edcias\",\"url\":\"https:\\\/\\\/maranhaotv.com.br\\\/\",\"logo\":{\"@type\":\"ImageObject\",\"inLanguage\":\"pt-BR\",\"@id\":\"https:\\\/\\\/maranhaotv.com.br\\\/#\\\/schema\\\/logo\\\/image\\\/\",\"url\":\"https:\\\/\\\/maranhaotv.com.br\\\/wp-content\\\/uploads\\\/2024\\\/05\\\/cropped-cropped-avatar-1.png\",\"contentUrl\":\"https:\\\/\\\/maranhaotv.com.br\\\/wp-content\\\/uploads\\\/2024\\\/05\\\/cropped-cropped-avatar-1.png\",\"width\":792,\"height\":428,\"caption\":\"Portal de Not\u00edcias\"},\"image\":{\"@id\":\"https:\\\/\\\/maranhaotv.com.br\\\/#\\\/schema\\\/logo\\\/image\\\/\"},\"sameAs\":[\"https:\\\/\\\/www.facebook.com\\\/maiobaotv\",\"https:\\\/\\\/x.com\\\/sitemaranhaotv\",\"https:\\\/\\\/www.instagram.com\\\/maranhao.tv\",\"https:\\\/\\\/www.threads.net\\\/@maranhao.tv\"]},{\"@type\":\"Person\",\"@id\":\"https:\\\/\\\/maranhaotv.com.br\\\/#\\\/schema\\\/person\\\/3d54238e86b20bb5c89ab2fdb8f8829a\",\"name\":\"maranhaotv\",\"image\":{\"@type\":\"ImageObject\",\"inLanguage\":\"pt-BR\",\"@id\":\"https:\\\/\\\/secure.gravatar.com\\\/avatar\\\/8fadbca458d4cb68b1dd399ae9a40618d747bb1af65ac9fad21c89220a143eb4?s=96&d=mm&r=g\",\"url\":\"https:\\\/\\\/secure.gravatar.com\\\/avatar\\\/8fadbca458d4cb68b1dd399ae9a40618d747bb1af65ac9fad21c89220a143eb4?s=96&d=mm&r=g\",\"contentUrl\":\"https:\\\/\\\/secure.gravatar.com\\\/avatar\\\/8fadbca458d4cb68b1dd399ae9a40618d747bb1af65ac9fad21c89220a143eb4?s=96&d=mm&r=g\",\"caption\":\"maranhaotv\"},\"sameAs\":[\"https:\\\/\\\/maranhaotv.com.br\\\/\"],\"url\":\"https:\\\/\\\/maranhaotv.com.br\\\/index.php\\\/author\\\/maranhaotv\\\/\"}]}<\/script>\n<!-- \/ Yoast SEO plugin. -->","yoast_head_json":{"title":"\u201cBraide levou o PSDB, mas n\u00e3o levou os votos nem meu apoio pol\u00edtico\u201d, diz Wellington do Curso - NOT\u00cdCIAS EM TEMPO REAL","robots":{"index":"index","follow":"follow","max-snippet":"max-snippet:-1","max-image-preview":"max-image-preview:large","max-video-preview":"max-video-preview:-1"},"canonical":"https:\/\/maranhaotv.com.br\/index.php\/2020\/09\/11\/braide-levou-o-psdb-mas-nao-levou-os-votos-nem-meu-apoio-politico-diz-wellington-do-curso\/","og_locale":"pt_BR","og_type":"article","og_title":"\u201cBraide levou o PSDB, mas n\u00e3o levou os votos nem meu apoio pol\u00edtico\u201d, diz Wellington do Curso - NOT\u00cdCIAS EM TEMPO REAL","og_description":"Entre a covardia e a trai\u00e7\u00e3o praticadas pelo presidente do PSDB no Maranh\u00e3o, senador Roberto Rocha, o apoio das ruas","og_url":"https:\/\/maranhaotv.com.br\/index.php\/2020\/09\/11\/braide-levou-o-psdb-mas-nao-levou-os-votos-nem-meu-apoio-politico-diz-wellington-do-curso\/","og_site_name":"NOT\u00cdCIAS EM TEMPO REAL","article_publisher":"https:\/\/www.facebook.com\/maiobaotv","article_published_time":"2020-09-11T21:40:42+00:00","author":"maranhaotv","twitter_card":"summary_large_image","twitter_creator":"@sitemaranhaotv","twitter_site":"@sitemaranhaotv","twitter_misc":{"Escrito por":"maranhaotv","Est. tempo de leitura":"2 minutos"},"schema":{"@context":"https:\/\/schema.org","@graph":[{"@type":"Article","@id":"https:\/\/maranhaotv.com.br\/index.php\/2020\/09\/11\/braide-levou-o-psdb-mas-nao-levou-os-votos-nem-meu-apoio-politico-diz-wellington-do-curso\/#article","isPartOf":{"@id":"https:\/\/maranhaotv.com.br\/index.php\/2020\/09\/11\/braide-levou-o-psdb-mas-nao-levou-os-votos-nem-meu-apoio-politico-diz-wellington-do-curso\/"},"author":{"name":"maranhaotv","@id":"https:\/\/maranhaotv.com.br\/#\/schema\/person\/3d54238e86b20bb5c89ab2fdb8f8829a"},"headline":"\u201cBraide levou o PSDB, mas n\u00e3o levou os votos nem meu apoio pol\u00edtico\u201d, diz Wellington do Curso","datePublished":"2020-09-11T21:40:42+00:00","mainEntityOfPage":{"@id":"https:\/\/maranhaotv.com.br\/index.php\/2020\/09\/11\/braide-levou-o-psdb-mas-nao-levou-os-votos-nem-meu-apoio-politico-diz-wellington-do-curso\/"},"wordCount":396,"commentCount":0,"publisher":{"@id":"https:\/\/maranhaotv.com.br\/#organization"},"image":{"@id":"https:\/\/maranhaotv.com.br\/index.php\/2020\/09\/11\/braide-levou-o-psdb-mas-nao-levou-os-votos-nem-meu-apoio-politico-diz-wellington-do-curso\/#primaryimage"},"thumbnailUrl":"","keywords":["Eduardo Braide","Elei\u00e7\u00f5es 2020","Wellington do Curso"],"articleSection":["not\u00edcias","pol\u00edtica"],"inLanguage":"pt-BR","potentialAction":[{"@type":"CommentAction","name":"Comment","target":["https:\/\/maranhaotv.com.br\/index.php\/2020\/09\/11\/braide-levou-o-psdb-mas-nao-levou-os-votos-nem-meu-apoio-politico-diz-wellington-do-curso\/#respond"]}]},{"@type":"WebPage","@id":"https:\/\/maranhaotv.com.br\/index.php\/2020\/09\/11\/braide-levou-o-psdb-mas-nao-levou-os-votos-nem-meu-apoio-politico-diz-wellington-do-curso\/","url":"https:\/\/maranhaotv.com.br\/index.php\/2020\/09\/11\/braide-levou-o-psdb-mas-nao-levou-os-votos-nem-meu-apoio-politico-diz-wellington-do-curso\/","name":"\u201cBraide levou o PSDB, mas n\u00e3o levou os votos nem meu apoio pol\u00edtico\u201d, diz Wellington do Curso - NOT\u00cdCIAS EM TEMPO REAL","isPartOf":{"@id":"https:\/\/maranhaotv.com.br\/#website"},"primaryImageOfPage":{"@id":"https:\/\/maranhaotv.com.br\/index.php\/2020\/09\/11\/braide-levou-o-psdb-mas-nao-levou-os-votos-nem-meu-apoio-politico-diz-wellington-do-curso\/#primaryimage"},"image":{"@id":"https:\/\/maranhaotv.com.br\/index.php\/2020\/09\/11\/braide-levou-o-psdb-mas-nao-levou-os-votos-nem-meu-apoio-politico-diz-wellington-do-curso\/#primaryimage"},"thumbnailUrl":"","datePublished":"2020-09-11T21:40:42+00:00","breadcrumb":{"@id":"https:\/\/maranhaotv.com.br\/index.php\/2020\/09\/11\/braide-levou-o-psdb-mas-nao-levou-os-votos-nem-meu-apoio-politico-diz-wellington-do-curso\/#breadcrumb"},"inLanguage":"pt-BR","potentialAction":[{"@type":"ReadAction","target":["https:\/\/maranhaotv.com.br\/index.php\/2020\/09\/11\/braide-levou-o-psdb-mas-nao-levou-os-votos-nem-meu-apoio-politico-diz-wellington-do-curso\/"]}]},{"@type":"ImageObject","inLanguage":"pt-BR","@id":"https:\/\/maranhaotv.com.br\/index.php\/2020\/09\/11\/braide-levou-o-psdb-mas-nao-levou-os-votos-nem-meu-apoio-politico-diz-wellington-do-curso\/#primaryimage","url":"","contentUrl":""},{"@type":"BreadcrumbList","@id":"https:\/\/maranhaotv.com.br\/index.php\/2020\/09\/11\/braide-levou-o-psdb-mas-nao-levou-os-votos-nem-meu-apoio-politico-diz-wellington-do-curso\/#breadcrumb","itemListElement":[{"@type":"ListItem","position":1,"name":"In\u00edcio","item":"https:\/\/maranhaotv.com.br\/"},{"@type":"ListItem","position":2,"name":"\u201cBraide levou o PSDB, mas n\u00e3o levou os votos nem meu apoio pol\u00edtico\u201d, diz Wellington do Curso"}]},{"@type":"WebSite","@id":"https:\/\/maranhaotv.com.br\/#website","url":"https:\/\/maranhaotv.com.br\/","name":"Maranh\u00e3oTV","description":"","publisher":{"@id":"https:\/\/maranhaotv.com.br\/#organization"},"potentialAction":[{"@type":"SearchAction","target":{"@type":"EntryPoint","urlTemplate":"https:\/\/maranhaotv.com.br\/?s={search_term_string}"},"query-input":{"@type":"PropertyValueSpecification","valueRequired":true,"valueName":"search_term_string"}}],"inLanguage":"pt-BR"},{"@type":"Organization","@id":"https:\/\/maranhaotv.com.br\/#organization","name":"Portal de Not\u00edcias","url":"https:\/\/maranhaotv.com.br\/","logo":{"@type":"ImageObject","inLanguage":"pt-BR","@id":"https:\/\/maranhaotv.com.br\/#\/schema\/logo\/image\/","url":"https:\/\/maranhaotv.com.br\/wp-content\/uploads\/2024\/05\/cropped-cropped-avatar-1.png","contentUrl":"https:\/\/maranhaotv.com.br\/wp-content\/uploads\/2024\/05\/cropped-cropped-avatar-1.png","width":792,"height":428,"caption":"Portal de Not\u00edcias"},"image":{"@id":"https:\/\/maranhaotv.com.br\/#\/schema\/logo\/image\/"},"sameAs":["https:\/\/www.facebook.com\/maiobaotv","https:\/\/x.com\/sitemaranhaotv","https:\/\/www.instagram.com\/maranhao.tv","https:\/\/www.threads.net\/@maranhao.tv"]},{"@type":"Person","@id":"https:\/\/maranhaotv.com.br\/#\/schema\/person\/3d54238e86b20bb5c89ab2fdb8f8829a","name":"maranhaotv","image":{"@type":"ImageObject","inLanguage":"pt-BR","@id":"https:\/\/secure.gravatar.com\/avatar\/8fadbca458d4cb68b1dd399ae9a40618d747bb1af65ac9fad21c89220a143eb4?s=96&d=mm&r=g","url":"https:\/\/secure.gravatar.com\/avatar\/8fadbca458d4cb68b1dd399ae9a40618d747bb1af65ac9fad21c89220a143eb4?s=96&d=mm&r=g","contentUrl":"https:\/\/secure.gravatar.com\/avatar\/8fadbca458d4cb68b1dd399ae9a40618d747bb1af65ac9fad21c89220a143eb4?s=96&d=mm&r=g","caption":"maranhaotv"},"sameAs":["https:\/\/maranhaotv.com.br\/"],"url":"https:\/\/maranhaotv.com.br\/index.php\/author\/maranhaotv\/"}]}},"jetpack_featured_media_url":"","jetpack_sharing_enabled":true,"_links":{"self":[{"href":"https:\/\/maranhaotv.com.br\/index.php\/wp-json\/wp\/v2\/posts\/14686","targetHints":{"allow":["GET"]}}],"collection":[{"href":"https:\/\/maranhaotv.com.br\/index.php\/wp-json\/wp\/v2\/posts"}],"about":[{"href":"https:\/\/maranhaotv.com.br\/index.php\/wp-json\/wp\/v2\/types\/post"}],"author":[{"embeddable":true,"href":"https:\/\/maranhaotv.com.br\/index.php\/wp-json\/wp\/v2\/users\/2"}],"replies":[{"embeddable":true,"href":"https:\/\/maranhaotv.com.br\/index.php\/wp-json\/wp\/v2\/comments?post=14686"}],"version-history":[{"count":0,"href":"https:\/\/maranhaotv.com.br\/index.php\/wp-json\/wp\/v2\/posts\/14686\/revisions"}],"wp:featuredmedia":[{"embeddable":true,"href":"https:\/\/maranhaotv.com.br\/index.php\/wp-json\/"}],"wp:attachment":[{"href":"https:\/\/maranhaotv.com.br\/index.php\/wp-json\/wp\/v2\/media?parent=14686"}],"wp:term":[{"taxonomy":"category","embeddable":true,"href":"https:\/\/maranhaotv.com.br\/index.php\/wp-json\/wp\/v2\/categories?post=14686"},{"taxonomy":"post_tag","embeddable":true,"href":"https:\/\/maranhaotv.com.br\/index.php\/wp-json\/wp\/v2\/tags?post=14686"}],"curies":[{"name":"wp","href":"https:\/\/api.w.org\/{rel}","templated":true}]}}